{"id":132,"date":"2023-06-28T21:11:31","date_gmt":"2023-06-28T19:11:31","guid":{"rendered":"https:\/\/hoyre.no\/giske\/?p=132"},"modified":"2023-06-28T21:13:31","modified_gmt":"2023-06-28T19:13:31","slug":"riksvegen-som-deler-lokalsamfunnet","status":"publish","type":"post","link":"https:\/\/hoyre.no\/giske\/aktuelt\/riksvegen-som-deler-lokalsamfunnet\/","title":{"rendered":"Riksvegen som deler opp lokalsamfunnet"},"content":{"rendered":"\n<p class=\"preamble\">Ansvaret som Statens vegvesen har som eigar av rv. 658 mellom \u00c5lesund og Vigra er mellom anna \u00e5 sikre trafikktryggleiken til alle trafikkantar som ferdast langs denne vegen. Ikkje berre dei som ferdast mellom fastlandet og flyplassen, men \u00f3g dei lokalt reisande og dei mjuke trafikantane.<\/p>\t\t\t<div class=\"post-meta wp-block teft-byline-wrapper\">\n\t\t\t\t<div class=\"top\">\n\t\t\t\t\t<div class=\"signature\">\n\t\t\t\t\t\t<div class=\"teft-byline\">\n\t\t\t\t\t\t\t\t\t\t\t\t\t\t<div>\n\t\t\t\t\t\t\t\t<h3>H\u00f8yres redaksjon<\/h3>\t\t\t\t\t\t\t\t\n\t\t\t\t\t\t\t\t\t\t\t\t\t\t\t\t\t<span class=\"date\">Sist oppdatert: 28. juni 2023<\/span>\n\t\t\t\t\t\t\t\t\t\t\t\t\t\t\t\t\t\t\t\t\t\t\t\t\t<span class=\"reading-time\" itemprop=\"timeRequired\" content=\"PT3M\"><em>Ca. 3 minutter lesetid<\/em><\/span>\n\t\t\t\t\t\t\t\t\t\t\t\t\t\t\t<\/div>\n\t\t\t\t\t\t<\/div>\n\t\t\t\t\t<\/div>\n\t\t\t\t\t\t<div class=\"sharing\">\n\t\t<a class=\"share-button share-link copy-link\" data-copy=\"https:\/\/hoyre.no\/giske\/aktuelt\/riksvegen-som-deler-lokalsamfunnet\/\" target=\"_blank\"><span class=\"screen-reader-text\">Del link<\/span><\/a>\n\t\t<a class=\"share-button share-twitter\" href=\"http:\/\/twitter.com\/share?text=Riksvegen som deler opp lokalsamfunnet&#038;url=https:\/\/hoyre.no\/giske\/aktuelt\/riksvegen-som-deler-lokalsamfunnet\/&#038;hashtags=Hoyre\" target=\"_blank\"><span class=\"screen-reader-text\">Del p\u00e5 twitter<\/span><\/a>\n\t\t<a class=\"share-button share-facebook\" href=\"https:\/\/www.facebook.com\/sharer\/sharer.php?u=https:\/\/hoyre.no\/giske\/aktuelt\/riksvegen-som-deler-lokalsamfunnet\/\" target=\"_blank\"><span class=\"screen-reader-text\">Del p\u00e5 facebook<\/span><\/a>\n\t<\/div>\n\t\t\t\t\t<\/div>\n\t\t\t<\/div>\n\n\t\t\t<figure class=\"hoyre-image-wrapper\"><div class=\"hoyre-image\"><img loading=\"lazy\" decoding=\"async\" width=\"2500\" height=\"1875\" src=\"https:\/\/hoyre.no\/content\/uploads\/sites\/107\/2023\/06\/IMG-1390-scaled.jpg\" class=\"attachment-scaled size-scaled\" alt=\"\" style=\"object-position: 50% 50%\" srcset=\"https:\/\/hoyre.no\/content\/uploads\/sites\/107\/2023\/06\/IMG-1390-scaled.jpg 2500w, https:\/\/hoyre.no\/content\/uploads\/sites\/107\/2023\/06\/IMG-1390-300x225.jpg 300w, https:\/\/hoyre.no\/content\/uploads\/sites\/107\/2023\/06\/IMG-1390-1024x768.jpg 1024w, https:\/\/hoyre.no\/content\/uploads\/sites\/107\/2023\/06\/IMG-1390-768x576.jpg 768w, https:\/\/hoyre.no\/content\/uploads\/sites\/107\/2023\/06\/IMG-1390-1536x1152.jpg 1536w, https:\/\/hoyre.no\/content\/uploads\/sites\/107\/2023\/06\/IMG-1390-2048x1536.jpg 2048w\" sizes=\"auto, (max-width: 2500px) 100vw, 2500px\" \/><\/div><figcaption class=\"caption\">Kenneth Langvatn, p\u00e5 trygg side av autovernet som skiller biltrafikken fr\u00e5 gangvegen. P\u00e5 andre sida meiner vegvesenet alts\u00e5 at 80-sone er foreinleg med ferdsel av mjuke trafikkantar over Gj\u00f8sund-brua. (Foto: H. Langvatn)<\/figcaption><\/figure>\n\n\n\n\n<p>I m\u00f8te med Statens vegvesen (SVV) knytt til ulike p\u00e5g\u00e5ande saker vedkomande dette vegstrekket, synes det for meg \u00e5 vere uklart om etaten forst\u00e5r dette ansvaret. Riksveg-klassifiseringa av vegen ser ut til \u00e5 trumfe b\u00e5de lokale forhold, lokale behov og innsikt, og det ser jammen ut til ogs\u00e5 \u00e5 trumfe sunn fornuft.<\/p>\n\n\n\n<p>To hundre meter med manglande gangveg over Gj\u00f8sundbrua st\u00e5r att som ein skamplett for den elles s\u00e5 velbygde vegen b\u00e5de nord og s\u00f8r om sundet. Etter ein \u00e5relang kamp for \u00e5 f\u00e5 ferdigstilt denne gangvegen, har kommunen enno ikkje f\u00e5tt geh\u00f8r for sine krav, innspel og sp\u00f8rsm\u00e5l. Sj\u00f8lv n\u00e5r ein har spurt om lov til \u00e5 byggje den sj\u00f8lv, har SVV halde igjen. Handlingsvegringa har ramma etaten hard i denne saka.&nbsp;<\/p>\n\n\n\n<figure class=\"wp-block-image size-large\"><img loading=\"lazy\" decoding=\"async\" width=\"1024\" height=\"795\" src=\"https:\/\/hoyre.no\/content\/uploads\/sites\/107\/2023\/06\/Hit-menikkjelengre-1024x795.jpg\" alt=\"\" class=\"wp-image-135\" srcset=\"https:\/\/hoyre.no\/content\/uploads\/sites\/107\/2023\/06\/Hit-menikkjelengre-1024x795.jpg 1024w, https:\/\/hoyre.no\/content\/uploads\/sites\/107\/2023\/06\/Hit-menikkjelengre-300x233.jpg 300w, https:\/\/hoyre.no\/content\/uploads\/sites\/107\/2023\/06\/Hit-menikkjelengre-768x596.jpg 768w, https:\/\/hoyre.no\/content\/uploads\/sites\/107\/2023\/06\/Hit-menikkjelengre-1536x1193.jpg 1536w, https:\/\/hoyre.no\/content\/uploads\/sites\/107\/2023\/06\/Hit-menikkjelengre-2048x1590.jpg 2048w\" sizes=\"auto, (max-width: 1024px) 100vw, 1024px\" \/><figcaption>Hit men ikkje lenger. Gangvegen som vart bygd fr\u00e5 flyplassen til Gj\u00f8sund, langs rv. 658, enda her. 200 meter st\u00e5r att for \u00e5 knyte \u00f8yane Vigra og Valder\u00f8ya saman for mjuke trafikkantar. (Foto: H. Langvatn)<\/figcaption><\/figure>\n\n\n\n<p>I sterk kontrast til SVV sine haldningar til no, vart Giske kommune f\u00f8rre veke skjenka med eit skjeldant stort oppm\u00f8te fr\u00e5 SVV Region Midt fr\u00e5 Molde. Etter synfaring b\u00e5de p\u00e5 Ytterland, S\u00e6tra og Gj\u00f8sund, kjende vi p\u00e5 h\u00e5p om auka forst\u00e5ing for avklaringsbehov knytt til ny kryssl\u00f8ysingar p\u00e5 Ytterland og S\u00e6tra, og ferdigstilling av gangvegar. For det er med god grunn at folk i Giske kommune anten kryssar Gj\u00f8sundbrua med hjartet i halsen, eller rett og slett avst\u00e5r fr\u00e5 risikoen det ber med seg \u00e5 gi seg avg\u00e5rde. Vegen deler lokalsamfunnet, i staden for \u00e5 knyte det saman. Vegen, som er klassifisert med 80-sone, er s\u00e5 lite foreinleg med mjuke trafikkantar, at politiet har stoppa g\u00e5ande fr\u00e5 \u00e5 ta seg over brua til fots. Det er rett og slett for farleg.<\/p>\n\n\n\n<blockquote class=\"wp-block-quote has-text-align-right is-layout-flow wp-block-quote-is-layout-flow\" style=\"font-style:normal;font-weight:700\"><p> &#8211; Vegen er s\u00e5 lite foreinleg med mjuke trafikantar, <br>at den deler lokalsamfunnet i staden for \u00e5 knyte det saman. <\/p><\/blockquote>\n\n\n\n<p>Her er det berre \u00e5 f\u00e5 sluttf\u00f8rt gangvegbygginga snarast r\u00e5d. Og mellombels f\u00e5 flytta 60-soneskilta ved brua 300 meter s\u00f8rvest forbi avk\u00f8yrsla til Valder\u00f8yvegen, inntil mjuke trafikkantar er fr\u00e5skild biltrafikken p\u00e5 ein trygg m\u00e5te. Det siste kunne SVV gjort i dag, om ein berre ville. Men framkomlegheita til flypassasjerane ser ut til ikkje \u00e5 kunne forsakast med 4 sekund lengre reisetid, derfor vel SVV aktivt \u00e5 ikkje gjere noko. Her er det berre vilje hos seksjonssjef og avdelingsdirekt\u00f8r det st\u00e5r om, eller mangel p\u00e5 s\u00e5dan. &nbsp;<\/p>\n\n\n\n<p>Eg &#8211; og fleire samfunnsengasjerte folkevalde med meg &#8211; kan love at for kvar dag det ikkje skjer noko fr\u00e5 SVV i denne saka, s\u00e5 vil engasjementet og presset lokalt berre auke, jamt med prisane og jamt med faren for at neste alvorleg ulukke vil inntreffe.<\/p>\n\n\n\n<p>Kenneth Langvatn<br>Giske H\u00f8gre<\/p>\n\n\n<div class=\"tags\">\n\t<\/div>\n<div class=\"post-footer alignfull has-background block-editor-block-list__block\" data-align=full>\n\t<div class=\"post-footer-inner\">\n\t\t<h3>Relaterte artikler<\/h3>\n\t\t<div class=\"related-content\"><div class=\"is-card-hoyre\">\n\t<div class=\"teft-card hoyre-teft-card post-teft-card\">\n\t\t<a href=\"https:\/\/hoyre.no\/giske\/aktuelt\/program-for-perioden-2023-2027\/\" class=\"teft-card__primary-action\">\n\n\t\t\t\t\t<div class=\"teft-card__media teft-card__media--16-9\">\n\t\t\t\t\t\t<img loading=\"lazy\" decoding=\"async\" width=\"768\" height=\"489\" src=\"https:\/\/hoyre.no\/content\/uploads\/sites\/107\/2023\/08\/giske-768x489.jpg\" class=\"attachment-medium_large size-medium_large\" alt=\"\" srcset=\"https:\/\/hoyre.no\/content\/uploads\/sites\/107\/2023\/08\/giske-768x489.jpg 768w, https:\/\/hoyre.no\/content\/uploads\/sites\/107\/2023\/08\/giske-300x191.jpg 300w, https:\/\/hoyre.no\/content\/uploads\/sites\/107\/2023\/08\/giske-1024x653.jpg 1024w, https:\/\/hoyre.no\/content\/uploads\/sites\/107\/2023\/08\/giske.jpg 1315w\" sizes=\"auto, (max-width: 768px) 100vw, 768px\" \/>\t\t<\/div>\n\t\t\n\t\t\t<div class=\"teft-card__content-wrapper\">\n\t\t\t\t<div class=\"teft-card__secondary\">\n\t\t\t\t\t\n\t\t\t\t\t\t\t\t<div class=\"teft-card__meta\">\n\t\t\t\t\t\t\t\t\t<span class=\"post-date\">3. aug 2023<\/span>\n\n\t\t\t\t\t\t\t\t\t<span class=\"post-category\">Nyheiter<\/span>\t\t\t\t\t\t\t\t<\/div>\n\t\t\t\t\t\t\t\t\t\t\t<\/div>\n\n\t\t\t\t<div class=\"teft-card__primary\">\n\t\t\t\t\t<h2 class=\"teft-card__title\">Program for perioden 2023-2027&nbsp;<span class=\"teft-card__primary-title-append\"><\/span><\/h2>\t\t\t\t<\/div>\n\t\t\t<\/div>\n\t\t<\/a>\n\t<\/div>\n\n\t<\/div><div class=\"is-card-hoyre\">\n\t<div class=\"teft-card hoyre-teft-card post-teft-card\">\n\t\t<a href=\"https:\/\/hoyre.no\/giske\/aktuelt\/arsrapport-for-giske-kommune-2022\/\" class=\"teft-card__primary-action\">\n\n\t\t\t\t\t<div class=\"teft-card__media teft-card__media--16-9\">\n\t\t\t\t\t\t<img loading=\"lazy\" decoding=\"async\" width=\"768\" height=\"521\" src=\"https:\/\/hoyre.no\/content\/uploads\/sites\/107\/2023\/06\/Skjermbilde-2023-06-15-095258-768x521.jpg\" class=\"attachment-medium_large size-medium_large\" alt=\"\" srcset=\"https:\/\/hoyre.no\/content\/uploads\/sites\/107\/2023\/06\/Skjermbilde-2023-06-15-095258-768x521.jpg 768w, https:\/\/hoyre.no\/content\/uploads\/sites\/107\/2023\/06\/Skjermbilde-2023-06-15-095258-300x203.jpg 300w, https:\/\/hoyre.no\/content\/uploads\/sites\/107\/2023\/06\/Skjermbilde-2023-06-15-095258-1024x694.jpg 1024w, https:\/\/hoyre.no\/content\/uploads\/sites\/107\/2023\/06\/Skjermbilde-2023-06-15-095258-1536x1042.jpg 1536w, https:\/\/hoyre.no\/content\/uploads\/sites\/107\/2023\/06\/Skjermbilde-2023-06-15-095258.jpg 1566w\" sizes=\"auto, (max-width: 768px) 100vw, 768px\" \/>\t\t<\/div>\n\t\t\n\t\t\t<div class=\"teft-card__content-wrapper\">\n\t\t\t\t<div class=\"teft-card__secondary\">\n\t\t\t\t\t\n\t\t\t\t\t\t\t\t<div class=\"teft-card__meta\">\n\t\t\t\t\t\t\t\t\t<span class=\"post-date\">15. jun 2023<\/span>\n\n\t\t\t\t\t\t\t\t\t<span class=\"post-category\">Nyheiter<\/span>\t\t\t\t\t\t\t\t<\/div>\n\t\t\t\t\t\t\t\t\t\t\t<\/div>\n\n\t\t\t\t<div class=\"teft-card__primary\">\n\t\t\t\t\t<h2 class=\"teft-card__title\">\u00c5rsrapport for Giske kommune 2022&nbsp;<span class=\"teft-card__primary-title-append\"><\/span><\/h2>\t\t\t\t<\/div>\n\t\t\t<\/div>\n\t\t<\/a>\n\t<\/div>\n\n\t<\/div><div class=\"is-card-hoyre\">\n\t<div class=\"teft-card hoyre-teft-card post-teft-card\">\n\t\t<a href=\"https:\/\/hoyre.no\/giske\/aktuelt\/vi-heier-pa-landbruket\/\" class=\"teft-card__primary-action\">\n\n\t\t\t\t\t<div class=\"teft-card__media teft-card__media--16-9\">\n\t\t\t\t\t\t<img loading=\"lazy\" decoding=\"async\" width=\"768\" height=\"432\" src=\"https:\/\/hoyre.no\/content\/uploads\/sites\/107\/2023\/05\/Ku-768x432.jpeg\" class=\"attachment-medium_large size-medium_large\" alt=\"\" srcset=\"https:\/\/hoyre.no\/content\/uploads\/sites\/107\/2023\/05\/Ku-768x432.jpeg 768w, https:\/\/hoyre.no\/content\/uploads\/sites\/107\/2023\/05\/Ku-300x169.jpeg 300w, https:\/\/hoyre.no\/content\/uploads\/sites\/107\/2023\/05\/Ku-1024x576.jpeg 1024w, https:\/\/hoyre.no\/content\/uploads\/sites\/107\/2023\/05\/Ku-1536x864.jpeg 1536w, https:\/\/hoyre.no\/content\/uploads\/sites\/107\/2023\/05\/Ku-2048x1152.jpeg 2048w\" sizes=\"auto, (max-width: 768px) 100vw, 768px\" \/>\t\t<\/div>\n\t\t\n\t\t\t<div class=\"teft-card__content-wrapper\">\n\t\t\t\t<div class=\"teft-card__secondary\">\n\t\t\t\t\t\n\t\t\t\t\t\t\t\t<div class=\"teft-card__meta\">\n\t\t\t\t\t\t\t\t\t<span class=\"post-date\">6. mai 2023<\/span>\n\n\t\t\t\t\t\t\t\t\t\t\t\t\t\t\t\t\t<\/div>\n\t\t\t\t\t\t\t\t\t\t\t<\/div>\n\n\t\t\t\t<div class=\"teft-card__primary\">\n\t\t\t\t\t<h2 class=\"teft-card__title\">Vi heier p\u00e5 landbruket&nbsp;<span class=\"teft-card__primary-title-append\"><\/span><\/h2>\t\t\t\t<\/div>\n\t\t\t<\/div>\n\t\t<\/a>\n\t<\/div>\n\n\t<\/div><\/div>\t<\/div>\n<\/div>\n","protected":false},"excerpt":{"rendered":"","protected":false},"author":4510,"featured_media":0,"comment_status":"closed","ping_status":"closed","sticky":false,"template":"","format":"standard","meta":{"teft_cards_image_url":"","teft_cards_custom_pretitle":"","teft_cards_image_id":133,"teft_cards_image_focal_point_x":0.52,"teft_cards_image_focal_point_y":0.46,"teft_cards_title":"Riksvegen som deler opp lokalsamfunnet","teft_cards_excerpt":"","teft_show_chapters":false,"author_display_name":"Kenneth Langvatn - Giske H\u00f8gre","footnotes":""},"category":[1],"post_tag":[],"hoyre-visibility":[],"article-type":[],"politician":[],"class_list":["post-132","post","type-post","status-publish","format-standard","hentry","category-nyheiter"],"yoast_head":"<!-- This site is optimized with the Yoast SEO plugin v26.6 - https:\/\/yoast.com\/wordpress\/plugins\/seo\/ -->\n<title>Riksvegen som deler opp lokalsamfunnet - Giske H\u00f8gre<\/title>\n<meta name=\"robots\" content=\"index, follow, max-snippet:-1, max-image-preview:large, max-video-preview:-1\" \/>\n<link rel=\"canonical\" href=\"https:\/\/hoyre.no\/giske\/aktuelt\/riksvegen-som-deler-lokalsamfunnet\/\" \/>\n<meta property=\"og:locale\" content=\"nn_NO\" \/>\n<meta property=\"og:type\" content=\"article\" \/>\n<meta property=\"og:title\" content=\"Riksvegen som deler opp lokalsamfunnet - Giske H\u00f8gre\" \/>\n<meta property=\"og:url\" content=\"https:\/\/hoyre.no\/giske\/aktuelt\/riksvegen-som-deler-lokalsamfunnet\/\" \/>\n<meta property=\"og:site_name\" content=\"Giske H\u00f8gre\" \/>\n<meta property=\"article:published_time\" content=\"2023-06-28T19:11:31+00:00\" \/>\n<meta property=\"article:modified_time\" content=\"2023-06-28T19:13:31+00:00\" \/>\n<meta property=\"og:image\" content=\"https:\/\/hoyre.no\/content\/uploads\/sites\/107\/2023\/05\/Ku-1024x576.jpeg\" \/>\n<meta name=\"author\" content=\"Kenneth Langvatn\" \/>\n<meta name=\"twitter:card\" content=\"summary_large_image\" \/>\n<meta name=\"twitter:label1\" content=\"Written by\" \/>\n\t<meta name=\"twitter:data1\" content=\"Kenneth Langvatn\" \/>\n\t<meta name=\"twitter:label2\" content=\"Est. reading time\" \/>\n\t<meta name=\"twitter:data2\" content=\"4 minutt\" \/>\n<script type=\"application\/ld+json\" class=\"yoast-schema-graph\">{\"@context\":\"https:\/\/schema.org\",\"@graph\":[{\"@type\":\"Article\",\"@id\":\"https:\/\/hoyre.no\/giske\/aktuelt\/riksvegen-som-deler-lokalsamfunnet\/#article\",\"isPartOf\":{\"@id\":\"https:\/\/hoyre.no\/giske\/aktuelt\/riksvegen-som-deler-lokalsamfunnet\/\"},\"author\":{\"name\":\"Kenneth Langvatn\",\"@id\":\"https:\/\/hoyre.no\/giske\/#\/schema\/person\/a7df7bb55d948b2d4fa20d4b6e431334\"},\"headline\":\"Riksvegen som deler opp lokalsamfunnet\",\"datePublished\":\"2023-06-28T19:11:31+00:00\",\"dateModified\":\"2023-06-28T19:13:31+00:00\",\"mainEntityOfPage\":{\"@id\":\"https:\/\/hoyre.no\/giske\/aktuelt\/riksvegen-som-deler-lokalsamfunnet\/\"},\"wordCount\":568,\"publisher\":{\"@id\":\"https:\/\/hoyre.no\/giske\/#organization\"},\"image\":{\"@id\":\"https:\/\/hoyre.no\/giske\/aktuelt\/riksvegen-som-deler-lokalsamfunnet\/#primaryimage\"},\"thumbnailUrl\":\"https:\/\/hoyre.no\/content\/uploads\/sites\/107\/2023\/06\/Hit-menikkjelengre-1024x795.jpg\",\"articleSection\":[\"Nyheiter\"],\"inLanguage\":\"nn-NO\"},{\"@type\":\"NewsArticle\",\"@id\":\"https:\/\/hoyre.no\/giske\/aktuelt\/riksvegen-som-deler-lokalsamfunnet\/\",\"url\":\"https:\/\/hoyre.no\/giske\/aktuelt\/riksvegen-som-deler-lokalsamfunnet\/\",\"name\":\"Riksvegen som deler opp lokalsamfunnet - Giske H\u00f8gre\",\"isPartOf\":{\"@id\":\"https:\/\/hoyre.no\/giske\/#website\"},\"image\":{\"@id\":\"https:\/\/hoyre.no\/giske\/aktuelt\/riksvegen-som-deler-lokalsamfunnet\/#primaryimage\"},\"thumbnailUrl\":\"https:\/\/hoyre.no\/content\/uploads\/sites\/107\/2023\/06\/Hit-menikkjelengre-1024x795.jpg\",\"datePublished\":\"2023-06-28T19:11:31+00:00\",\"dateModified\":\"2023-06-28T19:13:31+00:00\",\"breadcrumb\":{\"@id\":\"https:\/\/hoyre.no\/giske\/aktuelt\/riksvegen-som-deler-lokalsamfunnet\/#breadcrumb\"},\"inLanguage\":\"nn-NO\",\"potentialAction\":[{\"@type\":\"ReadAction\",\"target\":[\"https:\/\/hoyre.no\/giske\/aktuelt\/riksvegen-som-deler-lokalsamfunnet\/\"]}]},{\"@type\":\"ImageObject\",\"inLanguage\":\"nn-NO\",\"@id\":\"https:\/\/hoyre.no\/giske\/aktuelt\/riksvegen-som-deler-lokalsamfunnet\/#primaryimage\",\"url\":\"https:\/\/hoyre.no\/content\/uploads\/sites\/107\/2023\/06\/Hit-menikkjelengre-1024x795.jpg\",\"contentUrl\":\"https:\/\/hoyre.no\/content\/uploads\/sites\/107\/2023\/06\/Hit-menikkjelengre-1024x795.jpg\"},{\"@type\":\"BreadcrumbList\",\"@id\":\"https:\/\/hoyre.no\/giske\/aktuelt\/riksvegen-som-deler-lokalsamfunnet\/#breadcrumb\",\"itemListElement\":[{\"@type\":\"ListItem\",\"position\":1,\"name\":\"Til hoyre.no\",\"item\":\"https:\/\/hoyre.no\"},{\"@type\":\"ListItem\",\"position\":2,\"name\":\"Hjem\",\"item\":\"https:\/\/hoyre.no\/giske\/\"},{\"@type\":\"ListItem\",\"position\":3,\"name\":\"Riksvegen som deler opp lokalsamfunnet\"}]},{\"@type\":\"WebSite\",\"@id\":\"https:\/\/hoyre.no\/giske\/#website\",\"url\":\"https:\/\/hoyre.no\/giske\/\",\"name\":\"Giske H\u00f8gre\",\"description\":\"Bare enda et H\u00f8yres nettsteder-nettsted\",\"publisher\":{\"@id\":\"https:\/\/hoyre.no\/giske\/#organization\"},\"inLanguage\":\"nn-NO\"},{\"@type\":\"Organization\",\"@id\":\"https:\/\/hoyre.no\/giske\/#organization\",\"name\":\"Giske H\u00f8gre\",\"url\":\"https:\/\/hoyre.no\/giske\/\",\"logo\":{\"@type\":\"ImageObject\",\"inLanguage\":\"nn-NO\",\"@id\":\"https:\/\/hoyre.no\/giske\/#\/schema\/logo\/image\/\",\"url\":\"https:\/\/hoyre.no\/content\/uploads\/sites\/107\/2022\/11\/Hoyres-logo.png\",\"contentUrl\":\"https:\/\/hoyre.no\/content\/uploads\/sites\/107\/2022\/11\/Hoyres-logo.png\",\"width\":1000,\"height\":1000,\"caption\":\"Giske H\u00f8gre\"},\"image\":{\"@id\":\"https:\/\/hoyre.no\/giske\/#\/schema\/logo\/image\/\"}},{\"@type\":\"Person\",\"@id\":\"https:\/\/hoyre.no\/giske\/#\/schema\/person\/a7df7bb55d948b2d4fa20d4b6e431334\",\"name\":\"Kenneth Langvatn\",\"image\":{\"@type\":\"ImageObject\",\"inLanguage\":\"nn-NO\",\"@id\":\"https:\/\/hoyre.no\/giske\/#\/schema\/person\/image\/\",\"url\":\"https:\/\/secure.gravatar.com\/avatar\/e4c391a5eacf0655452894795ded48055f9a89141d89c370d44f6f4ee2bfc6fc?s=96&d=mm&r=g\",\"contentUrl\":\"https:\/\/secure.gravatar.com\/avatar\/e4c391a5eacf0655452894795ded48055f9a89141d89c370d44f6f4ee2bfc6fc?s=96&d=mm&r=g\",\"caption\":\"Kenneth Langvatn\"},\"url\":\"https:\/\/hoyre.no\/giske\/aktuelt\/author\/m51867398\/\"}]}<\/script>\n<!-- \/ Yoast SEO plugin. -->","yoast_head_json":{"title":"Riksvegen som deler opp lokalsamfunnet - Giske H\u00f8gre","robots":{"index":"index","follow":"follow","max-snippet":"max-snippet:-1","max-image-preview":"max-image-preview:large","max-video-preview":"max-video-preview:-1"},"canonical":"https:\/\/hoyre.no\/giske\/aktuelt\/riksvegen-som-deler-lokalsamfunnet\/","og_locale":"nn_NO","og_type":"article","og_title":"Riksvegen som deler opp lokalsamfunnet - Giske H\u00f8gre","og_url":"https:\/\/hoyre.no\/giske\/aktuelt\/riksvegen-som-deler-lokalsamfunnet\/","og_site_name":"Giske H\u00f8gre","article_published_time":"2023-06-28T19:11:31+00:00","article_modified_time":"2023-06-28T19:13:31+00:00","og_image":[{"url":"https:\/\/hoyre.no\/content\/uploads\/sites\/107\/2023\/05\/Ku-1024x576.jpeg","width":"","height":"","type":""}],"author":"Kenneth Langvatn","twitter_card":"summary_large_image","twitter_misc":{"Written by":"Kenneth Langvatn","Est. reading time":"4 minutt"},"schema":{"@context":"https:\/\/schema.org","@graph":[{"@type":"Article","@id":"https:\/\/hoyre.no\/giske\/aktuelt\/riksvegen-som-deler-lokalsamfunnet\/#article","isPartOf":{"@id":"https:\/\/hoyre.no\/giske\/aktuelt\/riksvegen-som-deler-lokalsamfunnet\/"},"author":{"name":"Kenneth Langvatn","@id":"https:\/\/hoyre.no\/giske\/#\/schema\/person\/a7df7bb55d948b2d4fa20d4b6e431334"},"headline":"Riksvegen som deler opp lokalsamfunnet","datePublished":"2023-06-28T19:11:31+00:00","dateModified":"2023-06-28T19:13:31+00:00","mainEntityOfPage":{"@id":"https:\/\/hoyre.no\/giske\/aktuelt\/riksvegen-som-deler-lokalsamfunnet\/"},"wordCount":568,"publisher":{"@id":"https:\/\/hoyre.no\/giske\/#organization"},"image":{"@id":"https:\/\/hoyre.no\/giske\/aktuelt\/riksvegen-som-deler-lokalsamfunnet\/#primaryimage"},"thumbnailUrl":"https:\/\/hoyre.no\/content\/uploads\/sites\/107\/2023\/06\/Hit-menikkjelengre-1024x795.jpg","articleSection":["Nyheiter"],"inLanguage":"nn-NO"},{"@type":"NewsArticle","@id":"https:\/\/hoyre.no\/giske\/aktuelt\/riksvegen-som-deler-lokalsamfunnet\/","url":"https:\/\/hoyre.no\/giske\/aktuelt\/riksvegen-som-deler-lokalsamfunnet\/","name":"Riksvegen som deler opp lokalsamfunnet - Giske H\u00f8gre","isPartOf":{"@id":"https:\/\/hoyre.no\/giske\/#website"},"image":{"@id":"https:\/\/hoyre.no\/giske\/aktuelt\/riksvegen-som-deler-lokalsamfunnet\/#primaryimage"},"thumbnailUrl":"https:\/\/hoyre.no\/content\/uploads\/sites\/107\/2023\/06\/Hit-menikkjelengre-1024x795.jpg","datePublished":"2023-06-28T19:11:31+00:00","dateModified":"2023-06-28T19:13:31+00:00","breadcrumb":{"@id":"https:\/\/hoyre.no\/giske\/aktuelt\/riksvegen-som-deler-lokalsamfunnet\/#breadcrumb"},"inLanguage":"nn-NO","potentialAction":[{"@type":"ReadAction","target":["https:\/\/hoyre.no\/giske\/aktuelt\/riksvegen-som-deler-lokalsamfunnet\/"]}]},{"@type":"ImageObject","inLanguage":"nn-NO","@id":"https:\/\/hoyre.no\/giske\/aktuelt\/riksvegen-som-deler-lokalsamfunnet\/#primaryimage","url":"https:\/\/hoyre.no\/content\/uploads\/sites\/107\/2023\/06\/Hit-menikkjelengre-1024x795.jpg","contentUrl":"https:\/\/hoyre.no\/content\/uploads\/sites\/107\/2023\/06\/Hit-menikkjelengre-1024x795.jpg"},{"@type":"BreadcrumbList","@id":"https:\/\/hoyre.no\/giske\/aktuelt\/riksvegen-som-deler-lokalsamfunnet\/#breadcrumb","itemListElement":[{"@type":"ListItem","position":1,"name":"Til hoyre.no","item":"https:\/\/hoyre.no"},{"@type":"ListItem","position":2,"name":"Hjem","item":"https:\/\/hoyre.no\/giske\/"},{"@type":"ListItem","position":3,"name":"Riksvegen som deler opp lokalsamfunnet"}]},{"@type":"WebSite","@id":"https:\/\/hoyre.no\/giske\/#website","url":"https:\/\/hoyre.no\/giske\/","name":"Giske H\u00f8gre","description":"Bare enda et H\u00f8yres nettsteder-nettsted","publisher":{"@id":"https:\/\/hoyre.no\/giske\/#organization"},"inLanguage":"nn-NO"},{"@type":"Organization","@id":"https:\/\/hoyre.no\/giske\/#organization","name":"Giske H\u00f8gre","url":"https:\/\/hoyre.no\/giske\/","logo":{"@type":"ImageObject","inLanguage":"nn-NO","@id":"https:\/\/hoyre.no\/giske\/#\/schema\/logo\/image\/","url":"https:\/\/hoyre.no\/content\/uploads\/sites\/107\/2022\/11\/Hoyres-logo.png","contentUrl":"https:\/\/hoyre.no\/content\/uploads\/sites\/107\/2022\/11\/Hoyres-logo.png","width":1000,"height":1000,"caption":"Giske H\u00f8gre"},"image":{"@id":"https:\/\/hoyre.no\/giske\/#\/schema\/logo\/image\/"}},{"@type":"Person","@id":"https:\/\/hoyre.no\/giske\/#\/schema\/person\/a7df7bb55d948b2d4fa20d4b6e431334","name":"Kenneth Langvatn","image":{"@type":"ImageObject","inLanguage":"nn-NO","@id":"https:\/\/hoyre.no\/giske\/#\/schema\/person\/image\/","url":"https:\/\/secure.gravatar.com\/avatar\/e4c391a5eacf0655452894795ded48055f9a89141d89c370d44f6f4ee2bfc6fc?s=96&d=mm&r=g","contentUrl":"https:\/\/secure.gravatar.com\/avatar\/e4c391a5eacf0655452894795ded48055f9a89141d89c370d44f6f4ee2bfc6fc?s=96&d=mm&r=g","caption":"Kenneth Langvatn"},"url":"https:\/\/hoyre.no\/giske\/aktuelt\/author\/m51867398\/"}]}},"distributor_meta":false,"distributor_terms":false,"distributor_media":false,"distributor_original_site_name":"Giske H\u00f8gre","distributor_original_site_url":"https:\/\/hoyre.no\/giske","push-errors":false,"_links":{"self":[{"href":"https:\/\/hoyre.no\/giske\/wp-json\/wp\/v2\/posts\/132","targetHints":{"allow":["GET"]}}],"collection":[{"href":"https:\/\/hoyre.no\/giske\/wp-json\/wp\/v2\/posts"}],"about":[{"href":"https:\/\/hoyre.no\/giske\/wp-json\/wp\/v2\/types\/post"}],"author":[{"embeddable":true,"href":"https:\/\/hoyre.no\/giske\/wp-json\/wp\/v2\/users\/4510"}],"replies":[{"embeddable":true,"href":"https:\/\/hoyre.no\/giske\/wp-json\/wp\/v2\/comments?post=132"}],"version-history":[{"count":3,"href":"https:\/\/hoyre.no\/giske\/wp-json\/wp\/v2\/posts\/132\/revisions"}],"predecessor-version":[{"id":138,"href":"https:\/\/hoyre.no\/giske\/wp-json\/wp\/v2\/posts\/132\/revisions\/138"}],"wp:attachment":[{"href":"https:\/\/hoyre.no\/giske\/wp-json\/wp\/v2\/media?parent=132"}],"wp:term":[{"taxonomy":"category","embeddable":true,"href":"https:\/\/hoyre.no\/giske\/wp-json\/wp\/v2\/category?post=132"},{"taxonomy":"post_tag","embeddable":true,"href":"https:\/\/hoyre.no\/giske\/wp-json\/wp\/v2\/post_tag?post=132"},{"taxonomy":"hoyre-visibility","embeddable":true,"href":"https:\/\/hoyre.no\/giske\/wp-json\/wp\/v2\/hoyre-visibility?post=132"},{"taxonomy":"article-type","embeddable":true,"href":"https:\/\/hoyre.no\/giske\/wp-json\/wp\/v2\/article-type?post=132"},{"taxonomy":"politician","embeddable":true,"href":"https:\/\/hoyre.no\/giske\/wp-json\/wp\/v2\/politician?post=132"}],"curies":[{"name":"wp","href":"https:\/\/api.w.org\/{rel}","templated":true}]}}