{"id":23,"date":"2017-03-15T23:00:00","date_gmt":"2017-03-15T22:00:00","guid":{"rendered":"https:\/\/hoyre.no\/giske\/aktuelt\/ei-tid-var-og-ei-ann\/"},"modified":"2017-03-15T23:00:00","modified_gmt":"2017-03-15T22:00:00","slug":"ei-tid-var-og-ei-ann","status":"publish","type":"post","link":"https:\/\/hoyre.no\/giske\/aktuelt\/ei-tid-var-og-ei-ann\/","title":{"rendered":"Ei tid var og ei anna vart"},"content":{"rendered":"<p class=\"preamble\">Tankar kring bustadutvikling og medvirkning.<\/p>\t\t\t<div class=\"post-meta wp-block teft-byline-wrapper\">\n\t\t\t\t<div class=\"top\">\n\t\t\t\t\t<div class=\"signature\">\n\t\t\t\t\t\t<div class=\"teft-byline\">\n\t\t\t\t\t\t\t\t\t\t\t\t\t\t<div>\n\t\t\t\t\t\t\t\t<h3>H\u00f8yres redaksjon<\/h3>\t\t\t\t\t\t\t\t\n\t\t\t\t\t\t\t\t\t\t\t\t\t\t\t\t\t<span class=\"date\">Sist oppdatert: 15. mars 2017<\/span>\n\t\t\t\t\t\t\t\t\t\t\t\t\t\t\t\t\t\t\t\t\t\t\t\t\t<span class=\"reading-time\" itemprop=\"timeRequired\" content=\"PT6M\"><em>Ca. 6 minutter lesetid<\/em><\/span>\n\t\t\t\t\t\t\t\t\t\t\t\t\t\t\t<\/div>\n\t\t\t\t\t\t<\/div>\n\t\t\t\t\t<\/div>\n\t\t\t\t\t\t<div class=\"sharing\">\n\t\t<a class=\"share-button share-link copy-link\" data-copy=\"https:\/\/hoyre.no\/giske\/aktuelt\/ei-tid-var-og-ei-ann\/\" target=\"_blank\"><span class=\"screen-reader-text\">Del link<\/span><\/a>\n\t\t<a class=\"share-button share-twitter\" href=\"http:\/\/twitter.com\/share?text=Ei tid var og ei anna vart&#038;url=https:\/\/hoyre.no\/giske\/aktuelt\/ei-tid-var-og-ei-ann\/&#038;hashtags=Hoyre\" target=\"_blank\"><span class=\"screen-reader-text\">Del p\u00e5 twitter<\/span><\/a>\n\t\t<a class=\"share-button share-facebook\" href=\"https:\/\/www.facebook.com\/sharer\/sharer.php?u=https:\/\/hoyre.no\/giske\/aktuelt\/ei-tid-var-og-ei-ann\/\" target=\"_blank\"><span class=\"screen-reader-text\">Del p\u00e5 facebook<\/span><\/a>\n\t<\/div>\n\t\t\t\t\t<\/div>\n\t\t\t<\/div>\n\n\t\t\t<figure class=\"hoyre-image-wrapper\"><div class=\"hoyre-image\"><img loading=\"lazy\" decoding=\"async\" width=\"1090\" height=\"562\" src=\"https:\/\/hoyre.no\/content\/uploads\/sites\/107\/2020\/11\/boligutvikling-4.png\" class=\"attachment-scaled size-scaled\" alt=\"\" style=\"object-position: 50% 50%\" srcset=\"https:\/\/hoyre.no\/content\/uploads\/sites\/107\/2020\/11\/boligutvikling-4.png 1090w, https:\/\/hoyre.no\/content\/uploads\/sites\/107\/2020\/11\/boligutvikling-4-300x155.png 300w, https:\/\/hoyre.no\/content\/uploads\/sites\/107\/2020\/11\/boligutvikling-4-1024x528.png 1024w, https:\/\/hoyre.no\/content\/uploads\/sites\/107\/2020\/11\/boligutvikling-4-768x396.png 768w\" sizes=\"auto, (max-width: 1090px) 100vw, 1090px\" \/><\/div><\/figure><div id=\"hoyre-old-article-content-wrapper\"><p><b>Grunnprinsipp og historikk<\/b><\/p><p>Skal ein f\u00f8re opp ein ny bustad, er utforming og st\u00f8rrelse avgrensa av krava i gjeldande reguleringsplan for omr\u00e5det. For \u00e5 vike fr\u00e5 krava i reguleringsplanen kan ein s\u00f8kje dispensasjon for mindre justeringar, eller sette i gong omregulering av omr\u00e5det. Sistnemde er oftast vanleg for st\u00f8rre omr\u00e5der som omfattar fleire nye bustader. Ei slik omregulering m\u00e5 vere i samsvar med den overordna kommuneplanen. B\u00e5de reguleringsplanar og kommuneplanen er vedtekne politisk. Slik sett er bustadutviklinga politisk betinga. <\/p><p><br \/><\/p><p>Dei fleste av gjeldande reguleringsplanar i byggjefelta i kommunen stammar fr\u00e5 70-\/80-talet, ei tid med stor offentleg regulering og statsbankfinansierte bustader. Av ulike \u00e5rsaker var mest alle nye hus p\u00e5 den tida einebustader, og dei fleste p\u00e5 mellom 140 m2 og 280 m2. Ein ny einebustad i denne storleiken er i dag av prismessige \u00e5rsaker forbeholdt ein liten del av befolkninga. \u00c5 f\u00f8re opp hus i same stil og storleik slik som dei 40 \u00e5r gamle husa rundt om, vil ha ein prislapp dei aller f\u00e6rraste har r\u00e5d til. Av mellom anna denne grunnen kan det vere naudsynt \u00e5 opne opp for andre bustadtyper som er tilpassa dagens bustadmarknad. Allereie p\u00e5 90-talet vaks det fram eit behov for st\u00f8rre utnytting av tometeareal, og tomannsbustadane vart sv\u00e6rt popul\u00e6re. I staden for \u00e5 krevje omregulering for kvar einaste tomannsbustad innanfor reguleringsplanar for einebustader, vart det normal praksis \u00e5 gi dispensasjon for dette, sj\u00f8lv om ein tomannsbustad skil seg relativt mykje fr\u00e5 ein tradisjonell einebustad. Dei fleste vil i dag anerkjenne tomannsbustaden som eit naturleg innslag i kva som helst byggefelt i Giske.<\/p><p><\/p><p><b>Estetikk og mangfald<\/b><\/p><p>Eit anna moment enn berre dei \u00f8konomiske forholda i bustadutviklinga, er estetikk. Ein typisk einebustad fr\u00e5 70-talet har hovudetasje med kjellar og valm-\/saltak, mens p\u00e5 50-talet vart husa reist med ei ekstra etasje og noko mindre grunnflate. Ein finn fleire nybygg som fortsatt stettar desse normene, og som tek seg godt ut i eksisterande byggefelt. Men ei tid var og ei tid blei. Det er ikkje unaturleg at eit moderne hus i dag ser annleis ut enn for 40 og 60 \u00e5r sidan. Mange i dag vil ha to etasjar og flate tak. Er det d\u00e5 slik at ein skal krevje om- regulering for oppf\u00f8ring av hus tilpassa dagens huskatalogar, eller kanskje skal ein be husbyggjar om \u00e5 halde seg til god gamal 70-talsstil?<\/p><p><br \/><\/p><p>Eit velfungerande og harmonisk samfunn b\u00f8r best\u00e5 av folk og hus i ulike aldrar og stilar. Og desse to fylst \u00e5t. Ulike bustadtyper gir rom for folk fr\u00e5 ulike stader i livsl\u00f8pet. Eit kvitt hus er fint, men om alle husa var akkurat like nye og kvite, ville det vorte kjedeleg rundt oss. Eg bur i eit kvitt hus sj\u00f8lv, i gamal stil, og er glad for at eitt og anna nabohus er heilt annleis b\u00e5de i farge, stil og alder. Forskjellane og s\u00e6rtrekka gir bustadfelta karakter.<\/p><p><\/p><p><b>Refleksjonar om komande planperiode<\/b><\/p><p>Ei sv\u00e6rt kort oppsummering av mine refleksjonar er at vi m\u00e5 \u00f8nskje velkommen nye bustadtyper i etablerte byggefelt, at dei skal vere stroktilpassa men med opning for \u201dtidsriktig\u201d utforming og st\u00f8rrelse. At ein skal unng\u00e5 for mange sm\u00e5 bueningar i dominerande lange rekkjehus. At ein b\u00f8r legge opp til lavblokker p\u00e5 dei tre st\u00f8rste \u00f8yane, der desse utgjer ein etterspurt bustadtype. Og at utbyggingstakta m\u00e5 regulerast etter forventa og \u00f8nska folkevekst. Det sistnemde er s\u00e6rs viktig i ei vekstkommune som Giske. Av samfunns\u00f8konomiske hensyn m\u00e5 ein ha eit bevisst forhold til kva folkevekst ein legg opp til ved \u00e5 sleppe til nye store bustadprosjekt. Ytterland Park er det mest dagsaktuelle bustadprosjektet, som er fanga av at det ikkje eksisterar ein tydeleg busetnadsplan som fortel i kva grad ein skal byggje ut i dei valgte omr\u00e5da for fortetting. Teknisk komit\u00e9 valde \u00e5 ikkje eigengodkjenne Ytterland Park no, sidan vi er midt i rulleringa av kommuneplanen. Og med knappast mogleg fleirtal fekk eg tilslutning for at der m\u00e5 ligge f\u00f8re ein slik busetnads- plan, f\u00f8r ein kan godkjenne prosjekt i denne st\u00f8rrelsen. Giske kommune har utrekna befolkingsframskrivingar som seier kor mange vi truleg vert i ti\u00e5ra framover. Slike tal, saman med vurderingar knytt til kor stor vekst den kommunale tenesteytinga maktar, m\u00e5 ligge til grunn for kva for omr\u00e5der ein vil legge folkeveksten til, og i kva grad. Eg trur det er naturleg i eit ti\u00e5rsperspektiv \u00e5 vente at God\u00f8ya og Vigra tek mykje av folkeveksten i kommunen. Like naturleg som at det vert vekst p\u00e5 Valder\u00f8ya i form av blokkbustader p\u00e5 to eller fleire stader p\u00e5 \u00f8ya. Slik fortetting m\u00e5 skje der servicetilbod og handel naturleg kan utviklast. Sidan eg alt har nemnt Ytterland, ser eg for meg dette som eit omr\u00e5de med slike utviklingsmoglegheiter. Og dette vil kunne skje uavhengig av kvar ein vel \u00e5 plassere det strategiske kommunesenteret.<\/p><p><b><\/b><\/p><p><b>Styring og medvirkning<\/b><\/p><p>Bustadutvikling er eit tema det er enkelt for alle \u00e5 meine noko om. I alle fall i omr\u00e5det ein sj\u00f8lv held hus. Men heilheit og samfunns\u00f8konomiske konsekvensar knytt til dette, skal ein anten vere fagmann eller vere s\u00e6rs interessert i for \u00e5 sj\u00e5 like lett. Eg er audmjuk ovanfor fagkompetanse, og er generelt oppteken av at store beslutningar skal takast basert p\u00e5 faglege vurderingar, meir enn berre p\u00e5 f\u00f8lelsar, tru eller tvil. Slik sett fungerar det representerande demokratiet godt, ved at ei utvald gruppe personar fattar vedtak basert p\u00e5 ei mengd med tverrfaglege vurderingar. Men for at ei gruppe folkevalde skal kunne gjere gode og samfunnsnyttige vedtak basert p\u00e5 faglege vurderingar, er det viktig med innbyggjarmedvirkining. Dette er ein \u00f8velse som krev innsats fr\u00e5 alle som vil meine. I enkeltsaker s\u00e5 vel som i generelle sp\u00f8rsm\u00e5l er det veldig lurt \u00e5 huke tak i ein politikar og tilkjennegi sine synspunkt. Dette virkar, i alle fall p\u00e5 meg. Eg lyttar til dei som kjem med sine refleksjonar, anten det er innbyggjarar eller utbyggjarar. Og s\u00e5 vel eg \u00e5 lytte mindre til dei som ytrer seg utan konstruktive motiv. Det folkelege ordskiftet kan innehalde noko som b\u00e5de er nedrig og manglar saksperspektiv. Men heldigvis har derimot dei fleste dialogar gode hensikter og inneheld verdifulle innspel og idear. Difor er god dialog mellom innbyggjar og politikar viktig.<\/p><p><b><\/b><\/p><p><b>Kommuneplanens arealdel<\/b><\/p><p>Det aller viktigaste ein innbyggjar i Giske kommune kan gjere dei neste to m\u00e5nadane, for \u00e5 p\u00e5virke bustadutvikling og arealplanlegging, er \u00e5 melde inn fr\u00e5segner om kommuneplanens arealdel. Denne vert lagt ut til h\u00f8yring no, slik at b\u00e5de offentleg mynde og innbyggjarar kan lese, meine og seie i fr\u00e5. Nytt sjansen, for arealdelen er sj\u00f8lve masterplanen for kva som kan skje p\u00e5 \u00f8yane v\u00e5re fram til 2030.<\/p><\/div>\n<div class=\"tags\">\n\t<\/div>\n<div class=\"post-footer alignfull has-background block-editor-block-list__block\" data-align=full>\n\t<div class=\"post-footer-inner\">\n\t\t<h3>Relaterte artikler<\/h3>\n\t\t<div class=\"related-content\"><div class=\"is-card-hoyre\">\n\t<div class=\"teft-card hoyre-teft-card post-teft-card\">\n\t\t<a href=\"https:\/\/hoyre.no\/giske\/aktuelt\/program-for-perioden-2023-2027\/\" class=\"teft-card__primary-action\">\n\n\t\t\t\t\t<div class=\"teft-card__media teft-card__media--16-9\">\n\t\t\t\t\t\t<img loading=\"lazy\" decoding=\"async\" width=\"768\" height=\"489\" src=\"https:\/\/hoyre.no\/content\/uploads\/sites\/107\/2023\/08\/giske-768x489.jpg\" class=\"attachment-medium_large size-medium_large\" alt=\"\" srcset=\"https:\/\/hoyre.no\/content\/uploads\/sites\/107\/2023\/08\/giske-768x489.jpg 768w, https:\/\/hoyre.no\/content\/uploads\/sites\/107\/2023\/08\/giske-300x191.jpg 300w, https:\/\/hoyre.no\/content\/uploads\/sites\/107\/2023\/08\/giske-1024x653.jpg 1024w, https:\/\/hoyre.no\/content\/uploads\/sites\/107\/2023\/08\/giske.jpg 1315w\" sizes=\"auto, (max-width: 768px) 100vw, 768px\" \/>\t\t<\/div>\n\t\t\n\t\t\t<div class=\"teft-card__content-wrapper\">\n\t\t\t\t<div class=\"teft-card__secondary\">\n\t\t\t\t\t\n\t\t\t\t\t\t\t\t<div class=\"teft-card__meta\">\n\t\t\t\t\t\t\t\t\t<span class=\"post-date\">3. aug 2023<\/span>\n\n\t\t\t\t\t\t\t\t\t<span class=\"post-category\">Nyheiter<\/span>\t\t\t\t\t\t\t\t<\/div>\n\t\t\t\t\t\t\t\t\t\t\t<\/div>\n\n\t\t\t\t<div class=\"teft-card__primary\">\n\t\t\t\t\t<h2 class=\"teft-card__title\">Program for perioden 2023-2027&nbsp;<span class=\"teft-card__primary-title-append\"><\/span><\/h2>\t\t\t\t<\/div>\n\t\t\t<\/div>\n\t\t<\/a>\n\t<\/div>\n\n\t<\/div><div class=\"is-card-hoyre\">\n\t<div class=\"teft-card hoyre-teft-card post-teft-card\">\n\t\t<a href=\"https:\/\/hoyre.no\/giske\/aktuelt\/riksvegen-som-deler-lokalsamfunnet\/\" class=\"teft-card__primary-action\">\n\n\t\t\t\t\t<div class=\"teft-card__media teft-card__media--16-9\">\n\t\t\t\t\t\t<img loading=\"lazy\" decoding=\"async\" width=\"768\" height=\"576\" src=\"https:\/\/hoyre.no\/content\/uploads\/sites\/107\/2023\/06\/IMG-1390-768x576.jpg\" class=\"attachment-medium_large size-medium_large\" alt=\"\" srcset=\"https:\/\/hoyre.no\/content\/uploads\/sites\/107\/2023\/06\/IMG-1390-768x576.jpg 768w, https:\/\/hoyre.no\/content\/uploads\/sites\/107\/2023\/06\/IMG-1390-300x225.jpg 300w, https:\/\/hoyre.no\/content\/uploads\/sites\/107\/2023\/06\/IMG-1390-1024x768.jpg 1024w, https:\/\/hoyre.no\/content\/uploads\/sites\/107\/2023\/06\/IMG-1390-1536x1152.jpg 1536w, https:\/\/hoyre.no\/content\/uploads\/sites\/107\/2023\/06\/IMG-1390-2048x1536.jpg 2048w\" sizes=\"auto, (max-width: 768px) 100vw, 768px\" \/>\t\t<\/div>\n\t\t\n\t\t\t<div class=\"teft-card__content-wrapper\">\n\t\t\t\t<div class=\"teft-card__secondary\">\n\t\t\t\t\t\n\t\t\t\t\t\t\t\t<div class=\"teft-card__meta\">\n\t\t\t\t\t\t\t\t\t<span class=\"post-date\">28. jun 2023<\/span>\n\n\t\t\t\t\t\t\t\t\t\t\t\t\t\t\t\t\t<\/div>\n\t\t\t\t\t\t\t\t\t\t\t<\/div>\n\n\t\t\t\t<div class=\"teft-card__primary\">\n\t\t\t\t\t<h2 class=\"teft-card__title\">Riksvegen som deler opp lokalsamfunnet&nbsp;<span class=\"teft-card__primary-title-append\"><\/span><\/h2>\t\t\t\t<\/div>\n\t\t\t<\/div>\n\t\t<\/a>\n\t<\/div>\n\n\t<\/div><div class=\"is-card-hoyre\">\n\t<div class=\"teft-card hoyre-teft-card post-teft-card\">\n\t\t<a href=\"https:\/\/hoyre.no\/giske\/aktuelt\/arsrapport-for-giske-kommune-2022\/\" class=\"teft-card__primary-action\">\n\n\t\t\t\t\t<div class=\"teft-card__media teft-card__media--16-9\">\n\t\t\t\t\t\t<img loading=\"lazy\" decoding=\"async\" width=\"768\" height=\"521\" src=\"https:\/\/hoyre.no\/content\/uploads\/sites\/107\/2023\/06\/Skjermbilde-2023-06-15-095258-768x521.jpg\" class=\"attachment-medium_large size-medium_large\" alt=\"\" srcset=\"https:\/\/hoyre.no\/content\/uploads\/sites\/107\/2023\/06\/Skjermbilde-2023-06-15-095258-768x521.jpg 768w, https:\/\/hoyre.no\/content\/uploads\/sites\/107\/2023\/06\/Skjermbilde-2023-06-15-095258-300x203.jpg 300w, https:\/\/hoyre.no\/content\/uploads\/sites\/107\/2023\/06\/Skjermbilde-2023-06-15-095258-1024x694.jpg 1024w, https:\/\/hoyre.no\/content\/uploads\/sites\/107\/2023\/06\/Skjermbilde-2023-06-15-095258-1536x1042.jpg 1536w, https:\/\/hoyre.no\/content\/uploads\/sites\/107\/2023\/06\/Skjermbilde-2023-06-15-095258.jpg 1566w\" sizes=\"auto, (max-width: 768px) 100vw, 768px\" \/>\t\t<\/div>\n\t\t\n\t\t\t<div class=\"teft-card__content-wrapper\">\n\t\t\t\t<div class=\"teft-card__secondary\">\n\t\t\t\t\t\n\t\t\t\t\t\t\t\t<div class=\"teft-card__meta\">\n\t\t\t\t\t\t\t\t\t<span class=\"post-date\">15. jun 2023<\/span>\n\n\t\t\t\t\t\t\t\t\t<span class=\"post-category\">Nyheiter<\/span>\t\t\t\t\t\t\t\t<\/div>\n\t\t\t\t\t\t\t\t\t\t\t<\/div>\n\n\t\t\t\t<div class=\"teft-card__primary\">\n\t\t\t\t\t<h2 class=\"teft-card__title\">\u00c5rsrapport for Giske kommune 2022&nbsp;<span class=\"teft-card__primary-title-append\"><\/span><\/h2>\t\t\t\t<\/div>\n\t\t\t<\/div>\n\t\t<\/a>\n\t<\/div>\n\n\t<\/div><\/div>\t<\/div>\n<\/div>\n","protected":false},"excerpt":{"rendered":"","protected":false},"author":0,"featured_media":0,"comment_status":"closed","ping_status":"closed","sticky":false,"template":"","format":"standard","meta":{"teft_cards_image_url":"https:\/\/hoyre.no\/content\/uploads\/sites\/107\/2020\/11\/boligutvikling-4.png","teft_cards_custom_pretitle":"","teft_cards_image_id":22,"teft_cards_image_focal_point_x":0,"teft_cards_image_focal_point_y":0,"teft_cards_title":"","teft_cards_excerpt":"","teft_show_chapters":false,"author_display_name":"Kenneth Langvatn","footnotes":""},"category":[1],"post_tag":[],"hoyre-visibility":[],"article-type":[],"politician":[],"class_list":["post-23","post","type-post","status-publish","format-standard","hentry","category-nyheiter"],"yoast_head":"<!-- This site is optimized with the Yoast SEO plugin v26.6 - https:\/\/yoast.com\/wordpress\/plugins\/seo\/ -->\n<title>Ei tid var og ei anna vart - Giske H\u00f8gre<\/title>\n<meta name=\"robots\" content=\"index, follow, max-snippet:-1, max-image-preview:large, max-video-preview:-1\" \/>\n<link rel=\"canonical\" href=\"https:\/\/hoyre.no\/giske\/aktuelt\/ei-tid-var-og-ei-ann\/\" \/>\n<meta property=\"og:locale\" content=\"nn_NO\" \/>\n<meta property=\"og:type\" content=\"article\" \/>\n<meta property=\"og:title\" content=\"Ei tid var og ei anna vart - Giske H\u00f8gre\" \/>\n<meta property=\"og:url\" content=\"https:\/\/hoyre.no\/giske\/aktuelt\/ei-tid-var-og-ei-ann\/\" \/>\n<meta property=\"og:site_name\" content=\"Giske H\u00f8gre\" \/>\n<meta property=\"article:published_time\" content=\"2017-03-15T22:00:00+00:00\" \/>\n<meta property=\"og:image\" content=\"https:\/\/hoyre.no\/content\/uploads\/sites\/107\/2023\/06\/Skjermbilde-2023-06-15-095258-1024x694.jpg\" \/>\n<meta name=\"twitter:card\" content=\"summary_large_image\" \/>\n<meta name=\"twitter:label1\" content=\"Est. reading time\" \/>\n\t<meta name=\"twitter:data1\" content=\"6 minutt\" \/>\n<script type=\"application\/ld+json\" class=\"yoast-schema-graph\">{\"@context\":\"https:\/\/schema.org\",\"@graph\":[{\"@type\":\"Article\",\"@id\":\"https:\/\/hoyre.no\/giske\/aktuelt\/ei-tid-var-og-ei-ann\/#article\",\"isPartOf\":{\"@id\":\"https:\/\/hoyre.no\/giske\/aktuelt\/ei-tid-var-og-ei-ann\/\"},\"author\":{\"name\":\"\",\"@id\":\"\"},\"headline\":\"Ei tid var og ei anna vart\",\"datePublished\":\"2017-03-15T22:00:00+00:00\",\"mainEntityOfPage\":{\"@id\":\"https:\/\/hoyre.no\/giske\/aktuelt\/ei-tid-var-og-ei-ann\/\"},\"wordCount\":1140,\"publisher\":{\"@id\":\"https:\/\/hoyre.no\/giske\/#organization\"},\"articleSection\":[\"Nyheiter\"],\"inLanguage\":\"nn-NO\"},{\"@type\":\"NewsArticle\",\"@id\":\"https:\/\/hoyre.no\/giske\/aktuelt\/ei-tid-var-og-ei-ann\/\",\"url\":\"https:\/\/hoyre.no\/giske\/aktuelt\/ei-tid-var-og-ei-ann\/\",\"name\":\"Ei tid var og ei anna vart - Giske H\u00f8gre\",\"isPartOf\":{\"@id\":\"https:\/\/hoyre.no\/giske\/#website\"},\"datePublished\":\"2017-03-15T22:00:00+00:00\",\"breadcrumb\":{\"@id\":\"https:\/\/hoyre.no\/giske\/aktuelt\/ei-tid-var-og-ei-ann\/#breadcrumb\"},\"inLanguage\":\"nn-NO\",\"potentialAction\":[{\"@type\":\"ReadAction\",\"target\":[\"https:\/\/hoyre.no\/giske\/aktuelt\/ei-tid-var-og-ei-ann\/\"]}]},{\"@type\":\"BreadcrumbList\",\"@id\":\"https:\/\/hoyre.no\/giske\/aktuelt\/ei-tid-var-og-ei-ann\/#breadcrumb\",\"itemListElement\":[{\"@type\":\"ListItem\",\"position\":1,\"name\":\"Til hoyre.no\",\"item\":\"https:\/\/hoyre.no\"},{\"@type\":\"ListItem\",\"position\":2,\"name\":\"Hjem\",\"item\":\"https:\/\/hoyre.no\/giske\/\"},{\"@type\":\"ListItem\",\"position\":3,\"name\":\"Ei tid var og ei anna vart\"}]},{\"@type\":\"WebSite\",\"@id\":\"https:\/\/hoyre.no\/giske\/#website\",\"url\":\"https:\/\/hoyre.no\/giske\/\",\"name\":\"Giske H\u00f8gre\",\"description\":\"Bare enda et H\u00f8yres nettsteder-nettsted\",\"publisher\":{\"@id\":\"https:\/\/hoyre.no\/giske\/#organization\"},\"inLanguage\":\"nn-NO\"},{\"@type\":\"Organization\",\"@id\":\"https:\/\/hoyre.no\/giske\/#organization\",\"name\":\"Giske H\u00f8gre\",\"url\":\"https:\/\/hoyre.no\/giske\/\",\"logo\":{\"@type\":\"ImageObject\",\"inLanguage\":\"nn-NO\",\"@id\":\"https:\/\/hoyre.no\/giske\/#\/schema\/logo\/image\/\",\"url\":\"https:\/\/hoyre.no\/content\/uploads\/sites\/107\/2022\/11\/Hoyres-logo.png\",\"contentUrl\":\"https:\/\/hoyre.no\/content\/uploads\/sites\/107\/2022\/11\/Hoyres-logo.png\",\"width\":1000,\"height\":1000,\"caption\":\"Giske H\u00f8gre\"},\"image\":{\"@id\":\"https:\/\/hoyre.no\/giske\/#\/schema\/logo\/image\/\"}}]}<\/script>\n<!-- \/ Yoast SEO plugin. -->","yoast_head_json":{"title":"Ei tid var og ei anna vart - Giske H\u00f8gre","robots":{"index":"index","follow":"follow","max-snippet":"max-snippet:-1","max-image-preview":"max-image-preview:large","max-video-preview":"max-video-preview:-1"},"canonical":"https:\/\/hoyre.no\/giske\/aktuelt\/ei-tid-var-og-ei-ann\/","og_locale":"nn_NO","og_type":"article","og_title":"Ei tid var og ei anna vart - Giske H\u00f8gre","og_url":"https:\/\/hoyre.no\/giske\/aktuelt\/ei-tid-var-og-ei-ann\/","og_site_name":"Giske H\u00f8gre","article_published_time":"2017-03-15T22:00:00+00:00","og_image":[{"url":"https:\/\/hoyre.no\/content\/uploads\/sites\/107\/2023\/06\/Skjermbilde-2023-06-15-095258-1024x694.jpg","width":"","height":"","type":""}],"twitter_card":"summary_large_image","twitter_misc":{"Est. reading time":"6 minutt"},"schema":{"@context":"https:\/\/schema.org","@graph":[{"@type":"Article","@id":"https:\/\/hoyre.no\/giske\/aktuelt\/ei-tid-var-og-ei-ann\/#article","isPartOf":{"@id":"https:\/\/hoyre.no\/giske\/aktuelt\/ei-tid-var-og-ei-ann\/"},"author":{"name":"","@id":""},"headline":"Ei tid var og ei anna vart","datePublished":"2017-03-15T22:00:00+00:00","mainEntityOfPage":{"@id":"https:\/\/hoyre.no\/giske\/aktuelt\/ei-tid-var-og-ei-ann\/"},"wordCount":1140,"publisher":{"@id":"https:\/\/hoyre.no\/giske\/#organization"},"articleSection":["Nyheiter"],"inLanguage":"nn-NO"},{"@type":"NewsArticle","@id":"https:\/\/hoyre.no\/giske\/aktuelt\/ei-tid-var-og-ei-ann\/","url":"https:\/\/hoyre.no\/giske\/aktuelt\/ei-tid-var-og-ei-ann\/","name":"Ei tid var og ei anna vart - Giske H\u00f8gre","isPartOf":{"@id":"https:\/\/hoyre.no\/giske\/#website"},"datePublished":"2017-03-15T22:00:00+00:00","breadcrumb":{"@id":"https:\/\/hoyre.no\/giske\/aktuelt\/ei-tid-var-og-ei-ann\/#breadcrumb"},"inLanguage":"nn-NO","potentialAction":[{"@type":"ReadAction","target":["https:\/\/hoyre.no\/giske\/aktuelt\/ei-tid-var-og-ei-ann\/"]}]},{"@type":"BreadcrumbList","@id":"https:\/\/hoyre.no\/giske\/aktuelt\/ei-tid-var-og-ei-ann\/#breadcrumb","itemListElement":[{"@type":"ListItem","position":1,"name":"Til hoyre.no","item":"https:\/\/hoyre.no"},{"@type":"ListItem","position":2,"name":"Hjem","item":"https:\/\/hoyre.no\/giske\/"},{"@type":"ListItem","position":3,"name":"Ei tid var og ei anna vart"}]},{"@type":"WebSite","@id":"https:\/\/hoyre.no\/giske\/#website","url":"https:\/\/hoyre.no\/giske\/","name":"Giske H\u00f8gre","description":"Bare enda et H\u00f8yres nettsteder-nettsted","publisher":{"@id":"https:\/\/hoyre.no\/giske\/#organization"},"inLanguage":"nn-NO"},{"@type":"Organization","@id":"https:\/\/hoyre.no\/giske\/#organization","name":"Giske H\u00f8gre","url":"https:\/\/hoyre.no\/giske\/","logo":{"@type":"ImageObject","inLanguage":"nn-NO","@id":"https:\/\/hoyre.no\/giske\/#\/schema\/logo\/image\/","url":"https:\/\/hoyre.no\/content\/uploads\/sites\/107\/2022\/11\/Hoyres-logo.png","contentUrl":"https:\/\/hoyre.no\/content\/uploads\/sites\/107\/2022\/11\/Hoyres-logo.png","width":1000,"height":1000,"caption":"Giske H\u00f8gre"},"image":{"@id":"https:\/\/hoyre.no\/giske\/#\/schema\/logo\/image\/"}}]}},"distributor_meta":false,"distributor_terms":false,"distributor_media":false,"distributor_original_site_name":"Giske H\u00f8gre","distributor_original_site_url":"https:\/\/hoyre.no\/giske","push-errors":false,"_links":{"self":[{"href":"https:\/\/hoyre.no\/giske\/wp-json\/wp\/v2\/posts\/23","targetHints":{"allow":["GET"]}}],"collection":[{"href":"https:\/\/hoyre.no\/giske\/wp-json\/wp\/v2\/posts"}],"about":[{"href":"https:\/\/hoyre.no\/giske\/wp-json\/wp\/v2\/types\/post"}],"replies":[{"embeddable":true,"href":"https:\/\/hoyre.no\/giske\/wp-json\/wp\/v2\/comments?post=23"}],"version-history":[{"count":0,"href":"https:\/\/hoyre.no\/giske\/wp-json\/wp\/v2\/posts\/23\/revisions"}],"wp:attachment":[{"href":"https:\/\/hoyre.no\/giske\/wp-json\/wp\/v2\/media?parent=23"}],"wp:term":[{"taxonomy":"category","embeddable":true,"href":"https:\/\/hoyre.no\/giske\/wp-json\/wp\/v2\/category?post=23"},{"taxonomy":"post_tag","embeddable":true,"href":"https:\/\/hoyre.no\/giske\/wp-json\/wp\/v2\/post_tag?post=23"},{"taxonomy":"hoyre-visibility","embeddable":true,"href":"https:\/\/hoyre.no\/giske\/wp-json\/wp\/v2\/hoyre-visibility?post=23"},{"taxonomy":"article-type","embeddable":true,"href":"https:\/\/hoyre.no\/giske\/wp-json\/wp\/v2\/article-type?post=23"},{"taxonomy":"politician","embeddable":true,"href":"https:\/\/hoyre.no\/giske\/wp-json\/wp\/v2\/politician?post=23"}],"curies":[{"name":"wp","href":"https:\/\/api.w.org\/{rel}","templated":true}]}}