{"id":25,"date":"2020-09-16T22:00:00","date_gmt":"2020-09-16T20:00:00","guid":{"rendered":"https:\/\/hoyre.no\/giske\/aktuelt\/ein_skulestruktur_for_framtida\/"},"modified":"2020-09-16T22:00:00","modified_gmt":"2020-09-16T20:00:00","slug":"ein_skulestruktur_for_framtida","status":"publish","type":"post","link":"https:\/\/hoyre.no\/giske\/aktuelt\/ein_skulestruktur_for_framtida\/","title":{"rendered":"Ein skulestruktur for framtida"},"content":{"rendered":"<p class=\"preamble\">Skulestrukturen har vore p\u00e5 sakskartet i alle kommunestyreperiodane sidan tusen\u00e5rsskiftet. Gjennom alle desse \u00e5ra som har g\u00e5tt utan at skulestrukturen har vorte endra, har det vore utarbeidd rapportar etter rapportar som alle i st\u00f8rre eller mindre grad har vore klare p\u00e5 at endring trengs. Og sidan f\u00f8rste gong dette vart diskutert for om lag 20 \u00e5r sidan har skulen utvikla seg stort, med mellom anna fleire fag og auka kompetansekrav. Verda har blitt digital og med det b\u00e5de st\u00f8rre og mindre.<\/p>\t\t\t<div class=\"post-meta wp-block teft-byline-wrapper\">\n\t\t\t\t<div class=\"top\">\n\t\t\t\t\t<div class=\"signature\">\n\t\t\t\t\t\t<div class=\"teft-byline\">\n\t\t\t\t\t\t\t\t\t\t\t\t\t\t<div>\n\t\t\t\t\t\t\t\t<h3>H\u00f8yres redaksjon<\/h3>\t\t\t\t\t\t\t\t\n\t\t\t\t\t\t\t\t\t\t\t\t\t\t\t\t\t<span class=\"date\">Sist oppdatert: 16. september 2020<\/span>\n\t\t\t\t\t\t\t\t\t\t\t\t\t\t\t\t\t\t\t\t\t\t\t\t\t<span class=\"reading-time\" itemprop=\"timeRequired\" content=\"PT4M\"><em>Ca. 4 minutter lesetid<\/em><\/span>\n\t\t\t\t\t\t\t\t\t\t\t\t\t\t\t<\/div>\n\t\t\t\t\t\t<\/div>\n\t\t\t\t\t<\/div>\n\t\t\t\t\t\t<div class=\"sharing\">\n\t\t<a class=\"share-button share-link copy-link\" data-copy=\"https:\/\/hoyre.no\/giske\/aktuelt\/ein_skulestruktur_for_framtida\/\" target=\"_blank\"><span class=\"screen-reader-text\">Del link<\/span><\/a>\n\t\t<a class=\"share-button share-twitter\" href=\"http:\/\/twitter.com\/share?text=Ein skulestruktur for framtida&#038;url=https:\/\/hoyre.no\/giske\/aktuelt\/ein_skulestruktur_for_framtida\/&#038;hashtags=Hoyre\" target=\"_blank\"><span class=\"screen-reader-text\">Del p\u00e5 twitter<\/span><\/a>\n\t\t<a class=\"share-button share-facebook\" href=\"https:\/\/www.facebook.com\/sharer\/sharer.php?u=https:\/\/hoyre.no\/giske\/aktuelt\/ein_skulestruktur_for_framtida\/\" target=\"_blank\"><span class=\"screen-reader-text\">Del p\u00e5 facebook<\/span><\/a>\n\t<\/div>\n\t\t\t\t\t<\/div>\n\t\t\t<\/div>\n\n\t\t\t<figure class=\"hoyre-image-wrapper\"><div class=\"hoyre-image\"><img loading=\"lazy\" decoding=\"async\" width=\"1766\" height=\"993\" src=\"https:\/\/hoyre.no\/content\/uploads\/sites\/107\/2020\/11\/kunnskapiskolen_2_lo_16x9.jpg\" class=\"attachment-scaled size-scaled\" alt=\"\" style=\"object-position: 50% 50%\" srcset=\"https:\/\/hoyre.no\/content\/uploads\/sites\/107\/2020\/11\/kunnskapiskolen_2_lo_16x9.jpg 1766w, https:\/\/hoyre.no\/content\/uploads\/sites\/107\/2020\/11\/kunnskapiskolen_2_lo_16x9-300x169.jpg 300w, https:\/\/hoyre.no\/content\/uploads\/sites\/107\/2020\/11\/kunnskapiskolen_2_lo_16x9-1024x576.jpg 1024w, https:\/\/hoyre.no\/content\/uploads\/sites\/107\/2020\/11\/kunnskapiskolen_2_lo_16x9-768x432.jpg 768w, https:\/\/hoyre.no\/content\/uploads\/sites\/107\/2020\/11\/kunnskapiskolen_2_lo_16x9-1536x864.jpg 1536w\" sizes=\"auto, (max-width: 1766px) 100vw, 1766px\" \/><\/div><\/figure><div id=\"hoyre-old-article-content-wrapper\"><p>  Mange vil nok meine at skulestruktursaka er den st\u00f8rste, viktigaste og vanskelegaste saka som har kome til politisk behandling p\u00e5 mange, mange \u00e5r. Og det er rett \u00e5 seie at den er b\u00e5de stor, viktig og vanskeleg for alle med mynde i avgjerda. Det at denne kjennest ekstra vanskeleg, kjem truleg av merksemda den har og at den r\u00f8yrer ved s\u00e5 mange av oss. For alle har vi eit forhold til skulen, anten som elev eller tidlegare elev.<\/p><p>Ny kommunesstruktur er komen opp igjen med bakgrunn i behov for innsparing. Saka er behandla i Livsl\u00f8psutvalget og blei mandag behandla i Formannskapet. Administrasjonen si innstilling anbefalte \u00e5 samle alle ungdommane p\u00e5 ein ungdomsskule under navnet Giske ungdomsskule, og elevane fra Giske\u00f8ya og Valder\u00f8ya p\u00e5 Valder\u00f8y barneskule. Giske H\u00f8gre valde \u00e5 g\u00e5 for administrasjonen si innstilling, men slutta opp om forslaget fr\u00e5 Giske Arbeiderparti om \u00e5 samle ungdomsskuleelvane p\u00e5 ein skule d\u00e5 innstillinga fr\u00e5 Kommunedirekt\u00f8ren fall. <\/p><p>Det er behov for \u00e5 f\u00e5 meir ut av dei knappe ressursane vi har, for barna si skuld. Gevinstane av \u00e5 samle elevane og l\u00e6rarane er likevel fleire enn berre det vi kan m\u00e5le i kroner. Ei samling av fagressursane til l\u00e6rarane gir betre kompetansemilj\u00f8 i eit stadig aukande mangfald av fagomr\u00e5de. Behovet for spesialundervisning er relativt stort i Giske, samanlikna med andre kommunar. Og behovet er jamt fordelt i kommunen. Likevel er ressursane til spesialundervisning ujamt fordelt mellom skulekrinsane. Ved \u00e5 samle pedagogressursane vil kanskje ikkje behovet reduserast, men ein f\u00e5r h\u00f8ve til \u00e5 forvalte ressursane meir fleksibelt og dekke fleire, slik at vi f\u00e5r eit betre, og meir likeverdig tilbod til alle elevane. Eit godt, og likeverdig tilbod m\u00e5 st\u00e5 s\u00e6rs h\u00f8gt, n\u00e5r vi no har h\u00f8vet til \u00e5 definere ein ny, langsiktig og berekraftig skulekultur for heile Giskeskulen.     <\/p><p>Rapportane og saksutgreiinga som arbeidsgruppene har utarbeidd i saka held h\u00f8g kvalitet og gir eit godt grunnlag til politisk behandling. Den g\u00e5r inn p\u00e5 viktige forhold som har direkte innverknad p\u00e5 oppl\u00e6ringstilbodet. Det utgreiinga ikkje g\u00e5r inn p\u00e5, er konsekvensane ei skuleflytting kan f\u00e5 for samarbeidet mellom skule og n\u00e6rmilj\u00f8, idrettslag, n\u00e6ringsliv. P\u00e5 Giske og God\u00f8ya, til liks med Valder\u00f8ya og Vigra, er det i dag s\u00e6rs god samhandling mellom slike akt\u00f8rar og skulane. Slikt samarbeid har mykje \u00e5 seie for elevtrivsel, alternative opplegg, rekruttering til kultur og idrett m.m. Slike faktorar er alts\u00e5 ikkje vurdert i fagrapportane, og dette er gjort til kjenne i saksutgreiinga. Desse forholda er det opp til politikarane \u00e5 verdisette i sine vurderingar. Eg vil i dette h\u00f8vet trekkje fram to viktige samhandlingsprosjekt vi har i kommunen. Giskespelet er den fremste kulturberaren i v\u00e5r kommune, om ikkje i heile regionen. Samspelet med skulen er heilt unikt, og gir gjensidig verdi b\u00e5de til Spelet og skulen. Det hadde vore ei fin ting om denne samhandlinga ogs\u00e5 kunne vorte utvida til \u00e5 inkludere ungane p\u00e5 fleire av \u00f8yane. Havung p\u00e5 God\u00f8ya har hjelpt mang ein skuletr\u00f8ytt praktikar fr\u00e5 tung teori p\u00e5 skulebenken. Eit prisverdig tilbod som eg applauderar og som vi h\u00e5per skal kunne f\u00f8lge ungdommane, om dei framover skal g\u00e5 p\u00e5 nye Giske ungdomsskule. <\/p><p>Begge desse eksempla kan vidareutviklast, hand i hand med ei skulestrukturendring. Og idrettslaga, som i aukande grad b\u00e5de evnar og kanskje har behov for \u00e5 samarbeide p\u00e5 tvers av \u00f8yane, skal leve i beste velg\u00e5ande ogs\u00e5 i framtida.    <\/p>Uavhengig av kva resultatet av saka vert i Kommunestyret, anten det vert det eine alternativet eller det andre, f\u00e5r det uansett konsekvensar for alle elevane i Giske kommune. \u00c5 velje \u00e5 ikkje gjere noko, vil ikkje berre gi ALLE elevane eit d\u00e5rlegare oppl\u00e6ringstilbod enn i dag, det vil ogs\u00e5 gi svekka handlingsrom n\u00e5r nye sparetiltak b\u00e5de neste \u00e5r og i \u00e5ra som kjem skal gjennomf\u00f8rast i ALLE rammeomr\u00e5da.  \u00d8konomien sin klare tale er ur\u00e5d for oss i Giske H\u00f8gre \u00e5 mistolke. Det er ein \u00f8konomi som ikkje tillet status quo. Strukturendringa er overmoda, naudsynt og er det beste vi kan tilby barna v\u00e5re. Giske H\u00f8gre har derfor b\u00e5de i fagutvalg og formannskap stilt oss bak Kommunedirekt\u00f8ren si godt grunngjevne innstilling, fordi vi meiner det er naudsynt og fordi det er det aller mest forsvarlege, til det beste for barna v\u00e5re. <br \/><p>(gjengitt i \u00d8yblikk 17. sept. 2020)<\/p><\/div>\n<div class=\"tags\">\n\t<\/div>\n<div class=\"post-footer alignfull has-background block-editor-block-list__block\" data-align=full>\n\t<div class=\"post-footer-inner\">\n\t\t<h3>Relaterte artikler<\/h3>\n\t\t<div class=\"related-content\"><div class=\"is-card-hoyre\">\n\t<div class=\"teft-card hoyre-teft-card post-teft-card\">\n\t\t<a href=\"https:\/\/hoyre.no\/giske\/aktuelt\/program-for-perioden-2023-2027\/\" class=\"teft-card__primary-action\">\n\n\t\t\t\t\t<div class=\"teft-card__media teft-card__media--16-9\">\n\t\t\t\t\t\t<img loading=\"lazy\" decoding=\"async\" width=\"768\" height=\"489\" src=\"https:\/\/hoyre.no\/content\/uploads\/sites\/107\/2023\/08\/giske-768x489.jpg\" class=\"attachment-medium_large size-medium_large\" alt=\"\" srcset=\"https:\/\/hoyre.no\/content\/uploads\/sites\/107\/2023\/08\/giske-768x489.jpg 768w, https:\/\/hoyre.no\/content\/uploads\/sites\/107\/2023\/08\/giske-300x191.jpg 300w, https:\/\/hoyre.no\/content\/uploads\/sites\/107\/2023\/08\/giske-1024x653.jpg 1024w, https:\/\/hoyre.no\/content\/uploads\/sites\/107\/2023\/08\/giske.jpg 1315w\" sizes=\"auto, (max-width: 768px) 100vw, 768px\" \/>\t\t<\/div>\n\t\t\n\t\t\t<div class=\"teft-card__content-wrapper\">\n\t\t\t\t<div class=\"teft-card__secondary\">\n\t\t\t\t\t\n\t\t\t\t\t\t\t\t<div class=\"teft-card__meta\">\n\t\t\t\t\t\t\t\t\t<span class=\"post-date\">3. aug 2023<\/span>\n\n\t\t\t\t\t\t\t\t\t<span class=\"post-category\">Nyheiter<\/span>\t\t\t\t\t\t\t\t<\/div>\n\t\t\t\t\t\t\t\t\t\t\t<\/div>\n\n\t\t\t\t<div class=\"teft-card__primary\">\n\t\t\t\t\t<h2 class=\"teft-card__title\">Program for perioden 2023-2027&nbsp;<span class=\"teft-card__primary-title-append\"><\/span><\/h2>\t\t\t\t<\/div>\n\t\t\t<\/div>\n\t\t<\/a>\n\t<\/div>\n\n\t<\/div><div class=\"is-card-hoyre\">\n\t<div class=\"teft-card hoyre-teft-card post-teft-card\">\n\t\t<a href=\"https:\/\/hoyre.no\/giske\/aktuelt\/riksvegen-som-deler-lokalsamfunnet\/\" class=\"teft-card__primary-action\">\n\n\t\t\t\t\t<div class=\"teft-card__media teft-card__media--16-9\">\n\t\t\t\t\t\t<img loading=\"lazy\" decoding=\"async\" width=\"768\" height=\"576\" src=\"https:\/\/hoyre.no\/content\/uploads\/sites\/107\/2023\/06\/IMG-1390-768x576.jpg\" class=\"attachment-medium_large size-medium_large\" alt=\"\" srcset=\"https:\/\/hoyre.no\/content\/uploads\/sites\/107\/2023\/06\/IMG-1390-768x576.jpg 768w, https:\/\/hoyre.no\/content\/uploads\/sites\/107\/2023\/06\/IMG-1390-300x225.jpg 300w, https:\/\/hoyre.no\/content\/uploads\/sites\/107\/2023\/06\/IMG-1390-1024x768.jpg 1024w, https:\/\/hoyre.no\/content\/uploads\/sites\/107\/2023\/06\/IMG-1390-1536x1152.jpg 1536w, https:\/\/hoyre.no\/content\/uploads\/sites\/107\/2023\/06\/IMG-1390-2048x1536.jpg 2048w\" sizes=\"auto, (max-width: 768px) 100vw, 768px\" \/>\t\t<\/div>\n\t\t\n\t\t\t<div class=\"teft-card__content-wrapper\">\n\t\t\t\t<div class=\"teft-card__secondary\">\n\t\t\t\t\t\n\t\t\t\t\t\t\t\t<div class=\"teft-card__meta\">\n\t\t\t\t\t\t\t\t\t<span class=\"post-date\">28. jun 2023<\/span>\n\n\t\t\t\t\t\t\t\t\t\t\t\t\t\t\t\t\t<\/div>\n\t\t\t\t\t\t\t\t\t\t\t<\/div>\n\n\t\t\t\t<div class=\"teft-card__primary\">\n\t\t\t\t\t<h2 class=\"teft-card__title\">Riksvegen som deler opp lokalsamfunnet&nbsp;<span class=\"teft-card__primary-title-append\"><\/span><\/h2>\t\t\t\t<\/div>\n\t\t\t<\/div>\n\t\t<\/a>\n\t<\/div>\n\n\t<\/div><div class=\"is-card-hoyre\">\n\t<div class=\"teft-card hoyre-teft-card post-teft-card\">\n\t\t<a href=\"https:\/\/hoyre.no\/giske\/aktuelt\/arsrapport-for-giske-kommune-2022\/\" class=\"teft-card__primary-action\">\n\n\t\t\t\t\t<div class=\"teft-card__media teft-card__media--16-9\">\n\t\t\t\t\t\t<img loading=\"lazy\" decoding=\"async\" width=\"768\" height=\"521\" src=\"https:\/\/hoyre.no\/content\/uploads\/sites\/107\/2023\/06\/Skjermbilde-2023-06-15-095258-768x521.jpg\" class=\"attachment-medium_large size-medium_large\" alt=\"\" srcset=\"https:\/\/hoyre.no\/content\/uploads\/sites\/107\/2023\/06\/Skjermbilde-2023-06-15-095258-768x521.jpg 768w, https:\/\/hoyre.no\/content\/uploads\/sites\/107\/2023\/06\/Skjermbilde-2023-06-15-095258-300x203.jpg 300w, https:\/\/hoyre.no\/content\/uploads\/sites\/107\/2023\/06\/Skjermbilde-2023-06-15-095258-1024x694.jpg 1024w, https:\/\/hoyre.no\/content\/uploads\/sites\/107\/2023\/06\/Skjermbilde-2023-06-15-095258-1536x1042.jpg 1536w, https:\/\/hoyre.no\/content\/uploads\/sites\/107\/2023\/06\/Skjermbilde-2023-06-15-095258.jpg 1566w\" sizes=\"auto, (max-width: 768px) 100vw, 768px\" \/>\t\t<\/div>\n\t\t\n\t\t\t<div class=\"teft-card__content-wrapper\">\n\t\t\t\t<div class=\"teft-card__secondary\">\n\t\t\t\t\t\n\t\t\t\t\t\t\t\t<div class=\"teft-card__meta\">\n\t\t\t\t\t\t\t\t\t<span class=\"post-date\">15. jun 2023<\/span>\n\n\t\t\t\t\t\t\t\t\t<span class=\"post-category\">Nyheiter<\/span>\t\t\t\t\t\t\t\t<\/div>\n\t\t\t\t\t\t\t\t\t\t\t<\/div>\n\n\t\t\t\t<div class=\"teft-card__primary\">\n\t\t\t\t\t<h2 class=\"teft-card__title\">\u00c5rsrapport for Giske kommune 2022&nbsp;<span class=\"teft-card__primary-title-append\"><\/span><\/h2>\t\t\t\t<\/div>\n\t\t\t<\/div>\n\t\t<\/a>\n\t<\/div>\n\n\t<\/div><\/div>\t<\/div>\n<\/div>\n","protected":false},"excerpt":{"rendered":"","protected":false},"author":0,"featured_media":0,"comment_status":"closed","ping_status":"closed","sticky":false,"template":"","format":"standard","meta":{"teft_cards_image_url":"https:\/\/hoyre.no\/content\/uploads\/sites\/107\/2020\/11\/kunnskapiskolen_2_lo_16x9.jpg","teft_cards_custom_pretitle":"","teft_cards_image_id":24,"teft_cards_image_focal_point_x":0,"teft_cards_image_focal_point_y":0,"teft_cards_title":"","teft_cards_excerpt":"","teft_show_chapters":false,"author_display_name":"Gruppeleiar Kenneth Langvatn, Giske H\u00f8gre","footnotes":""},"category":[1],"post_tag":[],"hoyre-visibility":[],"article-type":[],"politician":[],"class_list":["post-25","post","type-post","status-publish","format-standard","hentry","category-nyheiter"],"yoast_head":"<!-- This site is optimized with the Yoast SEO plugin v26.6 - https:\/\/yoast.com\/wordpress\/plugins\/seo\/ -->\n<title>Ein skulestruktur for framtida - Giske H\u00f8gre<\/title>\n<meta name=\"robots\" content=\"index, follow, max-snippet:-1, max-image-preview:large, max-video-preview:-1\" \/>\n<link rel=\"canonical\" href=\"https:\/\/hoyre.no\/giske\/aktuelt\/ein_skulestruktur_for_framtida\/\" \/>\n<meta property=\"og:locale\" content=\"nn_NO\" \/>\n<meta property=\"og:type\" content=\"article\" \/>\n<meta property=\"og:title\" content=\"Ein skulestruktur for framtida - Giske H\u00f8gre\" \/>\n<meta property=\"og:url\" content=\"https:\/\/hoyre.no\/giske\/aktuelt\/ein_skulestruktur_for_framtida\/\" \/>\n<meta property=\"og:site_name\" content=\"Giske H\u00f8gre\" \/>\n<meta property=\"article:published_time\" content=\"2020-09-16T20:00:00+00:00\" \/>\n<meta property=\"og:image\" content=\"https:\/\/hoyre.no\/content\/uploads\/sites\/107\/2023\/06\/Skjermbilde-2023-06-15-095258-1024x694.jpg\" \/>\n<meta name=\"twitter:card\" content=\"summary_large_image\" \/>\n<meta name=\"twitter:label1\" content=\"Est. reading time\" \/>\n\t<meta name=\"twitter:data1\" content=\"4 minutt\" \/>\n<script type=\"application\/ld+json\" class=\"yoast-schema-graph\">{\"@context\":\"https:\/\/schema.org\",\"@graph\":[{\"@type\":\"Article\",\"@id\":\"https:\/\/hoyre.no\/giske\/aktuelt\/ein_skulestruktur_for_framtida\/#article\",\"isPartOf\":{\"@id\":\"https:\/\/hoyre.no\/giske\/aktuelt\/ein_skulestruktur_for_framtida\/\"},\"author\":{\"name\":\"\",\"@id\":\"\"},\"headline\":\"Ein skulestruktur for framtida\",\"datePublished\":\"2020-09-16T20:00:00+00:00\",\"mainEntityOfPage\":{\"@id\":\"https:\/\/hoyre.no\/giske\/aktuelt\/ein_skulestruktur_for_framtida\/\"},\"wordCount\":839,\"publisher\":{\"@id\":\"https:\/\/hoyre.no\/giske\/#organization\"},\"articleSection\":[\"Nyheiter\"],\"inLanguage\":\"nn-NO\"},{\"@type\":\"NewsArticle\",\"@id\":\"https:\/\/hoyre.no\/giske\/aktuelt\/ein_skulestruktur_for_framtida\/\",\"url\":\"https:\/\/hoyre.no\/giske\/aktuelt\/ein_skulestruktur_for_framtida\/\",\"name\":\"Ein skulestruktur for framtida - Giske H\u00f8gre\",\"isPartOf\":{\"@id\":\"https:\/\/hoyre.no\/giske\/#website\"},\"datePublished\":\"2020-09-16T20:00:00+00:00\",\"breadcrumb\":{\"@id\":\"https:\/\/hoyre.no\/giske\/aktuelt\/ein_skulestruktur_for_framtida\/#breadcrumb\"},\"inLanguage\":\"nn-NO\",\"potentialAction\":[{\"@type\":\"ReadAction\",\"target\":[\"https:\/\/hoyre.no\/giske\/aktuelt\/ein_skulestruktur_for_framtida\/\"]}]},{\"@type\":\"BreadcrumbList\",\"@id\":\"https:\/\/hoyre.no\/giske\/aktuelt\/ein_skulestruktur_for_framtida\/#breadcrumb\",\"itemListElement\":[{\"@type\":\"ListItem\",\"position\":1,\"name\":\"Til hoyre.no\",\"item\":\"https:\/\/hoyre.no\"},{\"@type\":\"ListItem\",\"position\":2,\"name\":\"Hjem\",\"item\":\"https:\/\/hoyre.no\/giske\/\"},{\"@type\":\"ListItem\",\"position\":3,\"name\":\"Ein skulestruktur for framtida\"}]},{\"@type\":\"WebSite\",\"@id\":\"https:\/\/hoyre.no\/giske\/#website\",\"url\":\"https:\/\/hoyre.no\/giske\/\",\"name\":\"Giske H\u00f8gre\",\"description\":\"Bare enda et H\u00f8yres nettsteder-nettsted\",\"publisher\":{\"@id\":\"https:\/\/hoyre.no\/giske\/#organization\"},\"inLanguage\":\"nn-NO\"},{\"@type\":\"Organization\",\"@id\":\"https:\/\/hoyre.no\/giske\/#organization\",\"name\":\"Giske H\u00f8gre\",\"url\":\"https:\/\/hoyre.no\/giske\/\",\"logo\":{\"@type\":\"ImageObject\",\"inLanguage\":\"nn-NO\",\"@id\":\"https:\/\/hoyre.no\/giske\/#\/schema\/logo\/image\/\",\"url\":\"https:\/\/hoyre.no\/content\/uploads\/sites\/107\/2022\/11\/Hoyres-logo.png\",\"contentUrl\":\"https:\/\/hoyre.no\/content\/uploads\/sites\/107\/2022\/11\/Hoyres-logo.png\",\"width\":1000,\"height\":1000,\"caption\":\"Giske H\u00f8gre\"},\"image\":{\"@id\":\"https:\/\/hoyre.no\/giske\/#\/schema\/logo\/image\/\"}}]}<\/script>\n<!-- \/ Yoast SEO plugin. -->","yoast_head_json":{"title":"Ein skulestruktur for framtida - Giske H\u00f8gre","robots":{"index":"index","follow":"follow","max-snippet":"max-snippet:-1","max-image-preview":"max-image-preview:large","max-video-preview":"max-video-preview:-1"},"canonical":"https:\/\/hoyre.no\/giske\/aktuelt\/ein_skulestruktur_for_framtida\/","og_locale":"nn_NO","og_type":"article","og_title":"Ein skulestruktur for framtida - Giske H\u00f8gre","og_url":"https:\/\/hoyre.no\/giske\/aktuelt\/ein_skulestruktur_for_framtida\/","og_site_name":"Giske H\u00f8gre","article_published_time":"2020-09-16T20:00:00+00:00","og_image":[{"url":"https:\/\/hoyre.no\/content\/uploads\/sites\/107\/2023\/06\/Skjermbilde-2023-06-15-095258-1024x694.jpg","width":"","height":"","type":""}],"twitter_card":"summary_large_image","twitter_misc":{"Est. reading time":"4 minutt"},"schema":{"@context":"https:\/\/schema.org","@graph":[{"@type":"Article","@id":"https:\/\/hoyre.no\/giske\/aktuelt\/ein_skulestruktur_for_framtida\/#article","isPartOf":{"@id":"https:\/\/hoyre.no\/giske\/aktuelt\/ein_skulestruktur_for_framtida\/"},"author":{"name":"","@id":""},"headline":"Ein skulestruktur for framtida","datePublished":"2020-09-16T20:00:00+00:00","mainEntityOfPage":{"@id":"https:\/\/hoyre.no\/giske\/aktuelt\/ein_skulestruktur_for_framtida\/"},"wordCount":839,"publisher":{"@id":"https:\/\/hoyre.no\/giske\/#organization"},"articleSection":["Nyheiter"],"inLanguage":"nn-NO"},{"@type":"NewsArticle","@id":"https:\/\/hoyre.no\/giske\/aktuelt\/ein_skulestruktur_for_framtida\/","url":"https:\/\/hoyre.no\/giske\/aktuelt\/ein_skulestruktur_for_framtida\/","name":"Ein skulestruktur for framtida - Giske H\u00f8gre","isPartOf":{"@id":"https:\/\/hoyre.no\/giske\/#website"},"datePublished":"2020-09-16T20:00:00+00:00","breadcrumb":{"@id":"https:\/\/hoyre.no\/giske\/aktuelt\/ein_skulestruktur_for_framtida\/#breadcrumb"},"inLanguage":"nn-NO","potentialAction":[{"@type":"ReadAction","target":["https:\/\/hoyre.no\/giske\/aktuelt\/ein_skulestruktur_for_framtida\/"]}]},{"@type":"BreadcrumbList","@id":"https:\/\/hoyre.no\/giske\/aktuelt\/ein_skulestruktur_for_framtida\/#breadcrumb","itemListElement":[{"@type":"ListItem","position":1,"name":"Til hoyre.no","item":"https:\/\/hoyre.no"},{"@type":"ListItem","position":2,"name":"Hjem","item":"https:\/\/hoyre.no\/giske\/"},{"@type":"ListItem","position":3,"name":"Ein skulestruktur for framtida"}]},{"@type":"WebSite","@id":"https:\/\/hoyre.no\/giske\/#website","url":"https:\/\/hoyre.no\/giske\/","name":"Giske H\u00f8gre","description":"Bare enda et H\u00f8yres nettsteder-nettsted","publisher":{"@id":"https:\/\/hoyre.no\/giske\/#organization"},"inLanguage":"nn-NO"},{"@type":"Organization","@id":"https:\/\/hoyre.no\/giske\/#organization","name":"Giske H\u00f8gre","url":"https:\/\/hoyre.no\/giske\/","logo":{"@type":"ImageObject","inLanguage":"nn-NO","@id":"https:\/\/hoyre.no\/giske\/#\/schema\/logo\/image\/","url":"https:\/\/hoyre.no\/content\/uploads\/sites\/107\/2022\/11\/Hoyres-logo.png","contentUrl":"https:\/\/hoyre.no\/content\/uploads\/sites\/107\/2022\/11\/Hoyres-logo.png","width":1000,"height":1000,"caption":"Giske H\u00f8gre"},"image":{"@id":"https:\/\/hoyre.no\/giske\/#\/schema\/logo\/image\/"}}]}},"distributor_meta":false,"distributor_terms":false,"distributor_media":false,"distributor_original_site_name":"Giske H\u00f8gre","distributor_original_site_url":"https:\/\/hoyre.no\/giske","push-errors":false,"_links":{"self":[{"href":"https:\/\/hoyre.no\/giske\/wp-json\/wp\/v2\/posts\/25","targetHints":{"allow":["GET"]}}],"collection":[{"href":"https:\/\/hoyre.no\/giske\/wp-json\/wp\/v2\/posts"}],"about":[{"href":"https:\/\/hoyre.no\/giske\/wp-json\/wp\/v2\/types\/post"}],"replies":[{"embeddable":true,"href":"https:\/\/hoyre.no\/giske\/wp-json\/wp\/v2\/comments?post=25"}],"version-history":[{"count":0,"href":"https:\/\/hoyre.no\/giske\/wp-json\/wp\/v2\/posts\/25\/revisions"}],"wp:attachment":[{"href":"https:\/\/hoyre.no\/giske\/wp-json\/wp\/v2\/media?parent=25"}],"wp:term":[{"taxonomy":"category","embeddable":true,"href":"https:\/\/hoyre.no\/giske\/wp-json\/wp\/v2\/category?post=25"},{"taxonomy":"post_tag","embeddable":true,"href":"https:\/\/hoyre.no\/giske\/wp-json\/wp\/v2\/post_tag?post=25"},{"taxonomy":"hoyre-visibility","embeddable":true,"href":"https:\/\/hoyre.no\/giske\/wp-json\/wp\/v2\/hoyre-visibility?post=25"},{"taxonomy":"article-type","embeddable":true,"href":"https:\/\/hoyre.no\/giske\/wp-json\/wp\/v2\/article-type?post=25"},{"taxonomy":"politician","embeddable":true,"href":"https:\/\/hoyre.no\/giske\/wp-json\/wp\/v2\/politician?post=25"}],"curies":[{"name":"wp","href":"https:\/\/api.w.org\/{rel}","templated":true}]}}