{"id":136,"date":"2023-05-29T18:05:02","date_gmt":"2023-05-29T16:05:02","guid":{"rendered":"https:\/\/hoyre.no\/gjovik\/?p=136"},"modified":"2023-05-29T18:05:03","modified_gmt":"2023-05-29T16:05:03","slug":"anne-sitt-innlegg-til-kommunestyre-vedrorende-sammenslaing-av-redalen-og-skrinnhagen","status":"publish","type":"post","link":"https:\/\/hoyre.no\/gjovik\/aktuelt\/anne-sitt-innlegg-til-kommunestyre-vedrorende-sammenslaing-av-redalen-og-skrinnhagen\/","title":{"rendered":"Anne sitt innlegg til kommunestyre vedr\u00f8rende sammensl\u00e5ing av Redalen og Skrinnhagen"},"content":{"rendered":"\n<figure class=\"wp-block-image size-large\"><img loading=\"lazy\" decoding=\"async\" width=\"1024\" height=\"334\" src=\"https:\/\/hoyre.no\/content\/uploads\/sites\/78\/2023\/05\/redalen_skrinnhagen-1024x334.png\" alt=\"\" class=\"wp-image-138\" srcset=\"https:\/\/hoyre.no\/content\/uploads\/sites\/78\/2023\/05\/redalen_skrinnhagen-1024x334.png 1024w, https:\/\/hoyre.no\/content\/uploads\/sites\/78\/2023\/05\/redalen_skrinnhagen-300x98.png 300w, https:\/\/hoyre.no\/content\/uploads\/sites\/78\/2023\/05\/redalen_skrinnhagen-768x250.png 768w, https:\/\/hoyre.no\/content\/uploads\/sites\/78\/2023\/05\/redalen_skrinnhagen-1536x500.png 1536w, https:\/\/hoyre.no\/content\/uploads\/sites\/78\/2023\/05\/redalen_skrinnhagen.png 1762w\" sizes=\"auto, (max-width: 1024px) 100vw, 1024px\" \/><\/figure>\n\n\n\n<p class=\"preamble\">F\u00f8rst m\u00e5 jeg f\u00e5 takke for et veldig godt beslutningsgrunnlag som gir god innsikt. Fra barn og unges medvirkning mener jeg \u00e5 lese tydelig hva elevene selv opplever som viktigst p\u00e5 og med skole. Ordet l\u00e6re leser jeg hele 35 ganger og ordet venn 33. Mobbing er til sammenlikning nevnt 11 ganger. \u00d8nsket om og verdien av venner synes som \u00e5 v\u00e6re langt st\u00f8rre enn frykten for \u00e5 bli mobbet hos elevene.<br><br>Det finnes vel knapt saker som engasjerer mer enn skole og skolestruktur. Vi har alle v\u00e5re egne erfaringer fra eget m\u00f8te med skolen og skolesystemet &#8211; noen gode og noen mindre gode. Erfaringer det er vanskelig \u00e5 ikke ta med seg inn i vurderingene av en slik sak.<br>Som skoleeiere er vi ansvarlige for \u00e5 legge til rette for den beste skolen for dagens og fremtidens elever i Gj\u00f8vik. Alle elever er like viktige og har rett p\u00e5 det beste l\u00e6ringsmilj\u00f8et vi kan gi de.<br><br>I det utsendte materialet er det spesielt en tabell som har gjort inntrykk p\u00e5 meg. Tabellen som viser elevtallene og fordelingen p\u00e5 trinn og mellom kj\u00f8nn p\u00e5 Redalen skole i dag. Og ikke p\u00e5 ett trinn har det kj\u00f8nnet med f\u00e6rrest elever flere enn 3 elever. P\u00e5 f\u00f8rste trinn er det kun en gutt og p\u00e5 6 trinn kun en jente. <strong>Tenk litt p\u00e5 det dere?<\/strong><br><br>Joda jeg vet at skolehverdagen blir organisert p\u00e5 en slik m\u00e5te at man har flere trinn sammen, men for denne ene eleven p\u00e5 disse to trinnene har man alts\u00e5 ingen fast medelev av samme kj\u00f8nn p\u00e5 samme alder i sin skolehverdag fra \u00e5r til \u00e5r.<br><br>Og jada jeg vet at gutter og jenter fungerer godt sammen ogs\u00e5 \u2013 men ikke alltid og i alle situasjoner og jo eldre og mer ungdom du blir s\u00e5 kan det bli veldig ensomt \u00e5 v\u00e6re alene fra sitt kj\u00f8nn.<br><br>Den siste tiden har jeg har tenkt mye p\u00e5 hvordan det er \u00e5 bare v\u00e6re en av sitt kj\u00f8nn i en klasse. Hvordan det er m\u00f8te overgangen mellom barn og ungdom som den ene? \u00a0Som mor til jenter klarer jeg ikke la v\u00e6r \u00e5 lure p\u00e5 hvem du deler at du har f\u00e5tt din f\u00f8rste menstruasjon med annet enn moren din, eller s\u00f8stern din om du er s\u00e5 heldig \u00e5 ha en? Hvem deler du din f\u00f8rste forelskelse med? Hvem snakker du med om alt du lurer p\u00e5 om alt som skjer deg i disse s\u00e5rbare \u00e5rene? De jentene du tidvis har delt skolehverdag med tidligere som allerede er etablert i nytt milj\u00f8 p\u00e5 ungdomsskolen \u2013 eller den\/de du deler skolehverdagen med i dag \u2013 men som du mister den daglig kontakten med den dagen du begynner p\u00e5 ungdomsskolen? Og hvordan ruster du deg til ungdomsskolen og m\u00f8te med flere jenter p\u00e5 egen alder og eldre som har brynet seg p\u00e5 hverandre, l\u00e6rt alle kodene \u2013 det ikkeverbale spr\u00e5ket du bare m\u00e5 kunne skal du lykkes sosialt? Hvordan klarer du \u00e5 holde fokus i timen p\u00e5 algebra, andre verdenskrig, eller Hamsuns intrikate verden om du er ensom i friminuttet?<br><br>Kj\u00e6re kollegaer; som politikere og skoleeiere \u00f8nsker vi f\u00f8rst og fremst \u00e5 bygge opp \u2013 ikke legge ned. Vi \u00f8nsker \u00e5 bygge gode l\u00e6rings- og oppvekstmilj\u00f8er for barna v\u00e5re. For oss handler ogs\u00e5 denne saken nettopp mer om \u00e5 bygge enn \u00e5 legge ned. Vi sl\u00e5r sammen og flytter alle elevene fra b\u00e5de Redalen og Skrinnhagen inn i en ny og moderne skole samtidig. Til et universelt utformet skolebygg med moderne og gode arenaer for dagens l\u00e6ring. Vi gir alle elevene mulighet til flere venner og st\u00f8rre milj\u00f8. Vi bygger med dette vedtaket b\u00e5de det skolefaglige og sosiale milj\u00f8et og styrker bygdesamfunnet for fremtiden.<br><br>Anne<\/p>\n\n\n\n\n<p><\/p>\n\n\n<div class=\"tags\">\n\t<\/div>\n<div class=\"post-footer alignfull has-background block-editor-block-list__block\" data-align=full>\n\t<div class=\"post-footer-inner\">\n\t\t<h3>Relaterte artikler<\/h3>\n\t\t<div class=\"related-content\"><div class=\"is-card-hoyre\">\n\t<div class=\"teft-card hoyre-teft-card post-teft-card\">\n\t\t<a href=\"https:\/\/hoyre.no\/gjovik\/aktuelt\/gjovik-i-utvikling-sammen-er-vi-mer-enn-alene\/\" class=\"teft-card__primary-action\">\n\n\t\t\t\t\t<div class=\"teft-card__media teft-card__media--16-9\">\n\t\t\t\t\t\t<img loading=\"lazy\" decoding=\"async\" width=\"768\" height=\"512\" src=\"https:\/\/hoyre.no\/content\/uploads\/sites\/78\/2026\/02\/ed646ad7-858c-4f3d-8243-b794451ee48f-768x512.jpeg\" class=\"attachment-medium_large size-medium_large\" alt=\"Ordf\u00f8rer Anne Bjertn\u00e6s p\u00e5 Gj\u00f8vik Galla 2025\" srcset=\"https:\/\/hoyre.no\/content\/uploads\/sites\/78\/2026\/02\/ed646ad7-858c-4f3d-8243-b794451ee48f-768x512.jpeg 768w, https:\/\/hoyre.no\/content\/uploads\/sites\/78\/2026\/02\/ed646ad7-858c-4f3d-8243-b794451ee48f-300x200.jpeg 300w, https:\/\/hoyre.no\/content\/uploads\/sites\/78\/2026\/02\/ed646ad7-858c-4f3d-8243-b794451ee48f-1024x683.jpeg 1024w, https:\/\/hoyre.no\/content\/uploads\/sites\/78\/2026\/02\/ed646ad7-858c-4f3d-8243-b794451ee48f-1536x1024.jpeg 1536w, https:\/\/hoyre.no\/content\/uploads\/sites\/78\/2026\/02\/ed646ad7-858c-4f3d-8243-b794451ee48f.jpeg 2048w\" sizes=\"auto, (max-width: 768px) 100vw, 768px\" \/>\t\t<\/div>\n\t\t\n\t\t\t<div class=\"teft-card__content-wrapper\">\n\t\t\t\t<div class=\"teft-card__secondary\">\n\t\t\t\t\t\n\t\t\t\t\t\t\t\t<div class=\"teft-card__meta\">\n\t\t\t\t\t\t\t\t\t<span class=\"post-date\">4. feb 2026<\/span>\n\n\t\t\t\t\t\t\t\t\t<span class=\"post-category\">Utvikling<\/span>\t\t\t\t\t\t\t\t<\/div>\n\t\t\t\t\t\t\t\t\t\t\t<\/div>\n\n\t\t\t\t<div class=\"teft-card__primary\">\n\t\t\t\t\t<h2 class=\"teft-card__title\">Gj\u00f8vik i utvikling \u2013 sammen er vi mer enn alene&nbsp;<span class=\"teft-card__primary-title-append\"><\/span><\/h2>\t\t\t\t<\/div>\n\t\t\t<\/div>\n\t\t<\/a>\n\t<\/div>\n\n\t<\/div><div class=\"is-card-hoyre\">\n\t<div class=\"teft-card hoyre-teft-card post-teft-card\">\n\t\t<a href=\"https:\/\/hoyre.no\/gjovik\/aktuelt\/gjovik-hoyre-vil-gjore-det-enklere-for-unge-a-etablere-seg-ogsa-som-familie\/\" class=\"teft-card__primary-action\">\n\n\t\t\t\t\t<div class=\"teft-card__media teft-card__media--16-9\">\n\t\t\t\t\t\t<img loading=\"lazy\" decoding=\"async\" width=\"768\" height=\"512\" src=\"https:\/\/hoyre.no\/content\/uploads\/sites\/78\/2026\/01\/GettyImages-1331345416-768x512.jpg\" class=\"attachment-medium_large size-medium_large\" alt=\"\" srcset=\"https:\/\/hoyre.no\/content\/uploads\/sites\/78\/2026\/01\/GettyImages-1331345416-768x512.jpg 768w, https:\/\/hoyre.no\/content\/uploads\/sites\/78\/2026\/01\/GettyImages-1331345416-300x200.jpg 300w, https:\/\/hoyre.no\/content\/uploads\/sites\/78\/2026\/01\/GettyImages-1331345416-1024x683.jpg 1024w, https:\/\/hoyre.no\/content\/uploads\/sites\/78\/2026\/01\/GettyImages-1331345416-1536x1024.jpg 1536w, https:\/\/hoyre.no\/content\/uploads\/sites\/78\/2026\/01\/GettyImages-1331345416-2048x1365.jpg 2048w\" sizes=\"auto, (max-width: 768px) 100vw, 768px\" \/>\t\t<\/div>\n\t\t\n\t\t\t<div class=\"teft-card__content-wrapper\">\n\t\t\t\t<div class=\"teft-card__secondary\">\n\t\t\t\t\t\n\t\t\t\t\t\t\t\t<div class=\"teft-card__meta\">\n\t\t\t\t\t\t\t\t\t<span class=\"post-date\">19. jan 2026<\/span>\n\n\t\t\t\t\t\t\t\t\t<span class=\"post-category\">Unge<\/span>\t\t\t\t\t\t\t\t<\/div>\n\t\t\t\t\t\t\t\t\t\t\t<\/div>\n\n\t\t\t\t<div class=\"teft-card__primary\">\n\t\t\t\t\t<h2 class=\"teft-card__title\">Gj\u00f8vik H\u00f8yre vil gj\u00f8re det enklere for unge \u00e5 etablere seg \u2013 ogs\u00e5 som familie&nbsp;<span class=\"teft-card__primary-title-append\"><\/span><\/h2>\t\t\t\t<\/div>\n\t\t\t<\/div>\n\t\t<\/a>\n\t<\/div>\n\n\t<\/div><div class=\"is-card-hoyre\">\n\t<div class=\"teft-card hoyre-teft-card post-teft-card\">\n\t\t<a href=\"https:\/\/hoyre.no\/gjovik\/aktuelt\/hoyres-lofter-for-barnefamiliers-okonomi\/\" class=\"teft-card__primary-action\">\n\n\t\t\t\t\t<div class=\"teft-card__media teft-card__media--16-9\">\n\t\t\t\t\t\t<img loading=\"lazy\" decoding=\"async\" width=\"768\" height=\"768\" src=\"https:\/\/hoyre.no\/content\/uploads\/sites\/78\/2025\/06\/Erlend-Gjolme-kvadrat-BT-Stokke-768x768.jpg\" class=\"attachment-medium_large size-medium_large\" alt=\"Stortingskandidat Erlend Gj\u00f8lme. Foto: Fotograf BT Stokke\" srcset=\"https:\/\/hoyre.no\/content\/uploads\/sites\/78\/2025\/06\/Erlend-Gjolme-kvadrat-BT-Stokke-768x768.jpg 768w, https:\/\/hoyre.no\/content\/uploads\/sites\/78\/2025\/06\/Erlend-Gjolme-kvadrat-BT-Stokke-300x300.jpg 300w, https:\/\/hoyre.no\/content\/uploads\/sites\/78\/2025\/06\/Erlend-Gjolme-kvadrat-BT-Stokke-1024x1024.jpg 1024w, https:\/\/hoyre.no\/content\/uploads\/sites\/78\/2025\/06\/Erlend-Gjolme-kvadrat-BT-Stokke-150x150.jpg 150w, https:\/\/hoyre.no\/content\/uploads\/sites\/78\/2025\/06\/Erlend-Gjolme-kvadrat-BT-Stokke-1536x1536.jpg 1536w, https:\/\/hoyre.no\/content\/uploads\/sites\/78\/2025\/06\/Erlend-Gjolme-kvadrat-BT-Stokke-2048x2048.jpg 2048w\" sizes=\"auto, (max-width: 768px) 100vw, 768px\" \/>\t\t<\/div>\n\t\t\n\t\t\t<div class=\"teft-card__content-wrapper\">\n\t\t\t\t<div class=\"teft-card__secondary\">\n\t\t\t\t\t\n\t\t\t\t\t\t\t\t<div class=\"teft-card__meta\">\n\t\t\t\t\t\t\t\t\t<span class=\"post-date\">21. aug 2025<\/span>\n\n\t\t\t\t\t\t\t\t\t<span class=\"post-category\">Valg 2025<\/span>\t\t\t\t\t\t\t\t<\/div>\n\t\t\t\t\t\t\t\t\t\t\t<\/div>\n\n\t\t\t\t<div class=\"teft-card__primary\">\n\t\t\t\t\t<h2 class=\"teft-card__title\">H\u00f8yres l\u00f8fter for barnefamiliers \u00f8konomi&nbsp;<span class=\"teft-card__primary-title-append\"><\/span><\/h2>\t\t\t\t<\/div>\n\t\t\t<\/div>\n\t\t<\/a>\n\t<\/div>\n\n\t<\/div><\/div>\t<\/div>\n<\/div>\n\n\n","protected":false},"excerpt":{"rendered":"","protected":false},"author":14274,"featured_media":0,"comment_status":"closed","ping_status":"closed","sticky":false,"template":"","format":"standard","meta":{"teft_cards_image_url":"","teft_cards_custom_pretitle":"","teft_cards_image_id":0,"teft_cards_image_focal_point_x":0,"teft_cards_image_focal_point_y":0,"teft_cards_title":"","teft_cards_excerpt":"","teft_show_chapters":false,"author_display_name":"","footnotes":""},"category":[1],"post_tag":[],"hoyre-visibility":[],"article-type":[],"politician":[],"class_list":["post-136","post","type-post","status-publish","format-standard","hentry","category-ukategorisert"],"yoast_head":"<!-- This site is optimized with the Yoast SEO plugin v26.6 - https:\/\/yoast.com\/wordpress\/plugins\/seo\/ -->\n<title>Anne sitt innlegg til kommunestyre vedr\u00f8rende sammensl\u00e5ing av Redalen og Skrinnhagen - Gj\u00f8vik H\u00f8yre<\/title>\n<meta name=\"robots\" content=\"index, follow, max-snippet:-1, max-image-preview:large, max-video-preview:-1\" \/>\n<link rel=\"canonical\" href=\"https:\/\/hoyre.no\/gjovik\/aktuelt\/anne-sitt-innlegg-til-kommunestyre-vedrorende-sammenslaing-av-redalen-og-skrinnhagen\/\" \/>\n<meta property=\"og:locale\" content=\"nb_NO\" \/>\n<meta property=\"og:type\" content=\"article\" \/>\n<meta property=\"og:title\" content=\"Anne sitt innlegg til kommunestyre vedr\u00f8rende sammensl\u00e5ing av Redalen og Skrinnhagen - Gj\u00f8vik H\u00f8yre\" \/>\n<meta property=\"og:url\" content=\"https:\/\/hoyre.no\/gjovik\/aktuelt\/anne-sitt-innlegg-til-kommunestyre-vedrorende-sammenslaing-av-redalen-og-skrinnhagen\/\" \/>\n<meta property=\"og:site_name\" content=\"Gj\u00f8vik H\u00f8yre\" \/>\n<meta property=\"article:published_time\" content=\"2023-05-29T16:05:02+00:00\" \/>\n<meta property=\"article:modified_time\" content=\"2023-05-29T16:05:03+00:00\" \/>\n<meta property=\"og:image\" content=\"https:\/\/hoyre.no\/content\/uploads\/sites\/78\/2025\/06\/Erlend-Gjolme-kvadrat-BT-Stokke-1024x1024.jpg\" \/>\n<meta name=\"author\" content=\"Mats Thorvaldsen\" \/>\n<meta name=\"twitter:card\" content=\"summary_large_image\" \/>\n<meta name=\"twitter:label1\" content=\"Skrevet av\" \/>\n\t<meta name=\"twitter:data1\" content=\"Mats Thorvaldsen\" \/>\n\t<meta name=\"twitter:label2\" content=\"Ansl. lesetid\" \/>\n\t<meta name=\"twitter:data2\" content=\"4 minutter\" \/>\n<script type=\"application\/ld+json\" class=\"yoast-schema-graph\">{\"@context\":\"https:\/\/schema.org\",\"@graph\":[{\"@type\":\"NewsArticle\",\"@id\":\"https:\/\/hoyre.no\/gjovik\/aktuelt\/anne-sitt-innlegg-til-kommunestyre-vedrorende-sammenslaing-av-redalen-og-skrinnhagen\/\",\"url\":\"https:\/\/hoyre.no\/gjovik\/aktuelt\/anne-sitt-innlegg-til-kommunestyre-vedrorende-sammenslaing-av-redalen-og-skrinnhagen\/\",\"name\":\"Anne sitt innlegg til kommunestyre vedr\u00f8rende sammensl\u00e5ing av Redalen og Skrinnhagen - Gj\u00f8vik H\u00f8yre\",\"isPartOf\":{\"@id\":\"https:\/\/hoyre.no\/gjovik\/#website\"},\"image\":{\"@id\":\"https:\/\/hoyre.no\/gjovik\/aktuelt\/anne-sitt-innlegg-til-kommunestyre-vedrorende-sammenslaing-av-redalen-og-skrinnhagen\/#primaryimage\"},\"thumbnailUrl\":\"https:\/\/hoyre.no\/content\/uploads\/sites\/78\/2023\/05\/redalen_skrinnhagen-1024x334.png\",\"datePublished\":\"2023-05-29T16:05:02+00:00\",\"dateModified\":\"2023-05-29T16:05:03+00:00\",\"author\":{\"@id\":\"https:\/\/hoyre.no\/gjovik\/#\/schema\/person\/bf3fc14a9ad1311d5a81e763707f74bf\"},\"breadcrumb\":{\"@id\":\"https:\/\/hoyre.no\/gjovik\/aktuelt\/anne-sitt-innlegg-til-kommunestyre-vedrorende-sammenslaing-av-redalen-og-skrinnhagen\/#breadcrumb\"},\"inLanguage\":\"nb-NO\",\"potentialAction\":[{\"@type\":\"ReadAction\",\"target\":[\"https:\/\/hoyre.no\/gjovik\/aktuelt\/anne-sitt-innlegg-til-kommunestyre-vedrorende-sammenslaing-av-redalen-og-skrinnhagen\/\"]}]},{\"@type\":\"ImageObject\",\"inLanguage\":\"nb-NO\",\"@id\":\"https:\/\/hoyre.no\/gjovik\/aktuelt\/anne-sitt-innlegg-til-kommunestyre-vedrorende-sammenslaing-av-redalen-og-skrinnhagen\/#primaryimage\",\"url\":\"https:\/\/hoyre.no\/content\/uploads\/sites\/78\/2023\/05\/redalen_skrinnhagen-1024x334.png\",\"contentUrl\":\"https:\/\/hoyre.no\/content\/uploads\/sites\/78\/2023\/05\/redalen_skrinnhagen-1024x334.png\"},{\"@type\":\"BreadcrumbList\",\"@id\":\"https:\/\/hoyre.no\/gjovik\/aktuelt\/anne-sitt-innlegg-til-kommunestyre-vedrorende-sammenslaing-av-redalen-og-skrinnhagen\/#breadcrumb\",\"itemListElement\":[{\"@type\":\"ListItem\",\"position\":1,\"name\":\"Til hoyre.no\",\"item\":\"https:\/\/hoyre.no\"},{\"@type\":\"ListItem\",\"position\":2,\"name\":\"Hjem\",\"item\":\"https:\/\/hoyre.no\/gjovik\/\"},{\"@type\":\"ListItem\",\"position\":3,\"name\":\"Anne sitt innlegg til kommunestyre vedr\u00f8rende sammensl\u00e5ing av Redalen og Skrinnhagen\"}]},{\"@type\":\"WebSite\",\"@id\":\"https:\/\/hoyre.no\/gjovik\/#website\",\"url\":\"https:\/\/hoyre.no\/gjovik\/\",\"name\":\"Gj\u00f8vik H\u00f8yre\",\"description\":\"Bare enda et H\u00f8yres nettsteder-nettsted\",\"inLanguage\":\"nb-NO\"},{\"@type\":\"Person\",\"@id\":\"https:\/\/hoyre.no\/gjovik\/#\/schema\/person\/bf3fc14a9ad1311d5a81e763707f74bf\",\"name\":\"Mats Thorvaldsen\",\"image\":{\"@type\":\"ImageObject\",\"inLanguage\":\"nb-NO\",\"@id\":\"https:\/\/hoyre.no\/gjovik\/#\/schema\/person\/image\/\",\"url\":\"https:\/\/secure.gravatar.com\/avatar\/e497ccca24569eb2a7ed3cfa95ecbd2497a58756e607ef1255143135a78bb2d7?s=96&d=mm&r=g\",\"contentUrl\":\"https:\/\/secure.gravatar.com\/avatar\/e497ccca24569eb2a7ed3cfa95ecbd2497a58756e607ef1255143135a78bb2d7?s=96&d=mm&r=g\",\"caption\":\"Mats Thorvaldsen\"},\"url\":\"https:\/\/hoyre.no\/gjovik\/aktuelt\/author\/m51822831\/\"}]}<\/script>\n<!-- \/ Yoast SEO plugin. -->","yoast_head_json":{"title":"Anne sitt innlegg til kommunestyre vedr\u00f8rende sammensl\u00e5ing av Redalen og Skrinnhagen - Gj\u00f8vik H\u00f8yre","robots":{"index":"index","follow":"follow","max-snippet":"max-snippet:-1","max-image-preview":"max-image-preview:large","max-video-preview":"max-video-preview:-1"},"canonical":"https:\/\/hoyre.no\/gjovik\/aktuelt\/anne-sitt-innlegg-til-kommunestyre-vedrorende-sammenslaing-av-redalen-og-skrinnhagen\/","og_locale":"nb_NO","og_type":"article","og_title":"Anne sitt innlegg til kommunestyre vedr\u00f8rende sammensl\u00e5ing av Redalen og Skrinnhagen - Gj\u00f8vik H\u00f8yre","og_url":"https:\/\/hoyre.no\/gjovik\/aktuelt\/anne-sitt-innlegg-til-kommunestyre-vedrorende-sammenslaing-av-redalen-og-skrinnhagen\/","og_site_name":"Gj\u00f8vik H\u00f8yre","article_published_time":"2023-05-29T16:05:02+00:00","article_modified_time":"2023-05-29T16:05:03+00:00","og_image":[{"url":"https:\/\/hoyre.no\/content\/uploads\/sites\/78\/2025\/06\/Erlend-Gjolme-kvadrat-BT-Stokke-1024x1024.jpg","width":"","height":"","type":""}],"author":"Mats Thorvaldsen","twitter_card":"summary_large_image","twitter_misc":{"Skrevet av":"Mats Thorvaldsen","Ansl. lesetid":"4 minutter"},"schema":{"@context":"https:\/\/schema.org","@graph":[{"@type":"NewsArticle","@id":"https:\/\/hoyre.no\/gjovik\/aktuelt\/anne-sitt-innlegg-til-kommunestyre-vedrorende-sammenslaing-av-redalen-og-skrinnhagen\/","url":"https:\/\/hoyre.no\/gjovik\/aktuelt\/anne-sitt-innlegg-til-kommunestyre-vedrorende-sammenslaing-av-redalen-og-skrinnhagen\/","name":"Anne sitt innlegg til kommunestyre vedr\u00f8rende sammensl\u00e5ing av Redalen og Skrinnhagen - Gj\u00f8vik H\u00f8yre","isPartOf":{"@id":"https:\/\/hoyre.no\/gjovik\/#website"},"image":{"@id":"https:\/\/hoyre.no\/gjovik\/aktuelt\/anne-sitt-innlegg-til-kommunestyre-vedrorende-sammenslaing-av-redalen-og-skrinnhagen\/#primaryimage"},"thumbnailUrl":"https:\/\/hoyre.no\/content\/uploads\/sites\/78\/2023\/05\/redalen_skrinnhagen-1024x334.png","datePublished":"2023-05-29T16:05:02+00:00","dateModified":"2023-05-29T16:05:03+00:00","author":{"@id":"https:\/\/hoyre.no\/gjovik\/#\/schema\/person\/bf3fc14a9ad1311d5a81e763707f74bf"},"breadcrumb":{"@id":"https:\/\/hoyre.no\/gjovik\/aktuelt\/anne-sitt-innlegg-til-kommunestyre-vedrorende-sammenslaing-av-redalen-og-skrinnhagen\/#breadcrumb"},"inLanguage":"nb-NO","potentialAction":[{"@type":"ReadAction","target":["https:\/\/hoyre.no\/gjovik\/aktuelt\/anne-sitt-innlegg-til-kommunestyre-vedrorende-sammenslaing-av-redalen-og-skrinnhagen\/"]}]},{"@type":"ImageObject","inLanguage":"nb-NO","@id":"https:\/\/hoyre.no\/gjovik\/aktuelt\/anne-sitt-innlegg-til-kommunestyre-vedrorende-sammenslaing-av-redalen-og-skrinnhagen\/#primaryimage","url":"https:\/\/hoyre.no\/content\/uploads\/sites\/78\/2023\/05\/redalen_skrinnhagen-1024x334.png","contentUrl":"https:\/\/hoyre.no\/content\/uploads\/sites\/78\/2023\/05\/redalen_skrinnhagen-1024x334.png"},{"@type":"BreadcrumbList","@id":"https:\/\/hoyre.no\/gjovik\/aktuelt\/anne-sitt-innlegg-til-kommunestyre-vedrorende-sammenslaing-av-redalen-og-skrinnhagen\/#breadcrumb","itemListElement":[{"@type":"ListItem","position":1,"name":"Til hoyre.no","item":"https:\/\/hoyre.no"},{"@type":"ListItem","position":2,"name":"Hjem","item":"https:\/\/hoyre.no\/gjovik\/"},{"@type":"ListItem","position":3,"name":"Anne sitt innlegg til kommunestyre vedr\u00f8rende sammensl\u00e5ing av Redalen og Skrinnhagen"}]},{"@type":"WebSite","@id":"https:\/\/hoyre.no\/gjovik\/#website","url":"https:\/\/hoyre.no\/gjovik\/","name":"Gj\u00f8vik H\u00f8yre","description":"Bare enda et H\u00f8yres nettsteder-nettsted","inLanguage":"nb-NO"},{"@type":"Person","@id":"https:\/\/hoyre.no\/gjovik\/#\/schema\/person\/bf3fc14a9ad1311d5a81e763707f74bf","name":"Mats Thorvaldsen","image":{"@type":"ImageObject","inLanguage":"nb-NO","@id":"https:\/\/hoyre.no\/gjovik\/#\/schema\/person\/image\/","url":"https:\/\/secure.gravatar.com\/avatar\/e497ccca24569eb2a7ed3cfa95ecbd2497a58756e607ef1255143135a78bb2d7?s=96&d=mm&r=g","contentUrl":"https:\/\/secure.gravatar.com\/avatar\/e497ccca24569eb2a7ed3cfa95ecbd2497a58756e607ef1255143135a78bb2d7?s=96&d=mm&r=g","caption":"Mats Thorvaldsen"},"url":"https:\/\/hoyre.no\/gjovik\/aktuelt\/author\/m51822831\/"}]}},"distributor_meta":false,"distributor_terms":false,"distributor_media":false,"distributor_original_site_name":"Gj\u00f8vik H\u00f8yre","distributor_original_site_url":"https:\/\/hoyre.no\/gjovik","push-errors":false,"_links":{"self":[{"href":"https:\/\/hoyre.no\/gjovik\/wp-json\/wp\/v2\/posts\/136","targetHints":{"allow":["GET"]}}],"collection":[{"href":"https:\/\/hoyre.no\/gjovik\/wp-json\/wp\/v2\/posts"}],"about":[{"href":"https:\/\/hoyre.no\/gjovik\/wp-json\/wp\/v2\/types\/post"}],"author":[{"embeddable":true,"href":"https:\/\/hoyre.no\/gjovik\/wp-json\/wp\/v2\/users\/14274"}],"replies":[{"embeddable":true,"href":"https:\/\/hoyre.no\/gjovik\/wp-json\/wp\/v2\/comments?post=136"}],"version-history":[{"count":2,"href":"https:\/\/hoyre.no\/gjovik\/wp-json\/wp\/v2\/posts\/136\/revisions"}],"predecessor-version":[{"id":139,"href":"https:\/\/hoyre.no\/gjovik\/wp-json\/wp\/v2\/posts\/136\/revisions\/139"}],"wp:attachment":[{"href":"https:\/\/hoyre.no\/gjovik\/wp-json\/wp\/v2\/media?parent=136"}],"wp:term":[{"taxonomy":"category","embeddable":true,"href":"https:\/\/hoyre.no\/gjovik\/wp-json\/wp\/v2\/category?post=136"},{"taxonomy":"post_tag","embeddable":true,"href":"https:\/\/hoyre.no\/gjovik\/wp-json\/wp\/v2\/post_tag?post=136"},{"taxonomy":"hoyre-visibility","embeddable":true,"href":"https:\/\/hoyre.no\/gjovik\/wp-json\/wp\/v2\/hoyre-visibility?post=136"},{"taxonomy":"article-type","embeddable":true,"href":"https:\/\/hoyre.no\/gjovik\/wp-json\/wp\/v2\/article-type?post=136"},{"taxonomy":"politician","embeddable":true,"href":"https:\/\/hoyre.no\/gjovik\/wp-json\/wp\/v2\/politician?post=136"}],"curies":[{"name":"wp","href":"https:\/\/api.w.org\/{rel}","templated":true}]}}