{"id":145,"date":"2023-06-11T11:52:57","date_gmt":"2023-06-11T09:52:57","guid":{"rendered":"https:\/\/hoyre.no\/gloppen\/?p=145"},"modified":"2023-06-29T20:35:19","modified_gmt":"2023-06-29T18:35:19","slug":"runar-stensaker-kleppe-grunderen-fra-byrkjelo-som-er-var-3-kandidat","status":"publish","type":"post","link":"https:\/\/hoyre.no\/gloppen\/aktuelt\/runar-stensaker-kleppe-grunderen-fra-byrkjelo-som-er-var-3-kandidat\/","title":{"rendered":"Runar Stensaker Kleppe \u00a0\u2013 Gr\u00fcnderen fr\u00e5 Byrkjelo som er v\u00e5r 3. kandidat."},"content":{"rendered":"\n<p class=\"preamble\">Runar Stensaker Kleppe er energibunten fr\u00e5 Byrkjelo som er meir oppteken av n\u00e6ringsutvikling enn dei fleste.<\/p>\t\t\t<div class=\"post-meta wp-block teft-byline-wrapper\">\n\t\t\t\t<div class=\"top\">\n\t\t\t\t\t<div class=\"signature\">\n\t\t\t\t\t\t<div class=\"teft-byline\">\n\t\t\t\t\t\t\t\t\t\t\t\t\t\t<div>\n\t\t\t\t\t\t\t\t<h3>H\u00f8yres redaksjon<\/h3>\t\t\t\t\t\t\t\t\n\t\t\t\t\t\t\t\t\t\t\t\t\t\t\t\t\t<span class=\"date\">Sist oppdatert: 29. juni 2023<\/span>\n\t\t\t\t\t\t\t\t\t\t\t\t\t\t\t\t\t\t\t\t\t\t\t\t\t<span class=\"reading-time\" itemprop=\"timeRequired\" content=\"PT3M\"><em>Ca. 3 minutter lesetid<\/em><\/span>\n\t\t\t\t\t\t\t\t\t\t\t\t\t\t\t<\/div>\n\t\t\t\t\t\t<\/div>\n\t\t\t\t\t<\/div>\n\t\t\t\t\t\t<div class=\"sharing\">\n\t\t<a class=\"share-button share-link copy-link\" data-copy=\"https:\/\/hoyre.no\/gloppen\/aktuelt\/runar-stensaker-kleppe-grunderen-fra-byrkjelo-som-er-var-3-kandidat\/\" target=\"_blank\"><span class=\"screen-reader-text\">Del link<\/span><\/a>\n\t\t<a class=\"share-button share-twitter\" href=\"http:\/\/twitter.com\/share?text=Runar Stensaker Kleppe \u00a0\u2013 Gr\u00fcnderen fr\u00e5 Byrkjelo som er v\u00e5r 3. kandidat.&#038;url=https:\/\/hoyre.no\/gloppen\/aktuelt\/runar-stensaker-kleppe-grunderen-fra-byrkjelo-som-er-var-3-kandidat\/&#038;hashtags=Hoyre\" target=\"_blank\"><span class=\"screen-reader-text\">Del p\u00e5 twitter<\/span><\/a>\n\t\t<a class=\"share-button share-facebook\" href=\"https:\/\/www.facebook.com\/sharer\/sharer.php?u=https:\/\/hoyre.no\/gloppen\/aktuelt\/runar-stensaker-kleppe-grunderen-fra-byrkjelo-som-er-var-3-kandidat\/\" target=\"_blank\"><span class=\"screen-reader-text\">Del p\u00e5 facebook<\/span><\/a>\n\t<\/div>\n\t\t\t\t\t<\/div>\n\t\t\t<\/div>\n\n\t\t\t<figure class=\"hoyre-image-wrapper\"><div class=\"hoyre-image\"><img loading=\"lazy\" decoding=\"async\" width=\"1850\" height=\"2369\" src=\"https:\/\/hoyre.no\/content\/uploads\/sites\/335\/2023\/05\/Runar-S-Kleppe-II-2.jpg\" class=\"attachment-scaled size-scaled\" alt=\"\" style=\"object-position: 50% 50%\" srcset=\"https:\/\/hoyre.no\/content\/uploads\/sites\/335\/2023\/05\/Runar-S-Kleppe-II-2.jpg 1850w, https:\/\/hoyre.no\/content\/uploads\/sites\/335\/2023\/05\/Runar-S-Kleppe-II-2-234x300.jpg 234w, https:\/\/hoyre.no\/content\/uploads\/sites\/335\/2023\/05\/Runar-S-Kleppe-II-2-800x1024.jpg 800w, https:\/\/hoyre.no\/content\/uploads\/sites\/335\/2023\/05\/Runar-S-Kleppe-II-2-768x983.jpg 768w, https:\/\/hoyre.no\/content\/uploads\/sites\/335\/2023\/05\/Runar-S-Kleppe-II-2-1199x1536.jpg 1199w, https:\/\/hoyre.no\/content\/uploads\/sites\/335\/2023\/05\/Runar-S-Kleppe-II-2-1599x2048.jpg 1599w\" sizes=\"auto, (max-width: 1850px) 100vw, 1850px\" \/><\/div><\/figure>\n\n\n\n\n<p>Runar er etter kvart ein velkjend person.&nbsp; Ikkje minst i Breim, men ogs\u00e5 resten av kommunen har f\u00e5tt med seg energibunten som f\u00e5r mykje til \u00e5 skje i Byrkjelo\/Breimsomr\u00e5det.<\/p>\n\n\n\n<p>Runar er 35 \u00e5r , bur i Bj\u00f8rnarheimsura p\u00e5 Byrkjelo saman med sambuar Silje, og tre born p\u00e5 4, 8, og 11 \u00e5r.&nbsp; \u2013 Her trivast vi sv\u00e6rt godt, vi har utsikt over heile bygda, og vi har gode naboar.&nbsp; I vinter har vi bygt p\u00e5 huset, og no er det vorte slik vi \u00f8nskjer.&nbsp; I alle fall n\u00e5r det ein gong vert ferdig, legg han til med litt humor, vel vitande om at kvardagane er fullt opptekne med alt han er engasjert i.<\/p>\n\n\n\n<p>3. kandidaten driv eit eige firma, som i hovudsak er engasjert i bygg- og anleggsverksemd. \u2013 I tillegg er eg med i vaktordninga til Gloppen Brann og Redning, der eg har overordna vakt kvar 4. veke, fortel han.&nbsp; Han har ogs\u00e5 ein finger med i \u00abalt som skjer\u00bb av nye tiltak p\u00e5 Byrkjelo, og eit eksempel p\u00e5 det er den nye Greenstation Ladestasjonen i tilknyting til Best-stasjonen. Der er mange prosjekt \u00e5 engasjere seg i, som opptek mykje av tida, fortel han<\/p>\n\n\n\n<p>-Og n\u00e5r vinteren kjem, finn du meg p\u00e5 Utvikfjellet, der eg er driftsleiar for Utvikfjellet Skitrekk. Eg er ein av dei som alltid h\u00e5par p\u00e5 sn\u00f8rike vintrar, seier Runar.<\/p>\n\n\n\n<p>Runar er ikkje av dei mest feriebereiste til det store utland. \u2013 Eg er av den s\u00e6rdeles heimkj\u00e6re sorten, og ein feriedag for meg er \u00e5 kunne v\u00e6re heime, sulle vekk dagen med diverse sm\u00e5prosjekt, utan lyd p\u00e5 telefonen. &#8211; N\u00e5r det gjeld reisem\u00e5l, har eg vore b\u00e5de p\u00e5 Svalbard og Island i samband med jobb, og det er plassar eg godt kunne tatt med meg familien for \u00e5 utforske meir.<\/p>\n\n\n\n<p>N\u00e5 det gjeld politikk, meiner Runar at Gloppen H\u00f8gre har eit godt program \u00e5 g\u00e5 til val p\u00e5.&nbsp; &#8211; For meg er det n\u00e6ring og oppvekst som er omr\u00e5da som st\u00e5r meg n\u00e6rast. Gloppen m\u00e5 satse tyngre p\u00e5 \u00e5 legge til rette for dei som vil drive n\u00e6ring her, anten det er eksisterande eller nye n\u00e6ringar.<\/p>\n\n\n\n<p>-At oppvekst har gode vilk\u00e5r, meiner eg er veldig viktig, d\u00e5 det er framtida v\u00e5r vi innvisterar i. Vi treng motiverte l\u00e6rarar og born, og ikkje minst m\u00e5 ein st\u00f8tte opp om , og legge til rette for alle dei fantastiske fritidstilboda vi har her i kommunen.<\/p>\n\n\n\n<p>At Gloppen H\u00f8gre f\u00e5r fleire representantar i kommunestyret til hausten, har Runar god tru p\u00e5. &#8211; Eg trur vi vil f\u00e5 fleire representantar i komande periode. Vi har ei bra liste, og eg trur mange ser at ein treng litt meir \u00abblanda drops\u00bb&nbsp; en kva det har vore i dei siste \u00e5ra.<\/p>\n\n\n\n<p>N\u00e5r Runar skal trekke fram nokon fr\u00e5 politikken som han har respekt for, ser han over partigrensene. &#8211; Nils R Sandal m\u00e5 eg trekke fram som ein politikar som har fasinert meg litt. Han var ein politikar som skapte tillit, og bidrog med mykje positivitet, og har brukt erfaringa si fr\u00e5 politikken til \u00e5 gjere ein stor innsats i sine verv i ettertid.<\/p>\n\n\n<div class=\"tags\">\n\t<\/div>\n<div class=\"post-footer alignfull has-background block-editor-block-list__block\" data-align=full>\n\t<div class=\"post-footer-inner\">\n\t\t<h3>Relaterte artikler<\/h3>\n\t\t<div class=\"related-content\"><div class=\"is-card-hoyre\">\n\t<div class=\"teft-card hoyre-teft-card post-teft-card\">\n\t\t<a href=\"https:\/\/hoyre.no\/gloppen\/aktuelt\/gloppen-hogre-med-klar-tale\/\" class=\"teft-card__primary-action\">\n\n\t\t\t\t\t<div class=\"teft-card__media teft-card__media--16-9\">\n\t\t\t\t\t\t<img loading=\"lazy\" decoding=\"async\" width=\"768\" height=\"576\" src=\"https:\/\/hoyre.no\/content\/uploads\/sites\/335\/2024\/04\/IMG_20221103_160823-\u2013-Kopi-768x576.jpg\" class=\"attachment-medium_large size-medium_large\" alt=\"Elias Eide (i midten) p\u00e5 bes\u00f8k i Gloppen\" srcset=\"https:\/\/hoyre.no\/content\/uploads\/sites\/335\/2024\/04\/IMG_20221103_160823-\u2013-Kopi-768x576.jpg 768w, https:\/\/hoyre.no\/content\/uploads\/sites\/335\/2024\/04\/IMG_20221103_160823-\u2013-Kopi-300x225.jpg 300w, https:\/\/hoyre.no\/content\/uploads\/sites\/335\/2024\/04\/IMG_20221103_160823-\u2013-Kopi-1024x768.jpg 1024w, https:\/\/hoyre.no\/content\/uploads\/sites\/335\/2024\/04\/IMG_20221103_160823-\u2013-Kopi-1536x1152.jpg 1536w, https:\/\/hoyre.no\/content\/uploads\/sites\/335\/2024\/04\/IMG_20221103_160823-\u2013-Kopi-2048x1536.jpg 2048w\" sizes=\"auto, (max-width: 768px) 100vw, 768px\" \/>\t\t<\/div>\n\t\t\n\t\t\t<div class=\"teft-card__content-wrapper\">\n\t\t\t\t<div class=\"teft-card__secondary\">\n\t\t\t\t\t\n\t\t\t\t\t\t\t\t<div class=\"teft-card__meta\">\n\t\t\t\t\t\t\t\t\t<span class=\"post-date\">6. apr 2024<\/span>\n\n\t\t\t\t\t\t\t\t\t\t\t\t\t\t\t\t\t<\/div>\n\t\t\t\t\t\t\t\t\t\t\t<\/div>\n\n\t\t\t\t<div class=\"teft-card__primary\">\n\t\t\t\t\t<h2 class=\"teft-card__title\">H\u00f8gre med klar tale&nbsp;<span class=\"teft-card__primary-title-append\"><\/span><\/h2>\t\t\t\t<\/div>\n\t\t\t<\/div>\n\t\t<\/a>\n\t<\/div>\n\n\t<\/div><div class=\"is-card-hoyre\">\n\t<div class=\"teft-card hoyre-teft-card post-teft-card\">\n\t\t<a href=\"https:\/\/hoyre.no\/gloppen\/aktuelt\/arsmote-i-gloppen-hogre\/\" class=\"teft-card__primary-action\">\n\n\t\t\t\t\t<div class=\"teft-card__media teft-card__media--16-9\">\n\t\t\t\t\t\t<img loading=\"lazy\" decoding=\"async\" width=\"768\" height=\"1024\" src=\"https:\/\/hoyre.no\/content\/uploads\/sites\/335\/2024\/02\/421598319_395593249632621_3508983514887109846_n-768x1024.jpg\" class=\"attachment-medium_large size-medium_large\" alt=\"\" srcset=\"https:\/\/hoyre.no\/content\/uploads\/sites\/335\/2024\/02\/421598319_395593249632621_3508983514887109846_n-768x1024.jpg 768w, https:\/\/hoyre.no\/content\/uploads\/sites\/335\/2024\/02\/421598319_395593249632621_3508983514887109846_n-225x300.jpg 225w, https:\/\/hoyre.no\/content\/uploads\/sites\/335\/2024\/02\/421598319_395593249632621_3508983514887109846_n-1152x1536.jpg 1152w, https:\/\/hoyre.no\/content\/uploads\/sites\/335\/2024\/02\/421598319_395593249632621_3508983514887109846_n.jpg 1179w\" sizes=\"auto, (max-width: 768px) 100vw, 768px\" \/>\t\t<\/div>\n\t\t\n\t\t\t<div class=\"teft-card__content-wrapper\">\n\t\t\t\t<div class=\"teft-card__secondary\">\n\t\t\t\t\t\n\t\t\t\t\t\t\t\t<div class=\"teft-card__meta\">\n\t\t\t\t\t\t\t\t\t<span class=\"post-date\">4. feb 2024<\/span>\n\n\t\t\t\t\t\t\t\t\t\t\t\t\t\t\t\t\t<\/div>\n\t\t\t\t\t\t\t\t\t\t\t<\/div>\n\n\t\t\t\t<div class=\"teft-card__primary\">\n\t\t\t\t\t<h2 class=\"teft-card__title\">\u00c5rsm\u00f8te i Gloppen H\u00f8gre&nbsp;<span class=\"teft-card__primary-title-append\"><\/span><\/h2>\t\t\t\t<\/div>\n\t\t\t<\/div>\n\t\t<\/a>\n\t<\/div>\n\n\t<\/div><div class=\"is-card-hoyre\">\n\t<div class=\"teft-card hoyre-teft-card post-teft-card\">\n\t\t<a href=\"https:\/\/hoyre.no\/gloppen\/aktuelt\/klar-for-ny-kommunestyreperiode\/\" class=\"teft-card__primary-action\">\n\n\t\t\t\t\t<div class=\"teft-card__media teft-card__media--16-9\">\n\t\t\t\t\t\t<img loading=\"lazy\" decoding=\"async\" width=\"768\" height=\"628\" src=\"https:\/\/hoyre.no\/content\/uploads\/sites\/335\/2023\/09\/Gruppe-II-768x628.jpg\" class=\"attachment-medium_large size-medium_large\" alt=\"\" srcset=\"https:\/\/hoyre.no\/content\/uploads\/sites\/335\/2023\/09\/Gruppe-II-768x628.jpg 768w, https:\/\/hoyre.no\/content\/uploads\/sites\/335\/2023\/09\/Gruppe-II-300x245.jpg 300w, https:\/\/hoyre.no\/content\/uploads\/sites\/335\/2023\/09\/Gruppe-II-1024x838.jpg 1024w, https:\/\/hoyre.no\/content\/uploads\/sites\/335\/2023\/09\/Gruppe-II-1536x1257.jpg 1536w, https:\/\/hoyre.no\/content\/uploads\/sites\/335\/2023\/09\/Gruppe-II-2048x1676.jpg 2048w\" sizes=\"auto, (max-width: 768px) 100vw, 768px\" \/>\t\t<\/div>\n\t\t\n\t\t\t<div class=\"teft-card__content-wrapper\">\n\t\t\t\t<div class=\"teft-card__secondary\">\n\t\t\t\t\t\n\t\t\t\t\t\t\t\t<div class=\"teft-card__meta\">\n\t\t\t\t\t\t\t\t\t<span class=\"post-date\">27. sep 2023<\/span>\n\n\t\t\t\t\t\t\t\t\t\t\t\t\t\t\t\t\t<\/div>\n\t\t\t\t\t\t\t\t\t\t\t<\/div>\n\n\t\t\t\t<div class=\"teft-card__primary\">\n\t\t\t\t\t<h2 class=\"teft-card__title\">Klar for ny kommunestyreperiode&nbsp;<span class=\"teft-card__primary-title-append\"><\/span><\/h2>\t\t\t\t<\/div>\n\t\t\t<\/div>\n\t\t<\/a>\n\t<\/div>\n\n\t<\/div><\/div>\t<\/div>\n<\/div>\n","protected":false},"excerpt":{"rendered":"","protected":false},"author":23106,"featured_media":0,"comment_status":"closed","ping_status":"closed","sticky":false,"template":"","format":"standard","meta":{"teft_cards_image_url":"","teft_cards_custom_pretitle":"","teft_cards_image_id":173,"teft_cards_image_focal_point_x":0.5,"teft_cards_image_focal_point_y":0.5,"teft_cards_title":"","teft_cards_excerpt":"","teft_show_chapters":false,"author_display_name":"","footnotes":""},"category":[1],"post_tag":[],"hoyre-visibility":[],"article-type":[],"politician":[],"class_list":["post-145","post","type-post","status-publish","format-standard","hentry","category-ukategorisert"],"yoast_head":"<!-- This site is optimized with the Yoast SEO plugin v26.6 - https:\/\/yoast.com\/wordpress\/plugins\/seo\/ -->\n<title>Runar Stensaker Kleppe \u00a0\u2013 Gr\u00fcnderen fr\u00e5 Byrkjelo som er v\u00e5r 3. kandidat. - Gloppen H\u00f8gre<\/title>\n<meta name=\"robots\" content=\"index, follow, max-snippet:-1, max-image-preview:large, max-video-preview:-1\" \/>\n<link rel=\"canonical\" href=\"https:\/\/hoyre.no\/gloppen\/aktuelt\/runar-stensaker-kleppe-grunderen-fra-byrkjelo-som-er-var-3-kandidat\/\" \/>\n<meta property=\"og:locale\" content=\"nn_NO\" \/>\n<meta property=\"og:type\" content=\"article\" \/>\n<meta property=\"og:title\" content=\"Runar Stensaker Kleppe \u00a0\u2013 Gr\u00fcnderen fr\u00e5 Byrkjelo som er v\u00e5r 3. kandidat. - Gloppen H\u00f8gre\" \/>\n<meta property=\"og:url\" content=\"https:\/\/hoyre.no\/gloppen\/aktuelt\/runar-stensaker-kleppe-grunderen-fra-byrkjelo-som-er-var-3-kandidat\/\" \/>\n<meta property=\"og:site_name\" content=\"Gloppen H\u00f8gre\" \/>\n<meta property=\"article:published_time\" content=\"2023-06-11T09:52:57+00:00\" \/>\n<meta property=\"article:modified_time\" content=\"2023-06-29T18:35:19+00:00\" \/>\n<meta property=\"og:image\" content=\"https:\/\/hoyre.no\/content\/uploads\/sites\/335\/2023\/09\/Gruppe-II-1024x838.jpg\" \/>\n<meta name=\"author\" content=\"Dagfinn Kaspar Nyhammer\" \/>\n<meta name=\"twitter:card\" content=\"summary_large_image\" \/>\n<meta name=\"twitter:label1\" content=\"Written by\" \/>\n\t<meta name=\"twitter:data1\" content=\"Dagfinn Kaspar Nyhammer\" \/>\n\t<meta name=\"twitter:label2\" content=\"Est. reading time\" \/>\n\t<meta name=\"twitter:data2\" content=\"3 minutt\" \/>\n<script type=\"application\/ld+json\" class=\"yoast-schema-graph\">{\"@context\":\"https:\/\/schema.org\",\"@graph\":[{\"@type\":\"NewsArticle\",\"@id\":\"https:\/\/hoyre.no\/gloppen\/aktuelt\/runar-stensaker-kleppe-grunderen-fra-byrkjelo-som-er-var-3-kandidat\/\",\"url\":\"https:\/\/hoyre.no\/gloppen\/aktuelt\/runar-stensaker-kleppe-grunderen-fra-byrkjelo-som-er-var-3-kandidat\/\",\"name\":\"Runar Stensaker Kleppe \u00a0\u2013 Gr\u00fcnderen fr\u00e5 Byrkjelo som er v\u00e5r 3. kandidat. - Gloppen H\u00f8gre\",\"isPartOf\":{\"@id\":\"https:\/\/hoyre.no\/gloppen\/#website\"},\"datePublished\":\"2023-06-11T09:52:57+00:00\",\"dateModified\":\"2023-06-29T18:35:19+00:00\",\"author\":{\"@id\":\"https:\/\/hoyre.no\/gloppen\/#\/schema\/person\/2dbbd30fcd69b9f4571eff3b108e6f4b\"},\"breadcrumb\":{\"@id\":\"https:\/\/hoyre.no\/gloppen\/aktuelt\/runar-stensaker-kleppe-grunderen-fra-byrkjelo-som-er-var-3-kandidat\/#breadcrumb\"},\"inLanguage\":\"nn-NO\",\"potentialAction\":[{\"@type\":\"ReadAction\",\"target\":[\"https:\/\/hoyre.no\/gloppen\/aktuelt\/runar-stensaker-kleppe-grunderen-fra-byrkjelo-som-er-var-3-kandidat\/\"]}]},{\"@type\":\"BreadcrumbList\",\"@id\":\"https:\/\/hoyre.no\/gloppen\/aktuelt\/runar-stensaker-kleppe-grunderen-fra-byrkjelo-som-er-var-3-kandidat\/#breadcrumb\",\"itemListElement\":[{\"@type\":\"ListItem\",\"position\":1,\"name\":\"Til hoyre.no\",\"item\":\"https:\/\/hoyre.no\"},{\"@type\":\"ListItem\",\"position\":2,\"name\":\"Hjem\",\"item\":\"https:\/\/hoyre.no\/gloppen\/\"},{\"@type\":\"ListItem\",\"position\":3,\"name\":\"Runar Stensaker Kleppe \u00a0\u2013 Gr\u00fcnderen fr\u00e5 Byrkjelo som er v\u00e5r 3. kandidat.\"}]},{\"@type\":\"WebSite\",\"@id\":\"https:\/\/hoyre.no\/gloppen\/#website\",\"url\":\"https:\/\/hoyre.no\/gloppen\/\",\"name\":\"Gloppen H\u00f8gre\",\"description\":\"Bare enda et H\u00f8yres nettsteder-nettsted\",\"inLanguage\":\"nn-NO\"},{\"@type\":\"Person\",\"@id\":\"https:\/\/hoyre.no\/gloppen\/#\/schema\/person\/2dbbd30fcd69b9f4571eff3b108e6f4b\",\"name\":\"Dagfinn Kaspar Nyhammer\",\"image\":{\"@type\":\"ImageObject\",\"inLanguage\":\"nn-NO\",\"@id\":\"https:\/\/hoyre.no\/gloppen\/#\/schema\/person\/image\/\",\"url\":\"https:\/\/secure.gravatar.com\/avatar\/6bd612d305b085ee0d21999e572d3add77880217f3a82d69e383c33402065cdf?s=96&d=mm&r=g\",\"contentUrl\":\"https:\/\/secure.gravatar.com\/avatar\/6bd612d305b085ee0d21999e572d3add77880217f3a82d69e383c33402065cdf?s=96&d=mm&r=g\",\"caption\":\"Dagfinn Kaspar Nyhammer\"},\"url\":\"https:\/\/hoyre.no\/gloppen\/aktuelt\/author\/m50359231\/\"}]}<\/script>\n<!-- \/ Yoast SEO plugin. -->","yoast_head_json":{"title":"Runar Stensaker Kleppe \u00a0\u2013 Gr\u00fcnderen fr\u00e5 Byrkjelo som er v\u00e5r 3. kandidat. - Gloppen H\u00f8gre","robots":{"index":"index","follow":"follow","max-snippet":"max-snippet:-1","max-image-preview":"max-image-preview:large","max-video-preview":"max-video-preview:-1"},"canonical":"https:\/\/hoyre.no\/gloppen\/aktuelt\/runar-stensaker-kleppe-grunderen-fra-byrkjelo-som-er-var-3-kandidat\/","og_locale":"nn_NO","og_type":"article","og_title":"Runar Stensaker Kleppe \u00a0\u2013 Gr\u00fcnderen fr\u00e5 Byrkjelo som er v\u00e5r 3. kandidat. - Gloppen H\u00f8gre","og_url":"https:\/\/hoyre.no\/gloppen\/aktuelt\/runar-stensaker-kleppe-grunderen-fra-byrkjelo-som-er-var-3-kandidat\/","og_site_name":"Gloppen H\u00f8gre","article_published_time":"2023-06-11T09:52:57+00:00","article_modified_time":"2023-06-29T18:35:19+00:00","og_image":[{"url":"https:\/\/hoyre.no\/content\/uploads\/sites\/335\/2023\/09\/Gruppe-II-1024x838.jpg","width":"","height":"","type":""}],"author":"Dagfinn Kaspar Nyhammer","twitter_card":"summary_large_image","twitter_misc":{"Written by":"Dagfinn Kaspar Nyhammer","Est. reading time":"3 minutt"},"schema":{"@context":"https:\/\/schema.org","@graph":[{"@type":"NewsArticle","@id":"https:\/\/hoyre.no\/gloppen\/aktuelt\/runar-stensaker-kleppe-grunderen-fra-byrkjelo-som-er-var-3-kandidat\/","url":"https:\/\/hoyre.no\/gloppen\/aktuelt\/runar-stensaker-kleppe-grunderen-fra-byrkjelo-som-er-var-3-kandidat\/","name":"Runar Stensaker Kleppe \u00a0\u2013 Gr\u00fcnderen fr\u00e5 Byrkjelo som er v\u00e5r 3. kandidat. - Gloppen H\u00f8gre","isPartOf":{"@id":"https:\/\/hoyre.no\/gloppen\/#website"},"datePublished":"2023-06-11T09:52:57+00:00","dateModified":"2023-06-29T18:35:19+00:00","author":{"@id":"https:\/\/hoyre.no\/gloppen\/#\/schema\/person\/2dbbd30fcd69b9f4571eff3b108e6f4b"},"breadcrumb":{"@id":"https:\/\/hoyre.no\/gloppen\/aktuelt\/runar-stensaker-kleppe-grunderen-fra-byrkjelo-som-er-var-3-kandidat\/#breadcrumb"},"inLanguage":"nn-NO","potentialAction":[{"@type":"ReadAction","target":["https:\/\/hoyre.no\/gloppen\/aktuelt\/runar-stensaker-kleppe-grunderen-fra-byrkjelo-som-er-var-3-kandidat\/"]}]},{"@type":"BreadcrumbList","@id":"https:\/\/hoyre.no\/gloppen\/aktuelt\/runar-stensaker-kleppe-grunderen-fra-byrkjelo-som-er-var-3-kandidat\/#breadcrumb","itemListElement":[{"@type":"ListItem","position":1,"name":"Til hoyre.no","item":"https:\/\/hoyre.no"},{"@type":"ListItem","position":2,"name":"Hjem","item":"https:\/\/hoyre.no\/gloppen\/"},{"@type":"ListItem","position":3,"name":"Runar Stensaker Kleppe \u00a0\u2013 Gr\u00fcnderen fr\u00e5 Byrkjelo som er v\u00e5r 3. kandidat."}]},{"@type":"WebSite","@id":"https:\/\/hoyre.no\/gloppen\/#website","url":"https:\/\/hoyre.no\/gloppen\/","name":"Gloppen H\u00f8gre","description":"Bare enda et H\u00f8yres nettsteder-nettsted","inLanguage":"nn-NO"},{"@type":"Person","@id":"https:\/\/hoyre.no\/gloppen\/#\/schema\/person\/2dbbd30fcd69b9f4571eff3b108e6f4b","name":"Dagfinn Kaspar Nyhammer","image":{"@type":"ImageObject","inLanguage":"nn-NO","@id":"https:\/\/hoyre.no\/gloppen\/#\/schema\/person\/image\/","url":"https:\/\/secure.gravatar.com\/avatar\/6bd612d305b085ee0d21999e572d3add77880217f3a82d69e383c33402065cdf?s=96&d=mm&r=g","contentUrl":"https:\/\/secure.gravatar.com\/avatar\/6bd612d305b085ee0d21999e572d3add77880217f3a82d69e383c33402065cdf?s=96&d=mm&r=g","caption":"Dagfinn Kaspar Nyhammer"},"url":"https:\/\/hoyre.no\/gloppen\/aktuelt\/author\/m50359231\/"}]}},"distributor_meta":false,"distributor_terms":false,"distributor_media":false,"distributor_original_site_name":"Gloppen H\u00f8gre","distributor_original_site_url":"https:\/\/hoyre.no\/gloppen","push-errors":false,"_links":{"self":[{"href":"https:\/\/hoyre.no\/gloppen\/wp-json\/wp\/v2\/posts\/145","targetHints":{"allow":["GET"]}}],"collection":[{"href":"https:\/\/hoyre.no\/gloppen\/wp-json\/wp\/v2\/posts"}],"about":[{"href":"https:\/\/hoyre.no\/gloppen\/wp-json\/wp\/v2\/types\/post"}],"author":[{"embeddable":true,"href":"https:\/\/hoyre.no\/gloppen\/wp-json\/wp\/v2\/users\/23106"}],"replies":[{"embeddable":true,"href":"https:\/\/hoyre.no\/gloppen\/wp-json\/wp\/v2\/comments?post=145"}],"version-history":[{"count":3,"href":"https:\/\/hoyre.no\/gloppen\/wp-json\/wp\/v2\/posts\/145\/revisions"}],"predecessor-version":[{"id":210,"href":"https:\/\/hoyre.no\/gloppen\/wp-json\/wp\/v2\/posts\/145\/revisions\/210"}],"wp:attachment":[{"href":"https:\/\/hoyre.no\/gloppen\/wp-json\/wp\/v2\/media?parent=145"}],"wp:term":[{"taxonomy":"category","embeddable":true,"href":"https:\/\/hoyre.no\/gloppen\/wp-json\/wp\/v2\/category?post=145"},{"taxonomy":"post_tag","embeddable":true,"href":"https:\/\/hoyre.no\/gloppen\/wp-json\/wp\/v2\/post_tag?post=145"},{"taxonomy":"hoyre-visibility","embeddable":true,"href":"https:\/\/hoyre.no\/gloppen\/wp-json\/wp\/v2\/hoyre-visibility?post=145"},{"taxonomy":"article-type","embeddable":true,"href":"https:\/\/hoyre.no\/gloppen\/wp-json\/wp\/v2\/article-type?post=145"},{"taxonomy":"politician","embeddable":true,"href":"https:\/\/hoyre.no\/gloppen\/wp-json\/wp\/v2\/politician?post=145"}],"curies":[{"name":"wp","href":"https:\/\/api.w.org\/{rel}","templated":true}]}}