{"id":222,"date":"2023-08-15T23:40:04","date_gmt":"2023-08-15T21:40:04","guid":{"rendered":"https:\/\/hoyre.no\/gloppen\/?p=222"},"modified":"2023-08-15T23:44:56","modified_gmt":"2023-08-15T21:44:56","slug":"kim-den-blide-taxisjaforen","status":"publish","type":"post","link":"https:\/\/hoyre.no\/gloppen\/aktuelt\/kim-den-blide-taxisjaforen\/","title":{"rendered":"Kim \u2013 den blide taxisj\u00e5f\u00f8ren"},"content":{"rendered":"\n<p class=\"preamble\">Kim k\u00f8yrer drosje p\u00e5 Sandane.  Han kjem i kontakt med mange i l\u00f8pet av ein dag, og m\u00f8ter alle med eit sindig og godt smil.  Ein st\u00f8dig &laquo;taxi-driver&raquo; p\u00e5 9. plass p\u00e5 Gloppen H\u00f8gre si liste!<\/p>\t\t\t<div class=\"post-meta wp-block teft-byline-wrapper\">\n\t\t\t\t<div class=\"top\">\n\t\t\t\t\t<div class=\"signature\">\n\t\t\t\t\t\t<div class=\"teft-byline\">\n\t\t\t\t\t\t\t\t\t\t\t\t\t\t<div>\n\t\t\t\t\t\t\t\t<h3>H\u00f8yres redaksjon<\/h3>\t\t\t\t\t\t\t\t\n\t\t\t\t\t\t\t\t\t\t\t\t\t\t\t\t\t<span class=\"date\">Sist oppdatert: 15. august 2023<\/span>\n\t\t\t\t\t\t\t\t\t\t\t\t\t\t\t\t\t\t\t\t\t\t\t\t\t<span class=\"reading-time\" itemprop=\"timeRequired\" content=\"PT2M\"><em>Ca. 2 minutter lesetid<\/em><\/span>\n\t\t\t\t\t\t\t\t\t\t\t\t\t\t\t<\/div>\n\t\t\t\t\t\t<\/div>\n\t\t\t\t\t<\/div>\n\t\t\t\t\t\t<div class=\"sharing\">\n\t\t<a class=\"share-button share-link copy-link\" data-copy=\"https:\/\/hoyre.no\/gloppen\/aktuelt\/kim-den-blide-taxisjaforen\/\" target=\"_blank\"><span class=\"screen-reader-text\">Del link<\/span><\/a>\n\t\t<a class=\"share-button share-twitter\" href=\"http:\/\/twitter.com\/share?text=Kim \u2013 den blide taxisj\u00e5f\u00f8ren&#038;url=https:\/\/hoyre.no\/gloppen\/aktuelt\/kim-den-blide-taxisjaforen\/&#038;hashtags=Hoyre\" target=\"_blank\"><span class=\"screen-reader-text\">Del p\u00e5 twitter<\/span><\/a>\n\t\t<a class=\"share-button share-facebook\" href=\"https:\/\/www.facebook.com\/sharer\/sharer.php?u=https:\/\/hoyre.no\/gloppen\/aktuelt\/kim-den-blide-taxisjaforen\/\" target=\"_blank\"><span class=\"screen-reader-text\">Del p\u00e5 facebook<\/span><\/a>\n\t<\/div>\n\t\t\t\t\t<\/div>\n\t\t\t<\/div>\n\n\t\t\t<figure class=\"hoyre-image-wrapper\"><div class=\"hoyre-image\"><img loading=\"lazy\" decoding=\"async\" width=\"1536\" height=\"2048\" src=\"https:\/\/hoyre.no\/content\/uploads\/sites\/335\/2023\/08\/Kim.jpg\" class=\"attachment-scaled size-scaled\" alt=\"\" style=\"object-position: 50% 50%\" srcset=\"https:\/\/hoyre.no\/content\/uploads\/sites\/335\/2023\/08\/Kim.jpg 1536w, https:\/\/hoyre.no\/content\/uploads\/sites\/335\/2023\/08\/Kim-225x300.jpg 225w, https:\/\/hoyre.no\/content\/uploads\/sites\/335\/2023\/08\/Kim-768x1024.jpg 768w, https:\/\/hoyre.no\/content\/uploads\/sites\/335\/2023\/08\/Kim-1152x1536.jpg 1152w\" sizes=\"auto, (max-width: 1536px) 100vw, 1536px\" \/><\/div><\/figure>\n\n\n\n\n<p><\/p>\n\n\n\n<p>Kim Kristen Eide (snart 33) bur i \u00c5sah\u00f8gda p\u00e5 Sandane. Han bur slett ikkje \u00e5leine; kona Susanne og to born p\u00e5 3 og 4 \u00e5r gjer at fritida ikkje er vanskeleg \u00e5 fylle.<\/p>\n\n\n\n<p>Kim har ein mangslungen erfaringsbakgrunn. \u2013 For tida er eg taxisj\u00e5f\u00f8r i Sandane Taxi, men eg har ogs\u00e5 jobba som kokk p\u00e5 Quality Hotel Edvard Grieg, vore lastebilsj\u00e5f\u00f8r, og til og med seljar, fortel han.<\/p>\n\n\n\n<p>Det meste av livet har han budd p\u00e5 Sandane. \u2013 Men eg var to \u00e5r i Stryn og tok utdanninga mi som kokk der.&nbsp; Vidare har eg eitt \u00e5r i H\u00f8yanger, og to \u00e5r i Bergen.&nbsp; No er det alts\u00e5 \u00c5sah\u00f8gda p\u00e5 Sandane som er heimebasen, der han og familien trivst godt.<\/p>\n\n\n\n<p>Han har ein stor lidenskap, innr\u00f8mmer han. \u2013 Flugefiske er ein flott hobby! Favoritturen m\u00e5 vere til ei god lakseelv for \u00e5 sl\u00e5 til med ein storlaks!&nbsp; Dersom eg skal legge bort flugestonga, er det \u00e5 ta ein campingtur til for eksempel Lillehammer med familien slett ikkje noko d\u00e5rleg alternativ.<\/p>\n\n\n\n<p>Kim er ein debutant p\u00e5 ei politisk valliste, men var ikkje framand for tanken p\u00e5 \u00e5 stille opp.&nbsp; \u2013 Eg er samfunnsinteressert og ser at det er av verdi \u00e5 stille opp n\u00e5r ein vert spurd om \u00e5 stille som kandidat i politikken, sa han d\u00e5 han vart spurd om \u00e5 vere med p\u00e5 lista til Gloppen H\u00f8gre. Oppvekstvilk\u00e5ra til born rundt i heile kommunen er sv\u00e6rt viktig \u00e5 ha tankar om, seier han, og tek med i same snuen at ogs\u00e5 dei eldre m\u00e5 ha det godt i Gloppen.<\/p>\n\n\n\n<p>Kim har god tru p\u00e5 eit godt resultat for H\u00f8gre ved valet 11. september. \u2013 Ikkje nokon grunn til at vi ikkje skal auke talet p\u00e5 kommunestyrerepresentantar, vi har dyktige kandidatar p\u00e5 lista som vil gjere ein god jobb i styringa av kommunen, avrundar den blide taxisj\u00e5f\u00f8ren, f\u00f8r neste kunde skal ut p\u00e5 tur.<\/p>\n\n\n<div class=\"tags\">\n\t<\/div>\n<div class=\"post-footer alignfull has-background block-editor-block-list__block\" data-align=full>\n\t<div class=\"post-footer-inner\">\n\t\t<h3>Relaterte artikler<\/h3>\n\t\t<div class=\"related-content\"><div class=\"is-card-hoyre\">\n\t<div class=\"teft-card hoyre-teft-card post-teft-card\">\n\t\t<a href=\"https:\/\/hoyre.no\/gloppen\/aktuelt\/gloppen-hogre-med-klar-tale\/\" class=\"teft-card__primary-action\">\n\n\t\t\t\t\t<div class=\"teft-card__media teft-card__media--16-9\">\n\t\t\t\t\t\t<img loading=\"lazy\" decoding=\"async\" width=\"768\" height=\"576\" src=\"https:\/\/hoyre.no\/content\/uploads\/sites\/335\/2024\/04\/IMG_20221103_160823-\u2013-Kopi-768x576.jpg\" class=\"attachment-medium_large size-medium_large\" alt=\"Elias Eide (i midten) p\u00e5 bes\u00f8k i Gloppen\" srcset=\"https:\/\/hoyre.no\/content\/uploads\/sites\/335\/2024\/04\/IMG_20221103_160823-\u2013-Kopi-768x576.jpg 768w, https:\/\/hoyre.no\/content\/uploads\/sites\/335\/2024\/04\/IMG_20221103_160823-\u2013-Kopi-300x225.jpg 300w, https:\/\/hoyre.no\/content\/uploads\/sites\/335\/2024\/04\/IMG_20221103_160823-\u2013-Kopi-1024x768.jpg 1024w, https:\/\/hoyre.no\/content\/uploads\/sites\/335\/2024\/04\/IMG_20221103_160823-\u2013-Kopi-1536x1152.jpg 1536w, https:\/\/hoyre.no\/content\/uploads\/sites\/335\/2024\/04\/IMG_20221103_160823-\u2013-Kopi-2048x1536.jpg 2048w\" sizes=\"auto, (max-width: 768px) 100vw, 768px\" \/>\t\t<\/div>\n\t\t\n\t\t\t<div class=\"teft-card__content-wrapper\">\n\t\t\t\t<div class=\"teft-card__secondary\">\n\t\t\t\t\t\n\t\t\t\t\t\t\t\t<div class=\"teft-card__meta\">\n\t\t\t\t\t\t\t\t\t<span class=\"post-date\">6. apr 2024<\/span>\n\n\t\t\t\t\t\t\t\t\t\t\t\t\t\t\t\t\t<\/div>\n\t\t\t\t\t\t\t\t\t\t\t<\/div>\n\n\t\t\t\t<div class=\"teft-card__primary\">\n\t\t\t\t\t<h2 class=\"teft-card__title\">H\u00f8gre med klar tale&nbsp;<span class=\"teft-card__primary-title-append\"><\/span><\/h2>\t\t\t\t<\/div>\n\t\t\t<\/div>\n\t\t<\/a>\n\t<\/div>\n\n\t<\/div><div class=\"is-card-hoyre\">\n\t<div class=\"teft-card hoyre-teft-card post-teft-card\">\n\t\t<a href=\"https:\/\/hoyre.no\/gloppen\/aktuelt\/arsmote-i-gloppen-hogre\/\" class=\"teft-card__primary-action\">\n\n\t\t\t\t\t<div class=\"teft-card__media teft-card__media--16-9\">\n\t\t\t\t\t\t<img loading=\"lazy\" decoding=\"async\" width=\"768\" height=\"1024\" src=\"https:\/\/hoyre.no\/content\/uploads\/sites\/335\/2024\/02\/421598319_395593249632621_3508983514887109846_n-768x1024.jpg\" class=\"attachment-medium_large size-medium_large\" alt=\"\" srcset=\"https:\/\/hoyre.no\/content\/uploads\/sites\/335\/2024\/02\/421598319_395593249632621_3508983514887109846_n-768x1024.jpg 768w, https:\/\/hoyre.no\/content\/uploads\/sites\/335\/2024\/02\/421598319_395593249632621_3508983514887109846_n-225x300.jpg 225w, https:\/\/hoyre.no\/content\/uploads\/sites\/335\/2024\/02\/421598319_395593249632621_3508983514887109846_n-1152x1536.jpg 1152w, https:\/\/hoyre.no\/content\/uploads\/sites\/335\/2024\/02\/421598319_395593249632621_3508983514887109846_n.jpg 1179w\" sizes=\"auto, (max-width: 768px) 100vw, 768px\" \/>\t\t<\/div>\n\t\t\n\t\t\t<div class=\"teft-card__content-wrapper\">\n\t\t\t\t<div class=\"teft-card__secondary\">\n\t\t\t\t\t\n\t\t\t\t\t\t\t\t<div class=\"teft-card__meta\">\n\t\t\t\t\t\t\t\t\t<span class=\"post-date\">4. feb 2024<\/span>\n\n\t\t\t\t\t\t\t\t\t\t\t\t\t\t\t\t\t<\/div>\n\t\t\t\t\t\t\t\t\t\t\t<\/div>\n\n\t\t\t\t<div class=\"teft-card__primary\">\n\t\t\t\t\t<h2 class=\"teft-card__title\">\u00c5rsm\u00f8te i Gloppen H\u00f8gre&nbsp;<span class=\"teft-card__primary-title-append\"><\/span><\/h2>\t\t\t\t<\/div>\n\t\t\t<\/div>\n\t\t<\/a>\n\t<\/div>\n\n\t<\/div><div class=\"is-card-hoyre\">\n\t<div class=\"teft-card hoyre-teft-card post-teft-card\">\n\t\t<a href=\"https:\/\/hoyre.no\/gloppen\/aktuelt\/klar-for-ny-kommunestyreperiode\/\" class=\"teft-card__primary-action\">\n\n\t\t\t\t\t<div class=\"teft-card__media teft-card__media--16-9\">\n\t\t\t\t\t\t<img loading=\"lazy\" decoding=\"async\" width=\"768\" height=\"628\" src=\"https:\/\/hoyre.no\/content\/uploads\/sites\/335\/2023\/09\/Gruppe-II-768x628.jpg\" class=\"attachment-medium_large size-medium_large\" alt=\"\" srcset=\"https:\/\/hoyre.no\/content\/uploads\/sites\/335\/2023\/09\/Gruppe-II-768x628.jpg 768w, https:\/\/hoyre.no\/content\/uploads\/sites\/335\/2023\/09\/Gruppe-II-300x245.jpg 300w, https:\/\/hoyre.no\/content\/uploads\/sites\/335\/2023\/09\/Gruppe-II-1024x838.jpg 1024w, https:\/\/hoyre.no\/content\/uploads\/sites\/335\/2023\/09\/Gruppe-II-1536x1257.jpg 1536w, https:\/\/hoyre.no\/content\/uploads\/sites\/335\/2023\/09\/Gruppe-II-2048x1676.jpg 2048w\" sizes=\"auto, (max-width: 768px) 100vw, 768px\" \/>\t\t<\/div>\n\t\t\n\t\t\t<div class=\"teft-card__content-wrapper\">\n\t\t\t\t<div class=\"teft-card__secondary\">\n\t\t\t\t\t\n\t\t\t\t\t\t\t\t<div class=\"teft-card__meta\">\n\t\t\t\t\t\t\t\t\t<span class=\"post-date\">27. sep 2023<\/span>\n\n\t\t\t\t\t\t\t\t\t\t\t\t\t\t\t\t\t<\/div>\n\t\t\t\t\t\t\t\t\t\t\t<\/div>\n\n\t\t\t\t<div class=\"teft-card__primary\">\n\t\t\t\t\t<h2 class=\"teft-card__title\">Klar for ny kommunestyreperiode&nbsp;<span class=\"teft-card__primary-title-append\"><\/span><\/h2>\t\t\t\t<\/div>\n\t\t\t<\/div>\n\t\t<\/a>\n\t<\/div>\n\n\t<\/div><\/div>\t<\/div>\n<\/div>\n","protected":false},"excerpt":{"rendered":"","protected":false},"author":23106,"featured_media":0,"comment_status":"closed","ping_status":"closed","sticky":false,"template":"","format":"standard","meta":{"teft_cards_image_url":"","teft_cards_custom_pretitle":"","teft_cards_image_id":223,"teft_cards_image_focal_point_x":0.5,"teft_cards_image_focal_point_y":0.5,"teft_cards_title":"","teft_cards_excerpt":"","teft_show_chapters":false,"author_display_name":"","footnotes":""},"category":[1],"post_tag":[],"hoyre-visibility":[],"article-type":[],"politician":[],"class_list":["post-222","post","type-post","status-publish","format-standard","hentry","category-ukategorisert"],"yoast_head":"<!-- This site is optimized with the Yoast SEO plugin v26.6 - https:\/\/yoast.com\/wordpress\/plugins\/seo\/ -->\n<title>Kim \u2013 den blide taxisj\u00e5f\u00f8ren - Gloppen H\u00f8gre<\/title>\n<meta name=\"robots\" content=\"index, follow, max-snippet:-1, max-image-preview:large, max-video-preview:-1\" \/>\n<link rel=\"canonical\" href=\"https:\/\/hoyre.no\/gloppen\/aktuelt\/kim-den-blide-taxisjaforen\/\" \/>\n<meta property=\"og:locale\" content=\"nn_NO\" \/>\n<meta property=\"og:type\" content=\"article\" \/>\n<meta property=\"og:title\" content=\"Kim \u2013 den blide taxisj\u00e5f\u00f8ren - Gloppen H\u00f8gre\" \/>\n<meta property=\"og:url\" content=\"https:\/\/hoyre.no\/gloppen\/aktuelt\/kim-den-blide-taxisjaforen\/\" \/>\n<meta property=\"og:site_name\" content=\"Gloppen H\u00f8gre\" \/>\n<meta property=\"article:published_time\" content=\"2023-08-15T21:40:04+00:00\" \/>\n<meta property=\"article:modified_time\" content=\"2023-08-15T21:44:56+00:00\" \/>\n<meta property=\"og:image\" content=\"https:\/\/hoyre.no\/content\/uploads\/sites\/335\/2023\/09\/Gruppe-II-1024x838.jpg\" \/>\n<meta name=\"author\" content=\"Dagfinn Kaspar Nyhammer\" \/>\n<meta name=\"twitter:card\" content=\"summary_large_image\" \/>\n<meta name=\"twitter:label1\" content=\"Written by\" \/>\n\t<meta name=\"twitter:data1\" content=\"Dagfinn Kaspar Nyhammer\" \/>\n\t<meta name=\"twitter:label2\" content=\"Est. reading time\" \/>\n\t<meta name=\"twitter:data2\" content=\"2 minutt\" \/>\n<script type=\"application\/ld+json\" class=\"yoast-schema-graph\">{\"@context\":\"https:\/\/schema.org\",\"@graph\":[{\"@type\":\"NewsArticle\",\"@id\":\"https:\/\/hoyre.no\/gloppen\/aktuelt\/kim-den-blide-taxisjaforen\/\",\"url\":\"https:\/\/hoyre.no\/gloppen\/aktuelt\/kim-den-blide-taxisjaforen\/\",\"name\":\"Kim \u2013 den blide taxisj\u00e5f\u00f8ren - Gloppen H\u00f8gre\",\"isPartOf\":{\"@id\":\"https:\/\/hoyre.no\/gloppen\/#website\"},\"datePublished\":\"2023-08-15T21:40:04+00:00\",\"dateModified\":\"2023-08-15T21:44:56+00:00\",\"author\":{\"@id\":\"https:\/\/hoyre.no\/gloppen\/#\/schema\/person\/2dbbd30fcd69b9f4571eff3b108e6f4b\"},\"breadcrumb\":{\"@id\":\"https:\/\/hoyre.no\/gloppen\/aktuelt\/kim-den-blide-taxisjaforen\/#breadcrumb\"},\"inLanguage\":\"nn-NO\",\"potentialAction\":[{\"@type\":\"ReadAction\",\"target\":[\"https:\/\/hoyre.no\/gloppen\/aktuelt\/kim-den-blide-taxisjaforen\/\"]}]},{\"@type\":\"BreadcrumbList\",\"@id\":\"https:\/\/hoyre.no\/gloppen\/aktuelt\/kim-den-blide-taxisjaforen\/#breadcrumb\",\"itemListElement\":[{\"@type\":\"ListItem\",\"position\":1,\"name\":\"Til hoyre.no\",\"item\":\"https:\/\/hoyre.no\"},{\"@type\":\"ListItem\",\"position\":2,\"name\":\"Hjem\",\"item\":\"https:\/\/hoyre.no\/gloppen\/\"},{\"@type\":\"ListItem\",\"position\":3,\"name\":\"Kim \u2013 den blide taxisj\u00e5f\u00f8ren\"}]},{\"@type\":\"WebSite\",\"@id\":\"https:\/\/hoyre.no\/gloppen\/#website\",\"url\":\"https:\/\/hoyre.no\/gloppen\/\",\"name\":\"Gloppen H\u00f8gre\",\"description\":\"Bare enda et H\u00f8yres nettsteder-nettsted\",\"inLanguage\":\"nn-NO\"},{\"@type\":\"Person\",\"@id\":\"https:\/\/hoyre.no\/gloppen\/#\/schema\/person\/2dbbd30fcd69b9f4571eff3b108e6f4b\",\"name\":\"Dagfinn Kaspar Nyhammer\",\"image\":{\"@type\":\"ImageObject\",\"inLanguage\":\"nn-NO\",\"@id\":\"https:\/\/hoyre.no\/gloppen\/#\/schema\/person\/image\/\",\"url\":\"https:\/\/secure.gravatar.com\/avatar\/6bd612d305b085ee0d21999e572d3add77880217f3a82d69e383c33402065cdf?s=96&d=mm&r=g\",\"contentUrl\":\"https:\/\/secure.gravatar.com\/avatar\/6bd612d305b085ee0d21999e572d3add77880217f3a82d69e383c33402065cdf?s=96&d=mm&r=g\",\"caption\":\"Dagfinn Kaspar Nyhammer\"},\"url\":\"https:\/\/hoyre.no\/gloppen\/aktuelt\/author\/m50359231\/\"}]}<\/script>\n<!-- \/ Yoast SEO plugin. -->","yoast_head_json":{"title":"Kim \u2013 den blide taxisj\u00e5f\u00f8ren - Gloppen H\u00f8gre","robots":{"index":"index","follow":"follow","max-snippet":"max-snippet:-1","max-image-preview":"max-image-preview:large","max-video-preview":"max-video-preview:-1"},"canonical":"https:\/\/hoyre.no\/gloppen\/aktuelt\/kim-den-blide-taxisjaforen\/","og_locale":"nn_NO","og_type":"article","og_title":"Kim \u2013 den blide taxisj\u00e5f\u00f8ren - Gloppen H\u00f8gre","og_url":"https:\/\/hoyre.no\/gloppen\/aktuelt\/kim-den-blide-taxisjaforen\/","og_site_name":"Gloppen H\u00f8gre","article_published_time":"2023-08-15T21:40:04+00:00","article_modified_time":"2023-08-15T21:44:56+00:00","og_image":[{"url":"https:\/\/hoyre.no\/content\/uploads\/sites\/335\/2023\/09\/Gruppe-II-1024x838.jpg","width":"","height":"","type":""}],"author":"Dagfinn Kaspar Nyhammer","twitter_card":"summary_large_image","twitter_misc":{"Written by":"Dagfinn Kaspar Nyhammer","Est. reading time":"2 minutt"},"schema":{"@context":"https:\/\/schema.org","@graph":[{"@type":"NewsArticle","@id":"https:\/\/hoyre.no\/gloppen\/aktuelt\/kim-den-blide-taxisjaforen\/","url":"https:\/\/hoyre.no\/gloppen\/aktuelt\/kim-den-blide-taxisjaforen\/","name":"Kim \u2013 den blide taxisj\u00e5f\u00f8ren - Gloppen H\u00f8gre","isPartOf":{"@id":"https:\/\/hoyre.no\/gloppen\/#website"},"datePublished":"2023-08-15T21:40:04+00:00","dateModified":"2023-08-15T21:44:56+00:00","author":{"@id":"https:\/\/hoyre.no\/gloppen\/#\/schema\/person\/2dbbd30fcd69b9f4571eff3b108e6f4b"},"breadcrumb":{"@id":"https:\/\/hoyre.no\/gloppen\/aktuelt\/kim-den-blide-taxisjaforen\/#breadcrumb"},"inLanguage":"nn-NO","potentialAction":[{"@type":"ReadAction","target":["https:\/\/hoyre.no\/gloppen\/aktuelt\/kim-den-blide-taxisjaforen\/"]}]},{"@type":"BreadcrumbList","@id":"https:\/\/hoyre.no\/gloppen\/aktuelt\/kim-den-blide-taxisjaforen\/#breadcrumb","itemListElement":[{"@type":"ListItem","position":1,"name":"Til hoyre.no","item":"https:\/\/hoyre.no"},{"@type":"ListItem","position":2,"name":"Hjem","item":"https:\/\/hoyre.no\/gloppen\/"},{"@type":"ListItem","position":3,"name":"Kim \u2013 den blide taxisj\u00e5f\u00f8ren"}]},{"@type":"WebSite","@id":"https:\/\/hoyre.no\/gloppen\/#website","url":"https:\/\/hoyre.no\/gloppen\/","name":"Gloppen H\u00f8gre","description":"Bare enda et H\u00f8yres nettsteder-nettsted","inLanguage":"nn-NO"},{"@type":"Person","@id":"https:\/\/hoyre.no\/gloppen\/#\/schema\/person\/2dbbd30fcd69b9f4571eff3b108e6f4b","name":"Dagfinn Kaspar Nyhammer","image":{"@type":"ImageObject","inLanguage":"nn-NO","@id":"https:\/\/hoyre.no\/gloppen\/#\/schema\/person\/image\/","url":"https:\/\/secure.gravatar.com\/avatar\/6bd612d305b085ee0d21999e572d3add77880217f3a82d69e383c33402065cdf?s=96&d=mm&r=g","contentUrl":"https:\/\/secure.gravatar.com\/avatar\/6bd612d305b085ee0d21999e572d3add77880217f3a82d69e383c33402065cdf?s=96&d=mm&r=g","caption":"Dagfinn Kaspar Nyhammer"},"url":"https:\/\/hoyre.no\/gloppen\/aktuelt\/author\/m50359231\/"}]}},"distributor_meta":false,"distributor_terms":false,"distributor_media":false,"distributor_original_site_name":"Gloppen H\u00f8gre","distributor_original_site_url":"https:\/\/hoyre.no\/gloppen","push-errors":false,"_links":{"self":[{"href":"https:\/\/hoyre.no\/gloppen\/wp-json\/wp\/v2\/posts\/222","targetHints":{"allow":["GET"]}}],"collection":[{"href":"https:\/\/hoyre.no\/gloppen\/wp-json\/wp\/v2\/posts"}],"about":[{"href":"https:\/\/hoyre.no\/gloppen\/wp-json\/wp\/v2\/types\/post"}],"author":[{"embeddable":true,"href":"https:\/\/hoyre.no\/gloppen\/wp-json\/wp\/v2\/users\/23106"}],"replies":[{"embeddable":true,"href":"https:\/\/hoyre.no\/gloppen\/wp-json\/wp\/v2\/comments?post=222"}],"version-history":[{"count":3,"href":"https:\/\/hoyre.no\/gloppen\/wp-json\/wp\/v2\/posts\/222\/revisions"}],"predecessor-version":[{"id":227,"href":"https:\/\/hoyre.no\/gloppen\/wp-json\/wp\/v2\/posts\/222\/revisions\/227"}],"wp:attachment":[{"href":"https:\/\/hoyre.no\/gloppen\/wp-json\/wp\/v2\/media?parent=222"}],"wp:term":[{"taxonomy":"category","embeddable":true,"href":"https:\/\/hoyre.no\/gloppen\/wp-json\/wp\/v2\/category?post=222"},{"taxonomy":"post_tag","embeddable":true,"href":"https:\/\/hoyre.no\/gloppen\/wp-json\/wp\/v2\/post_tag?post=222"},{"taxonomy":"hoyre-visibility","embeddable":true,"href":"https:\/\/hoyre.no\/gloppen\/wp-json\/wp\/v2\/hoyre-visibility?post=222"},{"taxonomy":"article-type","embeddable":true,"href":"https:\/\/hoyre.no\/gloppen\/wp-json\/wp\/v2\/article-type?post=222"},{"taxonomy":"politician","embeddable":true,"href":"https:\/\/hoyre.no\/gloppen\/wp-json\/wp\/v2\/politician?post=222"}],"curies":[{"name":"wp","href":"https:\/\/api.w.org\/{rel}","templated":true}]}}