{"id":254,"date":"2023-09-27T11:13:48","date_gmt":"2023-09-27T09:13:48","guid":{"rendered":"https:\/\/hoyre.no\/gloppen\/?p=254"},"modified":"2023-09-27T11:22:34","modified_gmt":"2023-09-27T09:22:34","slug":"klar-for-ny-kommunestyreperiode","status":"publish","type":"post","link":"https:\/\/hoyre.no\/gloppen\/aktuelt\/klar-for-ny-kommunestyreperiode\/","title":{"rendered":"Klar for ny kommunestyreperiode"},"content":{"rendered":"\n<p class=\"preamble\">I dag konstituerte Gloppen kommunestyre seg.  Gloppen H\u00f8gre stilte med 6 medlemer, det er rekord for partiet!<\/p>\t\t\t<div class=\"post-meta wp-block teft-byline-wrapper\">\n\t\t\t\t<div class=\"top\">\n\t\t\t\t\t<div class=\"signature\">\n\t\t\t\t\t\t<div class=\"teft-byline\">\n\t\t\t\t\t\t\t\t\t\t\t\t\t\t<div>\n\t\t\t\t\t\t\t\t<h3>H\u00f8yres redaksjon<\/h3>\t\t\t\t\t\t\t\t\n\t\t\t\t\t\t\t\t\t\t\t\t\t\t\t\t\t<span class=\"date\">Sist oppdatert: 27. september 2023<\/span>\n\t\t\t\t\t\t\t\t\t\t\t\t\t\t\t\t\t\t\t\t\t\t\t\t\t<span class=\"reading-time\" itemprop=\"timeRequired\" content=\"PT1M\"><em>Ca. 1 minutter lesetid<\/em><\/span>\n\t\t\t\t\t\t\t\t\t\t\t\t\t\t\t<\/div>\n\t\t\t\t\t\t<\/div>\n\t\t\t\t\t<\/div>\n\t\t\t\t\t\t<div class=\"sharing\">\n\t\t<a class=\"share-button share-link copy-link\" data-copy=\"https:\/\/hoyre.no\/gloppen\/aktuelt\/klar-for-ny-kommunestyreperiode\/\" target=\"_blank\"><span class=\"screen-reader-text\">Del link<\/span><\/a>\n\t\t<a class=\"share-button share-twitter\" href=\"http:\/\/twitter.com\/share?text=Klar for ny kommunestyreperiode&#038;url=https:\/\/hoyre.no\/gloppen\/aktuelt\/klar-for-ny-kommunestyreperiode\/&#038;hashtags=Hoyre\" target=\"_blank\"><span class=\"screen-reader-text\">Del p\u00e5 twitter<\/span><\/a>\n\t\t<a class=\"share-button share-facebook\" href=\"https:\/\/www.facebook.com\/sharer\/sharer.php?u=https:\/\/hoyre.no\/gloppen\/aktuelt\/klar-for-ny-kommunestyreperiode\/\" target=\"_blank\"><span class=\"screen-reader-text\">Del p\u00e5 facebook<\/span><\/a>\n\t<\/div>\n\t\t\t\t\t<\/div>\n\t\t\t<\/div>\n\n\t\t\t<figure class=\"hoyre-image-wrapper\"><div class=\"hoyre-image\"><img loading=\"lazy\" decoding=\"async\" width=\"2500\" height=\"2202\" src=\"https:\/\/hoyre.no\/content\/uploads\/sites\/335\/2023\/09\/IMG_20230927_084759-scaled.jpg\" class=\"attachment-scaled size-scaled\" alt=\"\" style=\"object-position: 47% 7.000000000000001%\" srcset=\"https:\/\/hoyre.no\/content\/uploads\/sites\/335\/2023\/09\/IMG_20230927_084759-scaled.jpg 2500w, https:\/\/hoyre.no\/content\/uploads\/sites\/335\/2023\/09\/IMG_20230927_084759-300x264.jpg 300w, https:\/\/hoyre.no\/content\/uploads\/sites\/335\/2023\/09\/IMG_20230927_084759-1024x902.jpg 1024w, https:\/\/hoyre.no\/content\/uploads\/sites\/335\/2023\/09\/IMG_20230927_084759-768x676.jpg 768w, https:\/\/hoyre.no\/content\/uploads\/sites\/335\/2023\/09\/IMG_20230927_084759-1536x1353.jpg 1536w, https:\/\/hoyre.no\/content\/uploads\/sites\/335\/2023\/09\/IMG_20230927_084759-2048x1804.jpg 2048w\" sizes=\"auto, (max-width: 2500px) 100vw, 2500px\" \/><\/div><figcaption class=\"caption\">Ein h\u00f8gtideleg gjeng som skal m\u00f8te p\u00e5 konstituerande kommunestyrem\u00f8te: \u00d8rjan Tystad (vara for Runar Stensaker Kleppe, og medlem i kontrollutvalet)), Beate Dybendal Nordvik (gruppeleiar, og medlem i formannskapet), Jan Ove Rygg (varaordf\u00f8rar og medlem formannskapet), Reidar Moldestad (formannskapet) Lisbeth Stensaker (Driftsutvalet),Sjur Atle Austrheim (Driftsutvalet)<\/figcaption><\/figure>\n\n\n\n\n<p>Konstitueringa av kommunestyret gav grei uteljing for H\u00f8gre.  Biletteksten syner til verva  medlemene p\u00e5 biletet.<\/p>\n\n\n\n<p><strong>Runar Stensaker Kleppe<\/strong> vart vald til leiar Samfunnsutvalet.  <\/p>\n\n\n\n<p>Elles vart ein del varaverv bestemte:  <strong>Hans Os<\/strong> vara kontrollutvalet, <strong>Kim Kristen Eide, Dagfinn Nyhammer og Per Inge Hole<\/strong> vara i samfunnsutvalet, <strong>Grethe H\u00e5heim, Beate Klokset og Kari Ann Fl\u00f8lo<\/strong> vara til driftsutvalet.<\/p>\n\n\n\n<p><\/p>\n\n\n<div class=\"tags\">\n\t<\/div>\n<div class=\"post-footer alignfull has-background block-editor-block-list__block\" data-align=full>\n\t<div class=\"post-footer-inner\">\n\t\t<h3>Relaterte artikler<\/h3>\n\t\t<div class=\"related-content\"><div class=\"is-card-hoyre\">\n\t<div class=\"teft-card hoyre-teft-card post-teft-card\">\n\t\t<a href=\"https:\/\/hoyre.no\/gloppen\/aktuelt\/gloppen-hogre-med-klar-tale\/\" class=\"teft-card__primary-action\">\n\n\t\t\t\t\t<div class=\"teft-card__media teft-card__media--16-9\">\n\t\t\t\t\t\t<img loading=\"lazy\" decoding=\"async\" width=\"768\" height=\"576\" src=\"https:\/\/hoyre.no\/content\/uploads\/sites\/335\/2024\/04\/IMG_20221103_160823-\u2013-Kopi-768x576.jpg\" class=\"attachment-medium_large size-medium_large\" alt=\"Elias Eide (i midten) p\u00e5 bes\u00f8k i Gloppen\" srcset=\"https:\/\/hoyre.no\/content\/uploads\/sites\/335\/2024\/04\/IMG_20221103_160823-\u2013-Kopi-768x576.jpg 768w, https:\/\/hoyre.no\/content\/uploads\/sites\/335\/2024\/04\/IMG_20221103_160823-\u2013-Kopi-300x225.jpg 300w, https:\/\/hoyre.no\/content\/uploads\/sites\/335\/2024\/04\/IMG_20221103_160823-\u2013-Kopi-1024x768.jpg 1024w, https:\/\/hoyre.no\/content\/uploads\/sites\/335\/2024\/04\/IMG_20221103_160823-\u2013-Kopi-1536x1152.jpg 1536w, https:\/\/hoyre.no\/content\/uploads\/sites\/335\/2024\/04\/IMG_20221103_160823-\u2013-Kopi-2048x1536.jpg 2048w\" sizes=\"auto, (max-width: 768px) 100vw, 768px\" \/>\t\t<\/div>\n\t\t\n\t\t\t<div class=\"teft-card__content-wrapper\">\n\t\t\t\t<div class=\"teft-card__secondary\">\n\t\t\t\t\t\n\t\t\t\t\t\t\t\t<div class=\"teft-card__meta\">\n\t\t\t\t\t\t\t\t\t<span class=\"post-date\">6. apr 2024<\/span>\n\n\t\t\t\t\t\t\t\t\t\t\t\t\t\t\t\t\t<\/div>\n\t\t\t\t\t\t\t\t\t\t\t<\/div>\n\n\t\t\t\t<div class=\"teft-card__primary\">\n\t\t\t\t\t<h2 class=\"teft-card__title\">H\u00f8gre med klar tale&nbsp;<span class=\"teft-card__primary-title-append\"><\/span><\/h2>\t\t\t\t<\/div>\n\t\t\t<\/div>\n\t\t<\/a>\n\t<\/div>\n\n\t<\/div><div class=\"is-card-hoyre\">\n\t<div class=\"teft-card hoyre-teft-card post-teft-card\">\n\t\t<a href=\"https:\/\/hoyre.no\/gloppen\/aktuelt\/arsmote-i-gloppen-hogre\/\" class=\"teft-card__primary-action\">\n\n\t\t\t\t\t<div class=\"teft-card__media teft-card__media--16-9\">\n\t\t\t\t\t\t<img loading=\"lazy\" decoding=\"async\" width=\"768\" height=\"1024\" src=\"https:\/\/hoyre.no\/content\/uploads\/sites\/335\/2024\/02\/421598319_395593249632621_3508983514887109846_n-768x1024.jpg\" class=\"attachment-medium_large size-medium_large\" alt=\"\" srcset=\"https:\/\/hoyre.no\/content\/uploads\/sites\/335\/2024\/02\/421598319_395593249632621_3508983514887109846_n-768x1024.jpg 768w, https:\/\/hoyre.no\/content\/uploads\/sites\/335\/2024\/02\/421598319_395593249632621_3508983514887109846_n-225x300.jpg 225w, https:\/\/hoyre.no\/content\/uploads\/sites\/335\/2024\/02\/421598319_395593249632621_3508983514887109846_n-1152x1536.jpg 1152w, https:\/\/hoyre.no\/content\/uploads\/sites\/335\/2024\/02\/421598319_395593249632621_3508983514887109846_n.jpg 1179w\" sizes=\"auto, (max-width: 768px) 100vw, 768px\" \/>\t\t<\/div>\n\t\t\n\t\t\t<div class=\"teft-card__content-wrapper\">\n\t\t\t\t<div class=\"teft-card__secondary\">\n\t\t\t\t\t\n\t\t\t\t\t\t\t\t<div class=\"teft-card__meta\">\n\t\t\t\t\t\t\t\t\t<span class=\"post-date\">4. feb 2024<\/span>\n\n\t\t\t\t\t\t\t\t\t\t\t\t\t\t\t\t\t<\/div>\n\t\t\t\t\t\t\t\t\t\t\t<\/div>\n\n\t\t\t\t<div class=\"teft-card__primary\">\n\t\t\t\t\t<h2 class=\"teft-card__title\">\u00c5rsm\u00f8te i Gloppen H\u00f8gre&nbsp;<span class=\"teft-card__primary-title-append\"><\/span><\/h2>\t\t\t\t<\/div>\n\t\t\t<\/div>\n\t\t<\/a>\n\t<\/div>\n\n\t<\/div><div class=\"is-card-hoyre\">\n\t<div class=\"teft-card hoyre-teft-card post-teft-card\">\n\t\t<a href=\"https:\/\/hoyre.no\/gloppen\/aktuelt\/historisk-i-gloppen\/\" class=\"teft-card__primary-action\">\n\n\t\t\t\t\t<div class=\"teft-card__media teft-card__media--16-9\">\n\t\t\t\t\t\t<img loading=\"lazy\" decoding=\"async\" width=\"768\" height=\"576\" src=\"https:\/\/hoyre.no\/content\/uploads\/sites\/335\/2023\/09\/Foto-Svein-Ottar-Sandal-768x576.jpg\" class=\"attachment-medium_large size-medium_large\" alt=\"\" srcset=\"https:\/\/hoyre.no\/content\/uploads\/sites\/335\/2023\/09\/Foto-Svein-Ottar-Sandal-768x576.jpg 768w, https:\/\/hoyre.no\/content\/uploads\/sites\/335\/2023\/09\/Foto-Svein-Ottar-Sandal-300x225.jpg 300w, https:\/\/hoyre.no\/content\/uploads\/sites\/335\/2023\/09\/Foto-Svein-Ottar-Sandal-1024x768.jpg 1024w, https:\/\/hoyre.no\/content\/uploads\/sites\/335\/2023\/09\/Foto-Svein-Ottar-Sandal-1536x1152.jpg 1536w, https:\/\/hoyre.no\/content\/uploads\/sites\/335\/2023\/09\/Foto-Svein-Ottar-Sandal-2048x1536.jpg 2048w\" sizes=\"auto, (max-width: 768px) 100vw, 768px\" \/>\t\t<\/div>\n\t\t\n\t\t\t<div class=\"teft-card__content-wrapper\">\n\t\t\t\t<div class=\"teft-card__secondary\">\n\t\t\t\t\t\n\t\t\t\t\t\t\t\t<div class=\"teft-card__meta\">\n\t\t\t\t\t\t\t\t\t<span class=\"post-date\">16. sep 2023<\/span>\n\n\t\t\t\t\t\t\t\t\t\t\t\t\t\t\t\t\t<\/div>\n\t\t\t\t\t\t\t\t\t\t\t<\/div>\n\n\t\t\t\t<div class=\"teft-card__primary\">\n\t\t\t\t\t<h2 class=\"teft-card__title\">Historisk i Gloppen&nbsp;<span class=\"teft-card__primary-title-append\"><\/span><\/h2>\t\t\t\t<\/div>\n\t\t\t<\/div>\n\t\t<\/a>\n\t<\/div>\n\n\t<\/div><\/div>\t<\/div>\n<\/div>\n","protected":false},"excerpt":{"rendered":"","protected":false},"author":23106,"featured_media":0,"comment_status":"closed","ping_status":"closed","sticky":false,"template":"","format":"standard","meta":{"teft_cards_image_url":"","teft_cards_custom_pretitle":"","teft_cards_image_id":261,"teft_cards_image_focal_point_x":0.43,"teft_cards_image_focal_point_y":0.26,"teft_cards_title":"","teft_cards_excerpt":"","teft_show_chapters":false,"author_display_name":"","footnotes":""},"category":[1],"post_tag":[],"hoyre-visibility":[],"article-type":[],"politician":[],"class_list":["post-254","post","type-post","status-publish","format-standard","hentry","category-ukategorisert"],"yoast_head":"<!-- This site is optimized with the Yoast SEO plugin v26.6 - https:\/\/yoast.com\/wordpress\/plugins\/seo\/ -->\n<title>Klar for ny kommunestyreperiode - Gloppen H\u00f8gre<\/title>\n<meta name=\"robots\" content=\"index, follow, max-snippet:-1, max-image-preview:large, max-video-preview:-1\" \/>\n<link rel=\"canonical\" href=\"https:\/\/hoyre.no\/gloppen\/aktuelt\/klar-for-ny-kommunestyreperiode\/\" \/>\n<meta property=\"og:locale\" content=\"nn_NO\" \/>\n<meta property=\"og:type\" content=\"article\" \/>\n<meta property=\"og:title\" content=\"Klar for ny kommunestyreperiode - Gloppen H\u00f8gre\" \/>\n<meta property=\"og:url\" content=\"https:\/\/hoyre.no\/gloppen\/aktuelt\/klar-for-ny-kommunestyreperiode\/\" \/>\n<meta property=\"og:site_name\" content=\"Gloppen H\u00f8gre\" \/>\n<meta property=\"article:published_time\" content=\"2023-09-27T09:13:48+00:00\" \/>\n<meta property=\"article:modified_time\" content=\"2023-09-27T09:22:34+00:00\" \/>\n<meta property=\"og:image\" content=\"https:\/\/hoyre.no\/content\/uploads\/sites\/335\/2023\/09\/Foto-Svein-Ottar-Sandal-1024x768.jpg\" \/>\n<meta name=\"author\" content=\"Dagfinn Kaspar Nyhammer\" \/>\n<meta name=\"twitter:card\" content=\"summary_large_image\" \/>\n<meta name=\"twitter:label1\" content=\"Written by\" \/>\n\t<meta name=\"twitter:data1\" content=\"Dagfinn Kaspar Nyhammer\" \/>\n\t<meta name=\"twitter:label2\" content=\"Est. reading time\" \/>\n\t<meta name=\"twitter:data2\" content=\"1 minutt\" \/>\n<script type=\"application\/ld+json\" class=\"yoast-schema-graph\">{\"@context\":\"https:\/\/schema.org\",\"@graph\":[{\"@type\":\"NewsArticle\",\"@id\":\"https:\/\/hoyre.no\/gloppen\/aktuelt\/klar-for-ny-kommunestyreperiode\/\",\"url\":\"https:\/\/hoyre.no\/gloppen\/aktuelt\/klar-for-ny-kommunestyreperiode\/\",\"name\":\"Klar for ny kommunestyreperiode - Gloppen H\u00f8gre\",\"isPartOf\":{\"@id\":\"https:\/\/hoyre.no\/gloppen\/#website\"},\"datePublished\":\"2023-09-27T09:13:48+00:00\",\"dateModified\":\"2023-09-27T09:22:34+00:00\",\"author\":{\"@id\":\"https:\/\/hoyre.no\/gloppen\/#\/schema\/person\/2dbbd30fcd69b9f4571eff3b108e6f4b\"},\"breadcrumb\":{\"@id\":\"https:\/\/hoyre.no\/gloppen\/aktuelt\/klar-for-ny-kommunestyreperiode\/#breadcrumb\"},\"inLanguage\":\"nn-NO\",\"potentialAction\":[{\"@type\":\"ReadAction\",\"target\":[\"https:\/\/hoyre.no\/gloppen\/aktuelt\/klar-for-ny-kommunestyreperiode\/\"]}]},{\"@type\":\"BreadcrumbList\",\"@id\":\"https:\/\/hoyre.no\/gloppen\/aktuelt\/klar-for-ny-kommunestyreperiode\/#breadcrumb\",\"itemListElement\":[{\"@type\":\"ListItem\",\"position\":1,\"name\":\"Til hoyre.no\",\"item\":\"https:\/\/hoyre.no\"},{\"@type\":\"ListItem\",\"position\":2,\"name\":\"Hjem\",\"item\":\"https:\/\/hoyre.no\/gloppen\/\"},{\"@type\":\"ListItem\",\"position\":3,\"name\":\"Klar for ny kommunestyreperiode\"}]},{\"@type\":\"WebSite\",\"@id\":\"https:\/\/hoyre.no\/gloppen\/#website\",\"url\":\"https:\/\/hoyre.no\/gloppen\/\",\"name\":\"Gloppen H\u00f8gre\",\"description\":\"Bare enda et H\u00f8yres nettsteder-nettsted\",\"inLanguage\":\"nn-NO\"},{\"@type\":\"Person\",\"@id\":\"https:\/\/hoyre.no\/gloppen\/#\/schema\/person\/2dbbd30fcd69b9f4571eff3b108e6f4b\",\"name\":\"Dagfinn Kaspar Nyhammer\",\"image\":{\"@type\":\"ImageObject\",\"inLanguage\":\"nn-NO\",\"@id\":\"https:\/\/hoyre.no\/gloppen\/#\/schema\/person\/image\/\",\"url\":\"https:\/\/secure.gravatar.com\/avatar\/6bd612d305b085ee0d21999e572d3add77880217f3a82d69e383c33402065cdf?s=96&d=mm&r=g\",\"contentUrl\":\"https:\/\/secure.gravatar.com\/avatar\/6bd612d305b085ee0d21999e572d3add77880217f3a82d69e383c33402065cdf?s=96&d=mm&r=g\",\"caption\":\"Dagfinn Kaspar Nyhammer\"},\"url\":\"https:\/\/hoyre.no\/gloppen\/aktuelt\/author\/m50359231\/\"}]}<\/script>\n<!-- \/ Yoast SEO plugin. -->","yoast_head_json":{"title":"Klar for ny kommunestyreperiode - Gloppen H\u00f8gre","robots":{"index":"index","follow":"follow","max-snippet":"max-snippet:-1","max-image-preview":"max-image-preview:large","max-video-preview":"max-video-preview:-1"},"canonical":"https:\/\/hoyre.no\/gloppen\/aktuelt\/klar-for-ny-kommunestyreperiode\/","og_locale":"nn_NO","og_type":"article","og_title":"Klar for ny kommunestyreperiode - Gloppen H\u00f8gre","og_url":"https:\/\/hoyre.no\/gloppen\/aktuelt\/klar-for-ny-kommunestyreperiode\/","og_site_name":"Gloppen H\u00f8gre","article_published_time":"2023-09-27T09:13:48+00:00","article_modified_time":"2023-09-27T09:22:34+00:00","og_image":[{"url":"https:\/\/hoyre.no\/content\/uploads\/sites\/335\/2023\/09\/Foto-Svein-Ottar-Sandal-1024x768.jpg","width":"","height":"","type":""}],"author":"Dagfinn Kaspar Nyhammer","twitter_card":"summary_large_image","twitter_misc":{"Written by":"Dagfinn Kaspar Nyhammer","Est. reading time":"1 minutt"},"schema":{"@context":"https:\/\/schema.org","@graph":[{"@type":"NewsArticle","@id":"https:\/\/hoyre.no\/gloppen\/aktuelt\/klar-for-ny-kommunestyreperiode\/","url":"https:\/\/hoyre.no\/gloppen\/aktuelt\/klar-for-ny-kommunestyreperiode\/","name":"Klar for ny kommunestyreperiode - Gloppen H\u00f8gre","isPartOf":{"@id":"https:\/\/hoyre.no\/gloppen\/#website"},"datePublished":"2023-09-27T09:13:48+00:00","dateModified":"2023-09-27T09:22:34+00:00","author":{"@id":"https:\/\/hoyre.no\/gloppen\/#\/schema\/person\/2dbbd30fcd69b9f4571eff3b108e6f4b"},"breadcrumb":{"@id":"https:\/\/hoyre.no\/gloppen\/aktuelt\/klar-for-ny-kommunestyreperiode\/#breadcrumb"},"inLanguage":"nn-NO","potentialAction":[{"@type":"ReadAction","target":["https:\/\/hoyre.no\/gloppen\/aktuelt\/klar-for-ny-kommunestyreperiode\/"]}]},{"@type":"BreadcrumbList","@id":"https:\/\/hoyre.no\/gloppen\/aktuelt\/klar-for-ny-kommunestyreperiode\/#breadcrumb","itemListElement":[{"@type":"ListItem","position":1,"name":"Til hoyre.no","item":"https:\/\/hoyre.no"},{"@type":"ListItem","position":2,"name":"Hjem","item":"https:\/\/hoyre.no\/gloppen\/"},{"@type":"ListItem","position":3,"name":"Klar for ny kommunestyreperiode"}]},{"@type":"WebSite","@id":"https:\/\/hoyre.no\/gloppen\/#website","url":"https:\/\/hoyre.no\/gloppen\/","name":"Gloppen H\u00f8gre","description":"Bare enda et H\u00f8yres nettsteder-nettsted","inLanguage":"nn-NO"},{"@type":"Person","@id":"https:\/\/hoyre.no\/gloppen\/#\/schema\/person\/2dbbd30fcd69b9f4571eff3b108e6f4b","name":"Dagfinn Kaspar Nyhammer","image":{"@type":"ImageObject","inLanguage":"nn-NO","@id":"https:\/\/hoyre.no\/gloppen\/#\/schema\/person\/image\/","url":"https:\/\/secure.gravatar.com\/avatar\/6bd612d305b085ee0d21999e572d3add77880217f3a82d69e383c33402065cdf?s=96&d=mm&r=g","contentUrl":"https:\/\/secure.gravatar.com\/avatar\/6bd612d305b085ee0d21999e572d3add77880217f3a82d69e383c33402065cdf?s=96&d=mm&r=g","caption":"Dagfinn Kaspar Nyhammer"},"url":"https:\/\/hoyre.no\/gloppen\/aktuelt\/author\/m50359231\/"}]}},"distributor_meta":false,"distributor_terms":false,"distributor_media":false,"distributor_original_site_name":"Gloppen H\u00f8gre","distributor_original_site_url":"https:\/\/hoyre.no\/gloppen","push-errors":false,"_links":{"self":[{"href":"https:\/\/hoyre.no\/gloppen\/wp-json\/wp\/v2\/posts\/254","targetHints":{"allow":["GET"]}}],"collection":[{"href":"https:\/\/hoyre.no\/gloppen\/wp-json\/wp\/v2\/posts"}],"about":[{"href":"https:\/\/hoyre.no\/gloppen\/wp-json\/wp\/v2\/types\/post"}],"author":[{"embeddable":true,"href":"https:\/\/hoyre.no\/gloppen\/wp-json\/wp\/v2\/users\/23106"}],"replies":[{"embeddable":true,"href":"https:\/\/hoyre.no\/gloppen\/wp-json\/wp\/v2\/comments?post=254"}],"version-history":[{"count":2,"href":"https:\/\/hoyre.no\/gloppen\/wp-json\/wp\/v2\/posts\/254\/revisions"}],"predecessor-version":[{"id":260,"href":"https:\/\/hoyre.no\/gloppen\/wp-json\/wp\/v2\/posts\/254\/revisions\/260"}],"wp:attachment":[{"href":"https:\/\/hoyre.no\/gloppen\/wp-json\/wp\/v2\/media?parent=254"}],"wp:term":[{"taxonomy":"category","embeddable":true,"href":"https:\/\/hoyre.no\/gloppen\/wp-json\/wp\/v2\/category?post=254"},{"taxonomy":"post_tag","embeddable":true,"href":"https:\/\/hoyre.no\/gloppen\/wp-json\/wp\/v2\/post_tag?post=254"},{"taxonomy":"hoyre-visibility","embeddable":true,"href":"https:\/\/hoyre.no\/gloppen\/wp-json\/wp\/v2\/hoyre-visibility?post=254"},{"taxonomy":"article-type","embeddable":true,"href":"https:\/\/hoyre.no\/gloppen\/wp-json\/wp\/v2\/article-type?post=254"},{"taxonomy":"politician","embeddable":true,"href":"https:\/\/hoyre.no\/gloppen\/wp-json\/wp\/v2\/politician?post=254"}],"curies":[{"name":"wp","href":"https:\/\/api.w.org\/{rel}","templated":true}]}}