{"id":268,"date":"2024-02-04T11:14:15","date_gmt":"2024-02-04T10:14:15","guid":{"rendered":"https:\/\/hoyre.no\/gloppen\/?p=268"},"modified":"2024-02-04T11:14:50","modified_gmt":"2024-02-04T10:14:50","slug":"arsmote-i-gloppen-hogre","status":"publish","type":"post","link":"https:\/\/hoyre.no\/gloppen\/aktuelt\/arsmote-i-gloppen-hogre\/","title":{"rendered":"\u00c5rsm\u00f8te i Gloppen H\u00f8gre"},"content":{"rendered":"\n<p class=\"preamble\">Utruleg godt framm\u00f8te p\u00e5 \u00e5rsm\u00f8tet i Gloppen H\u00f8gre! Og dei framm\u00f8tte 16 medlemene fekk inspirerande p\u00e5fyll fr\u00e5 dei to unge og friske representantane fr\u00e5 Vestland H\u00f8gre, Lise-May S\u00e6le og Tora Hodneland Kildehaug<\/p>\n\n\n\n\n<figure class=\"wp-block-image size-large is-resized\"><img loading=\"lazy\" decoding=\"async\" src=\"https:\/\/hoyre.no\/content\/uploads\/sites\/335\/2024\/02\/421598319_395593249632621_3508983514887109846_n-768x1024.jpg\" alt=\"\" class=\"wp-image-270\" style=\"width:518px;height:691px\" width=\"518\" height=\"691\" srcset=\"https:\/\/hoyre.no\/content\/uploads\/sites\/335\/2024\/02\/421598319_395593249632621_3508983514887109846_n-768x1024.jpg 768w, https:\/\/hoyre.no\/content\/uploads\/sites\/335\/2024\/02\/421598319_395593249632621_3508983514887109846_n-225x300.jpg 225w, https:\/\/hoyre.no\/content\/uploads\/sites\/335\/2024\/02\/421598319_395593249632621_3508983514887109846_n-1152x1536.jpg 1152w, https:\/\/hoyre.no\/content\/uploads\/sites\/335\/2024\/02\/421598319_395593249632621_3508983514887109846_n.jpg 1179w\" sizes=\"auto, (max-width: 518px) 100vw, 518px\" \/><\/figure>\n\n\n\n<h1 class=\"wp-block-heading\"><strong>\u00c5rsm\u00f8tet for Gloppen H\u00f8gre 30.januar 2024<\/strong><\/h1>\n\n\n\n<p><\/p>\n\n\n\n<p>Gjester fr\u00e5 Vestland H\u00f8gre: Tora Hodneland Kildehaug og Lise-May S\u00e6le<\/p>\n\n\n\n<p><strong> Godkjenning av innkalling og sakliste<\/strong>:  Samr\u00f8ystes godkjent<\/p>\n\n\n\n<ul class=\"wp-block-list\">\n<li><strong>M\u00f8teleiar og referent<\/strong><ul><li>M\u00f8teleiar: Jan Ove Rygg.   Referent:&nbsp; Dagfinn Nyhammer<\/li><\/ul><\/li>\n<\/ul>\n\n\n\n<ul class=\"wp-block-list\">\n<li><strong>To til \u00e5 skrive under M\u00f8teboka<\/strong><ul><li>Hans Os og Lisbeth Stensaker<\/li><\/ul><\/li>\n\n\n\n<li><strong>\u00c5rsmelding fr\u00e5 styret:<\/strong>\n<ul class=\"wp-block-list\">\n<li>Jan Ove gjekk gjennom denne. Samr\u00f8ystes godkjend<\/li>\n<\/ul>\n<\/li>\n<\/ul>\n\n\n\n<ul class=\"wp-block-list\">\n<li><strong>Rekneskap:<\/strong>\n<ul class=\"wp-block-list\">\n<li>Kasserar gjekk gjennom denne. Samr\u00f8ystes godkjend<\/li>\n<\/ul>\n<\/li>\n<\/ul>\n\n\n\n<ul class=\"wp-block-list\">\n<li><strong>\u00c5rsmelding fr\u00e5 kommunestyregruppa,<\/strong> Beate D.N.  orienterte og gjekk gjennom meldinga.  Teken til orientering<\/li>\n<\/ul>\n\n\n\n<ul class=\"wp-block-list\">\n<li><strong>Fastsetjing av medlemskontingent<\/strong>\n<ul class=\"wp-block-list\">\n<li>Forslag p\u00e5 \u00e5 halde p\u00e5 den sentrale kontingenten, kr. 440,-. Samr\u00f8ystes vedteke.<\/li>\n<\/ul>\n<\/li>\n<\/ul>\n\n\n\n<ul class=\"wp-block-list\">\n<li><strong>Val<\/strong><ul><li>Leiar:&nbsp;&nbsp;&nbsp; Runar Stensaker Kleppe &nbsp;&nbsp;&nbsp;&nbsp;&nbsp;&nbsp;&nbsp;&nbsp;&nbsp;&nbsp;&nbsp;&nbsp;&nbsp;&nbsp;&nbsp;&nbsp;&nbsp;&nbsp;&nbsp;&nbsp;&nbsp;&nbsp;&nbsp;&nbsp;&nbsp;&nbsp;&nbsp;&nbsp;(p\u00e5 val i 2025)<\/li><\/ul><\/li>\n\n\n\n<li><ul><li>Nestleiar: Beate Dybendal Nordvik&nbsp;&nbsp;&nbsp;&nbsp;&nbsp;&nbsp;&nbsp;&nbsp;&nbsp;&nbsp;&nbsp;&nbsp;&nbsp;&nbsp;&nbsp;&nbsp;&nbsp;&nbsp;&nbsp;&nbsp;&nbsp;&nbsp;&nbsp;&nbsp; (p\u00e5 val i 2025)<\/li><\/ul><\/li>\n\n\n\n<li><ul><li>Kasserar: Dagfinn Nyhammer&nbsp;&nbsp;&nbsp;&nbsp;&nbsp;&nbsp;&nbsp;&nbsp;&nbsp;&nbsp;&nbsp;&nbsp;&nbsp;&nbsp;&nbsp;&nbsp;&nbsp;&nbsp;&nbsp;&nbsp;&nbsp;&nbsp;&nbsp;&nbsp;&nbsp;&nbsp;&nbsp;&nbsp;&nbsp;&nbsp;&nbsp;&nbsp;&nbsp; (p\u00e5 val i 2025)<\/li><\/ul><\/li>\n\n\n\n<li><ul><li>Lisbeth Stensaker&nbsp;&nbsp;&nbsp;&nbsp;&nbsp;&nbsp;&nbsp;&nbsp;&nbsp;&nbsp;&nbsp;&nbsp;&nbsp;&nbsp;&nbsp;&nbsp;&nbsp;&nbsp;&nbsp;&nbsp;&nbsp;&nbsp;&nbsp;&nbsp;&nbsp;&nbsp;&nbsp;&nbsp;&nbsp;&nbsp;&nbsp;&nbsp;&nbsp;&nbsp;&nbsp;&nbsp;&nbsp;&nbsp;&nbsp;&nbsp;&nbsp;&nbsp;&nbsp;&nbsp;&nbsp;&nbsp;&nbsp;&nbsp;&nbsp;&nbsp;&nbsp;&nbsp;&nbsp; (p\u00e5 val i 2026)<\/li><\/ul>\n<ul class=\"wp-block-list\">\n<li>         Ola Sundt Ravnestad&nbsp;&nbsp;&nbsp;&nbsp;&nbsp;&nbsp;&nbsp;&nbsp;&nbsp;&nbsp;&nbsp;&nbsp;&nbsp;&nbsp;&nbsp;&nbsp;&nbsp;&nbsp;&nbsp;&nbsp;&nbsp;&nbsp;&nbsp;&nbsp;&nbsp;&nbsp;&nbsp;&nbsp;&nbsp;&nbsp;&nbsp;&nbsp;&nbsp;&nbsp;&nbsp;&nbsp;&nbsp;&nbsp;&nbsp;&nbsp;&nbsp;&nbsp;&nbsp;&nbsp;&nbsp;&nbsp;&nbsp;&nbsp;&nbsp;(p\u00e5 val i 2026)<\/li>\n<\/ul>\n<\/li>\n<\/ul>\n\n\n\n<p>Vara: \u00d8yvind Aarebrot og Per Inge Hole &nbsp;&nbsp;&nbsp;&nbsp;&nbsp;&nbsp;&nbsp;&nbsp;&nbsp;&nbsp;&nbsp;&nbsp;&nbsp;&nbsp;&nbsp;&nbsp;&nbsp;&nbsp;&nbsp;&nbsp;&nbsp;&nbsp; begge p\u00e5 val i 2025<\/p>\n\n\n\n<p>Revisorar:&nbsp; Jan Arve Fr\u00f8yset og Hans Lothe&nbsp;&nbsp;&nbsp;&nbsp;&nbsp;&nbsp;&nbsp;&nbsp;&nbsp;&nbsp;&nbsp;&nbsp;&nbsp;&nbsp;&nbsp;&nbsp; begge p\u00e5 val i 2025<\/p>\n\n\n\n<p>Valnemnd: Grethe H\u00e5heim, leiar (2025),&nbsp; Kim Kristen Eide (2026), \u00d8rjan Tystad (2027)<\/p>\n\n\n\n<ul class=\"wp-block-list\">\n<li><strong>\u00abKorleis er det \u00e5 vere i possisjon?\u00bb<\/strong>\n<ul class=\"wp-block-list\">\n<li>Beate og Jan Ove fortalde om m\u00e5nadane etter valet sist haust.&nbsp; Forhandlingsresultat, fastsetjing av grupper og verv til kommunestyrerepresentantane, arbeid i gruppene, formannskap og kommunestyre, og litt anna.<\/li>\n<\/ul>\n<\/li>\n<\/ul>\n\n\n\n<ol class=\"wp-block-list\" type=\"1\">\n<li><strong>Politiske saker<\/strong>\n<ol class=\"wp-block-list\">\n<li>Jan Ove tok opp framtidige saker som kan dukke opp, og hadde spesielt fokus p\u00e5 sine tankar om Sandane Hamn.<\/li>\n<\/ol>\n<\/li>\n<\/ol>\n\n\n\n<ol class=\"wp-block-list\" type=\"1\">\n<li><strong>Gjestene fr\u00e5 Vestland H\u00f8gre, Tora Hodneland Kildehaug og Lise-May S\u00e6le<\/strong>, tok oss med i ein inspirerande og interessant bolk, der dei snakka om organisering av politisk arbeid, korleis f\u00e5 med yngre folk i politikken, og litt om arbeidet fram mot stortingsvalet i -25;<\/li>\n<\/ol>\n\n\n\n<ol class=\"wp-block-list\" type=\"1\">\n<li><strong>Avslutning<\/strong> av \u00e5rsm\u00f8tet, med takk til avg\u00e5tt leiar, Jan Ove, og med middag som 10 medlemer ville ha med seg f\u00f8r dei tok turen heim att.<\/li>\n<\/ol>\n\n\n\n<p><\/p>\n\n\n\n<p><\/p>\n\n\n\n<p><\/p>\n\n\n<div class=\"tags\">\n\t<\/div>\n<div class=\"post-footer alignfull has-background block-editor-block-list__block\" data-align=full>\n\t<div class=\"post-footer-inner\">\n\t\t<h3>Relaterte artikler<\/h3>\n\t\t<div class=\"related-content\"><div class=\"is-card-hoyre\">\n\t<div class=\"teft-card hoyre-teft-card post-teft-card\">\n\t\t<a href=\"https:\/\/hoyre.no\/gloppen\/aktuelt\/gloppen-hogre-med-klar-tale\/\" class=\"teft-card__primary-action\">\n\n\t\t\t\t\t<div class=\"teft-card__media teft-card__media--16-9\">\n\t\t\t\t\t\t<img loading=\"lazy\" decoding=\"async\" width=\"768\" height=\"576\" src=\"https:\/\/hoyre.no\/content\/uploads\/sites\/335\/2024\/04\/IMG_20221103_160823-\u2013-Kopi-768x576.jpg\" class=\"attachment-medium_large size-medium_large\" alt=\"Elias Eide (i midten) p\u00e5 bes\u00f8k i Gloppen\" srcset=\"https:\/\/hoyre.no\/content\/uploads\/sites\/335\/2024\/04\/IMG_20221103_160823-\u2013-Kopi-768x576.jpg 768w, https:\/\/hoyre.no\/content\/uploads\/sites\/335\/2024\/04\/IMG_20221103_160823-\u2013-Kopi-300x225.jpg 300w, https:\/\/hoyre.no\/content\/uploads\/sites\/335\/2024\/04\/IMG_20221103_160823-\u2013-Kopi-1024x768.jpg 1024w, https:\/\/hoyre.no\/content\/uploads\/sites\/335\/2024\/04\/IMG_20221103_160823-\u2013-Kopi-1536x1152.jpg 1536w, https:\/\/hoyre.no\/content\/uploads\/sites\/335\/2024\/04\/IMG_20221103_160823-\u2013-Kopi-2048x1536.jpg 2048w\" sizes=\"auto, (max-width: 768px) 100vw, 768px\" \/>\t\t<\/div>\n\t\t\n\t\t\t<div class=\"teft-card__content-wrapper\">\n\t\t\t\t<div class=\"teft-card__secondary\">\n\t\t\t\t\t\n\t\t\t\t\t\t\t\t<div class=\"teft-card__meta\">\n\t\t\t\t\t\t\t\t\t<span class=\"post-date\">6. apr 2024<\/span>\n\n\t\t\t\t\t\t\t\t\t\t\t\t\t\t\t\t\t<\/div>\n\t\t\t\t\t\t\t\t\t\t\t<\/div>\n\n\t\t\t\t<div class=\"teft-card__primary\">\n\t\t\t\t\t<h2 class=\"teft-card__title\">H\u00f8gre med klar tale&nbsp;<span class=\"teft-card__primary-title-append\"><\/span><\/h2>\t\t\t\t<\/div>\n\t\t\t<\/div>\n\t\t<\/a>\n\t<\/div>\n\n\t<\/div><div class=\"is-card-hoyre\">\n\t<div class=\"teft-card hoyre-teft-card post-teft-card\">\n\t\t<a href=\"https:\/\/hoyre.no\/gloppen\/aktuelt\/klar-for-ny-kommunestyreperiode\/\" class=\"teft-card__primary-action\">\n\n\t\t\t\t\t<div class=\"teft-card__media teft-card__media--16-9\">\n\t\t\t\t\t\t<img loading=\"lazy\" decoding=\"async\" width=\"768\" height=\"628\" src=\"https:\/\/hoyre.no\/content\/uploads\/sites\/335\/2023\/09\/Gruppe-II-768x628.jpg\" class=\"attachment-medium_large size-medium_large\" alt=\"\" srcset=\"https:\/\/hoyre.no\/content\/uploads\/sites\/335\/2023\/09\/Gruppe-II-768x628.jpg 768w, https:\/\/hoyre.no\/content\/uploads\/sites\/335\/2023\/09\/Gruppe-II-300x245.jpg 300w, https:\/\/hoyre.no\/content\/uploads\/sites\/335\/2023\/09\/Gruppe-II-1024x838.jpg 1024w, https:\/\/hoyre.no\/content\/uploads\/sites\/335\/2023\/09\/Gruppe-II-1536x1257.jpg 1536w, https:\/\/hoyre.no\/content\/uploads\/sites\/335\/2023\/09\/Gruppe-II-2048x1676.jpg 2048w\" sizes=\"auto, (max-width: 768px) 100vw, 768px\" \/>\t\t<\/div>\n\t\t\n\t\t\t<div class=\"teft-card__content-wrapper\">\n\t\t\t\t<div class=\"teft-card__secondary\">\n\t\t\t\t\t\n\t\t\t\t\t\t\t\t<div class=\"teft-card__meta\">\n\t\t\t\t\t\t\t\t\t<span class=\"post-date\">27. sep 2023<\/span>\n\n\t\t\t\t\t\t\t\t\t\t\t\t\t\t\t\t\t<\/div>\n\t\t\t\t\t\t\t\t\t\t\t<\/div>\n\n\t\t\t\t<div class=\"teft-card__primary\">\n\t\t\t\t\t<h2 class=\"teft-card__title\">Klar for ny kommunestyreperiode&nbsp;<span class=\"teft-card__primary-title-append\"><\/span><\/h2>\t\t\t\t<\/div>\n\t\t\t<\/div>\n\t\t<\/a>\n\t<\/div>\n\n\t<\/div><div class=\"is-card-hoyre\">\n\t<div class=\"teft-card hoyre-teft-card post-teft-card\">\n\t\t<a href=\"https:\/\/hoyre.no\/gloppen\/aktuelt\/historisk-i-gloppen\/\" class=\"teft-card__primary-action\">\n\n\t\t\t\t\t<div class=\"teft-card__media teft-card__media--16-9\">\n\t\t\t\t\t\t<img loading=\"lazy\" decoding=\"async\" width=\"768\" height=\"576\" src=\"https:\/\/hoyre.no\/content\/uploads\/sites\/335\/2023\/09\/Foto-Svein-Ottar-Sandal-768x576.jpg\" class=\"attachment-medium_large size-medium_large\" alt=\"\" srcset=\"https:\/\/hoyre.no\/content\/uploads\/sites\/335\/2023\/09\/Foto-Svein-Ottar-Sandal-768x576.jpg 768w, https:\/\/hoyre.no\/content\/uploads\/sites\/335\/2023\/09\/Foto-Svein-Ottar-Sandal-300x225.jpg 300w, https:\/\/hoyre.no\/content\/uploads\/sites\/335\/2023\/09\/Foto-Svein-Ottar-Sandal-1024x768.jpg 1024w, https:\/\/hoyre.no\/content\/uploads\/sites\/335\/2023\/09\/Foto-Svein-Ottar-Sandal-1536x1152.jpg 1536w, https:\/\/hoyre.no\/content\/uploads\/sites\/335\/2023\/09\/Foto-Svein-Ottar-Sandal-2048x1536.jpg 2048w\" sizes=\"auto, (max-width: 768px) 100vw, 768px\" \/>\t\t<\/div>\n\t\t\n\t\t\t<div class=\"teft-card__content-wrapper\">\n\t\t\t\t<div class=\"teft-card__secondary\">\n\t\t\t\t\t\n\t\t\t\t\t\t\t\t<div class=\"teft-card__meta\">\n\t\t\t\t\t\t\t\t\t<span class=\"post-date\">16. sep 2023<\/span>\n\n\t\t\t\t\t\t\t\t\t\t\t\t\t\t\t\t\t<\/div>\n\t\t\t\t\t\t\t\t\t\t\t<\/div>\n\n\t\t\t\t<div class=\"teft-card__primary\">\n\t\t\t\t\t<h2 class=\"teft-card__title\">Historisk i Gloppen&nbsp;<span class=\"teft-card__primary-title-append\"><\/span><\/h2>\t\t\t\t<\/div>\n\t\t\t<\/div>\n\t\t<\/a>\n\t<\/div>\n\n\t<\/div><\/div>\t<\/div>\n<\/div>\n","protected":false},"excerpt":{"rendered":"","protected":false},"author":23106,"featured_media":0,"comment_status":"closed","ping_status":"closed","sticky":false,"template":"","format":"standard","meta":{"teft_cards_image_url":"","teft_cards_custom_pretitle":"","teft_cards_image_id":270,"teft_cards_image_focal_point_x":0.5,"teft_cards_image_focal_point_y":0.5,"teft_cards_title":"","teft_cards_excerpt":"","teft_show_chapters":false,"author_display_name":"","footnotes":""},"category":[1],"post_tag":[],"hoyre-visibility":[],"article-type":[],"politician":[],"class_list":["post-268","post","type-post","status-publish","format-standard","hentry","category-ukategorisert"],"yoast_head":"<!-- This site is optimized with the Yoast SEO plugin v26.6 - https:\/\/yoast.com\/wordpress\/plugins\/seo\/ -->\n<title>\u00c5rsm\u00f8te i Gloppen H\u00f8gre - Gloppen H\u00f8gre<\/title>\n<meta name=\"robots\" content=\"index, follow, max-snippet:-1, max-image-preview:large, max-video-preview:-1\" \/>\n<link rel=\"canonical\" href=\"https:\/\/hoyre.no\/gloppen\/aktuelt\/arsmote-i-gloppen-hogre\/\" \/>\n<meta property=\"og:locale\" content=\"nn_NO\" \/>\n<meta property=\"og:type\" content=\"article\" \/>\n<meta property=\"og:title\" content=\"\u00c5rsm\u00f8te i Gloppen H\u00f8gre - Gloppen H\u00f8gre\" \/>\n<meta property=\"og:url\" content=\"https:\/\/hoyre.no\/gloppen\/aktuelt\/arsmote-i-gloppen-hogre\/\" \/>\n<meta property=\"og:site_name\" content=\"Gloppen H\u00f8gre\" \/>\n<meta property=\"article:published_time\" content=\"2024-02-04T10:14:15+00:00\" \/>\n<meta property=\"article:modified_time\" content=\"2024-02-04T10:14:50+00:00\" \/>\n<meta property=\"og:image\" content=\"https:\/\/hoyre.no\/content\/uploads\/sites\/335\/2023\/09\/Foto-Svein-Ottar-Sandal-1024x768.jpg\" \/>\n<meta name=\"author\" content=\"Dagfinn Kaspar Nyhammer\" \/>\n<meta name=\"twitter:card\" content=\"summary_large_image\" \/>\n<meta name=\"twitter:label1\" content=\"Written by\" \/>\n\t<meta name=\"twitter:data1\" content=\"Dagfinn Kaspar Nyhammer\" \/>\n\t<meta name=\"twitter:label2\" content=\"Est. reading time\" \/>\n\t<meta name=\"twitter:data2\" content=\"2 minutt\" \/>\n<script type=\"application\/ld+json\" class=\"yoast-schema-graph\">{\"@context\":\"https:\/\/schema.org\",\"@graph\":[{\"@type\":\"NewsArticle\",\"@id\":\"https:\/\/hoyre.no\/gloppen\/aktuelt\/arsmote-i-gloppen-hogre\/\",\"url\":\"https:\/\/hoyre.no\/gloppen\/aktuelt\/arsmote-i-gloppen-hogre\/\",\"name\":\"\u00c5rsm\u00f8te i Gloppen H\u00f8gre - Gloppen H\u00f8gre\",\"isPartOf\":{\"@id\":\"https:\/\/hoyre.no\/gloppen\/#website\"},\"image\":{\"@id\":\"https:\/\/hoyre.no\/gloppen\/aktuelt\/arsmote-i-gloppen-hogre\/#primaryimage\"},\"thumbnailUrl\":\"https:\/\/hoyre.no\/content\/uploads\/sites\/335\/2024\/02\/421598319_395593249632621_3508983514887109846_n-768x1024.jpg\",\"datePublished\":\"2024-02-04T10:14:15+00:00\",\"dateModified\":\"2024-02-04T10:14:50+00:00\",\"author\":{\"@id\":\"https:\/\/hoyre.no\/gloppen\/#\/schema\/person\/2dbbd30fcd69b9f4571eff3b108e6f4b\"},\"breadcrumb\":{\"@id\":\"https:\/\/hoyre.no\/gloppen\/aktuelt\/arsmote-i-gloppen-hogre\/#breadcrumb\"},\"inLanguage\":\"nn-NO\",\"potentialAction\":[{\"@type\":\"ReadAction\",\"target\":[\"https:\/\/hoyre.no\/gloppen\/aktuelt\/arsmote-i-gloppen-hogre\/\"]}]},{\"@type\":\"ImageObject\",\"inLanguage\":\"nn-NO\",\"@id\":\"https:\/\/hoyre.no\/gloppen\/aktuelt\/arsmote-i-gloppen-hogre\/#primaryimage\",\"url\":\"https:\/\/hoyre.no\/content\/uploads\/sites\/335\/2024\/02\/421598319_395593249632621_3508983514887109846_n-768x1024.jpg\",\"contentUrl\":\"https:\/\/hoyre.no\/content\/uploads\/sites\/335\/2024\/02\/421598319_395593249632621_3508983514887109846_n-768x1024.jpg\"},{\"@type\":\"BreadcrumbList\",\"@id\":\"https:\/\/hoyre.no\/gloppen\/aktuelt\/arsmote-i-gloppen-hogre\/#breadcrumb\",\"itemListElement\":[{\"@type\":\"ListItem\",\"position\":1,\"name\":\"Til hoyre.no\",\"item\":\"https:\/\/hoyre.no\"},{\"@type\":\"ListItem\",\"position\":2,\"name\":\"Hjem\",\"item\":\"https:\/\/hoyre.no\/gloppen\/\"},{\"@type\":\"ListItem\",\"position\":3,\"name\":\"\u00c5rsm\u00f8te i Gloppen H\u00f8gre\"}]},{\"@type\":\"WebSite\",\"@id\":\"https:\/\/hoyre.no\/gloppen\/#website\",\"url\":\"https:\/\/hoyre.no\/gloppen\/\",\"name\":\"Gloppen H\u00f8gre\",\"description\":\"Bare enda et H\u00f8yres nettsteder-nettsted\",\"inLanguage\":\"nn-NO\"},{\"@type\":\"Person\",\"@id\":\"https:\/\/hoyre.no\/gloppen\/#\/schema\/person\/2dbbd30fcd69b9f4571eff3b108e6f4b\",\"name\":\"Dagfinn Kaspar Nyhammer\",\"image\":{\"@type\":\"ImageObject\",\"inLanguage\":\"nn-NO\",\"@id\":\"https:\/\/hoyre.no\/gloppen\/#\/schema\/person\/image\/\",\"url\":\"https:\/\/secure.gravatar.com\/avatar\/6bd612d305b085ee0d21999e572d3add77880217f3a82d69e383c33402065cdf?s=96&d=mm&r=g\",\"contentUrl\":\"https:\/\/secure.gravatar.com\/avatar\/6bd612d305b085ee0d21999e572d3add77880217f3a82d69e383c33402065cdf?s=96&d=mm&r=g\",\"caption\":\"Dagfinn Kaspar Nyhammer\"},\"url\":\"https:\/\/hoyre.no\/gloppen\/aktuelt\/author\/m50359231\/\"}]}<\/script>\n<!-- \/ Yoast SEO plugin. -->","yoast_head_json":{"title":"\u00c5rsm\u00f8te i Gloppen H\u00f8gre - Gloppen H\u00f8gre","robots":{"index":"index","follow":"follow","max-snippet":"max-snippet:-1","max-image-preview":"max-image-preview:large","max-video-preview":"max-video-preview:-1"},"canonical":"https:\/\/hoyre.no\/gloppen\/aktuelt\/arsmote-i-gloppen-hogre\/","og_locale":"nn_NO","og_type":"article","og_title":"\u00c5rsm\u00f8te i Gloppen H\u00f8gre - Gloppen H\u00f8gre","og_url":"https:\/\/hoyre.no\/gloppen\/aktuelt\/arsmote-i-gloppen-hogre\/","og_site_name":"Gloppen H\u00f8gre","article_published_time":"2024-02-04T10:14:15+00:00","article_modified_time":"2024-02-04T10:14:50+00:00","og_image":[{"url":"https:\/\/hoyre.no\/content\/uploads\/sites\/335\/2023\/09\/Foto-Svein-Ottar-Sandal-1024x768.jpg","width":"","height":"","type":""}],"author":"Dagfinn Kaspar Nyhammer","twitter_card":"summary_large_image","twitter_misc":{"Written by":"Dagfinn Kaspar Nyhammer","Est. reading time":"2 minutt"},"schema":{"@context":"https:\/\/schema.org","@graph":[{"@type":"NewsArticle","@id":"https:\/\/hoyre.no\/gloppen\/aktuelt\/arsmote-i-gloppen-hogre\/","url":"https:\/\/hoyre.no\/gloppen\/aktuelt\/arsmote-i-gloppen-hogre\/","name":"\u00c5rsm\u00f8te i Gloppen H\u00f8gre - Gloppen H\u00f8gre","isPartOf":{"@id":"https:\/\/hoyre.no\/gloppen\/#website"},"image":{"@id":"https:\/\/hoyre.no\/gloppen\/aktuelt\/arsmote-i-gloppen-hogre\/#primaryimage"},"thumbnailUrl":"https:\/\/hoyre.no\/content\/uploads\/sites\/335\/2024\/02\/421598319_395593249632621_3508983514887109846_n-768x1024.jpg","datePublished":"2024-02-04T10:14:15+00:00","dateModified":"2024-02-04T10:14:50+00:00","author":{"@id":"https:\/\/hoyre.no\/gloppen\/#\/schema\/person\/2dbbd30fcd69b9f4571eff3b108e6f4b"},"breadcrumb":{"@id":"https:\/\/hoyre.no\/gloppen\/aktuelt\/arsmote-i-gloppen-hogre\/#breadcrumb"},"inLanguage":"nn-NO","potentialAction":[{"@type":"ReadAction","target":["https:\/\/hoyre.no\/gloppen\/aktuelt\/arsmote-i-gloppen-hogre\/"]}]},{"@type":"ImageObject","inLanguage":"nn-NO","@id":"https:\/\/hoyre.no\/gloppen\/aktuelt\/arsmote-i-gloppen-hogre\/#primaryimage","url":"https:\/\/hoyre.no\/content\/uploads\/sites\/335\/2024\/02\/421598319_395593249632621_3508983514887109846_n-768x1024.jpg","contentUrl":"https:\/\/hoyre.no\/content\/uploads\/sites\/335\/2024\/02\/421598319_395593249632621_3508983514887109846_n-768x1024.jpg"},{"@type":"BreadcrumbList","@id":"https:\/\/hoyre.no\/gloppen\/aktuelt\/arsmote-i-gloppen-hogre\/#breadcrumb","itemListElement":[{"@type":"ListItem","position":1,"name":"Til hoyre.no","item":"https:\/\/hoyre.no"},{"@type":"ListItem","position":2,"name":"Hjem","item":"https:\/\/hoyre.no\/gloppen\/"},{"@type":"ListItem","position":3,"name":"\u00c5rsm\u00f8te i Gloppen H\u00f8gre"}]},{"@type":"WebSite","@id":"https:\/\/hoyre.no\/gloppen\/#website","url":"https:\/\/hoyre.no\/gloppen\/","name":"Gloppen H\u00f8gre","description":"Bare enda et H\u00f8yres nettsteder-nettsted","inLanguage":"nn-NO"},{"@type":"Person","@id":"https:\/\/hoyre.no\/gloppen\/#\/schema\/person\/2dbbd30fcd69b9f4571eff3b108e6f4b","name":"Dagfinn Kaspar Nyhammer","image":{"@type":"ImageObject","inLanguage":"nn-NO","@id":"https:\/\/hoyre.no\/gloppen\/#\/schema\/person\/image\/","url":"https:\/\/secure.gravatar.com\/avatar\/6bd612d305b085ee0d21999e572d3add77880217f3a82d69e383c33402065cdf?s=96&d=mm&r=g","contentUrl":"https:\/\/secure.gravatar.com\/avatar\/6bd612d305b085ee0d21999e572d3add77880217f3a82d69e383c33402065cdf?s=96&d=mm&r=g","caption":"Dagfinn Kaspar Nyhammer"},"url":"https:\/\/hoyre.no\/gloppen\/aktuelt\/author\/m50359231\/"}]}},"distributor_meta":false,"distributor_terms":false,"distributor_media":false,"distributor_original_site_name":"Gloppen H\u00f8gre","distributor_original_site_url":"https:\/\/hoyre.no\/gloppen","push-errors":false,"_links":{"self":[{"href":"https:\/\/hoyre.no\/gloppen\/wp-json\/wp\/v2\/posts\/268","targetHints":{"allow":["GET"]}}],"collection":[{"href":"https:\/\/hoyre.no\/gloppen\/wp-json\/wp\/v2\/posts"}],"about":[{"href":"https:\/\/hoyre.no\/gloppen\/wp-json\/wp\/v2\/types\/post"}],"author":[{"embeddable":true,"href":"https:\/\/hoyre.no\/gloppen\/wp-json\/wp\/v2\/users\/23106"}],"replies":[{"embeddable":true,"href":"https:\/\/hoyre.no\/gloppen\/wp-json\/wp\/v2\/comments?post=268"}],"version-history":[{"count":2,"href":"https:\/\/hoyre.no\/gloppen\/wp-json\/wp\/v2\/posts\/268\/revisions"}],"predecessor-version":[{"id":272,"href":"https:\/\/hoyre.no\/gloppen\/wp-json\/wp\/v2\/posts\/268\/revisions\/272"}],"wp:attachment":[{"href":"https:\/\/hoyre.no\/gloppen\/wp-json\/wp\/v2\/media?parent=268"}],"wp:term":[{"taxonomy":"category","embeddable":true,"href":"https:\/\/hoyre.no\/gloppen\/wp-json\/wp\/v2\/category?post=268"},{"taxonomy":"post_tag","embeddable":true,"href":"https:\/\/hoyre.no\/gloppen\/wp-json\/wp\/v2\/post_tag?post=268"},{"taxonomy":"hoyre-visibility","embeddable":true,"href":"https:\/\/hoyre.no\/gloppen\/wp-json\/wp\/v2\/hoyre-visibility?post=268"},{"taxonomy":"article-type","embeddable":true,"href":"https:\/\/hoyre.no\/gloppen\/wp-json\/wp\/v2\/article-type?post=268"},{"taxonomy":"politician","embeddable":true,"href":"https:\/\/hoyre.no\/gloppen\/wp-json\/wp\/v2\/politician?post=268"}],"curies":[{"name":"wp","href":"https:\/\/api.w.org\/{rel}","templated":true}]}}