{"id":17,"date":"2016-11-13T23:00:00","date_gmt":"2016-11-13T22:00:00","guid":{"rendered":"https:\/\/hoyre.no\/grimstad\/aktuelt\/arresten-underskudde\/"},"modified":"2016-11-13T23:00:00","modified_gmt":"2016-11-13T22:00:00","slug":"arresten-underskudde","status":"publish","type":"post","link":"https:\/\/hoyre.no\/grimstad\/aktuelt\/arresten-underskudde\/","title":{"rendered":"Arresten- underskuddet \u00abris til egen r\u00e6v\u00bb"},"content":{"rendered":"<p class=\"preamble\">Grimstad Adressetidende hadde torsdag 10. november 2016 f\u00f8lgende artikkel: H\u00f8yre-topp kaller Arresten- underskuddet \u00abris til egen r\u00e6v\u00bb R\u00e5dmann Tone Marie Nyb\u00f8 Solheim kan ikke forst\u00e5 hvorfor folk ikke bruker Arresten. N\u00e5 vil hun ta 4,5 millioner kroner av kommunens penger for \u00e5 dekke underskuddet. \u2013 Jeg synes Grimstad har f\u00e5tt en fantastisk parkeringshall i Arresten. Ja, det er faktisk det fineste parkeringshuset jeg har v\u00e6rt i. Virkelig flott. Folk m\u00e5 pr\u00f8ve det \u00e5 se hvor fantastisk det er \u00e5 parkere der og s\u00e5 g\u00e5 rett ut i byen og lempe inn varene i bilen i et varmt og godt hus. Byen m\u00e5 v\u00e6re stolt av dette huset.<\/p>\t\t\t<div class=\"post-meta wp-block teft-byline-wrapper\">\n\t\t\t\t<div class=\"top\">\n\t\t\t\t\t<div class=\"signature\">\n\t\t\t\t\t\t<div class=\"teft-byline\">\n\t\t\t\t\t\t\t\t\t\t\t\t\t\t<div>\n\t\t\t\t\t\t\t\t<h3>H\u00f8yres redaksjon<\/h3>\t\t\t\t\t\t\t\t\n\t\t\t\t\t\t\t\t\t\t\t\t\t\t\t\t\t<span class=\"date\">Sist oppdatert: 13. november 2016<\/span>\n\t\t\t\t\t\t\t\t\t\t\t\t\t\t\t\t\t\t\t\t\t\t\t\t\t<span class=\"reading-time\" itemprop=\"timeRequired\" content=\"PT2M\"><em>Ca. 2 minutter lesetid<\/em><\/span>\n\t\t\t\t\t\t\t\t\t\t\t\t\t\t\t<\/div>\n\t\t\t\t\t\t<\/div>\n\t\t\t\t\t<\/div>\n\t\t\t\t\t\t<div class=\"sharing\">\n\t\t<a class=\"share-button share-link copy-link\" data-copy=\"https:\/\/hoyre.no\/grimstad\/aktuelt\/arresten-underskudde\/\" target=\"_blank\"><span class=\"screen-reader-text\">Del link<\/span><\/a>\n\t\t<a class=\"share-button share-twitter\" href=\"http:\/\/twitter.com\/share?text=Arresten- underskuddet \u00abris til egen r\u00e6v\u00bb&#038;url=https:\/\/hoyre.no\/grimstad\/aktuelt\/arresten-underskudde\/&#038;hashtags=Hoyre\" target=\"_blank\"><span class=\"screen-reader-text\">Del p\u00e5 twitter<\/span><\/a>\n\t\t<a class=\"share-button share-facebook\" href=\"https:\/\/www.facebook.com\/sharer\/sharer.php?u=https:\/\/hoyre.no\/grimstad\/aktuelt\/arresten-underskudde\/\" target=\"_blank\"><span class=\"screen-reader-text\">Del p\u00e5 facebook<\/span><\/a>\n\t<\/div>\n\t\t\t\t\t<\/div>\n\t\t\t<\/div>\n\n\t\t\t<figure class=\"hoyre-image-wrapper\"><div class=\"hoyre-image\"><img loading=\"lazy\" decoding=\"async\" width=\"2144\" height=\"1424\" src=\"https:\/\/hoyre.no\/content\/uploads\/sites\/32\/2020\/11\/7d2fb83a-d896-4102-9_1.jpg\" class=\"attachment-scaled size-scaled\" alt=\"\" style=\"object-position: 50% 50%\" srcset=\"https:\/\/hoyre.no\/content\/uploads\/sites\/32\/2020\/11\/7d2fb83a-d896-4102-9_1.jpg 2144w, https:\/\/hoyre.no\/content\/uploads\/sites\/32\/2020\/11\/7d2fb83a-d896-4102-9_1-300x199.jpg 300w, https:\/\/hoyre.no\/content\/uploads\/sites\/32\/2020\/11\/7d2fb83a-d896-4102-9_1-1024x680.jpg 1024w, https:\/\/hoyre.no\/content\/uploads\/sites\/32\/2020\/11\/7d2fb83a-d896-4102-9_1-768x510.jpg 768w, https:\/\/hoyre.no\/content\/uploads\/sites\/32\/2020\/11\/7d2fb83a-d896-4102-9_1-1536x1020.jpg 1536w, https:\/\/hoyre.no\/content\/uploads\/sites\/32\/2020\/11\/7d2fb83a-d896-4102-9_1-2048x1360.jpg 2048w\" sizes=\"auto, (max-width: 2144px) 100vw, 2144px\" \/><\/div><\/figure><div id=\"hoyre-old-article-content-wrapper\"><h2>\u00abRis til egen r\u00e6v\u00bb<\/h2><p>Trond Erik Bogn\u00f8 (H\u00f8yre) mener det var et riktig grep av kommunen \u00e5 bygge Arresten, selv om det har g\u00e5tt i underskudd til n\u00e5.<\/p><p>\u2013 Hva synes du om \u00e5 bruke 4,5 millioner for \u00e5 dekke inn dette underskuddet p\u00e5 da?<\/p><p>\u2013 Vi m\u00e5 bare ta konsekvensene av at det ikke er mer brukt per i dag. Det er mange sterke f\u00f8lelser knyttet til bruken av dette p-huset, men det jeg h\u00e5per g\u00e5r opp for oss alle, er at dersom innbyggerne bruker Arresten mer slipper vi \u00e5 sette av penger i budsjettet for \u00e5 dekke opp underskudd. S\u00e5 lenge vi boikotter \u00e5 bruke det f\u00e5r vi likevel regningen igjen i budsjettet. Dette er derfor litt ris til egen r\u00e6v, sier Bogn\u00f8.<\/p><p>Les hele artikkelen p\u00e5 <a href=\"http:\/\/www.gat.no\/nyheter\/hoyre-topp-kaller-arresten-underskuddet-ris-til-egen-rev-1.1592158\">gat.no<\/a><\/p><\/div>\n<div class=\"tags\">\n\t<\/div>\n<div class=\"post-footer alignfull has-background block-editor-block-list__block\" data-align=full>\n\t<div class=\"post-footer-inner\">\n\t\t<h3>Relaterte artikler<\/h3>\n\t\t<div class=\"related-content\"><div class=\"is-card-hoyre\">\n\t<div class=\"teft-card hoyre-teft-card post-teft-card\">\n\t\t<a href=\"https:\/\/hoyre.no\/grimstad\/aktuelt\/leserinnlegg-arbeiderpartiet-burde-se-pa-konsekvensene-av-egen-politikk\/\" class=\"teft-card__primary-action\">\n\n\t\t\t<div class=\"teft-card__media teft-card__media--16-9 no-image\"><\/div>\n\t\t\t<div class=\"teft-card__content-wrapper\">\n\t\t\t\t<div class=\"teft-card__secondary\">\n\t\t\t\t\t\n\t\t\t\t\t\t\t\t<div class=\"teft-card__meta\">\n\t\t\t\t\t\t\t\t\t<span class=\"post-date\">2. jun 2025<\/span>\n\n\t\t\t\t\t\t\t\t\t\t\t\t\t\t\t\t\t<\/div>\n\t\t\t\t\t\t\t\t\t\t\t<\/div>\n\n\t\t\t\t<div class=\"teft-card__primary\">\n\t\t\t\t\t<h2 class=\"teft-card__title\">Leserinnlegg: Arbeiderpartiet burde se p\u00e5 konsekvensene av egen politikk&nbsp;<span class=\"teft-card__primary-title-append\"><\/span><\/h2>\t\t\t\t<\/div>\n\t\t\t<\/div>\n\t\t<\/a>\n\t<\/div>\n\n\t<\/div><div class=\"is-card-hoyre\">\n\t<div class=\"teft-card hoyre-teft-card post-teft-card\">\n\t\t<a href=\"https:\/\/hoyre.no\/grimstad\/aktuelt\/nominasjonskomiteens-innstilling-er-klar\/\" class=\"teft-card__primary-action\">\n\n\t\t\t<div class=\"teft-card__media teft-card__media--16-9 no-image\"><\/div>\n\t\t\t<div class=\"teft-card__content-wrapper\">\n\t\t\t\t<div class=\"teft-card__secondary\">\n\t\t\t\t\t\n\t\t\t\t\t\t\t\t<div class=\"teft-card__meta\">\n\t\t\t\t\t\t\t\t\t<span class=\"post-date\">4. nov 2022<\/span>\n\n\t\t\t\t\t\t\t\t\t<span class=\"post-category\">Nyheter<\/span>\t\t\t\t\t\t\t\t<\/div>\n\t\t\t\t\t\t\t\t\t\t\t<\/div>\n\n\t\t\t\t<div class=\"teft-card__primary\">\n\t\t\t\t\t<h2 class=\"teft-card__title\">Nominasjonskomiteens innstilling er klar&nbsp;<span class=\"teft-card__primary-title-append\"><\/span><\/h2>\t\t\t\t<\/div>\n\t\t\t<\/div>\n\t\t<\/a>\n\t<\/div>\n\n\t<\/div><div class=\"is-card-hoyre\">\n\t<div class=\"teft-card hoyre-teft-card post-teft-card\">\n\t\t<a href=\"https:\/\/hoyre.no\/grimstad\/aktuelt\/regjeringen-bevilger-nesten-3-mill-til-gratis-sommerskole\/\" class=\"teft-card__primary-action\">\n\n\t\t\t<div class=\"teft-card__media teft-card__media--16-9 no-image\"><\/div>\n\t\t\t<div class=\"teft-card__content-wrapper\">\n\t\t\t\t<div class=\"teft-card__secondary\">\n\t\t\t\t\t\n\t\t\t\t\t\t\t\t<div class=\"teft-card__meta\">\n\t\t\t\t\t\t\t\t\t<span class=\"post-date\">6. apr 2021<\/span>\n\n\t\t\t\t\t\t\t\t\t\t\t\t\t\t\t\t\t<\/div>\n\t\t\t\t\t\t\t\t\t\t\t<\/div>\n\n\t\t\t\t<div class=\"teft-card__primary\">\n\t\t\t\t\t<h2 class=\"teft-card__title\">Regjeringen bevilger nesten 3 mill. til gratis sommerskole&nbsp;<span class=\"teft-card__primary-title-append\"><\/span><\/h2>\t\t\t\t<\/div>\n\t\t\t<\/div>\n\t\t<\/a>\n\t<\/div>\n\n\t<\/div><\/div>\t<\/div>\n<\/div>\n","protected":false},"excerpt":{"rendered":"","protected":false},"author":0,"featured_media":0,"comment_status":"open","ping_status":"open","sticky":false,"template":"","format":"standard","meta":{"teft_cards_image_url":"https:\/\/hoyre.no\/content\/uploads\/sites\/32\/2020\/11\/7d2fb83a-d896-4102-9_1.jpg","teft_cards_custom_pretitle":"","teft_cards_image_id":16,"teft_cards_image_focal_point_x":0,"teft_cards_image_focal_point_y":0,"teft_cards_title":"","teft_cards_excerpt":"","teft_show_chapters":false,"author_display_name":"Grimstad H\u00f8yre","footnotes":""},"category":[1],"post_tag":[],"hoyre-visibility":[],"article-type":[],"politician":[],"class_list":["post-17","post","type-post","status-publish","format-standard","hentry","category-ukategorisert"],"yoast_head":"<!-- This site is optimized with the Yoast SEO plugin v26.6 - https:\/\/yoast.com\/wordpress\/plugins\/seo\/ -->\n<title>Arresten- underskuddet \u00abris til egen r\u00e6v\u00bb - Grimstad H\u00f8yre<\/title>\n<meta name=\"robots\" content=\"index, follow, max-snippet:-1, max-image-preview:large, max-video-preview:-1\" \/>\n<link rel=\"canonical\" href=\"https:\/\/hoyre.no\/grimstad\/aktuelt\/arresten-underskudde\/\" \/>\n<meta property=\"og:locale\" content=\"nb_NO\" \/>\n<meta property=\"og:type\" content=\"article\" \/>\n<meta property=\"og:title\" content=\"Arresten- underskuddet \u00abris til egen r\u00e6v\u00bb - Grimstad H\u00f8yre\" \/>\n<meta property=\"og:url\" content=\"https:\/\/hoyre.no\/grimstad\/aktuelt\/arresten-underskudde\/\" \/>\n<meta property=\"og:site_name\" content=\"Grimstad H\u00f8yre\" \/>\n<meta property=\"article:published_time\" content=\"2016-11-13T22:00:00+00:00\" \/>\n<meta property=\"og:image\" content=\"https:\/\/hoyre.no\/content\/uploads\/sites\/32\/2022\/11\/2020_RGB_hoyre_logo_profilbilde_011.png\" \/>\n\t<meta property=\"og:image:width\" content=\"1000\" \/>\n\t<meta property=\"og:image:height\" content=\"1000\" \/>\n\t<meta property=\"og:image:type\" content=\"image\/png\" \/>\n<meta name=\"twitter:card\" content=\"summary_large_image\" \/>\n<meta name=\"twitter:label1\" content=\"Ansl. lesetid\" \/>\n\t<meta name=\"twitter:data1\" content=\"1 minutt\" \/>\n<script type=\"application\/ld+json\" class=\"yoast-schema-graph\">{\"@context\":\"https:\/\/schema.org\",\"@graph\":[{\"@type\":\"NewsArticle\",\"@id\":\"https:\/\/hoyre.no\/grimstad\/aktuelt\/arresten-underskudde\/\",\"url\":\"https:\/\/hoyre.no\/grimstad\/aktuelt\/arresten-underskudde\/\",\"name\":\"Arresten- underskuddet \u00abris til egen r\u00e6v\u00bb - Grimstad H\u00f8yre\",\"isPartOf\":{\"@id\":\"https:\/\/hoyre.no\/grimstad\/#website\"},\"datePublished\":\"2016-11-13T22:00:00+00:00\",\"author\":{\"@id\":\"\"},\"breadcrumb\":{\"@id\":\"https:\/\/hoyre.no\/grimstad\/aktuelt\/arresten-underskudde\/#breadcrumb\"},\"inLanguage\":\"nb-NO\",\"potentialAction\":[{\"@type\":\"ReadAction\",\"target\":[\"https:\/\/hoyre.no\/grimstad\/aktuelt\/arresten-underskudde\/\"]}]},{\"@type\":\"BreadcrumbList\",\"@id\":\"https:\/\/hoyre.no\/grimstad\/aktuelt\/arresten-underskudde\/#breadcrumb\",\"itemListElement\":[{\"@type\":\"ListItem\",\"position\":1,\"name\":\"Til hoyre.no\",\"item\":\"https:\/\/hoyre.no\"},{\"@type\":\"ListItem\",\"position\":2,\"name\":\"Hjem\",\"item\":\"https:\/\/hoyre.no\/grimstad\/\"},{\"@type\":\"ListItem\",\"position\":3,\"name\":\"Arresten- underskuddet \u00abris til egen r\u00e6v\u00bb\"}]},{\"@type\":\"WebSite\",\"@id\":\"https:\/\/hoyre.no\/grimstad\/#website\",\"url\":\"https:\/\/hoyre.no\/grimstad\/\",\"name\":\"Grimstad H\u00f8yre\",\"description\":\"Bare enda et H\u00f8yres nettsteder-nettsted\",\"inLanguage\":\"nb-NO\"}]}<\/script>\n<!-- \/ Yoast SEO plugin. -->","yoast_head_json":{"title":"Arresten- underskuddet \u00abris til egen r\u00e6v\u00bb - Grimstad H\u00f8yre","robots":{"index":"index","follow":"follow","max-snippet":"max-snippet:-1","max-image-preview":"max-image-preview:large","max-video-preview":"max-video-preview:-1"},"canonical":"https:\/\/hoyre.no\/grimstad\/aktuelt\/arresten-underskudde\/","og_locale":"nb_NO","og_type":"article","og_title":"Arresten- underskuddet \u00abris til egen r\u00e6v\u00bb - Grimstad H\u00f8yre","og_url":"https:\/\/hoyre.no\/grimstad\/aktuelt\/arresten-underskudde\/","og_site_name":"Grimstad H\u00f8yre","article_published_time":"2016-11-13T22:00:00+00:00","og_image":[{"width":1000,"height":1000,"url":"https:\/\/hoyre.no\/content\/uploads\/sites\/32\/2022\/11\/2020_RGB_hoyre_logo_profilbilde_011.png","type":"image\/png"}],"twitter_card":"summary_large_image","twitter_misc":{"Ansl. lesetid":"1 minutt"},"schema":{"@context":"https:\/\/schema.org","@graph":[{"@type":"NewsArticle","@id":"https:\/\/hoyre.no\/grimstad\/aktuelt\/arresten-underskudde\/","url":"https:\/\/hoyre.no\/grimstad\/aktuelt\/arresten-underskudde\/","name":"Arresten- underskuddet \u00abris til egen r\u00e6v\u00bb - Grimstad H\u00f8yre","isPartOf":{"@id":"https:\/\/hoyre.no\/grimstad\/#website"},"datePublished":"2016-11-13T22:00:00+00:00","author":{"@id":""},"breadcrumb":{"@id":"https:\/\/hoyre.no\/grimstad\/aktuelt\/arresten-underskudde\/#breadcrumb"},"inLanguage":"nb-NO","potentialAction":[{"@type":"ReadAction","target":["https:\/\/hoyre.no\/grimstad\/aktuelt\/arresten-underskudde\/"]}]},{"@type":"BreadcrumbList","@id":"https:\/\/hoyre.no\/grimstad\/aktuelt\/arresten-underskudde\/#breadcrumb","itemListElement":[{"@type":"ListItem","position":1,"name":"Til hoyre.no","item":"https:\/\/hoyre.no"},{"@type":"ListItem","position":2,"name":"Hjem","item":"https:\/\/hoyre.no\/grimstad\/"},{"@type":"ListItem","position":3,"name":"Arresten- underskuddet \u00abris til egen r\u00e6v\u00bb"}]},{"@type":"WebSite","@id":"https:\/\/hoyre.no\/grimstad\/#website","url":"https:\/\/hoyre.no\/grimstad\/","name":"Grimstad H\u00f8yre","description":"Bare enda et H\u00f8yres nettsteder-nettsted","inLanguage":"nb-NO"}]}},"distributor_meta":false,"distributor_terms":false,"distributor_media":false,"distributor_original_site_name":"Grimstad H\u00f8yre","distributor_original_site_url":"https:\/\/hoyre.no\/grimstad","push-errors":false,"_links":{"self":[{"href":"https:\/\/hoyre.no\/grimstad\/wp-json\/wp\/v2\/posts\/17","targetHints":{"allow":["GET"]}}],"collection":[{"href":"https:\/\/hoyre.no\/grimstad\/wp-json\/wp\/v2\/posts"}],"about":[{"href":"https:\/\/hoyre.no\/grimstad\/wp-json\/wp\/v2\/types\/post"}],"replies":[{"embeddable":true,"href":"https:\/\/hoyre.no\/grimstad\/wp-json\/wp\/v2\/comments?post=17"}],"version-history":[{"count":0,"href":"https:\/\/hoyre.no\/grimstad\/wp-json\/wp\/v2\/posts\/17\/revisions"}],"wp:attachment":[{"href":"https:\/\/hoyre.no\/grimstad\/wp-json\/wp\/v2\/media?parent=17"}],"wp:term":[{"taxonomy":"category","embeddable":true,"href":"https:\/\/hoyre.no\/grimstad\/wp-json\/wp\/v2\/category?post=17"},{"taxonomy":"post_tag","embeddable":true,"href":"https:\/\/hoyre.no\/grimstad\/wp-json\/wp\/v2\/post_tag?post=17"},{"taxonomy":"hoyre-visibility","embeddable":true,"href":"https:\/\/hoyre.no\/grimstad\/wp-json\/wp\/v2\/hoyre-visibility?post=17"},{"taxonomy":"article-type","embeddable":true,"href":"https:\/\/hoyre.no\/grimstad\/wp-json\/wp\/v2\/article-type?post=17"},{"taxonomy":"politician","embeddable":true,"href":"https:\/\/hoyre.no\/grimstad\/wp-json\/wp\/v2\/politician?post=17"}],"curies":[{"name":"wp","href":"https:\/\/api.w.org\/{rel}","templated":true}]}}