{"id":41,"date":"2016-11-23T23:00:00","date_gmt":"2016-11-23T22:00:00","guid":{"rendered":"https:\/\/hoyre.no\/grimstad\/aktuelt\/grimstad-med-viten-o\/"},"modified":"2016-11-23T23:00:00","modified_gmt":"2016-11-23T22:00:00","slug":"grimstad-med-viten-o","status":"publish","type":"post","link":"https:\/\/hoyre.no\/grimstad\/aktuelt\/grimstad-med-viten-o\/","title":{"rendered":"Grimstad &#8211; Med viten og vilje!"},"content":{"rendered":"<p class=\"preamble\">Grimstad H\u00f8yres budsjettforslag 2017 og perioden 2017-2020 Grimstads H\u00f8yres m\u00e5lsetning med \u00e5 fremlegge et eget budsjettforslag er \u00e5 vise at man kan prioritere annerledes og forsterke fokuset p\u00e5 de sakene vi mener er med p\u00e5 \u00e5 forbedre forholdene for innbyggerne i kommunen v\u00e5r generelt og for noen omr\u00e5der spesielt. Derfor er det naturlig for oss \u00e5 prioritere barnefattigdom, skole, helse, frivillighet og \u00e5 legge til rette for I4 Helse som b\u00e5de kan befeste v\u00e5rt n\u00e6re forhold til UIA og samtidig skape flere jobber og bedre velferd. I tillegg skaper vi rom for lavere eiendomsskatt. Vi mener v\u00e5rt forslag til budsjett er godt tilpasset en situasjon hvor vi m\u00e5 ha fokus p\u00e5 \u00f8konomi samtidig som vi satser p\u00e5 de som trenger det mest. Budsjettforslaget s\u00f8rger for at vi i denne 4 \u00e5rs perioden bedrer og \u00f8ker disposisjonsfondet med over 2,1 millioner i forhold til R\u00e5dmannens forslag og reduserer investeringsbudsjettet med over 30 millioner i samme periode. Vi legger ogs\u00e5 inn et produktivitetskrav til r\u00e5dmann og administrasjon p\u00e5 0,7 % av det totale budsjettet i kommunen v\u00e5r som er p\u00e5 i overkant av 1,6 milliarder. Vi tror det er sunt for enhver bedrift\/kommune med et s\u00e5 stort budsjett og alltid ha et visst krav om innsparinger for \u00e5 unng\u00e5 at budsjettene bare fortsetter \u00e5 vokse.<\/p>\t\t\t<div class=\"post-meta wp-block teft-byline-wrapper\">\n\t\t\t\t<div class=\"top\">\n\t\t\t\t\t<div class=\"signature\">\n\t\t\t\t\t\t<div class=\"teft-byline\">\n\t\t\t\t\t\t\t\t\t\t\t\t\t\t<div>\n\t\t\t\t\t\t\t\t<h3>H\u00f8yres redaksjon<\/h3>\t\t\t\t\t\t\t\t\n\t\t\t\t\t\t\t\t\t\t\t\t\t\t\t\t\t<span class=\"date\">Sist oppdatert: 23. november 2016<\/span>\n\t\t\t\t\t\t\t\t\t\t\t\t\t\t\t\t\t\t\t\t\t\t\t\t\t<span class=\"reading-time\" itemprop=\"timeRequired\" content=\"PT11M\"><em>Ca. 11 minutter lesetid<\/em><\/span>\n\t\t\t\t\t\t\t\t\t\t\t\t\t\t\t<\/div>\n\t\t\t\t\t\t<\/div>\n\t\t\t\t\t<\/div>\n\t\t\t\t\t\t<div class=\"sharing\">\n\t\t<a class=\"share-button share-link copy-link\" data-copy=\"https:\/\/hoyre.no\/grimstad\/aktuelt\/grimstad-med-viten-o\/\" target=\"_blank\"><span class=\"screen-reader-text\">Del link<\/span><\/a>\n\t\t<a class=\"share-button share-twitter\" href=\"http:\/\/twitter.com\/share?text=Grimstad &#8211; Med viten og vilje!&#038;url=https:\/\/hoyre.no\/grimstad\/aktuelt\/grimstad-med-viten-o\/&#038;hashtags=Hoyre\" target=\"_blank\"><span class=\"screen-reader-text\">Del p\u00e5 twitter<\/span><\/a>\n\t\t<a class=\"share-button share-facebook\" href=\"https:\/\/www.facebook.com\/sharer\/sharer.php?u=https:\/\/hoyre.no\/grimstad\/aktuelt\/grimstad-med-viten-o\/\" target=\"_blank\"><span class=\"screen-reader-text\">Del p\u00e5 facebook<\/span><\/a>\n\t<\/div>\n\t\t\t\t\t<\/div>\n\t\t\t<\/div>\n\n\t\t\t<figure class=\"hoyre-image-wrapper\"><div class=\"hoyre-image\"><img loading=\"lazy\" decoding=\"async\" width=\"799\" height=\"533\" src=\"https:\/\/hoyre.no\/content\/uploads\/sites\/32\/2020\/11\/med-hjerte-for-grims_2.jpg\" class=\"attachment-scaled size-scaled\" alt=\"\" style=\"object-position: 50% 50%\" srcset=\"https:\/\/hoyre.no\/content\/uploads\/sites\/32\/2020\/11\/med-hjerte-for-grims_2.jpg 799w, https:\/\/hoyre.no\/content\/uploads\/sites\/32\/2020\/11\/med-hjerte-for-grims_2-300x200.jpg 300w, https:\/\/hoyre.no\/content\/uploads\/sites\/32\/2020\/11\/med-hjerte-for-grims_2-768x512.jpg 768w\" sizes=\"auto, (max-width: 799px) 100vw, 799px\" \/><\/div><\/figure><div id=\"hoyre-old-article-content-wrapper\"><table border=\"0\" cellpadding=\"0\" cellspacing=\"0\" width=\"1138\"><!--StartFragment--><colgroup><col width=\"604\" \/><col width=\"95\" span=\"2\" \/><col width=\"100\" \/><col width=\"95\" \/><col width=\"149\" \/><\/colgroup><tbody><tr height=\"17\"><td height=\"17\" width=\"604\">H\u00d8YRES ENDRINGER I FORHOLD TIL R\u00c5DMANNENS FORSLAG TIL HANDLINGSPROGRAM<\/td><td width=\"95\"><\/td><td width=\"95\"><\/td><td width=\"100\"><\/td><td width=\"95\"><\/td><td width=\"149\"><\/td><\/tr><tr height=\"24\"><td height=\"24\">Driftsbudsjett<\/td><td>2017<\/td><td>2018<\/td><td>2019<\/td><td>2020<\/td><td>Virkning fra<\/td><\/tr><tr height=\"17\"><td height=\"17\" width=\"604\">\u00d8kte utgifter\/reduserte inntekter:<\/td><td><\/td><td><\/td><td><\/td><td><\/td><td><\/td><\/tr><tr height=\"39\"><td height=\"39\" width=\"604\">Redusert eiendomsskatt for bolig- og fritidseiendommer &#8211; 2,5 promille fra 01.07.17, 2,5 promille i 2018, 2,4 promille i 2019 og  2020 &#8211; n\u00e6ring, verker og bruk holdes p\u00e5 promille 3,2<\/td><td> 950 000 <\/td><td> 1 900 000 <\/td><td> 3 800 000 <\/td><td> 3 800 000 <\/td><td> halv\u00e5rsvirkning 2017 <\/td><\/tr><tr height=\"39\"><td height=\"39\" width=\"604\">Reduksjon eller bortfall i foreldrebetaling for SFO for familier som faller innenfor fattigdomsbegrepet med lavinntekt etter kommunale og fylkeskommunale grenser for lavinntekt<\/td><td> 1 500 000 <\/td><td> 3 000 000 <\/td><td> 3 000 000 <\/td><td> 3 000 000 <\/td><td> halv\u00e5rsvirkning 2017 <\/td><\/tr><tr height=\"16\"><td height=\"16\" width=\"604\">Reduksjon i foresl\u00e5tte kutt til skolene i forhold til r\u00e5dmannens budsjett (3 mill.)<\/td><td> 1 500 000 <\/td><td> 1 500 000 <\/td><td> 1 500 000 <\/td><td> 1 500 000 <\/td><td><\/td><\/tr><tr height=\"17\"><td height=\"17\" width=\"604\">E-helse samarbeid<\/td><td> 600 000 <\/td><td> 600 000 <\/td><td> 600 000 <\/td><td> 600 000 <\/td><td><\/td><\/tr><tr height=\"17\"><td height=\"17\" width=\"604\">I4-Helse (forprosjekt i 2017)<\/td><td> 500 000 <\/td><td> &#8211;   <\/td><td> &#8211;   <\/td><td> &#8211;   <\/td><td><\/td><\/tr><tr height=\"17\"><td height=\"17\" width=\"604\">Demenstiltak Berge G\u00e5rd<\/td><td> 630 000 <\/td><td> 630 000 <\/td><td> 630 000 <\/td><td> 630 000 <\/td><td><\/td><\/tr><tr height=\"17\"><td height=\"17\" width=\"604\">Tilskudd til SON en frivillighets organisasjon som tar seg av de som sliter mest i samfunnet v\u00e5rt.<\/td><td> 200 000 <\/td><td> 200 000 <\/td><td> 200 000 <\/td><td> 200 000 <\/td><td><\/td><\/tr><tr height=\"35\"><td height=\"35\" width=\"604\">Midler til tilskuddsordning for \u00e5 motta veiledning p\u00e5 skolene fra ressurspersoner p\u00e5 Langemyr Skole for oppf\u00f8lging av barn med spesielle behov <\/td><td> 100 000 <\/td><td> 200 000 <\/td><td> 200 000 <\/td><td> 200 000 <\/td><td> halv\u00e5rsvirkning 2017 <\/td><\/tr><tr height=\"17\"><td height=\"17\" width=\"604\">Helses\u00f8ster<\/td><td> 100 000 <\/td><td> 100 000 <\/td><td> 100 000 <\/td><td> 100 000 <\/td><td><\/td><\/tr><tr height=\"17\"><td height=\"17\" width=\"604\">Helses\u00f8stertjenesten<\/td><td> 870 000 <\/td><td> 870 000 <\/td><td> 870 000 <\/td><td> 870 000 <\/td><td><\/td><\/tr><tr height=\"17\"><td height=\"17\" width=\"604\">Barnefysioterapi<\/td><td> 500 000 <\/td><td> 915 000 <\/td><td> 915 000 <\/td><td> 915 000 <\/td><td> halv\u00e5rsvirkning 2017 <\/td><\/tr><tr height=\"17\"><td height=\"17\" width=\"604\">Fysioterapi<\/td><td> 500 000 <\/td><td> 915 000 <\/td><td> 915 000 <\/td><td> 915 000 <\/td><td> halv\u00e5rsvirkning 2017 <\/td><\/tr><tr height=\"17\"><td height=\"17\" width=\"604\">Vikhallen, viderf\u00f8ring dagens ordning<\/td><td> 100 000 <\/td><td> 100 000 <\/td><td> 100 000 <\/td><td> 100 000 <\/td><td><\/td><\/tr><tr height=\"17\"><td height=\"17\" width=\"604\">Hjertestarter p\u00e5 R\u00e5dhuset, Idrettsanlegg, skoler<\/td><td> 350 000 <\/td><td><\/td><td><\/td><td><\/td><td><\/td><\/tr><tr height=\"17\"><td height=\"17\" width=\"604\">Erkjentlighetsgaver til ansatte i Grimstad Kommune<\/td><td> 100 000 <\/td><td> 100 000 <\/td><td> 100 000 <\/td><td> 100 000 <\/td><td><\/td><\/tr><tr height=\"17\"><td height=\"17\" width=\"604\">Byutvikling, beplantning i sentrum, s\u00f8ppelb\u00f8tter, diverse mindre tiltak til forskj\u00f8nnelse<\/td><td> 100 000 <\/td><td> 100 000 <\/td><td> 100 000 <\/td><td> 100 000 <\/td><td><\/td><\/tr><tr height=\"17\"><td height=\"17\" width=\"604\">Wifi i aksen UIA-Dahlske-sentrum, ogs\u00e5 tilrettelagt for studentnett <\/td><td> 10 000 <\/td><td> 20 000 <\/td><td> 20 000 <\/td><td> 20 000 <\/td><td> halv\u00e5rsvirkning 2017 <\/td><\/tr><tr height=\"17\"><td height=\"17\" width=\"604\">Sum \u00f8kte utgifter\/reduserte inntekter<\/td><td> 8 610 000 <\/td><td> 11 150 000 <\/td><td> 13 050 000 <\/td><td> 13 050 000 <\/td><td><\/td><\/tr><tr height=\"17\"><td height=\"17\" width=\"604\">Inndekning:<\/td><td><\/td><td><\/td><td><\/td><td><\/td><td><\/td><\/tr><tr height=\"17\"><td height=\"17\" width=\"604\">Generelt produktivitetskrav i administrasjon\/kommunal drift p\u00e5 0,7 % <\/td><td> -5 775 000 <\/td><td> -11 500 000 <\/td><td> -11 500 000 <\/td><td> -11 500 000 <\/td><td> halv\u00e5rsvirkning 2017 <\/td><\/tr><tr height=\"17\"><td height=\"17\" width=\"604\">\u00d8kt skatteanslag (91%)<\/td><td> -2 600 000 <\/td><td> -2 600 000 <\/td><td> &#8211;   <\/td><td> &#8211;   <\/td><td><\/td><\/tr><tr height=\"17\"><td height=\"17\" width=\"604\">St\u00f8rre del av arbeid med parkanlegg\/vedlikehold D\u00f8mmesmoen legges til Jobbsentralen<\/td><td> -400 000 <\/td><td> -400 000 <\/td><td> -400 000 <\/td><td> -400 000 <\/td><td><\/td><\/tr><tr height=\"17\"><td height=\"17\" width=\"604\">Endring kostnad investeringer (3% finanskostand)<\/td><td> -833 250 <\/td><td> 135 000 <\/td><td> -90 000 <\/td><td> -135 000 <\/td><td><\/td><\/tr><tr height=\"17\"><td height=\"17\" width=\"604\">Sum inndekning<\/td><td> -9 608 250 <\/td><td> -14 365 000 <\/td><td> -11 990 000 <\/td><td> -12 035 000 <\/td><td><\/td><\/tr><tr height=\"17\"><td height=\"17\" width=\"604\">Til disposisjonsfond (-) eller dekkes fra disposisjonsfond(+)-sammenlignet med R\u00e5dmannens <\/td><td> -998 250 <\/td><td> -3 215 000 <\/td><td> 1 060 000 <\/td><td> 1 015 000 <\/td><td> -2 138 250 <\/td><\/tr><tr height=\"25\"><td height=\"25\" width=\"604\">Investeringsbudsjett<\/td><td>2017<\/td><td>2018<\/td><td>2019<\/td><td>2020<\/td><td><\/td><\/tr><tr height=\"17\"><td height=\"17\" width=\"604\">Ny sentrumsbarnehage tas ut og utsettes p\u00e5 ubestemt tid<\/td><td> -12 500 000 <\/td><td> -12 500 000 <\/td><td><\/td><td><\/td><td><\/td><\/tr><tr height=\"17\"><td height=\"17\" width=\"604\">Oppgradering av byggningsmasse eksisterende kommunale barnehager, muligj\u00f8re utvidelse<\/td><td><\/td><td> 5 000 000 <\/td><td> 5 000 000 <\/td><td> &#8211;   <\/td><td><\/td><\/tr><tr height=\"52\"><td height=\"52\" width=\"604\">Byutviklingspakken, opprustning Dyviks plass (prioritet som f\u00f8rste tiltak), opprusning av torv og Smith Petersens brygge og andre tiltak. Det forutsettes et kommunalt\/privat samarbeid der n\u00e6ringslivet ogs\u00e5 bidrar med midler<\/td><td> 1 000 000 <\/td><td> 1 000 000 <\/td><td> 1 000 000 <\/td><td> 1 000 000 <\/td><td><\/td><\/tr><tr height=\"17\"><td height=\"17\" width=\"604\">Endring Tribune p\u00e5 Levermyr, etter dialog med Jerv. (Kostnaden for 2017 endres fra 15 mill til 5 mill)<\/td><td> -10 000 000 <\/td><td><\/td><td><\/td><td><\/td><td><\/td><\/tr><tr height=\"52\"><td height=\"52\" width=\"604\">Ny Tribune Levermyr. Selve anskaffelsen skal ikke iverksettes f\u00f8r Jerv har rykket opp i eliteserien og at utbyggingen er 100 % finansiert inkl. medfinansiering fra Jerv og\/eller <br \/> andre akt\u00f8rer.<\/td><td><\/td><td> 10 000 000 <\/td><td><\/td><td><\/td><td><\/td><\/tr><tr height=\"17\"><td height=\"17\" width=\"604\">Undervarme Levermyr fremskyndes til 2017. <\/td><td> 2 875 000 <\/td><td><\/td><td><\/td><td><\/td><td><\/td><\/tr><tr height=\"17\"><td height=\"17\" width=\"604\">I4 Helse, deltakelse i opprettelsen av labaratorium og AS<\/td><td><\/td><td> 5 000 000 <\/td><td> &#8211;   <\/td><td> &#8211;   <\/td><td><\/td><\/tr><tr height=\"17\"><td height=\"17\" width=\"604\">Wifi i aksen UIA-Dahlske-sentrum, ogs\u00e5 tilrettelagt for studentnett <\/td><td> 150 000 <\/td><td> &#8211;   <\/td><td><\/td><td><\/td><td><\/td><\/tr><tr height=\"17\"><td height=\"17\" width=\"604\">Salg av Eiendommer GBT KF til reduksjon av kommunens l\u00e5neforpliktelser <\/td><td> -9 300 000 <\/td><td> -4 000 000 <\/td><td> -9 000 000 <\/td><td> -5 500 000 <\/td><td><\/td><\/tr><tr height=\"20\"><td height=\"20\" width=\"604\">Sum investering<\/td><td> -27 775 000 <\/td><td> 4 500 000 <\/td><td> -3 000 000 <\/td><td> -4 500 000 <\/td><td><\/td><\/tr><tr height=\"25\"><td height=\"25\" width=\"604\">Endring VARF-omr\u00e5det<\/td><td>2017<\/td><td>2018<\/td><td>2019<\/td><td>2020<\/td><td><\/td><\/tr><tr height=\"36\"><td height=\"36\" width=\"604\">Renseanlegg (128 500 000) &#8211; utsettes til utredning viser hva som er behovet. Innsparing overf\u00f8res til reduserte kommunale avgifter<\/td><td> -8 500 000 <\/td><td> -20 000 000 <\/td><td> -50 000 000 <\/td><td> -50 000 000 <\/td><td><\/td><\/tr><tr height=\"17\"><td height=\"17\" width=\"604\">Oppstart nytt renseanlegg \/ Utvidelse Groos renseanlegg <\/td><td><\/td><td><\/td><td> 8 500 000 <\/td><td> 20 000 000 <\/td><td><\/td><\/tr><tr height=\"20\"><td height=\"20\" width=\"604\">Endring VARF<\/td><td> -8 500 000 <\/td><td> -20 000 000 <\/td><td> -41 500 000 <\/td><td> -30 000 000 <\/td><td><\/td><\/tr><tr height=\"17\"><td height=\"17\" width=\"604\">Sum endringer kommunal andel investeringer til reduksjon kommunale avgifter<\/td><td> -8 500 000 <\/td><td> -20 000 000 <\/td><td> -41 500 000 <\/td><td> -30 000 000 <\/td><td><\/td><\/tr><!--EndFragment--><\/tbody><\/table><p><b>Prioriteringer<\/b><\/p><p>Barnehage, skole og barnefattigdom har alltid v\u00e6rt viktig for H\u00f8yre og innen dette omr\u00e5det foretar vi flere prioriteringer og omprioriteringer. Vi har valgt \u00e5 prioritere reduksjon eller bortfall i foreldrebetaling for SFO for familier som faller innenfor fattigdomsbegrepet etter kommunale og fylkeskommunale grenser for lavinntekt. Vi foresl\u00e5r en reduksjon p\u00e5 3 millioner \u00e5rlig. Mange har snakket om dette, vi gj\u00f8r noe med det. I tillegg styrker vi skolene med 1,5 millioner og reduserer dermed r\u00e5dmannens forslag om kutt p\u00e5 3 millioner til kun 1,5 millioner. Vi \u00f8nsker ogs\u00e5 \u00e5 styrke og nytte den kapasiteten som ligger i fagmilj\u00f8et p\u00e5 Langemyr Skole for oppf\u00f8lging av barn med spesielle behov. Derfor setter vi av midler til en tilskuddsordning slik at skolene v\u00e5rene kan motta veiledning fra ressurspersoner fra Langemyr skole.<\/p><p>Grimstad H\u00f8yre er opptatt av helse og omsorg og vi har flere forslag som vil styrke det vi alle \u00f8nsker og snakker om, men som ingen frem til n\u00e5 har funnet rom til \u00e5 prioritere. Vi har i dette forslaget bl.a. prioritert barnefysioterapi, fysioterapi, helses\u00f8ster og helses\u00f8stertjenesten. I tillegg har vi ogs\u00e5 tatt med demenstiltak p\u00e5 Berge G\u00e5rd. <\/p><p>Grimstad H\u00f8yre har alltid st\u00e5tt p\u00e5 frivillighetens side. I dette budsjettforslaget l\u00f8fter vi frem flere gode tiltak som vi mener fortjener v\u00e5r st\u00f8tte s\u00e5 som den fantastiske jobben som gj\u00f8res av SON. Vi foresl\u00e5r i dette budsjettet \u00e5 legge inn 200 000 i faste overf\u00f8ringer til SON, en frivillighets organisasjon som tar seg av de som sliter mest i samfunnet v\u00e5rt. Videref\u00f8ring av avtalen mellom LIA og kommunen i Vikhallen er ogs\u00e5 prioritert.<\/p><p><b>Investeringsbudsjettet<\/b><\/p><p>Vi foretar ogs\u00e5 en rekke omprioriteringer i investeringsbudsjettet da vi mener forholdene for dette ligger til rette. Den vedtatte nye barnehagen som har en investeringsramme p\u00e5 25 millioner foresl\u00e5r vi \u00e5 kutte da vi i dag har god dekning p\u00e5 barnehageplasser. Parallelt med dette \u00f8nsker vi \u00e5 investere 10 millioner over 2 \u00e5r (5 mill. i 2018 og 5 mill. i 2019) for oppgradering av eksisterende kommunale barnehager hvor fokuset skal v\u00e6re \u00e5 bedre kapasiteten og fasilitetene. De eksisterende kommunale barnehagene er popul\u00e6re og har muligheter for utvidelse. Vi utsetter ogs\u00e5 oppstart av nytt renseanlegg i \u00d8sterhus \/ utvidelse av Groos renseanlegg med 2 \u00e5r til vi vet mer om faktisk behov. Utsettelsen av investeringene skal g\u00e5 til reduksjon av kommunale avgifter. <\/p><p>I tillegg fremskynder vi undervarme til Levermyr stadion fra 2018 til 2017. Etter informasjon og samtaler med FK Jerv reduserer vi investering p\u00e5 nytt tribuneanlegg p\u00e5 Levermyr i 2017 fra 15 til 5 millioner. De siste 10 millionene p\u00e5 en fullstendig oppgradering av tribuneanlegget skyves til 2018. <\/p><p>Vi setter ogs\u00e5 av penger til byfornyelse og ikke minst investerer vi inn i I4Helse foretaket for \u00e5 synligj\u00f8re v\u00e5rt engasjement og viktigheten av \u00e5 f\u00e5 etablert dette i samarbeid med UIA og private investorer\/selskaper. Dette prosjektet har et stort potensiale for arbeidsplasser og vil v\u00e6re med \u00e5 plassere Grimstad kommune p\u00e5 kartet i den utviklingen som vil skje internasjonalt p\u00e5 dette omr\u00e5det. Satsningen p\u00e5 \u00abvarm teknologi\u00bb vil i fremtiden gi flere varme hender til omsorgsarbeid.<\/p><p><b>Inndekning<\/b><\/p><p>Vi har flere steder hvor vi henter inn dekning til v\u00e5rt budsjettforslag, men den viktigste inndekning kommer i form av et generelt produktivitetskrav til r\u00e5dmann og administrasjon p\u00e5 0,7 % av det totale budsjettet i kommunen v\u00e5r som er p\u00e5 i overkant av 1,6 milliarder. Vi tror det er sunt for enhver bedrift\/kommune med et s\u00e5 stort budsjett og alltid ha et produktivitetskrav for \u00e5 unng\u00e5 at budsjettene bare fortsetter \u00e5 vokse.<\/p><p>Hoved\u00e5rsaken til dette er \u00e5 sette ett, det vi definerer som et mildt krav, p\u00e5 r\u00e5dmann og administrasjon til \u00e5 ha st\u00f8rre fokus p\u00e5 bruken av pengene v\u00e5re. Vi m\u00e5 snu hver en sten og se 2 ganger p\u00e5 alle innkj\u00f8p og investeringer vi gj\u00f8r, det v\u00e6re seg fra kaffe- og kopi maskiner (leaset eller kj\u00f8pt) til st\u00f8rre investeringer. I tillegg \u00f8nsker vi med dette \u00e5 sette fokus p\u00e5 nyansettelser opp mot omprioritering og reallokering av ansatte hvor eventuelle rasjonaliseringsgevinster kan oppn\u00e5s.<\/p><p>Grimstad H\u00f8yre \u00f8nsker lavere eiendomsskatter, kraftfull satsing p\u00e5 helse og omsorg, skole og barnehager, frivilligheten og et styrket samarbeid med UIA. Vi forbedrer velferden, s\u00e6rlig m\u00e5lrettet mot de med st\u00f8rst behov.<\/p><p><b>Trond Erik Bogn\u00f8<\/b><\/p><b>Gruppeleder Grimstad H\u00f8yre<\/b><p><br \/><\/p><\/div>\n<div class=\"tags\">\n\t<\/div>\n<div class=\"post-footer alignfull has-background block-editor-block-list__block\" data-align=full>\n\t<div class=\"post-footer-inner\">\n\t\t<h3>Relaterte artikler<\/h3>\n\t\t<div class=\"related-content\"><div class=\"is-card-hoyre\">\n\t<div class=\"teft-card hoyre-teft-card post-teft-card\">\n\t\t<a href=\"https:\/\/hoyre.no\/grimstad\/aktuelt\/leserinnlegg-arbeiderpartiet-burde-se-pa-konsekvensene-av-egen-politikk\/\" class=\"teft-card__primary-action\">\n\n\t\t\t<div class=\"teft-card__media teft-card__media--16-9 no-image\"><\/div>\n\t\t\t<div class=\"teft-card__content-wrapper\">\n\t\t\t\t<div class=\"teft-card__secondary\">\n\t\t\t\t\t\n\t\t\t\t\t\t\t\t<div class=\"teft-card__meta\">\n\t\t\t\t\t\t\t\t\t<span class=\"post-date\">2. jun 2025<\/span>\n\n\t\t\t\t\t\t\t\t\t\t\t\t\t\t\t\t\t<\/div>\n\t\t\t\t\t\t\t\t\t\t\t<\/div>\n\n\t\t\t\t<div class=\"teft-card__primary\">\n\t\t\t\t\t<h2 class=\"teft-card__title\">Leserinnlegg: Arbeiderpartiet burde se p\u00e5 konsekvensene av egen politikk&nbsp;<span class=\"teft-card__primary-title-append\"><\/span><\/h2>\t\t\t\t<\/div>\n\t\t\t<\/div>\n\t\t<\/a>\n\t<\/div>\n\n\t<\/div><div class=\"is-card-hoyre\">\n\t<div class=\"teft-card hoyre-teft-card post-teft-card\">\n\t\t<a href=\"https:\/\/hoyre.no\/grimstad\/aktuelt\/nominasjonskomiteens-innstilling-er-klar\/\" class=\"teft-card__primary-action\">\n\n\t\t\t<div class=\"teft-card__media teft-card__media--16-9 no-image\"><\/div>\n\t\t\t<div class=\"teft-card__content-wrapper\">\n\t\t\t\t<div class=\"teft-card__secondary\">\n\t\t\t\t\t\n\t\t\t\t\t\t\t\t<div class=\"teft-card__meta\">\n\t\t\t\t\t\t\t\t\t<span class=\"post-date\">4. nov 2022<\/span>\n\n\t\t\t\t\t\t\t\t\t<span class=\"post-category\">Nyheter<\/span>\t\t\t\t\t\t\t\t<\/div>\n\t\t\t\t\t\t\t\t\t\t\t<\/div>\n\n\t\t\t\t<div class=\"teft-card__primary\">\n\t\t\t\t\t<h2 class=\"teft-card__title\">Nominasjonskomiteens innstilling er klar&nbsp;<span class=\"teft-card__primary-title-append\"><\/span><\/h2>\t\t\t\t<\/div>\n\t\t\t<\/div>\n\t\t<\/a>\n\t<\/div>\n\n\t<\/div><div class=\"is-card-hoyre\">\n\t<div class=\"teft-card hoyre-teft-card post-teft-card\">\n\t\t<a href=\"https:\/\/hoyre.no\/grimstad\/aktuelt\/regjeringen-bevilger-nesten-3-mill-til-gratis-sommerskole\/\" class=\"teft-card__primary-action\">\n\n\t\t\t<div class=\"teft-card__media teft-card__media--16-9 no-image\"><\/div>\n\t\t\t<div class=\"teft-card__content-wrapper\">\n\t\t\t\t<div class=\"teft-card__secondary\">\n\t\t\t\t\t\n\t\t\t\t\t\t\t\t<div class=\"teft-card__meta\">\n\t\t\t\t\t\t\t\t\t<span class=\"post-date\">6. apr 2021<\/span>\n\n\t\t\t\t\t\t\t\t\t\t\t\t\t\t\t\t\t<\/div>\n\t\t\t\t\t\t\t\t\t\t\t<\/div>\n\n\t\t\t\t<div class=\"teft-card__primary\">\n\t\t\t\t\t<h2 class=\"teft-card__title\">Regjeringen bevilger nesten 3 mill. til gratis sommerskole&nbsp;<span class=\"teft-card__primary-title-append\"><\/span><\/h2>\t\t\t\t<\/div>\n\t\t\t<\/div>\n\t\t<\/a>\n\t<\/div>\n\n\t<\/div><\/div>\t<\/div>\n<\/div>\n","protected":false},"excerpt":{"rendered":"","protected":false},"author":0,"featured_media":0,"comment_status":"open","ping_status":"open","sticky":false,"template":"","format":"standard","meta":{"teft_cards_image_url":"https:\/\/hoyre.no\/content\/uploads\/sites\/32\/2020\/11\/med-hjerte-for-grims_2.jpg","teft_cards_custom_pretitle":"","teft_cards_image_id":40,"teft_cards_image_focal_point_x":0,"teft_cards_image_focal_point_y":0,"teft_cards_title":"","teft_cards_excerpt":"","teft_show_chapters":false,"author_display_name":"Trond Erik Bogn\u00f8","footnotes":""},"category":[1],"post_tag":[],"hoyre-visibility":[],"article-type":[],"politician":[],"class_list":["post-41","post","type-post","status-publish","format-standard","hentry","category-ukategorisert"],"yoast_head":"<!-- This site is optimized with the Yoast SEO plugin v26.6 - https:\/\/yoast.com\/wordpress\/plugins\/seo\/ -->\n<title>Grimstad - Med viten og vilje! - Grimstad H\u00f8yre<\/title>\n<meta name=\"robots\" content=\"index, follow, max-snippet:-1, max-image-preview:large, max-video-preview:-1\" \/>\n<link rel=\"canonical\" href=\"https:\/\/hoyre.no\/grimstad\/aktuelt\/grimstad-med-viten-o\/\" \/>\n<meta property=\"og:locale\" content=\"nb_NO\" \/>\n<meta property=\"og:type\" content=\"article\" \/>\n<meta property=\"og:title\" content=\"Grimstad - Med viten og vilje! - Grimstad H\u00f8yre\" \/>\n<meta property=\"og:url\" content=\"https:\/\/hoyre.no\/grimstad\/aktuelt\/grimstad-med-viten-o\/\" \/>\n<meta property=\"og:site_name\" content=\"Grimstad H\u00f8yre\" \/>\n<meta property=\"article:published_time\" content=\"2016-11-23T22:00:00+00:00\" \/>\n<meta property=\"og:image\" content=\"https:\/\/hoyre.no\/content\/uploads\/sites\/32\/2022\/11\/2020_RGB_hoyre_logo_profilbilde_011.png\" \/>\n\t<meta property=\"og:image:width\" content=\"1000\" \/>\n\t<meta property=\"og:image:height\" content=\"1000\" \/>\n\t<meta property=\"og:image:type\" content=\"image\/png\" \/>\n<meta name=\"twitter:card\" content=\"summary_large_image\" \/>\n<meta name=\"twitter:label1\" content=\"Ansl. lesetid\" \/>\n\t<meta name=\"twitter:data1\" content=\"7 minutter\" \/>\n<script type=\"application\/ld+json\" class=\"yoast-schema-graph\">{\"@context\":\"https:\/\/schema.org\",\"@graph\":[{\"@type\":\"NewsArticle\",\"@id\":\"https:\/\/hoyre.no\/grimstad\/aktuelt\/grimstad-med-viten-o\/\",\"url\":\"https:\/\/hoyre.no\/grimstad\/aktuelt\/grimstad-med-viten-o\/\",\"name\":\"Grimstad - Med viten og vilje! - Grimstad H\u00f8yre\",\"isPartOf\":{\"@id\":\"https:\/\/hoyre.no\/grimstad\/#website\"},\"datePublished\":\"2016-11-23T22:00:00+00:00\",\"author\":{\"@id\":\"\"},\"breadcrumb\":{\"@id\":\"https:\/\/hoyre.no\/grimstad\/aktuelt\/grimstad-med-viten-o\/#breadcrumb\"},\"inLanguage\":\"nb-NO\",\"potentialAction\":[{\"@type\":\"ReadAction\",\"target\":[\"https:\/\/hoyre.no\/grimstad\/aktuelt\/grimstad-med-viten-o\/\"]}]},{\"@type\":\"BreadcrumbList\",\"@id\":\"https:\/\/hoyre.no\/grimstad\/aktuelt\/grimstad-med-viten-o\/#breadcrumb\",\"itemListElement\":[{\"@type\":\"ListItem\",\"position\":1,\"name\":\"Til hoyre.no\",\"item\":\"https:\/\/hoyre.no\"},{\"@type\":\"ListItem\",\"position\":2,\"name\":\"Hjem\",\"item\":\"https:\/\/hoyre.no\/grimstad\/\"},{\"@type\":\"ListItem\",\"position\":3,\"name\":\"Grimstad &#8211; Med viten og vilje!\"}]},{\"@type\":\"WebSite\",\"@id\":\"https:\/\/hoyre.no\/grimstad\/#website\",\"url\":\"https:\/\/hoyre.no\/grimstad\/\",\"name\":\"Grimstad H\u00f8yre\",\"description\":\"Bare enda et H\u00f8yres nettsteder-nettsted\",\"inLanguage\":\"nb-NO\"}]}<\/script>\n<!-- \/ Yoast SEO plugin. -->","yoast_head_json":{"title":"Grimstad - Med viten og vilje! - Grimstad H\u00f8yre","robots":{"index":"index","follow":"follow","max-snippet":"max-snippet:-1","max-image-preview":"max-image-preview:large","max-video-preview":"max-video-preview:-1"},"canonical":"https:\/\/hoyre.no\/grimstad\/aktuelt\/grimstad-med-viten-o\/","og_locale":"nb_NO","og_type":"article","og_title":"Grimstad - Med viten og vilje! - Grimstad H\u00f8yre","og_url":"https:\/\/hoyre.no\/grimstad\/aktuelt\/grimstad-med-viten-o\/","og_site_name":"Grimstad H\u00f8yre","article_published_time":"2016-11-23T22:00:00+00:00","og_image":[{"width":1000,"height":1000,"url":"https:\/\/hoyre.no\/content\/uploads\/sites\/32\/2022\/11\/2020_RGB_hoyre_logo_profilbilde_011.png","type":"image\/png"}],"twitter_card":"summary_large_image","twitter_misc":{"Ansl. lesetid":"7 minutter"},"schema":{"@context":"https:\/\/schema.org","@graph":[{"@type":"NewsArticle","@id":"https:\/\/hoyre.no\/grimstad\/aktuelt\/grimstad-med-viten-o\/","url":"https:\/\/hoyre.no\/grimstad\/aktuelt\/grimstad-med-viten-o\/","name":"Grimstad - Med viten og vilje! - Grimstad H\u00f8yre","isPartOf":{"@id":"https:\/\/hoyre.no\/grimstad\/#website"},"datePublished":"2016-11-23T22:00:00+00:00","author":{"@id":""},"breadcrumb":{"@id":"https:\/\/hoyre.no\/grimstad\/aktuelt\/grimstad-med-viten-o\/#breadcrumb"},"inLanguage":"nb-NO","potentialAction":[{"@type":"ReadAction","target":["https:\/\/hoyre.no\/grimstad\/aktuelt\/grimstad-med-viten-o\/"]}]},{"@type":"BreadcrumbList","@id":"https:\/\/hoyre.no\/grimstad\/aktuelt\/grimstad-med-viten-o\/#breadcrumb","itemListElement":[{"@type":"ListItem","position":1,"name":"Til hoyre.no","item":"https:\/\/hoyre.no"},{"@type":"ListItem","position":2,"name":"Hjem","item":"https:\/\/hoyre.no\/grimstad\/"},{"@type":"ListItem","position":3,"name":"Grimstad &#8211; Med viten og vilje!"}]},{"@type":"WebSite","@id":"https:\/\/hoyre.no\/grimstad\/#website","url":"https:\/\/hoyre.no\/grimstad\/","name":"Grimstad H\u00f8yre","description":"Bare enda et H\u00f8yres nettsteder-nettsted","inLanguage":"nb-NO"}]}},"distributor_meta":false,"distributor_terms":false,"distributor_media":false,"distributor_original_site_name":"Grimstad H\u00f8yre","distributor_original_site_url":"https:\/\/hoyre.no\/grimstad","push-errors":false,"_links":{"self":[{"href":"https:\/\/hoyre.no\/grimstad\/wp-json\/wp\/v2\/posts\/41","targetHints":{"allow":["GET"]}}],"collection":[{"href":"https:\/\/hoyre.no\/grimstad\/wp-json\/wp\/v2\/posts"}],"about":[{"href":"https:\/\/hoyre.no\/grimstad\/wp-json\/wp\/v2\/types\/post"}],"replies":[{"embeddable":true,"href":"https:\/\/hoyre.no\/grimstad\/wp-json\/wp\/v2\/comments?post=41"}],"version-history":[{"count":0,"href":"https:\/\/hoyre.no\/grimstad\/wp-json\/wp\/v2\/posts\/41\/revisions"}],"wp:attachment":[{"href":"https:\/\/hoyre.no\/grimstad\/wp-json\/wp\/v2\/media?parent=41"}],"wp:term":[{"taxonomy":"category","embeddable":true,"href":"https:\/\/hoyre.no\/grimstad\/wp-json\/wp\/v2\/category?post=41"},{"taxonomy":"post_tag","embeddable":true,"href":"https:\/\/hoyre.no\/grimstad\/wp-json\/wp\/v2\/post_tag?post=41"},{"taxonomy":"hoyre-visibility","embeddable":true,"href":"https:\/\/hoyre.no\/grimstad\/wp-json\/wp\/v2\/hoyre-visibility?post=41"},{"taxonomy":"article-type","embeddable":true,"href":"https:\/\/hoyre.no\/grimstad\/wp-json\/wp\/v2\/article-type?post=41"},{"taxonomy":"politician","embeddable":true,"href":"https:\/\/hoyre.no\/grimstad\/wp-json\/wp\/v2\/politician?post=41"}],"curies":[{"name":"wp","href":"https:\/\/api.w.org\/{rel}","templated":true}]}}