{"id":54,"date":"2018-04-30T22:00:00","date_gmt":"2018-04-30T20:00:00","guid":{"rendered":"https:\/\/hoyre.no\/grimstad\/aktuelt\/ny_programkomite_i_grimstad_hoyre\/"},"modified":"2018-04-30T22:00:00","modified_gmt":"2018-04-30T20:00:00","slug":"ny_programkomite_i_grimstad_hoyre","status":"publish","type":"post","link":"https:\/\/hoyre.no\/grimstad\/aktuelt\/ny_programkomite_i_grimstad_hoyre\/","title":{"rendered":"Ny programkomit\u00e9 i Grimstad H\u00f8yre"},"content":{"rendered":"<p class=\"preamble\">Grimstad H\u00f8yres styre nedsatte p\u00e5 sitt m\u00f8te 23. april den nye programkomiteen. Komiteen har som mandat \u00e5 levere et forslag til kommunestyreprogram for perioden 2019-2023. Programmet skal behandles og vedtas h\u00f8sten 2018.<\/p>\t\t\t<div class=\"post-meta wp-block teft-byline-wrapper\">\n\t\t\t\t<div class=\"top\">\n\t\t\t\t\t<div class=\"signature\">\n\t\t\t\t\t\t<div class=\"teft-byline\">\n\t\t\t\t\t\t\t\t\t\t\t\t\t\t<div>\n\t\t\t\t\t\t\t\t<h3>H\u00f8yres redaksjon<\/h3>\t\t\t\t\t\t\t\t\n\t\t\t\t\t\t\t\t\t\t\t\t\t\t\t\t\t<span class=\"date\">Sist oppdatert: 30. april 2018<\/span>\n\t\t\t\t\t\t\t\t\t\t\t\t\t\t\t\t\t\t\t\t\t\t\t\t\t<span class=\"reading-time\" itemprop=\"timeRequired\" content=\"PT2M\"><em>Ca. 2 minutter lesetid<\/em><\/span>\n\t\t\t\t\t\t\t\t\t\t\t\t\t\t\t<\/div>\n\t\t\t\t\t\t<\/div>\n\t\t\t\t\t<\/div>\n\t\t\t\t\t\t<div class=\"sharing\">\n\t\t<a class=\"share-button share-link copy-link\" data-copy=\"https:\/\/hoyre.no\/grimstad\/aktuelt\/ny_programkomite_i_grimstad_hoyre\/\" target=\"_blank\"><span class=\"screen-reader-text\">Del link<\/span><\/a>\n\t\t<a class=\"share-button share-twitter\" href=\"http:\/\/twitter.com\/share?text=Ny programkomit\u00e9 i Grimstad H\u00f8yre&#038;url=https:\/\/hoyre.no\/grimstad\/aktuelt\/ny_programkomite_i_grimstad_hoyre\/&#038;hashtags=Hoyre\" target=\"_blank\"><span class=\"screen-reader-text\">Del p\u00e5 twitter<\/span><\/a>\n\t\t<a class=\"share-button share-facebook\" href=\"https:\/\/www.facebook.com\/sharer\/sharer.php?u=https:\/\/hoyre.no\/grimstad\/aktuelt\/ny_programkomite_i_grimstad_hoyre\/\" target=\"_blank\"><span class=\"screen-reader-text\">Del p\u00e5 facebook<\/span><\/a>\n\t<\/div>\n\t\t\t\t\t<\/div>\n\t\t\t<\/div>\n\n\t\t\t<figure class=\"hoyre-image-wrapper\"><div class=\"hoyre-image\"><img loading=\"lazy\" decoding=\"async\" width=\"799\" height=\"533\" src=\"https:\/\/hoyre.no\/content\/uploads\/sites\/32\/2020\/11\/med_hjerte_for_grims.jpg\" class=\"attachment-scaled size-scaled\" alt=\"\" style=\"object-position: 50% 50%\" srcset=\"https:\/\/hoyre.no\/content\/uploads\/sites\/32\/2020\/11\/med_hjerte_for_grims.jpg 799w, https:\/\/hoyre.no\/content\/uploads\/sites\/32\/2020\/11\/med_hjerte_for_grims-300x200.jpg 300w, https:\/\/hoyre.no\/content\/uploads\/sites\/32\/2020\/11\/med_hjerte_for_grims-768x512.jpg 768w\" sizes=\"auto, (max-width: 799px) 100vw, 799px\" \/><\/div><\/figure><div id=\"hoyre-old-article-content-wrapper\"><p>Programkomiteens leder Kenneth S\u00f8rensen er til daglig medlemsansvarlig i Grimstad H\u00f8yre. Han og resten av komiteen gleder seg til \u00e5 ta fatt p\u00e5 arbeidet med \u00e5 utvikle ny politikk frem mot Grimstadvalget i 2019.<\/p>n<p>\u2013 N\u00e5 bretter vi opp ermene og starter arbeidet s\u00e5 raskt som mulig. Programkomiteen kommer til \u00e5 g\u00e5 bredt ut for \u00e5 hente inn innspill til hva som skal v\u00e6re H\u00f8yres politikk i den kommende perioden. Vi skal konkretisere gode visjoner for Grimstad som skal hjelpe oss med \u00e5 vinne Kommunevalget i 2019, sier Kenneth S\u00f8rensen.<\/p>n<p>Programkomiteen \u00f8nsker gjerne innspill fra alle v\u00e5re medlemmer, velgere, frivilligheten og alle som \u00f8nsker \u00e5 komme med gode innspill. Har du en hjertesak eller to du \u00f8nsker \u00e5 dele med oss kan du gjerne gj\u00f8re dette ved \u00e5 skrive til grimstad@hoyreforening.no eller ta kontakt med en av oss i programkomiteen.<\/p>n<p>Programkomiteen for Grimstad H\u00f8yres valgliste til Kommunevalget 2019 best\u00e5r av f\u00f8lgende medlemmer:n<\/p>n<p>Kenneth S\u00f8rensen, Ledern  <br \/> E-post: <a href=\"mailto:kenneth@ks81.com\">kenneth@ks81.com<\/a>n  <br \/> Mobil: 950 62 297<\/p>n<p>Beate Skrettingn  <br \/> E-post: <a href=\"mailto:beate_skretting@yahoo.no\">beate_skretting@yahoo.no<\/a>n  <br \/> Mobil: 917 91 571<\/p>n<p>Line Ostadn  <br \/> E-post: <a href=\"mailto:line.ostad@gmail.com\" target=\"_blank\" rel=\"noopener noreferrer\">line.ostad@gmail.com<\/a>n  <br \/> Mobil: 938 50 444<\/p>n<p>Trond Erik Bogn\u00f8n  <br \/> E-post: <a href=\"mailto:trond@bogno.no\">trond@bogno.no<\/a>n  <br \/> Mobil: 415 08 148<\/p>n<p>Jahn Inge Haugen  <br \/> E-post: <a href=\"mailto:jahningehauge@gmail.com\">jahningehauge@gmail.com<\/a>n  <br \/> Mobil: 916 03 552<\/p>n<p>Programkomiteen konstituerte seg selv i m\u00f8te 01.05.18<\/p>n<p>Neste m\u00f8te i Nominasjonskomiteen er 06.06.18<\/p><\/div>\n<div class=\"tags\">\n\t<\/div>\n<div class=\"post-footer alignfull has-background block-editor-block-list__block\" data-align=full>\n\t<div class=\"post-footer-inner\">\n\t\t<h3>Relaterte artikler<\/h3>\n\t\t<div class=\"related-content\"><div class=\"is-card-hoyre\">\n\t<div class=\"teft-card hoyre-teft-card post-teft-card\">\n\t\t<a href=\"https:\/\/hoyre.no\/grimstad\/aktuelt\/leserinnlegg-arbeiderpartiet-burde-se-pa-konsekvensene-av-egen-politikk\/\" class=\"teft-card__primary-action\">\n\n\t\t\t<div class=\"teft-card__media teft-card__media--16-9 no-image\"><\/div>\n\t\t\t<div class=\"teft-card__content-wrapper\">\n\t\t\t\t<div class=\"teft-card__secondary\">\n\t\t\t\t\t\n\t\t\t\t\t\t\t\t<div class=\"teft-card__meta\">\n\t\t\t\t\t\t\t\t\t<span class=\"post-date\">2. jun 2025<\/span>\n\n\t\t\t\t\t\t\t\t\t\t\t\t\t\t\t\t\t<\/div>\n\t\t\t\t\t\t\t\t\t\t\t<\/div>\n\n\t\t\t\t<div class=\"teft-card__primary\">\n\t\t\t\t\t<h2 class=\"teft-card__title\">Leserinnlegg: Arbeiderpartiet burde se p\u00e5 konsekvensene av egen politikk&nbsp;<span class=\"teft-card__primary-title-append\"><\/span><\/h2>\t\t\t\t<\/div>\n\t\t\t<\/div>\n\t\t<\/a>\n\t<\/div>\n\n\t<\/div><div class=\"is-card-hoyre\">\n\t<div class=\"teft-card hoyre-teft-card post-teft-card\">\n\t\t<a href=\"https:\/\/hoyre.no\/grimstad\/aktuelt\/nominasjonskomiteens-innstilling-er-klar\/\" class=\"teft-card__primary-action\">\n\n\t\t\t<div class=\"teft-card__media teft-card__media--16-9 no-image\"><\/div>\n\t\t\t<div class=\"teft-card__content-wrapper\">\n\t\t\t\t<div class=\"teft-card__secondary\">\n\t\t\t\t\t\n\t\t\t\t\t\t\t\t<div class=\"teft-card__meta\">\n\t\t\t\t\t\t\t\t\t<span class=\"post-date\">4. nov 2022<\/span>\n\n\t\t\t\t\t\t\t\t\t<span class=\"post-category\">Nyheter<\/span>\t\t\t\t\t\t\t\t<\/div>\n\t\t\t\t\t\t\t\t\t\t\t<\/div>\n\n\t\t\t\t<div class=\"teft-card__primary\">\n\t\t\t\t\t<h2 class=\"teft-card__title\">Nominasjonskomiteens innstilling er klar&nbsp;<span class=\"teft-card__primary-title-append\"><\/span><\/h2>\t\t\t\t<\/div>\n\t\t\t<\/div>\n\t\t<\/a>\n\t<\/div>\n\n\t<\/div><div class=\"is-card-hoyre\">\n\t<div class=\"teft-card hoyre-teft-card post-teft-card\">\n\t\t<a href=\"https:\/\/hoyre.no\/grimstad\/aktuelt\/regjeringen-bevilger-nesten-3-mill-til-gratis-sommerskole\/\" class=\"teft-card__primary-action\">\n\n\t\t\t<div class=\"teft-card__media teft-card__media--16-9 no-image\"><\/div>\n\t\t\t<div class=\"teft-card__content-wrapper\">\n\t\t\t\t<div class=\"teft-card__secondary\">\n\t\t\t\t\t\n\t\t\t\t\t\t\t\t<div class=\"teft-card__meta\">\n\t\t\t\t\t\t\t\t\t<span class=\"post-date\">6. apr 2021<\/span>\n\n\t\t\t\t\t\t\t\t\t\t\t\t\t\t\t\t\t<\/div>\n\t\t\t\t\t\t\t\t\t\t\t<\/div>\n\n\t\t\t\t<div class=\"teft-card__primary\">\n\t\t\t\t\t<h2 class=\"teft-card__title\">Regjeringen bevilger nesten 3 mill. til gratis sommerskole&nbsp;<span class=\"teft-card__primary-title-append\"><\/span><\/h2>\t\t\t\t<\/div>\n\t\t\t<\/div>\n\t\t<\/a>\n\t<\/div>\n\n\t<\/div><\/div>\t<\/div>\n<\/div>\n","protected":false},"excerpt":{"rendered":"","protected":false},"author":0,"featured_media":0,"comment_status":"open","ping_status":"open","sticky":false,"template":"","format":"standard","meta":{"teft_cards_image_url":"https:\/\/hoyre.no\/content\/uploads\/sites\/32\/2020\/11\/med_hjerte_for_grims.jpg","teft_cards_custom_pretitle":"","teft_cards_image_id":53,"teft_cards_image_focal_point_x":0,"teft_cards_image_focal_point_y":0,"teft_cards_title":"","teft_cards_excerpt":"","teft_show_chapters":false,"author_display_name":"Grimstad H\u00f8yre","footnotes":""},"category":[1],"post_tag":[],"hoyre-visibility":[],"article-type":[],"politician":[],"class_list":["post-54","post","type-post","status-publish","format-standard","hentry","category-ukategorisert"],"yoast_head":"<!-- This site is optimized with the Yoast SEO plugin v26.6 - https:\/\/yoast.com\/wordpress\/plugins\/seo\/ -->\n<title>Ny programkomit\u00e9 i Grimstad H\u00f8yre - Grimstad H\u00f8yre<\/title>\n<meta name=\"robots\" content=\"index, follow, max-snippet:-1, max-image-preview:large, max-video-preview:-1\" \/>\n<link rel=\"canonical\" href=\"https:\/\/hoyre.no\/grimstad\/aktuelt\/ny_programkomite_i_grimstad_hoyre\/\" \/>\n<meta property=\"og:locale\" content=\"nb_NO\" \/>\n<meta property=\"og:type\" content=\"article\" \/>\n<meta property=\"og:title\" content=\"Ny programkomit\u00e9 i Grimstad H\u00f8yre - Grimstad H\u00f8yre\" \/>\n<meta property=\"og:url\" content=\"https:\/\/hoyre.no\/grimstad\/aktuelt\/ny_programkomite_i_grimstad_hoyre\/\" \/>\n<meta property=\"og:site_name\" content=\"Grimstad H\u00f8yre\" \/>\n<meta property=\"article:published_time\" content=\"2018-04-30T20:00:00+00:00\" \/>\n<meta property=\"og:image\" content=\"https:\/\/hoyre.no\/content\/uploads\/sites\/32\/2022\/11\/2020_RGB_hoyre_logo_profilbilde_011.png\" \/>\n\t<meta property=\"og:image:width\" content=\"1000\" \/>\n\t<meta property=\"og:image:height\" content=\"1000\" \/>\n\t<meta property=\"og:image:type\" content=\"image\/png\" \/>\n<meta name=\"twitter:card\" content=\"summary_large_image\" \/>\n<meta name=\"twitter:label1\" content=\"Ansl. lesetid\" \/>\n\t<meta name=\"twitter:data1\" content=\"1 minutt\" \/>\n<script type=\"application\/ld+json\" class=\"yoast-schema-graph\">{\"@context\":\"https:\/\/schema.org\",\"@graph\":[{\"@type\":\"NewsArticle\",\"@id\":\"https:\/\/hoyre.no\/grimstad\/aktuelt\/ny_programkomite_i_grimstad_hoyre\/\",\"url\":\"https:\/\/hoyre.no\/grimstad\/aktuelt\/ny_programkomite_i_grimstad_hoyre\/\",\"name\":\"Ny programkomit\u00e9 i Grimstad H\u00f8yre - Grimstad H\u00f8yre\",\"isPartOf\":{\"@id\":\"https:\/\/hoyre.no\/grimstad\/#website\"},\"datePublished\":\"2018-04-30T20:00:00+00:00\",\"author\":{\"@id\":\"\"},\"breadcrumb\":{\"@id\":\"https:\/\/hoyre.no\/grimstad\/aktuelt\/ny_programkomite_i_grimstad_hoyre\/#breadcrumb\"},\"inLanguage\":\"nb-NO\",\"potentialAction\":[{\"@type\":\"ReadAction\",\"target\":[\"https:\/\/hoyre.no\/grimstad\/aktuelt\/ny_programkomite_i_grimstad_hoyre\/\"]}]},{\"@type\":\"BreadcrumbList\",\"@id\":\"https:\/\/hoyre.no\/grimstad\/aktuelt\/ny_programkomite_i_grimstad_hoyre\/#breadcrumb\",\"itemListElement\":[{\"@type\":\"ListItem\",\"position\":1,\"name\":\"Til hoyre.no\",\"item\":\"https:\/\/hoyre.no\"},{\"@type\":\"ListItem\",\"position\":2,\"name\":\"Hjem\",\"item\":\"https:\/\/hoyre.no\/grimstad\/\"},{\"@type\":\"ListItem\",\"position\":3,\"name\":\"Ny programkomit\u00e9 i Grimstad H\u00f8yre\"}]},{\"@type\":\"WebSite\",\"@id\":\"https:\/\/hoyre.no\/grimstad\/#website\",\"url\":\"https:\/\/hoyre.no\/grimstad\/\",\"name\":\"Grimstad H\u00f8yre\",\"description\":\"Bare enda et H\u00f8yres nettsteder-nettsted\",\"inLanguage\":\"nb-NO\"}]}<\/script>\n<!-- \/ Yoast SEO plugin. -->","yoast_head_json":{"title":"Ny programkomit\u00e9 i Grimstad H\u00f8yre - Grimstad H\u00f8yre","robots":{"index":"index","follow":"follow","max-snippet":"max-snippet:-1","max-image-preview":"max-image-preview:large","max-video-preview":"max-video-preview:-1"},"canonical":"https:\/\/hoyre.no\/grimstad\/aktuelt\/ny_programkomite_i_grimstad_hoyre\/","og_locale":"nb_NO","og_type":"article","og_title":"Ny programkomit\u00e9 i Grimstad H\u00f8yre - Grimstad H\u00f8yre","og_url":"https:\/\/hoyre.no\/grimstad\/aktuelt\/ny_programkomite_i_grimstad_hoyre\/","og_site_name":"Grimstad H\u00f8yre","article_published_time":"2018-04-30T20:00:00+00:00","og_image":[{"width":1000,"height":1000,"url":"https:\/\/hoyre.no\/content\/uploads\/sites\/32\/2022\/11\/2020_RGB_hoyre_logo_profilbilde_011.png","type":"image\/png"}],"twitter_card":"summary_large_image","twitter_misc":{"Ansl. lesetid":"1 minutt"},"schema":{"@context":"https:\/\/schema.org","@graph":[{"@type":"NewsArticle","@id":"https:\/\/hoyre.no\/grimstad\/aktuelt\/ny_programkomite_i_grimstad_hoyre\/","url":"https:\/\/hoyre.no\/grimstad\/aktuelt\/ny_programkomite_i_grimstad_hoyre\/","name":"Ny programkomit\u00e9 i Grimstad H\u00f8yre - Grimstad H\u00f8yre","isPartOf":{"@id":"https:\/\/hoyre.no\/grimstad\/#website"},"datePublished":"2018-04-30T20:00:00+00:00","author":{"@id":""},"breadcrumb":{"@id":"https:\/\/hoyre.no\/grimstad\/aktuelt\/ny_programkomite_i_grimstad_hoyre\/#breadcrumb"},"inLanguage":"nb-NO","potentialAction":[{"@type":"ReadAction","target":["https:\/\/hoyre.no\/grimstad\/aktuelt\/ny_programkomite_i_grimstad_hoyre\/"]}]},{"@type":"BreadcrumbList","@id":"https:\/\/hoyre.no\/grimstad\/aktuelt\/ny_programkomite_i_grimstad_hoyre\/#breadcrumb","itemListElement":[{"@type":"ListItem","position":1,"name":"Til hoyre.no","item":"https:\/\/hoyre.no"},{"@type":"ListItem","position":2,"name":"Hjem","item":"https:\/\/hoyre.no\/grimstad\/"},{"@type":"ListItem","position":3,"name":"Ny programkomit\u00e9 i Grimstad H\u00f8yre"}]},{"@type":"WebSite","@id":"https:\/\/hoyre.no\/grimstad\/#website","url":"https:\/\/hoyre.no\/grimstad\/","name":"Grimstad H\u00f8yre","description":"Bare enda et H\u00f8yres nettsteder-nettsted","inLanguage":"nb-NO"}]}},"distributor_meta":false,"distributor_terms":false,"distributor_media":false,"distributor_original_site_name":"Grimstad H\u00f8yre","distributor_original_site_url":"https:\/\/hoyre.no\/grimstad","push-errors":false,"_links":{"self":[{"href":"https:\/\/hoyre.no\/grimstad\/wp-json\/wp\/v2\/posts\/54","targetHints":{"allow":["GET"]}}],"collection":[{"href":"https:\/\/hoyre.no\/grimstad\/wp-json\/wp\/v2\/posts"}],"about":[{"href":"https:\/\/hoyre.no\/grimstad\/wp-json\/wp\/v2\/types\/post"}],"replies":[{"embeddable":true,"href":"https:\/\/hoyre.no\/grimstad\/wp-json\/wp\/v2\/comments?post=54"}],"version-history":[{"count":0,"href":"https:\/\/hoyre.no\/grimstad\/wp-json\/wp\/v2\/posts\/54\/revisions"}],"wp:attachment":[{"href":"https:\/\/hoyre.no\/grimstad\/wp-json\/wp\/v2\/media?parent=54"}],"wp:term":[{"taxonomy":"category","embeddable":true,"href":"https:\/\/hoyre.no\/grimstad\/wp-json\/wp\/v2\/category?post=54"},{"taxonomy":"post_tag","embeddable":true,"href":"https:\/\/hoyre.no\/grimstad\/wp-json\/wp\/v2\/post_tag?post=54"},{"taxonomy":"hoyre-visibility","embeddable":true,"href":"https:\/\/hoyre.no\/grimstad\/wp-json\/wp\/v2\/hoyre-visibility?post=54"},{"taxonomy":"article-type","embeddable":true,"href":"https:\/\/hoyre.no\/grimstad\/wp-json\/wp\/v2\/article-type?post=54"},{"taxonomy":"politician","embeddable":true,"href":"https:\/\/hoyre.no\/grimstad\/wp-json\/wp\/v2\/politician?post=54"}],"curies":[{"name":"wp","href":"https:\/\/api.w.org\/{rel}","templated":true}]}}