{"id":170,"date":"2022-02-09T13:58:20","date_gmt":"2022-02-09T12:58:20","guid":{"rendered":"https:\/\/hoyre.no\/hamar\/?p=170"},"modified":"2022-02-10T21:30:07","modified_gmt":"2022-02-10T20:30:07","slug":"hamar-hoyre-onsker-a-likebehandle-utdanningsinstitusjoner","status":"publish","type":"post","link":"https:\/\/hoyre.no\/hamar\/aktuelt\/hamar-hoyre-onsker-a-likebehandle-utdanningsinstitusjoner\/","title":{"rendered":"Hamar H\u00f8yre \u00f8nsker \u00e5 likebehandle utdanningsinstitusjoner"},"content":{"rendered":"\n<p class=\"preamble\">Hamar H\u00f8yres kommentarer til Innlandet H\u00f8yres vedtak p\u00e5 \u00e5rsm\u00f8tet 5. februar ang\u00e5ende medisinutdanning i Innlandet.<\/p>\n\n\n\n\n<p>Alle sykehus i Norge har krav om \u00e5 utdanne helsepersonell. Dette f\u00f8lger av helseforetaksmodellen. Sykehuset Innlandet tilh\u00f8rer regionen Helse S\u00f8r-\u00d8st, og samarbeider dermed med alle utdanningsinstitusjoner i v\u00e5r region.<\/p>\n\n\n\n<p>Hamar H\u00f8yre \u00f8nsker \u00e5 likebehandle og inkludere alle utdanningsinstitusjoner som \u00f8nsker \u00e5 utdanne helsepersonell. Derfor \u00f8nsker Hamar H\u00f8yre \u00e5 samarbeide med b\u00e5de Universitetet i Oslo som er universitetssykehus i Helse S\u00f8r-\u00d8st, og eventuelt andre institusjoner som etablerer utdanningstilbud i v\u00e5r region.<\/p>\n\n\n\n<p>Erfaringen med praksisplasser for sykepleierstudenter i v\u00e5r region er at sjansen for at ferdigutdannede sykepleiere og spesialsykepleiere bosetter seg og s\u00f8ker arbeid ved v\u00e5re sykehus i Innlandet, er at de allerede har eller utvikler en sterk tilknytning til v\u00e5r region mens de er studenter. <\/p>\n\n\n\n<p>\u00c5 bli en gjennomstr\u00f8mmingsplass for praksisstudenter som ikke \u00f8nsker \u00e5 bosette seg her, er ingen dr\u00f8m. Dette \u00f8nsker vi hverken for sykepleie- eller medisinstudenter. Vi m\u00e5 derfor samhandle med alle universitetssykehus som \u00f8nsker praksisplasser og utdanning ved v\u00e5re sykehus, med sikte p\u00e5 \u00e5 utdanne helsepersonell som \u00f8nsker \u00e5 bo her og utvikle Innlandet.<\/p>\n\n\n\n<p>St\u00f8re-regjeringen satte 4. februar ned et utvalg som skal utrede foretaksmodellen. Utdanning er en sentral oppgave for dagens regionale helseforetak, og ogs\u00e5 helseforetak som Sykehuset Innlandet. Utvalget skal levere sin rapport med anbefalinger 31. mars 2023. Blir det endringer i helseforetaksmodellen er det ogs\u00e5 mulig det blir endringer knyttet til hvordan utdanning organiseres. Hamar H\u00f8yre forventer at dette utvalget vil kommer med anbefalinger ogs\u00e5 knyttet til framtidig organisering av utdanning i helsesektoren.<\/p>\n\n\n\n<p>Hamar H\u00f8yre \u00f8nsker alle utdanningsinstitusjoner velkommen til v\u00e5re region, der form\u00e5let er \u00e5 utdanne kompetente helsearbeidere for morgendagens helsesektor! Men \u00e5 heie kun p\u00e5 NTNU blir feil signaler for Hamar H\u00f8yre, vi \u00f8nsker b\u00e5de UiO og NTNU og eventuelle andre akt\u00f8rer velkomne til \u00e5 utvikle innlandets helsetjenester!<\/p>\n\n\n\n<p><a href=\"https:\/\/www.regjeringen.no\/no\/aktuelt\/regjeringen-har-oppnevnt-utvalg-som-skal-utrede-helseforetaksmodellen\/id2900068\/\">https:\/\/www.regjeringen.no\/no\/aktuelt\/regjeringen-har-oppnevnt-utvalg-som-skal-utrede-helseforetaksmodellen\/id2900068\/<\/a><\/p>\n\n\n\n<p><a href=\"https:\/\/helse-sorost.no\/helsefaglig\/utdanning\">https:\/\/helse-sorost.no\/helsefaglig\/utdanning<\/a><\/p>\n\n\n<div class=\"tags\">\n\t<\/div>\n<div class=\"post-footer alignfull has-background block-editor-block-list__block\" data-align=full>\n\t<div class=\"post-footer-inner\">\n\t\t<h3>Relaterte artikler<\/h3>\n\t\t<div class=\"related-content\"><div class=\"is-card-hoyre\">\n\t<div class=\"teft-card hoyre-teft-card post-teft-card\">\n\t\t<a href=\"https:\/\/hoyre.no\/hamar\/aktuelt\/maren-er-ny-leder-av-kvinneforum\/\" class=\"teft-card__primary-action\">\n\n\t\t\t\t\t<div class=\"teft-card__media teft-card__media--16-9\">\n\t\t\t\t\t\t<img loading=\"lazy\" decoding=\"async\" width=\"768\" height=\"766\" src=\"https:\/\/hoyre.no\/content\/uploads\/sites\/76\/2026\/01\/image1-768x766.jpeg\" class=\"attachment-medium_large size-medium_large\" alt=\"\" srcset=\"https:\/\/hoyre.no\/content\/uploads\/sites\/76\/2026\/01\/image1-768x766.jpeg 768w, https:\/\/hoyre.no\/content\/uploads\/sites\/76\/2026\/01\/image1-300x300.jpeg 300w, https:\/\/hoyre.no\/content\/uploads\/sites\/76\/2026\/01\/image1-150x150.jpeg 150w, https:\/\/hoyre.no\/content\/uploads\/sites\/76\/2026\/01\/image1.jpeg 960w\" sizes=\"auto, (max-width: 768px) 100vw, 768px\" \/>\t\t<\/div>\n\t\t\n\t\t\t<div class=\"teft-card__content-wrapper\">\n\t\t\t\t<div class=\"teft-card__secondary\">\n\t\t\t\t\t\n\t\t\t\t\t\t\t\t<div class=\"teft-card__meta\">\n\t\t\t\t\t\t\t\t\t<span class=\"post-date\">11. jan 2026<\/span>\n\n\t\t\t\t\t\t\t\t\t<span class=\"post-category\">Kvinneforum<\/span>\t\t\t\t\t\t\t\t<\/div>\n\t\t\t\t\t\t\t\t\t\t\t<\/div>\n\n\t\t\t\t<div class=\"teft-card__primary\">\n\t\t\t\t\t<h2 class=\"teft-card__title\">Maren er ny leder av kvinneforum&nbsp;<span class=\"teft-card__primary-title-append\"><\/span><\/h2>\t\t\t\t<\/div>\n\t\t\t<\/div>\n\t\t<\/a>\n\t<\/div>\n\n\t<\/div><div class=\"is-card-hoyre\">\n\t<div class=\"teft-card hoyre-teft-card post-teft-card\">\n\t\t<a href=\"https:\/\/hoyre.no\/hamar\/aktuelt\/noen-ma-vaere-forst-med-a-avvikle-fylkeskommunen\/\" class=\"teft-card__primary-action\">\n\n\t\t\t\t\t<div class=\"teft-card__media teft-card__media--16-9\">\n\t\t\t\t\t\t<img loading=\"lazy\" decoding=\"async\" width=\"768\" height=\"512\" src=\"https:\/\/hoyre.no\/content\/uploads\/sites\/76\/2022\/09\/hamar-768x512.jpg\" class=\"attachment-medium_large size-medium_large\" alt=\"Hamar\" srcset=\"https:\/\/hoyre.no\/content\/uploads\/sites\/76\/2022\/09\/hamar-768x512.jpg 768w, https:\/\/hoyre.no\/content\/uploads\/sites\/76\/2022\/09\/hamar-300x200.jpg 300w, https:\/\/hoyre.no\/content\/uploads\/sites\/76\/2022\/09\/hamar-1024x683.jpg 1024w, https:\/\/hoyre.no\/content\/uploads\/sites\/76\/2022\/09\/hamar-1536x1024.jpg 1536w, https:\/\/hoyre.no\/content\/uploads\/sites\/76\/2022\/09\/hamar-2048x1365.jpg 2048w\" sizes=\"auto, (max-width: 768px) 100vw, 768px\" \/>\t\t<\/div>\n\t\t\n\t\t\t<div class=\"teft-card__content-wrapper\">\n\t\t\t\t<div class=\"teft-card__secondary\">\n\t\t\t\t\t\n\t\t\t\t\t\t\t\t<div class=\"teft-card__meta\">\n\t\t\t\t\t\t\t\t\t<span class=\"post-date\">10. jan 2026<\/span>\n\n\t\t\t\t\t\t\t\t\t<span class=\"post-category\">Fylkeskommunen<\/span>\t\t\t\t\t\t\t\t<\/div>\n\t\t\t\t\t\t\t\t\t\t\t<\/div>\n\n\t\t\t\t<div class=\"teft-card__primary\">\n\t\t\t\t\t<h2 class=\"teft-card__title\">Noen m\u00e5 v\u00e6re f\u00f8rst med \u00e5 avvikle fylkeskommunen&nbsp;<span class=\"teft-card__primary-title-append\"><\/span><\/h2>\t\t\t\t<\/div>\n\t\t\t<\/div>\n\t\t<\/a>\n\t<\/div>\n\n\t<\/div><div class=\"is-card-hoyre\">\n\t<div class=\"teft-card hoyre-teft-card post-teft-card\">\n\t\t<a href=\"https:\/\/hoyre.no\/hamar\/aktuelt\/anna-og-yngve-pa-topp-for-hedmark\/\" class=\"teft-card__primary-action\">\n\n\t\t\t\t\t<div class=\"teft-card__media teft-card__media--16-9\">\n\t\t\t\t\t\t<img loading=\"lazy\" decoding=\"async\" width=\"768\" height=\"635\" src=\"https:\/\/hoyre.no\/content\/uploads\/sites\/76\/2024\/11\/Skjermbilde-2024-11-16-kl.-18.28.51-768x635.png\" class=\"attachment-medium_large size-medium_large\" alt=\"\" srcset=\"https:\/\/hoyre.no\/content\/uploads\/sites\/76\/2024\/11\/Skjermbilde-2024-11-16-kl.-18.28.51-768x635.png 768w, https:\/\/hoyre.no\/content\/uploads\/sites\/76\/2024\/11\/Skjermbilde-2024-11-16-kl.-18.28.51-300x248.png 300w, https:\/\/hoyre.no\/content\/uploads\/sites\/76\/2024\/11\/Skjermbilde-2024-11-16-kl.-18.28.51.png 882w\" sizes=\"auto, (max-width: 768px) 100vw, 768px\" \/>\t\t<\/div>\n\t\t\n\t\t\t<div class=\"teft-card__content-wrapper\">\n\t\t\t\t<div class=\"teft-card__secondary\">\n\t\t\t\t\t\n\t\t\t\t\t\t\t\t<div class=\"teft-card__meta\">\n\t\t\t\t\t\t\t\t\t<span class=\"post-date\">16. nov 2024<\/span>\n\n\t\t\t\t\t\t\t\t\t<span class=\"post-category\">Stortingsvalg<\/span>\t\t\t\t\t\t\t\t<\/div>\n\t\t\t\t\t\t\t\t\t\t\t<\/div>\n\n\t\t\t\t<div class=\"teft-card__primary\">\n\t\t\t\t\t<h2 class=\"teft-card__title\">Anna og Yngve p\u00e5 topp for Hedmark!&nbsp;<span class=\"teft-card__primary-title-append\"><\/span><\/h2>\t\t\t\t<\/div>\n\t\t\t<\/div>\n\t\t<\/a>\n\t<\/div>\n\n\t<\/div><\/div>\t<\/div>\n<\/div>\n","protected":false},"excerpt":{"rendered":"","protected":false},"author":15076,"featured_media":0,"comment_status":"closed","ping_status":"closed","sticky":false,"template":"","format":"standard","meta":{"teft_cards_image_url":"","teft_cards_custom_pretitle":"","teft_cards_image_id":0,"teft_cards_image_focal_point_x":0,"teft_cards_image_focal_point_y":0,"teft_cards_title":"","teft_cards_excerpt":"","teft_show_chapters":false,"author_display_name":"","footnotes":""},"category":[10],"post_tag":[],"hoyre-visibility":[],"article-type":[],"politician":[],"class_list":["post-170","post","type-post","status-publish","format-standard","hentry","category-fylkesarsmotet"],"yoast_head":"<!-- This site is optimized with the Yoast SEO plugin v26.6 - https:\/\/yoast.com\/wordpress\/plugins\/seo\/ -->\n<title>Hamar H\u00f8yre \u00f8nsker \u00e5 likebehandle utdanningsinstitusjoner - Hamar H\u00f8yre<\/title>\n<meta name=\"robots\" content=\"index, follow, max-snippet:-1, max-image-preview:large, max-video-preview:-1\" \/>\n<link rel=\"canonical\" href=\"https:\/\/hoyre.no\/hamar\/aktuelt\/hamar-hoyre-onsker-a-likebehandle-utdanningsinstitusjoner\/\" \/>\n<meta property=\"og:locale\" content=\"nb_NO\" \/>\n<meta property=\"og:type\" content=\"article\" \/>\n<meta property=\"og:title\" content=\"Hamar H\u00f8yre \u00f8nsker \u00e5 likebehandle utdanningsinstitusjoner - Hamar H\u00f8yre\" \/>\n<meta property=\"og:url\" content=\"https:\/\/hoyre.no\/hamar\/aktuelt\/hamar-hoyre-onsker-a-likebehandle-utdanningsinstitusjoner\/\" \/>\n<meta property=\"og:site_name\" content=\"Hamar H\u00f8yre\" \/>\n<meta property=\"article:published_time\" content=\"2022-02-09T12:58:20+00:00\" \/>\n<meta property=\"article:modified_time\" content=\"2022-02-10T20:30:07+00:00\" \/>\n<meta property=\"og:image\" content=\"https:\/\/hoyre.no\/content\/uploads\/sites\/76\/2023\/07\/Jane-2-1024x683.jpg\" \/>\n<meta name=\"author\" content=\"Thomas Berg Olsen\" \/>\n<meta name=\"twitter:card\" content=\"summary_large_image\" \/>\n<meta name=\"twitter:label1\" content=\"Skrevet av\" \/>\n\t<meta name=\"twitter:data1\" content=\"Thomas Berg Olsen\" \/>\n\t<meta name=\"twitter:label2\" content=\"Ansl. lesetid\" \/>\n\t<meta name=\"twitter:data2\" content=\"2 minutter\" \/>\n<script type=\"application\/ld+json\" class=\"yoast-schema-graph\">{\"@context\":\"https:\/\/schema.org\",\"@graph\":[{\"@type\":\"NewsArticle\",\"@id\":\"https:\/\/hoyre.no\/hamar\/aktuelt\/hamar-hoyre-onsker-a-likebehandle-utdanningsinstitusjoner\/\",\"url\":\"https:\/\/hoyre.no\/hamar\/aktuelt\/hamar-hoyre-onsker-a-likebehandle-utdanningsinstitusjoner\/\",\"name\":\"Hamar H\u00f8yre \u00f8nsker \u00e5 likebehandle utdanningsinstitusjoner - Hamar H\u00f8yre\",\"isPartOf\":{\"@id\":\"https:\/\/hoyre.no\/hamar\/#website\"},\"datePublished\":\"2022-02-09T12:58:20+00:00\",\"dateModified\":\"2022-02-10T20:30:07+00:00\",\"author\":{\"@id\":\"https:\/\/hoyre.no\/hamar\/#\/schema\/person\/f426db50d519cd8ef1a2dbda5d28ad52\"},\"breadcrumb\":{\"@id\":\"https:\/\/hoyre.no\/hamar\/aktuelt\/hamar-hoyre-onsker-a-likebehandle-utdanningsinstitusjoner\/#breadcrumb\"},\"inLanguage\":\"nb-NO\",\"potentialAction\":[{\"@type\":\"ReadAction\",\"target\":[\"https:\/\/hoyre.no\/hamar\/aktuelt\/hamar-hoyre-onsker-a-likebehandle-utdanningsinstitusjoner\/\"]}]},{\"@type\":\"BreadcrumbList\",\"@id\":\"https:\/\/hoyre.no\/hamar\/aktuelt\/hamar-hoyre-onsker-a-likebehandle-utdanningsinstitusjoner\/#breadcrumb\",\"itemListElement\":[{\"@type\":\"ListItem\",\"position\":1,\"name\":\"Til hoyre.no\",\"item\":\"https:\/\/hoyre.no\"},{\"@type\":\"ListItem\",\"position\":2,\"name\":\"Hjem\",\"item\":\"https:\/\/hoyre.no\/hamar\/\"},{\"@type\":\"ListItem\",\"position\":3,\"name\":\"Hamar H\u00f8yre \u00f8nsker \u00e5 likebehandle utdanningsinstitusjoner\"}]},{\"@type\":\"WebSite\",\"@id\":\"https:\/\/hoyre.no\/hamar\/#website\",\"url\":\"https:\/\/hoyre.no\/hamar\/\",\"name\":\"Hamar H\u00f8yre\",\"description\":\"Bare enda et H\u00f8yres nettsteder-nettsted\",\"inLanguage\":\"nb-NO\"},{\"@type\":\"Person\",\"@id\":\"https:\/\/hoyre.no\/hamar\/#\/schema\/person\/f426db50d519cd8ef1a2dbda5d28ad52\",\"name\":\"Thomas Berg Olsen\",\"image\":{\"@type\":\"ImageObject\",\"inLanguage\":\"nb-NO\",\"@id\":\"https:\/\/hoyre.no\/hamar\/#\/schema\/person\/image\/\",\"url\":\"https:\/\/secure.gravatar.com\/avatar\/4891d64e8461e69959df48f19c5000294f8dcf136bad9b6de3e698b03a1f13da?s=96&d=mm&r=g\",\"contentUrl\":\"https:\/\/secure.gravatar.com\/avatar\/4891d64e8461e69959df48f19c5000294f8dcf136bad9b6de3e698b03a1f13da?s=96&d=mm&r=g\",\"caption\":\"Thomas Berg Olsen\"},\"url\":\"https:\/\/hoyre.no\/hamar\/aktuelt\/author\/m4078986\/\"}]}<\/script>\n<!-- \/ Yoast SEO plugin. -->","yoast_head_json":{"title":"Hamar H\u00f8yre \u00f8nsker \u00e5 likebehandle utdanningsinstitusjoner - Hamar H\u00f8yre","robots":{"index":"index","follow":"follow","max-snippet":"max-snippet:-1","max-image-preview":"max-image-preview:large","max-video-preview":"max-video-preview:-1"},"canonical":"https:\/\/hoyre.no\/hamar\/aktuelt\/hamar-hoyre-onsker-a-likebehandle-utdanningsinstitusjoner\/","og_locale":"nb_NO","og_type":"article","og_title":"Hamar H\u00f8yre \u00f8nsker \u00e5 likebehandle utdanningsinstitusjoner - Hamar H\u00f8yre","og_url":"https:\/\/hoyre.no\/hamar\/aktuelt\/hamar-hoyre-onsker-a-likebehandle-utdanningsinstitusjoner\/","og_site_name":"Hamar H\u00f8yre","article_published_time":"2022-02-09T12:58:20+00:00","article_modified_time":"2022-02-10T20:30:07+00:00","og_image":[{"url":"https:\/\/hoyre.no\/content\/uploads\/sites\/76\/2023\/07\/Jane-2-1024x683.jpg","width":"","height":"","type":""}],"author":"Thomas Berg Olsen","twitter_card":"summary_large_image","twitter_misc":{"Skrevet av":"Thomas Berg Olsen","Ansl. lesetid":"2 minutter"},"schema":{"@context":"https:\/\/schema.org","@graph":[{"@type":"NewsArticle","@id":"https:\/\/hoyre.no\/hamar\/aktuelt\/hamar-hoyre-onsker-a-likebehandle-utdanningsinstitusjoner\/","url":"https:\/\/hoyre.no\/hamar\/aktuelt\/hamar-hoyre-onsker-a-likebehandle-utdanningsinstitusjoner\/","name":"Hamar H\u00f8yre \u00f8nsker \u00e5 likebehandle utdanningsinstitusjoner - Hamar H\u00f8yre","isPartOf":{"@id":"https:\/\/hoyre.no\/hamar\/#website"},"datePublished":"2022-02-09T12:58:20+00:00","dateModified":"2022-02-10T20:30:07+00:00","author":{"@id":"https:\/\/hoyre.no\/hamar\/#\/schema\/person\/f426db50d519cd8ef1a2dbda5d28ad52"},"breadcrumb":{"@id":"https:\/\/hoyre.no\/hamar\/aktuelt\/hamar-hoyre-onsker-a-likebehandle-utdanningsinstitusjoner\/#breadcrumb"},"inLanguage":"nb-NO","potentialAction":[{"@type":"ReadAction","target":["https:\/\/hoyre.no\/hamar\/aktuelt\/hamar-hoyre-onsker-a-likebehandle-utdanningsinstitusjoner\/"]}]},{"@type":"BreadcrumbList","@id":"https:\/\/hoyre.no\/hamar\/aktuelt\/hamar-hoyre-onsker-a-likebehandle-utdanningsinstitusjoner\/#breadcrumb","itemListElement":[{"@type":"ListItem","position":1,"name":"Til hoyre.no","item":"https:\/\/hoyre.no"},{"@type":"ListItem","position":2,"name":"Hjem","item":"https:\/\/hoyre.no\/hamar\/"},{"@type":"ListItem","position":3,"name":"Hamar H\u00f8yre \u00f8nsker \u00e5 likebehandle utdanningsinstitusjoner"}]},{"@type":"WebSite","@id":"https:\/\/hoyre.no\/hamar\/#website","url":"https:\/\/hoyre.no\/hamar\/","name":"Hamar H\u00f8yre","description":"Bare enda et H\u00f8yres nettsteder-nettsted","inLanguage":"nb-NO"},{"@type":"Person","@id":"https:\/\/hoyre.no\/hamar\/#\/schema\/person\/f426db50d519cd8ef1a2dbda5d28ad52","name":"Thomas Berg Olsen","image":{"@type":"ImageObject","inLanguage":"nb-NO","@id":"https:\/\/hoyre.no\/hamar\/#\/schema\/person\/image\/","url":"https:\/\/secure.gravatar.com\/avatar\/4891d64e8461e69959df48f19c5000294f8dcf136bad9b6de3e698b03a1f13da?s=96&d=mm&r=g","contentUrl":"https:\/\/secure.gravatar.com\/avatar\/4891d64e8461e69959df48f19c5000294f8dcf136bad9b6de3e698b03a1f13da?s=96&d=mm&r=g","caption":"Thomas Berg Olsen"},"url":"https:\/\/hoyre.no\/hamar\/aktuelt\/author\/m4078986\/"}]}},"distributor_meta":false,"distributor_terms":false,"distributor_media":false,"distributor_original_site_name":"Hamar H\u00f8yre","distributor_original_site_url":"https:\/\/hoyre.no\/hamar","push-errors":false,"_links":{"self":[{"href":"https:\/\/hoyre.no\/hamar\/wp-json\/wp\/v2\/posts\/170","targetHints":{"allow":["GET"]}}],"collection":[{"href":"https:\/\/hoyre.no\/hamar\/wp-json\/wp\/v2\/posts"}],"about":[{"href":"https:\/\/hoyre.no\/hamar\/wp-json\/wp\/v2\/types\/post"}],"author":[{"embeddable":true,"href":"https:\/\/hoyre.no\/hamar\/wp-json\/wp\/v2\/users\/15076"}],"replies":[{"embeddable":true,"href":"https:\/\/hoyre.no\/hamar\/wp-json\/wp\/v2\/comments?post=170"}],"version-history":[{"count":3,"href":"https:\/\/hoyre.no\/hamar\/wp-json\/wp\/v2\/posts\/170\/revisions"}],"predecessor-version":[{"id":177,"href":"https:\/\/hoyre.no\/hamar\/wp-json\/wp\/v2\/posts\/170\/revisions\/177"}],"wp:attachment":[{"href":"https:\/\/hoyre.no\/hamar\/wp-json\/wp\/v2\/media?parent=170"}],"wp:term":[{"taxonomy":"category","embeddable":true,"href":"https:\/\/hoyre.no\/hamar\/wp-json\/wp\/v2\/category?post=170"},{"taxonomy":"post_tag","embeddable":true,"href":"https:\/\/hoyre.no\/hamar\/wp-json\/wp\/v2\/post_tag?post=170"},{"taxonomy":"hoyre-visibility","embeddable":true,"href":"https:\/\/hoyre.no\/hamar\/wp-json\/wp\/v2\/hoyre-visibility?post=170"},{"taxonomy":"article-type","embeddable":true,"href":"https:\/\/hoyre.no\/hamar\/wp-json\/wp\/v2\/article-type?post=170"},{"taxonomy":"politician","embeddable":true,"href":"https:\/\/hoyre.no\/hamar\/wp-json\/wp\/v2\/politician?post=170"}],"curies":[{"name":"wp","href":"https:\/\/api.w.org\/{rel}","templated":true}]}}