{"id":207,"date":"2022-08-10T12:00:00","date_gmt":"2022-08-10T10:00:00","guid":{"rendered":"https:\/\/hoyre.no\/hamar\/?p=207"},"modified":"2022-09-05T14:02:03","modified_gmt":"2022-09-05T12:02:03","slug":"et-politisk-sykehuskompromiss-kan-koste-mer-enn-optimistiske-spareplaner-pa-papiret","status":"publish","type":"post","link":"https:\/\/hoyre.no\/hamar\/aktuelt\/et-politisk-sykehuskompromiss-kan-koste-mer-enn-optimistiske-spareplaner-pa-papiret\/","title":{"rendered":"Et politisk sykehuskompromiss kan koste mer enn optimistiske spareplaner p\u00e5 papiret"},"content":{"rendered":"\n<p class=\"preamble\">Det skjedde i \u00d8stfold, de bygget et sykehus midt i ingenting p\u00e5 Kalnes, det var god plass, plass til parkering av alle de tusen ansatte som m\u00e5tte kj\u00f8re p\u00e5 jobb istedenfor \u00e5 sykle eller \u00e5 g\u00e5.<\/p>\t\t\t<div class=\"post-meta wp-block teft-byline-wrapper\">\n\t\t\t\t<div class=\"top\">\n\t\t\t\t\t<div class=\"signature\">\n\t\t\t\t\t\t<div class=\"teft-byline\">\n\t\t\t\t\t\t\t\t\t\t\t\t\t\t<div>\n\t\t\t\t\t\t\t\t<h3>H\u00f8yres redaksjon<\/h3>\t\t\t\t\t\t\t\t\n\t\t\t\t\t\t\t\t\t\t\t\t\t\t\t\t\t<span class=\"date\">Sist oppdatert: 5. september 2022<\/span>\n\t\t\t\t\t\t\t\t\t\t\t\t\t\t\t\t\t\t\t\t\t\t\t\t\t<span class=\"reading-time\" itemprop=\"timeRequired\" content=\"PT4M\"><em>Ca. 4 minutter lesetid<\/em><\/span>\n\t\t\t\t\t\t\t\t\t\t\t\t\t\t\t<\/div>\n\t\t\t\t\t\t<\/div>\n\t\t\t\t\t<\/div>\n\t\t\t\t\t\t<div class=\"sharing\">\n\t\t<a class=\"share-button share-link copy-link\" data-copy=\"https:\/\/hoyre.no\/hamar\/aktuelt\/et-politisk-sykehuskompromiss-kan-koste-mer-enn-optimistiske-spareplaner-pa-papiret\/\" target=\"_blank\"><span class=\"screen-reader-text\">Del link<\/span><\/a>\n\t\t<a class=\"share-button share-twitter\" href=\"http:\/\/twitter.com\/share?text=Et politisk sykehuskompromiss kan koste mer enn optimistiske spareplaner p\u00e5 papiret&#038;url=https:\/\/hoyre.no\/hamar\/aktuelt\/et-politisk-sykehuskompromiss-kan-koste-mer-enn-optimistiske-spareplaner-pa-papiret\/&#038;hashtags=Hoyre\" target=\"_blank\"><span class=\"screen-reader-text\">Del p\u00e5 twitter<\/span><\/a>\n\t\t<a class=\"share-button share-facebook\" href=\"https:\/\/www.facebook.com\/sharer\/sharer.php?u=https:\/\/hoyre.no\/hamar\/aktuelt\/et-politisk-sykehuskompromiss-kan-koste-mer-enn-optimistiske-spareplaner-pa-papiret\/\" target=\"_blank\"><span class=\"screen-reader-text\">Del p\u00e5 facebook<\/span><\/a>\n\t<\/div>\n\t\t\t\t\t<\/div>\n\t\t\t<\/div>\n\n\t\t\t<figure class=\"hoyre-image-wrapper\"><div class=\"hoyre-image\"><img loading=\"lazy\" decoding=\"async\" width=\"2560\" height=\"1707\" src=\"https:\/\/hoyre.no\/content\/uploads\/sites\/76\/2020\/11\/20190413jve_dsc05012-scaled.jpg\" class=\"attachment-scaled size-scaled\" alt=\"Ordf\u00f8rerkandidat for Hamar H\u00f8yre Jane Mayer\" style=\"object-position: 50% 50%\" srcset=\"https:\/\/hoyre.no\/content\/uploads\/sites\/76\/2020\/11\/20190413jve_dsc05012-scaled.jpg 2560w, https:\/\/hoyre.no\/content\/uploads\/sites\/76\/2020\/11\/20190413jve_dsc05012-300x200.jpg 300w, https:\/\/hoyre.no\/content\/uploads\/sites\/76\/2020\/11\/20190413jve_dsc05012-1024x683.jpg 1024w, https:\/\/hoyre.no\/content\/uploads\/sites\/76\/2020\/11\/20190413jve_dsc05012-768x512.jpg 768w, https:\/\/hoyre.no\/content\/uploads\/sites\/76\/2020\/11\/20190413jve_dsc05012-1536x1024.jpg 1536w, https:\/\/hoyre.no\/content\/uploads\/sites\/76\/2020\/11\/20190413jve_dsc05012-2048x1365.jpg 2048w\" sizes=\"auto, (max-width: 2560px) 100vw, 2560px\" \/><\/div><figcaption class=\"caption\">Hvorfor tar man ikke l\u00e6rdom av feilene HS\u00d8 er i ferd med \u00e5 gj\u00f8re igjen? sp\u00f8r Jane Meyer, gruppeleder Hamar H\u00f8yre<\/figcaption><\/figure>\n\n\n\n\n<p>Nye kollektiv-muligheter ble lansert, men behovet for bil best\u00e5r, fordi sykehuset ligger langt fra der folk bor. Folk som har barn i barnehage, skole, fritidsaktiviteter, folk som liker egen fritid. Folk som jobber kveldsvakt med p\u00e5f\u00f8lgende morgenvakt, folk som har vakt og bakvakt og annen vakt, dugnad p\u00e5 barnas fotballag kanskje.<\/p>\n\n\n\n<p>De m\u00e5 hjem n\u00e5r jobben er ferdig, ikke n\u00e5r bussen g\u00e5r. De m\u00e5 tilbake p\u00e5 jobb n\u00e5r jobben begynner, ikke n\u00e5r bussen g\u00e5r. De har ikke lenger bakvakten og hjemmevakten hjemme, de har den p\u00e5 jobb, fordi sykehuset ligger for langt unna der folk bor.<\/p>\n\n\n\n<h2 class=\"wp-block-heading\">Nedskaleres allerede<\/h2>\n\n\n\n<p>Planleggingsprosessen forut for ny sykehusstruktur i Innlandet, der Moelv er det foretrukne alternativet til Helse S\u00f8r-\u00d8st, kjennetegnes av sv\u00e6rt optimistiske forutsetninger om sykehusets effektivitet og tilgang p\u00e5 kompetent arbeidskraft.<\/p>\n\n\n\n<p>Risikoen for at Mj\u00f8ssykehuset blir for trangt ser ut til \u00e5 v\u00e6re godt kjent, men hensynet til \u00e5 holde investeringskostnadene lavest mulig ser ut til \u00e5 v\u00e6re r\u00e5dende, og sykehuset nedskaleres allerede n\u00e5.<\/p>\n\n\n\n<p><strong>Resultatet kan fort bli at hovedsykehus-modellen velges, men at realiteten blir et 0+-alternativ med nytt Hamar sykehus p\u00e5 Moelv.<\/strong><\/p>\n\n\n\n<h2 class=\"wp-block-heading\">Samme feil<\/h2>\n\n\n\n<p>Mj\u00f8ssykehuset er verken b\u00e6rekraftig eller milj\u00f8vennlig. Fagmilj\u00f8ene og pasientene vil lide under en sykehusmodell som ikke gir et stort samlet sykehus, slik man opprinnelig \u00f8nsket. Spesialistene kan ikke jobbe p\u00e5 en lokasjon, men m\u00e5 drive ambulerende virksomhet mellom sykehus. Pasienter fra den mest folkerike delen av Innlandet vil f\u00e5 den mest fragmenterte sykehusstrukturen.&nbsp;<\/p>\n\n\n\n<p>Jeg tror det vil v\u00e6re nyttig med st\u00f8rre grad av erkjennelse av hva som kan g\u00e5 galt i disse prosessene, for \u00e5 sikre l\u00e6ring p\u00e5 alle niv\u00e5er. Det er forst\u00e5elig at store offentlige prosjekter ikke alltid g\u00e5r som planlagt og at det er krevende \u00e5 forutse behov langt fram i tid. Det er likevel viktig at \u00e5rsaksforklaringene bak slike prosjekter er tydelig forst\u00e5tt og erkjent p\u00e5 alle niv\u00e5er.&nbsp;<\/p>\n\n\n\n<p><strong>Hvorfor tar man ikke l\u00e6rdom av prosjektene som har gjort de samme feilene HS\u00d8 er i ferd med \u00e5 gj\u00f8re igjen?<\/strong><\/p>\n\n\n\n<p>Det er pasientene og de ansatte som til slutt betaler den h\u00f8yeste prisen. Jeg stiller sp\u00f8rsm\u00e5l ved om det er den samfunns\u00f8konomisk beste l\u00f8sningen som n\u00e5 seiler opp som favoritt hos HS\u00d8 og SI. De langsiktige kostnadene kan fort bli veldig mye h\u00f8yere enn det som spares p\u00e5 papiret.&nbsp;<\/p>\n\n\n\n<h2 class=\"wp-block-heading\">Best for flest mulig<\/h2>\n\n\n\n<p>Hele Innlandet \u00f8nsker et b\u00e6rekraftig sykehustilbud. Ekspertene i Cowi har sagt at sykehus i Hamar er det som vil gi en betydelig giv for hele Innlandet \u2013 ikke bare Hamar. &nbsp;Vi trenger et sykehus for hele regionen, men da b\u00f8r det legges der tilbudet kan bli best for flest mulig.<\/p>\n\n\n\n<p>Synergieffekten vi kan oppn\u00e5 innen forskning og innovasjon gj\u00f8r at sykehuset vil fremst\u00e5 som en attraktiv arbeidsplass for dyktige helsearbeidere.&nbsp;<\/p>\n\n\n\n<p><strong>Hamar kan tilby flest alternative arbeidsmuligheter for ektefelle eller samboer. I tillegg vil kunnskapsklyngen rundt sykehuset og bioteknologi-klyngen, som allerede er godt etablert, gi et viktig bidrag inn i fagmilj\u00f8et.&nbsp;<\/strong><\/p>\n\n\n\n<p>Vi b\u00f8r ikke gj\u00f8re som p\u00e5 Kalnes, hvor man valgte et d\u00e5rlig kompromiss for alle parter. Men det kan dessverre fort skje igjen, n\u00e5r HS\u00d8 har offentliggjort sin favoritt blant de to modellene som er utredet.<\/p>\n\n\n\n<p><strong>Et valg som i stor grad er basert p\u00e5 politiske kompromisser.<\/strong><\/p>\n\n\n\n<p><a href=\"https:\/\/debatt.h-a.no\/2022\/debatt\/et-politisk-sykehuskompromiss-kan-koste-mer-enn-optimistiske-spareplaner-pa-papiret\/?fbclid=IwAR2QrV1V5jnWENzj3JiHZIVhUqRXClZykb5YFcCEco1tDGPTfQAtNVAH954\">Innlegget stod p\u00e5 H-A.no 10. august 2022<\/a> <\/p>\n\n\n<div class=\"tags\">\n\t<\/div>\n<div class=\"post-footer alignfull has-background block-editor-block-list__block\" data-align=full>\n\t<div class=\"post-footer-inner\">\n\t\t<h3>Relaterte artikler<\/h3>\n\t\t<div class=\"related-content\"><div class=\"is-card-hoyre\">\n\t<div class=\"teft-card hoyre-teft-card post-teft-card\">\n\t\t<a href=\"https:\/\/hoyre.no\/hamar\/aktuelt\/maren-er-ny-leder-av-kvinneforum\/\" class=\"teft-card__primary-action\">\n\n\t\t\t\t\t<div class=\"teft-card__media teft-card__media--16-9\">\n\t\t\t\t\t\t<img loading=\"lazy\" decoding=\"async\" width=\"768\" height=\"766\" src=\"https:\/\/hoyre.no\/content\/uploads\/sites\/76\/2026\/01\/image1-768x766.jpeg\" class=\"attachment-medium_large size-medium_large\" alt=\"\" srcset=\"https:\/\/hoyre.no\/content\/uploads\/sites\/76\/2026\/01\/image1-768x766.jpeg 768w, https:\/\/hoyre.no\/content\/uploads\/sites\/76\/2026\/01\/image1-300x300.jpeg 300w, https:\/\/hoyre.no\/content\/uploads\/sites\/76\/2026\/01\/image1-150x150.jpeg 150w, https:\/\/hoyre.no\/content\/uploads\/sites\/76\/2026\/01\/image1.jpeg 960w\" sizes=\"auto, (max-width: 768px) 100vw, 768px\" \/>\t\t<\/div>\n\t\t\n\t\t\t<div class=\"teft-card__content-wrapper\">\n\t\t\t\t<div class=\"teft-card__secondary\">\n\t\t\t\t\t\n\t\t\t\t\t\t\t\t<div class=\"teft-card__meta\">\n\t\t\t\t\t\t\t\t\t<span class=\"post-date\">11. jan 2026<\/span>\n\n\t\t\t\t\t\t\t\t\t<span class=\"post-category\">Kvinneforum<\/span>\t\t\t\t\t\t\t\t<\/div>\n\t\t\t\t\t\t\t\t\t\t\t<\/div>\n\n\t\t\t\t<div class=\"teft-card__primary\">\n\t\t\t\t\t<h2 class=\"teft-card__title\">Maren er ny leder av kvinneforum&nbsp;<span class=\"teft-card__primary-title-append\"><\/span><\/h2>\t\t\t\t<\/div>\n\t\t\t<\/div>\n\t\t<\/a>\n\t<\/div>\n\n\t<\/div><div class=\"is-card-hoyre\">\n\t<div class=\"teft-card hoyre-teft-card post-teft-card\">\n\t\t<a href=\"https:\/\/hoyre.no\/hamar\/aktuelt\/noen-ma-vaere-forst-med-a-avvikle-fylkeskommunen\/\" class=\"teft-card__primary-action\">\n\n\t\t\t\t\t<div class=\"teft-card__media teft-card__media--16-9\">\n\t\t\t\t\t\t<img loading=\"lazy\" decoding=\"async\" width=\"768\" height=\"512\" src=\"https:\/\/hoyre.no\/content\/uploads\/sites\/76\/2022\/09\/hamar-768x512.jpg\" class=\"attachment-medium_large size-medium_large\" alt=\"Hamar\" srcset=\"https:\/\/hoyre.no\/content\/uploads\/sites\/76\/2022\/09\/hamar-768x512.jpg 768w, https:\/\/hoyre.no\/content\/uploads\/sites\/76\/2022\/09\/hamar-300x200.jpg 300w, https:\/\/hoyre.no\/content\/uploads\/sites\/76\/2022\/09\/hamar-1024x683.jpg 1024w, https:\/\/hoyre.no\/content\/uploads\/sites\/76\/2022\/09\/hamar-1536x1024.jpg 1536w, https:\/\/hoyre.no\/content\/uploads\/sites\/76\/2022\/09\/hamar-2048x1365.jpg 2048w\" sizes=\"auto, (max-width: 768px) 100vw, 768px\" \/>\t\t<\/div>\n\t\t\n\t\t\t<div class=\"teft-card__content-wrapper\">\n\t\t\t\t<div class=\"teft-card__secondary\">\n\t\t\t\t\t\n\t\t\t\t\t\t\t\t<div class=\"teft-card__meta\">\n\t\t\t\t\t\t\t\t\t<span class=\"post-date\">10. jan 2026<\/span>\n\n\t\t\t\t\t\t\t\t\t<span class=\"post-category\">Fylkeskommunen<\/span>\t\t\t\t\t\t\t\t<\/div>\n\t\t\t\t\t\t\t\t\t\t\t<\/div>\n\n\t\t\t\t<div class=\"teft-card__primary\">\n\t\t\t\t\t<h2 class=\"teft-card__title\">Noen m\u00e5 v\u00e6re f\u00f8rst med \u00e5 avvikle fylkeskommunen&nbsp;<span class=\"teft-card__primary-title-append\"><\/span><\/h2>\t\t\t\t<\/div>\n\t\t\t<\/div>\n\t\t<\/a>\n\t<\/div>\n\n\t<\/div><div class=\"is-card-hoyre\">\n\t<div class=\"teft-card hoyre-teft-card post-teft-card\">\n\t\t<a href=\"https:\/\/hoyre.no\/hamar\/aktuelt\/anna-og-yngve-pa-topp-for-hedmark\/\" class=\"teft-card__primary-action\">\n\n\t\t\t\t\t<div class=\"teft-card__media teft-card__media--16-9\">\n\t\t\t\t\t\t<img loading=\"lazy\" decoding=\"async\" width=\"768\" height=\"635\" src=\"https:\/\/hoyre.no\/content\/uploads\/sites\/76\/2024\/11\/Skjermbilde-2024-11-16-kl.-18.28.51-768x635.png\" class=\"attachment-medium_large size-medium_large\" alt=\"\" srcset=\"https:\/\/hoyre.no\/content\/uploads\/sites\/76\/2024\/11\/Skjermbilde-2024-11-16-kl.-18.28.51-768x635.png 768w, https:\/\/hoyre.no\/content\/uploads\/sites\/76\/2024\/11\/Skjermbilde-2024-11-16-kl.-18.28.51-300x248.png 300w, https:\/\/hoyre.no\/content\/uploads\/sites\/76\/2024\/11\/Skjermbilde-2024-11-16-kl.-18.28.51.png 882w\" sizes=\"auto, (max-width: 768px) 100vw, 768px\" \/>\t\t<\/div>\n\t\t\n\t\t\t<div class=\"teft-card__content-wrapper\">\n\t\t\t\t<div class=\"teft-card__secondary\">\n\t\t\t\t\t\n\t\t\t\t\t\t\t\t<div class=\"teft-card__meta\">\n\t\t\t\t\t\t\t\t\t<span class=\"post-date\">16. nov 2024<\/span>\n\n\t\t\t\t\t\t\t\t\t<span class=\"post-category\">Stortingsvalg<\/span>\t\t\t\t\t\t\t\t<\/div>\n\t\t\t\t\t\t\t\t\t\t\t<\/div>\n\n\t\t\t\t<div class=\"teft-card__primary\">\n\t\t\t\t\t<h2 class=\"teft-card__title\">Anna og Yngve p\u00e5 topp for Hedmark!&nbsp;<span class=\"teft-card__primary-title-append\"><\/span><\/h2>\t\t\t\t<\/div>\n\t\t\t<\/div>\n\t\t<\/a>\n\t<\/div>\n\n\t<\/div><\/div>\t<\/div>\n<\/div>\n","protected":false},"excerpt":{"rendered":"","protected":false},"author":15076,"featured_media":0,"comment_status":"closed","ping_status":"closed","sticky":false,"template":"","format":"standard","meta":{"teft_cards_image_url":"","teft_cards_custom_pretitle":"","teft_cards_image_id":18,"teft_cards_image_focal_point_x":0.5,"teft_cards_image_focal_point_y":0.5,"teft_cards_title":"","teft_cards_excerpt":"","teft_show_chapters":false,"author_display_name":"Jane Meyer, gruppeleder Hamar H\u00f8yre","footnotes":""},"category":[1],"post_tag":[],"hoyre-visibility":[],"article-type":[],"politician":[],"class_list":["post-207","post","type-post","status-publish","format-standard","hentry","category-ukategorisert"],"yoast_head":"<!-- This site is optimized with the Yoast SEO plugin v26.6 - https:\/\/yoast.com\/wordpress\/plugins\/seo\/ -->\n<title>Et politisk sykehuskompromiss kan koste mer enn optimistiske spareplaner p\u00e5 papiret - Hamar H\u00f8yre<\/title>\n<meta name=\"robots\" content=\"index, follow, max-snippet:-1, max-image-preview:large, max-video-preview:-1\" \/>\n<link rel=\"canonical\" href=\"https:\/\/hoyre.no\/hamar\/aktuelt\/et-politisk-sykehuskompromiss-kan-koste-mer-enn-optimistiske-spareplaner-pa-papiret\/\" \/>\n<meta property=\"og:locale\" content=\"nb_NO\" \/>\n<meta property=\"og:type\" content=\"article\" \/>\n<meta property=\"og:title\" content=\"Et politisk sykehuskompromiss kan koste mer enn optimistiske spareplaner p\u00e5 papiret - Hamar H\u00f8yre\" \/>\n<meta property=\"og:url\" content=\"https:\/\/hoyre.no\/hamar\/aktuelt\/et-politisk-sykehuskompromiss-kan-koste-mer-enn-optimistiske-spareplaner-pa-papiret\/\" \/>\n<meta property=\"og:site_name\" content=\"Hamar H\u00f8yre\" \/>\n<meta property=\"article:published_time\" content=\"2022-08-10T10:00:00+00:00\" \/>\n<meta property=\"article:modified_time\" content=\"2022-09-05T12:02:03+00:00\" \/>\n<meta property=\"og:image\" content=\"https:\/\/hoyre.no\/content\/uploads\/sites\/76\/2023\/07\/Jane-2-1024x683.jpg\" \/>\n<meta name=\"author\" content=\"Thomas Berg Olsen\" \/>\n<meta name=\"twitter:card\" content=\"summary_large_image\" \/>\n<meta name=\"twitter:label1\" content=\"Skrevet av\" \/>\n\t<meta name=\"twitter:data1\" content=\"Thomas Berg Olsen\" \/>\n\t<meta name=\"twitter:label2\" content=\"Ansl. lesetid\" \/>\n\t<meta name=\"twitter:data2\" content=\"4 minutter\" \/>\n<script type=\"application\/ld+json\" class=\"yoast-schema-graph\">{\"@context\":\"https:\/\/schema.org\",\"@graph\":[{\"@type\":\"NewsArticle\",\"@id\":\"https:\/\/hoyre.no\/hamar\/aktuelt\/et-politisk-sykehuskompromiss-kan-koste-mer-enn-optimistiske-spareplaner-pa-papiret\/\",\"url\":\"https:\/\/hoyre.no\/hamar\/aktuelt\/et-politisk-sykehuskompromiss-kan-koste-mer-enn-optimistiske-spareplaner-pa-papiret\/\",\"name\":\"Et politisk sykehuskompromiss kan koste mer enn optimistiske spareplaner p\u00e5 papiret - Hamar H\u00f8yre\",\"isPartOf\":{\"@id\":\"https:\/\/hoyre.no\/hamar\/#website\"},\"datePublished\":\"2022-08-10T10:00:00+00:00\",\"dateModified\":\"2022-09-05T12:02:03+00:00\",\"author\":{\"@id\":\"https:\/\/hoyre.no\/hamar\/#\/schema\/person\/f426db50d519cd8ef1a2dbda5d28ad52\"},\"breadcrumb\":{\"@id\":\"https:\/\/hoyre.no\/hamar\/aktuelt\/et-politisk-sykehuskompromiss-kan-koste-mer-enn-optimistiske-spareplaner-pa-papiret\/#breadcrumb\"},\"inLanguage\":\"nb-NO\",\"potentialAction\":[{\"@type\":\"ReadAction\",\"target\":[\"https:\/\/hoyre.no\/hamar\/aktuelt\/et-politisk-sykehuskompromiss-kan-koste-mer-enn-optimistiske-spareplaner-pa-papiret\/\"]}]},{\"@type\":\"BreadcrumbList\",\"@id\":\"https:\/\/hoyre.no\/hamar\/aktuelt\/et-politisk-sykehuskompromiss-kan-koste-mer-enn-optimistiske-spareplaner-pa-papiret\/#breadcrumb\",\"itemListElement\":[{\"@type\":\"ListItem\",\"position\":1,\"name\":\"Til hoyre.no\",\"item\":\"https:\/\/hoyre.no\"},{\"@type\":\"ListItem\",\"position\":2,\"name\":\"Hjem\",\"item\":\"https:\/\/hoyre.no\/hamar\/\"},{\"@type\":\"ListItem\",\"position\":3,\"name\":\"Et politisk sykehuskompromiss kan koste mer enn optimistiske spareplaner p\u00e5 papiret\"}]},{\"@type\":\"WebSite\",\"@id\":\"https:\/\/hoyre.no\/hamar\/#website\",\"url\":\"https:\/\/hoyre.no\/hamar\/\",\"name\":\"Hamar H\u00f8yre\",\"description\":\"Bare enda et H\u00f8yres nettsteder-nettsted\",\"inLanguage\":\"nb-NO\"},{\"@type\":\"Person\",\"@id\":\"https:\/\/hoyre.no\/hamar\/#\/schema\/person\/f426db50d519cd8ef1a2dbda5d28ad52\",\"name\":\"Thomas Berg Olsen\",\"image\":{\"@type\":\"ImageObject\",\"inLanguage\":\"nb-NO\",\"@id\":\"https:\/\/hoyre.no\/hamar\/#\/schema\/person\/image\/\",\"url\":\"https:\/\/secure.gravatar.com\/avatar\/4891d64e8461e69959df48f19c5000294f8dcf136bad9b6de3e698b03a1f13da?s=96&d=mm&r=g\",\"contentUrl\":\"https:\/\/secure.gravatar.com\/avatar\/4891d64e8461e69959df48f19c5000294f8dcf136bad9b6de3e698b03a1f13da?s=96&d=mm&r=g\",\"caption\":\"Thomas Berg Olsen\"},\"url\":\"https:\/\/hoyre.no\/hamar\/aktuelt\/author\/m4078986\/\"}]}<\/script>\n<!-- \/ Yoast SEO plugin. -->","yoast_head_json":{"title":"Et politisk sykehuskompromiss kan koste mer enn optimistiske spareplaner p\u00e5 papiret - Hamar H\u00f8yre","robots":{"index":"index","follow":"follow","max-snippet":"max-snippet:-1","max-image-preview":"max-image-preview:large","max-video-preview":"max-video-preview:-1"},"canonical":"https:\/\/hoyre.no\/hamar\/aktuelt\/et-politisk-sykehuskompromiss-kan-koste-mer-enn-optimistiske-spareplaner-pa-papiret\/","og_locale":"nb_NO","og_type":"article","og_title":"Et politisk sykehuskompromiss kan koste mer enn optimistiske spareplaner p\u00e5 papiret - Hamar H\u00f8yre","og_url":"https:\/\/hoyre.no\/hamar\/aktuelt\/et-politisk-sykehuskompromiss-kan-koste-mer-enn-optimistiske-spareplaner-pa-papiret\/","og_site_name":"Hamar H\u00f8yre","article_published_time":"2022-08-10T10:00:00+00:00","article_modified_time":"2022-09-05T12:02:03+00:00","og_image":[{"url":"https:\/\/hoyre.no\/content\/uploads\/sites\/76\/2023\/07\/Jane-2-1024x683.jpg","width":"","height":"","type":""}],"author":"Thomas Berg Olsen","twitter_card":"summary_large_image","twitter_misc":{"Skrevet av":"Thomas Berg Olsen","Ansl. lesetid":"4 minutter"},"schema":{"@context":"https:\/\/schema.org","@graph":[{"@type":"NewsArticle","@id":"https:\/\/hoyre.no\/hamar\/aktuelt\/et-politisk-sykehuskompromiss-kan-koste-mer-enn-optimistiske-spareplaner-pa-papiret\/","url":"https:\/\/hoyre.no\/hamar\/aktuelt\/et-politisk-sykehuskompromiss-kan-koste-mer-enn-optimistiske-spareplaner-pa-papiret\/","name":"Et politisk sykehuskompromiss kan koste mer enn optimistiske spareplaner p\u00e5 papiret - Hamar H\u00f8yre","isPartOf":{"@id":"https:\/\/hoyre.no\/hamar\/#website"},"datePublished":"2022-08-10T10:00:00+00:00","dateModified":"2022-09-05T12:02:03+00:00","author":{"@id":"https:\/\/hoyre.no\/hamar\/#\/schema\/person\/f426db50d519cd8ef1a2dbda5d28ad52"},"breadcrumb":{"@id":"https:\/\/hoyre.no\/hamar\/aktuelt\/et-politisk-sykehuskompromiss-kan-koste-mer-enn-optimistiske-spareplaner-pa-papiret\/#breadcrumb"},"inLanguage":"nb-NO","potentialAction":[{"@type":"ReadAction","target":["https:\/\/hoyre.no\/hamar\/aktuelt\/et-politisk-sykehuskompromiss-kan-koste-mer-enn-optimistiske-spareplaner-pa-papiret\/"]}]},{"@type":"BreadcrumbList","@id":"https:\/\/hoyre.no\/hamar\/aktuelt\/et-politisk-sykehuskompromiss-kan-koste-mer-enn-optimistiske-spareplaner-pa-papiret\/#breadcrumb","itemListElement":[{"@type":"ListItem","position":1,"name":"Til hoyre.no","item":"https:\/\/hoyre.no"},{"@type":"ListItem","position":2,"name":"Hjem","item":"https:\/\/hoyre.no\/hamar\/"},{"@type":"ListItem","position":3,"name":"Et politisk sykehuskompromiss kan koste mer enn optimistiske spareplaner p\u00e5 papiret"}]},{"@type":"WebSite","@id":"https:\/\/hoyre.no\/hamar\/#website","url":"https:\/\/hoyre.no\/hamar\/","name":"Hamar H\u00f8yre","description":"Bare enda et H\u00f8yres nettsteder-nettsted","inLanguage":"nb-NO"},{"@type":"Person","@id":"https:\/\/hoyre.no\/hamar\/#\/schema\/person\/f426db50d519cd8ef1a2dbda5d28ad52","name":"Thomas Berg Olsen","image":{"@type":"ImageObject","inLanguage":"nb-NO","@id":"https:\/\/hoyre.no\/hamar\/#\/schema\/person\/image\/","url":"https:\/\/secure.gravatar.com\/avatar\/4891d64e8461e69959df48f19c5000294f8dcf136bad9b6de3e698b03a1f13da?s=96&d=mm&r=g","contentUrl":"https:\/\/secure.gravatar.com\/avatar\/4891d64e8461e69959df48f19c5000294f8dcf136bad9b6de3e698b03a1f13da?s=96&d=mm&r=g","caption":"Thomas Berg Olsen"},"url":"https:\/\/hoyre.no\/hamar\/aktuelt\/author\/m4078986\/"}]}},"distributor_meta":false,"distributor_terms":false,"distributor_media":false,"distributor_original_site_name":"Hamar H\u00f8yre","distributor_original_site_url":"https:\/\/hoyre.no\/hamar","push-errors":false,"_links":{"self":[{"href":"https:\/\/hoyre.no\/hamar\/wp-json\/wp\/v2\/posts\/207","targetHints":{"allow":["GET"]}}],"collection":[{"href":"https:\/\/hoyre.no\/hamar\/wp-json\/wp\/v2\/posts"}],"about":[{"href":"https:\/\/hoyre.no\/hamar\/wp-json\/wp\/v2\/types\/post"}],"author":[{"embeddable":true,"href":"https:\/\/hoyre.no\/hamar\/wp-json\/wp\/v2\/users\/15076"}],"replies":[{"embeddable":true,"href":"https:\/\/hoyre.no\/hamar\/wp-json\/wp\/v2\/comments?post=207"}],"version-history":[{"count":4,"href":"https:\/\/hoyre.no\/hamar\/wp-json\/wp\/v2\/posts\/207\/revisions"}],"predecessor-version":[{"id":212,"href":"https:\/\/hoyre.no\/hamar\/wp-json\/wp\/v2\/posts\/207\/revisions\/212"}],"wp:attachment":[{"href":"https:\/\/hoyre.no\/hamar\/wp-json\/wp\/v2\/media?parent=207"}],"wp:term":[{"taxonomy":"category","embeddable":true,"href":"https:\/\/hoyre.no\/hamar\/wp-json\/wp\/v2\/category?post=207"},{"taxonomy":"post_tag","embeddable":true,"href":"https:\/\/hoyre.no\/hamar\/wp-json\/wp\/v2\/post_tag?post=207"},{"taxonomy":"hoyre-visibility","embeddable":true,"href":"https:\/\/hoyre.no\/hamar\/wp-json\/wp\/v2\/hoyre-visibility?post=207"},{"taxonomy":"article-type","embeddable":true,"href":"https:\/\/hoyre.no\/hamar\/wp-json\/wp\/v2\/article-type?post=207"},{"taxonomy":"politician","embeddable":true,"href":"https:\/\/hoyre.no\/hamar\/wp-json\/wp\/v2\/politician?post=207"}],"curies":[{"name":"wp","href":"https:\/\/api.w.org\/{rel}","templated":true}]}}