{"id":25,"date":"2016-12-20T23:00:00","date_gmt":"2016-12-20T22:00:00","guid":{"rendered":"https:\/\/hoyre.no\/hamar\/aktuelt\/budsjettalen-21-dese\/"},"modified":"2016-12-20T23:00:00","modified_gmt":"2016-12-20T22:00:00","slug":"budsjettalen-21-dese","status":"publish","type":"post","link":"https:\/\/hoyre.no\/hamar\/aktuelt\/budsjettalen-21-dese\/","title":{"rendered":"Budsjettalen 21. desember 2016"},"content":{"rendered":"<p class=\"preamble\">Budsjettet vi legger frem for kommunestyret i dag, er et godt styringsdokument, med gode l\u00f8sninger for vekst og velferd.<\/p>\t\t\t<div class=\"post-meta wp-block teft-byline-wrapper\">\n\t\t\t\t<div class=\"top\">\n\t\t\t\t\t<div class=\"signature\">\n\t\t\t\t\t\t<div class=\"teft-byline\">\n\t\t\t\t\t\t\t\t\t\t\t\t\t\t<div>\n\t\t\t\t\t\t\t\t<h3>H\u00f8yres redaksjon<\/h3>\t\t\t\t\t\t\t\t\n\t\t\t\t\t\t\t\t\t\t\t\t\t\t\t\t\t<span class=\"date\">Sist oppdatert: 20. desember 2016<\/span>\n\t\t\t\t\t\t\t\t\t\t\t\t\t\t\t\t\t\t\t\t\t\t\t\t\t<span class=\"reading-time\" itemprop=\"timeRequired\" content=\"PT5M\"><em>Ca. 5 minutter lesetid<\/em><\/span>\n\t\t\t\t\t\t\t\t\t\t\t\t\t\t\t<\/div>\n\t\t\t\t\t\t<\/div>\n\t\t\t\t\t<\/div>\n\t\t\t\t\t\t<div class=\"sharing\">\n\t\t<a class=\"share-button share-link copy-link\" data-copy=\"https:\/\/hoyre.no\/hamar\/aktuelt\/budsjettalen-21-dese\/\" target=\"_blank\"><span class=\"screen-reader-text\">Del link<\/span><\/a>\n\t\t<a class=\"share-button share-twitter\" href=\"http:\/\/twitter.com\/share?text=Budsjettalen 21. desember 2016&#038;url=https:\/\/hoyre.no\/hamar\/aktuelt\/budsjettalen-21-dese\/&#038;hashtags=Hoyre\" target=\"_blank\"><span class=\"screen-reader-text\">Del p\u00e5 twitter<\/span><\/a>\n\t\t<a class=\"share-button share-facebook\" href=\"https:\/\/www.facebook.com\/sharer\/sharer.php?u=https:\/\/hoyre.no\/hamar\/aktuelt\/budsjettalen-21-dese\/\" target=\"_blank\"><span class=\"screen-reader-text\">Del p\u00e5 facebook<\/span><\/a>\n\t<\/div>\n\t\t\t\t\t<\/div>\n\t\t\t<\/div>\n\n\t\t\t<figure class=\"hoyre-image-wrapper\"><div class=\"hoyre-image\"><img loading=\"lazy\" decoding=\"async\" width=\"1920\" height=\"2560\" src=\"https:\/\/hoyre.no\/content\/uploads\/sites\/76\/2020\/11\/image2-kopi-scaled.jpg\" class=\"attachment-scaled size-scaled\" alt=\"\" style=\"object-position: 50% 50%\" srcset=\"https:\/\/hoyre.no\/content\/uploads\/sites\/76\/2020\/11\/image2-kopi-scaled.jpg 1920w, https:\/\/hoyre.no\/content\/uploads\/sites\/76\/2020\/11\/image2-kopi-225x300.jpg 225w, https:\/\/hoyre.no\/content\/uploads\/sites\/76\/2020\/11\/image2-kopi-768x1024.jpg 768w, https:\/\/hoyre.no\/content\/uploads\/sites\/76\/2020\/11\/image2-kopi-1152x1536.jpg 1152w, https:\/\/hoyre.no\/content\/uploads\/sites\/76\/2020\/11\/image2-kopi-1536x2048.jpg 1536w\" sizes=\"auto, (max-width: 1920px) 100vw, 1920px\" \/><\/div><\/figure><div id=\"hoyre-old-article-content-wrapper\"><p><strong>Ordf\u00f8rer, kommunestyre,<\/strong><\/p><p>Vi lever i en god tid i v\u00e5r del av verden og i v\u00e5r del av landet. Vi har mennesker som har sett muligheter og handlet til det beste for fellesskapet. Det har gitt resultater og tatt oss dit vi er i dag. Slik skal vi m\u00f8te framtiden. Vi opplever en gledelig vekst i befolkningen \u2013 de investeringene vi har gjort i velferd, skole og omsorg gir n\u00e5 uttelling. Hamar er byen folk utenfor Innlandet n\u00e5 snakker om, og flytter til. <\/p><p>R\u00e5dmannen har lagt fram et <i>godt <\/i>budsjett for 2017 \u2013 et budsjett for ansvarlig vekst. Det er godt forankret i de politiske styringssignalene posisjonen har gitt, og det har gitt <i>oss <\/i>som sitter med ansvaret et bra utgangspunkt. N\u00e5r kommunestyret vedtar budsjettet for Hamar kommune, vedtar vi strategien for hvordan vi skal utvikle et samfunn med mangfold, muligheter og omsorg. Gjennom budsjettet velger vi hvordan vi forvalter verdiene v\u00e5re best for fellesskapet og for hver av v\u00e5re 30 000 innbyggere.<\/p><p><br \/><\/p><p><strong>Justere kursen<\/strong><\/p><p>Vekst er positivt, men krevende. Vi blir mer internasjonale og vi lever lengre. Begge deler er ubetinget bra. Men slik samfunnet og demografien er i endring, m\u00e5 ogs\u00e5 vi tilpasse oss. Hamar kommune er en profesjonell organisasjon og vi leverer gode tjenester. Vi skal alltid strekke oss mot \u00e5 bli bedre, et system blir aldri godt nok for alle, men vi er godt i spor. For flertallspartiene handler dette budsjettet mest av alt om \u00e5 justere kursen for \u00e5 h\u00e5ndtere veksten og for \u00e5 bevare og tilpasse velferden. Det er god grunn til \u00e5 takke alle ansatte i kommunen og de tillitsvalgte. <\/p><p>I dette budsjettet tar vi ned 35 millioner kroner, i tillegg til de 50 millionene som er tatt ned i 2016. Vi har gjort oss mindre avhengige av utbytte fra Eidsiva i driften, i f\u00f8rste omgang 20 millioner kroner. R\u00e5dmannens handlingsregel for 2 prosent netto driftsresultat, egenkapitalfinansiering av investeringer p\u00e5 20 prosent og 5 prosent av driftsinntektene er virkemidler for langsiktig og st\u00f8dig drift av kommunen.<\/p><p><br \/><\/p><p><font face=\"Arial\"><strong>En \u00f8konomi p\u00e5 feil spor<\/strong><\/font><\/p><p>H\u00f8yre gikk til valg p\u00e5 \u00e5 f\u00e5 orden i en \u00f8konomi som var p\u00e5 vei i ett spor, der lampene blinket r\u00f8dt. Vi trodde det skulle ta hele fire\u00e5rs-perioden \u00e5 bygge et \u00f8konomisk dobbeltspor med sikkerhetsnett, for \u00e5 f\u00e5 full fart i \u00f8konomien igjen. Det har vi klart p\u00e5 ett \u00e5r. Det er derfor gledelig at vi n\u00e5 kan senke eiendomsskatten, noe \u2013 en skatt som er sv\u00e6rt usosial og som  for mange oppleves som en dobbel-beskatning og en stor utgift p\u00e5 allerede store bo-utgifter.<\/p><p><br \/><\/p><p><strong>Sysselsetting og innbyggervekst<\/strong><\/p><p>Areal og transport henger sammen, det er l\u00e6resetningen. I det ligger ogs\u00e5 en tidslinje. Vi m\u00e5 opprettholde konkurransekraften v\u00e5r mens vi venter p\u00e5 de store kollektivsatsingene; gode kollektivsystem er en forutsetning for milj\u00f8et og for n\u00e5r vi bygger ut. E6 og Intercity, samt store investeringer i privat sektor gj\u00f8r at vi n\u00e5 opplever en stor befolkningsvekst. Sysselsetting i privat sektor \u00f8ker jevnt og spesielt gledelig er den siste nyheten om etableringen av EON Norway AS. Det setter Hamar i f\u00f8rersetet i oppbygging av nye fremtidsrettede arbeidsplasser og utdanning innen Virtual Augmented Reallity-teknologi. <\/p><p>Norsk arbeidsliv er i stor endring med sterk teknologisk utvikling og endringer i arbeidsformer og arbeidsinnhold. Vi er derfor sv\u00e6rt forn\u00f8yd med at vi n\u00e5 har p\u00e5 plass en ny arbeidsgiverpolitikk i kommunen. Det oppfatter vi har v\u00e6rt et savn fra ansatte og fagforeninger. Vi som arbeidsgivere klarer ikke \u00e5 lede godt uten en klar strategi og plan. S\u00e6rlig vil vi understreke at den nye arbeidsgiverpolitikken peker p\u00e5 behovet for innovasjon i offentlig sektor. Her mener vi det m\u00e5 v\u00e6re mye \u00e5 hente i form av \u00e5 oppfordre til \u00e5 tenke nytt og bli satt pris p\u00e5 for det. Ansatte som bidrar til en bedre kommune og bedre drift, b\u00f8r bel\u00f8nnes for det.<\/p><p><br \/><\/p><p><strong>Et godt statsbudsjett for Hamar<\/strong><\/p><p>2017 ligger an til \u00e5 bli et godt \u00e5r. Gode tider skal vi aldri ta lett p\u00e5. Vi skal utnytte handlingsrom, men alltid holde igjen. Situasjonen i resten av verden p\u00e5virker ogs\u00e5 v\u00e5r \u00f8konomi, og vil alltid bringe inn elementer av usikkerhet. Statsbudsjettet for 2017 er bra for Hamar og gir oss enda bedre grunnlag for \u00e5 styrke tidlig innsats i skolen og til helses\u00f8stre i skolen, for \u00e5 nevne noen. <\/p><p>Budsjettet for 2017 og handlingsplanen fram mot 2020 baserer seg p\u00e5 en ambisi\u00f8s plan med befolkningsvekst p\u00e5 rundt 1,5 % per \u00e5r, dvs. 450 nye Hamarsinger \u00e5rlig. Da er det viktig at kommuneplanen med sin arealplan tar det innover seg. Det blir neste \u00e5rs store politiske oppgave. Men tilflytting skjer fordi det er spennende arbeidsplasser, og derfor vil vi legge s\u00e6rlig legge vekt p\u00e5 arbeidet med ny Strategisk N\u00e6ringsplan. N\u00e6ringslivet skal merke at dette har blitt en JA-kommune, der kommunen skal ivareta sin rolle som tilrettelegger. Vekst i privat sektor og privat sysselsetting er avgj\u00f8rende for at Hamar skal n\u00e5 sine m\u00e5l for befolknings- og byutvikling, samt \u00f8konomiske m\u00e5l for kommunen. <\/p><p>Budsjettet vi legger frem for kommunestyret i dag, er et godt styringsdokument, med gode l\u00f8sninger for vekst og velferd. Jeg \u00f8nsker kommunestyret lykke til med dagens debatt.<\/p><p><br \/><\/p><p>Jane Meyer<\/p><p>Gruppeleder Hamar H\u00f8yre<\/p><p><br \/><\/p><\/div>\n<div class=\"tags\">\n\t<\/div>\n<div class=\"post-footer alignfull has-background block-editor-block-list__block\" data-align=full>\n\t<div class=\"post-footer-inner\">\n\t\t<h3>Relaterte artikler<\/h3>\n\t\t<div class=\"related-content\"><div class=\"is-card-hoyre\">\n\t<div class=\"teft-card hoyre-teft-card post-teft-card\">\n\t\t<a href=\"https:\/\/hoyre.no\/hamar\/aktuelt\/maren-er-ny-leder-av-kvinneforum\/\" class=\"teft-card__primary-action\">\n\n\t\t\t\t\t<div class=\"teft-card__media teft-card__media--16-9\">\n\t\t\t\t\t\t<img loading=\"lazy\" decoding=\"async\" width=\"768\" height=\"766\" src=\"https:\/\/hoyre.no\/content\/uploads\/sites\/76\/2026\/01\/image1-768x766.jpeg\" class=\"attachment-medium_large size-medium_large\" alt=\"\" srcset=\"https:\/\/hoyre.no\/content\/uploads\/sites\/76\/2026\/01\/image1-768x766.jpeg 768w, https:\/\/hoyre.no\/content\/uploads\/sites\/76\/2026\/01\/image1-300x300.jpeg 300w, https:\/\/hoyre.no\/content\/uploads\/sites\/76\/2026\/01\/image1-150x150.jpeg 150w, https:\/\/hoyre.no\/content\/uploads\/sites\/76\/2026\/01\/image1.jpeg 960w\" sizes=\"auto, (max-width: 768px) 100vw, 768px\" \/>\t\t<\/div>\n\t\t\n\t\t\t<div class=\"teft-card__content-wrapper\">\n\t\t\t\t<div class=\"teft-card__secondary\">\n\t\t\t\t\t\n\t\t\t\t\t\t\t\t<div class=\"teft-card__meta\">\n\t\t\t\t\t\t\t\t\t<span class=\"post-date\">11. jan 2026<\/span>\n\n\t\t\t\t\t\t\t\t\t<span class=\"post-category\">Kvinneforum<\/span>\t\t\t\t\t\t\t\t<\/div>\n\t\t\t\t\t\t\t\t\t\t\t<\/div>\n\n\t\t\t\t<div class=\"teft-card__primary\">\n\t\t\t\t\t<h2 class=\"teft-card__title\">Maren er ny leder av kvinneforum&nbsp;<span class=\"teft-card__primary-title-append\"><\/span><\/h2>\t\t\t\t<\/div>\n\t\t\t<\/div>\n\t\t<\/a>\n\t<\/div>\n\n\t<\/div><div class=\"is-card-hoyre\">\n\t<div class=\"teft-card hoyre-teft-card post-teft-card\">\n\t\t<a href=\"https:\/\/hoyre.no\/hamar\/aktuelt\/noen-ma-vaere-forst-med-a-avvikle-fylkeskommunen\/\" class=\"teft-card__primary-action\">\n\n\t\t\t\t\t<div class=\"teft-card__media teft-card__media--16-9\">\n\t\t\t\t\t\t<img loading=\"lazy\" decoding=\"async\" width=\"768\" height=\"512\" src=\"https:\/\/hoyre.no\/content\/uploads\/sites\/76\/2022\/09\/hamar-768x512.jpg\" class=\"attachment-medium_large size-medium_large\" alt=\"Hamar\" srcset=\"https:\/\/hoyre.no\/content\/uploads\/sites\/76\/2022\/09\/hamar-768x512.jpg 768w, https:\/\/hoyre.no\/content\/uploads\/sites\/76\/2022\/09\/hamar-300x200.jpg 300w, https:\/\/hoyre.no\/content\/uploads\/sites\/76\/2022\/09\/hamar-1024x683.jpg 1024w, https:\/\/hoyre.no\/content\/uploads\/sites\/76\/2022\/09\/hamar-1536x1024.jpg 1536w, https:\/\/hoyre.no\/content\/uploads\/sites\/76\/2022\/09\/hamar-2048x1365.jpg 2048w\" sizes=\"auto, (max-width: 768px) 100vw, 768px\" \/>\t\t<\/div>\n\t\t\n\t\t\t<div class=\"teft-card__content-wrapper\">\n\t\t\t\t<div class=\"teft-card__secondary\">\n\t\t\t\t\t\n\t\t\t\t\t\t\t\t<div class=\"teft-card__meta\">\n\t\t\t\t\t\t\t\t\t<span class=\"post-date\">10. jan 2026<\/span>\n\n\t\t\t\t\t\t\t\t\t<span class=\"post-category\">Fylkeskommunen<\/span>\t\t\t\t\t\t\t\t<\/div>\n\t\t\t\t\t\t\t\t\t\t\t<\/div>\n\n\t\t\t\t<div class=\"teft-card__primary\">\n\t\t\t\t\t<h2 class=\"teft-card__title\">Noen m\u00e5 v\u00e6re f\u00f8rst med \u00e5 avvikle fylkeskommunen&nbsp;<span class=\"teft-card__primary-title-append\"><\/span><\/h2>\t\t\t\t<\/div>\n\t\t\t<\/div>\n\t\t<\/a>\n\t<\/div>\n\n\t<\/div><div class=\"is-card-hoyre\">\n\t<div class=\"teft-card hoyre-teft-card post-teft-card\">\n\t\t<a href=\"https:\/\/hoyre.no\/hamar\/aktuelt\/anna-og-yngve-pa-topp-for-hedmark\/\" class=\"teft-card__primary-action\">\n\n\t\t\t\t\t<div class=\"teft-card__media teft-card__media--16-9\">\n\t\t\t\t\t\t<img loading=\"lazy\" decoding=\"async\" width=\"768\" height=\"635\" src=\"https:\/\/hoyre.no\/content\/uploads\/sites\/76\/2024\/11\/Skjermbilde-2024-11-16-kl.-18.28.51-768x635.png\" class=\"attachment-medium_large size-medium_large\" alt=\"\" srcset=\"https:\/\/hoyre.no\/content\/uploads\/sites\/76\/2024\/11\/Skjermbilde-2024-11-16-kl.-18.28.51-768x635.png 768w, https:\/\/hoyre.no\/content\/uploads\/sites\/76\/2024\/11\/Skjermbilde-2024-11-16-kl.-18.28.51-300x248.png 300w, https:\/\/hoyre.no\/content\/uploads\/sites\/76\/2024\/11\/Skjermbilde-2024-11-16-kl.-18.28.51.png 882w\" sizes=\"auto, (max-width: 768px) 100vw, 768px\" \/>\t\t<\/div>\n\t\t\n\t\t\t<div class=\"teft-card__content-wrapper\">\n\t\t\t\t<div class=\"teft-card__secondary\">\n\t\t\t\t\t\n\t\t\t\t\t\t\t\t<div class=\"teft-card__meta\">\n\t\t\t\t\t\t\t\t\t<span class=\"post-date\">16. nov 2024<\/span>\n\n\t\t\t\t\t\t\t\t\t<span class=\"post-category\">Stortingsvalg<\/span>\t\t\t\t\t\t\t\t<\/div>\n\t\t\t\t\t\t\t\t\t\t\t<\/div>\n\n\t\t\t\t<div class=\"teft-card__primary\">\n\t\t\t\t\t<h2 class=\"teft-card__title\">Anna og Yngve p\u00e5 topp for Hedmark!&nbsp;<span class=\"teft-card__primary-title-append\"><\/span><\/h2>\t\t\t\t<\/div>\n\t\t\t<\/div>\n\t\t<\/a>\n\t<\/div>\n\n\t<\/div><\/div>\t<\/div>\n<\/div>\n","protected":false},"excerpt":{"rendered":"","protected":false},"author":0,"featured_media":0,"comment_status":"closed","ping_status":"closed","sticky":false,"template":"","format":"standard","meta":{"teft_cards_image_url":"https:\/\/hoyre.no\/content\/uploads\/sites\/76\/2020\/11\/image2-kopi-scaled.jpg","teft_cards_custom_pretitle":"","teft_cards_image_id":24,"teft_cards_image_focal_point_x":0,"teft_cards_image_focal_point_y":0,"teft_cards_title":"","teft_cards_excerpt":"","teft_show_chapters":false,"author_display_name":"Gruppeleder Jane Meyer","footnotes":""},"category":[1],"post_tag":[],"hoyre-visibility":[],"article-type":[],"politician":[],"class_list":["post-25","post","type-post","status-publish","format-standard","hentry","category-ukategorisert"],"yoast_head":"<!-- This site is optimized with the Yoast SEO plugin v26.6 - https:\/\/yoast.com\/wordpress\/plugins\/seo\/ -->\n<title>Budsjettalen 21. desember 2016 - Hamar H\u00f8yre<\/title>\n<meta name=\"robots\" content=\"index, follow, max-snippet:-1, max-image-preview:large, max-video-preview:-1\" \/>\n<link rel=\"canonical\" href=\"https:\/\/hoyre.no\/hamar\/aktuelt\/budsjettalen-21-dese\/\" \/>\n<meta property=\"og:locale\" content=\"nb_NO\" \/>\n<meta property=\"og:type\" content=\"article\" \/>\n<meta property=\"og:title\" content=\"Budsjettalen 21. desember 2016 - Hamar H\u00f8yre\" \/>\n<meta property=\"og:url\" content=\"https:\/\/hoyre.no\/hamar\/aktuelt\/budsjettalen-21-dese\/\" \/>\n<meta property=\"og:site_name\" content=\"Hamar H\u00f8yre\" \/>\n<meta property=\"article:published_time\" content=\"2016-12-20T22:00:00+00:00\" \/>\n<meta property=\"og:image\" content=\"https:\/\/hoyre.no\/content\/uploads\/sites\/76\/2023\/07\/Jane-2-1024x683.jpg\" \/>\n<meta name=\"twitter:card\" content=\"summary_large_image\" \/>\n<meta name=\"twitter:label1\" content=\"Ansl. lesetid\" \/>\n\t<meta name=\"twitter:data1\" content=\"4 minutter\" \/>\n<script type=\"application\/ld+json\" class=\"yoast-schema-graph\">{\"@context\":\"https:\/\/schema.org\",\"@graph\":[{\"@type\":\"NewsArticle\",\"@id\":\"https:\/\/hoyre.no\/hamar\/aktuelt\/budsjettalen-21-dese\/\",\"url\":\"https:\/\/hoyre.no\/hamar\/aktuelt\/budsjettalen-21-dese\/\",\"name\":\"Budsjettalen 21. desember 2016 - Hamar H\u00f8yre\",\"isPartOf\":{\"@id\":\"https:\/\/hoyre.no\/hamar\/#website\"},\"datePublished\":\"2016-12-20T22:00:00+00:00\",\"author\":{\"@id\":\"\"},\"breadcrumb\":{\"@id\":\"https:\/\/hoyre.no\/hamar\/aktuelt\/budsjettalen-21-dese\/#breadcrumb\"},\"inLanguage\":\"nb-NO\",\"potentialAction\":[{\"@type\":\"ReadAction\",\"target\":[\"https:\/\/hoyre.no\/hamar\/aktuelt\/budsjettalen-21-dese\/\"]}]},{\"@type\":\"BreadcrumbList\",\"@id\":\"https:\/\/hoyre.no\/hamar\/aktuelt\/budsjettalen-21-dese\/#breadcrumb\",\"itemListElement\":[{\"@type\":\"ListItem\",\"position\":1,\"name\":\"Til hoyre.no\",\"item\":\"https:\/\/hoyre.no\"},{\"@type\":\"ListItem\",\"position\":2,\"name\":\"Hjem\",\"item\":\"https:\/\/hoyre.no\/hamar\/\"},{\"@type\":\"ListItem\",\"position\":3,\"name\":\"Budsjettalen 21. desember 2016\"}]},{\"@type\":\"WebSite\",\"@id\":\"https:\/\/hoyre.no\/hamar\/#website\",\"url\":\"https:\/\/hoyre.no\/hamar\/\",\"name\":\"Hamar H\u00f8yre\",\"description\":\"Bare enda et H\u00f8yres nettsteder-nettsted\",\"inLanguage\":\"nb-NO\"}]}<\/script>\n<!-- \/ Yoast SEO plugin. -->","yoast_head_json":{"title":"Budsjettalen 21. desember 2016 - Hamar H\u00f8yre","robots":{"index":"index","follow":"follow","max-snippet":"max-snippet:-1","max-image-preview":"max-image-preview:large","max-video-preview":"max-video-preview:-1"},"canonical":"https:\/\/hoyre.no\/hamar\/aktuelt\/budsjettalen-21-dese\/","og_locale":"nb_NO","og_type":"article","og_title":"Budsjettalen 21. desember 2016 - Hamar H\u00f8yre","og_url":"https:\/\/hoyre.no\/hamar\/aktuelt\/budsjettalen-21-dese\/","og_site_name":"Hamar H\u00f8yre","article_published_time":"2016-12-20T22:00:00+00:00","og_image":[{"url":"https:\/\/hoyre.no\/content\/uploads\/sites\/76\/2023\/07\/Jane-2-1024x683.jpg","width":"","height":"","type":""}],"twitter_card":"summary_large_image","twitter_misc":{"Ansl. lesetid":"4 minutter"},"schema":{"@context":"https:\/\/schema.org","@graph":[{"@type":"NewsArticle","@id":"https:\/\/hoyre.no\/hamar\/aktuelt\/budsjettalen-21-dese\/","url":"https:\/\/hoyre.no\/hamar\/aktuelt\/budsjettalen-21-dese\/","name":"Budsjettalen 21. desember 2016 - Hamar H\u00f8yre","isPartOf":{"@id":"https:\/\/hoyre.no\/hamar\/#website"},"datePublished":"2016-12-20T22:00:00+00:00","author":{"@id":""},"breadcrumb":{"@id":"https:\/\/hoyre.no\/hamar\/aktuelt\/budsjettalen-21-dese\/#breadcrumb"},"inLanguage":"nb-NO","potentialAction":[{"@type":"ReadAction","target":["https:\/\/hoyre.no\/hamar\/aktuelt\/budsjettalen-21-dese\/"]}]},{"@type":"BreadcrumbList","@id":"https:\/\/hoyre.no\/hamar\/aktuelt\/budsjettalen-21-dese\/#breadcrumb","itemListElement":[{"@type":"ListItem","position":1,"name":"Til hoyre.no","item":"https:\/\/hoyre.no"},{"@type":"ListItem","position":2,"name":"Hjem","item":"https:\/\/hoyre.no\/hamar\/"},{"@type":"ListItem","position":3,"name":"Budsjettalen 21. desember 2016"}]},{"@type":"WebSite","@id":"https:\/\/hoyre.no\/hamar\/#website","url":"https:\/\/hoyre.no\/hamar\/","name":"Hamar H\u00f8yre","description":"Bare enda et H\u00f8yres nettsteder-nettsted","inLanguage":"nb-NO"}]}},"distributor_meta":false,"distributor_terms":false,"distributor_media":false,"distributor_original_site_name":"Hamar H\u00f8yre","distributor_original_site_url":"https:\/\/hoyre.no\/hamar","push-errors":false,"_links":{"self":[{"href":"https:\/\/hoyre.no\/hamar\/wp-json\/wp\/v2\/posts\/25","targetHints":{"allow":["GET"]}}],"collection":[{"href":"https:\/\/hoyre.no\/hamar\/wp-json\/wp\/v2\/posts"}],"about":[{"href":"https:\/\/hoyre.no\/hamar\/wp-json\/wp\/v2\/types\/post"}],"replies":[{"embeddable":true,"href":"https:\/\/hoyre.no\/hamar\/wp-json\/wp\/v2\/comments?post=25"}],"version-history":[{"count":0,"href":"https:\/\/hoyre.no\/hamar\/wp-json\/wp\/v2\/posts\/25\/revisions"}],"wp:attachment":[{"href":"https:\/\/hoyre.no\/hamar\/wp-json\/wp\/v2\/media?parent=25"}],"wp:term":[{"taxonomy":"category","embeddable":true,"href":"https:\/\/hoyre.no\/hamar\/wp-json\/wp\/v2\/category?post=25"},{"taxonomy":"post_tag","embeddable":true,"href":"https:\/\/hoyre.no\/hamar\/wp-json\/wp\/v2\/post_tag?post=25"},{"taxonomy":"hoyre-visibility","embeddable":true,"href":"https:\/\/hoyre.no\/hamar\/wp-json\/wp\/v2\/hoyre-visibility?post=25"},{"taxonomy":"article-type","embeddable":true,"href":"https:\/\/hoyre.no\/hamar\/wp-json\/wp\/v2\/article-type?post=25"},{"taxonomy":"politician","embeddable":true,"href":"https:\/\/hoyre.no\/hamar\/wp-json\/wp\/v2\/politician?post=25"}],"curies":[{"name":"wp","href":"https:\/\/api.w.org\/{rel}","templated":true}]}}