{"id":345,"date":"2024-02-06T20:37:13","date_gmt":"2024-02-06T19:37:13","guid":{"rendered":"https:\/\/hoyre.no\/hamar\/?p=345"},"modified":"2024-02-06T22:11:29","modified_gmt":"2024-02-06T21:11:29","slug":"arsmote-i-innlandet-hoyre","status":"publish","type":"post","link":"https:\/\/hoyre.no\/hamar\/aktuelt\/arsmote-i-innlandet-hoyre\/","title":{"rendered":"\u00c5rsm\u00f8te i Innlandet H\u00f8yre"},"content":{"rendered":"\n<p class=\"preamble\"><strong>3.-4. februar avholdt Innlandet H\u00f8yre \u00e5rsm\u00f8te p\u00e5 Scandic Hamar. Med 15 delegater var Hamar godt representert b\u00e5de p\u00e5 innsendte resolusjoner og gjennom deltakelse i debatten.<\/strong><\/p>\t\t\t<div class=\"post-meta wp-block teft-byline-wrapper\">\n\t\t\t\t<div class=\"top\">\n\t\t\t\t\t<div class=\"signature\">\n\t\t\t\t\t\t<div class=\"teft-byline\">\n\t\t\t\t\t\t\t\t\t\t\t\t\t\t<div>\n\t\t\t\t\t\t\t\t<h3>H\u00f8yres redaksjon<\/h3>\t\t\t\t\t\t\t\t\n\t\t\t\t\t\t\t\t\t\t\t\t\t\t\t\t\t<span class=\"date\">Sist oppdatert: 6. februar 2024<\/span>\n\t\t\t\t\t\t\t\t\t\t\t\t\t\t\t\t\t\t\t\t\t\t\t\t\t<span class=\"reading-time\" itemprop=\"timeRequired\" content=\"PT3M\"><em>Ca. 3 minutter lesetid<\/em><\/span>\n\t\t\t\t\t\t\t\t\t\t\t\t\t\t\t<\/div>\n\t\t\t\t\t\t<\/div>\n\t\t\t\t\t<\/div>\n\t\t\t\t\t\t<div class=\"sharing\">\n\t\t<a class=\"share-button share-link copy-link\" data-copy=\"https:\/\/hoyre.no\/hamar\/aktuelt\/arsmote-i-innlandet-hoyre\/\" target=\"_blank\"><span class=\"screen-reader-text\">Del link<\/span><\/a>\n\t\t<a class=\"share-button share-twitter\" href=\"http:\/\/twitter.com\/share?text=\u00c5rsm\u00f8te i Innlandet H\u00f8yre&#038;url=https:\/\/hoyre.no\/hamar\/aktuelt\/arsmote-i-innlandet-hoyre\/&#038;hashtags=Hoyre\" target=\"_blank\"><span class=\"screen-reader-text\">Del p\u00e5 twitter<\/span><\/a>\n\t\t<a class=\"share-button share-facebook\" href=\"https:\/\/www.facebook.com\/sharer\/sharer.php?u=https:\/\/hoyre.no\/hamar\/aktuelt\/arsmote-i-innlandet-hoyre\/\" target=\"_blank\"><span class=\"screen-reader-text\">Del p\u00e5 facebook<\/span><\/a>\n\t<\/div>\n\t\t\t\t\t<\/div>\n\t\t\t<\/div>\n\n\t\t\t<figure class=\"hoyre-image-wrapper\"><div class=\"hoyre-image\"><img loading=\"lazy\" decoding=\"async\" width=\"2500\" height=\"1776\" src=\"https:\/\/hoyre.no\/content\/uploads\/sites\/76\/2024\/02\/unnamed-scaled.jpg\" class=\"attachment-scaled size-scaled\" alt=\"\" style=\"object-position: 50% 50%\" srcset=\"https:\/\/hoyre.no\/content\/uploads\/sites\/76\/2024\/02\/unnamed-scaled.jpg 2500w, https:\/\/hoyre.no\/content\/uploads\/sites\/76\/2024\/02\/unnamed-300x213.jpg 300w, https:\/\/hoyre.no\/content\/uploads\/sites\/76\/2024\/02\/unnamed-1024x728.jpg 1024w, https:\/\/hoyre.no\/content\/uploads\/sites\/76\/2024\/02\/unnamed-768x546.jpg 768w, https:\/\/hoyre.no\/content\/uploads\/sites\/76\/2024\/02\/unnamed-1536x1091.jpg 1536w, https:\/\/hoyre.no\/content\/uploads\/sites\/76\/2024\/02\/unnamed-2048x1455.jpg 2048w\" sizes=\"auto, (max-width: 2500px) 100vw, 2500px\" \/><\/div><figcaption class=\"caption\"><strong>BL\u00c5 DELEGASJON:<\/strong> Delegasjonen fra Hamar H\u00f8yre gj\u00f8r seg klar til \u00e5 farge Innlandet bl\u00e5tt ogs\u00e5 i neste valg.<\/figcaption><\/figure>\n\n\n\n<p class=\"is-style-large\"><strong>Jane valgt inn i sentralstyre<\/strong><\/p>\n\n\n<div class=\"wp-block-image\">\n<figure class=\"alignright size-large is-resized\"><img loading=\"lazy\" decoding=\"async\" src=\"https:\/\/hoyre.no\/content\/uploads\/sites\/76\/2024\/02\/IMG_4828-768x1024.jpg\" alt=\"\" class=\"wp-image-348\" style=\"width:280px;height:373px\" width=\"280\" height=\"373\" srcset=\"https:\/\/hoyre.no\/content\/uploads\/sites\/76\/2024\/02\/IMG_4828-768x1024.jpg 768w, https:\/\/hoyre.no\/content\/uploads\/sites\/76\/2024\/02\/IMG_4828-225x300.jpg 225w, https:\/\/hoyre.no\/content\/uploads\/sites\/76\/2024\/02\/IMG_4828-1152x1536.jpg 1152w, https:\/\/hoyre.no\/content\/uploads\/sites\/76\/2024\/02\/IMG_4828-1536x2048.jpg 1536w, https:\/\/hoyre.no\/content\/uploads\/sites\/76\/2024\/02\/IMG_4828-scaled.jpg 1875w\" sizes=\"auto, (max-width: 280px) 100vw, 280px\" \/><figcaption class=\"wp-element-caption\">Jane \u00f8nsker Innlandet H\u00f8yre velkommen til Hamar<\/figcaption><\/figure><\/div>\n\n\n<p>Etter to \u00e5r som leder for Innlandet H\u00f8yre takket Magne S\u00f8rby for seg. Hanne Altstrup Velure ble valgt som ny leder. Med seg i ledertrioen fikk hun Jane Meyer fra Hamar og Yngre S\u00e6tre fra Elverum.<\/p>\n\n\n\n<p>\u2013 Det er veldig g\u00f8y at \u00e5rsm\u00f8te har gitt meg denne tillitten. Inn mot stortingsvalget neste \u00e5r er det viktig at Innlandet jobber aktivt inn mot programkomiteen for \u00e5 f\u00e5 et tydelig Innlandsavtrykk p\u00e5 stortingsprogrammet. Jeg gleder meg til oppgavene som ligger foran oss og \u00e5 representere Innlandet fremover, sier nyvalgt 1. nestleder, Jane Meyer.<\/p>\n\n\n\n<p><strong>Arbeidsutvalget i Innlandet H\u00f8yre<\/strong><\/p>\n\n\n\n<ul class=\"wp-block-list\">\n<li>Hanne Alstrup Velure, leder (Lesja)<\/li>\n\n\n\n<li>Jane Meyer, 1. nestleder (Hamar)<\/li>\n\n\n\n<li>Yngve S\u00e6tre, 2. nestleder (Elverum)<\/li>\n\n\n\n<li>Elin Synn\u00f8ve Solberg, Leder kvinneforum (Vestre Toten)<\/li>\n\n\n\n<li>Ole Erik H\u00f8rstad, Medlem (\u00c5mot)<\/li>\n\n\n\n<li>Anne Marie Sveipe, Medlem (\u00d8yer)<\/li>\n\n\n\n<li>\u00d8yvind Randm\u00e6l-Warpe, Medlem (Kongsvinger)<\/li>\n<\/ul>\n\n\n\n<p><\/p>\n\n\n\n<p class=\"is-style-large\"><strong>Hamar p\u00e5 Innlandskartet<\/strong><\/p>\n\n\n\n<p>I l\u00f8pet av helgen var Hamar sine delegater aktive bidragsytere fra talerstolen. Tematikken som fikk hamarsingene til \u00e5 lette p\u00e5 beina handlet om alt fra rekruttskole og landbruk, til hverdagen for mennesker med utviklingshemming, lokaldemokrati og kollektivtransport.<\/p>\n\n\n<div class=\"wp-block-image\">\n<figure class=\"alignright size-large is-resized\"><img loading=\"lazy\" decoding=\"async\" src=\"https:\/\/hoyre.no\/content\/uploads\/sites\/76\/2024\/02\/unnamed-1-768x1024.jpg\" alt=\"\" class=\"wp-image-352\" style=\"width:263px;height:351px\" width=\"263\" height=\"351\" srcset=\"https:\/\/hoyre.no\/content\/uploads\/sites\/76\/2024\/02\/unnamed-1-768x1024.jpg 768w, https:\/\/hoyre.no\/content\/uploads\/sites\/76\/2024\/02\/unnamed-1-225x300.jpg 225w, https:\/\/hoyre.no\/content\/uploads\/sites\/76\/2024\/02\/unnamed-1-1152x1536.jpg 1152w, https:\/\/hoyre.no\/content\/uploads\/sites\/76\/2024\/02\/unnamed-1-1536x2048.jpg 1536w, https:\/\/hoyre.no\/content\/uploads\/sites\/76\/2024\/02\/unnamed-1-scaled.jpg 1875w\" sizes=\"auto, (max-width: 263px) 100vw, 263px\" \/><figcaption class=\"wp-element-caption\">Thomas argumenterer for opprettelse av landbruksutvalg fra talerstolen<\/figcaption><\/figure><\/div>\n\n\n<p>\u2013 Jeg synes det er g\u00f8y \u00e5 se at Hamar fikk markert seg b\u00e5de fra talerstolen og gjennom at Jane ble valgt inn som 1. nestleder, sier Thomas Berg Olsen, lokallagsleder i Hamar.<\/p>\n\n\n\n<p>Under \u00e5rsm\u00f8te var en av dem som gikk p\u00e5 talerstolen Hamars Eirik Dahl. Han l\u00f8ftet opp tematikk rundt hverdagen for mennesker med utviklingshemming. Temaet engasjerte mange og skal f\u00f8lges opp videre av H\u00f8yre i Innlandet fremover.<\/p>\n\n\n\n<p>\u2013 Vi har f\u00e5tt markert hva Hamar H\u00f8yre mener er viktig for Hamar og Innlandet som region. Fremover vil vi jobbe inn mot programkomiteen for \u00e5 s\u00f8rge for at v\u00e5r region f\u00e5r et tydelig avtrykk i stortingsprogrammet for 2025-2029, avslutter Berg Olsen.<\/p>\n\n\n\n<p><\/p>\n\n\n\n<p class=\"is-style-large\"><strong>Nye \u00e6resmedlemmer<\/strong><\/p>\n\n\n\n<p>4. februar 2024 vil st\u00e5 igjen som en merkedag for Innlandet H\u00f8yre. Ikke bare ble ny politikk vedtatt, men ogs\u00e5 markering av nye \u00e6resmedlemmer av partiet. <\/p>\n\n\n\n<p>Med minnerike ord og til applaus fra mer enn 150 delegater og gjester mottok Elin Synn\u00f8ve Solberg og Hamars egen Knut Fangberget det synlige beviset for lang og tro tjeneste. Avtroppende leder for Innlandet H\u00f8yre, Magne S\u00f8rby, sa det best &#8211; noen gir seg aldri. <\/p>\n\n\n\n<p>Vi gratulerer og takker s\u00e5 mye for all jobben som har blitt lagt ned.<\/p>\n\n\n\n<p>Psst! Hamar Arbeiderblad har ogs\u00e5 omtalt \u00e6resmedlemskapet. Les mer om dette <a href=\"https:\/\/www.h-a.no\/sondagen-startet-med-en-overraskelse-for-knut-dette-hadde-jeg-ikke-sett-for-meg\/s\/5-139-1412392\">her<\/a>.<\/p>\n\n\n\n<p><\/p>\n\n\n\n\n<p><\/p>\n\n\n<div class=\"tags\">\n\t<\/div>\n<div class=\"post-footer alignfull has-background block-editor-block-list__block\" data-align=full>\n\t<div class=\"post-footer-inner\">\n\t\t<h3>Relaterte artikler<\/h3>\n\t\t<div class=\"related-content\"><div class=\"is-card-hoyre\">\n\t<div class=\"teft-card hoyre-teft-card post-teft-card\">\n\t\t<a href=\"https:\/\/hoyre.no\/hamar\/aktuelt\/maren-er-ny-leder-av-kvinneforum\/\" class=\"teft-card__primary-action\">\n\n\t\t\t\t\t<div class=\"teft-card__media teft-card__media--16-9\">\n\t\t\t\t\t\t<img loading=\"lazy\" decoding=\"async\" width=\"768\" height=\"766\" src=\"https:\/\/hoyre.no\/content\/uploads\/sites\/76\/2026\/01\/image1-768x766.jpeg\" class=\"attachment-medium_large size-medium_large\" alt=\"\" srcset=\"https:\/\/hoyre.no\/content\/uploads\/sites\/76\/2026\/01\/image1-768x766.jpeg 768w, https:\/\/hoyre.no\/content\/uploads\/sites\/76\/2026\/01\/image1-300x300.jpeg 300w, https:\/\/hoyre.no\/content\/uploads\/sites\/76\/2026\/01\/image1-150x150.jpeg 150w, https:\/\/hoyre.no\/content\/uploads\/sites\/76\/2026\/01\/image1.jpeg 960w\" sizes=\"auto, (max-width: 768px) 100vw, 768px\" \/>\t\t<\/div>\n\t\t\n\t\t\t<div class=\"teft-card__content-wrapper\">\n\t\t\t\t<div class=\"teft-card__secondary\">\n\t\t\t\t\t\n\t\t\t\t\t\t\t\t<div class=\"teft-card__meta\">\n\t\t\t\t\t\t\t\t\t<span class=\"post-date\">11. jan 2026<\/span>\n\n\t\t\t\t\t\t\t\t\t<span class=\"post-category\">Kvinneforum<\/span>\t\t\t\t\t\t\t\t<\/div>\n\t\t\t\t\t\t\t\t\t\t\t<\/div>\n\n\t\t\t\t<div class=\"teft-card__primary\">\n\t\t\t\t\t<h2 class=\"teft-card__title\">Maren er ny leder av kvinneforum&nbsp;<span class=\"teft-card__primary-title-append\"><\/span><\/h2>\t\t\t\t<\/div>\n\t\t\t<\/div>\n\t\t<\/a>\n\t<\/div>\n\n\t<\/div><div class=\"is-card-hoyre\">\n\t<div class=\"teft-card hoyre-teft-card post-teft-card\">\n\t\t<a href=\"https:\/\/hoyre.no\/hamar\/aktuelt\/noen-ma-vaere-forst-med-a-avvikle-fylkeskommunen\/\" class=\"teft-card__primary-action\">\n\n\t\t\t\t\t<div class=\"teft-card__media teft-card__media--16-9\">\n\t\t\t\t\t\t<img loading=\"lazy\" decoding=\"async\" width=\"768\" height=\"512\" src=\"https:\/\/hoyre.no\/content\/uploads\/sites\/76\/2022\/09\/hamar-768x512.jpg\" class=\"attachment-medium_large size-medium_large\" alt=\"Hamar\" srcset=\"https:\/\/hoyre.no\/content\/uploads\/sites\/76\/2022\/09\/hamar-768x512.jpg 768w, https:\/\/hoyre.no\/content\/uploads\/sites\/76\/2022\/09\/hamar-300x200.jpg 300w, https:\/\/hoyre.no\/content\/uploads\/sites\/76\/2022\/09\/hamar-1024x683.jpg 1024w, https:\/\/hoyre.no\/content\/uploads\/sites\/76\/2022\/09\/hamar-1536x1024.jpg 1536w, https:\/\/hoyre.no\/content\/uploads\/sites\/76\/2022\/09\/hamar-2048x1365.jpg 2048w\" sizes=\"auto, (max-width: 768px) 100vw, 768px\" \/>\t\t<\/div>\n\t\t\n\t\t\t<div class=\"teft-card__content-wrapper\">\n\t\t\t\t<div class=\"teft-card__secondary\">\n\t\t\t\t\t\n\t\t\t\t\t\t\t\t<div class=\"teft-card__meta\">\n\t\t\t\t\t\t\t\t\t<span class=\"post-date\">10. jan 2026<\/span>\n\n\t\t\t\t\t\t\t\t\t<span class=\"post-category\">Fylkeskommunen<\/span>\t\t\t\t\t\t\t\t<\/div>\n\t\t\t\t\t\t\t\t\t\t\t<\/div>\n\n\t\t\t\t<div class=\"teft-card__primary\">\n\t\t\t\t\t<h2 class=\"teft-card__title\">Noen m\u00e5 v\u00e6re f\u00f8rst med \u00e5 avvikle fylkeskommunen&nbsp;<span class=\"teft-card__primary-title-append\"><\/span><\/h2>\t\t\t\t<\/div>\n\t\t\t<\/div>\n\t\t<\/a>\n\t<\/div>\n\n\t<\/div><div class=\"is-card-hoyre\">\n\t<div class=\"teft-card hoyre-teft-card post-teft-card\">\n\t\t<a href=\"https:\/\/hoyre.no\/hamar\/aktuelt\/anna-og-yngve-pa-topp-for-hedmark\/\" class=\"teft-card__primary-action\">\n\n\t\t\t\t\t<div class=\"teft-card__media teft-card__media--16-9\">\n\t\t\t\t\t\t<img loading=\"lazy\" decoding=\"async\" width=\"768\" height=\"635\" src=\"https:\/\/hoyre.no\/content\/uploads\/sites\/76\/2024\/11\/Skjermbilde-2024-11-16-kl.-18.28.51-768x635.png\" class=\"attachment-medium_large size-medium_large\" alt=\"\" srcset=\"https:\/\/hoyre.no\/content\/uploads\/sites\/76\/2024\/11\/Skjermbilde-2024-11-16-kl.-18.28.51-768x635.png 768w, https:\/\/hoyre.no\/content\/uploads\/sites\/76\/2024\/11\/Skjermbilde-2024-11-16-kl.-18.28.51-300x248.png 300w, https:\/\/hoyre.no\/content\/uploads\/sites\/76\/2024\/11\/Skjermbilde-2024-11-16-kl.-18.28.51.png 882w\" sizes=\"auto, (max-width: 768px) 100vw, 768px\" \/>\t\t<\/div>\n\t\t\n\t\t\t<div class=\"teft-card__content-wrapper\">\n\t\t\t\t<div class=\"teft-card__secondary\">\n\t\t\t\t\t\n\t\t\t\t\t\t\t\t<div class=\"teft-card__meta\">\n\t\t\t\t\t\t\t\t\t<span class=\"post-date\">16. nov 2024<\/span>\n\n\t\t\t\t\t\t\t\t\t<span class=\"post-category\">Stortingsvalg<\/span>\t\t\t\t\t\t\t\t<\/div>\n\t\t\t\t\t\t\t\t\t\t\t<\/div>\n\n\t\t\t\t<div class=\"teft-card__primary\">\n\t\t\t\t\t<h2 class=\"teft-card__title\">Anna og Yngve p\u00e5 topp for Hedmark!&nbsp;<span class=\"teft-card__primary-title-append\"><\/span><\/h2>\t\t\t\t<\/div>\n\t\t\t<\/div>\n\t\t<\/a>\n\t<\/div>\n\n\t<\/div><\/div>\t<\/div>\n<\/div>\n\n\n","protected":false},"excerpt":{"rendered":"<p>Jane valgt inn i sentralstyre Etter to \u00e5r som leder for Innlandet H\u00f8yre takket Magne S\u00f8rby for seg. Hanne Altstrup Velure ble valgt som ny leder. Med seg i ledertrioen fikk hun Jane Meyer fra Hamar og Yngre S\u00e6tre fra Elverum. \u2013 Det er veldig g\u00f8y at \u00e5rsm\u00f8te har gitt meg denne tillitten. Inn mot [&hellip;]<\/p>\n","protected":false},"author":13942,"featured_media":0,"comment_status":"closed","ping_status":"closed","sticky":false,"template":"","format":"standard","meta":{"teft_cards_image_url":"","teft_cards_custom_pretitle":"","teft_cards_image_id":0,"teft_cards_image_focal_point_x":0,"teft_cards_image_focal_point_y":0,"teft_cards_title":"","teft_cards_excerpt":"","teft_show_chapters":false,"author_display_name":"","footnotes":""},"category":[1],"post_tag":[],"hoyre-visibility":[],"article-type":[],"politician":[],"class_list":["post-345","post","type-post","status-publish","format-standard","hentry","category-ukategorisert"],"yoast_head":"<!-- This site is optimized with the Yoast SEO plugin v26.6 - https:\/\/yoast.com\/wordpress\/plugins\/seo\/ -->\n<title>\u00c5rsm\u00f8te i Innlandet H\u00f8yre - Hamar H\u00f8yre<\/title>\n<meta name=\"robots\" content=\"index, follow, max-snippet:-1, max-image-preview:large, max-video-preview:-1\" \/>\n<link rel=\"canonical\" href=\"https:\/\/hoyre.no\/hamar\/aktuelt\/arsmote-i-innlandet-hoyre\/\" \/>\n<meta property=\"og:locale\" content=\"nb_NO\" \/>\n<meta property=\"og:type\" content=\"article\" \/>\n<meta property=\"og:title\" content=\"\u00c5rsm\u00f8te i Innlandet H\u00f8yre - Hamar H\u00f8yre\" \/>\n<meta property=\"og:description\" content=\"Jane valgt inn i sentralstyre Etter to \u00e5r som leder for Innlandet H\u00f8yre takket Magne S\u00f8rby for seg. Hanne Altstrup Velure ble valgt som ny leder. Med seg i ledertrioen fikk hun Jane Meyer fra Hamar og Yngre S\u00e6tre fra Elverum. \u2013 Det er veldig g\u00f8y at \u00e5rsm\u00f8te har gitt meg denne tillitten. Inn mot [&hellip;]\" \/>\n<meta property=\"og:url\" content=\"https:\/\/hoyre.no\/hamar\/aktuelt\/arsmote-i-innlandet-hoyre\/\" \/>\n<meta property=\"og:site_name\" content=\"Hamar H\u00f8yre\" \/>\n<meta property=\"article:published_time\" content=\"2024-02-06T19:37:13+00:00\" \/>\n<meta property=\"article:modified_time\" content=\"2024-02-06T21:11:29+00:00\" \/>\n<meta property=\"og:image\" content=\"https:\/\/hoyre.no\/content\/uploads\/sites\/76\/2023\/07\/Jane-2-1024x683.jpg\" \/>\n<meta name=\"author\" content=\"Fredrik Tonning\" \/>\n<meta name=\"twitter:card\" content=\"summary_large_image\" \/>\n<meta name=\"twitter:label1\" content=\"Skrevet av\" \/>\n\t<meta name=\"twitter:data1\" content=\"Fredrik Tonning\" \/>\n\t<meta name=\"twitter:label2\" content=\"Ansl. lesetid\" \/>\n\t<meta name=\"twitter:data2\" content=\"3 minutter\" \/>\n<script type=\"application\/ld+json\" class=\"yoast-schema-graph\">{\"@context\":\"https:\/\/schema.org\",\"@graph\":[{\"@type\":\"NewsArticle\",\"@id\":\"https:\/\/hoyre.no\/hamar\/aktuelt\/arsmote-i-innlandet-hoyre\/\",\"url\":\"https:\/\/hoyre.no\/hamar\/aktuelt\/arsmote-i-innlandet-hoyre\/\",\"name\":\"\u00c5rsm\u00f8te i Innlandet H\u00f8yre - Hamar H\u00f8yre\",\"isPartOf\":{\"@id\":\"https:\/\/hoyre.no\/hamar\/#website\"},\"image\":{\"@id\":\"https:\/\/hoyre.no\/hamar\/aktuelt\/arsmote-i-innlandet-hoyre\/#primaryimage\"},\"thumbnailUrl\":\"https:\/\/hoyre.no\/content\/uploads\/sites\/76\/2024\/02\/IMG_4828-768x1024.jpg\",\"datePublished\":\"2024-02-06T19:37:13+00:00\",\"dateModified\":\"2024-02-06T21:11:29+00:00\",\"author\":{\"@id\":\"https:\/\/hoyre.no\/hamar\/#\/schema\/person\/046d3907b70e9dc5d9484be42b70b32b\"},\"breadcrumb\":{\"@id\":\"https:\/\/hoyre.no\/hamar\/aktuelt\/arsmote-i-innlandet-hoyre\/#breadcrumb\"},\"inLanguage\":\"nb-NO\",\"potentialAction\":[{\"@type\":\"ReadAction\",\"target\":[\"https:\/\/hoyre.no\/hamar\/aktuelt\/arsmote-i-innlandet-hoyre\/\"]}]},{\"@type\":\"ImageObject\",\"inLanguage\":\"nb-NO\",\"@id\":\"https:\/\/hoyre.no\/hamar\/aktuelt\/arsmote-i-innlandet-hoyre\/#primaryimage\",\"url\":\"https:\/\/hoyre.no\/content\/uploads\/sites\/76\/2024\/02\/IMG_4828-768x1024.jpg\",\"contentUrl\":\"https:\/\/hoyre.no\/content\/uploads\/sites\/76\/2024\/02\/IMG_4828-768x1024.jpg\"},{\"@type\":\"BreadcrumbList\",\"@id\":\"https:\/\/hoyre.no\/hamar\/aktuelt\/arsmote-i-innlandet-hoyre\/#breadcrumb\",\"itemListElement\":[{\"@type\":\"ListItem\",\"position\":1,\"name\":\"Til hoyre.no\",\"item\":\"https:\/\/hoyre.no\"},{\"@type\":\"ListItem\",\"position\":2,\"name\":\"Hjem\",\"item\":\"https:\/\/hoyre.no\/hamar\/\"},{\"@type\":\"ListItem\",\"position\":3,\"name\":\"\u00c5rsm\u00f8te i Innlandet H\u00f8yre\"}]},{\"@type\":\"WebSite\",\"@id\":\"https:\/\/hoyre.no\/hamar\/#website\",\"url\":\"https:\/\/hoyre.no\/hamar\/\",\"name\":\"Hamar H\u00f8yre\",\"description\":\"Bare enda et H\u00f8yres nettsteder-nettsted\",\"inLanguage\":\"nb-NO\"},{\"@type\":\"Person\",\"@id\":\"https:\/\/hoyre.no\/hamar\/#\/schema\/person\/046d3907b70e9dc5d9484be42b70b32b\",\"name\":\"Fredrik Tonning\",\"image\":{\"@type\":\"ImageObject\",\"inLanguage\":\"nb-NO\",\"@id\":\"https:\/\/hoyre.no\/hamar\/#\/schema\/person\/image\/\",\"url\":\"https:\/\/secure.gravatar.com\/avatar\/2961927606b2cca73bc8feec9e4e1ca37ca4a67a61517b950daf2c68961be6f1?s=96&d=mm&r=g\",\"contentUrl\":\"https:\/\/secure.gravatar.com\/avatar\/2961927606b2cca73bc8feec9e4e1ca37ca4a67a61517b950daf2c68961be6f1?s=96&d=mm&r=g\",\"caption\":\"Fredrik Tonning\"},\"url\":\"https:\/\/hoyre.no\/hamar\/aktuelt\/author\/m51838795\/\"}]}<\/script>\n<!-- \/ Yoast SEO plugin. -->","yoast_head_json":{"title":"\u00c5rsm\u00f8te i Innlandet H\u00f8yre - Hamar H\u00f8yre","robots":{"index":"index","follow":"follow","max-snippet":"max-snippet:-1","max-image-preview":"max-image-preview:large","max-video-preview":"max-video-preview:-1"},"canonical":"https:\/\/hoyre.no\/hamar\/aktuelt\/arsmote-i-innlandet-hoyre\/","og_locale":"nb_NO","og_type":"article","og_title":"\u00c5rsm\u00f8te i Innlandet H\u00f8yre - Hamar H\u00f8yre","og_description":"Jane valgt inn i sentralstyre Etter to \u00e5r som leder for Innlandet H\u00f8yre takket Magne S\u00f8rby for seg. Hanne Altstrup Velure ble valgt som ny leder. Med seg i ledertrioen fikk hun Jane Meyer fra Hamar og Yngre S\u00e6tre fra Elverum. \u2013 Det er veldig g\u00f8y at \u00e5rsm\u00f8te har gitt meg denne tillitten. Inn mot [&hellip;]","og_url":"https:\/\/hoyre.no\/hamar\/aktuelt\/arsmote-i-innlandet-hoyre\/","og_site_name":"Hamar H\u00f8yre","article_published_time":"2024-02-06T19:37:13+00:00","article_modified_time":"2024-02-06T21:11:29+00:00","og_image":[{"url":"https:\/\/hoyre.no\/content\/uploads\/sites\/76\/2023\/07\/Jane-2-1024x683.jpg","width":"","height":"","type":""}],"author":"Fredrik Tonning","twitter_card":"summary_large_image","twitter_misc":{"Skrevet av":"Fredrik Tonning","Ansl. lesetid":"3 minutter"},"schema":{"@context":"https:\/\/schema.org","@graph":[{"@type":"NewsArticle","@id":"https:\/\/hoyre.no\/hamar\/aktuelt\/arsmote-i-innlandet-hoyre\/","url":"https:\/\/hoyre.no\/hamar\/aktuelt\/arsmote-i-innlandet-hoyre\/","name":"\u00c5rsm\u00f8te i Innlandet H\u00f8yre - Hamar H\u00f8yre","isPartOf":{"@id":"https:\/\/hoyre.no\/hamar\/#website"},"image":{"@id":"https:\/\/hoyre.no\/hamar\/aktuelt\/arsmote-i-innlandet-hoyre\/#primaryimage"},"thumbnailUrl":"https:\/\/hoyre.no\/content\/uploads\/sites\/76\/2024\/02\/IMG_4828-768x1024.jpg","datePublished":"2024-02-06T19:37:13+00:00","dateModified":"2024-02-06T21:11:29+00:00","author":{"@id":"https:\/\/hoyre.no\/hamar\/#\/schema\/person\/046d3907b70e9dc5d9484be42b70b32b"},"breadcrumb":{"@id":"https:\/\/hoyre.no\/hamar\/aktuelt\/arsmote-i-innlandet-hoyre\/#breadcrumb"},"inLanguage":"nb-NO","potentialAction":[{"@type":"ReadAction","target":["https:\/\/hoyre.no\/hamar\/aktuelt\/arsmote-i-innlandet-hoyre\/"]}]},{"@type":"ImageObject","inLanguage":"nb-NO","@id":"https:\/\/hoyre.no\/hamar\/aktuelt\/arsmote-i-innlandet-hoyre\/#primaryimage","url":"https:\/\/hoyre.no\/content\/uploads\/sites\/76\/2024\/02\/IMG_4828-768x1024.jpg","contentUrl":"https:\/\/hoyre.no\/content\/uploads\/sites\/76\/2024\/02\/IMG_4828-768x1024.jpg"},{"@type":"BreadcrumbList","@id":"https:\/\/hoyre.no\/hamar\/aktuelt\/arsmote-i-innlandet-hoyre\/#breadcrumb","itemListElement":[{"@type":"ListItem","position":1,"name":"Til hoyre.no","item":"https:\/\/hoyre.no"},{"@type":"ListItem","position":2,"name":"Hjem","item":"https:\/\/hoyre.no\/hamar\/"},{"@type":"ListItem","position":3,"name":"\u00c5rsm\u00f8te i Innlandet H\u00f8yre"}]},{"@type":"WebSite","@id":"https:\/\/hoyre.no\/hamar\/#website","url":"https:\/\/hoyre.no\/hamar\/","name":"Hamar H\u00f8yre","description":"Bare enda et H\u00f8yres nettsteder-nettsted","inLanguage":"nb-NO"},{"@type":"Person","@id":"https:\/\/hoyre.no\/hamar\/#\/schema\/person\/046d3907b70e9dc5d9484be42b70b32b","name":"Fredrik Tonning","image":{"@type":"ImageObject","inLanguage":"nb-NO","@id":"https:\/\/hoyre.no\/hamar\/#\/schema\/person\/image\/","url":"https:\/\/secure.gravatar.com\/avatar\/2961927606b2cca73bc8feec9e4e1ca37ca4a67a61517b950daf2c68961be6f1?s=96&d=mm&r=g","contentUrl":"https:\/\/secure.gravatar.com\/avatar\/2961927606b2cca73bc8feec9e4e1ca37ca4a67a61517b950daf2c68961be6f1?s=96&d=mm&r=g","caption":"Fredrik Tonning"},"url":"https:\/\/hoyre.no\/hamar\/aktuelt\/author\/m51838795\/"}]}},"distributor_meta":false,"distributor_terms":false,"distributor_media":false,"distributor_original_site_name":"Hamar H\u00f8yre","distributor_original_site_url":"https:\/\/hoyre.no\/hamar","push-errors":false,"_links":{"self":[{"href":"https:\/\/hoyre.no\/hamar\/wp-json\/wp\/v2\/posts\/345","targetHints":{"allow":["GET"]}}],"collection":[{"href":"https:\/\/hoyre.no\/hamar\/wp-json\/wp\/v2\/posts"}],"about":[{"href":"https:\/\/hoyre.no\/hamar\/wp-json\/wp\/v2\/types\/post"}],"author":[{"embeddable":true,"href":"https:\/\/hoyre.no\/hamar\/wp-json\/wp\/v2\/users\/13942"}],"replies":[{"embeddable":true,"href":"https:\/\/hoyre.no\/hamar\/wp-json\/wp\/v2\/comments?post=345"}],"version-history":[{"count":10,"href":"https:\/\/hoyre.no\/hamar\/wp-json\/wp\/v2\/posts\/345\/revisions"}],"predecessor-version":[{"id":365,"href":"https:\/\/hoyre.no\/hamar\/wp-json\/wp\/v2\/posts\/345\/revisions\/365"}],"wp:attachment":[{"href":"https:\/\/hoyre.no\/hamar\/wp-json\/wp\/v2\/media?parent=345"}],"wp:term":[{"taxonomy":"category","embeddable":true,"href":"https:\/\/hoyre.no\/hamar\/wp-json\/wp\/v2\/category?post=345"},{"taxonomy":"post_tag","embeddable":true,"href":"https:\/\/hoyre.no\/hamar\/wp-json\/wp\/v2\/post_tag?post=345"},{"taxonomy":"hoyre-visibility","embeddable":true,"href":"https:\/\/hoyre.no\/hamar\/wp-json\/wp\/v2\/hoyre-visibility?post=345"},{"taxonomy":"article-type","embeddable":true,"href":"https:\/\/hoyre.no\/hamar\/wp-json\/wp\/v2\/article-type?post=345"},{"taxonomy":"politician","embeddable":true,"href":"https:\/\/hoyre.no\/hamar\/wp-json\/wp\/v2\/politician?post=345"}],"curies":[{"name":"wp","href":"https:\/\/api.w.org\/{rel}","templated":true}]}}