{"id":37,"date":"2015-09-11T21:34:32","date_gmt":"2015-09-11T19:34:32","guid":{"rendered":"https:\/\/hoyre.no\/hamar\/aktuelt\/hamar-skolen-og-ambisjoner\/"},"modified":"2015-09-11T21:34:32","modified_gmt":"2015-09-11T19:34:32","slug":"hamar-skolen-og-ambisjoner","status":"publish","type":"post","link":"https:\/\/hoyre.no\/hamar\/aktuelt\/hamar-skolen-og-ambisjoner\/","title":{"rendered":"Hamar skolen og ambisjoner"},"content":{"rendered":"<p class=\"preamble\">Det er fremover viktig \u00e5 ta tak i utfordringene som elevunders\u00f8kelsen og tilstandsrapporten for Hamarskolen peker p\u00e5. Dette gjelder spesielt det faktum at elevene ettersp\u00f8r st\u00f8rre faglige utfordringer og at det er for stor spredning i resultater mellom skolene i Hamar.<\/p>\t\t\t<div class=\"post-meta wp-block teft-byline-wrapper\">\n\t\t\t\t<div class=\"top\">\n\t\t\t\t\t<div class=\"signature\">\n\t\t\t\t\t\t<div class=\"teft-byline\">\n\t\t\t\t\t\t\t\t\t\t\t\t\t\t<div>\n\t\t\t\t\t\t\t\t<h3>H\u00f8yres redaksjon<\/h3>\t\t\t\t\t\t\t\t\n\t\t\t\t\t\t\t\t\t\t\t\t\t\t\t\t\t<span class=\"date\">Sist oppdatert: 11. september 2015<\/span>\n\t\t\t\t\t\t\t\t\t\t\t\t\t\t\t\t\t\t\t\t\t\t\t\t\t<span class=\"reading-time\" itemprop=\"timeRequired\" content=\"PT3M\"><em>Ca. 3 minutter lesetid<\/em><\/span>\n\t\t\t\t\t\t\t\t\t\t\t\t\t\t\t<\/div>\n\t\t\t\t\t\t<\/div>\n\t\t\t\t\t<\/div>\n\t\t\t\t\t\t<div class=\"sharing\">\n\t\t<a class=\"share-button share-link copy-link\" data-copy=\"https:\/\/hoyre.no\/hamar\/aktuelt\/hamar-skolen-og-ambisjoner\/\" target=\"_blank\"><span class=\"screen-reader-text\">Del link<\/span><\/a>\n\t\t<a class=\"share-button share-twitter\" href=\"http:\/\/twitter.com\/share?text=Hamar skolen og ambisjoner&#038;url=https:\/\/hoyre.no\/hamar\/aktuelt\/hamar-skolen-og-ambisjoner\/&#038;hashtags=Hoyre\" target=\"_blank\"><span class=\"screen-reader-text\">Del p\u00e5 twitter<\/span><\/a>\n\t\t<a class=\"share-button share-facebook\" href=\"https:\/\/www.facebook.com\/sharer\/sharer.php?u=https:\/\/hoyre.no\/hamar\/aktuelt\/hamar-skolen-og-ambisjoner\/\" target=\"_blank\"><span class=\"screen-reader-text\">Del p\u00e5 facebook<\/span><\/a>\n\t<\/div>\n\t\t\t\t\t<\/div>\n\t\t\t<\/div>\n\n\t\t\t<figure class=\"hoyre-image-wrapper\"><div class=\"hoyre-image\"><img loading=\"lazy\" decoding=\"async\" width=\"960\" height=\"621\" src=\"https:\/\/hoyre.no\/content\/uploads\/sites\/76\/2020\/11\/kunnskap-i-skolen-e1650299720678.jpg\" class=\"attachment-scaled size-scaled\" alt=\"\" style=\"object-position: 50% 50%\" srcset=\"https:\/\/hoyre.no\/content\/uploads\/sites\/76\/2020\/11\/kunnskap-i-skolen-e1650299720678.jpg 960w, https:\/\/hoyre.no\/content\/uploads\/sites\/76\/2020\/11\/kunnskap-i-skolen-e1650299720678-300x194.jpg 300w, https:\/\/hoyre.no\/content\/uploads\/sites\/76\/2020\/11\/kunnskap-i-skolen-e1650299720678-768x497.jpg 768w\" sizes=\"auto, (max-width: 960px) 100vw, 960px\" \/><\/div><\/figure><div id=\"hoyre-old-article-content-wrapper\"><p>Kommunebarometeret 2015 viser at grunnskolene i Hamar ligger p\u00e5 8. plass av landets 428 kommuner. Det er en sv\u00e6rt god plassering, og den har ikke kommet av seg selv. Jeg vet at Hamarskolen har kompetente l\u00e6rere, det har v\u00e6rt en systematisk satsing p\u00e5 l\u00e6ringsstrategier, og da spesielt vurdering for l\u00e6ring, og sjef for oppl\u00e6ring og oppvekst i kommunen har \u00e5rlige kontaktm\u00f8ter med hver enkelt skole for \u00e5 f\u00f8lge opp status og utfordringer. Som tidligere FAU-leder kjenner jeg godt til innholdet i kontaktm\u00f8tene, der b\u00e5de rektor og representanter for ansatte, elever og foreldre m\u00f8ter.<\/p><p><\/p><p>Det er viktig at 8. plassen ikke blir en sovepute for politikerne i Hamar kommune. For til tross for at Hamarskolen gj\u00f8r det sv\u00e6rt bra, er det fremover viktig \u00e5 ta tak i utfordringene som elevunders\u00f8kelsen og tilstandsrapporten for Hamarskolen peker p\u00e5. Dette gjelder spesielt det faktum at elevene ettersp\u00f8r st\u00f8rre faglige utfordringer og at det er for stor spredning i resultater mellom skolene i Hamar. Jeg mener Hamarskolen trenger en tydeligere skoleeier, som er kommunestyret. Kommunestyret m\u00e5 engasjere seg mer i prosessene som foreg\u00e5r i skolen, slik at forventingene til skolene blir tydelige og at rammebetingelsene som vedtas av politikerne, skreddersys forventningene. <\/p><p><\/p><p>Jeg mener ogs\u00e5 at l\u00e6ringsutbyttet til hver enkelt elev i Hamarskolen m\u00e5 \u00f8kes, og at det m\u00e5 tas et krafttak for \u00e5 involvere foreldrene i enda st\u00f8rre grad, det vil si \u00e5 styrke hjem-skolesamarbeidet.  Alle er for en mobbefri skole, men tiltak m\u00e5 iverksettes. Flere skoler i Hamar har n\u00e5 innf\u00f8rt Trivselsleder-programmet som skal bidra til \u00e5 forebygge og hindre mobbing, et program utviklet av private gr&uuml;ndere. P\u00e5 Hamars st\u00f8rste barneskole var det FAU som jobbet for \u00e5 implementere dette, og skolen var positiv. Et godt eksempel p\u00e5 hvor viktig foreldreengasjement er, og at private l\u00f8sninger ogs\u00e5 kan bidra til \u00e5 gj\u00f8re den offentlige skolen bedre.<\/p><p><\/p><p>Etter- og videreutdanning av l\u00e6rere er et stort satsingsomr\u00e5de for regjeringen, og det er gledelig at s\u00e5 mange l\u00e6rere i Hamar n\u00e5 tar etter- og videreutdanning, det vil komme elevene i Hamarskolen til gode gjennom oppdaterte fagkunnskaper hos l\u00e6rerne og kanskje nye undervisningsmetoder. Den historiske satsingen p\u00e5 videreutdanning fortsetter, og aldri f\u00f8r har det v\u00e6rt s\u00e5 mange studieplasser \u00e5 s\u00f8ke p\u00e5. Regjeringen bruker om lag &eacute;n milliard kroner p\u00e5 videreutdanning for l\u00e6rere i 2015.<\/p><p><\/p><p>For meg er det Hamar H\u00f8yre som har de beste tiltakene for \u00e5 videreutvikle Hamarskolen, med blant annet disse tiltakene: sikre at pedagogisk utdannet personale bist\u00e5r elevene i leksetiden, gi elevene rett til niv\u00e5valg i undervisningen i basisfagene norsk, engelsk og matematikk, \u00f8ke antall tilgjengelige elektroniske hjelpemidler i l\u00e6ringssituasjonen, sikre at elever i Hamarskolen f\u00e5r mulighet til \u00e5 forsere fag, b\u00e5de p\u00e5 barne- og ungdomstrinnet, gi elevene i ungdomskolen muligheter til \u00e5 velge realfag som valgfag, tilby gratis ferieskole, styrke skolehelsetjenesten og \u00e5 etablere denne p\u00e5 nett. Det er ogs\u00e5 viktig \u00e5 opprette en vikarpool for \u00e5 s\u00f8rge for god kvalitet p\u00e5 undervisningen der l\u00e6rere deltar i videreutdanning.<\/p><p><\/p><p>For \u00e5 bruke statsminister Erna Solbergs ord: Vi skal ha en god skole som tar vare p\u00e5 hver enkelt, som lar barn kjenne p\u00e5 den gode f\u00f8lelsen av mestring &#8211; og som gir muligheter for alle. <\/p><p><\/p><p>Gro Elisabeth Br\u00e5ten, nestleder og kandidat Hamar H\u00f8yre<\/p><p><br \/><\/p><\/div>\n<div class=\"tags\">\n\t<\/div>\n<div class=\"post-footer alignfull has-background block-editor-block-list__block\" data-align=full>\n\t<div class=\"post-footer-inner\">\n\t\t<h3>Relaterte artikler<\/h3>\n\t\t<div class=\"related-content\"><div class=\"is-card-hoyre\">\n\t<div class=\"teft-card hoyre-teft-card post-teft-card\">\n\t\t<a href=\"https:\/\/hoyre.no\/hamar\/aktuelt\/maren-er-ny-leder-av-kvinneforum\/\" class=\"teft-card__primary-action\">\n\n\t\t\t\t\t<div class=\"teft-card__media teft-card__media--16-9\">\n\t\t\t\t\t\t<img loading=\"lazy\" decoding=\"async\" width=\"768\" height=\"766\" src=\"https:\/\/hoyre.no\/content\/uploads\/sites\/76\/2026\/01\/image1-768x766.jpeg\" class=\"attachment-medium_large size-medium_large\" alt=\"\" srcset=\"https:\/\/hoyre.no\/content\/uploads\/sites\/76\/2026\/01\/image1-768x766.jpeg 768w, https:\/\/hoyre.no\/content\/uploads\/sites\/76\/2026\/01\/image1-300x300.jpeg 300w, https:\/\/hoyre.no\/content\/uploads\/sites\/76\/2026\/01\/image1-150x150.jpeg 150w, https:\/\/hoyre.no\/content\/uploads\/sites\/76\/2026\/01\/image1.jpeg 960w\" sizes=\"auto, (max-width: 768px) 100vw, 768px\" \/>\t\t<\/div>\n\t\t\n\t\t\t<div class=\"teft-card__content-wrapper\">\n\t\t\t\t<div class=\"teft-card__secondary\">\n\t\t\t\t\t\n\t\t\t\t\t\t\t\t<div class=\"teft-card__meta\">\n\t\t\t\t\t\t\t\t\t<span class=\"post-date\">11. jan 2026<\/span>\n\n\t\t\t\t\t\t\t\t\t<span class=\"post-category\">Kvinneforum<\/span>\t\t\t\t\t\t\t\t<\/div>\n\t\t\t\t\t\t\t\t\t\t\t<\/div>\n\n\t\t\t\t<div class=\"teft-card__primary\">\n\t\t\t\t\t<h2 class=\"teft-card__title\">Maren er ny leder av kvinneforum&nbsp;<span class=\"teft-card__primary-title-append\"><\/span><\/h2>\t\t\t\t<\/div>\n\t\t\t<\/div>\n\t\t<\/a>\n\t<\/div>\n\n\t<\/div><div class=\"is-card-hoyre\">\n\t<div class=\"teft-card hoyre-teft-card post-teft-card\">\n\t\t<a href=\"https:\/\/hoyre.no\/hamar\/aktuelt\/noen-ma-vaere-forst-med-a-avvikle-fylkeskommunen\/\" class=\"teft-card__primary-action\">\n\n\t\t\t\t\t<div class=\"teft-card__media teft-card__media--16-9\">\n\t\t\t\t\t\t<img loading=\"lazy\" decoding=\"async\" width=\"768\" height=\"512\" src=\"https:\/\/hoyre.no\/content\/uploads\/sites\/76\/2022\/09\/hamar-768x512.jpg\" class=\"attachment-medium_large size-medium_large\" alt=\"Hamar\" srcset=\"https:\/\/hoyre.no\/content\/uploads\/sites\/76\/2022\/09\/hamar-768x512.jpg 768w, https:\/\/hoyre.no\/content\/uploads\/sites\/76\/2022\/09\/hamar-300x200.jpg 300w, https:\/\/hoyre.no\/content\/uploads\/sites\/76\/2022\/09\/hamar-1024x683.jpg 1024w, https:\/\/hoyre.no\/content\/uploads\/sites\/76\/2022\/09\/hamar-1536x1024.jpg 1536w, https:\/\/hoyre.no\/content\/uploads\/sites\/76\/2022\/09\/hamar-2048x1365.jpg 2048w\" sizes=\"auto, (max-width: 768px) 100vw, 768px\" \/>\t\t<\/div>\n\t\t\n\t\t\t<div class=\"teft-card__content-wrapper\">\n\t\t\t\t<div class=\"teft-card__secondary\">\n\t\t\t\t\t\n\t\t\t\t\t\t\t\t<div class=\"teft-card__meta\">\n\t\t\t\t\t\t\t\t\t<span class=\"post-date\">10. jan 2026<\/span>\n\n\t\t\t\t\t\t\t\t\t<span class=\"post-category\">Fylkeskommunen<\/span>\t\t\t\t\t\t\t\t<\/div>\n\t\t\t\t\t\t\t\t\t\t\t<\/div>\n\n\t\t\t\t<div class=\"teft-card__primary\">\n\t\t\t\t\t<h2 class=\"teft-card__title\">Noen m\u00e5 v\u00e6re f\u00f8rst med \u00e5 avvikle fylkeskommunen&nbsp;<span class=\"teft-card__primary-title-append\"><\/span><\/h2>\t\t\t\t<\/div>\n\t\t\t<\/div>\n\t\t<\/a>\n\t<\/div>\n\n\t<\/div><div class=\"is-card-hoyre\">\n\t<div class=\"teft-card hoyre-teft-card post-teft-card\">\n\t\t<a href=\"https:\/\/hoyre.no\/hamar\/aktuelt\/anna-og-yngve-pa-topp-for-hedmark\/\" class=\"teft-card__primary-action\">\n\n\t\t\t\t\t<div class=\"teft-card__media teft-card__media--16-9\">\n\t\t\t\t\t\t<img loading=\"lazy\" decoding=\"async\" width=\"768\" height=\"635\" src=\"https:\/\/hoyre.no\/content\/uploads\/sites\/76\/2024\/11\/Skjermbilde-2024-11-16-kl.-18.28.51-768x635.png\" class=\"attachment-medium_large size-medium_large\" alt=\"\" srcset=\"https:\/\/hoyre.no\/content\/uploads\/sites\/76\/2024\/11\/Skjermbilde-2024-11-16-kl.-18.28.51-768x635.png 768w, https:\/\/hoyre.no\/content\/uploads\/sites\/76\/2024\/11\/Skjermbilde-2024-11-16-kl.-18.28.51-300x248.png 300w, https:\/\/hoyre.no\/content\/uploads\/sites\/76\/2024\/11\/Skjermbilde-2024-11-16-kl.-18.28.51.png 882w\" sizes=\"auto, (max-width: 768px) 100vw, 768px\" \/>\t\t<\/div>\n\t\t\n\t\t\t<div class=\"teft-card__content-wrapper\">\n\t\t\t\t<div class=\"teft-card__secondary\">\n\t\t\t\t\t\n\t\t\t\t\t\t\t\t<div class=\"teft-card__meta\">\n\t\t\t\t\t\t\t\t\t<span class=\"post-date\">16. nov 2024<\/span>\n\n\t\t\t\t\t\t\t\t\t<span class=\"post-category\">Stortingsvalg<\/span>\t\t\t\t\t\t\t\t<\/div>\n\t\t\t\t\t\t\t\t\t\t\t<\/div>\n\n\t\t\t\t<div class=\"teft-card__primary\">\n\t\t\t\t\t<h2 class=\"teft-card__title\">Anna og Yngve p\u00e5 topp for Hedmark!&nbsp;<span class=\"teft-card__primary-title-append\"><\/span><\/h2>\t\t\t\t<\/div>\n\t\t\t<\/div>\n\t\t<\/a>\n\t<\/div>\n\n\t<\/div><\/div>\t<\/div>\n<\/div>\n","protected":false},"excerpt":{"rendered":"","protected":false},"author":0,"featured_media":0,"comment_status":"closed","ping_status":"closed","sticky":false,"template":"","format":"standard","meta":{"teft_cards_image_url":"https:\/\/hoyre.no\/content\/uploads\/sites\/76\/2020\/11\/kunnskap-i-skolen.jpg","teft_cards_custom_pretitle":"","teft_cards_image_id":36,"teft_cards_image_focal_point_x":0,"teft_cards_image_focal_point_y":0,"teft_cards_title":"","teft_cards_excerpt":"","teft_show_chapters":false,"author_display_name":"Gro Elisabeth Br\u00e5ten","footnotes":""},"category":[1],"post_tag":[],"hoyre-visibility":[],"article-type":[],"politician":[],"class_list":["post-37","post","type-post","status-publish","format-standard","hentry","category-ukategorisert"],"yoast_head":"<!-- This site is optimized with the Yoast SEO plugin v26.6 - https:\/\/yoast.com\/wordpress\/plugins\/seo\/ -->\n<title>Hamar skolen og ambisjoner - Hamar H\u00f8yre<\/title>\n<meta name=\"robots\" content=\"index, follow, max-snippet:-1, max-image-preview:large, max-video-preview:-1\" \/>\n<link rel=\"canonical\" href=\"https:\/\/hoyre.no\/hamar\/aktuelt\/hamar-skolen-og-ambisjoner\/\" \/>\n<meta property=\"og:locale\" content=\"nb_NO\" \/>\n<meta property=\"og:type\" content=\"article\" \/>\n<meta property=\"og:title\" content=\"Hamar skolen og ambisjoner - Hamar H\u00f8yre\" \/>\n<meta property=\"og:url\" content=\"https:\/\/hoyre.no\/hamar\/aktuelt\/hamar-skolen-og-ambisjoner\/\" \/>\n<meta property=\"og:site_name\" content=\"Hamar H\u00f8yre\" \/>\n<meta property=\"article:published_time\" content=\"2015-09-11T19:34:32+00:00\" \/>\n<meta property=\"og:image\" content=\"https:\/\/hoyre.no\/content\/uploads\/sites\/76\/2023\/07\/Jane-2-1024x683.jpg\" \/>\n<meta name=\"twitter:card\" content=\"summary_large_image\" \/>\n<meta name=\"twitter:label1\" content=\"Ansl. lesetid\" \/>\n\t<meta name=\"twitter:data1\" content=\"3 minutter\" \/>\n<script type=\"application\/ld+json\" class=\"yoast-schema-graph\">{\"@context\":\"https:\/\/schema.org\",\"@graph\":[{\"@type\":\"NewsArticle\",\"@id\":\"https:\/\/hoyre.no\/hamar\/aktuelt\/hamar-skolen-og-ambisjoner\/\",\"url\":\"https:\/\/hoyre.no\/hamar\/aktuelt\/hamar-skolen-og-ambisjoner\/\",\"name\":\"Hamar skolen og ambisjoner - Hamar H\u00f8yre\",\"isPartOf\":{\"@id\":\"https:\/\/hoyre.no\/hamar\/#website\"},\"datePublished\":\"2015-09-11T19:34:32+00:00\",\"author\":{\"@id\":\"\"},\"breadcrumb\":{\"@id\":\"https:\/\/hoyre.no\/hamar\/aktuelt\/hamar-skolen-og-ambisjoner\/#breadcrumb\"},\"inLanguage\":\"nb-NO\",\"potentialAction\":[{\"@type\":\"ReadAction\",\"target\":[\"https:\/\/hoyre.no\/hamar\/aktuelt\/hamar-skolen-og-ambisjoner\/\"]}]},{\"@type\":\"BreadcrumbList\",\"@id\":\"https:\/\/hoyre.no\/hamar\/aktuelt\/hamar-skolen-og-ambisjoner\/#breadcrumb\",\"itemListElement\":[{\"@type\":\"ListItem\",\"position\":1,\"name\":\"Til hoyre.no\",\"item\":\"https:\/\/hoyre.no\"},{\"@type\":\"ListItem\",\"position\":2,\"name\":\"Hjem\",\"item\":\"https:\/\/hoyre.no\/hamar\/\"},{\"@type\":\"ListItem\",\"position\":3,\"name\":\"Hamar skolen og ambisjoner\"}]},{\"@type\":\"WebSite\",\"@id\":\"https:\/\/hoyre.no\/hamar\/#website\",\"url\":\"https:\/\/hoyre.no\/hamar\/\",\"name\":\"Hamar H\u00f8yre\",\"description\":\"Bare enda et H\u00f8yres nettsteder-nettsted\",\"inLanguage\":\"nb-NO\"}]}<\/script>\n<!-- \/ Yoast SEO plugin. -->","yoast_head_json":{"title":"Hamar skolen og ambisjoner - Hamar H\u00f8yre","robots":{"index":"index","follow":"follow","max-snippet":"max-snippet:-1","max-image-preview":"max-image-preview:large","max-video-preview":"max-video-preview:-1"},"canonical":"https:\/\/hoyre.no\/hamar\/aktuelt\/hamar-skolen-og-ambisjoner\/","og_locale":"nb_NO","og_type":"article","og_title":"Hamar skolen og ambisjoner - Hamar H\u00f8yre","og_url":"https:\/\/hoyre.no\/hamar\/aktuelt\/hamar-skolen-og-ambisjoner\/","og_site_name":"Hamar H\u00f8yre","article_published_time":"2015-09-11T19:34:32+00:00","og_image":[{"url":"https:\/\/hoyre.no\/content\/uploads\/sites\/76\/2023\/07\/Jane-2-1024x683.jpg","width":"","height":"","type":""}],"twitter_card":"summary_large_image","twitter_misc":{"Ansl. lesetid":"3 minutter"},"schema":{"@context":"https:\/\/schema.org","@graph":[{"@type":"NewsArticle","@id":"https:\/\/hoyre.no\/hamar\/aktuelt\/hamar-skolen-og-ambisjoner\/","url":"https:\/\/hoyre.no\/hamar\/aktuelt\/hamar-skolen-og-ambisjoner\/","name":"Hamar skolen og ambisjoner - Hamar H\u00f8yre","isPartOf":{"@id":"https:\/\/hoyre.no\/hamar\/#website"},"datePublished":"2015-09-11T19:34:32+00:00","author":{"@id":""},"breadcrumb":{"@id":"https:\/\/hoyre.no\/hamar\/aktuelt\/hamar-skolen-og-ambisjoner\/#breadcrumb"},"inLanguage":"nb-NO","potentialAction":[{"@type":"ReadAction","target":["https:\/\/hoyre.no\/hamar\/aktuelt\/hamar-skolen-og-ambisjoner\/"]}]},{"@type":"BreadcrumbList","@id":"https:\/\/hoyre.no\/hamar\/aktuelt\/hamar-skolen-og-ambisjoner\/#breadcrumb","itemListElement":[{"@type":"ListItem","position":1,"name":"Til hoyre.no","item":"https:\/\/hoyre.no"},{"@type":"ListItem","position":2,"name":"Hjem","item":"https:\/\/hoyre.no\/hamar\/"},{"@type":"ListItem","position":3,"name":"Hamar skolen og ambisjoner"}]},{"@type":"WebSite","@id":"https:\/\/hoyre.no\/hamar\/#website","url":"https:\/\/hoyre.no\/hamar\/","name":"Hamar H\u00f8yre","description":"Bare enda et H\u00f8yres nettsteder-nettsted","inLanguage":"nb-NO"}]}},"distributor_meta":false,"distributor_terms":false,"distributor_media":false,"distributor_original_site_name":"Hamar H\u00f8yre","distributor_original_site_url":"https:\/\/hoyre.no\/hamar","push-errors":false,"_links":{"self":[{"href":"https:\/\/hoyre.no\/hamar\/wp-json\/wp\/v2\/posts\/37","targetHints":{"allow":["GET"]}}],"collection":[{"href":"https:\/\/hoyre.no\/hamar\/wp-json\/wp\/v2\/posts"}],"about":[{"href":"https:\/\/hoyre.no\/hamar\/wp-json\/wp\/v2\/types\/post"}],"replies":[{"embeddable":true,"href":"https:\/\/hoyre.no\/hamar\/wp-json\/wp\/v2\/comments?post=37"}],"version-history":[{"count":0,"href":"https:\/\/hoyre.no\/hamar\/wp-json\/wp\/v2\/posts\/37\/revisions"}],"wp:attachment":[{"href":"https:\/\/hoyre.no\/hamar\/wp-json\/wp\/v2\/media?parent=37"}],"wp:term":[{"taxonomy":"category","embeddable":true,"href":"https:\/\/hoyre.no\/hamar\/wp-json\/wp\/v2\/category?post=37"},{"taxonomy":"post_tag","embeddable":true,"href":"https:\/\/hoyre.no\/hamar\/wp-json\/wp\/v2\/post_tag?post=37"},{"taxonomy":"hoyre-visibility","embeddable":true,"href":"https:\/\/hoyre.no\/hamar\/wp-json\/wp\/v2\/hoyre-visibility?post=37"},{"taxonomy":"article-type","embeddable":true,"href":"https:\/\/hoyre.no\/hamar\/wp-json\/wp\/v2\/article-type?post=37"},{"taxonomy":"politician","embeddable":true,"href":"https:\/\/hoyre.no\/hamar\/wp-json\/wp\/v2\/politician?post=37"}],"curies":[{"name":"wp","href":"https:\/\/api.w.org\/{rel}","templated":true}]}}