{"id":39,"date":"2016-10-24T22:00:00","date_gmt":"2016-10-24T20:00:00","guid":{"rendered":"https:\/\/hoyre.no\/hamar\/aktuelt\/hoyres-justisfraksjo\/"},"modified":"2016-10-24T22:00:00","modified_gmt":"2016-10-24T20:00:00","slug":"hoyres-justisfraksjo","status":"publish","type":"post","link":"https:\/\/hoyre.no\/hamar\/aktuelt\/hoyres-justisfraksjo\/","title":{"rendered":"H\u00f8yres justisfraksjon p\u00e5 bes\u00f8k i Innlandet"},"content":{"rendered":"<p class=\"preamble\">Regjeringen har i \u00e5rets budsjett styrket politi- og lensmannsetaten med over 2 milliarder kroner. Dette er en satsing som kommer Innlandet politidistrikt til gode.<\/p>\t\t\t<div class=\"post-meta wp-block teft-byline-wrapper\">\n\t\t\t\t<div class=\"top\">\n\t\t\t\t\t<div class=\"signature\">\n\t\t\t\t\t\t<div class=\"teft-byline\">\n\t\t\t\t\t\t\t\t\t\t\t\t\t\t<div>\n\t\t\t\t\t\t\t\t<h3>H\u00f8yres redaksjon<\/h3>\t\t\t\t\t\t\t\t\n\t\t\t\t\t\t\t\t\t\t\t\t\t\t\t\t\t<span class=\"date\">Sist oppdatert: 24. oktober 2016<\/span>\n\t\t\t\t\t\t\t\t\t\t\t\t\t\t\t\t\t\t\t\t\t\t\t\t\t<span class=\"reading-time\" itemprop=\"timeRequired\" content=\"PT2M\"><em>Ca. 2 minutter lesetid<\/em><\/span>\n\t\t\t\t\t\t\t\t\t\t\t\t\t\t\t<\/div>\n\t\t\t\t\t\t<\/div>\n\t\t\t\t\t<\/div>\n\t\t\t\t\t\t<div class=\"sharing\">\n\t\t<a class=\"share-button share-link copy-link\" data-copy=\"https:\/\/hoyre.no\/hamar\/aktuelt\/hoyres-justisfraksjo\/\" target=\"_blank\"><span class=\"screen-reader-text\">Del link<\/span><\/a>\n\t\t<a class=\"share-button share-twitter\" href=\"http:\/\/twitter.com\/share?text=H\u00f8yres justisfraksjon p\u00e5 bes\u00f8k i Innlandet&#038;url=https:\/\/hoyre.no\/hamar\/aktuelt\/hoyres-justisfraksjo\/&#038;hashtags=Hoyre\" target=\"_blank\"><span class=\"screen-reader-text\">Del p\u00e5 twitter<\/span><\/a>\n\t\t<a class=\"share-button share-facebook\" href=\"https:\/\/www.facebook.com\/sharer\/sharer.php?u=https:\/\/hoyre.no\/hamar\/aktuelt\/hoyres-justisfraksjo\/\" target=\"_blank\"><span class=\"screen-reader-text\">Del p\u00e5 facebook<\/span><\/a>\n\t<\/div>\n\t\t\t\t\t<\/div>\n\t\t\t<\/div>\n\n\t\t\t<figure class=\"hoyre-image-wrapper\"><div class=\"hoyre-image\"><img loading=\"lazy\" decoding=\"async\" width=\"960\" height=\"720\" src=\"https:\/\/hoyre.no\/content\/uploads\/sites\/76\/2020\/11\/hamar-politihus.jpg\" class=\"attachment-scaled size-scaled\" alt=\"\" style=\"object-position: 50% 50%\" srcset=\"https:\/\/hoyre.no\/content\/uploads\/sites\/76\/2020\/11\/hamar-politihus.jpg 960w, https:\/\/hoyre.no\/content\/uploads\/sites\/76\/2020\/11\/hamar-politihus-300x225.jpg 300w, https:\/\/hoyre.no\/content\/uploads\/sites\/76\/2020\/11\/hamar-politihus-768x576.jpg 768w\" sizes=\"auto, (max-width: 960px) 100vw, 960px\" \/><\/div><\/figure><div id=\"hoyre-old-article-content-wrapper\"><p>Mandag bes\u00f8kte H\u00f8yres justisfraksjon p\u00e5 Stortinget Hamar og Brummunddal, ogs\u00e5 kjent som en del av Innlandet politidistrikt. Det ble m\u00f8te med visepolitimester Johan Martin Wellhaven p\u00e5 Hamar politihus, Lagmannsretten og politiet i Ringsaker. <br \/><\/p><p>&laquo;Hos visepolitimesteren fikk vi en nyttig orientering om hvordan politireformen rulles ut i Innlandet i disse dager. Lokalene bygges om til ny operasjonssentral, og strukturen p\u00e5 lensmannskontorene skal endres. Det er viktig \u00e5 frigj\u00f8re ressurser fra lensmannskontorer som i dag er for sm\u00e5 og har \u00e5pningstider helt nede i 2 timer i uka. Et viktig m\u00e5l med n\u00e6rpolitireformen er \u00e5 flytte s\u00e5 mange tjenestemenn som mulig inn i operativ tjeneste slik at vi f\u00e5r mer synlig og tilstedev\u00e6rende politi&raquo; sier justispolitisk talsperson,  Anders B. Werp. <\/p><p> Regjeringen har i \u00e5rets budsjett styrket politi- og lensmannsetaten med over 2 milliarder kroner. Mye av dette skal g\u00e5 til politidistriktene for \u00e5 rette opp budsjettene. I tillegg kommer det 350 nye politistillinger, og Politiets Sikkerhetstjeneste skal styrkes betraktelig. Det er ogs\u00e5 foresl\u00e5tt at hvert politidistrikt f\u00e5r hvert sitt offeromsorgskontor som skal ligge under politiet. <\/p><p>&laquo;Med friske midler og flere stillinger styrker vi politidistriktene. Dette kommer selvsagt Innlandet til gode ogs\u00e5, og vil v\u00e6re et viktig bidrag til \u00e5 bygge politiet i innlandet. Offeromsorgskontoret skal v\u00e6re et tilbud til ofre og p\u00e5r\u00f8rende tidlig i en straffesak slik at de lettere skal komme seg gjennom denne vanskelige perioden&raquo; fortsetter Werp.<\/p><p> Regjeringen bevilger ogs\u00e5 penger til fulldigitalisering av landets 12 st\u00f8rste tingretter og alle lagmannsrettene. Dette skal v\u00e6re p\u00e5 plass i l\u00f8pet av de neste 6 \u00e5rene.  <\/p><p>&laquo;Digitalisering av domstolene er viktig for saksgangen. Alle dokumenter og dokumentbevis skal foreligge elektronisk, slik at det blir lettere for alle parter \u00e5 h\u00e5ndtere saken. Vi tror at digitaliseringen vil bidra til raskere saksbehandling, og vil p\u00e5 sikt frigj\u00f8re tid og ressurser hos domstolene.&raquo; <\/p><p>Til slutt bes\u00f8kte justisfraksjonen politiet i Ringsaker ved lensmann Terje Krogstad. Han kunne fortelle om deres arbeid med unge, rus og tidlig intervensjon, god oppf\u00f8lging av nyankomne asyls\u00f8kere og oppf\u00f8lging av publikum som tar kontakt med politiet. <\/p><p>&laquo;Politiet i Ringsaker har funnet en egen m\u00e5te \u00e5 jobbe p\u00e5. Det er flott og inspirerende \u00e5 se hvor godt ungdom f\u00f8lges opp, hvor god kontakt politiet har med lokalbefolkningen og hvordan forebygging av kriminalitet gjennomsyrer arbeidet deres&raquo; avslutter Werp.<\/p><p><br \/><\/p><\/div>\n<div class=\"tags\">\n\t<\/div>\n<div class=\"post-footer alignfull has-background block-editor-block-list__block\" data-align=full>\n\t<div class=\"post-footer-inner\">\n\t\t<h3>Relaterte artikler<\/h3>\n\t\t<div class=\"related-content\"><div class=\"is-card-hoyre\">\n\t<div class=\"teft-card hoyre-teft-card post-teft-card\">\n\t\t<a href=\"https:\/\/hoyre.no\/hamar\/aktuelt\/maren-er-ny-leder-av-kvinneforum\/\" class=\"teft-card__primary-action\">\n\n\t\t\t\t\t<div class=\"teft-card__media teft-card__media--16-9\">\n\t\t\t\t\t\t<img loading=\"lazy\" decoding=\"async\" width=\"768\" height=\"766\" src=\"https:\/\/hoyre.no\/content\/uploads\/sites\/76\/2026\/01\/image1-768x766.jpeg\" class=\"attachment-medium_large size-medium_large\" alt=\"\" srcset=\"https:\/\/hoyre.no\/content\/uploads\/sites\/76\/2026\/01\/image1-768x766.jpeg 768w, https:\/\/hoyre.no\/content\/uploads\/sites\/76\/2026\/01\/image1-300x300.jpeg 300w, https:\/\/hoyre.no\/content\/uploads\/sites\/76\/2026\/01\/image1-150x150.jpeg 150w, https:\/\/hoyre.no\/content\/uploads\/sites\/76\/2026\/01\/image1.jpeg 960w\" sizes=\"auto, (max-width: 768px) 100vw, 768px\" \/>\t\t<\/div>\n\t\t\n\t\t\t<div class=\"teft-card__content-wrapper\">\n\t\t\t\t<div class=\"teft-card__secondary\">\n\t\t\t\t\t\n\t\t\t\t\t\t\t\t<div class=\"teft-card__meta\">\n\t\t\t\t\t\t\t\t\t<span class=\"post-date\">11. jan 2026<\/span>\n\n\t\t\t\t\t\t\t\t\t<span class=\"post-category\">Kvinneforum<\/span>\t\t\t\t\t\t\t\t<\/div>\n\t\t\t\t\t\t\t\t\t\t\t<\/div>\n\n\t\t\t\t<div class=\"teft-card__primary\">\n\t\t\t\t\t<h2 class=\"teft-card__title\">Maren er ny leder av kvinneforum&nbsp;<span class=\"teft-card__primary-title-append\"><\/span><\/h2>\t\t\t\t<\/div>\n\t\t\t<\/div>\n\t\t<\/a>\n\t<\/div>\n\n\t<\/div><div class=\"is-card-hoyre\">\n\t<div class=\"teft-card hoyre-teft-card post-teft-card\">\n\t\t<a href=\"https:\/\/hoyre.no\/hamar\/aktuelt\/noen-ma-vaere-forst-med-a-avvikle-fylkeskommunen\/\" class=\"teft-card__primary-action\">\n\n\t\t\t\t\t<div class=\"teft-card__media teft-card__media--16-9\">\n\t\t\t\t\t\t<img loading=\"lazy\" decoding=\"async\" width=\"768\" height=\"512\" src=\"https:\/\/hoyre.no\/content\/uploads\/sites\/76\/2022\/09\/hamar-768x512.jpg\" class=\"attachment-medium_large size-medium_large\" alt=\"Hamar\" srcset=\"https:\/\/hoyre.no\/content\/uploads\/sites\/76\/2022\/09\/hamar-768x512.jpg 768w, https:\/\/hoyre.no\/content\/uploads\/sites\/76\/2022\/09\/hamar-300x200.jpg 300w, https:\/\/hoyre.no\/content\/uploads\/sites\/76\/2022\/09\/hamar-1024x683.jpg 1024w, https:\/\/hoyre.no\/content\/uploads\/sites\/76\/2022\/09\/hamar-1536x1024.jpg 1536w, https:\/\/hoyre.no\/content\/uploads\/sites\/76\/2022\/09\/hamar-2048x1365.jpg 2048w\" sizes=\"auto, (max-width: 768px) 100vw, 768px\" \/>\t\t<\/div>\n\t\t\n\t\t\t<div class=\"teft-card__content-wrapper\">\n\t\t\t\t<div class=\"teft-card__secondary\">\n\t\t\t\t\t\n\t\t\t\t\t\t\t\t<div class=\"teft-card__meta\">\n\t\t\t\t\t\t\t\t\t<span class=\"post-date\">10. jan 2026<\/span>\n\n\t\t\t\t\t\t\t\t\t<span class=\"post-category\">Fylkeskommunen<\/span>\t\t\t\t\t\t\t\t<\/div>\n\t\t\t\t\t\t\t\t\t\t\t<\/div>\n\n\t\t\t\t<div class=\"teft-card__primary\">\n\t\t\t\t\t<h2 class=\"teft-card__title\">Noen m\u00e5 v\u00e6re f\u00f8rst med \u00e5 avvikle fylkeskommunen&nbsp;<span class=\"teft-card__primary-title-append\"><\/span><\/h2>\t\t\t\t<\/div>\n\t\t\t<\/div>\n\t\t<\/a>\n\t<\/div>\n\n\t<\/div><div class=\"is-card-hoyre\">\n\t<div class=\"teft-card hoyre-teft-card post-teft-card\">\n\t\t<a href=\"https:\/\/hoyre.no\/hamar\/aktuelt\/anna-og-yngve-pa-topp-for-hedmark\/\" class=\"teft-card__primary-action\">\n\n\t\t\t\t\t<div class=\"teft-card__media teft-card__media--16-9\">\n\t\t\t\t\t\t<img loading=\"lazy\" decoding=\"async\" width=\"768\" height=\"635\" src=\"https:\/\/hoyre.no\/content\/uploads\/sites\/76\/2024\/11\/Skjermbilde-2024-11-16-kl.-18.28.51-768x635.png\" class=\"attachment-medium_large size-medium_large\" alt=\"\" srcset=\"https:\/\/hoyre.no\/content\/uploads\/sites\/76\/2024\/11\/Skjermbilde-2024-11-16-kl.-18.28.51-768x635.png 768w, https:\/\/hoyre.no\/content\/uploads\/sites\/76\/2024\/11\/Skjermbilde-2024-11-16-kl.-18.28.51-300x248.png 300w, https:\/\/hoyre.no\/content\/uploads\/sites\/76\/2024\/11\/Skjermbilde-2024-11-16-kl.-18.28.51.png 882w\" sizes=\"auto, (max-width: 768px) 100vw, 768px\" \/>\t\t<\/div>\n\t\t\n\t\t\t<div class=\"teft-card__content-wrapper\">\n\t\t\t\t<div class=\"teft-card__secondary\">\n\t\t\t\t\t\n\t\t\t\t\t\t\t\t<div class=\"teft-card__meta\">\n\t\t\t\t\t\t\t\t\t<span class=\"post-date\">16. nov 2024<\/span>\n\n\t\t\t\t\t\t\t\t\t<span class=\"post-category\">Stortingsvalg<\/span>\t\t\t\t\t\t\t\t<\/div>\n\t\t\t\t\t\t\t\t\t\t\t<\/div>\n\n\t\t\t\t<div class=\"teft-card__primary\">\n\t\t\t\t\t<h2 class=\"teft-card__title\">Anna og Yngve p\u00e5 topp for Hedmark!&nbsp;<span class=\"teft-card__primary-title-append\"><\/span><\/h2>\t\t\t\t<\/div>\n\t\t\t<\/div>\n\t\t<\/a>\n\t<\/div>\n\n\t<\/div><\/div>\t<\/div>\n<\/div>\n","protected":false},"excerpt":{"rendered":"","protected":false},"author":0,"featured_media":0,"comment_status":"closed","ping_status":"closed","sticky":false,"template":"","format":"standard","meta":{"teft_cards_image_url":"https:\/\/hoyre.no\/content\/uploads\/sites\/76\/2020\/11\/hamar-politihus.jpg","teft_cards_custom_pretitle":"","teft_cards_image_id":38,"teft_cards_image_focal_point_x":0,"teft_cards_image_focal_point_y":0,"teft_cards_title":"","teft_cards_excerpt":"","teft_show_chapters":false,"author_display_name":"","footnotes":""},"category":[1],"post_tag":[],"hoyre-visibility":[],"article-type":[],"politician":[],"class_list":["post-39","post","type-post","status-publish","format-standard","hentry","category-ukategorisert"],"yoast_head":"<!-- This site is optimized with the Yoast SEO plugin v26.6 - https:\/\/yoast.com\/wordpress\/plugins\/seo\/ -->\n<title>H\u00f8yres justisfraksjon p\u00e5 bes\u00f8k i Innlandet - Hamar H\u00f8yre<\/title>\n<meta name=\"robots\" content=\"index, follow, max-snippet:-1, max-image-preview:large, max-video-preview:-1\" \/>\n<link rel=\"canonical\" href=\"https:\/\/hoyre.no\/hamar\/aktuelt\/hoyres-justisfraksjo\/\" \/>\n<meta property=\"og:locale\" content=\"nb_NO\" \/>\n<meta property=\"og:type\" content=\"article\" \/>\n<meta property=\"og:title\" content=\"H\u00f8yres justisfraksjon p\u00e5 bes\u00f8k i Innlandet - Hamar H\u00f8yre\" \/>\n<meta property=\"og:url\" content=\"https:\/\/hoyre.no\/hamar\/aktuelt\/hoyres-justisfraksjo\/\" \/>\n<meta property=\"og:site_name\" content=\"Hamar H\u00f8yre\" \/>\n<meta property=\"article:published_time\" content=\"2016-10-24T20:00:00+00:00\" \/>\n<meta property=\"og:image\" content=\"https:\/\/hoyre.no\/content\/uploads\/sites\/76\/2023\/07\/Jane-2-1024x683.jpg\" \/>\n<meta name=\"twitter:card\" content=\"summary_large_image\" \/>\n<meta name=\"twitter:label1\" content=\"Ansl. lesetid\" \/>\n\t<meta name=\"twitter:data1\" content=\"2 minutter\" \/>\n<script type=\"application\/ld+json\" class=\"yoast-schema-graph\">{\"@context\":\"https:\/\/schema.org\",\"@graph\":[{\"@type\":\"NewsArticle\",\"@id\":\"https:\/\/hoyre.no\/hamar\/aktuelt\/hoyres-justisfraksjo\/\",\"url\":\"https:\/\/hoyre.no\/hamar\/aktuelt\/hoyres-justisfraksjo\/\",\"name\":\"H\u00f8yres justisfraksjon p\u00e5 bes\u00f8k i Innlandet - Hamar H\u00f8yre\",\"isPartOf\":{\"@id\":\"https:\/\/hoyre.no\/hamar\/#website\"},\"datePublished\":\"2016-10-24T20:00:00+00:00\",\"author\":{\"@id\":\"\"},\"breadcrumb\":{\"@id\":\"https:\/\/hoyre.no\/hamar\/aktuelt\/hoyres-justisfraksjo\/#breadcrumb\"},\"inLanguage\":\"nb-NO\",\"potentialAction\":[{\"@type\":\"ReadAction\",\"target\":[\"https:\/\/hoyre.no\/hamar\/aktuelt\/hoyres-justisfraksjo\/\"]}]},{\"@type\":\"BreadcrumbList\",\"@id\":\"https:\/\/hoyre.no\/hamar\/aktuelt\/hoyres-justisfraksjo\/#breadcrumb\",\"itemListElement\":[{\"@type\":\"ListItem\",\"position\":1,\"name\":\"Til hoyre.no\",\"item\":\"https:\/\/hoyre.no\"},{\"@type\":\"ListItem\",\"position\":2,\"name\":\"Hjem\",\"item\":\"https:\/\/hoyre.no\/hamar\/\"},{\"@type\":\"ListItem\",\"position\":3,\"name\":\"H\u00f8yres justisfraksjon p\u00e5 bes\u00f8k i Innlandet\"}]},{\"@type\":\"WebSite\",\"@id\":\"https:\/\/hoyre.no\/hamar\/#website\",\"url\":\"https:\/\/hoyre.no\/hamar\/\",\"name\":\"Hamar H\u00f8yre\",\"description\":\"Bare enda et H\u00f8yres nettsteder-nettsted\",\"inLanguage\":\"nb-NO\"}]}<\/script>\n<!-- \/ Yoast SEO plugin. -->","yoast_head_json":{"title":"H\u00f8yres justisfraksjon p\u00e5 bes\u00f8k i Innlandet - Hamar H\u00f8yre","robots":{"index":"index","follow":"follow","max-snippet":"max-snippet:-1","max-image-preview":"max-image-preview:large","max-video-preview":"max-video-preview:-1"},"canonical":"https:\/\/hoyre.no\/hamar\/aktuelt\/hoyres-justisfraksjo\/","og_locale":"nb_NO","og_type":"article","og_title":"H\u00f8yres justisfraksjon p\u00e5 bes\u00f8k i Innlandet - Hamar H\u00f8yre","og_url":"https:\/\/hoyre.no\/hamar\/aktuelt\/hoyres-justisfraksjo\/","og_site_name":"Hamar H\u00f8yre","article_published_time":"2016-10-24T20:00:00+00:00","og_image":[{"url":"https:\/\/hoyre.no\/content\/uploads\/sites\/76\/2023\/07\/Jane-2-1024x683.jpg","width":"","height":"","type":""}],"twitter_card":"summary_large_image","twitter_misc":{"Ansl. lesetid":"2 minutter"},"schema":{"@context":"https:\/\/schema.org","@graph":[{"@type":"NewsArticle","@id":"https:\/\/hoyre.no\/hamar\/aktuelt\/hoyres-justisfraksjo\/","url":"https:\/\/hoyre.no\/hamar\/aktuelt\/hoyres-justisfraksjo\/","name":"H\u00f8yres justisfraksjon p\u00e5 bes\u00f8k i Innlandet - Hamar H\u00f8yre","isPartOf":{"@id":"https:\/\/hoyre.no\/hamar\/#website"},"datePublished":"2016-10-24T20:00:00+00:00","author":{"@id":""},"breadcrumb":{"@id":"https:\/\/hoyre.no\/hamar\/aktuelt\/hoyres-justisfraksjo\/#breadcrumb"},"inLanguage":"nb-NO","potentialAction":[{"@type":"ReadAction","target":["https:\/\/hoyre.no\/hamar\/aktuelt\/hoyres-justisfraksjo\/"]}]},{"@type":"BreadcrumbList","@id":"https:\/\/hoyre.no\/hamar\/aktuelt\/hoyres-justisfraksjo\/#breadcrumb","itemListElement":[{"@type":"ListItem","position":1,"name":"Til hoyre.no","item":"https:\/\/hoyre.no"},{"@type":"ListItem","position":2,"name":"Hjem","item":"https:\/\/hoyre.no\/hamar\/"},{"@type":"ListItem","position":3,"name":"H\u00f8yres justisfraksjon p\u00e5 bes\u00f8k i Innlandet"}]},{"@type":"WebSite","@id":"https:\/\/hoyre.no\/hamar\/#website","url":"https:\/\/hoyre.no\/hamar\/","name":"Hamar H\u00f8yre","description":"Bare enda et H\u00f8yres nettsteder-nettsted","inLanguage":"nb-NO"}]}},"distributor_meta":false,"distributor_terms":false,"distributor_media":false,"distributor_original_site_name":"Hamar H\u00f8yre","distributor_original_site_url":"https:\/\/hoyre.no\/hamar","push-errors":false,"_links":{"self":[{"href":"https:\/\/hoyre.no\/hamar\/wp-json\/wp\/v2\/posts\/39","targetHints":{"allow":["GET"]}}],"collection":[{"href":"https:\/\/hoyre.no\/hamar\/wp-json\/wp\/v2\/posts"}],"about":[{"href":"https:\/\/hoyre.no\/hamar\/wp-json\/wp\/v2\/types\/post"}],"replies":[{"embeddable":true,"href":"https:\/\/hoyre.no\/hamar\/wp-json\/wp\/v2\/comments?post=39"}],"version-history":[{"count":0,"href":"https:\/\/hoyre.no\/hamar\/wp-json\/wp\/v2\/posts\/39\/revisions"}],"wp:attachment":[{"href":"https:\/\/hoyre.no\/hamar\/wp-json\/wp\/v2\/media?parent=39"}],"wp:term":[{"taxonomy":"category","embeddable":true,"href":"https:\/\/hoyre.no\/hamar\/wp-json\/wp\/v2\/category?post=39"},{"taxonomy":"post_tag","embeddable":true,"href":"https:\/\/hoyre.no\/hamar\/wp-json\/wp\/v2\/post_tag?post=39"},{"taxonomy":"hoyre-visibility","embeddable":true,"href":"https:\/\/hoyre.no\/hamar\/wp-json\/wp\/v2\/hoyre-visibility?post=39"},{"taxonomy":"article-type","embeddable":true,"href":"https:\/\/hoyre.no\/hamar\/wp-json\/wp\/v2\/article-type?post=39"},{"taxonomy":"politician","embeddable":true,"href":"https:\/\/hoyre.no\/hamar\/wp-json\/wp\/v2\/politician?post=39"}],"curies":[{"name":"wp","href":"https:\/\/api.w.org\/{rel}","templated":true}]}}