{"id":45,"date":"2016-11-15T23:00:00","date_gmt":"2016-11-15T22:00:00","guid":{"rendered":"https:\/\/hoyre.no\/hamar\/aktuelt\/medlemsmote-vedtok-k\/"},"modified":"2016-11-15T23:00:00","modified_gmt":"2016-11-15T22:00:00","slug":"medlemsmote-vedtok-k","status":"publish","type":"post","link":"https:\/\/hoyre.no\/hamar\/aktuelt\/medlemsmote-vedtok-k\/","title":{"rendered":"H\u00f8yres medlemsm\u00f8te vedtok K3 \u00d8st"},"content":{"rendered":"<p class=\"preamble\">Hamar H\u00f8yre har, p\u00e5 medlemsm\u00f8te 16. november 2016, vedtatt sitt offisielle standpunkt i saken om jernbanetras\u00e9 gjennom Hamar.<\/p>\t\t\t<div class=\"post-meta wp-block teft-byline-wrapper\">\n\t\t\t\t<div class=\"top\">\n\t\t\t\t\t<div class=\"signature\">\n\t\t\t\t\t\t<div class=\"teft-byline\">\n\t\t\t\t\t\t\t\t\t\t\t\t\t\t<div>\n\t\t\t\t\t\t\t\t<h3>H\u00f8yres redaksjon<\/h3>\t\t\t\t\t\t\t\t\n\t\t\t\t\t\t\t\t\t\t\t\t\t\t\t\t\t<span class=\"date\">Sist oppdatert: 15. november 2016<\/span>\n\t\t\t\t\t\t\t\t\t\t\t\t\t\t\t\t\t\t\t\t\t\t\t\t\t<span class=\"reading-time\" itemprop=\"timeRequired\" content=\"PT1M\"><em>Ca. 1 minutter lesetid<\/em><\/span>\n\t\t\t\t\t\t\t\t\t\t\t\t\t\t\t<\/div>\n\t\t\t\t\t\t<\/div>\n\t\t\t\t\t<\/div>\n\t\t\t\t\t\t<div class=\"sharing\">\n\t\t<a class=\"share-button share-link copy-link\" data-copy=\"https:\/\/hoyre.no\/hamar\/aktuelt\/medlemsmote-vedtok-k\/\" target=\"_blank\"><span class=\"screen-reader-text\">Del link<\/span><\/a>\n\t\t<a class=\"share-button share-twitter\" href=\"http:\/\/twitter.com\/share?text=H\u00f8yres medlemsm\u00f8te vedtok K3 \u00d8st&#038;url=https:\/\/hoyre.no\/hamar\/aktuelt\/medlemsmote-vedtok-k\/&#038;hashtags=Hoyre\" target=\"_blank\"><span class=\"screen-reader-text\">Del p\u00e5 twitter<\/span><\/a>\n\t\t<a class=\"share-button share-facebook\" href=\"https:\/\/www.facebook.com\/sharer\/sharer.php?u=https:\/\/hoyre.no\/hamar\/aktuelt\/medlemsmote-vedtok-k\/\" target=\"_blank\"><span class=\"screen-reader-text\">Del p\u00e5 facebook<\/span><\/a>\n\t<\/div>\n\t\t\t\t\t<\/div>\n\t\t\t<\/div>\n\n\t\t\t<figure class=\"hoyre-image-wrapper\"><div class=\"hoyre-image\"><img loading=\"lazy\" decoding=\"async\" width=\"1364\" height=\"694\" src=\"https:\/\/hoyre.no\/content\/uploads\/sites\/76\/2020\/11\/k3-ost.jpg\" class=\"attachment-scaled size-scaled\" alt=\"\" style=\"object-position: 50% 50%\" srcset=\"https:\/\/hoyre.no\/content\/uploads\/sites\/76\/2020\/11\/k3-ost.jpg 1364w, https:\/\/hoyre.no\/content\/uploads\/sites\/76\/2020\/11\/k3-ost-300x153.jpg 300w, https:\/\/hoyre.no\/content\/uploads\/sites\/76\/2020\/11\/k3-ost-1024x521.jpg 1024w, https:\/\/hoyre.no\/content\/uploads\/sites\/76\/2020\/11\/k3-ost-768x391.jpg 768w\" sizes=\"auto, (max-width: 1364px) 100vw, 1364px\" \/><\/div><\/figure><div id=\"hoyre-old-article-content-wrapper\"><p> I valgene mellom de fire alternativene, korridor 1 med bro eller kulvert, korridor 2 Midt og korridor 3 \u00d8st, har Hamar H\u00f8yre vedtatt korridor 3 \u00d8st som sitt foretrukne alternativ. <\/p><p>Medlemsm\u00f8tet ble avholdt p\u00e5 Hamar R\u00e5dhus. Det f\u00f8rste som ble avklart var at Hamar H\u00f8yres representanter ikke g\u00e5r i mot det valgprogrammet de ble valgt p\u00e5. Hamar H\u00f8yres program sier:<\/p><p><em>Hamar H\u00f8yre vil jobbe for en jernbanel\u00f8sning som bevarer og \u00e5pner dagens strandsone for \u00e5 frigi arealer for utvikling i sentrum, og en l\u00f8sning som gir plass til en fremtidsrettet stasjonsl\u00f8sning.<\/em><\/p><p>Dette vil si at begge de to vest-alternativene var utelukket for Hamar H\u00f8yre. Da gjensto to alternativer \u00e5 diskutere, korridor 2 og korridor 3. Etter lange diskusjoner og veiing av argumenter for og i mot, ble det flertall i medlemsm\u00f8tet for korridor 3, med jernbanestasjon ved Vikingskipet.<\/p><p><br \/><\/p><\/div>\n<div class=\"tags\">\n\t<\/div>\n<div class=\"post-footer alignfull has-background block-editor-block-list__block\" data-align=full>\n\t<div class=\"post-footer-inner\">\n\t\t<h3>Relaterte artikler<\/h3>\n\t\t<div class=\"related-content\"><div class=\"is-card-hoyre\">\n\t<div class=\"teft-card hoyre-teft-card post-teft-card\">\n\t\t<a href=\"https:\/\/hoyre.no\/hamar\/aktuelt\/maren-er-ny-leder-av-kvinneforum\/\" class=\"teft-card__primary-action\">\n\n\t\t\t\t\t<div class=\"teft-card__media teft-card__media--16-9\">\n\t\t\t\t\t\t<img loading=\"lazy\" decoding=\"async\" width=\"768\" height=\"766\" src=\"https:\/\/hoyre.no\/content\/uploads\/sites\/76\/2026\/01\/image1-768x766.jpeg\" class=\"attachment-medium_large size-medium_large\" alt=\"\" srcset=\"https:\/\/hoyre.no\/content\/uploads\/sites\/76\/2026\/01\/image1-768x766.jpeg 768w, https:\/\/hoyre.no\/content\/uploads\/sites\/76\/2026\/01\/image1-300x300.jpeg 300w, https:\/\/hoyre.no\/content\/uploads\/sites\/76\/2026\/01\/image1-150x150.jpeg 150w, https:\/\/hoyre.no\/content\/uploads\/sites\/76\/2026\/01\/image1.jpeg 960w\" sizes=\"auto, (max-width: 768px) 100vw, 768px\" \/>\t\t<\/div>\n\t\t\n\t\t\t<div class=\"teft-card__content-wrapper\">\n\t\t\t\t<div class=\"teft-card__secondary\">\n\t\t\t\t\t\n\t\t\t\t\t\t\t\t<div class=\"teft-card__meta\">\n\t\t\t\t\t\t\t\t\t<span class=\"post-date\">11. jan 2026<\/span>\n\n\t\t\t\t\t\t\t\t\t<span class=\"post-category\">Kvinneforum<\/span>\t\t\t\t\t\t\t\t<\/div>\n\t\t\t\t\t\t\t\t\t\t\t<\/div>\n\n\t\t\t\t<div class=\"teft-card__primary\">\n\t\t\t\t\t<h2 class=\"teft-card__title\">Maren er ny leder av kvinneforum&nbsp;<span class=\"teft-card__primary-title-append\"><\/span><\/h2>\t\t\t\t<\/div>\n\t\t\t<\/div>\n\t\t<\/a>\n\t<\/div>\n\n\t<\/div><div class=\"is-card-hoyre\">\n\t<div class=\"teft-card hoyre-teft-card post-teft-card\">\n\t\t<a href=\"https:\/\/hoyre.no\/hamar\/aktuelt\/noen-ma-vaere-forst-med-a-avvikle-fylkeskommunen\/\" class=\"teft-card__primary-action\">\n\n\t\t\t\t\t<div class=\"teft-card__media teft-card__media--16-9\">\n\t\t\t\t\t\t<img loading=\"lazy\" decoding=\"async\" width=\"768\" height=\"512\" src=\"https:\/\/hoyre.no\/content\/uploads\/sites\/76\/2022\/09\/hamar-768x512.jpg\" class=\"attachment-medium_large size-medium_large\" alt=\"Hamar\" srcset=\"https:\/\/hoyre.no\/content\/uploads\/sites\/76\/2022\/09\/hamar-768x512.jpg 768w, https:\/\/hoyre.no\/content\/uploads\/sites\/76\/2022\/09\/hamar-300x200.jpg 300w, https:\/\/hoyre.no\/content\/uploads\/sites\/76\/2022\/09\/hamar-1024x683.jpg 1024w, https:\/\/hoyre.no\/content\/uploads\/sites\/76\/2022\/09\/hamar-1536x1024.jpg 1536w, https:\/\/hoyre.no\/content\/uploads\/sites\/76\/2022\/09\/hamar-2048x1365.jpg 2048w\" sizes=\"auto, (max-width: 768px) 100vw, 768px\" \/>\t\t<\/div>\n\t\t\n\t\t\t<div class=\"teft-card__content-wrapper\">\n\t\t\t\t<div class=\"teft-card__secondary\">\n\t\t\t\t\t\n\t\t\t\t\t\t\t\t<div class=\"teft-card__meta\">\n\t\t\t\t\t\t\t\t\t<span class=\"post-date\">10. jan 2026<\/span>\n\n\t\t\t\t\t\t\t\t\t<span class=\"post-category\">Fylkeskommunen<\/span>\t\t\t\t\t\t\t\t<\/div>\n\t\t\t\t\t\t\t\t\t\t\t<\/div>\n\n\t\t\t\t<div class=\"teft-card__primary\">\n\t\t\t\t\t<h2 class=\"teft-card__title\">Noen m\u00e5 v\u00e6re f\u00f8rst med \u00e5 avvikle fylkeskommunen&nbsp;<span class=\"teft-card__primary-title-append\"><\/span><\/h2>\t\t\t\t<\/div>\n\t\t\t<\/div>\n\t\t<\/a>\n\t<\/div>\n\n\t<\/div><div class=\"is-card-hoyre\">\n\t<div class=\"teft-card hoyre-teft-card post-teft-card\">\n\t\t<a href=\"https:\/\/hoyre.no\/hamar\/aktuelt\/anna-og-yngve-pa-topp-for-hedmark\/\" class=\"teft-card__primary-action\">\n\n\t\t\t\t\t<div class=\"teft-card__media teft-card__media--16-9\">\n\t\t\t\t\t\t<img loading=\"lazy\" decoding=\"async\" width=\"768\" height=\"635\" src=\"https:\/\/hoyre.no\/content\/uploads\/sites\/76\/2024\/11\/Skjermbilde-2024-11-16-kl.-18.28.51-768x635.png\" class=\"attachment-medium_large size-medium_large\" alt=\"\" srcset=\"https:\/\/hoyre.no\/content\/uploads\/sites\/76\/2024\/11\/Skjermbilde-2024-11-16-kl.-18.28.51-768x635.png 768w, https:\/\/hoyre.no\/content\/uploads\/sites\/76\/2024\/11\/Skjermbilde-2024-11-16-kl.-18.28.51-300x248.png 300w, https:\/\/hoyre.no\/content\/uploads\/sites\/76\/2024\/11\/Skjermbilde-2024-11-16-kl.-18.28.51.png 882w\" sizes=\"auto, (max-width: 768px) 100vw, 768px\" \/>\t\t<\/div>\n\t\t\n\t\t\t<div class=\"teft-card__content-wrapper\">\n\t\t\t\t<div class=\"teft-card__secondary\">\n\t\t\t\t\t\n\t\t\t\t\t\t\t\t<div class=\"teft-card__meta\">\n\t\t\t\t\t\t\t\t\t<span class=\"post-date\">16. nov 2024<\/span>\n\n\t\t\t\t\t\t\t\t\t<span class=\"post-category\">Stortingsvalg<\/span>\t\t\t\t\t\t\t\t<\/div>\n\t\t\t\t\t\t\t\t\t\t\t<\/div>\n\n\t\t\t\t<div class=\"teft-card__primary\">\n\t\t\t\t\t<h2 class=\"teft-card__title\">Anna og Yngve p\u00e5 topp for Hedmark!&nbsp;<span class=\"teft-card__primary-title-append\"><\/span><\/h2>\t\t\t\t<\/div>\n\t\t\t<\/div>\n\t\t<\/a>\n\t<\/div>\n\n\t<\/div><\/div>\t<\/div>\n<\/div>\n","protected":false},"excerpt":{"rendered":"","protected":false},"author":0,"featured_media":0,"comment_status":"closed","ping_status":"closed","sticky":false,"template":"","format":"standard","meta":{"teft_cards_image_url":"https:\/\/hoyre.no\/content\/uploads\/sites\/76\/2020\/11\/k3-ost.jpg","teft_cards_custom_pretitle":"","teft_cards_image_id":44,"teft_cards_image_focal_point_x":0,"teft_cards_image_focal_point_y":0,"teft_cards_title":"","teft_cards_excerpt":"","teft_show_chapters":false,"author_display_name":"Styreleder Jane Meyer","footnotes":""},"category":[1],"post_tag":[],"hoyre-visibility":[],"article-type":[],"politician":[],"class_list":["post-45","post","type-post","status-publish","format-standard","hentry","category-ukategorisert"],"yoast_head":"<!-- This site is optimized with the Yoast SEO plugin v26.6 - https:\/\/yoast.com\/wordpress\/plugins\/seo\/ -->\n<title>H\u00f8yres medlemsm\u00f8te vedtok K3 \u00d8st - Hamar H\u00f8yre<\/title>\n<meta name=\"robots\" content=\"index, follow, max-snippet:-1, max-image-preview:large, max-video-preview:-1\" \/>\n<link rel=\"canonical\" href=\"https:\/\/hoyre.no\/hamar\/aktuelt\/medlemsmote-vedtok-k\/\" \/>\n<meta property=\"og:locale\" content=\"nb_NO\" \/>\n<meta property=\"og:type\" content=\"article\" \/>\n<meta property=\"og:title\" content=\"H\u00f8yres medlemsm\u00f8te vedtok K3 \u00d8st - Hamar H\u00f8yre\" \/>\n<meta property=\"og:url\" content=\"https:\/\/hoyre.no\/hamar\/aktuelt\/medlemsmote-vedtok-k\/\" \/>\n<meta property=\"og:site_name\" content=\"Hamar H\u00f8yre\" \/>\n<meta property=\"article:published_time\" content=\"2016-11-15T22:00:00+00:00\" \/>\n<meta property=\"og:image\" content=\"https:\/\/hoyre.no\/content\/uploads\/sites\/76\/2023\/07\/Jane-2-1024x683.jpg\" \/>\n<meta name=\"twitter:card\" content=\"summary_large_image\" \/>\n<meta name=\"twitter:label1\" content=\"Ansl. lesetid\" \/>\n\t<meta name=\"twitter:data1\" content=\"1 minutt\" \/>\n<script type=\"application\/ld+json\" class=\"yoast-schema-graph\">{\"@context\":\"https:\/\/schema.org\",\"@graph\":[{\"@type\":\"NewsArticle\",\"@id\":\"https:\/\/hoyre.no\/hamar\/aktuelt\/medlemsmote-vedtok-k\/\",\"url\":\"https:\/\/hoyre.no\/hamar\/aktuelt\/medlemsmote-vedtok-k\/\",\"name\":\"H\u00f8yres medlemsm\u00f8te vedtok K3 \u00d8st - Hamar H\u00f8yre\",\"isPartOf\":{\"@id\":\"https:\/\/hoyre.no\/hamar\/#website\"},\"datePublished\":\"2016-11-15T22:00:00+00:00\",\"author\":{\"@id\":\"\"},\"breadcrumb\":{\"@id\":\"https:\/\/hoyre.no\/hamar\/aktuelt\/medlemsmote-vedtok-k\/#breadcrumb\"},\"inLanguage\":\"nb-NO\",\"potentialAction\":[{\"@type\":\"ReadAction\",\"target\":[\"https:\/\/hoyre.no\/hamar\/aktuelt\/medlemsmote-vedtok-k\/\"]}]},{\"@type\":\"BreadcrumbList\",\"@id\":\"https:\/\/hoyre.no\/hamar\/aktuelt\/medlemsmote-vedtok-k\/#breadcrumb\",\"itemListElement\":[{\"@type\":\"ListItem\",\"position\":1,\"name\":\"Til hoyre.no\",\"item\":\"https:\/\/hoyre.no\"},{\"@type\":\"ListItem\",\"position\":2,\"name\":\"Hjem\",\"item\":\"https:\/\/hoyre.no\/hamar\/\"},{\"@type\":\"ListItem\",\"position\":3,\"name\":\"H\u00f8yres medlemsm\u00f8te vedtok K3 \u00d8st\"}]},{\"@type\":\"WebSite\",\"@id\":\"https:\/\/hoyre.no\/hamar\/#website\",\"url\":\"https:\/\/hoyre.no\/hamar\/\",\"name\":\"Hamar H\u00f8yre\",\"description\":\"Bare enda et H\u00f8yres nettsteder-nettsted\",\"inLanguage\":\"nb-NO\"}]}<\/script>\n<!-- \/ Yoast SEO plugin. -->","yoast_head_json":{"title":"H\u00f8yres medlemsm\u00f8te vedtok K3 \u00d8st - Hamar H\u00f8yre","robots":{"index":"index","follow":"follow","max-snippet":"max-snippet:-1","max-image-preview":"max-image-preview:large","max-video-preview":"max-video-preview:-1"},"canonical":"https:\/\/hoyre.no\/hamar\/aktuelt\/medlemsmote-vedtok-k\/","og_locale":"nb_NO","og_type":"article","og_title":"H\u00f8yres medlemsm\u00f8te vedtok K3 \u00d8st - Hamar H\u00f8yre","og_url":"https:\/\/hoyre.no\/hamar\/aktuelt\/medlemsmote-vedtok-k\/","og_site_name":"Hamar H\u00f8yre","article_published_time":"2016-11-15T22:00:00+00:00","og_image":[{"url":"https:\/\/hoyre.no\/content\/uploads\/sites\/76\/2023\/07\/Jane-2-1024x683.jpg","width":"","height":"","type":""}],"twitter_card":"summary_large_image","twitter_misc":{"Ansl. lesetid":"1 minutt"},"schema":{"@context":"https:\/\/schema.org","@graph":[{"@type":"NewsArticle","@id":"https:\/\/hoyre.no\/hamar\/aktuelt\/medlemsmote-vedtok-k\/","url":"https:\/\/hoyre.no\/hamar\/aktuelt\/medlemsmote-vedtok-k\/","name":"H\u00f8yres medlemsm\u00f8te vedtok K3 \u00d8st - Hamar H\u00f8yre","isPartOf":{"@id":"https:\/\/hoyre.no\/hamar\/#website"},"datePublished":"2016-11-15T22:00:00+00:00","author":{"@id":""},"breadcrumb":{"@id":"https:\/\/hoyre.no\/hamar\/aktuelt\/medlemsmote-vedtok-k\/#breadcrumb"},"inLanguage":"nb-NO","potentialAction":[{"@type":"ReadAction","target":["https:\/\/hoyre.no\/hamar\/aktuelt\/medlemsmote-vedtok-k\/"]}]},{"@type":"BreadcrumbList","@id":"https:\/\/hoyre.no\/hamar\/aktuelt\/medlemsmote-vedtok-k\/#breadcrumb","itemListElement":[{"@type":"ListItem","position":1,"name":"Til hoyre.no","item":"https:\/\/hoyre.no"},{"@type":"ListItem","position":2,"name":"Hjem","item":"https:\/\/hoyre.no\/hamar\/"},{"@type":"ListItem","position":3,"name":"H\u00f8yres medlemsm\u00f8te vedtok K3 \u00d8st"}]},{"@type":"WebSite","@id":"https:\/\/hoyre.no\/hamar\/#website","url":"https:\/\/hoyre.no\/hamar\/","name":"Hamar H\u00f8yre","description":"Bare enda et H\u00f8yres nettsteder-nettsted","inLanguage":"nb-NO"}]}},"distributor_meta":false,"distributor_terms":false,"distributor_media":false,"distributor_original_site_name":"Hamar H\u00f8yre","distributor_original_site_url":"https:\/\/hoyre.no\/hamar","push-errors":false,"_links":{"self":[{"href":"https:\/\/hoyre.no\/hamar\/wp-json\/wp\/v2\/posts\/45","targetHints":{"allow":["GET"]}}],"collection":[{"href":"https:\/\/hoyre.no\/hamar\/wp-json\/wp\/v2\/posts"}],"about":[{"href":"https:\/\/hoyre.no\/hamar\/wp-json\/wp\/v2\/types\/post"}],"replies":[{"embeddable":true,"href":"https:\/\/hoyre.no\/hamar\/wp-json\/wp\/v2\/comments?post=45"}],"version-history":[{"count":0,"href":"https:\/\/hoyre.no\/hamar\/wp-json\/wp\/v2\/posts\/45\/revisions"}],"wp:attachment":[{"href":"https:\/\/hoyre.no\/hamar\/wp-json\/wp\/v2\/media?parent=45"}],"wp:term":[{"taxonomy":"category","embeddable":true,"href":"https:\/\/hoyre.no\/hamar\/wp-json\/wp\/v2\/category?post=45"},{"taxonomy":"post_tag","embeddable":true,"href":"https:\/\/hoyre.no\/hamar\/wp-json\/wp\/v2\/post_tag?post=45"},{"taxonomy":"hoyre-visibility","embeddable":true,"href":"https:\/\/hoyre.no\/hamar\/wp-json\/wp\/v2\/hoyre-visibility?post=45"},{"taxonomy":"article-type","embeddable":true,"href":"https:\/\/hoyre.no\/hamar\/wp-json\/wp\/v2\/article-type?post=45"},{"taxonomy":"politician","embeddable":true,"href":"https:\/\/hoyre.no\/hamar\/wp-json\/wp\/v2\/politician?post=45"}],"curies":[{"name":"wp","href":"https:\/\/api.w.org\/{rel}","templated":true}]}}