{"id":493,"date":"2025-02-15T16:09:11","date_gmt":"2025-02-15T15:09:11","guid":{"rendered":"https:\/\/hoyre.no\/hamar\/?p=493"},"modified":"2025-02-16T09:17:06","modified_gmt":"2025-02-16T08:17:06","slug":"hoyre-har-losningene","status":"publish","type":"post","link":"https:\/\/hoyre.no\/hamar\/aktuelt\/hoyre-har-losningene\/","title":{"rendered":"H\u00f8yre har l\u00f8sningene!"},"content":{"rendered":"\n<p class=\"preamble\">Under Innlandet H\u00f8yre sitt \u00e5rsm\u00f8te holdt Anna Molberg innlegg til den generelle debatten. Les hele innlegget her!<\/p>\t\t\t<div class=\"post-meta wp-block teft-byline-wrapper\">\n\t\t\t\t<div class=\"top\">\n\t\t\t\t\t<div class=\"signature\">\n\t\t\t\t\t\t<div class=\"teft-byline\">\n\t\t\t\t\t\t\t\t\t\t\t\t\t\t<div>\n\t\t\t\t\t\t\t\t<h3>H\u00f8yres redaksjon<\/h3>\t\t\t\t\t\t\t\t\n\t\t\t\t\t\t\t\t\t\t\t\t\t\t\t\t\t<span class=\"date\">Sist oppdatert: 16. februar 2025<\/span>\n\t\t\t\t\t\t\t\t\t\t\t\t\t\t\t\t\t\t\t\t\t\t\t\t\t<span class=\"reading-time\" itemprop=\"timeRequired\" content=\"PT4M\"><em>Ca. 4 minutter lesetid<\/em><\/span>\n\t\t\t\t\t\t\t\t\t\t\t\t\t\t\t<\/div>\n\t\t\t\t\t\t<\/div>\n\t\t\t\t\t<\/div>\n\t\t\t\t\t\t<div class=\"sharing\">\n\t\t<a class=\"share-button share-link copy-link\" data-copy=\"https:\/\/hoyre.no\/hamar\/aktuelt\/hoyre-har-losningene\/\" target=\"_blank\"><span class=\"screen-reader-text\">Del link<\/span><\/a>\n\t\t<a class=\"share-button share-twitter\" href=\"http:\/\/twitter.com\/share?text=H\u00f8yre har l\u00f8sningene!&#038;url=https:\/\/hoyre.no\/hamar\/aktuelt\/hoyre-har-losningene\/&#038;hashtags=Hoyre\" target=\"_blank\"><span class=\"screen-reader-text\">Del p\u00e5 twitter<\/span><\/a>\n\t\t<a class=\"share-button share-facebook\" href=\"https:\/\/www.facebook.com\/sharer\/sharer.php?u=https:\/\/hoyre.no\/hamar\/aktuelt\/hoyre-har-losningene\/\" target=\"_blank\"><span class=\"screen-reader-text\">Del p\u00e5 facebook<\/span><\/a>\n\t<\/div>\n\t\t\t\t\t<\/div>\n\t\t\t<\/div>\n\n\t\t\t<figure class=\"hoyre-image-wrapper\"><div class=\"hoyre-image\"><img loading=\"lazy\" decoding=\"async\" width=\"2500\" height=\"2500\" src=\"https:\/\/hoyre.no\/content\/uploads\/sites\/76\/2025\/02\/Bilde-Anna-edited-scaled.jpg\" class=\"attachment-scaled size-scaled\" alt=\"\" style=\"object-position: 50% 50%\" srcset=\"https:\/\/hoyre.no\/content\/uploads\/sites\/76\/2025\/02\/Bilde-Anna-edited-scaled.jpg 2500w, https:\/\/hoyre.no\/content\/uploads\/sites\/76\/2025\/02\/Bilde-Anna-edited-300x300.jpg 300w, https:\/\/hoyre.no\/content\/uploads\/sites\/76\/2025\/02\/Bilde-Anna-edited-1024x1024.jpg 1024w, https:\/\/hoyre.no\/content\/uploads\/sites\/76\/2025\/02\/Bilde-Anna-edited-150x150.jpg 150w, https:\/\/hoyre.no\/content\/uploads\/sites\/76\/2025\/02\/Bilde-Anna-edited-768x768.jpg 768w, https:\/\/hoyre.no\/content\/uploads\/sites\/76\/2025\/02\/Bilde-Anna-edited-1536x1536.jpg 1536w, https:\/\/hoyre.no\/content\/uploads\/sites\/76\/2025\/02\/Bilde-Anna-edited-2048x2048.jpg 2048w\" sizes=\"auto, (max-width: 2500px) 100vw, 2500px\" \/><\/div><figcaption class=\"caption\">Anna Molberg fra talerstolen<\/figcaption><\/figure>\n\n\n\n<p>Vi gjennomg\u00e5r n\u00e5 en periode hvor vi for f\u00f8rste gang p\u00e5 veldig lenge opplever litt d\u00e5rlige meningsm\u00e5linger. Mange av de s\u00e5kalte lilla velgerne som lenge oppga at de vil stemme p\u00e5 H\u00f8yre, har akkurat n\u00e5 g\u00e5tt ned fra gjerdet over til Arbeiderpartiet &#8211; eller n\u00e6rmere bestemt Jens Stoltenberg. Samtidig har vi lekket rundt 130 000 velgere til Fremskrittspartiet.<\/p>\n\n\n\n<p>Det er n\u00e5 vi f\u00e5r bekreftet at det er hold i p\u00e5standen om at meningsm\u00e5linger svinger. Ja de kan svinge helt enormt! <\/p>\n\n\n\n<p>Og det kan de fremdeles gj\u00f8re -tilbake til v\u00e5r fordel. La meg minne oss alle p\u00e5 hvorfor:<\/p>\n\n\n\n<p>Jens Stoltenberg er popul\u00e6r og en sv\u00e6rt respektabel mann, men han representerer ogs\u00e5 et parti som har bidratt til at rekordmange bedriftseiere flytter ut av landet. Et parti som har hisset p\u00e5 seg n\u00e6ringslivet og \u00f8kt skattene massivt p\u00e5 norsk verdiskapning. <\/p>\n\n\n\n<p>Han representerer et parti som har vanskeliggjort bedriftenes tilgang p\u00e5 arbeidsplasser ved \u00e5 b\u00e5de forby og begrense innleie. <\/p>\n\n\n\n<p>Han representerer et parti som ikke gj\u00f8r noe med at helsek\u00f8ene \u00f8ker. 266 000 nordmenn venter p\u00e5 behandling, og k\u00f8ene har \u00f8kt med 14 dager. Det private helseforetaket Aleris har g\u00e5tt fra \u00e5 behandle 50 % av pasientene p\u00e5 det offentliges regning til bare 8 %. Samtidig legges rusinstitusjoner ned b\u00e5de i Innlandet og ellers i landet fordi man ser en vegring mot bruk av alt som ikke er offentlig. <\/p>\n\n\n\n<p>Det er fremdeles et h\u00f8yt skattetrykk p\u00e5 norske l\u00f8nninger, og folk opplever ikke \u00e5 f\u00e5 bedre r\u00e5d. Et etterlengtet rentekutt har latt vente p\u00e5 seg, og lar fremdeles vente p\u00e5 seg, blant annet fordi Arbeiderpartiet bruker MYE oljepenger for \u00e5 lande budsjettene sine med SV.<\/p>\n\n\n\n<p>Arbeiderpartiet har heller ikke klart \u00e5 snu utviklingen i kriminalitetsbildet. Daglig ser vi voldsepisoder, knivstikkinger og skyting i landets hovedstad, og ungdomskriminaliteten sprer seg i h\u00f8yeste grad ogs\u00e5 til Innlandet. P\u00e5 Hamar har vi hatt mange grove tilfeller av vold beg\u00e5tt av sv\u00e6rt unge mennesker og Politiet i Innlandet har 85 f\u00e6rre polititjenestemenn p\u00e5 jobb sammenlignet med 2021.<\/p>\n\n\n\n<p>N\u00e5r det gjelder skole presterer elevene v\u00e5re d\u00e5rligere. Regjeringens svar har v\u00e6rt \u00e5 fjerne kompetansekravene vi innf\u00f8rte for l\u00e6rerne. Det tilbys ikke nok tilpasset oppl\u00e6ring for \u00e5 hjelpe faglig svake elever, og heller gj\u00f8res det ingenting for \u00e5 l\u00f8fte de sterke. Og regjeringen har brukt uforholdsmessig mye tid p\u00e5 \u00e5 diskutere H\u00f8yres frav\u00e6rsgrense, fremfor \u00e5 l\u00e6re barn \u00e5 regne.<\/p>\n\n\n\n<p>Dette kj\u00e6re venner, er en viktig p\u00e5minnelse til oss selv, og som vi skal kommunisere videre ut til velgerne. Stoltenberg er et nytt tilskudd, men politikken er den samme.<\/p>\n\n\n\n<p>Ja, vi kan og skal v\u00e6re mer tydelige. Nei, vi sitter ikke stille i b\u00e5ten. Ja, H\u00f8yre skal p\u00e5 banen. Er det noe Erna, v\u00e5r statsministerkandidat, er god p\u00e5 &#8211; s\u00e5 er det \u00e5 h\u00e5ndtere motgang og omstille seg. Og jeg ser det i media nesten daglig n\u00e5. Hun har den erfaringen og kunnskapen en statsleder trenger i en urolig tid.<\/p>\n\n\n\n<p>For n\u00e5 er vi faktisk der at vi ikke ta sikkerhetsgarantiene fra USA for gitt. Det snakkes om at det USA vi alle er s\u00e5 glade i, ikke lenger deler v\u00e5re verdier. Det er en vond p\u00e5stand som jeg frykter kan bli og er reell. Og som Henrik Asheim sa, det kan godt hende valget i \u00e5r vil handle om utenrikspolitikk: <\/p>\n\n\n\n<p>I m\u00f8te med den nye administrasjonen p\u00e5 andre siden av Atlanterhavet, s\u00e5 har vi en partileder som har h\u00e5ndtert Trump tidligere, hun var blant de f\u00f8rste statslederne som fikk audiens fordi Norge har kj\u00f8pt amerikanske jagerfly. Hun fant tonen med selveste Donald Trump &#8211; og en slik erfaring er faktisk viktigere \u00e5 ha enn noen gang.<\/p>\n\n\n\n<p>Jeg tror meningsm\u00e5lingene vil jevne seg ut &#8211; og et borgerlig flertall er s\u00e5 absolutt innen rekkevidde.<\/p>\n\n\n\n<p>Vi har l\u00f8sninger p\u00e5 \u00f8konomi &#8211; lavere skatt til alle, \u00f8kt barnetrygd, mindre sl\u00f8sing. Vi har l\u00f8sninger p\u00e5 str\u00f8m &#8211; mer tilbakebetaling til folk, fastprisavtaler og st\u00f8tte til bedrifter med h\u00f8ye str\u00f8mregninger. Vi har l\u00f8sninger p\u00e5 justis &#8211; mer politi som forh\u00e5pentligvis blir fast bev\u00e6pnet. Og vi har konkret politikk for \u00e5 stanse utviklingen med unge uf\u00f8re. Og som det har blitt sagt i dag: folk kan stole p\u00e5 H\u00f8yre i utenriks- og sikkerhetspolitikken.<\/p>\n\n\n\n<p>S\u00e5 n\u00e5 starter jobben med \u00e5 kommunisere politikken v\u00e5r &#8211; tydelig, enkelt, klart. Vi m\u00e5 like og dele, og v\u00e6re et samlet H\u00f8yre-team som skal banke d\u00f8rer i august og september.<\/p>\n\n\n\n<p>Jeg h\u00e5per dere alle er med, er optimistiske og har troen p\u00e5 valgseier i september. Det har hvertfall jeg.<\/p>\n\n\n\n\n<p><\/p>\n\n\n<div class=\"tags\">\n\t\t<div class=\"wp-block-tag-cloud\">\n\t\t\t\t\t<a href=\"https:\/\/hoyre.no\/hamar\/aktuelt\/tag\/stortingsvalg\/\" class=\"tag-cloud-link\">Stortingsvalg<\/a>\n\t\t\t<\/div>\n\t<\/div>\n<div class=\"post-footer alignfull has-background block-editor-block-list__block\" data-align=full>\n\t<div class=\"post-footer-inner\">\n\t\t<h3>Relaterte artikler<\/h3>\n\t\t<div class=\"related-content\"><div class=\"is-card-hoyre\">\n\t<div class=\"teft-card hoyre-teft-card post-teft-card\">\n\t\t<a href=\"https:\/\/hoyre.no\/hamar\/aktuelt\/maren-er-ny-leder-av-kvinneforum\/\" class=\"teft-card__primary-action\">\n\n\t\t\t\t\t<div class=\"teft-card__media teft-card__media--16-9\">\n\t\t\t\t\t\t<img loading=\"lazy\" decoding=\"async\" width=\"768\" height=\"766\" src=\"https:\/\/hoyre.no\/content\/uploads\/sites\/76\/2026\/01\/image1-768x766.jpeg\" class=\"attachment-medium_large size-medium_large\" alt=\"\" srcset=\"https:\/\/hoyre.no\/content\/uploads\/sites\/76\/2026\/01\/image1-768x766.jpeg 768w, https:\/\/hoyre.no\/content\/uploads\/sites\/76\/2026\/01\/image1-300x300.jpeg 300w, https:\/\/hoyre.no\/content\/uploads\/sites\/76\/2026\/01\/image1-150x150.jpeg 150w, https:\/\/hoyre.no\/content\/uploads\/sites\/76\/2026\/01\/image1.jpeg 960w\" sizes=\"auto, (max-width: 768px) 100vw, 768px\" \/>\t\t<\/div>\n\t\t\n\t\t\t<div class=\"teft-card__content-wrapper\">\n\t\t\t\t<div class=\"teft-card__secondary\">\n\t\t\t\t\t\n\t\t\t\t\t\t\t\t<div class=\"teft-card__meta\">\n\t\t\t\t\t\t\t\t\t<span class=\"post-date\">11. jan 2026<\/span>\n\n\t\t\t\t\t\t\t\t\t<span class=\"post-category\">Kvinneforum<\/span>\t\t\t\t\t\t\t\t<\/div>\n\t\t\t\t\t\t\t\t\t\t\t<\/div>\n\n\t\t\t\t<div class=\"teft-card__primary\">\n\t\t\t\t\t<h2 class=\"teft-card__title\">Maren er ny leder av kvinneforum&nbsp;<span class=\"teft-card__primary-title-append\"><\/span><\/h2>\t\t\t\t<\/div>\n\t\t\t<\/div>\n\t\t<\/a>\n\t<\/div>\n\n\t<\/div><div class=\"is-card-hoyre\">\n\t<div class=\"teft-card hoyre-teft-card post-teft-card\">\n\t\t<a href=\"https:\/\/hoyre.no\/hamar\/aktuelt\/noen-ma-vaere-forst-med-a-avvikle-fylkeskommunen\/\" class=\"teft-card__primary-action\">\n\n\t\t\t\t\t<div class=\"teft-card__media teft-card__media--16-9\">\n\t\t\t\t\t\t<img loading=\"lazy\" decoding=\"async\" width=\"768\" height=\"512\" src=\"https:\/\/hoyre.no\/content\/uploads\/sites\/76\/2022\/09\/hamar-768x512.jpg\" class=\"attachment-medium_large size-medium_large\" alt=\"Hamar\" srcset=\"https:\/\/hoyre.no\/content\/uploads\/sites\/76\/2022\/09\/hamar-768x512.jpg 768w, https:\/\/hoyre.no\/content\/uploads\/sites\/76\/2022\/09\/hamar-300x200.jpg 300w, https:\/\/hoyre.no\/content\/uploads\/sites\/76\/2022\/09\/hamar-1024x683.jpg 1024w, https:\/\/hoyre.no\/content\/uploads\/sites\/76\/2022\/09\/hamar-1536x1024.jpg 1536w, https:\/\/hoyre.no\/content\/uploads\/sites\/76\/2022\/09\/hamar-2048x1365.jpg 2048w\" sizes=\"auto, (max-width: 768px) 100vw, 768px\" \/>\t\t<\/div>\n\t\t\n\t\t\t<div class=\"teft-card__content-wrapper\">\n\t\t\t\t<div class=\"teft-card__secondary\">\n\t\t\t\t\t\n\t\t\t\t\t\t\t\t<div class=\"teft-card__meta\">\n\t\t\t\t\t\t\t\t\t<span class=\"post-date\">10. jan 2026<\/span>\n\n\t\t\t\t\t\t\t\t\t<span class=\"post-category\">Fylkeskommunen<\/span>\t\t\t\t\t\t\t\t<\/div>\n\t\t\t\t\t\t\t\t\t\t\t<\/div>\n\n\t\t\t\t<div class=\"teft-card__primary\">\n\t\t\t\t\t<h2 class=\"teft-card__title\">Noen m\u00e5 v\u00e6re f\u00f8rst med \u00e5 avvikle fylkeskommunen&nbsp;<span class=\"teft-card__primary-title-append\"><\/span><\/h2>\t\t\t\t<\/div>\n\t\t\t<\/div>\n\t\t<\/a>\n\t<\/div>\n\n\t<\/div><div class=\"is-card-hoyre\">\n\t<div class=\"teft-card hoyre-teft-card post-teft-card\">\n\t\t<a href=\"https:\/\/hoyre.no\/hamar\/aktuelt\/anna-og-yngve-pa-topp-for-hedmark\/\" class=\"teft-card__primary-action\">\n\n\t\t\t\t\t<div class=\"teft-card__media teft-card__media--16-9\">\n\t\t\t\t\t\t<img loading=\"lazy\" decoding=\"async\" width=\"768\" height=\"635\" src=\"https:\/\/hoyre.no\/content\/uploads\/sites\/76\/2024\/11\/Skjermbilde-2024-11-16-kl.-18.28.51-768x635.png\" class=\"attachment-medium_large size-medium_large\" alt=\"\" srcset=\"https:\/\/hoyre.no\/content\/uploads\/sites\/76\/2024\/11\/Skjermbilde-2024-11-16-kl.-18.28.51-768x635.png 768w, https:\/\/hoyre.no\/content\/uploads\/sites\/76\/2024\/11\/Skjermbilde-2024-11-16-kl.-18.28.51-300x248.png 300w, https:\/\/hoyre.no\/content\/uploads\/sites\/76\/2024\/11\/Skjermbilde-2024-11-16-kl.-18.28.51.png 882w\" sizes=\"auto, (max-width: 768px) 100vw, 768px\" \/>\t\t<\/div>\n\t\t\n\t\t\t<div class=\"teft-card__content-wrapper\">\n\t\t\t\t<div class=\"teft-card__secondary\">\n\t\t\t\t\t\n\t\t\t\t\t\t\t\t<div class=\"teft-card__meta\">\n\t\t\t\t\t\t\t\t\t<span class=\"post-date\">16. nov 2024<\/span>\n\n\t\t\t\t\t\t\t\t\t<span class=\"post-category\">Stortingsvalg<\/span>\t\t\t\t\t\t\t\t<\/div>\n\t\t\t\t\t\t\t\t\t\t\t<\/div>\n\n\t\t\t\t<div class=\"teft-card__primary\">\n\t\t\t\t\t<h2 class=\"teft-card__title\">Anna og Yngve p\u00e5 topp for Hedmark!&nbsp;<span class=\"teft-card__primary-title-append\"><\/span><\/h2>\t\t\t\t<\/div>\n\t\t\t<\/div>\n\t\t<\/a>\n\t<\/div>\n\n\t<\/div><\/div>\t<\/div>\n<\/div>\n","protected":false},"excerpt":{"rendered":"<p>Vi gjennomg\u00e5r n\u00e5 en periode hvor vi for f\u00f8rste gang p\u00e5 veldig lenge opplever litt d\u00e5rlige meningsm\u00e5linger. Mange av de s\u00e5kalte lilla velgerne som lenge oppga at de vil stemme p\u00e5 H\u00f8yre, har akkurat n\u00e5 g\u00e5tt ned fra gjerdet over til Arbeiderpartiet &#8211; eller n\u00e6rmere bestemt Jens Stoltenberg. Samtidig har vi lekket rundt 130 000 [&hellip;]<\/p>\n","protected":false},"author":13942,"featured_media":0,"comment_status":"closed","ping_status":"closed","sticky":false,"template":"","format":"standard","meta":{"teft_cards_image_url":"","teft_cards_custom_pretitle":"","teft_cards_image_id":496,"teft_cards_image_focal_point_x":0.42,"teft_cards_image_focal_point_y":0.36,"teft_cards_title":"","teft_cards_excerpt":"","teft_show_chapters":false,"author_display_name":"","footnotes":""},"category":[10,17],"post_tag":[19],"hoyre-visibility":[],"article-type":[22],"politician":[21],"class_list":["post-493","post","type-post","status-publish","format-standard","hentry","category-fylkesarsmotet","category-stortingsvalg","tag-stortingsvalg","article-type-innlegg","politician-anna-molberg"],"yoast_head":"<!-- This site is optimized with the Yoast SEO plugin v26.6 - https:\/\/yoast.com\/wordpress\/plugins\/seo\/ -->\n<title>H\u00f8yre har l\u00f8sningene! - Hamar H\u00f8yre<\/title>\n<meta name=\"robots\" content=\"index, follow, max-snippet:-1, max-image-preview:large, max-video-preview:-1\" \/>\n<link rel=\"canonical\" href=\"https:\/\/hoyre.no\/hamar\/aktuelt\/hoyre-har-losningene\/\" \/>\n<meta property=\"og:locale\" content=\"nb_NO\" \/>\n<meta property=\"og:type\" content=\"article\" \/>\n<meta property=\"og:title\" content=\"H\u00f8yre har l\u00f8sningene! - Hamar H\u00f8yre\" \/>\n<meta property=\"og:description\" content=\"Vi gjennomg\u00e5r n\u00e5 en periode hvor vi for f\u00f8rste gang p\u00e5 veldig lenge opplever litt d\u00e5rlige meningsm\u00e5linger. Mange av de s\u00e5kalte lilla velgerne som lenge oppga at de vil stemme p\u00e5 H\u00f8yre, har akkurat n\u00e5 g\u00e5tt ned fra gjerdet over til Arbeiderpartiet &#8211; eller n\u00e6rmere bestemt Jens Stoltenberg. Samtidig har vi lekket rundt 130 000 [&hellip;]\" \/>\n<meta property=\"og:url\" content=\"https:\/\/hoyre.no\/hamar\/aktuelt\/hoyre-har-losningene\/\" \/>\n<meta property=\"og:site_name\" content=\"Hamar H\u00f8yre\" \/>\n<meta property=\"article:published_time\" content=\"2025-02-15T15:09:11+00:00\" \/>\n<meta property=\"article:modified_time\" content=\"2025-02-16T08:17:06+00:00\" \/>\n<meta property=\"og:image\" content=\"https:\/\/hoyre.no\/content\/uploads\/sites\/76\/2023\/07\/Jane-2-1024x683.jpg\" \/>\n<meta name=\"author\" content=\"Fredrik Tonning\" \/>\n<meta name=\"twitter:card\" content=\"summary_large_image\" \/>\n<meta name=\"twitter:label1\" content=\"Skrevet av\" \/>\n\t<meta name=\"twitter:data1\" content=\"Fredrik Tonning\" \/>\n\t<meta name=\"twitter:label2\" content=\"Ansl. lesetid\" \/>\n\t<meta name=\"twitter:data2\" content=\"5 minutter\" \/>\n<script type=\"application\/ld+json\" class=\"yoast-schema-graph\">{\"@context\":\"https:\/\/schema.org\",\"@graph\":[{\"@type\":\"NewsArticle\",\"@id\":\"https:\/\/hoyre.no\/hamar\/aktuelt\/hoyre-har-losningene\/\",\"url\":\"https:\/\/hoyre.no\/hamar\/aktuelt\/hoyre-har-losningene\/\",\"name\":\"H\u00f8yre har l\u00f8sningene! - Hamar H\u00f8yre\",\"isPartOf\":{\"@id\":\"https:\/\/hoyre.no\/hamar\/#website\"},\"datePublished\":\"2025-02-15T15:09:11+00:00\",\"dateModified\":\"2025-02-16T08:17:06+00:00\",\"author\":{\"@id\":\"https:\/\/hoyre.no\/hamar\/#\/schema\/person\/046d3907b70e9dc5d9484be42b70b32b\"},\"breadcrumb\":{\"@id\":\"https:\/\/hoyre.no\/hamar\/aktuelt\/hoyre-har-losningene\/#breadcrumb\"},\"inLanguage\":\"nb-NO\",\"potentialAction\":[{\"@type\":\"ReadAction\",\"target\":[\"https:\/\/hoyre.no\/hamar\/aktuelt\/hoyre-har-losningene\/\"]}]},{\"@type\":\"BreadcrumbList\",\"@id\":\"https:\/\/hoyre.no\/hamar\/aktuelt\/hoyre-har-losningene\/#breadcrumb\",\"itemListElement\":[{\"@type\":\"ListItem\",\"position\":1,\"name\":\"Til hoyre.no\",\"item\":\"https:\/\/hoyre.no\"},{\"@type\":\"ListItem\",\"position\":2,\"name\":\"Hjem\",\"item\":\"https:\/\/hoyre.no\/hamar\/\"},{\"@type\":\"ListItem\",\"position\":3,\"name\":\"H\u00f8yre har l\u00f8sningene!\"}]},{\"@type\":\"WebSite\",\"@id\":\"https:\/\/hoyre.no\/hamar\/#website\",\"url\":\"https:\/\/hoyre.no\/hamar\/\",\"name\":\"Hamar H\u00f8yre\",\"description\":\"Bare enda et H\u00f8yres nettsteder-nettsted\",\"inLanguage\":\"nb-NO\"},{\"@type\":\"Person\",\"@id\":\"https:\/\/hoyre.no\/hamar\/#\/schema\/person\/046d3907b70e9dc5d9484be42b70b32b\",\"name\":\"Fredrik Tonning\",\"image\":{\"@type\":\"ImageObject\",\"inLanguage\":\"nb-NO\",\"@id\":\"https:\/\/hoyre.no\/hamar\/#\/schema\/person\/image\/\",\"url\":\"https:\/\/secure.gravatar.com\/avatar\/2961927606b2cca73bc8feec9e4e1ca37ca4a67a61517b950daf2c68961be6f1?s=96&d=mm&r=g\",\"contentUrl\":\"https:\/\/secure.gravatar.com\/avatar\/2961927606b2cca73bc8feec9e4e1ca37ca4a67a61517b950daf2c68961be6f1?s=96&d=mm&r=g\",\"caption\":\"Fredrik Tonning\"},\"url\":\"https:\/\/hoyre.no\/hamar\/aktuelt\/author\/m51838795\/\"}]}<\/script>\n<!-- \/ Yoast SEO plugin. -->","yoast_head_json":{"title":"H\u00f8yre har l\u00f8sningene! - Hamar H\u00f8yre","robots":{"index":"index","follow":"follow","max-snippet":"max-snippet:-1","max-image-preview":"max-image-preview:large","max-video-preview":"max-video-preview:-1"},"canonical":"https:\/\/hoyre.no\/hamar\/aktuelt\/hoyre-har-losningene\/","og_locale":"nb_NO","og_type":"article","og_title":"H\u00f8yre har l\u00f8sningene! - Hamar H\u00f8yre","og_description":"Vi gjennomg\u00e5r n\u00e5 en periode hvor vi for f\u00f8rste gang p\u00e5 veldig lenge opplever litt d\u00e5rlige meningsm\u00e5linger. Mange av de s\u00e5kalte lilla velgerne som lenge oppga at de vil stemme p\u00e5 H\u00f8yre, har akkurat n\u00e5 g\u00e5tt ned fra gjerdet over til Arbeiderpartiet &#8211; eller n\u00e6rmere bestemt Jens Stoltenberg. Samtidig har vi lekket rundt 130 000 [&hellip;]","og_url":"https:\/\/hoyre.no\/hamar\/aktuelt\/hoyre-har-losningene\/","og_site_name":"Hamar H\u00f8yre","article_published_time":"2025-02-15T15:09:11+00:00","article_modified_time":"2025-02-16T08:17:06+00:00","og_image":[{"url":"https:\/\/hoyre.no\/content\/uploads\/sites\/76\/2023\/07\/Jane-2-1024x683.jpg","width":"","height":"","type":""}],"author":"Fredrik Tonning","twitter_card":"summary_large_image","twitter_misc":{"Skrevet av":"Fredrik Tonning","Ansl. lesetid":"5 minutter"},"schema":{"@context":"https:\/\/schema.org","@graph":[{"@type":"NewsArticle","@id":"https:\/\/hoyre.no\/hamar\/aktuelt\/hoyre-har-losningene\/","url":"https:\/\/hoyre.no\/hamar\/aktuelt\/hoyre-har-losningene\/","name":"H\u00f8yre har l\u00f8sningene! - Hamar H\u00f8yre","isPartOf":{"@id":"https:\/\/hoyre.no\/hamar\/#website"},"datePublished":"2025-02-15T15:09:11+00:00","dateModified":"2025-02-16T08:17:06+00:00","author":{"@id":"https:\/\/hoyre.no\/hamar\/#\/schema\/person\/046d3907b70e9dc5d9484be42b70b32b"},"breadcrumb":{"@id":"https:\/\/hoyre.no\/hamar\/aktuelt\/hoyre-har-losningene\/#breadcrumb"},"inLanguage":"nb-NO","potentialAction":[{"@type":"ReadAction","target":["https:\/\/hoyre.no\/hamar\/aktuelt\/hoyre-har-losningene\/"]}]},{"@type":"BreadcrumbList","@id":"https:\/\/hoyre.no\/hamar\/aktuelt\/hoyre-har-losningene\/#breadcrumb","itemListElement":[{"@type":"ListItem","position":1,"name":"Til hoyre.no","item":"https:\/\/hoyre.no"},{"@type":"ListItem","position":2,"name":"Hjem","item":"https:\/\/hoyre.no\/hamar\/"},{"@type":"ListItem","position":3,"name":"H\u00f8yre har l\u00f8sningene!"}]},{"@type":"WebSite","@id":"https:\/\/hoyre.no\/hamar\/#website","url":"https:\/\/hoyre.no\/hamar\/","name":"Hamar H\u00f8yre","description":"Bare enda et H\u00f8yres nettsteder-nettsted","inLanguage":"nb-NO"},{"@type":"Person","@id":"https:\/\/hoyre.no\/hamar\/#\/schema\/person\/046d3907b70e9dc5d9484be42b70b32b","name":"Fredrik Tonning","image":{"@type":"ImageObject","inLanguage":"nb-NO","@id":"https:\/\/hoyre.no\/hamar\/#\/schema\/person\/image\/","url":"https:\/\/secure.gravatar.com\/avatar\/2961927606b2cca73bc8feec9e4e1ca37ca4a67a61517b950daf2c68961be6f1?s=96&d=mm&r=g","contentUrl":"https:\/\/secure.gravatar.com\/avatar\/2961927606b2cca73bc8feec9e4e1ca37ca4a67a61517b950daf2c68961be6f1?s=96&d=mm&r=g","caption":"Fredrik Tonning"},"url":"https:\/\/hoyre.no\/hamar\/aktuelt\/author\/m51838795\/"}]}},"distributor_meta":false,"distributor_terms":false,"distributor_media":false,"distributor_original_site_name":"Hamar H\u00f8yre","distributor_original_site_url":"https:\/\/hoyre.no\/hamar","push-errors":false,"_links":{"self":[{"href":"https:\/\/hoyre.no\/hamar\/wp-json\/wp\/v2\/posts\/493","targetHints":{"allow":["GET"]}}],"collection":[{"href":"https:\/\/hoyre.no\/hamar\/wp-json\/wp\/v2\/posts"}],"about":[{"href":"https:\/\/hoyre.no\/hamar\/wp-json\/wp\/v2\/types\/post"}],"author":[{"embeddable":true,"href":"https:\/\/hoyre.no\/hamar\/wp-json\/wp\/v2\/users\/13942"}],"replies":[{"embeddable":true,"href":"https:\/\/hoyre.no\/hamar\/wp-json\/wp\/v2\/comments?post=493"}],"version-history":[{"count":5,"href":"https:\/\/hoyre.no\/hamar\/wp-json\/wp\/v2\/posts\/493\/revisions"}],"predecessor-version":[{"id":502,"href":"https:\/\/hoyre.no\/hamar\/wp-json\/wp\/v2\/posts\/493\/revisions\/502"}],"wp:attachment":[{"href":"https:\/\/hoyre.no\/hamar\/wp-json\/wp\/v2\/media?parent=493"}],"wp:term":[{"taxonomy":"category","embeddable":true,"href":"https:\/\/hoyre.no\/hamar\/wp-json\/wp\/v2\/category?post=493"},{"taxonomy":"post_tag","embeddable":true,"href":"https:\/\/hoyre.no\/hamar\/wp-json\/wp\/v2\/post_tag?post=493"},{"taxonomy":"hoyre-visibility","embeddable":true,"href":"https:\/\/hoyre.no\/hamar\/wp-json\/wp\/v2\/hoyre-visibility?post=493"},{"taxonomy":"article-type","embeddable":true,"href":"https:\/\/hoyre.no\/hamar\/wp-json\/wp\/v2\/article-type?post=493"},{"taxonomy":"politician","embeddable":true,"href":"https:\/\/hoyre.no\/hamar\/wp-json\/wp\/v2\/politician?post=493"}],"curies":[{"name":"wp","href":"https:\/\/api.w.org\/{rel}","templated":true}]}}