{"id":503,"date":"2025-02-15T16:25:27","date_gmt":"2025-02-15T15:25:27","guid":{"rendered":"https:\/\/hoyre.no\/hamar\/?p=503"},"modified":"2025-02-16T09:34:22","modified_gmt":"2025-02-16T08:34:22","slug":"det-handler-om-trygghet","status":"publish","type":"post","link":"https:\/\/hoyre.no\/hamar\/aktuelt\/det-handler-om-trygghet\/","title":{"rendered":"Det handler om trygghet"},"content":{"rendered":"\n<p class=\"preamble\">Under Innlandet H\u00f8yre sitt \u00e5rsm\u00f8te holdt Jane Meyer innlegg til den generelle debatten. Les hele innlegget her!<\/p>\t\t\t<div class=\"post-meta wp-block teft-byline-wrapper\">\n\t\t\t\t<div class=\"top\">\n\t\t\t\t\t<div class=\"signature\">\n\t\t\t\t\t\t<div class=\"teft-byline\">\n\t\t\t\t\t\t\t\t\t\t\t\t\t\t<div>\n\t\t\t\t\t\t\t\t<h3>H\u00f8yres redaksjon<\/h3>\t\t\t\t\t\t\t\t\n\t\t\t\t\t\t\t\t\t\t\t\t\t\t\t\t\t<span class=\"date\">Sist oppdatert: 16. februar 2025<\/span>\n\t\t\t\t\t\t\t\t\t\t\t\t\t\t\t\t\t\t\t\t\t\t\t\t\t<span class=\"reading-time\" itemprop=\"timeRequired\" content=\"PT2M\"><em>Ca. 2 minutter lesetid<\/em><\/span>\n\t\t\t\t\t\t\t\t\t\t\t\t\t\t\t<\/div>\n\t\t\t\t\t\t<\/div>\n\t\t\t\t\t<\/div>\n\t\t\t\t\t\t<div class=\"sharing\">\n\t\t<a class=\"share-button share-link copy-link\" data-copy=\"https:\/\/hoyre.no\/hamar\/aktuelt\/det-handler-om-trygghet\/\" target=\"_blank\"><span class=\"screen-reader-text\">Del link<\/span><\/a>\n\t\t<a class=\"share-button share-twitter\" href=\"http:\/\/twitter.com\/share?text=Det handler om trygghet&#038;url=https:\/\/hoyre.no\/hamar\/aktuelt\/det-handler-om-trygghet\/&#038;hashtags=Hoyre\" target=\"_blank\"><span class=\"screen-reader-text\">Del p\u00e5 twitter<\/span><\/a>\n\t\t<a class=\"share-button share-facebook\" href=\"https:\/\/www.facebook.com\/sharer\/sharer.php?u=https:\/\/hoyre.no\/hamar\/aktuelt\/det-handler-om-trygghet\/\" target=\"_blank\"><span class=\"screen-reader-text\">Del p\u00e5 facebook<\/span><\/a>\n\t<\/div>\n\t\t\t\t\t<\/div>\n\t\t\t<\/div>\n\n\t\t\t<figure class=\"hoyre-image-wrapper\"><div class=\"hoyre-image\"><img loading=\"lazy\" decoding=\"async\" width=\"2500\" height=\"2500\" src=\"https:\/\/hoyre.no\/content\/uploads\/sites\/76\/2025\/02\/Bilde-Jane-2-scaled.jpg\" class=\"attachment-scaled size-scaled\" alt=\"\" style=\"object-position: 50% 50%\" srcset=\"https:\/\/hoyre.no\/content\/uploads\/sites\/76\/2025\/02\/Bilde-Jane-2-scaled.jpg 2500w, https:\/\/hoyre.no\/content\/uploads\/sites\/76\/2025\/02\/Bilde-Jane-2-300x300.jpg 300w, https:\/\/hoyre.no\/content\/uploads\/sites\/76\/2025\/02\/Bilde-Jane-2-1024x1024.jpg 1024w, https:\/\/hoyre.no\/content\/uploads\/sites\/76\/2025\/02\/Bilde-Jane-2-150x150.jpg 150w, https:\/\/hoyre.no\/content\/uploads\/sites\/76\/2025\/02\/Bilde-Jane-2-768x768.jpg 768w, https:\/\/hoyre.no\/content\/uploads\/sites\/76\/2025\/02\/Bilde-Jane-2-1536x1536.jpg 1536w, https:\/\/hoyre.no\/content\/uploads\/sites\/76\/2025\/02\/Bilde-Jane-2-2048x2048.jpg 2048w\" sizes=\"auto, (max-width: 2500px) 100vw, 2500px\" \/><\/div><\/figure>\n\n\n\n\n<p>Kj\u00e6re \u00e5rsm\u00f8te,<\/p>\n\n\n\n<p>Politiet i Innlandet har sl\u00e5tt alarm. Fjor\u00e5ret hadde knapt begynt, f\u00f8r vi hadde ni drapssaker i v\u00e5rt politidistrikt, dette \u00e5ret har ikke blitt noe bedre. Politifolk jobber overtid tilsvarende nesten et helt \u00e5rsverk \u2013 og det finnes ikke mer penger i sikte.<\/p>\n\n\n\n<p>I l\u00f8pet av de siste \u00e5rene har politiet i Innlandet mistet 85 stillinger. Det betyr f\u00e6rre folk p\u00e5 vakt, mindre synlighet i gatene og mindre tid til forebyggende arbeid. Konsekvensen? I ser en dirkete korrelasjon mellom fjerningen av forebyggende enhet og \u00f8kende vold blant ungdom, flere barn er involvert i kriminalitet og det er en stadig st\u00f8rre utfordring for skolene v\u00e5re.<\/p>\n\n\n\n<p>Ungdomsskoler rapporterer om elever de ikke klarer \u00e5 h\u00e5ndtere. De ber om uniformert politi i skoleg\u00e5rdene. Samtidig sier politiet selv at de ikke har nok folk til \u00e5 v\u00e6re der ungdommen er. De m\u00e5 prioritere vakt og etterforskning av alvorlige saker, mens det forebyggende arbeidet svekkes.<\/p>\n\n\n\n<p>H\u00f8yre tar dette p\u00e5 alvor. Vi vil styrke politiet i Innlandet og s\u00f8rge for at vi har nok folk til b\u00e5de beredskap, etterforskning og forebygging. Vi m\u00e5 sikre at politiet kan v\u00e6re synlig der ungdommene er \u2013&nbsp; i lokalsamfunnene v\u00e5re.<\/p>\n\n\n\n<p>Men vi m\u00e5 ogs\u00e5 ta tak i \u00e5rsakene. N\u00e5r stadig flere unge faller utenfor, m\u00e5 vi sp\u00f8rre oss hvorfor. Vi vet at barn som vokser opp i familier p\u00e5 varig sosialhjelp har st\u00f8rre risiko for \u00e5 havne utenfor selv. Derfor m\u00e5 vi s\u00f8rge for at flere foreldre kommer i jobb. Vi vet at ungdom trenger gode fritidstilbud for \u00e5 ha noe annet \u00e5 gj\u00f8re enn \u00e5 henge p\u00e5 kj\u00f8pesenteret. Og vi vet at skolen m\u00e5 fange opp dem som sliter tidlig, f\u00f8r sm\u00e5 problemer blir store.<\/p>\n\n\n\n<p>Til syvende og sist handler dette om trygghet. Folk i Innlandet skal f\u00f8le seg trygge, enten de g\u00e5r alene hjem en kveld, sender barna sine p\u00e5 skolen eller driver en butikk i sentrum. Politiet m\u00e5 f\u00e5 ressursene de trenger for \u00e5 gj\u00f8re jobben sin. Vi i H\u00f8yre kommer til \u00e5 kjempe for at de f\u00e5r det.<\/p>\n\n\n\n<p>Takk!<\/p>\n\n\n<div class=\"tags\">\n\t\t<div class=\"wp-block-tag-cloud\">\n\t\t\t\t\t<a href=\"https:\/\/hoyre.no\/hamar\/aktuelt\/tag\/kriminalitet\/\" class=\"tag-cloud-link\">Kriminalitet<\/a>\n\t\t\t\t\t<a href=\"https:\/\/hoyre.no\/hamar\/aktuelt\/tag\/trygghet\/\" class=\"tag-cloud-link\">Trygghet<\/a>\n\t\t\t<\/div>\n\t<\/div>\n<div class=\"post-footer alignfull has-background block-editor-block-list__block\" data-align=full>\n\t<div class=\"post-footer-inner\">\n\t\t<h3>Relaterte artikler<\/h3>\n\t\t<div class=\"related-content\"><div class=\"is-card-hoyre\">\n\t<div class=\"teft-card hoyre-teft-card post-teft-card\">\n\t\t<a href=\"https:\/\/hoyre.no\/hamar\/aktuelt\/maren-er-ny-leder-av-kvinneforum\/\" class=\"teft-card__primary-action\">\n\n\t\t\t\t\t<div class=\"teft-card__media teft-card__media--16-9\">\n\t\t\t\t\t\t<img loading=\"lazy\" decoding=\"async\" width=\"768\" height=\"766\" src=\"https:\/\/hoyre.no\/content\/uploads\/sites\/76\/2026\/01\/image1-768x766.jpeg\" class=\"attachment-medium_large size-medium_large\" alt=\"\" srcset=\"https:\/\/hoyre.no\/content\/uploads\/sites\/76\/2026\/01\/image1-768x766.jpeg 768w, https:\/\/hoyre.no\/content\/uploads\/sites\/76\/2026\/01\/image1-300x300.jpeg 300w, https:\/\/hoyre.no\/content\/uploads\/sites\/76\/2026\/01\/image1-150x150.jpeg 150w, https:\/\/hoyre.no\/content\/uploads\/sites\/76\/2026\/01\/image1.jpeg 960w\" sizes=\"auto, (max-width: 768px) 100vw, 768px\" \/>\t\t<\/div>\n\t\t\n\t\t\t<div class=\"teft-card__content-wrapper\">\n\t\t\t\t<div class=\"teft-card__secondary\">\n\t\t\t\t\t\n\t\t\t\t\t\t\t\t<div class=\"teft-card__meta\">\n\t\t\t\t\t\t\t\t\t<span class=\"post-date\">11. jan 2026<\/span>\n\n\t\t\t\t\t\t\t\t\t<span class=\"post-category\">Kvinneforum<\/span>\t\t\t\t\t\t\t\t<\/div>\n\t\t\t\t\t\t\t\t\t\t\t<\/div>\n\n\t\t\t\t<div class=\"teft-card__primary\">\n\t\t\t\t\t<h2 class=\"teft-card__title\">Maren er ny leder av kvinneforum&nbsp;<span class=\"teft-card__primary-title-append\"><\/span><\/h2>\t\t\t\t<\/div>\n\t\t\t<\/div>\n\t\t<\/a>\n\t<\/div>\n\n\t<\/div><div class=\"is-card-hoyre\">\n\t<div class=\"teft-card hoyre-teft-card post-teft-card\">\n\t\t<a href=\"https:\/\/hoyre.no\/hamar\/aktuelt\/noen-ma-vaere-forst-med-a-avvikle-fylkeskommunen\/\" class=\"teft-card__primary-action\">\n\n\t\t\t\t\t<div class=\"teft-card__media teft-card__media--16-9\">\n\t\t\t\t\t\t<img loading=\"lazy\" decoding=\"async\" width=\"768\" height=\"512\" src=\"https:\/\/hoyre.no\/content\/uploads\/sites\/76\/2022\/09\/hamar-768x512.jpg\" class=\"attachment-medium_large size-medium_large\" alt=\"Hamar\" srcset=\"https:\/\/hoyre.no\/content\/uploads\/sites\/76\/2022\/09\/hamar-768x512.jpg 768w, https:\/\/hoyre.no\/content\/uploads\/sites\/76\/2022\/09\/hamar-300x200.jpg 300w, https:\/\/hoyre.no\/content\/uploads\/sites\/76\/2022\/09\/hamar-1024x683.jpg 1024w, https:\/\/hoyre.no\/content\/uploads\/sites\/76\/2022\/09\/hamar-1536x1024.jpg 1536w, https:\/\/hoyre.no\/content\/uploads\/sites\/76\/2022\/09\/hamar-2048x1365.jpg 2048w\" sizes=\"auto, (max-width: 768px) 100vw, 768px\" \/>\t\t<\/div>\n\t\t\n\t\t\t<div class=\"teft-card__content-wrapper\">\n\t\t\t\t<div class=\"teft-card__secondary\">\n\t\t\t\t\t\n\t\t\t\t\t\t\t\t<div class=\"teft-card__meta\">\n\t\t\t\t\t\t\t\t\t<span class=\"post-date\">10. jan 2026<\/span>\n\n\t\t\t\t\t\t\t\t\t<span class=\"post-category\">Fylkeskommunen<\/span>\t\t\t\t\t\t\t\t<\/div>\n\t\t\t\t\t\t\t\t\t\t\t<\/div>\n\n\t\t\t\t<div class=\"teft-card__primary\">\n\t\t\t\t\t<h2 class=\"teft-card__title\">Noen m\u00e5 v\u00e6re f\u00f8rst med \u00e5 avvikle fylkeskommunen&nbsp;<span class=\"teft-card__primary-title-append\"><\/span><\/h2>\t\t\t\t<\/div>\n\t\t\t<\/div>\n\t\t<\/a>\n\t<\/div>\n\n\t<\/div><div class=\"is-card-hoyre\">\n\t<div class=\"teft-card hoyre-teft-card post-teft-card\">\n\t\t<a href=\"https:\/\/hoyre.no\/hamar\/aktuelt\/anna-og-yngve-pa-topp-for-hedmark\/\" class=\"teft-card__primary-action\">\n\n\t\t\t\t\t<div class=\"teft-card__media teft-card__media--16-9\">\n\t\t\t\t\t\t<img loading=\"lazy\" decoding=\"async\" width=\"768\" height=\"635\" src=\"https:\/\/hoyre.no\/content\/uploads\/sites\/76\/2024\/11\/Skjermbilde-2024-11-16-kl.-18.28.51-768x635.png\" class=\"attachment-medium_large size-medium_large\" alt=\"\" srcset=\"https:\/\/hoyre.no\/content\/uploads\/sites\/76\/2024\/11\/Skjermbilde-2024-11-16-kl.-18.28.51-768x635.png 768w, https:\/\/hoyre.no\/content\/uploads\/sites\/76\/2024\/11\/Skjermbilde-2024-11-16-kl.-18.28.51-300x248.png 300w, https:\/\/hoyre.no\/content\/uploads\/sites\/76\/2024\/11\/Skjermbilde-2024-11-16-kl.-18.28.51.png 882w\" sizes=\"auto, (max-width: 768px) 100vw, 768px\" \/>\t\t<\/div>\n\t\t\n\t\t\t<div class=\"teft-card__content-wrapper\">\n\t\t\t\t<div class=\"teft-card__secondary\">\n\t\t\t\t\t\n\t\t\t\t\t\t\t\t<div class=\"teft-card__meta\">\n\t\t\t\t\t\t\t\t\t<span class=\"post-date\">16. nov 2024<\/span>\n\n\t\t\t\t\t\t\t\t\t<span class=\"post-category\">Stortingsvalg<\/span>\t\t\t\t\t\t\t\t<\/div>\n\t\t\t\t\t\t\t\t\t\t\t<\/div>\n\n\t\t\t\t<div class=\"teft-card__primary\">\n\t\t\t\t\t<h2 class=\"teft-card__title\">Anna og Yngve p\u00e5 topp for Hedmark!&nbsp;<span class=\"teft-card__primary-title-append\"><\/span><\/h2>\t\t\t\t<\/div>\n\t\t\t<\/div>\n\t\t<\/a>\n\t<\/div>\n\n\t<\/div><\/div>\t<\/div>\n<\/div>\n","protected":false},"excerpt":{"rendered":"","protected":false},"author":13942,"featured_media":0,"comment_status":"closed","ping_status":"closed","sticky":false,"template":"","format":"standard","meta":{"teft_cards_image_url":"","teft_cards_custom_pretitle":"","teft_cards_image_id":509,"teft_cards_image_focal_point_x":0.32,"teft_cards_image_focal_point_y":0.25,"teft_cards_title":"Det handler om trygghet","teft_cards_excerpt":"","teft_show_chapters":false,"author_display_name":"","footnotes":""},"category":[10],"post_tag":[24,23],"hoyre-visibility":[],"article-type":[22],"politician":[8],"class_list":["post-503","post","type-post","status-publish","format-standard","hentry","category-fylkesarsmotet","tag-kriminalitet","tag-trygghet","article-type-innlegg","politician-jane-meyer"],"yoast_head":"<!-- This site is optimized with the Yoast SEO plugin v26.6 - https:\/\/yoast.com\/wordpress\/plugins\/seo\/ -->\n<title>Det handler om trygghet - Hamar H\u00f8yre<\/title>\n<meta name=\"robots\" content=\"index, follow, max-snippet:-1, max-image-preview:large, max-video-preview:-1\" \/>\n<link rel=\"canonical\" href=\"https:\/\/hoyre.no\/hamar\/aktuelt\/det-handler-om-trygghet\/\" \/>\n<meta property=\"og:locale\" content=\"nb_NO\" \/>\n<meta property=\"og:type\" content=\"article\" \/>\n<meta property=\"og:title\" content=\"Det handler om trygghet - Hamar H\u00f8yre\" \/>\n<meta property=\"og:url\" content=\"https:\/\/hoyre.no\/hamar\/aktuelt\/det-handler-om-trygghet\/\" \/>\n<meta property=\"og:site_name\" content=\"Hamar H\u00f8yre\" \/>\n<meta property=\"article:published_time\" content=\"2025-02-15T15:25:27+00:00\" \/>\n<meta property=\"article:modified_time\" content=\"2025-02-16T08:34:22+00:00\" \/>\n<meta property=\"og:image\" content=\"https:\/\/hoyre.no\/content\/uploads\/sites\/76\/2023\/07\/Jane-2-1024x683.jpg\" \/>\n<meta name=\"author\" content=\"Fredrik Tonning\" \/>\n<meta name=\"twitter:card\" content=\"summary_large_image\" \/>\n<meta name=\"twitter:label1\" content=\"Skrevet av\" \/>\n\t<meta name=\"twitter:data1\" content=\"Fredrik Tonning\" \/>\n\t<meta name=\"twitter:label2\" content=\"Ansl. lesetid\" \/>\n\t<meta name=\"twitter:data2\" content=\"2 minutter\" \/>\n<script type=\"application\/ld+json\" class=\"yoast-schema-graph\">{\"@context\":\"https:\/\/schema.org\",\"@graph\":[{\"@type\":\"NewsArticle\",\"@id\":\"https:\/\/hoyre.no\/hamar\/aktuelt\/det-handler-om-trygghet\/\",\"url\":\"https:\/\/hoyre.no\/hamar\/aktuelt\/det-handler-om-trygghet\/\",\"name\":\"Det handler om trygghet - Hamar H\u00f8yre\",\"isPartOf\":{\"@id\":\"https:\/\/hoyre.no\/hamar\/#website\"},\"datePublished\":\"2025-02-15T15:25:27+00:00\",\"dateModified\":\"2025-02-16T08:34:22+00:00\",\"author\":{\"@id\":\"https:\/\/hoyre.no\/hamar\/#\/schema\/person\/046d3907b70e9dc5d9484be42b70b32b\"},\"breadcrumb\":{\"@id\":\"https:\/\/hoyre.no\/hamar\/aktuelt\/det-handler-om-trygghet\/#breadcrumb\"},\"inLanguage\":\"nb-NO\",\"potentialAction\":[{\"@type\":\"ReadAction\",\"target\":[\"https:\/\/hoyre.no\/hamar\/aktuelt\/det-handler-om-trygghet\/\"]}]},{\"@type\":\"BreadcrumbList\",\"@id\":\"https:\/\/hoyre.no\/hamar\/aktuelt\/det-handler-om-trygghet\/#breadcrumb\",\"itemListElement\":[{\"@type\":\"ListItem\",\"position\":1,\"name\":\"Til hoyre.no\",\"item\":\"https:\/\/hoyre.no\"},{\"@type\":\"ListItem\",\"position\":2,\"name\":\"Hjem\",\"item\":\"https:\/\/hoyre.no\/hamar\/\"},{\"@type\":\"ListItem\",\"position\":3,\"name\":\"Det handler om trygghet\"}]},{\"@type\":\"WebSite\",\"@id\":\"https:\/\/hoyre.no\/hamar\/#website\",\"url\":\"https:\/\/hoyre.no\/hamar\/\",\"name\":\"Hamar H\u00f8yre\",\"description\":\"Bare enda et H\u00f8yres nettsteder-nettsted\",\"inLanguage\":\"nb-NO\"},{\"@type\":\"Person\",\"@id\":\"https:\/\/hoyre.no\/hamar\/#\/schema\/person\/046d3907b70e9dc5d9484be42b70b32b\",\"name\":\"Fredrik Tonning\",\"image\":{\"@type\":\"ImageObject\",\"inLanguage\":\"nb-NO\",\"@id\":\"https:\/\/hoyre.no\/hamar\/#\/schema\/person\/image\/\",\"url\":\"https:\/\/secure.gravatar.com\/avatar\/2961927606b2cca73bc8feec9e4e1ca37ca4a67a61517b950daf2c68961be6f1?s=96&d=mm&r=g\",\"contentUrl\":\"https:\/\/secure.gravatar.com\/avatar\/2961927606b2cca73bc8feec9e4e1ca37ca4a67a61517b950daf2c68961be6f1?s=96&d=mm&r=g\",\"caption\":\"Fredrik Tonning\"},\"url\":\"https:\/\/hoyre.no\/hamar\/aktuelt\/author\/m51838795\/\"}]}<\/script>\n<!-- \/ Yoast SEO plugin. -->","yoast_head_json":{"title":"Det handler om trygghet - Hamar H\u00f8yre","robots":{"index":"index","follow":"follow","max-snippet":"max-snippet:-1","max-image-preview":"max-image-preview:large","max-video-preview":"max-video-preview:-1"},"canonical":"https:\/\/hoyre.no\/hamar\/aktuelt\/det-handler-om-trygghet\/","og_locale":"nb_NO","og_type":"article","og_title":"Det handler om trygghet - Hamar H\u00f8yre","og_url":"https:\/\/hoyre.no\/hamar\/aktuelt\/det-handler-om-trygghet\/","og_site_name":"Hamar H\u00f8yre","article_published_time":"2025-02-15T15:25:27+00:00","article_modified_time":"2025-02-16T08:34:22+00:00","og_image":[{"url":"https:\/\/hoyre.no\/content\/uploads\/sites\/76\/2023\/07\/Jane-2-1024x683.jpg","width":"","height":"","type":""}],"author":"Fredrik Tonning","twitter_card":"summary_large_image","twitter_misc":{"Skrevet av":"Fredrik Tonning","Ansl. lesetid":"2 minutter"},"schema":{"@context":"https:\/\/schema.org","@graph":[{"@type":"NewsArticle","@id":"https:\/\/hoyre.no\/hamar\/aktuelt\/det-handler-om-trygghet\/","url":"https:\/\/hoyre.no\/hamar\/aktuelt\/det-handler-om-trygghet\/","name":"Det handler om trygghet - Hamar H\u00f8yre","isPartOf":{"@id":"https:\/\/hoyre.no\/hamar\/#website"},"datePublished":"2025-02-15T15:25:27+00:00","dateModified":"2025-02-16T08:34:22+00:00","author":{"@id":"https:\/\/hoyre.no\/hamar\/#\/schema\/person\/046d3907b70e9dc5d9484be42b70b32b"},"breadcrumb":{"@id":"https:\/\/hoyre.no\/hamar\/aktuelt\/det-handler-om-trygghet\/#breadcrumb"},"inLanguage":"nb-NO","potentialAction":[{"@type":"ReadAction","target":["https:\/\/hoyre.no\/hamar\/aktuelt\/det-handler-om-trygghet\/"]}]},{"@type":"BreadcrumbList","@id":"https:\/\/hoyre.no\/hamar\/aktuelt\/det-handler-om-trygghet\/#breadcrumb","itemListElement":[{"@type":"ListItem","position":1,"name":"Til hoyre.no","item":"https:\/\/hoyre.no"},{"@type":"ListItem","position":2,"name":"Hjem","item":"https:\/\/hoyre.no\/hamar\/"},{"@type":"ListItem","position":3,"name":"Det handler om trygghet"}]},{"@type":"WebSite","@id":"https:\/\/hoyre.no\/hamar\/#website","url":"https:\/\/hoyre.no\/hamar\/","name":"Hamar H\u00f8yre","description":"Bare enda et H\u00f8yres nettsteder-nettsted","inLanguage":"nb-NO"},{"@type":"Person","@id":"https:\/\/hoyre.no\/hamar\/#\/schema\/person\/046d3907b70e9dc5d9484be42b70b32b","name":"Fredrik Tonning","image":{"@type":"ImageObject","inLanguage":"nb-NO","@id":"https:\/\/hoyre.no\/hamar\/#\/schema\/person\/image\/","url":"https:\/\/secure.gravatar.com\/avatar\/2961927606b2cca73bc8feec9e4e1ca37ca4a67a61517b950daf2c68961be6f1?s=96&d=mm&r=g","contentUrl":"https:\/\/secure.gravatar.com\/avatar\/2961927606b2cca73bc8feec9e4e1ca37ca4a67a61517b950daf2c68961be6f1?s=96&d=mm&r=g","caption":"Fredrik Tonning"},"url":"https:\/\/hoyre.no\/hamar\/aktuelt\/author\/m51838795\/"}]}},"distributor_meta":false,"distributor_terms":false,"distributor_media":false,"distributor_original_site_name":"Hamar H\u00f8yre","distributor_original_site_url":"https:\/\/hoyre.no\/hamar","push-errors":false,"_links":{"self":[{"href":"https:\/\/hoyre.no\/hamar\/wp-json\/wp\/v2\/posts\/503","targetHints":{"allow":["GET"]}}],"collection":[{"href":"https:\/\/hoyre.no\/hamar\/wp-json\/wp\/v2\/posts"}],"about":[{"href":"https:\/\/hoyre.no\/hamar\/wp-json\/wp\/v2\/types\/post"}],"author":[{"embeddable":true,"href":"https:\/\/hoyre.no\/hamar\/wp-json\/wp\/v2\/users\/13942"}],"replies":[{"embeddable":true,"href":"https:\/\/hoyre.no\/hamar\/wp-json\/wp\/v2\/comments?post=503"}],"version-history":[{"count":3,"href":"https:\/\/hoyre.no\/hamar\/wp-json\/wp\/v2\/posts\/503\/revisions"}],"predecessor-version":[{"id":511,"href":"https:\/\/hoyre.no\/hamar\/wp-json\/wp\/v2\/posts\/503\/revisions\/511"}],"wp:attachment":[{"href":"https:\/\/hoyre.no\/hamar\/wp-json\/wp\/v2\/media?parent=503"}],"wp:term":[{"taxonomy":"category","embeddable":true,"href":"https:\/\/hoyre.no\/hamar\/wp-json\/wp\/v2\/category?post=503"},{"taxonomy":"post_tag","embeddable":true,"href":"https:\/\/hoyre.no\/hamar\/wp-json\/wp\/v2\/post_tag?post=503"},{"taxonomy":"hoyre-visibility","embeddable":true,"href":"https:\/\/hoyre.no\/hamar\/wp-json\/wp\/v2\/hoyre-visibility?post=503"},{"taxonomy":"article-type","embeddable":true,"href":"https:\/\/hoyre.no\/hamar\/wp-json\/wp\/v2\/article-type?post=503"},{"taxonomy":"politician","embeddable":true,"href":"https:\/\/hoyre.no\/hamar\/wp-json\/wp\/v2\/politician?post=503"}],"curies":[{"name":"wp","href":"https:\/\/api.w.org\/{rel}","templated":true}]}}