{"id":51,"date":"2015-09-13T08:19:02","date_gmt":"2015-09-13T06:19:02","guid":{"rendered":"https:\/\/hoyre.no\/hamar\/aktuelt\/petter-lille\/"},"modified":"2015-09-13T08:19:02","modified_gmt":"2015-09-13T06:19:02","slug":"petter-lille","status":"publish","type":"post","link":"https:\/\/hoyre.no\/hamar\/aktuelt\/petter-lille\/","title":{"rendered":"Jeg stiller til valg: Petter Lille\u00e5s Pedersen"},"content":{"rendered":"<p class=\"preamble\">Petter Lille\u00e5s Pedersen (22) fra Hamar er 5. kandidat til kommunevalget. Hans hjertesaker er barn og unge, ungdomskontakten og jernbanefri strandsone.<\/p>\t\t\t<div class=\"post-meta wp-block teft-byline-wrapper\">\n\t\t\t\t<div class=\"top\">\n\t\t\t\t\t<div class=\"signature\">\n\t\t\t\t\t\t<div class=\"teft-byline\">\n\t\t\t\t\t\t\t\t\t\t\t\t\t\t<div>\n\t\t\t\t\t\t\t\t<h3>H\u00f8yres redaksjon<\/h3>\t\t\t\t\t\t\t\t\n\t\t\t\t\t\t\t\t\t\t\t\t\t\t\t\t\t<span class=\"date\">Sist oppdatert: 13. september 2015<\/span>\n\t\t\t\t\t\t\t\t\t\t\t\t\t\t\t\t\t\t\t\t\t\t\t\t\t<span class=\"reading-time\" itemprop=\"timeRequired\" content=\"PT1M\"><em>Ca. 1 minutter lesetid<\/em><\/span>\n\t\t\t\t\t\t\t\t\t\t\t\t\t\t\t<\/div>\n\t\t\t\t\t\t<\/div>\n\t\t\t\t\t<\/div>\n\t\t\t\t\t\t<div class=\"sharing\">\n\t\t<a class=\"share-button share-link copy-link\" data-copy=\"https:\/\/hoyre.no\/hamar\/aktuelt\/petter-lille\/\" target=\"_blank\"><span class=\"screen-reader-text\">Del link<\/span><\/a>\n\t\t<a class=\"share-button share-twitter\" href=\"http:\/\/twitter.com\/share?text=Jeg stiller til valg: Petter Lille\u00e5s Pedersen&#038;url=https:\/\/hoyre.no\/hamar\/aktuelt\/petter-lille\/&#038;hashtags=Hoyre\" target=\"_blank\"><span class=\"screen-reader-text\">Del p\u00e5 twitter<\/span><\/a>\n\t\t<a class=\"share-button share-facebook\" href=\"https:\/\/www.facebook.com\/sharer\/sharer.php?u=https:\/\/hoyre.no\/hamar\/aktuelt\/petter-lille\/\" target=\"_blank\"><span class=\"screen-reader-text\">Del p\u00e5 facebook<\/span><\/a>\n\t<\/div>\n\t\t\t\t\t<\/div>\n\t\t\t<\/div>\n\n\t\t\t<figure class=\"hoyre-image-wrapper\"><div class=\"hoyre-image\"><img loading=\"lazy\" decoding=\"async\" width=\"2560\" height=\"1504\" src=\"https:\/\/hoyre.no\/content\/uploads\/sites\/76\/2020\/11\/petter-lilleaa-pedersen-scaled.jpg\" class=\"attachment-scaled size-scaled\" alt=\"\" style=\"object-position: 50% 50%\" srcset=\"https:\/\/hoyre.no\/content\/uploads\/sites\/76\/2020\/11\/petter-lilleaa-pedersen-scaled.jpg 2560w, https:\/\/hoyre.no\/content\/uploads\/sites\/76\/2020\/11\/petter-lilleaa-pedersen-300x176.jpg 300w, https:\/\/hoyre.no\/content\/uploads\/sites\/76\/2020\/11\/petter-lilleaa-pedersen-1024x602.jpg 1024w, https:\/\/hoyre.no\/content\/uploads\/sites\/76\/2020\/11\/petter-lilleaa-pedersen-768x451.jpg 768w, https:\/\/hoyre.no\/content\/uploads\/sites\/76\/2020\/11\/petter-lilleaa-pedersen-1536x903.jpg 1536w, https:\/\/hoyre.no\/content\/uploads\/sites\/76\/2020\/11\/petter-lilleaa-pedersen-2048x1203.jpg 2048w\" sizes=\"auto, (max-width: 2560px) 100vw, 2560px\" \/><\/div><\/figure><div id=\"hoyre-old-article-content-wrapper\"><p><\/p><div id=\":132\"><div id=\":131\"><div dir=\"ltr\">Jeg er 22 \u00e5r, bor p\u00e5 Hamar og studerer til \u00e5 bli l\u00e6rer ved H\u00f8gskolen i Hamar. Jeg har sittet som vara til kommunestyret de siste 4 \u00e5rene. Jeg har hatt hele min oppveks i Hamar, og brenner for at Hamar skal bli en enda bedre by \u00e5 vokse opp i. Hamar skal v\u00e6re en by med god skole, god barnehage og et godt tilbud for de som trenger det lille ekstra. <div><br><\/div><div>Hjertesaker: <\/div><div>* Hamar skal leve opp til sitt slagord: barn og unge f\u00f8rst.<\/div><div>* Ungdomskontakten m\u00e5 gjennoppst\u00e5.<\/div><div>* Hamar m\u00e5 f\u00e5 en jernbanefri strandsone, helst med stasjon under bakken. <\/div><div><br><\/div><div><\/div><\/div><\/div><\/div><div id=\":13w\"><\/div><p><\/p><\/div>\n<div class=\"tags\">\n\t<\/div>\n<div class=\"post-footer alignfull has-background block-editor-block-list__block\" data-align=full>\n\t<div class=\"post-footer-inner\">\n\t\t<h3>Relaterte artikler<\/h3>\n\t\t<div class=\"related-content\"><div class=\"is-card-hoyre\">\n\t<div class=\"teft-card hoyre-teft-card post-teft-card\">\n\t\t<a href=\"https:\/\/hoyre.no\/hamar\/aktuelt\/maren-er-ny-leder-av-kvinneforum\/\" class=\"teft-card__primary-action\">\n\n\t\t\t\t\t<div class=\"teft-card__media teft-card__media--16-9\">\n\t\t\t\t\t\t<img loading=\"lazy\" decoding=\"async\" width=\"768\" height=\"766\" src=\"https:\/\/hoyre.no\/content\/uploads\/sites\/76\/2026\/01\/image1-768x766.jpeg\" class=\"attachment-medium_large size-medium_large\" alt=\"\" srcset=\"https:\/\/hoyre.no\/content\/uploads\/sites\/76\/2026\/01\/image1-768x766.jpeg 768w, https:\/\/hoyre.no\/content\/uploads\/sites\/76\/2026\/01\/image1-300x300.jpeg 300w, https:\/\/hoyre.no\/content\/uploads\/sites\/76\/2026\/01\/image1-150x150.jpeg 150w, https:\/\/hoyre.no\/content\/uploads\/sites\/76\/2026\/01\/image1.jpeg 960w\" sizes=\"auto, (max-width: 768px) 100vw, 768px\" \/>\t\t<\/div>\n\t\t\n\t\t\t<div class=\"teft-card__content-wrapper\">\n\t\t\t\t<div class=\"teft-card__secondary\">\n\t\t\t\t\t\n\t\t\t\t\t\t\t\t<div class=\"teft-card__meta\">\n\t\t\t\t\t\t\t\t\t<span class=\"post-date\">11. jan 2026<\/span>\n\n\t\t\t\t\t\t\t\t\t<span class=\"post-category\">Kvinneforum<\/span>\t\t\t\t\t\t\t\t<\/div>\n\t\t\t\t\t\t\t\t\t\t\t<\/div>\n\n\t\t\t\t<div class=\"teft-card__primary\">\n\t\t\t\t\t<h2 class=\"teft-card__title\">Maren er ny leder av kvinneforum&nbsp;<span class=\"teft-card__primary-title-append\"><\/span><\/h2>\t\t\t\t<\/div>\n\t\t\t<\/div>\n\t\t<\/a>\n\t<\/div>\n\n\t<\/div><div class=\"is-card-hoyre\">\n\t<div class=\"teft-card hoyre-teft-card post-teft-card\">\n\t\t<a href=\"https:\/\/hoyre.no\/hamar\/aktuelt\/noen-ma-vaere-forst-med-a-avvikle-fylkeskommunen\/\" class=\"teft-card__primary-action\">\n\n\t\t\t\t\t<div class=\"teft-card__media teft-card__media--16-9\">\n\t\t\t\t\t\t<img loading=\"lazy\" decoding=\"async\" width=\"768\" height=\"512\" src=\"https:\/\/hoyre.no\/content\/uploads\/sites\/76\/2022\/09\/hamar-768x512.jpg\" class=\"attachment-medium_large size-medium_large\" alt=\"Hamar\" srcset=\"https:\/\/hoyre.no\/content\/uploads\/sites\/76\/2022\/09\/hamar-768x512.jpg 768w, https:\/\/hoyre.no\/content\/uploads\/sites\/76\/2022\/09\/hamar-300x200.jpg 300w, https:\/\/hoyre.no\/content\/uploads\/sites\/76\/2022\/09\/hamar-1024x683.jpg 1024w, https:\/\/hoyre.no\/content\/uploads\/sites\/76\/2022\/09\/hamar-1536x1024.jpg 1536w, https:\/\/hoyre.no\/content\/uploads\/sites\/76\/2022\/09\/hamar-2048x1365.jpg 2048w\" sizes=\"auto, (max-width: 768px) 100vw, 768px\" \/>\t\t<\/div>\n\t\t\n\t\t\t<div class=\"teft-card__content-wrapper\">\n\t\t\t\t<div class=\"teft-card__secondary\">\n\t\t\t\t\t\n\t\t\t\t\t\t\t\t<div class=\"teft-card__meta\">\n\t\t\t\t\t\t\t\t\t<span class=\"post-date\">10. jan 2026<\/span>\n\n\t\t\t\t\t\t\t\t\t<span class=\"post-category\">Fylkeskommunen<\/span>\t\t\t\t\t\t\t\t<\/div>\n\t\t\t\t\t\t\t\t\t\t\t<\/div>\n\n\t\t\t\t<div class=\"teft-card__primary\">\n\t\t\t\t\t<h2 class=\"teft-card__title\">Noen m\u00e5 v\u00e6re f\u00f8rst med \u00e5 avvikle fylkeskommunen&nbsp;<span class=\"teft-card__primary-title-append\"><\/span><\/h2>\t\t\t\t<\/div>\n\t\t\t<\/div>\n\t\t<\/a>\n\t<\/div>\n\n\t<\/div><div class=\"is-card-hoyre\">\n\t<div class=\"teft-card hoyre-teft-card post-teft-card\">\n\t\t<a href=\"https:\/\/hoyre.no\/hamar\/aktuelt\/anna-og-yngve-pa-topp-for-hedmark\/\" class=\"teft-card__primary-action\">\n\n\t\t\t\t\t<div class=\"teft-card__media teft-card__media--16-9\">\n\t\t\t\t\t\t<img loading=\"lazy\" decoding=\"async\" width=\"768\" height=\"635\" src=\"https:\/\/hoyre.no\/content\/uploads\/sites\/76\/2024\/11\/Skjermbilde-2024-11-16-kl.-18.28.51-768x635.png\" class=\"attachment-medium_large size-medium_large\" alt=\"\" srcset=\"https:\/\/hoyre.no\/content\/uploads\/sites\/76\/2024\/11\/Skjermbilde-2024-11-16-kl.-18.28.51-768x635.png 768w, https:\/\/hoyre.no\/content\/uploads\/sites\/76\/2024\/11\/Skjermbilde-2024-11-16-kl.-18.28.51-300x248.png 300w, https:\/\/hoyre.no\/content\/uploads\/sites\/76\/2024\/11\/Skjermbilde-2024-11-16-kl.-18.28.51.png 882w\" sizes=\"auto, (max-width: 768px) 100vw, 768px\" \/>\t\t<\/div>\n\t\t\n\t\t\t<div class=\"teft-card__content-wrapper\">\n\t\t\t\t<div class=\"teft-card__secondary\">\n\t\t\t\t\t\n\t\t\t\t\t\t\t\t<div class=\"teft-card__meta\">\n\t\t\t\t\t\t\t\t\t<span class=\"post-date\">16. nov 2024<\/span>\n\n\t\t\t\t\t\t\t\t\t<span class=\"post-category\">Stortingsvalg<\/span>\t\t\t\t\t\t\t\t<\/div>\n\t\t\t\t\t\t\t\t\t\t\t<\/div>\n\n\t\t\t\t<div class=\"teft-card__primary\">\n\t\t\t\t\t<h2 class=\"teft-card__title\">Anna og Yngve p\u00e5 topp for Hedmark!&nbsp;<span class=\"teft-card__primary-title-append\"><\/span><\/h2>\t\t\t\t<\/div>\n\t\t\t<\/div>\n\t\t<\/a>\n\t<\/div>\n\n\t<\/div><\/div>\t<\/div>\n<\/div>\n","protected":false},"excerpt":{"rendered":"","protected":false},"author":0,"featured_media":0,"comment_status":"closed","ping_status":"closed","sticky":false,"template":"","format":"standard","meta":{"teft_cards_image_url":"https:\/\/hoyre.no\/content\/uploads\/sites\/76\/2020\/11\/petter-lilleaa-pedersen-scaled.jpg","teft_cards_custom_pretitle":"","teft_cards_image_id":50,"teft_cards_image_focal_point_x":0,"teft_cards_image_focal_point_y":0,"teft_cards_title":"","teft_cards_excerpt":"","teft_show_chapters":false,"author_display_name":"Petter Lillea\u00e5s Pedersen","footnotes":""},"category":[1],"post_tag":[],"hoyre-visibility":[],"article-type":[],"politician":[],"class_list":["post-51","post","type-post","status-publish","format-standard","hentry","category-ukategorisert"],"yoast_head":"<!-- This site is optimized with the Yoast SEO plugin v26.6 - https:\/\/yoast.com\/wordpress\/plugins\/seo\/ -->\n<title>Jeg stiller til valg: Petter Lille\u00e5s Pedersen - Hamar H\u00f8yre<\/title>\n<meta name=\"robots\" content=\"index, follow, max-snippet:-1, max-image-preview:large, max-video-preview:-1\" \/>\n<link rel=\"canonical\" href=\"https:\/\/hoyre.no\/hamar\/aktuelt\/petter-lille\/\" \/>\n<meta property=\"og:locale\" content=\"nb_NO\" \/>\n<meta property=\"og:type\" content=\"article\" \/>\n<meta property=\"og:title\" content=\"Jeg stiller til valg: Petter Lille\u00e5s Pedersen - Hamar H\u00f8yre\" \/>\n<meta property=\"og:url\" content=\"https:\/\/hoyre.no\/hamar\/aktuelt\/petter-lille\/\" \/>\n<meta property=\"og:site_name\" content=\"Hamar H\u00f8yre\" \/>\n<meta property=\"article:published_time\" content=\"2015-09-13T06:19:02+00:00\" \/>\n<meta property=\"og:image\" content=\"https:\/\/hoyre.no\/content\/uploads\/sites\/76\/2023\/07\/Jane-2-1024x683.jpg\" \/>\n<meta name=\"twitter:card\" content=\"summary_large_image\" \/>\n<meta name=\"twitter:label1\" content=\"Ansl. lesetid\" \/>\n\t<meta name=\"twitter:data1\" content=\"1 minutt\" \/>\n<script type=\"application\/ld+json\" class=\"yoast-schema-graph\">{\"@context\":\"https:\/\/schema.org\",\"@graph\":[{\"@type\":\"NewsArticle\",\"@id\":\"https:\/\/hoyre.no\/hamar\/aktuelt\/petter-lille\/\",\"url\":\"https:\/\/hoyre.no\/hamar\/aktuelt\/petter-lille\/\",\"name\":\"Jeg stiller til valg: Petter Lille\u00e5s Pedersen - Hamar H\u00f8yre\",\"isPartOf\":{\"@id\":\"https:\/\/hoyre.no\/hamar\/#website\"},\"datePublished\":\"2015-09-13T06:19:02+00:00\",\"author\":{\"@id\":\"\"},\"breadcrumb\":{\"@id\":\"https:\/\/hoyre.no\/hamar\/aktuelt\/petter-lille\/#breadcrumb\"},\"inLanguage\":\"nb-NO\",\"potentialAction\":[{\"@type\":\"ReadAction\",\"target\":[\"https:\/\/hoyre.no\/hamar\/aktuelt\/petter-lille\/\"]}]},{\"@type\":\"BreadcrumbList\",\"@id\":\"https:\/\/hoyre.no\/hamar\/aktuelt\/petter-lille\/#breadcrumb\",\"itemListElement\":[{\"@type\":\"ListItem\",\"position\":1,\"name\":\"Til hoyre.no\",\"item\":\"https:\/\/hoyre.no\"},{\"@type\":\"ListItem\",\"position\":2,\"name\":\"Hjem\",\"item\":\"https:\/\/hoyre.no\/hamar\/\"},{\"@type\":\"ListItem\",\"position\":3,\"name\":\"Jeg stiller til valg: Petter Lille\u00e5s Pedersen\"}]},{\"@type\":\"WebSite\",\"@id\":\"https:\/\/hoyre.no\/hamar\/#website\",\"url\":\"https:\/\/hoyre.no\/hamar\/\",\"name\":\"Hamar H\u00f8yre\",\"description\":\"Bare enda et H\u00f8yres nettsteder-nettsted\",\"inLanguage\":\"nb-NO\"}]}<\/script>\n<!-- \/ Yoast SEO plugin. -->","yoast_head_json":{"title":"Jeg stiller til valg: Petter Lille\u00e5s Pedersen - Hamar H\u00f8yre","robots":{"index":"index","follow":"follow","max-snippet":"max-snippet:-1","max-image-preview":"max-image-preview:large","max-video-preview":"max-video-preview:-1"},"canonical":"https:\/\/hoyre.no\/hamar\/aktuelt\/petter-lille\/","og_locale":"nb_NO","og_type":"article","og_title":"Jeg stiller til valg: Petter Lille\u00e5s Pedersen - Hamar H\u00f8yre","og_url":"https:\/\/hoyre.no\/hamar\/aktuelt\/petter-lille\/","og_site_name":"Hamar H\u00f8yre","article_published_time":"2015-09-13T06:19:02+00:00","og_image":[{"url":"https:\/\/hoyre.no\/content\/uploads\/sites\/76\/2023\/07\/Jane-2-1024x683.jpg","width":"","height":"","type":""}],"twitter_card":"summary_large_image","twitter_misc":{"Ansl. lesetid":"1 minutt"},"schema":{"@context":"https:\/\/schema.org","@graph":[{"@type":"NewsArticle","@id":"https:\/\/hoyre.no\/hamar\/aktuelt\/petter-lille\/","url":"https:\/\/hoyre.no\/hamar\/aktuelt\/petter-lille\/","name":"Jeg stiller til valg: Petter Lille\u00e5s Pedersen - Hamar H\u00f8yre","isPartOf":{"@id":"https:\/\/hoyre.no\/hamar\/#website"},"datePublished":"2015-09-13T06:19:02+00:00","author":{"@id":""},"breadcrumb":{"@id":"https:\/\/hoyre.no\/hamar\/aktuelt\/petter-lille\/#breadcrumb"},"inLanguage":"nb-NO","potentialAction":[{"@type":"ReadAction","target":["https:\/\/hoyre.no\/hamar\/aktuelt\/petter-lille\/"]}]},{"@type":"BreadcrumbList","@id":"https:\/\/hoyre.no\/hamar\/aktuelt\/petter-lille\/#breadcrumb","itemListElement":[{"@type":"ListItem","position":1,"name":"Til hoyre.no","item":"https:\/\/hoyre.no"},{"@type":"ListItem","position":2,"name":"Hjem","item":"https:\/\/hoyre.no\/hamar\/"},{"@type":"ListItem","position":3,"name":"Jeg stiller til valg: Petter Lille\u00e5s Pedersen"}]},{"@type":"WebSite","@id":"https:\/\/hoyre.no\/hamar\/#website","url":"https:\/\/hoyre.no\/hamar\/","name":"Hamar H\u00f8yre","description":"Bare enda et H\u00f8yres nettsteder-nettsted","inLanguage":"nb-NO"}]}},"distributor_meta":false,"distributor_terms":false,"distributor_media":false,"distributor_original_site_name":"Hamar H\u00f8yre","distributor_original_site_url":"https:\/\/hoyre.no\/hamar","push-errors":false,"_links":{"self":[{"href":"https:\/\/hoyre.no\/hamar\/wp-json\/wp\/v2\/posts\/51","targetHints":{"allow":["GET"]}}],"collection":[{"href":"https:\/\/hoyre.no\/hamar\/wp-json\/wp\/v2\/posts"}],"about":[{"href":"https:\/\/hoyre.no\/hamar\/wp-json\/wp\/v2\/types\/post"}],"replies":[{"embeddable":true,"href":"https:\/\/hoyre.no\/hamar\/wp-json\/wp\/v2\/comments?post=51"}],"version-history":[{"count":0,"href":"https:\/\/hoyre.no\/hamar\/wp-json\/wp\/v2\/posts\/51\/revisions"}],"wp:attachment":[{"href":"https:\/\/hoyre.no\/hamar\/wp-json\/wp\/v2\/media?parent=51"}],"wp:term":[{"taxonomy":"category","embeddable":true,"href":"https:\/\/hoyre.no\/hamar\/wp-json\/wp\/v2\/category?post=51"},{"taxonomy":"post_tag","embeddable":true,"href":"https:\/\/hoyre.no\/hamar\/wp-json\/wp\/v2\/post_tag?post=51"},{"taxonomy":"hoyre-visibility","embeddable":true,"href":"https:\/\/hoyre.no\/hamar\/wp-json\/wp\/v2\/hoyre-visibility?post=51"},{"taxonomy":"article-type","embeddable":true,"href":"https:\/\/hoyre.no\/hamar\/wp-json\/wp\/v2\/article-type?post=51"},{"taxonomy":"politician","embeddable":true,"href":"https:\/\/hoyre.no\/hamar\/wp-json\/wp\/v2\/politician?post=51"}],"curies":[{"name":"wp","href":"https:\/\/api.w.org\/{rel}","templated":true}]}}