{"id":53,"date":"2015-03-20T11:26:00","date_gmt":"2015-03-20T10:26:00","guid":{"rendered":"https:\/\/hoyre.no\/hamar\/aktuelt\/politisk-program\/"},"modified":"2015-03-20T11:26:00","modified_gmt":"2015-03-20T10:26:00","slug":"politisk-program","status":"publish","type":"post","link":"https:\/\/hoyre.no\/hamar\/aktuelt\/politisk-program\/","title":{"rendered":"Hva mener Hamar H\u00f8yre"},"content":{"rendered":"<p class=\"preamble\">Lurer du litt p\u00e5 hva vi i H\u00f8yre st\u00e5r for? Hvorfor er det viktig \u00e5 bruke stemmeretten til h\u00f8sten, og kanskje stemme p\u00e5 H\u00f8yre? Her kan du lese Hamar H\u00f8yre sitt program for valget!<\/p>\t\t\t<div class=\"post-meta wp-block teft-byline-wrapper\">\n\t\t\t\t<div class=\"top\">\n\t\t\t\t\t<div class=\"signature\">\n\t\t\t\t\t\t<div class=\"teft-byline\">\n\t\t\t\t\t\t\t\t\t\t\t\t\t\t<div>\n\t\t\t\t\t\t\t\t<h3>H\u00f8yres redaksjon<\/h3>\t\t\t\t\t\t\t\t\n\t\t\t\t\t\t\t\t\t\t\t\t\t\t\t\t\t<span class=\"date\">Sist oppdatert: 20. mars 2015<\/span>\n\t\t\t\t\t\t\t\t\t\t\t\t\t\t\t\t\t\t\t\t\t\t\t\t\t<span class=\"reading-time\" itemprop=\"timeRequired\" content=\"PT15M\"><em>Ca. 15 minutter lesetid<\/em><\/span>\n\t\t\t\t\t\t\t\t\t\t\t\t\t\t\t<\/div>\n\t\t\t\t\t\t<\/div>\n\t\t\t\t\t<\/div>\n\t\t\t\t\t\t<div class=\"sharing\">\n\t\t<a class=\"share-button share-link copy-link\" data-copy=\"https:\/\/hoyre.no\/hamar\/aktuelt\/politisk-program\/\" target=\"_blank\"><span class=\"screen-reader-text\">Del link<\/span><\/a>\n\t\t<a class=\"share-button share-twitter\" href=\"http:\/\/twitter.com\/share?text=Hva mener Hamar H\u00f8yre&#038;url=https:\/\/hoyre.no\/hamar\/aktuelt\/politisk-program\/&#038;hashtags=Hoyre\" target=\"_blank\"><span class=\"screen-reader-text\">Del p\u00e5 twitter<\/span><\/a>\n\t\t<a class=\"share-button share-facebook\" href=\"https:\/\/www.facebook.com\/sharer\/sharer.php?u=https:\/\/hoyre.no\/hamar\/aktuelt\/politisk-program\/\" target=\"_blank\"><span class=\"screen-reader-text\">Del p\u00e5 facebook<\/span><\/a>\n\t<\/div>\n\t\t\t\t\t<\/div>\n\t\t\t<\/div>\n\n\t\t\t<figure class=\"hoyre-image-wrapper\"><div class=\"hoyre-image\"><img loading=\"lazy\" decoding=\"async\" width=\"1024\" height=\"683\" src=\"https:\/\/hoyre.no\/content\/uploads\/sites\/76\/2020\/11\/hjertebuttons.jpg\" class=\"attachment-scaled size-scaled\" alt=\"\" style=\"object-position: 50% 50%\" srcset=\"https:\/\/hoyre.no\/content\/uploads\/sites\/76\/2020\/11\/hjertebuttons.jpg 1024w, https:\/\/hoyre.no\/content\/uploads\/sites\/76\/2020\/11\/hjertebuttons-300x200.jpg 300w, https:\/\/hoyre.no\/content\/uploads\/sites\/76\/2020\/11\/hjertebuttons-768x512.jpg 768w\" sizes=\"auto, (max-width: 1024px) 100vw, 1024px\" \/><\/div><\/figure><div id=\"hoyre-old-article-content-wrapper\"><p>H\u00f8yre gj\u00f8r Norge klar for fremtiden. Verden forandrer seg i et tempo vi aldri f\u00f8r har opplevd. Da er det v\u00e5rt ansvar \u00e5 ta vare p\u00e5 velferden for alle. H\u00f8yre her i din kommune og i regjering jobber hver dag for \u00e5 fornye, forenkle og forbedre. Det dreier seg om din velferd. Det betyr noe om H\u00f8yre styrer her i kommunen.<\/p><p><\/p><p>I september er det valg, b\u00e5de her i kommunen og til fylkestinget. Da kan du bestemme hvem som har de beste svarene p\u00e5 <a href=\"http:\/\/www.din-hjertesak.no\/\">dine hjertesaker<\/a>. Vi h\u00e5per at du finner gode svar i H\u00f8yres politikk.<\/p><p><\/p><p><\/p><p><strong><br><\/strong><\/p><p><strong>Muligheter for alle<\/strong><\/p><p><\/p><p>Hamar H\u00f8yre \u00f8nsker at Hamar kommune skal v\u00e6re byen med muligheter for alle. For \u00e5 f\u00e5 til det m\u00e5 vi bygge et solid grunnlag for \u00e5 m\u00f8te fremtidens utfordringer og gripe fremtidens muligheter. Derfor kan vi ikke bare tenke i 4-\u00e5rsperioder. V\u00e5re visjoner m\u00e5 derfor strekke seg lenger enn til 2019.<\/p><p><\/p><p><\/p><p>Hamar by og Hamarregionen vil endre seg i \u00e5rene som kommer, og byen og regionen m\u00e5 posisjonere seg. Hamar H\u00f8yre er opptatt av at Hamar skal ta en ledende rolle i \u00e5 utvikle Hamarregionen. En koordinert region vil sikre denne og kommende generasjoner gode oppvekst- og arbeidsvilk\u00e5r.<\/p><p><\/p><p><\/p><p>Et sterkere sosialt sikkerhetsnett er en av de viktige satsningsomr\u00e5dene for Hamar H\u00f8yre. Det inneb\u00e6rer blant annet \u00e5 styrke det kommunale tilbudet innen rus og psykisk helse. Det inneb\u00e6rer ogs\u00e5 \u00e5 gi flere ungdom og voksne som st\u00e5r utenfor arbeidslivet grunnleggende ferdigheter, tilbud om lese- og skriveoppl\u00e6ring og tilstrekkelig spr\u00e5koppl\u00e6ring.<\/p><p><\/p><p><\/p><p>Hamar H\u00f8yre vil gjennomf\u00f8re en politikk som tilrettelegger for en b\u00e6rekraftig, klimavennlig og attraktiv by. Dette vil vi oppn\u00e5 ved \u00e5 legge til rette for velfungerende kollektivtransport, gode barnehager og skoler, et n\u00e6ringsliv i vekst og attraktive bo- og arbeidsomr\u00e5der. Hamar H\u00f8yre er samtidig opptatt av \u00e5 sette grenser for politikken og tydeliggj\u00f8re det personlige ansvaret. Den enkelte og familiene m\u00e5 f\u00e5 mer frihet til \u00e5 bestemme over sine egne liv. Vi trenger et sterkt og uavhengig sivilsamfunn.<\/p><p><\/p><p><\/p><p>Den globale klimautfordringen m\u00e5 blant annet l\u00f8ses gjennom internasjonalt samarbeid, men kommuner, n\u00e6ringsliv og enkeltpersoner er forpliktet til \u00e5 bidra til l\u00f8sningene lokalt. Godt over 20 prosent av Norges totale utslipp foreg\u00e5r innenfor kommunale virkemidler, og det er utenkelig \u00e5 drive samfunnsutvikling i en kommune uten at det skjer p\u00e5 en milj\u00f8messig b\u00e6rekraftig m\u00e5te.<\/p><p><\/p><p><\/p><p>Hamar H\u00f8yres viktigste grep for at byen v\u00e5r skal v\u00e6re en attraktiv by for oss som bor her:<\/p><p><\/p><ul><li>S\u00f8rge for at byens tjeneste- og velferdstilbud har h\u00f8y kvalitet<\/li><li>At vi har valgfrihet og mulighet til \u00e5 skape det beste for oss og v\u00e5re n\u00e6rmeste <\/li><li>At n\u00e6ringslivet har de beste vilk\u00e5rene for nyskaping og vekst <\/li><li>Dette er Hamar H\u00f8yres viktigste oppdrag. I dette programmet peker vi ut retningen vi \u00f8nsker \u00e5 utvikle byen v\u00e5r.<\/li><\/ul><p><\/p><p><\/p><p><strong><br><\/strong><\/p><p><strong>Kommuneutvikling<\/strong><\/p><p><\/p><p>Skal vi klare \u00e5 l\u00f8se fremtidens velferdsutfordringer i Hamar, m\u00e5 vi legge til rette for h\u00f8y utbyggingstakt og vekst i folketallet. Den eneste m\u00e5ten vi kan sikre en sunn kommune\u00f8konomi p\u00e5, er \u00e5 legge til rette for familier og nyetablerere. Blir andelen yrkesaktive for lav, vil kommunen slite med d\u00e5rlig \u00f8konomi og handlefrihet. Hamar kommune har h\u00f8y gjeld og tidligere oppsparte fond er brukt opp. For \u00e5 sikre fremtiden til kommende generasjoner i kommunen, mener Hamar H\u00f8yre det er avgj\u00f8rende \u00e5 drive en forsvarlig og langsiktig \u00f8konomisk politikk. Det er n\u00f8dvendig \u00e5 dempe kostnadsveksten, slippe til private og ideelle akt\u00f8rer og gi grobunn for nye bedrifter. Det er viktig \u00e5 gj\u00f8re kommunen og regionen attraktiv for et mangfold av arbeidstakere og n\u00e6ringsdrivende.<\/p><p><\/p><p><\/p><p>Hamar H\u00f8yre vil:<\/p><p><\/p><ul><li>ta en aktiv rolle for \u00e5 fremme samarbeid mellom utdannings-, forsknings- og innovasjonsmilj\u00f8er og eksisterende n\u00e6ringsliv<\/li><li>f\u00f8re en aktiv politikk for \u00e5 styrke Hamar som handelsomr\u00e5de, kulturelt sentrum og etableringssted for st\u00f8rre virksomheter i regionen<\/li><li>vektlegge n\u00e6ringslivets behov ved nye og attraktive arbeidsplasser og \u00e5 regulere arealer for sentrumsn\u00e6re bygg<\/li><li>legge til rette for kombinasjonsboliger med forretninger, tjenestetilbud og boliger<\/li><li>satse p\u00e5 ungt entrepren\u00f8rskap<\/li><li>la kommunen f\u00e5 en mer proaktiv, tilretteleggende og samarbeidende rolle ved nyetableringer<\/li><li>vurdere \u00e5 konvertere sentrumsn\u00e6re omr\u00e5der til bolig- og n\u00e6ringsform\u00e5l <\/li><li>sette konkrete krav til saksbehandlingstid og innf\u00f8re m\u00e5ling av tidsbruken ved alle kommunale instanser som behandler s\u00f8knader<\/li><li>skape konkurranse om \u00e5 tilby velferd der det offentliges pris- og kvalitetsniv\u00e5 kan utfordres<\/li><li>tilrettelegge for \u00e5 etablere et vitensenter med hovedtema bioteknologi gjennom samarbeid med n\u00e6ringsliv og forskningsinstitusjoner<\/li><li>arbeide for en storkommune p\u00e5 Hedemarken for \u00e5 tilby fremtidsrettede og solide tjenester<\/li><li>jobbe for \u00e5 harmonisere skjenketidene i regionen<\/li><li>jobbe for at Forsvarets personell- og vernepliktssenter samlokaliseres til Hamar<\/li><li>jobbe for at politidistriktets ledelse blir v\u00e6rende p\u00e5 Hamar<\/li><li>jobbe for et nytt fengsel p\u00e5 Ilseng<\/li><li>jobbe for en god sykehuskvalitet for Hamars og regionens innbyggere<\/li><li>bedre kvaliteten p\u00e5 vann- og avl\u00f8psnettet<\/li><li>legge til rette for \u00e5 utbedre bredb\u00e5ndsnettet<\/li><li>overf\u00f8re utbytte fra Eidsiva til kommunalt fond for \u00e5 sikre kommende investeringer, og ikke som i dag la dette g\u00e5 inn i den ordin\u00e6re driften<\/li><li>innf\u00f8re handlingsregler for kommune\u00f8konomien<\/li><li>gradvis \u00e5 redusere eiendomsskatten<\/li><\/ul><p><\/p><p><strong><br><\/strong><\/p><p><strong>Skole og barnehage<\/strong><\/p><p><\/p><p>Vi m\u00e5 styrke satsingen p\u00e5 kunnskap. Vi \u00f8nsker et samfunn hvor hver enkelt gis verkt\u00f8yene til \u00e5 forme sin egen fremtid, uavhengig av bakgrunn.<\/p><p><\/p><p><\/p><p>Hamar H\u00f8yre vil sikre at alle l\u00e6rer seg de grunnleggende ferdigheter og at flere fullf\u00f8rer videreg\u00e5ende skole. Mye er bra i Hamarskolen, men det er ogs\u00e5 utfordringer. Det er bekymringsfullt at en for h\u00f8y andel av elevene ikke fullf\u00f8rer videreg\u00e5ende oppl\u00e6ring, spesielt innen yrkesfagoppl\u00e6ringen. Hamar H\u00f8yre vil etablere et tettere samarbeid mellom ungdomskolene og de videreg\u00e5ende skolene, med det form\u00e5l \u00e5 gj\u00f8re overgangen til de videreg\u00e5ende skolene lettere. Kommunen m\u00e5 bli mer \u00e5pen for \u00e5 tilby flere l\u00e6rlingplasser. Vi mener at det er viktig med god kontakt mellom arbeidslivet og skolen.<\/p><p><\/p><p><\/p><p>Ungdom som ikke har fullf\u00f8rt videreg\u00e5ende, er overrepresentert i NAVs statistikker, uavhengig av om vi snakker om arbeidsledig ungdom, uf\u00f8retrygdet ungdom eller ungdom med nedsatt arbeidsevne. Skolen er ogs\u00e5 en viktig arena for \u00e5 forebygge og fremme god helse fordi det her er mulig \u00e5 treffe alle barn og unge. \u00f8kningen i uf\u00f8retrygdede med bakgrunn i psykiske lidelser viser seg \u00e5 v\u00e6re st\u00f8rst blant unge. Det er derfor avgj\u00f8rende med tidlig forebyggende innsats.<\/p><p>Hamar H\u00f8yre vil:<\/p><p><\/p><ul><li>\u00f8ke ressursene til spr\u00e5koppl\u00e6ring i barnehage og grunnskole<\/li><li>f\u00f8lge opp \u00f8kt voksentetthet i for barn i sm\u00e5barnsavdelingene i barnehagene fra 14 til 12 barn innen 2015, og fra 12 til 9 innen 2019<\/li><li>jobbe for \u00e5 innf\u00f8re 2 barnehageopptak i \u00e5ret<\/li><li>starte et fors\u00f8k med gratis kjernetid til barn i alderen 3-5 \u00e5r for familier med innvandrerbakgrunn og for familier med samlet inntekt under 300.000<\/li><li>alle som blir fast ansatt i barnehagene skal ha fagbrev i barne- og ungdomsarbeiderfaget<\/li><li>samarbeide med private akt\u00f8rer om \u00e5 bygge og drive barnehager<\/li><li>gi ekstraundervisning til elever i 1.-4. klasse som ikke oppn\u00e5r m\u00e5lsatte ferdigheter for \u00e5 kunne mestre neste niv\u00e5 <\/li><li>gi elevene rett til niv\u00e5valg i undervisningen i basisfagene norsk, engelsk og matematikk <\/li><li>sikre at pedagogisk utdannet personale bist\u00e5r elevene i leksetiden<\/li><li>gi elever i ungdomsskolen mulighet til \u00e5 forbedre eksamenskarakterer gjennom \u00e5 ta eksamen p\u00e5 nytt<\/li><li>sikre at elever i Hamarskolen f\u00e5r mulighet til \u00e5 forsere fag, b\u00e5de p\u00e5 barne- og ungdomstrinnet<\/li><li>gi elevene i ungdomskolen muligheter til \u00e5 velge realfag som valgfag<\/li><li>legge til rette for praksis ute i bedrift eller kommunen for skoletr\u00f8tte elever i ungdomsskolen<\/li><li>\u00f8ke antall tilgjengelige elektroniske hjelpemidler i l\u00e6ringssituasjonen <\/li><li>videreutvikle aktivitetsskolen til \u00e5 bli en gratis ferieskole. Ferieskolen skal v\u00e6re en l\u00e6ringsarena b\u00e5de for elever som \u00f8nsker faglige utfordringer og for elever som vil \u00f8ve mer p\u00e5 grunnleggende ferdigheter. Alle kursene skal knyttes til ett av fagene norsk, matematikk, naturfag, engelsk, fremmedspr\u00e5k, IKT eller yrkesfag. Tiltaket er ogs\u00e5 viktig i integrerings- og inkluderingsarbeidet<\/li><li>iverksette plan om \u00e5 \u00f8ke antall trinn som f\u00e5r sv\u00f8mmeundervisning<\/li><li>styrke skolehelsetjenesten ved bedre helses\u00f8sterdekning, slik at den kan drive forebyggende arbeid og v\u00e6re tilgjengelig for elever som har behov for hjelp, herunder etablere skolehelsetjeneste &laquo;p\u00e5 nett&raquo;<\/li><li>gjennomf\u00f8re en plan for \u00e5 etter- og videreutdanne l\u00e6rere i kommunen sett i lys av nye kompetansekrav gjennom l\u00e6rerl\u00f8ftet. Det etableres en vikarpool for \u00e5 s\u00f8rge for god kvalitet p\u00e5 undervisningen der l\u00e6rere deltar i videreutdanning<\/li><li>styrke rektors rolle som pedagogisk leder ved \u00e5 gi rom for etter- og videreutdanning<\/li><li>ha et tett samarbeid med regionens h\u00f8gskoler, slik at studietilbud utvikles i tr\u00e5d med arbeidslivets behov i regionen<\/li><li>forplikte kommunen til \u00e5 ta i mot flere l\u00e6rlinger og oppfordre n\u00e6ringslivet i Hamar \u00e5 ta inn l\u00e6rlinger innen alle relevante fag<\/li><\/ul><p><\/p><p><strong><br><\/strong><\/p><p><strong>Helse og omsorg<\/strong><\/p><p><\/p><p>Andelen eldre stiger kraftig i Hamar, og det er derfor viktig \u00e5 legge til rette for en god alderdom. Alder eller et pleiebehov er ikke argument for \u00e5 bli umyndiggjort. Valgfriheten skal ikke begrenses for dem som trenger den mest &ndash; eller p\u00e5 de omr\u00e5dene i livet hvor det er viktigst. Mange eldre i Hamar kjenner daglig p\u00e5 ensomheten. Ensomhet er ikke en sykdom, men ensomhet gj\u00f8r oss s\u00e5rbare for b\u00e5de psykisk og fysisk helse som har store kostnader for den enkelte, og krever store offentlige ressurser \u00e5 behandle. Det er viktig at vi ikke glemmer menneskers grunnleggende behov for trivsel i hverdagen.<\/p><p>Hamar H\u00f8yre vil:<\/p><p><\/p><ul><li>utvide antall omsorgsboliger tilrettelagt for 24 timers tjenestetilbud<\/li><li>gi beboere p\u00e5 institusjon samme rett til st\u00f8ttekontakt som de som bor hjemme. Behovet skal v\u00e6re styrende &ndash; ikke hvor man bor<\/li><li>sette i gang et pr\u00f8veprosjekt med bokollektiv der eldre bor sammen og hjelper hverandre med hverdagslige gj\u00f8rem\u00e5l og i st\u00f8rre grad er uavhengig av kommunale omsorgstjenester <\/li><li>b\u00f8te p\u00e5 manglende helsefagpersonell fremover for helse og omsorgsoppgaver ved \u00e5 stimulere til gr&uuml;ndervirksomhet. Mange s\u00f8ker seg ut av omsorgsyrket, ikke fordi de er lei omsorgsarbeidet &ndash; men fordi de \u00f8nsker et skifte av arbeidsform og arbeidshverdag. Hamar H\u00f8yre mener kommunen ikke har r\u00e5d til \u00e5 miste fagl\u00e6rte og engasjerte personer innen helse\/omsorgssektoren. Det m\u00e5 derfor p\u00e5 plass incitament for \u00e5 etablere sm\u00e5 og st\u00f8rre private alternativer innen sektoren<\/li><li>tilrettelegge for at ulike akt\u00f8rer kan gi innhold til helse- og omsorgstjenester ved \u00e5 la virksomheter konkurrere p\u00e5 innholdet i driften av sykehjem\/omsorgstjenester. Hamar H\u00f8yre mener at man b\u00f8r ta utgangspunkt i den pris som kan betales, for deretter se hva leverand\u00f8rene kan konkurrere p\u00e5 innhold i tjenestene. Dette vil synliggj\u00f8re forskjeller p\u00e5 hva det reelle brukertilbudet vil bli, samt at &rdquo;myke&rdquo; kvalitetsparametere i leveringen blir tatt hensyn til. Det m\u00e5 settes av ressurser til utvikling og evaluering av slike brukerparametere<\/li><li>samarbeide med private akt\u00f8rer om \u00e5 tilrettelegge for omsorgsboliger<\/li><li>gjennomf\u00f8re fors\u00f8k med alternative turnusordninger i omsorgssektoren<\/li><li>\u00f8ke tilgangen til fysioterapeuter med relevant spesialisering<\/li><li>gi gratis tilgang til kommunale varmtvannsbasseng for funksjonshemmedes organisasjoner<\/li><li>gi muligheter for frivillig deltid, men stimulere arbeidstakere innen sektoren til \u00e5 jobbe fulltid<\/li><li>stimulere til at kommunen skal samarbeide med frivillige organisasjoner om tilbud som dagavlastning og sosialt samv\u00e6r <\/li><li>opprette felles vikarpool med nabokommunene<\/li><li>\u00f8ke bruken av velferdsteknologi for \u00e5 bedre tjenestetilbudet og \u00f8ke tryggheten for pasienter, p\u00e5r\u00f8rende og ansatte. Herunder ligger det \u00e5 bruke teknologiske verkt\u00f8y for \u00e5 utnytte ressursene best mulig &#8211; for eksempel et avansert logistikksystem for \u00e5 redusere reise- og administrasjonstiden innen hjemmehjelpen<\/li><\/ul><p><\/p><p><strong><br><\/strong><\/p><p><strong>Sosialt sikkerhetsnett<\/strong><\/p><p><\/p><p>For mange mennesker har falt gjennom v\u00e5rt sikkerhetsnett, enten det er i skolen, barnevernet eller helsetjenesten. Vi m\u00e5 bli bedre til \u00e5 se hvert enkelt menneskes utfordringer. Mange av dem som faller utenfor, gj\u00f8r det fordi de har utfordringer som er sammensatte eller individuelle. Hamar H\u00f8yre vil derfor forsterke innsatsen for \u00e5 gi flere muligheten til \u00e5 mestre livet sitt gjennom \u00f8kt fokus og innsats p\u00e5 forebygging fremover.<\/p><p><\/p><p><\/p><p>Hamar H\u00f8yre \u00f8nsker \u00e5 tette det sosiale sikkerhetsnettet ved \u00e5 gi de som trenger det flere lavterskeltilbud og ved \u00e5 snu trenden om at diagnose m\u00e5 stilles f\u00f8r man f\u00e5r hjelp. Vi mener det er avgj\u00f8rende med tverrsektorielt samarbeid for \u00e5 utvikle gode lavterskeltilbud. Det m\u00e5 ogs\u00e5 bli bedre tilrettelegging slik at barn fra lavinntektsfamilier har mulighet til \u00e5 delta i fritidsaktiviteter. Samtidig \u00f8nsker vi ikke at noen skal g\u00e5 passivt p\u00e5 sosialhjelp, dersom du er frisk skal hovedregelen alltid v\u00e6re aktivitet. <\/p><p><\/p><p><\/p><p>Hamar H\u00f8yre vil:<\/p><p><\/p><ul><li>styrke dagtilbudet for personer med psykiske helseplager<\/li><li>reetablere ungdomskontakten<\/li><li>sette sammen et tverrfaglig konsultasjonsteam sammensatt av helsestasjon, psykologer, PPT og barnevern (uforpliktende r\u00e5dgivning, taushetsplikt, foreldre, skole og barnehage kan ta kontakt)<\/li><li>styrke det tverrfaglige samarbeidet mellom NAV, barnevern, helses\u00f8ster, skole, barnehage, Dps, frivilligheten og politi og satse p\u00e5 krisesentre, overgrepsmottakene og barnehus<\/li><li>styrke kompetansen og satse p\u00e5 et godt og velfungerende barnevern, og vri innsatsen enda mer i retning av forebygging<\/li><li>arbeide for at barnevernet i byen og regionen kan overta de oppgavene som Bufetat har i dag<\/li><li>Innf\u00f8re et opplevelseskort, et kort som gir barn og unge gratis tilgang til diverse kulturtilbud og aktiviteter<\/li><li>arbeide videre for \u00e5 samordne og styrke tilbudet til mennesker med rusavhengighet<\/li><li>etablere kommunale og\/eller private tiltaksplasser for innvandrere under introduksjonsperioden, slik at f\u00f8rste m\u00f8te med aktivitet i Norge er l\u00f8nn, og ikke st\u00f8nad<\/li><li>etablere kommunale og\/eller private prosjektbaserte tidsbegrensede arbeidsplasser for \u00e5 gi reell mulighet for kvalifiserende arbeidspraksis. Vil ogs\u00e5 gi spr\u00e5ktrening for flyktninger og innvandrere<\/li><li>innf\u00f8re aktivitetsplikt for alle p\u00e5 sosialhjelp. Dersom det er ventetid p\u00e5 tiltaksplass eller andre arbeids- eller utdanningsrettede aktiviteter b\u00f8r kommunen opprette en arbeidsgruppe der sosialhjelpsmottakerne kan utf\u00f8re forefallende arbeid som plenklipp, sn\u00f8m\u00e5king og liknende. Arbeidsplikten kombineres med god individuell oppf\u00f8lging og \u00f8konomisk r\u00e5dgivning. Dersom aktivitetsplikten ikke f\u00f8lges opp b\u00f8r kommunen umiddelbart redusere utbetalingene til gjeldende n\u00f8dhjelpssatser<\/li><li>s\u00f8ke om rekrutteringstilskudd for \u00e5 f\u00e5 flere psykologer i kommunen<\/li><\/ul><p><\/p><p><strong><br><\/strong><\/p><p><strong>Frivillighet &#8211; vi \u00f8nsker \u00e5 gi ildsjelene handlingsrom<\/strong><\/p><p><\/p><p>Hamar H\u00f8yre mener at frivillige organisasjoner og ildsjeler kan og b\u00f8r defineres og verdsettes som utviklingsakt\u00f8rer i langt sterkere grad enn hva som er tilfellet i dag. De gir arenaer for gode oppvekstsvilk\u00e5r, de gj\u00f8r lokalsamfunnet til et bedre sted \u00e5 vokse opp og de bidrar til inkludering og \u00f8kt deltakelse p\u00e5 andre samfunnsarenaer, blant annet for barn og unge med innvandrerbakgrunn. Hamar H\u00f8yre ser det som viktig at frivillig sektor gis trygge og forutsigbare rammevilk\u00e5r.<\/p><p><\/p><p><\/p><p>Hamar H\u00f8yre vil:<\/p><p><\/p><ul><li>\u00f8ke den kommunale st\u00f8tten til frivillig sektor i Hamar<\/li><li>\u00f8remerke midler til frivilligheten for \u00e5 drive arbeid og prosjekter innen forebygging av mobbing<\/li><li>legge til rette for \u00e5 bruke frivilligheten i kommunens prim\u00e6roppgaver som skole, helse og omsorg o.l.<\/li><li>sammen med frivillig sektor, etablere et aktivitetssenter som fremmer god fysisk og psykisk helse for eldre<\/li><li>vurdere tiltak som kan stimulere til entrepren\u00f8rskap og nettverksbygging mellom innvandrere og etniske nordmenn og legge til rette for at frivillige kan bidra med tiltak som styrker integreringen <\/li><li>legge til rette for at frivillige organisasjoner blir aktive samarbeidspartnere med kommunale, statlige og private akt\u00f8rer i konkrete tiltak og prosjekter<\/li><li>gi lag og foreninger veiledning om formalia, s\u00f8knader og tillatelser<\/li><li>gi st\u00f8tte til lag og foreninger ved \u00e5 v\u00e6re veiviser, d\u00f8r\u00e5pner eller kontaktledd<\/li><li>aktivt s\u00f8ke \u00e5 utvikle velforeningen til \u00e5 st\u00f8tte frivilligheten og sosialt samhold<\/li><\/ul><p><\/p><p><strong><br><\/strong><\/p><p><strong>Kultur <\/strong><\/p><p><\/p><p>Hamar har et blomstrende kulturliv som speiler endringene i bysamfunnet gjennom de senere \u00e5r. Biblioteket i Hamar spiller en sentral rolle i formidling av kunnskap og kultur og er en viktig m\u00f8teplass i byen for alle aldersgrupper. Et rikt og mangfoldig kulturliv er viktig for oss som bor her og for byens fremtidige vekst. Kommunens st\u00f8tteordninger til kulturlivet m\u00e5 ivareta b\u00e5de de sm\u00e5 og de store akt\u00f8rene. <\/p><p><\/p><p><\/p><p>Hamar H\u00f8yre vil:<\/p><p><\/p><ul><li>\u00f8ke kapasiteten ved kulturskolen der det er lang ventetid i dag<\/li><li>utvide \u00e5pningstidene p\u00e5 biblioteket<\/li><li>utvide det digitale tilbudet i biblioteket<\/li><li>etablere et nasjonalt senter knyttet til Kirsten Flagstad museet<\/li><li>tilrettelegge for kulturaktivitet gjennom hele \u00e5ret, i det ligger det ogs\u00e5 st\u00f8tte til festival-Hamar slik at de f\u00e5r st\u00f8rre forutsigbarhet<\/li><li>at Hamar skal v\u00e6re positiv til frie og uorganiserte kulturytringer<\/li><li>etablere fast festivalplass i Strandgateparken<\/li><\/ul><p><\/p><p><strong><br><\/strong><\/p><p><strong>Idrett<\/strong><\/p><p><\/p><p>Ingen annen organisert aktivitet omfatter flere mennesker i Hamar enn idretten. Idretten gj\u00f8r en enorm innsats for barn og unge, og den bidrar til folkehelsen gjennom tilbud til alle aldersgrupper. Idretten bidrar til \u00e5 skape gode n\u00e6rmilj\u00f8er, trygge oppvekstsvilk\u00e5r og integrering.  Derfor vil Hamar H\u00f8yre fortsatt prioritere idretten og st\u00f8tte det viktige arbeidet idrettsbevegelsene driver.<\/p><p><\/p><p><\/p><p>Hamar H\u00f8yre vil:<\/p><p><\/p><ul><li>redusere priser p\u00e5 halleie for barn og unge<\/li><li>sikre st\u00f8tte til lagseide anlegg<\/li><li>prioritere barne- og ungdomsidretten fremfor voksenidretten for \u00e5 sikre turnerings- og arrangementsbredde ogs\u00e5 for de yngre klassene<\/li><li>prioritere breddeidretten hvis \u00f8konomisk st\u00f8tte skal gis til idrettslag<\/li><li>gi et tilbud til ungdom utenfor den organiserte idretten <\/li><li>legge forholdene til rette for fysisk aktivitet, blant annet ved &rdquo;\u00e5pen hall&rdquo; samt legge til rette utemilj\u00f8er for aktivitet sommer og vinter   <\/li><li>utvikle G\u00e5sbu-omr\u00e5det sammen med reiselivsn\u00e6ringen<\/li><\/ul><p><\/p><p><strong><br><\/strong><\/p><p><strong>Samferdsel og milj\u00f8<\/strong><\/p><p><\/p><p>Hamarregionen er en region i vekst hvor det er avgj\u00f8rende at utbyggingen av vei og kollektivtilbud ikke blir hengende etter befolkningsveksten. Dette vil skape et press p\u00e5 boligprisene med mer pendling, mindre fritid og lengre k\u00f8er, hvilket er sv\u00e6rt lite gunstig for milj\u00f8et. Vi l\u00e5ner kloden av v\u00e5re barn hvor kommunene spiller en aktiv rolle i klimal\u00f8sningen. <\/p><p><\/p><p><\/p><p>Det er viktig \u00e5 arbeide aktivt og fremoverlent med regionen om utvikling av fremtidsorienterte vei\/jernbanel\u00f8sninger nord-s\u00f8r og \u00f8st-vest.<\/p><p><\/p><p><\/p><p>Hamar H\u00f8yre vil:<\/p><p><\/p><ul><li>jobbe for en jernbanel\u00f8sning som bevarer og \u00e5pner dagens strandsone for \u00e5 frigi arealer for utvikling i sentrum, og en l\u00f8sning som gir plass til en fremtidsrettet stasjonsl\u00f8sning<\/li><li>utvikle konseptet &laquo;Sykkelbyen Hamar&raquo; <\/li><li>ha bedre br\u00f8yting og feiing av gang- og sykkelveier <\/li><li>videref\u00f8re kommunens arbeid med \u00e5 legge til rette for trygge gang- og sykkelstier, herunder vurdere gang og sykkelsti p\u00e5 deler av dagens jernbanetrase, en milj\u00f8vennlig \u00f8st-vest forbindelse i byen<\/li><li>jobbe for at flere gang- og sykkelstier p\u00e5 fylkeskommunale veier, herunder Ingeberg<\/li><li>\u00f8ke kollektivandelen i Hamar sentrum ved \u00e5 gjennomf\u00f8re fors\u00f8k med &laquo;park and ride&raquo; mellom xx og sentrum. En slik ordning inneb\u00e6rer gratis parkering og rimelig busstransport med hyppige avganger inn og ut av sentrum fra parkeringsplassene<\/li><li>ruste opp det kommunale veinettet<\/li><li>jobbe for en ytre ringvei rundt Hamar<\/li><li>arbeide for en bedre trafikkavvikling i Vangsveien<\/li><li>arbeide for firefeltsvei mellom Hamar og Elverum<\/li><li>la ny firefelts motorvei gjennom \u00e5kersvika f\u00f8lge dagens trase og videref\u00f8res fortl\u00f8pende<\/li><li>reformere klima- og energihandlingsplanen for kommunen gjennom \u00e5 synliggj\u00f8re prioriteringer<\/li><li>fase ut energi basert p\u00e5 fossilt brensel i kommunens bygg i samarbeid med Enova og avvikle oljefyring i Hamar kommune<\/li><li>fase ut bensin- og dieseldrevne kj\u00f8ret\u00f8y i kommunens eie og erstatte disse med lav- og nullutslippskj\u00f8ret\u00f8y<\/li><li>bruke innkj\u00f8psmakten i enda st\u00f8rre grad enn i dag ved \u00e5 legge milj\u00f8hensyn til grunn ved kommunale anskaffelser<\/li><li>etablere flere ladestasjoner for el-biler i byen<\/li><li>sikre n\u00e6rhet til gr\u00f8ntarealer ved etablering av nye boligomr\u00e5der<\/li><\/ul><p><br><\/p><p>Sammen skaper vi fremtidens Hamar!<\/p><p><a href=\"\/Politikk\/Hva%20mener%20Hoyre\">Vil du lese mer om andre saker?<\/a><\/p><p><a href=\"https:\/\/dugnad.hoyre.no\/#!\/hjem\">Ta kontakt med oss i dag!<\/a><\/p><p><br><\/p><iframe loading=\"lazy\" width=\"560\" height=\"315\" src=\"https:\/\/www.youtube.com\/embed\/_3AnMshhJ6g\" frameborder=\"0\"><\/iframe><iframe loading=\"lazy\" width=\"560\" height=\"315\" src=\"https:\/\/www.youtube.com\/embed\/sd1UTY_DvOc\" frameborder=\"0\"><\/iframe><iframe loading=\"lazy\" width=\"560\" height=\"315\" src=\"https:\/\/www.youtube.com\/embed\/wij_Ox072VU\" frameborder=\"0\"><\/iframe><iframe loading=\"lazy\" width=\"560\" height=\"315\" src=\"https:\/\/www.youtube.com\/embed\/uJXAJWM-ZQg\" frameborder=\"0\"><\/iframe><\/div>\n<div class=\"tags\">\n\t<\/div>\n<div class=\"post-footer alignfull has-background block-editor-block-list__block\" data-align=full>\n\t<div class=\"post-footer-inner\">\n\t\t<h3>Relaterte artikler<\/h3>\n\t\t<div class=\"related-content\"><div class=\"is-card-hoyre\">\n\t<div class=\"teft-card hoyre-teft-card post-teft-card\">\n\t\t<a href=\"https:\/\/hoyre.no\/hamar\/aktuelt\/maren-er-ny-leder-av-kvinneforum\/\" class=\"teft-card__primary-action\">\n\n\t\t\t\t\t<div class=\"teft-card__media teft-card__media--16-9\">\n\t\t\t\t\t\t<img loading=\"lazy\" decoding=\"async\" width=\"768\" height=\"766\" src=\"https:\/\/hoyre.no\/content\/uploads\/sites\/76\/2026\/01\/image1-768x766.jpeg\" class=\"attachment-medium_large size-medium_large\" alt=\"\" srcset=\"https:\/\/hoyre.no\/content\/uploads\/sites\/76\/2026\/01\/image1-768x766.jpeg 768w, https:\/\/hoyre.no\/content\/uploads\/sites\/76\/2026\/01\/image1-300x300.jpeg 300w, https:\/\/hoyre.no\/content\/uploads\/sites\/76\/2026\/01\/image1-150x150.jpeg 150w, https:\/\/hoyre.no\/content\/uploads\/sites\/76\/2026\/01\/image1.jpeg 960w\" sizes=\"auto, (max-width: 768px) 100vw, 768px\" \/>\t\t<\/div>\n\t\t\n\t\t\t<div class=\"teft-card__content-wrapper\">\n\t\t\t\t<div class=\"teft-card__secondary\">\n\t\t\t\t\t\n\t\t\t\t\t\t\t\t<div class=\"teft-card__meta\">\n\t\t\t\t\t\t\t\t\t<span class=\"post-date\">11. jan 2026<\/span>\n\n\t\t\t\t\t\t\t\t\t<span class=\"post-category\">Kvinneforum<\/span>\t\t\t\t\t\t\t\t<\/div>\n\t\t\t\t\t\t\t\t\t\t\t<\/div>\n\n\t\t\t\t<div class=\"teft-card__primary\">\n\t\t\t\t\t<h2 class=\"teft-card__title\">Maren er ny leder av kvinneforum&nbsp;<span class=\"teft-card__primary-title-append\"><\/span><\/h2>\t\t\t\t<\/div>\n\t\t\t<\/div>\n\t\t<\/a>\n\t<\/div>\n\n\t<\/div><div class=\"is-card-hoyre\">\n\t<div class=\"teft-card hoyre-teft-card post-teft-card\">\n\t\t<a href=\"https:\/\/hoyre.no\/hamar\/aktuelt\/noen-ma-vaere-forst-med-a-avvikle-fylkeskommunen\/\" class=\"teft-card__primary-action\">\n\n\t\t\t\t\t<div class=\"teft-card__media teft-card__media--16-9\">\n\t\t\t\t\t\t<img loading=\"lazy\" decoding=\"async\" width=\"768\" height=\"512\" src=\"https:\/\/hoyre.no\/content\/uploads\/sites\/76\/2022\/09\/hamar-768x512.jpg\" class=\"attachment-medium_large size-medium_large\" alt=\"Hamar\" srcset=\"https:\/\/hoyre.no\/content\/uploads\/sites\/76\/2022\/09\/hamar-768x512.jpg 768w, https:\/\/hoyre.no\/content\/uploads\/sites\/76\/2022\/09\/hamar-300x200.jpg 300w, https:\/\/hoyre.no\/content\/uploads\/sites\/76\/2022\/09\/hamar-1024x683.jpg 1024w, https:\/\/hoyre.no\/content\/uploads\/sites\/76\/2022\/09\/hamar-1536x1024.jpg 1536w, https:\/\/hoyre.no\/content\/uploads\/sites\/76\/2022\/09\/hamar-2048x1365.jpg 2048w\" sizes=\"auto, (max-width: 768px) 100vw, 768px\" \/>\t\t<\/div>\n\t\t\n\t\t\t<div class=\"teft-card__content-wrapper\">\n\t\t\t\t<div class=\"teft-card__secondary\">\n\t\t\t\t\t\n\t\t\t\t\t\t\t\t<div class=\"teft-card__meta\">\n\t\t\t\t\t\t\t\t\t<span class=\"post-date\">10. jan 2026<\/span>\n\n\t\t\t\t\t\t\t\t\t<span class=\"post-category\">Fylkeskommunen<\/span>\t\t\t\t\t\t\t\t<\/div>\n\t\t\t\t\t\t\t\t\t\t\t<\/div>\n\n\t\t\t\t<div class=\"teft-card__primary\">\n\t\t\t\t\t<h2 class=\"teft-card__title\">Noen m\u00e5 v\u00e6re f\u00f8rst med \u00e5 avvikle fylkeskommunen&nbsp;<span class=\"teft-card__primary-title-append\"><\/span><\/h2>\t\t\t\t<\/div>\n\t\t\t<\/div>\n\t\t<\/a>\n\t<\/div>\n\n\t<\/div><div class=\"is-card-hoyre\">\n\t<div class=\"teft-card hoyre-teft-card post-teft-card\">\n\t\t<a href=\"https:\/\/hoyre.no\/hamar\/aktuelt\/anna-og-yngve-pa-topp-for-hedmark\/\" class=\"teft-card__primary-action\">\n\n\t\t\t\t\t<div class=\"teft-card__media teft-card__media--16-9\">\n\t\t\t\t\t\t<img loading=\"lazy\" decoding=\"async\" width=\"768\" height=\"635\" src=\"https:\/\/hoyre.no\/content\/uploads\/sites\/76\/2024\/11\/Skjermbilde-2024-11-16-kl.-18.28.51-768x635.png\" class=\"attachment-medium_large size-medium_large\" alt=\"\" srcset=\"https:\/\/hoyre.no\/content\/uploads\/sites\/76\/2024\/11\/Skjermbilde-2024-11-16-kl.-18.28.51-768x635.png 768w, https:\/\/hoyre.no\/content\/uploads\/sites\/76\/2024\/11\/Skjermbilde-2024-11-16-kl.-18.28.51-300x248.png 300w, https:\/\/hoyre.no\/content\/uploads\/sites\/76\/2024\/11\/Skjermbilde-2024-11-16-kl.-18.28.51.png 882w\" sizes=\"auto, (max-width: 768px) 100vw, 768px\" \/>\t\t<\/div>\n\t\t\n\t\t\t<div class=\"teft-card__content-wrapper\">\n\t\t\t\t<div class=\"teft-card__secondary\">\n\t\t\t\t\t\n\t\t\t\t\t\t\t\t<div class=\"teft-card__meta\">\n\t\t\t\t\t\t\t\t\t<span class=\"post-date\">16. nov 2024<\/span>\n\n\t\t\t\t\t\t\t\t\t<span class=\"post-category\">Stortingsvalg<\/span>\t\t\t\t\t\t\t\t<\/div>\n\t\t\t\t\t\t\t\t\t\t\t<\/div>\n\n\t\t\t\t<div class=\"teft-card__primary\">\n\t\t\t\t\t<h2 class=\"teft-card__title\">Anna og Yngve p\u00e5 topp for Hedmark!&nbsp;<span class=\"teft-card__primary-title-append\"><\/span><\/h2>\t\t\t\t<\/div>\n\t\t\t<\/div>\n\t\t<\/a>\n\t<\/div>\n\n\t<\/div><\/div>\t<\/div>\n<\/div>\n","protected":false},"excerpt":{"rendered":"","protected":false},"author":0,"featured_media":0,"comment_status":"closed","ping_status":"closed","sticky":false,"template":"","format":"standard","meta":{"teft_cards_image_url":"https:\/\/hoyre.no\/content\/uploads\/sites\/76\/2020\/11\/hjertebuttons.jpg","teft_cards_custom_pretitle":"","teft_cards_image_id":52,"teft_cards_image_focal_point_x":0,"teft_cards_image_focal_point_y":0,"teft_cards_title":"","teft_cards_excerpt":"","teft_show_chapters":false,"author_display_name":"","footnotes":""},"category":[1],"post_tag":[],"hoyre-visibility":[],"article-type":[],"politician":[],"class_list":["post-53","post","type-post","status-publish","format-standard","hentry","category-ukategorisert"],"yoast_head":"<!-- This site is optimized with the Yoast SEO plugin v26.6 - https:\/\/yoast.com\/wordpress\/plugins\/seo\/ -->\n<title>Hva mener Hamar H\u00f8yre - Hamar H\u00f8yre<\/title>\n<meta name=\"robots\" content=\"index, follow, max-snippet:-1, max-image-preview:large, max-video-preview:-1\" \/>\n<link rel=\"canonical\" href=\"https:\/\/hoyre.no\/hamar\/aktuelt\/politisk-program\/\" \/>\n<meta property=\"og:locale\" content=\"nb_NO\" \/>\n<meta property=\"og:type\" content=\"article\" \/>\n<meta property=\"og:title\" content=\"Hva mener Hamar H\u00f8yre - Hamar H\u00f8yre\" \/>\n<meta property=\"og:url\" content=\"https:\/\/hoyre.no\/hamar\/aktuelt\/politisk-program\/\" \/>\n<meta property=\"og:site_name\" content=\"Hamar H\u00f8yre\" \/>\n<meta property=\"article:published_time\" content=\"2015-03-20T10:26:00+00:00\" \/>\n<meta property=\"og:image\" content=\"https:\/\/hoyre.no\/content\/uploads\/sites\/76\/2023\/07\/Jane-2-1024x683.jpg\" \/>\n<meta name=\"twitter:card\" content=\"summary_large_image\" \/>\n<meta name=\"twitter:label1\" content=\"Ansl. lesetid\" \/>\n\t<meta name=\"twitter:data1\" content=\"16 minutter\" \/>\n<script type=\"application\/ld+json\" class=\"yoast-schema-graph\">{\"@context\":\"https:\/\/schema.org\",\"@graph\":[{\"@type\":\"NewsArticle\",\"@id\":\"https:\/\/hoyre.no\/hamar\/aktuelt\/politisk-program\/\",\"url\":\"https:\/\/hoyre.no\/hamar\/aktuelt\/politisk-program\/\",\"name\":\"Hva mener Hamar H\u00f8yre - Hamar H\u00f8yre\",\"isPartOf\":{\"@id\":\"https:\/\/hoyre.no\/hamar\/#website\"},\"datePublished\":\"2015-03-20T10:26:00+00:00\",\"author\":{\"@id\":\"\"},\"breadcrumb\":{\"@id\":\"https:\/\/hoyre.no\/hamar\/aktuelt\/politisk-program\/#breadcrumb\"},\"inLanguage\":\"nb-NO\",\"potentialAction\":[{\"@type\":\"ReadAction\",\"target\":[\"https:\/\/hoyre.no\/hamar\/aktuelt\/politisk-program\/\"]}]},{\"@type\":\"BreadcrumbList\",\"@id\":\"https:\/\/hoyre.no\/hamar\/aktuelt\/politisk-program\/#breadcrumb\",\"itemListElement\":[{\"@type\":\"ListItem\",\"position\":1,\"name\":\"Til hoyre.no\",\"item\":\"https:\/\/hoyre.no\"},{\"@type\":\"ListItem\",\"position\":2,\"name\":\"Hjem\",\"item\":\"https:\/\/hoyre.no\/hamar\/\"},{\"@type\":\"ListItem\",\"position\":3,\"name\":\"Hva mener Hamar H\u00f8yre\"}]},{\"@type\":\"WebSite\",\"@id\":\"https:\/\/hoyre.no\/hamar\/#website\",\"url\":\"https:\/\/hoyre.no\/hamar\/\",\"name\":\"Hamar H\u00f8yre\",\"description\":\"Bare enda et H\u00f8yres nettsteder-nettsted\",\"inLanguage\":\"nb-NO\"}]}<\/script>\n<!-- \/ Yoast SEO plugin. -->","yoast_head_json":{"title":"Hva mener Hamar H\u00f8yre - Hamar H\u00f8yre","robots":{"index":"index","follow":"follow","max-snippet":"max-snippet:-1","max-image-preview":"max-image-preview:large","max-video-preview":"max-video-preview:-1"},"canonical":"https:\/\/hoyre.no\/hamar\/aktuelt\/politisk-program\/","og_locale":"nb_NO","og_type":"article","og_title":"Hva mener Hamar H\u00f8yre - Hamar H\u00f8yre","og_url":"https:\/\/hoyre.no\/hamar\/aktuelt\/politisk-program\/","og_site_name":"Hamar H\u00f8yre","article_published_time":"2015-03-20T10:26:00+00:00","og_image":[{"url":"https:\/\/hoyre.no\/content\/uploads\/sites\/76\/2023\/07\/Jane-2-1024x683.jpg","width":"","height":"","type":""}],"twitter_card":"summary_large_image","twitter_misc":{"Ansl. lesetid":"16 minutter"},"schema":{"@context":"https:\/\/schema.org","@graph":[{"@type":"NewsArticle","@id":"https:\/\/hoyre.no\/hamar\/aktuelt\/politisk-program\/","url":"https:\/\/hoyre.no\/hamar\/aktuelt\/politisk-program\/","name":"Hva mener Hamar H\u00f8yre - Hamar H\u00f8yre","isPartOf":{"@id":"https:\/\/hoyre.no\/hamar\/#website"},"datePublished":"2015-03-20T10:26:00+00:00","author":{"@id":""},"breadcrumb":{"@id":"https:\/\/hoyre.no\/hamar\/aktuelt\/politisk-program\/#breadcrumb"},"inLanguage":"nb-NO","potentialAction":[{"@type":"ReadAction","target":["https:\/\/hoyre.no\/hamar\/aktuelt\/politisk-program\/"]}]},{"@type":"BreadcrumbList","@id":"https:\/\/hoyre.no\/hamar\/aktuelt\/politisk-program\/#breadcrumb","itemListElement":[{"@type":"ListItem","position":1,"name":"Til hoyre.no","item":"https:\/\/hoyre.no"},{"@type":"ListItem","position":2,"name":"Hjem","item":"https:\/\/hoyre.no\/hamar\/"},{"@type":"ListItem","position":3,"name":"Hva mener Hamar H\u00f8yre"}]},{"@type":"WebSite","@id":"https:\/\/hoyre.no\/hamar\/#website","url":"https:\/\/hoyre.no\/hamar\/","name":"Hamar H\u00f8yre","description":"Bare enda et H\u00f8yres nettsteder-nettsted","inLanguage":"nb-NO"}]}},"distributor_meta":false,"distributor_terms":false,"distributor_media":false,"distributor_original_site_name":"Hamar H\u00f8yre","distributor_original_site_url":"https:\/\/hoyre.no\/hamar","push-errors":false,"_links":{"self":[{"href":"https:\/\/hoyre.no\/hamar\/wp-json\/wp\/v2\/posts\/53","targetHints":{"allow":["GET"]}}],"collection":[{"href":"https:\/\/hoyre.no\/hamar\/wp-json\/wp\/v2\/posts"}],"about":[{"href":"https:\/\/hoyre.no\/hamar\/wp-json\/wp\/v2\/types\/post"}],"replies":[{"embeddable":true,"href":"https:\/\/hoyre.no\/hamar\/wp-json\/wp\/v2\/comments?post=53"}],"version-history":[{"count":0,"href":"https:\/\/hoyre.no\/hamar\/wp-json\/wp\/v2\/posts\/53\/revisions"}],"wp:attachment":[{"href":"https:\/\/hoyre.no\/hamar\/wp-json\/wp\/v2\/media?parent=53"}],"wp:term":[{"taxonomy":"category","embeddable":true,"href":"https:\/\/hoyre.no\/hamar\/wp-json\/wp\/v2\/category?post=53"},{"taxonomy":"post_tag","embeddable":true,"href":"https:\/\/hoyre.no\/hamar\/wp-json\/wp\/v2\/post_tag?post=53"},{"taxonomy":"hoyre-visibility","embeddable":true,"href":"https:\/\/hoyre.no\/hamar\/wp-json\/wp\/v2\/hoyre-visibility?post=53"},{"taxonomy":"article-type","embeddable":true,"href":"https:\/\/hoyre.no\/hamar\/wp-json\/wp\/v2\/article-type?post=53"},{"taxonomy":"politician","embeddable":true,"href":"https:\/\/hoyre.no\/hamar\/wp-json\/wp\/v2\/politician?post=53"}],"curies":[{"name":"wp","href":"https:\/\/api.w.org\/{rel}","templated":true}]}}