{"id":594,"date":"2025-09-10T22:29:21","date_gmt":"2025-09-10T20:29:21","guid":{"rendered":"https:\/\/hoyre.no\/hamar\/?p=594"},"modified":"2025-09-10T22:39:30","modified_gmt":"2025-09-10T20:39:30","slug":"horingssvar-til-kommuneplan-2025-2049-samfunnsdel","status":"publish","type":"post","link":"https:\/\/hoyre.no\/hamar\/aktuelt\/horingssvar-til-kommuneplan-2025-2049-samfunnsdel\/","title":{"rendered":"H\u00f8ringssvar til Kommuneplan 2025-2049 &#8211; Samfunnsplan"},"content":{"rendered":"\n<p class=\"preamble\">Hamar H\u00f8yre sender inn disse overordnede innspillene til kommuneplanen, men vil komme<br>tilbake til konkrete forslag under den politiske behandlingen frem til vedtak i kommunestyret.<\/p>\t\t\t<div class=\"post-meta wp-block teft-byline-wrapper\">\n\t\t\t\t<div class=\"top\">\n\t\t\t\t\t<div class=\"signature\">\n\t\t\t\t\t\t<div class=\"teft-byline\">\n\t\t\t\t\t\t\t\t\t\t\t\t\t\t<div>\n\t\t\t\t\t\t\t\t<h3>H\u00f8yres redaksjon<\/h3>\t\t\t\t\t\t\t\t\n\t\t\t\t\t\t\t\t\t\t\t\t\t\t\t\t\t<span class=\"date\">Sist oppdatert: 10. september 2025<\/span>\n\t\t\t\t\t\t\t\t\t\t\t\t\t\t\t\t\t\t\t\t\t\t\t\t\t<span class=\"reading-time\" itemprop=\"timeRequired\" content=\"PT5M\"><em>Ca. 5 minutter lesetid<\/em><\/span>\n\t\t\t\t\t\t\t\t\t\t\t\t\t\t\t<\/div>\n\t\t\t\t\t\t<\/div>\n\t\t\t\t\t<\/div>\n\t\t\t\t\t\t<div class=\"sharing\">\n\t\t<a class=\"share-button share-link copy-link\" data-copy=\"https:\/\/hoyre.no\/hamar\/aktuelt\/horingssvar-til-kommuneplan-2025-2049-samfunnsdel\/\" target=\"_blank\"><span class=\"screen-reader-text\">Del link<\/span><\/a>\n\t\t<a class=\"share-button share-twitter\" href=\"http:\/\/twitter.com\/share?text=H\u00f8ringssvar til Kommuneplan 2025-2049 &#8211; Samfunnsplan&#038;url=https:\/\/hoyre.no\/hamar\/aktuelt\/horingssvar-til-kommuneplan-2025-2049-samfunnsdel\/&#038;hashtags=Hoyre\" target=\"_blank\"><span class=\"screen-reader-text\">Del p\u00e5 twitter<\/span><\/a>\n\t\t<a class=\"share-button share-facebook\" href=\"https:\/\/www.facebook.com\/sharer\/sharer.php?u=https:\/\/hoyre.no\/hamar\/aktuelt\/horingssvar-til-kommuneplan-2025-2049-samfunnsdel\/\" target=\"_blank\"><span class=\"screen-reader-text\">Del p\u00e5 facebook<\/span><\/a>\n\t<\/div>\n\t\t\t\t\t<\/div>\n\t\t\t<\/div>\n\n\t\t\t<figure class=\"hoyre-image-wrapper\"><div class=\"hoyre-image\"><img loading=\"lazy\" decoding=\"async\" width=\"499\" height=\"438\" src=\"https:\/\/hoyre.no\/content\/uploads\/sites\/76\/2023\/08\/X-Stupetarn.jpg\" class=\"attachment-scaled size-scaled\" alt=\"\" style=\"object-position: 50% 50%\" srcset=\"https:\/\/hoyre.no\/content\/uploads\/sites\/76\/2023\/08\/X-Stupetarn.jpg 499w, https:\/\/hoyre.no\/content\/uploads\/sites\/76\/2023\/08\/X-Stupetarn-300x263.jpg 300w\" sizes=\"auto, (max-width: 499px) 100vw, 499px\" \/><\/div><\/figure>\n\n\n\n\n<p>Det er positivt at Hamar kommune \u00f8nsker bred medvirkning i arbeidet med samfunnsdelen, men vi vil uttrykke bekymring for at dokumentet i sin n\u00e5v\u00e6rende form kan legge f\u00f8ringer som kan hemme \u00f8nsket utvikling i kommunen \u2013 b\u00e5de demografisk, boligmessig og \u00f8konomisk.<\/p>\n\n\n\n<p><br>Skal Hamar kommune i denne planperioden utvikle seg til det beste for kommunens innbyggere, er det viktig at alle gode krefter tas i bruk. Kommunen m\u00e5 ha et pragmatisk forhold til om det er kommunen selv som er best egne til \u00e5 bygge eller drive tjenester, om det skal v\u00e6re et aktivt samspill mellom kommunen og private og ideelle akt\u00f8rer, eller om private akt\u00f8rer og ideelle alene er den beste l\u00f8sningen. Dette b\u00e5de for \u00e5 lette kommunens investeringer og bidra til et st\u00f8rre mangfold i tjenester.<br><\/p>\n\n\n\n<p class=\"is-style-large\"><strong>Hamar H\u00f8yre \u00f8nsker \u00e5 fremheve noen temaer som er satt opp i punkter under<\/strong>:<\/p>\n\n\n\n<ul class=\"wp-block-list\">\n<li>Hamar kommune er en relativt kompakt kommune sammenlignet med andre kommuner, men har ogs\u00e5 flere boomr\u00e5der som ligger et godt stykke  fra sentrum b\u00e5de i faktisk avstand og i praktisk kommunikasjonsmessig avstand. Planen bruker begrepet \u00ab5-minuttersby\u00bb som i er definert som \u00abTettstedsutvikling som muliggj\u00f8r attraktivt hverdagsliv innenfor 5 minutters gangavstand\u00bb 1 . Skal dette begrepet \u2013 eller en justert versjon av det \u2013 brukes, s\u00e5 m\u00e5 det ha et innhold som er aktuelt for alle omr\u00e5der i kommuner. Det er kanskje ikke mulig.<\/li>\n<\/ul>\n\n\n\n<ul class=\"wp-block-list\">\n<li>Det kan v\u00e6re uheldig \u00e5 nevne noen av omr\u00e5der i Hamar, og dermed utelate andre. Det kan i planperioden v\u00e6re like aktuelt \u00e5 utvikle sentrumsn\u00e6re omr\u00e5der videre, som omr\u00e5dene nevnt i forslaget. Og i opplistingen av omr\u00e5der er det flere som ikke er med som innbyggerne har et aktivt forhold til.<\/li>\n<\/ul>\n\n\n\n<ul class=\"wp-block-list\">\n<li>For \u00e5 utvikle kommunen videre p\u00e5 en god m\u00e5te, er det viktig at den er forutsigbar og etterrettelig i hvordan planer f\u00f8lges opp. Det blir viktig \u00e5 avklare om kommunens boligreserve dekker de behovene for boliger som er n\u00f8dvendig for \u00e5 f\u00e5 \u00f8nsket vekst i kommunen. <\/li>\n\n\n\n<li>I den grad boligbyggingen skal fortettes videre er det viktig \u00e5 sikre nok gr\u00f8nt\/friarealer i de samme omr\u00e5dene. Eksisterende friomr\u00e5der skal ikke bygges ned uten at disse erstattes. Politisk behandling om eksisterende omr\u00e5der skal benyttes til noe annet. <\/li>\n\n\n\n<li>Den private eiendomsretten skal st\u00e5 sterkt, samtidig s\u00e5 er det slik at bygging \u2013 spesielt i sentrumsomr\u00e5dene \u2013 p\u00e5virker alles opplevelse av hvordan det er \u00e5 v\u00e6re i et offentlige rom. Planen nevner \u00abarkitektur og urbane kvaliteter\u00bb som skal sikre en \u00abvakker og spennende by\u00bb. Hamar m\u00e5 derfor ha en aktiv prosess p\u00e5 hvordan byen skal bli seende ut.<\/li>\n\n\n\n<li>Jordvern og arealdisponering er viktige omr\u00e5der som har sine egne planer. Det er viktig at ikke samfunnsdelen blir et hinder for utviklingen av kommunen, men angir en retning som er l\u00f8sningsorientert. Jordbruksproduksjonen skal ikke reduseres i Hamar. Disponeringen av dyrka og dyrkbar jord m\u00e5 derfor sees i sammenheng<\/li>\n\n\n\n<li>Utbygging av infrastruktur er ressurs- og areakrevende. Det er derfor viktig at bruk av eksisterende infrastruktur m\u00e5 vektlegges sterkt n\u00e5r kommunen skal utvikler seg videre.<\/li>\n\n\n\n<li>N\u00e5r kommunen skal bygge nytt eller renovere barnehager, skoler eller sykehjem, s\u00e5 m\u00e5 eksisterende kapasitet utnyttes slik at ikke det bygges for stor overkapasitet totalt sett.<\/li>\n\n\n\n<li>I lys av en ny sikkerhets og beredskapsmessig situasjon, s\u00e5 m\u00e5 fremtidig bruk av flyplassen vurderes p\u00e5 nytt. Dette m\u00e5 gj\u00f8res sammen med nasjonale myndigheter og deres behov, men ogs\u00e5 ut fra kommunes og regionens behov. Det m\u00e5 settes av areal til et lokalt eller regionalt beredskapssenter i kommunen eller regionen.<\/li>\n\n\n\n<li>Jernbanen har v\u00e6rt og er viktig for Hamar. Mye har skjedd og dobbeltsporet n\u00e6rmer seg n\u00e5 Hamar. Kommuneplanen har en tidshorisont p\u00e5 25 \u00e5r. Selv om en videre utbygging av dobbeltsporet ikke er aktuelt i f\u00f8rste periode av kommuneplan, m\u00e5 det tas h\u00f8yde for at utviklingen vil g\u00e5 videre. Hamar kommune m\u00e5 derfor i videre arbeid ikke gj\u00f8re vedtak som vanskeliggj\u00f8r en \u00abtras\u00e9 \u00f8st\u00bb som kommunestyret ved to anledninger har \u00f8nsket som fremtidig l\u00f8sning.<\/li>\n\n\n\n<li>Frivilligheten er og vil bli viktig i \u00e5rene fremover. Dette innenfor idrett og kultur, men ogs\u00e5 p\u00e5 den mer uorganiserte delen av tilbudet til spesielt de yngste. I en periode med flere eldre, s\u00e5 vil det ogs\u00e5 bli et behov for \u00f8kt bruk av frivillige for denne aldersgruppen.Kommunens m\u00e5 derfor i sitt arbeid legge til rette for at frivillig sektor fortsetter \u00e5 utvikle seg. Frivillig arbeid har b\u00e5de en verdi for den som f\u00e5r gleden av arbeidet, men ogs\u00e5 for den som ut\u00f8ver det.<\/li>\n\n\n\n<li>Med flere eldre s\u00e5 vil det ogs\u00e5 bli flere eldre med demens, og demens kan ramme yngre mennesker. Dette p\u00e5virker selvf\u00f8lgelig den som f\u00e5r det mest sammen med de n\u00e6rmeste rundt, men ogs\u00e5 hele samfunnet. Det kan derfor v\u00e6re riktig \u00e5 omtale dette spesielt i en plan for de neste 25 \u00e5rene.<\/li>\n<\/ul>\n\n\n<div class=\"tags\">\n\t\t<div class=\"wp-block-tag-cloud\">\n\t\t\t\t\t<a href=\"https:\/\/hoyre.no\/hamar\/aktuelt\/tag\/kommuestyre\/\" class=\"tag-cloud-link\">Kommuestyre<\/a>\n\t\t\t\t\t<a href=\"https:\/\/hoyre.no\/hamar\/aktuelt\/tag\/kommuneplan\/\" class=\"tag-cloud-link\">Kommuneplan<\/a>\n\t\t\t<\/div>\n\t<\/div>\n<div class=\"post-footer alignfull has-background block-editor-block-list__block\" data-align=full>\n\t<div class=\"post-footer-inner\">\n\t\t<h3>Relaterte artikler<\/h3>\n\t\t<div class=\"related-content\"><div class=\"is-card-hoyre\">\n\t<div class=\"teft-card hoyre-teft-card post-teft-card\">\n\t\t<a href=\"https:\/\/hoyre.no\/hamar\/aktuelt\/maren-er-ny-leder-av-kvinneforum\/\" class=\"teft-card__primary-action\">\n\n\t\t\t\t\t<div class=\"teft-card__media teft-card__media--16-9\">\n\t\t\t\t\t\t<img loading=\"lazy\" decoding=\"async\" width=\"768\" height=\"766\" src=\"https:\/\/hoyre.no\/content\/uploads\/sites\/76\/2026\/01\/image1-768x766.jpeg\" class=\"attachment-medium_large size-medium_large\" alt=\"\" srcset=\"https:\/\/hoyre.no\/content\/uploads\/sites\/76\/2026\/01\/image1-768x766.jpeg 768w, https:\/\/hoyre.no\/content\/uploads\/sites\/76\/2026\/01\/image1-300x300.jpeg 300w, https:\/\/hoyre.no\/content\/uploads\/sites\/76\/2026\/01\/image1-150x150.jpeg 150w, https:\/\/hoyre.no\/content\/uploads\/sites\/76\/2026\/01\/image1.jpeg 960w\" sizes=\"auto, (max-width: 768px) 100vw, 768px\" \/>\t\t<\/div>\n\t\t\n\t\t\t<div class=\"teft-card__content-wrapper\">\n\t\t\t\t<div class=\"teft-card__secondary\">\n\t\t\t\t\t\n\t\t\t\t\t\t\t\t<div class=\"teft-card__meta\">\n\t\t\t\t\t\t\t\t\t<span class=\"post-date\">11. jan 2026<\/span>\n\n\t\t\t\t\t\t\t\t\t<span class=\"post-category\">Kvinneforum<\/span>\t\t\t\t\t\t\t\t<\/div>\n\t\t\t\t\t\t\t\t\t\t\t<\/div>\n\n\t\t\t\t<div class=\"teft-card__primary\">\n\t\t\t\t\t<h2 class=\"teft-card__title\">Maren er ny leder av kvinneforum&nbsp;<span class=\"teft-card__primary-title-append\"><\/span><\/h2>\t\t\t\t<\/div>\n\t\t\t<\/div>\n\t\t<\/a>\n\t<\/div>\n\n\t<\/div><div class=\"is-card-hoyre\">\n\t<div class=\"teft-card hoyre-teft-card post-teft-card\">\n\t\t<a href=\"https:\/\/hoyre.no\/hamar\/aktuelt\/noen-ma-vaere-forst-med-a-avvikle-fylkeskommunen\/\" class=\"teft-card__primary-action\">\n\n\t\t\t\t\t<div class=\"teft-card__media teft-card__media--16-9\">\n\t\t\t\t\t\t<img loading=\"lazy\" decoding=\"async\" width=\"768\" height=\"512\" src=\"https:\/\/hoyre.no\/content\/uploads\/sites\/76\/2022\/09\/hamar-768x512.jpg\" class=\"attachment-medium_large size-medium_large\" alt=\"Hamar\" srcset=\"https:\/\/hoyre.no\/content\/uploads\/sites\/76\/2022\/09\/hamar-768x512.jpg 768w, https:\/\/hoyre.no\/content\/uploads\/sites\/76\/2022\/09\/hamar-300x200.jpg 300w, https:\/\/hoyre.no\/content\/uploads\/sites\/76\/2022\/09\/hamar-1024x683.jpg 1024w, https:\/\/hoyre.no\/content\/uploads\/sites\/76\/2022\/09\/hamar-1536x1024.jpg 1536w, https:\/\/hoyre.no\/content\/uploads\/sites\/76\/2022\/09\/hamar-2048x1365.jpg 2048w\" sizes=\"auto, (max-width: 768px) 100vw, 768px\" \/>\t\t<\/div>\n\t\t\n\t\t\t<div class=\"teft-card__content-wrapper\">\n\t\t\t\t<div class=\"teft-card__secondary\">\n\t\t\t\t\t\n\t\t\t\t\t\t\t\t<div class=\"teft-card__meta\">\n\t\t\t\t\t\t\t\t\t<span class=\"post-date\">10. jan 2026<\/span>\n\n\t\t\t\t\t\t\t\t\t<span class=\"post-category\">Fylkeskommunen<\/span>\t\t\t\t\t\t\t\t<\/div>\n\t\t\t\t\t\t\t\t\t\t\t<\/div>\n\n\t\t\t\t<div class=\"teft-card__primary\">\n\t\t\t\t\t<h2 class=\"teft-card__title\">Noen m\u00e5 v\u00e6re f\u00f8rst med \u00e5 avvikle fylkeskommunen&nbsp;<span class=\"teft-card__primary-title-append\"><\/span><\/h2>\t\t\t\t<\/div>\n\t\t\t<\/div>\n\t\t<\/a>\n\t<\/div>\n\n\t<\/div><div class=\"is-card-hoyre\">\n\t<div class=\"teft-card hoyre-teft-card post-teft-card\">\n\t\t<a href=\"https:\/\/hoyre.no\/hamar\/aktuelt\/anna-og-yngve-pa-topp-for-hedmark\/\" class=\"teft-card__primary-action\">\n\n\t\t\t\t\t<div class=\"teft-card__media teft-card__media--16-9\">\n\t\t\t\t\t\t<img loading=\"lazy\" decoding=\"async\" width=\"768\" height=\"635\" src=\"https:\/\/hoyre.no\/content\/uploads\/sites\/76\/2024\/11\/Skjermbilde-2024-11-16-kl.-18.28.51-768x635.png\" class=\"attachment-medium_large size-medium_large\" alt=\"\" srcset=\"https:\/\/hoyre.no\/content\/uploads\/sites\/76\/2024\/11\/Skjermbilde-2024-11-16-kl.-18.28.51-768x635.png 768w, https:\/\/hoyre.no\/content\/uploads\/sites\/76\/2024\/11\/Skjermbilde-2024-11-16-kl.-18.28.51-300x248.png 300w, https:\/\/hoyre.no\/content\/uploads\/sites\/76\/2024\/11\/Skjermbilde-2024-11-16-kl.-18.28.51.png 882w\" sizes=\"auto, (max-width: 768px) 100vw, 768px\" \/>\t\t<\/div>\n\t\t\n\t\t\t<div class=\"teft-card__content-wrapper\">\n\t\t\t\t<div class=\"teft-card__secondary\">\n\t\t\t\t\t\n\t\t\t\t\t\t\t\t<div class=\"teft-card__meta\">\n\t\t\t\t\t\t\t\t\t<span class=\"post-date\">16. nov 2024<\/span>\n\n\t\t\t\t\t\t\t\t\t<span class=\"post-category\">Stortingsvalg<\/span>\t\t\t\t\t\t\t\t<\/div>\n\t\t\t\t\t\t\t\t\t\t\t<\/div>\n\n\t\t\t\t<div class=\"teft-card__primary\">\n\t\t\t\t\t<h2 class=\"teft-card__title\">Anna og Yngve p\u00e5 topp for Hedmark!&nbsp;<span class=\"teft-card__primary-title-append\"><\/span><\/h2>\t\t\t\t<\/div>\n\t\t\t<\/div>\n\t\t<\/a>\n\t<\/div>\n\n\t<\/div><\/div>\t<\/div>\n<\/div>\n","protected":false},"excerpt":{"rendered":"","protected":false},"author":13942,"featured_media":0,"comment_status":"closed","ping_status":"closed","sticky":false,"template":"","format":"standard","meta":{"teft_cards_image_url":"","teft_cards_custom_pretitle":"","teft_cards_image_id":331,"teft_cards_image_focal_point_x":0.5,"teft_cards_image_focal_point_y":0.5,"teft_cards_title":"H\u00f8ringssvar til Kommuneplan 2025-2049 - Samfunnsplan","teft_cards_excerpt":"","teft_show_chapters":false,"author_display_name":"","footnotes":""},"category":[34,3],"post_tag":[7,35],"hoyre-visibility":[13],"article-type":[36],"politician":[],"class_list":["post-594","post","type-post","status-publish","format-standard","hentry","category-horing","category-kommunestyret","tag-kommuestyre","tag-kommuneplan","article-type-horingssvar"],"yoast_head":"<!-- This site is optimized with the Yoast SEO plugin v26.6 - https:\/\/yoast.com\/wordpress\/plugins\/seo\/ -->\n<title>H\u00f8ringssvar til Kommuneplan 2025-2049 - Samfunnsplan - Hamar H\u00f8yre<\/title>\n<meta name=\"description\" content=\"Hamar H\u00f8yre sendte 10. september inn svar p\u00e5 Hamar kommune sin kommuneplan 2025-2049 - samfunnsdel. Les h\u00f8ringssvaret her.\" \/>\n<meta name=\"robots\" content=\"index, follow, max-snippet:-1, max-image-preview:large, max-video-preview:-1\" \/>\n<link rel=\"canonical\" href=\"https:\/\/hoyre.no\/hamar\/aktuelt\/horingssvar-til-kommuneplan-2025-2049-samfunnsdel\/\" \/>\n<meta property=\"og:locale\" content=\"nb_NO\" \/>\n<meta property=\"og:type\" content=\"article\" \/>\n<meta property=\"og:title\" content=\"H\u00f8ringssvar til Kommuneplan 2025-2049 - Samfunnsplan - Hamar H\u00f8yre\" \/>\n<meta property=\"og:description\" content=\"Hamar H\u00f8yre sendte 10. september inn svar p\u00e5 Hamar kommune sin kommuneplan 2025-2049 - samfunnsdel. Les h\u00f8ringssvaret her.\" \/>\n<meta property=\"og:url\" content=\"https:\/\/hoyre.no\/hamar\/aktuelt\/horingssvar-til-kommuneplan-2025-2049-samfunnsdel\/\" \/>\n<meta property=\"og:site_name\" content=\"Hamar H\u00f8yre\" \/>\n<meta property=\"article:published_time\" content=\"2025-09-10T20:29:21+00:00\" \/>\n<meta property=\"article:modified_time\" content=\"2025-09-10T20:39:30+00:00\" \/>\n<meta property=\"og:image\" content=\"https:\/\/hoyre.no\/content\/uploads\/sites\/76\/2023\/07\/Jane-2-1024x683.jpg\" \/>\n<meta name=\"author\" content=\"Fredrik Tonning\" \/>\n<meta name=\"twitter:card\" content=\"summary_large_image\" \/>\n<meta name=\"twitter:label1\" content=\"Skrevet av\" \/>\n\t<meta name=\"twitter:data1\" content=\"Fredrik Tonning\" \/>\n\t<meta name=\"twitter:label2\" content=\"Ansl. lesetid\" \/>\n\t<meta name=\"twitter:data2\" content=\"5 minutter\" \/>\n<script type=\"application\/ld+json\" class=\"yoast-schema-graph\">{\"@context\":\"https:\/\/schema.org\",\"@graph\":[{\"@type\":\"NewsArticle\",\"@id\":\"https:\/\/hoyre.no\/hamar\/aktuelt\/horingssvar-til-kommuneplan-2025-2049-samfunnsdel\/\",\"url\":\"https:\/\/hoyre.no\/hamar\/aktuelt\/horingssvar-til-kommuneplan-2025-2049-samfunnsdel\/\",\"name\":\"H\u00f8ringssvar til Kommuneplan 2025-2049 - Samfunnsplan - Hamar H\u00f8yre\",\"isPartOf\":{\"@id\":\"https:\/\/hoyre.no\/hamar\/#website\"},\"datePublished\":\"2025-09-10T20:29:21+00:00\",\"dateModified\":\"2025-09-10T20:39:30+00:00\",\"author\":{\"@id\":\"https:\/\/hoyre.no\/hamar\/#\/schema\/person\/046d3907b70e9dc5d9484be42b70b32b\"},\"description\":\"Hamar H\u00f8yre sendte 10. september inn svar p\u00e5 Hamar kommune sin kommuneplan 2025-2049 - samfunnsdel. Les h\u00f8ringssvaret her.\",\"breadcrumb\":{\"@id\":\"https:\/\/hoyre.no\/hamar\/aktuelt\/horingssvar-til-kommuneplan-2025-2049-samfunnsdel\/#breadcrumb\"},\"inLanguage\":\"nb-NO\",\"potentialAction\":[{\"@type\":\"ReadAction\",\"target\":[\"https:\/\/hoyre.no\/hamar\/aktuelt\/horingssvar-til-kommuneplan-2025-2049-samfunnsdel\/\"]}]},{\"@type\":\"BreadcrumbList\",\"@id\":\"https:\/\/hoyre.no\/hamar\/aktuelt\/horingssvar-til-kommuneplan-2025-2049-samfunnsdel\/#breadcrumb\",\"itemListElement\":[{\"@type\":\"ListItem\",\"position\":1,\"name\":\"Til hoyre.no\",\"item\":\"https:\/\/hoyre.no\"},{\"@type\":\"ListItem\",\"position\":2,\"name\":\"Hjem\",\"item\":\"https:\/\/hoyre.no\/hamar\/\"},{\"@type\":\"ListItem\",\"position\":3,\"name\":\"H\u00f8ringssvar til Kommuneplan 2025-2049 &#8211; Samfunnsplan\"}]},{\"@type\":\"WebSite\",\"@id\":\"https:\/\/hoyre.no\/hamar\/#website\",\"url\":\"https:\/\/hoyre.no\/hamar\/\",\"name\":\"Hamar H\u00f8yre\",\"description\":\"Bare enda et H\u00f8yres nettsteder-nettsted\",\"inLanguage\":\"nb-NO\"},{\"@type\":\"Person\",\"@id\":\"https:\/\/hoyre.no\/hamar\/#\/schema\/person\/046d3907b70e9dc5d9484be42b70b32b\",\"name\":\"Fredrik Tonning\",\"image\":{\"@type\":\"ImageObject\",\"inLanguage\":\"nb-NO\",\"@id\":\"https:\/\/hoyre.no\/hamar\/#\/schema\/person\/image\/\",\"url\":\"https:\/\/secure.gravatar.com\/avatar\/2961927606b2cca73bc8feec9e4e1ca37ca4a67a61517b950daf2c68961be6f1?s=96&d=mm&r=g\",\"contentUrl\":\"https:\/\/secure.gravatar.com\/avatar\/2961927606b2cca73bc8feec9e4e1ca37ca4a67a61517b950daf2c68961be6f1?s=96&d=mm&r=g\",\"caption\":\"Fredrik Tonning\"},\"url\":\"https:\/\/hoyre.no\/hamar\/aktuelt\/author\/m51838795\/\"}]}<\/script>\n<!-- \/ Yoast SEO plugin. -->","yoast_head_json":{"title":"H\u00f8ringssvar til Kommuneplan 2025-2049 - Samfunnsplan - Hamar H\u00f8yre","description":"Hamar H\u00f8yre sendte 10. september inn svar p\u00e5 Hamar kommune sin kommuneplan 2025-2049 - samfunnsdel. Les h\u00f8ringssvaret her.","robots":{"index":"index","follow":"follow","max-snippet":"max-snippet:-1","max-image-preview":"max-image-preview:large","max-video-preview":"max-video-preview:-1"},"canonical":"https:\/\/hoyre.no\/hamar\/aktuelt\/horingssvar-til-kommuneplan-2025-2049-samfunnsdel\/","og_locale":"nb_NO","og_type":"article","og_title":"H\u00f8ringssvar til Kommuneplan 2025-2049 - Samfunnsplan - Hamar H\u00f8yre","og_description":"Hamar H\u00f8yre sendte 10. september inn svar p\u00e5 Hamar kommune sin kommuneplan 2025-2049 - samfunnsdel. Les h\u00f8ringssvaret her.","og_url":"https:\/\/hoyre.no\/hamar\/aktuelt\/horingssvar-til-kommuneplan-2025-2049-samfunnsdel\/","og_site_name":"Hamar H\u00f8yre","article_published_time":"2025-09-10T20:29:21+00:00","article_modified_time":"2025-09-10T20:39:30+00:00","og_image":[{"url":"https:\/\/hoyre.no\/content\/uploads\/sites\/76\/2023\/07\/Jane-2-1024x683.jpg","width":"","height":"","type":""}],"author":"Fredrik Tonning","twitter_card":"summary_large_image","twitter_misc":{"Skrevet av":"Fredrik Tonning","Ansl. lesetid":"5 minutter"},"schema":{"@context":"https:\/\/schema.org","@graph":[{"@type":"NewsArticle","@id":"https:\/\/hoyre.no\/hamar\/aktuelt\/horingssvar-til-kommuneplan-2025-2049-samfunnsdel\/","url":"https:\/\/hoyre.no\/hamar\/aktuelt\/horingssvar-til-kommuneplan-2025-2049-samfunnsdel\/","name":"H\u00f8ringssvar til Kommuneplan 2025-2049 - Samfunnsplan - Hamar H\u00f8yre","isPartOf":{"@id":"https:\/\/hoyre.no\/hamar\/#website"},"datePublished":"2025-09-10T20:29:21+00:00","dateModified":"2025-09-10T20:39:30+00:00","author":{"@id":"https:\/\/hoyre.no\/hamar\/#\/schema\/person\/046d3907b70e9dc5d9484be42b70b32b"},"description":"Hamar H\u00f8yre sendte 10. september inn svar p\u00e5 Hamar kommune sin kommuneplan 2025-2049 - samfunnsdel. Les h\u00f8ringssvaret her.","breadcrumb":{"@id":"https:\/\/hoyre.no\/hamar\/aktuelt\/horingssvar-til-kommuneplan-2025-2049-samfunnsdel\/#breadcrumb"},"inLanguage":"nb-NO","potentialAction":[{"@type":"ReadAction","target":["https:\/\/hoyre.no\/hamar\/aktuelt\/horingssvar-til-kommuneplan-2025-2049-samfunnsdel\/"]}]},{"@type":"BreadcrumbList","@id":"https:\/\/hoyre.no\/hamar\/aktuelt\/horingssvar-til-kommuneplan-2025-2049-samfunnsdel\/#breadcrumb","itemListElement":[{"@type":"ListItem","position":1,"name":"Til hoyre.no","item":"https:\/\/hoyre.no"},{"@type":"ListItem","position":2,"name":"Hjem","item":"https:\/\/hoyre.no\/hamar\/"},{"@type":"ListItem","position":3,"name":"H\u00f8ringssvar til Kommuneplan 2025-2049 &#8211; Samfunnsplan"}]},{"@type":"WebSite","@id":"https:\/\/hoyre.no\/hamar\/#website","url":"https:\/\/hoyre.no\/hamar\/","name":"Hamar H\u00f8yre","description":"Bare enda et H\u00f8yres nettsteder-nettsted","inLanguage":"nb-NO"},{"@type":"Person","@id":"https:\/\/hoyre.no\/hamar\/#\/schema\/person\/046d3907b70e9dc5d9484be42b70b32b","name":"Fredrik Tonning","image":{"@type":"ImageObject","inLanguage":"nb-NO","@id":"https:\/\/hoyre.no\/hamar\/#\/schema\/person\/image\/","url":"https:\/\/secure.gravatar.com\/avatar\/2961927606b2cca73bc8feec9e4e1ca37ca4a67a61517b950daf2c68961be6f1?s=96&d=mm&r=g","contentUrl":"https:\/\/secure.gravatar.com\/avatar\/2961927606b2cca73bc8feec9e4e1ca37ca4a67a61517b950daf2c68961be6f1?s=96&d=mm&r=g","caption":"Fredrik Tonning"},"url":"https:\/\/hoyre.no\/hamar\/aktuelt\/author\/m51838795\/"}]}},"distributor_meta":false,"distributor_terms":false,"distributor_media":false,"distributor_original_site_name":"Hamar H\u00f8yre","distributor_original_site_url":"https:\/\/hoyre.no\/hamar","push-errors":false,"_links":{"self":[{"href":"https:\/\/hoyre.no\/hamar\/wp-json\/wp\/v2\/posts\/594","targetHints":{"allow":["GET"]}}],"collection":[{"href":"https:\/\/hoyre.no\/hamar\/wp-json\/wp\/v2\/posts"}],"about":[{"href":"https:\/\/hoyre.no\/hamar\/wp-json\/wp\/v2\/types\/post"}],"author":[{"embeddable":true,"href":"https:\/\/hoyre.no\/hamar\/wp-json\/wp\/v2\/users\/13942"}],"replies":[{"embeddable":true,"href":"https:\/\/hoyre.no\/hamar\/wp-json\/wp\/v2\/comments?post=594"}],"version-history":[{"count":6,"href":"https:\/\/hoyre.no\/hamar\/wp-json\/wp\/v2\/posts\/594\/revisions"}],"predecessor-version":[{"id":601,"href":"https:\/\/hoyre.no\/hamar\/wp-json\/wp\/v2\/posts\/594\/revisions\/601"}],"wp:attachment":[{"href":"https:\/\/hoyre.no\/hamar\/wp-json\/wp\/v2\/media?parent=594"}],"wp:term":[{"taxonomy":"category","embeddable":true,"href":"https:\/\/hoyre.no\/hamar\/wp-json\/wp\/v2\/category?post=594"},{"taxonomy":"post_tag","embeddable":true,"href":"https:\/\/hoyre.no\/hamar\/wp-json\/wp\/v2\/post_tag?post=594"},{"taxonomy":"hoyre-visibility","embeddable":true,"href":"https:\/\/hoyre.no\/hamar\/wp-json\/wp\/v2\/hoyre-visibility?post=594"},{"taxonomy":"article-type","embeddable":true,"href":"https:\/\/hoyre.no\/hamar\/wp-json\/wp\/v2\/article-type?post=594"},{"taxonomy":"politician","embeddable":true,"href":"https:\/\/hoyre.no\/hamar\/wp-json\/wp\/v2\/politician?post=594"}],"curies":[{"name":"wp","href":"https:\/\/api.w.org\/{rel}","templated":true}]}}