{"id":551,"date":"2026-03-21T20:06:26","date_gmt":"2026-03-21T19:06:26","guid":{"rendered":"https:\/\/hoyre.no\/harstad\/?p=551"},"modified":"2026-03-21T20:07:04","modified_gmt":"2026-03-21T19:07:04","slug":"etablering-av-harstad-og-omegn-unge-hoyre","status":"publish","type":"post","link":"https:\/\/hoyre.no\/harstad\/aktuelt\/etablering-av-harstad-og-omegn-unge-hoyre\/","title":{"rendered":"Etablering av Harstad og omegn Unge H\u00f8yre"},"content":{"rendered":"\n<p class=\"preamble\">Det ble nylig avholdt et vellykket stiftelsesm\u00f8te for Harstad og omegn Unge H\u00f8yre, med godt oppm\u00f8te fra engasjerte ungdommer fra hele regionen. Det nye lokallaget vil dekke kommunene Harstad, Tjeldsund, Kv\u00e6fjord og Evenes, og markerer et viktig steg for \u00e5 styrke ungdommens stemme i lokalpolitikken.<\/p>\t\t\t<div class=\"post-meta wp-block teft-byline-wrapper\">\n\t\t\t\t<div class=\"top\">\n\t\t\t\t\t<div class=\"signature\">\n\t\t\t\t\t\t<div class=\"teft-byline\">\n\t\t\t\t\t\t\t\t\t\t\t\t\t\t<div>\n\t\t\t\t\t\t\t\t<h3>H\u00f8yres redaksjon<\/h3>\t\t\t\t\t\t\t\t\n\t\t\t\t\t\t\t\t\t\t\t\t\t\t\t\t\t<span class=\"date\">Sist oppdatert: 21. mars 2026<\/span>\n\t\t\t\t\t\t\t\t\t\t\t\t\t\t\t\t\t\t\t\t\t\t\t\t\t<span class=\"reading-time\" itemprop=\"timeRequired\" content=\"PT2M\"><em>Ca. 2 minutter lesetid<\/em><\/span>\n\t\t\t\t\t\t\t\t\t\t\t\t\t\t\t<\/div>\n\t\t\t\t\t\t<\/div>\n\t\t\t\t\t<\/div>\n\t\t\t\t\t\t<div class=\"sharing\">\n\t\t<a class=\"share-button share-link copy-link\" data-copy=\"https:\/\/hoyre.no\/harstad\/aktuelt\/etablering-av-harstad-og-omegn-unge-hoyre\/\" target=\"_blank\"><span class=\"screen-reader-text\">Del link<\/span><\/a>\n\t\t<a class=\"share-button share-twitter\" href=\"http:\/\/twitter.com\/share?text=Etablering av Harstad og omegn Unge H\u00f8yre&#038;url=https:\/\/hoyre.no\/harstad\/aktuelt\/etablering-av-harstad-og-omegn-unge-hoyre\/&#038;hashtags=Hoyre\" target=\"_blank\"><span class=\"screen-reader-text\">Del p\u00e5 twitter<\/span><\/a>\n\t\t<a class=\"share-button share-facebook\" href=\"https:\/\/www.facebook.com\/sharer\/sharer.php?u=https:\/\/hoyre.no\/harstad\/aktuelt\/etablering-av-harstad-og-omegn-unge-hoyre\/\" target=\"_blank\"><span class=\"screen-reader-text\">Del p\u00e5 facebook<\/span><\/a>\n\t<\/div>\n\t\t\t\t\t<\/div>\n\t\t\t<\/div>\n\n\t\t\t<figure class=\"hoyre-image-wrapper\"><div class=\"hoyre-image\"><img loading=\"lazy\" decoding=\"async\" width=\"2048\" height=\"1536\" src=\"https:\/\/hoyre.no\/content\/uploads\/sites\/259\/2026\/03\/Styret-i-Harstad-Unge-Hoyre.jpg\" class=\"attachment-scaled size-scaled\" alt=\"\" style=\"object-position: 50% 50%\" srcset=\"https:\/\/hoyre.no\/content\/uploads\/sites\/259\/2026\/03\/Styret-i-Harstad-Unge-Hoyre.jpg 2048w, https:\/\/hoyre.no\/content\/uploads\/sites\/259\/2026\/03\/Styret-i-Harstad-Unge-Hoyre-300x225.jpg 300w, https:\/\/hoyre.no\/content\/uploads\/sites\/259\/2026\/03\/Styret-i-Harstad-Unge-Hoyre-1024x768.jpg 1024w, https:\/\/hoyre.no\/content\/uploads\/sites\/259\/2026\/03\/Styret-i-Harstad-Unge-Hoyre-768x576.jpg 768w, https:\/\/hoyre.no\/content\/uploads\/sites\/259\/2026\/03\/Styret-i-Harstad-Unge-Hoyre-1536x1152.jpg 1536w\" sizes=\"auto, (max-width: 2048px) 100vw, 2048px\" \/><\/div><\/figure>\n\n\n\n\n<p><\/p>\n\n\n\n<p><\/p>\n\n\n\n<p>M\u00f8tet samlet mange nye medlemmer, og engasjementet bar preg av tydelig motivasjon for videre arbeid. I l\u00f8pet av samlingen fikk deltakerne ogs\u00e5 gjennomf\u00f8rt skoleringen \u00abUng H\u00f8yre p\u00e5 1-2-3\u00bb, ledet av fylkesleder Lennart, som ga en god innf\u00f8ring i organisasjonsarbeid og politisk engasjement.<\/p>\n\n\n\n<p>Under m\u00f8tet ble det valgt et nytt lokallagsstyre:<\/p>\n\n\n\n<ul class=\"wp-block-list\">\n<li>Leder: Szymon Aleksander Chrusciel<\/li>\n\n\n\n<li>Nestleder: Emil Henriksen Nyborg<\/li>\n\n\n\n<li>Styremedlem: Regine Irene Berglund-Nikolaisen<\/li>\n<\/ul>\n\n\n\n<p>Nyvalgt leder, Szymon Aleksander Chrusciel, er tydelig p\u00e5 ambisjonene fremover:<br>\u2013 Dette er starten p\u00e5 noe veldig spennende. Vi har samlet en engasjert gjeng med ungdommer som \u00f8nsker \u00e5 bidra til positiv utvikling i regionen v\u00e5r. N\u00e5 skal vi jobbe for \u00e5 bygge et aktivt og synlig lokallag, og s\u00f8rge for at ungdom f\u00e5r en tydelig stemme i lokalpolitikken.<\/p>\n\n\n\n<p>Ogs\u00e5 Harstad H\u00f8yres leder, H\u00e5kon Vahl, uttrykker stor tilfredshet med etableringen:<br>\u2013 Det er sv\u00e6rt gledelig at Harstad Unge H\u00f8yre n\u00e5 er etablert. Ungdommene er avgj\u00f8rende for \u00e5 rekruttere til demokratiet, og vi ser frem til et tett og godt samarbeid fremover. Vi gleder oss ogs\u00e5 til samarbeid i nominasjonsprosessen og arbeidet med programmet frem mot valget neste h\u00f8st.<\/p>\n\n\n\n<p>Det nye lokallaget ser n\u00e5 frem til \u00e5 skape aktivitet, bygge fellesskap og bidra aktivt i den politiske debatten i hele regionen. Stemningen etter stiftelsesm\u00f8tet preges av stor optimisme og en sterk vilje til \u00e5 f\u00e5 til mye i tiden som kommer.<\/p>\n\n\n<div class=\"tags\">\n\t<\/div>\n<div class=\"post-footer alignfull has-background block-editor-block-list__block\" data-align=full>\n\t<div class=\"post-footer-inner\">\n\t\t<h3>Relaterte artikler<\/h3>\n\t\t<div class=\"related-content\"><div class=\"is-card-hoyre\">\n\t<div class=\"teft-card hoyre-teft-card post-teft-card\">\n\t\t<a href=\"https:\/\/hoyre.no\/harstad\/aktuelt\/disse-onsker-a-stille-igjen-for-harstad-hoyre\/\" class=\"teft-card__primary-action\">\n\n\t\t\t<div class=\"teft-card__media teft-card__media--16-9 no-image\"><\/div>\n\t\t\t<div class=\"teft-card__content-wrapper\">\n\t\t\t\t<div class=\"teft-card__secondary\">\n\t\t\t\t\t\n\t\t\t\t\t\t\t\t<div class=\"teft-card__meta\">\n\t\t\t\t\t\t\t\t\t<span class=\"post-date\">24. apr 2026<\/span>\n\n\t\t\t\t\t\t\t\t\t\t\t\t\t\t\t\t\t<\/div>\n\t\t\t\t\t\t\t\t\t\t\t<\/div>\n\n\t\t\t\t<div class=\"teft-card__primary\">\n\t\t\t\t\t<h2 class=\"teft-card__title\">Disse \u00f8nsker \u00e5 stille igjen for Harstad H\u00f8yre&nbsp;<span class=\"teft-card__primary-title-append\"><\/span><\/h2>\t\t\t\t<\/div>\n\t\t\t<\/div>\n\t\t<\/a>\n\t<\/div>\n\n\t<\/div><div class=\"is-card-hoyre\">\n\t<div class=\"teft-card hoyre-teft-card post-teft-card\">\n\t\t<a href=\"https:\/\/hoyre.no\/harstad\/aktuelt\/kom-med-forslag\/\" class=\"teft-card__primary-action\">\n\n\t\t\t\t\t<div class=\"teft-card__media teft-card__media--16-9\">\n\t\t\t\t\t\t<img loading=\"lazy\" decoding=\"async\" width=\"768\" height=\"614\" src=\"https:\/\/hoyre.no\/content\/uploads\/sites\/259\/2026\/04\/nominasjonskomite-harstad-hoyre-768x614.png\" class=\"attachment-medium_large size-medium_large\" alt=\"Nominasjonskomite Harstad H\u00f8yre\" srcset=\"https:\/\/hoyre.no\/content\/uploads\/sites\/259\/2026\/04\/nominasjonskomite-harstad-hoyre-768x614.png 768w, https:\/\/hoyre.no\/content\/uploads\/sites\/259\/2026\/04\/nominasjonskomite-harstad-hoyre-300x240.png 300w, https:\/\/hoyre.no\/content\/uploads\/sites\/259\/2026\/04\/nominasjonskomite-harstad-hoyre-1024x819.png 1024w, https:\/\/hoyre.no\/content\/uploads\/sites\/259\/2026\/04\/nominasjonskomite-harstad-hoyre.png 1350w\" sizes=\"auto, (max-width: 768px) 100vw, 768px\" \/>\t\t<\/div>\n\t\t\n\t\t\t<div class=\"teft-card__content-wrapper\">\n\t\t\t\t<div class=\"teft-card__secondary\">\n\t\t\t\t\t\n\t\t\t\t\t\t\t\t<div class=\"teft-card__meta\">\n\t\t\t\t\t\t\t\t\t<span class=\"post-date\">24. apr 2026<\/span>\n\n\t\t\t\t\t\t\t\t\t\t\t\t\t\t\t\t\t<\/div>\n\t\t\t\t\t\t\t\t\t\t\t<\/div>\n\n\t\t\t\t<div class=\"teft-card__primary\">\n\t\t\t\t\t<h2 class=\"teft-card__title\">&#8211; Kom med forslag!&nbsp;<span class=\"teft-card__primary-title-append\"><\/span><\/h2>\t\t\t\t<\/div>\n\t\t\t<\/div>\n\t\t<\/a>\n\t<\/div>\n\n\t<\/div><div class=\"is-card-hoyre\">\n\t<div class=\"teft-card hoyre-teft-card post-teft-card\">\n\t\t<a href=\"https:\/\/hoyre.no\/harstad\/aktuelt\/medlemsmote\/\" class=\"teft-card__primary-action\">\n\n\t\t\t\t\t<div class=\"teft-card__media teft-card__media--16-9\">\n\t\t\t\t\t\t<img loading=\"lazy\" decoding=\"async\" width=\"768\" height=\"576\" src=\"https:\/\/hoyre.no\/content\/uploads\/sites\/259\/2026\/04\/615f76f7-05ba-4c94-a674-0a71eba6803e-768x576.jpg\" class=\"attachment-medium_large size-medium_large\" alt=\"\" srcset=\"https:\/\/hoyre.no\/content\/uploads\/sites\/259\/2026\/04\/615f76f7-05ba-4c94-a674-0a71eba6803e-768x576.jpg 768w, https:\/\/hoyre.no\/content\/uploads\/sites\/259\/2026\/04\/615f76f7-05ba-4c94-a674-0a71eba6803e-300x225.jpg 300w, https:\/\/hoyre.no\/content\/uploads\/sites\/259\/2026\/04\/615f76f7-05ba-4c94-a674-0a71eba6803e-1024x768.jpg 1024w, https:\/\/hoyre.no\/content\/uploads\/sites\/259\/2026\/04\/615f76f7-05ba-4c94-a674-0a71eba6803e-1536x1152.jpg 1536w, https:\/\/hoyre.no\/content\/uploads\/sites\/259\/2026\/04\/615f76f7-05ba-4c94-a674-0a71eba6803e.jpg 2048w\" sizes=\"auto, (max-width: 768px) 100vw, 768px\" \/>\t\t<\/div>\n\t\t\n\t\t\t<div class=\"teft-card__content-wrapper\">\n\t\t\t\t<div class=\"teft-card__secondary\">\n\t\t\t\t\t\n\t\t\t\t\t\t\t\t<div class=\"teft-card__meta\">\n\t\t\t\t\t\t\t\t\t<span class=\"post-date\">18. apr 2026<\/span>\n\n\t\t\t\t\t\t\t\t\t\t\t\t\t\t\t\t\t<\/div>\n\t\t\t\t\t\t\t\t\t\t\t<\/div>\n\n\t\t\t\t<div class=\"teft-card__primary\">\n\t\t\t\t\t<h2 class=\"teft-card__title\">Vellykket medlemsm\u00f8te&nbsp;<span class=\"teft-card__primary-title-append\"><\/span><\/h2>\t\t\t\t<\/div>\n\t\t\t<\/div>\n\t\t<\/a>\n\t<\/div>\n\n\t<\/div><\/div>\t<\/div>\n<\/div>\n","protected":false},"excerpt":{"rendered":"","protected":false},"author":13241,"featured_media":0,"comment_status":"closed","ping_status":"closed","sticky":false,"template":"","format":"standard","meta":{"teft_cards_image_url":"","teft_cards_custom_pretitle":"","teft_cards_image_id":552,"teft_cards_image_focal_point_x":0.5,"teft_cards_image_focal_point_y":0.5,"teft_cards_title":"","teft_cards_excerpt":"","teft_show_chapters":false,"author_display_name":"","footnotes":""},"category":[1],"post_tag":[],"hoyre-visibility":[],"article-type":[],"politician":[],"class_list":["post-551","post","type-post","status-publish","format-standard","hentry","category-ukategorisert"],"yoast_head":"<!-- This site is optimized with the Yoast SEO plugin v26.6 - https:\/\/yoast.com\/wordpress\/plugins\/seo\/ -->\n<title>Etablering av Harstad og omegn Unge H\u00f8yre - Harstad H\u00f8yre<\/title>\n<meta name=\"robots\" content=\"index, follow, max-snippet:-1, max-image-preview:large, max-video-preview:-1\" \/>\n<link rel=\"canonical\" href=\"https:\/\/hoyre.no\/harstad\/aktuelt\/etablering-av-harstad-og-omegn-unge-hoyre\/\" \/>\n<meta property=\"og:locale\" content=\"nb_NO\" \/>\n<meta property=\"og:type\" content=\"article\" \/>\n<meta property=\"og:title\" content=\"Etablering av Harstad og omegn Unge H\u00f8yre - Harstad H\u00f8yre\" \/>\n<meta property=\"og:url\" content=\"https:\/\/hoyre.no\/harstad\/aktuelt\/etablering-av-harstad-og-omegn-unge-hoyre\/\" \/>\n<meta property=\"og:site_name\" content=\"Harstad H\u00f8yre\" \/>\n<meta property=\"article:published_time\" content=\"2026-03-21T19:06:26+00:00\" \/>\n<meta property=\"article:modified_time\" content=\"2026-03-21T19:07:04+00:00\" \/>\n<meta property=\"og:image\" content=\"https:\/\/hoyre.no\/content\/uploads\/sites\/259\/2026\/04\/615f76f7-05ba-4c94-a674-0a71eba6803e-1024x768.jpg\" \/>\n<meta name=\"author\" content=\"H\u00e5kon R\u00f8nning Vahl\" \/>\n<meta name=\"twitter:card\" content=\"summary_large_image\" \/>\n<meta name=\"twitter:label1\" content=\"Skrevet av\" \/>\n\t<meta name=\"twitter:data1\" content=\"H\u00e5kon R\u00f8nning Vahl\" \/>\n\t<meta name=\"twitter:label2\" content=\"Ansl. lesetid\" \/>\n\t<meta name=\"twitter:data2\" content=\"2 minutter\" \/>\n<script type=\"application\/ld+json\" class=\"yoast-schema-graph\">{\"@context\":\"https:\/\/schema.org\",\"@graph\":[{\"@type\":\"NewsArticle\",\"@id\":\"https:\/\/hoyre.no\/harstad\/aktuelt\/etablering-av-harstad-og-omegn-unge-hoyre\/\",\"url\":\"https:\/\/hoyre.no\/harstad\/aktuelt\/etablering-av-harstad-og-omegn-unge-hoyre\/\",\"name\":\"Etablering av Harstad og omegn Unge H\u00f8yre - Harstad H\u00f8yre\",\"isPartOf\":{\"@id\":\"https:\/\/hoyre.no\/harstad\/#website\"},\"datePublished\":\"2026-03-21T19:06:26+00:00\",\"dateModified\":\"2026-03-21T19:07:04+00:00\",\"author\":{\"@id\":\"https:\/\/hoyre.no\/harstad\/#\/schema\/person\/a5607801aa0d0e821821f278a0591355\"},\"breadcrumb\":{\"@id\":\"https:\/\/hoyre.no\/harstad\/aktuelt\/etablering-av-harstad-og-omegn-unge-hoyre\/#breadcrumb\"},\"inLanguage\":\"nb-NO\",\"potentialAction\":[{\"@type\":\"ReadAction\",\"target\":[\"https:\/\/hoyre.no\/harstad\/aktuelt\/etablering-av-harstad-og-omegn-unge-hoyre\/\"]}]},{\"@type\":\"BreadcrumbList\",\"@id\":\"https:\/\/hoyre.no\/harstad\/aktuelt\/etablering-av-harstad-og-omegn-unge-hoyre\/#breadcrumb\",\"itemListElement\":[{\"@type\":\"ListItem\",\"position\":1,\"name\":\"Til hoyre.no\",\"item\":\"https:\/\/hoyre.no\"},{\"@type\":\"ListItem\",\"position\":2,\"name\":\"Hjem\",\"item\":\"https:\/\/hoyre.no\/harstad\/\"},{\"@type\":\"ListItem\",\"position\":3,\"name\":\"Etablering av Harstad og omegn Unge H\u00f8yre\"}]},{\"@type\":\"WebSite\",\"@id\":\"https:\/\/hoyre.no\/harstad\/#website\",\"url\":\"https:\/\/hoyre.no\/harstad\/\",\"name\":\"Harstad H\u00f8yre\",\"description\":\"Bare enda et H\u00f8yres nettsteder-nettsted\",\"inLanguage\":\"nb-NO\"},{\"@type\":\"Person\",\"@id\":\"https:\/\/hoyre.no\/harstad\/#\/schema\/person\/a5607801aa0d0e821821f278a0591355\",\"name\":\"H\u00e5kon R\u00f8nning Vahl\",\"image\":{\"@type\":\"ImageObject\",\"inLanguage\":\"nb-NO\",\"@id\":\"https:\/\/hoyre.no\/harstad\/#\/schema\/person\/image\/\",\"url\":\"https:\/\/secure.gravatar.com\/avatar\/4107bf455d3e404b174f400a38b63e985c38d3d5f5eb32cf1afb074d8516e7a4?s=96&d=mm&r=g\",\"contentUrl\":\"https:\/\/secure.gravatar.com\/avatar\/4107bf455d3e404b174f400a38b63e985c38d3d5f5eb32cf1afb074d8516e7a4?s=96&d=mm&r=g\",\"caption\":\"H\u00e5kon R\u00f8nning Vahl\"},\"url\":\"https:\/\/hoyre.no\/harstad\/aktuelt\/author\/m51859882\/\"}]}<\/script>\n<!-- \/ Yoast SEO plugin. -->","yoast_head_json":{"title":"Etablering av Harstad og omegn Unge H\u00f8yre - Harstad H\u00f8yre","robots":{"index":"index","follow":"follow","max-snippet":"max-snippet:-1","max-image-preview":"max-image-preview:large","max-video-preview":"max-video-preview:-1"},"canonical":"https:\/\/hoyre.no\/harstad\/aktuelt\/etablering-av-harstad-og-omegn-unge-hoyre\/","og_locale":"nb_NO","og_type":"article","og_title":"Etablering av Harstad og omegn Unge H\u00f8yre - Harstad H\u00f8yre","og_url":"https:\/\/hoyre.no\/harstad\/aktuelt\/etablering-av-harstad-og-omegn-unge-hoyre\/","og_site_name":"Harstad H\u00f8yre","article_published_time":"2026-03-21T19:06:26+00:00","article_modified_time":"2026-03-21T19:07:04+00:00","og_image":[{"url":"https:\/\/hoyre.no\/content\/uploads\/sites\/259\/2026\/04\/615f76f7-05ba-4c94-a674-0a71eba6803e-1024x768.jpg","width":"","height":"","type":""}],"author":"H\u00e5kon R\u00f8nning Vahl","twitter_card":"summary_large_image","twitter_misc":{"Skrevet av":"H\u00e5kon R\u00f8nning Vahl","Ansl. lesetid":"2 minutter"},"schema":{"@context":"https:\/\/schema.org","@graph":[{"@type":"NewsArticle","@id":"https:\/\/hoyre.no\/harstad\/aktuelt\/etablering-av-harstad-og-omegn-unge-hoyre\/","url":"https:\/\/hoyre.no\/harstad\/aktuelt\/etablering-av-harstad-og-omegn-unge-hoyre\/","name":"Etablering av Harstad og omegn Unge H\u00f8yre - Harstad H\u00f8yre","isPartOf":{"@id":"https:\/\/hoyre.no\/harstad\/#website"},"datePublished":"2026-03-21T19:06:26+00:00","dateModified":"2026-03-21T19:07:04+00:00","author":{"@id":"https:\/\/hoyre.no\/harstad\/#\/schema\/person\/a5607801aa0d0e821821f278a0591355"},"breadcrumb":{"@id":"https:\/\/hoyre.no\/harstad\/aktuelt\/etablering-av-harstad-og-omegn-unge-hoyre\/#breadcrumb"},"inLanguage":"nb-NO","potentialAction":[{"@type":"ReadAction","target":["https:\/\/hoyre.no\/harstad\/aktuelt\/etablering-av-harstad-og-omegn-unge-hoyre\/"]}]},{"@type":"BreadcrumbList","@id":"https:\/\/hoyre.no\/harstad\/aktuelt\/etablering-av-harstad-og-omegn-unge-hoyre\/#breadcrumb","itemListElement":[{"@type":"ListItem","position":1,"name":"Til hoyre.no","item":"https:\/\/hoyre.no"},{"@type":"ListItem","position":2,"name":"Hjem","item":"https:\/\/hoyre.no\/harstad\/"},{"@type":"ListItem","position":3,"name":"Etablering av Harstad og omegn Unge H\u00f8yre"}]},{"@type":"WebSite","@id":"https:\/\/hoyre.no\/harstad\/#website","url":"https:\/\/hoyre.no\/harstad\/","name":"Harstad H\u00f8yre","description":"Bare enda et H\u00f8yres nettsteder-nettsted","inLanguage":"nb-NO"},{"@type":"Person","@id":"https:\/\/hoyre.no\/harstad\/#\/schema\/person\/a5607801aa0d0e821821f278a0591355","name":"H\u00e5kon R\u00f8nning Vahl","image":{"@type":"ImageObject","inLanguage":"nb-NO","@id":"https:\/\/hoyre.no\/harstad\/#\/schema\/person\/image\/","url":"https:\/\/secure.gravatar.com\/avatar\/4107bf455d3e404b174f400a38b63e985c38d3d5f5eb32cf1afb074d8516e7a4?s=96&d=mm&r=g","contentUrl":"https:\/\/secure.gravatar.com\/avatar\/4107bf455d3e404b174f400a38b63e985c38d3d5f5eb32cf1afb074d8516e7a4?s=96&d=mm&r=g","caption":"H\u00e5kon R\u00f8nning Vahl"},"url":"https:\/\/hoyre.no\/harstad\/aktuelt\/author\/m51859882\/"}]}},"distributor_meta":false,"distributor_terms":false,"distributor_media":false,"distributor_original_site_name":"Harstad H\u00f8yre","distributor_original_site_url":"https:\/\/hoyre.no\/harstad","push-errors":false,"_links":{"self":[{"href":"https:\/\/hoyre.no\/harstad\/wp-json\/wp\/v2\/posts\/551","targetHints":{"allow":["GET"]}}],"collection":[{"href":"https:\/\/hoyre.no\/harstad\/wp-json\/wp\/v2\/posts"}],"about":[{"href":"https:\/\/hoyre.no\/harstad\/wp-json\/wp\/v2\/types\/post"}],"author":[{"embeddable":true,"href":"https:\/\/hoyre.no\/harstad\/wp-json\/wp\/v2\/users\/13241"}],"replies":[{"embeddable":true,"href":"https:\/\/hoyre.no\/harstad\/wp-json\/wp\/v2\/comments?post=551"}],"version-history":[{"count":2,"href":"https:\/\/hoyre.no\/harstad\/wp-json\/wp\/v2\/posts\/551\/revisions"}],"predecessor-version":[{"id":554,"href":"https:\/\/hoyre.no\/harstad\/wp-json\/wp\/v2\/posts\/551\/revisions\/554"}],"wp:attachment":[{"href":"https:\/\/hoyre.no\/harstad\/wp-json\/wp\/v2\/media?parent=551"}],"wp:term":[{"taxonomy":"category","embeddable":true,"href":"https:\/\/hoyre.no\/harstad\/wp-json\/wp\/v2\/category?post=551"},{"taxonomy":"post_tag","embeddable":true,"href":"https:\/\/hoyre.no\/harstad\/wp-json\/wp\/v2\/post_tag?post=551"},{"taxonomy":"hoyre-visibility","embeddable":true,"href":"https:\/\/hoyre.no\/harstad\/wp-json\/wp\/v2\/hoyre-visibility?post=551"},{"taxonomy":"article-type","embeddable":true,"href":"https:\/\/hoyre.no\/harstad\/wp-json\/wp\/v2\/article-type?post=551"},{"taxonomy":"politician","embeddable":true,"href":"https:\/\/hoyre.no\/harstad\/wp-json\/wp\/v2\/politician?post=551"}],"curies":[{"name":"wp","href":"https:\/\/api.w.org\/{rel}","templated":true}]}}