{"id":575,"date":"2026-04-18T21:09:06","date_gmt":"2026-04-18T19:09:06","guid":{"rendered":"https:\/\/hoyre.no\/harstad\/?p=575"},"modified":"2026-04-18T21:14:40","modified_gmt":"2026-04-18T19:14:40","slug":"medlemsmote","status":"publish","type":"post","link":"https:\/\/hoyre.no\/harstad\/aktuelt\/medlemsmote\/","title":{"rendered":"Vellykket medlemsm\u00f8te"},"content":{"rendered":"\n<p class=\"preamble\">Vellykket m\u00f8te om egen- og kommunal beredskap<\/p>\t\t\t<div class=\"post-meta wp-block teft-byline-wrapper\">\n\t\t\t\t<div class=\"top\">\n\t\t\t\t\t<div class=\"signature\">\n\t\t\t\t\t\t<div class=\"teft-byline\">\n\t\t\t\t\t\t\t\t\t\t\t\t\t\t<div>\n\t\t\t\t\t\t\t\t<h3>H\u00f8yres redaksjon<\/h3>\t\t\t\t\t\t\t\t\n\t\t\t\t\t\t\t\t\t\t\t\t\t\t\t\t\t<span class=\"date\">Sist oppdatert: 18. april 2026<\/span>\n\t\t\t\t\t\t\t\t\t\t\t\t\t\t\t\t\t\t\t\t\t\t\t\t\t<span class=\"reading-time\" itemprop=\"timeRequired\" content=\"PT1M\"><em>Ca. 1 minutter lesetid<\/em><\/span>\n\t\t\t\t\t\t\t\t\t\t\t\t\t\t\t<\/div>\n\t\t\t\t\t\t<\/div>\n\t\t\t\t\t<\/div>\n\t\t\t\t\t\t<div class=\"sharing\">\n\t\t<a class=\"share-button share-link copy-link\" data-copy=\"https:\/\/hoyre.no\/harstad\/aktuelt\/medlemsmote\/\" target=\"_blank\"><span class=\"screen-reader-text\">Del link<\/span><\/a>\n\t\t<a class=\"share-button share-twitter\" href=\"http:\/\/twitter.com\/share?text=Vellykket medlemsm\u00f8te&#038;url=https:\/\/hoyre.no\/harstad\/aktuelt\/medlemsmote\/&#038;hashtags=Hoyre\" target=\"_blank\"><span class=\"screen-reader-text\">Del p\u00e5 twitter<\/span><\/a>\n\t\t<a class=\"share-button share-facebook\" href=\"https:\/\/www.facebook.com\/sharer\/sharer.php?u=https:\/\/hoyre.no\/harstad\/aktuelt\/medlemsmote\/\" target=\"_blank\"><span class=\"screen-reader-text\">Del p\u00e5 facebook<\/span><\/a>\n\t<\/div>\n\t\t\t\t\t<\/div>\n\t\t\t<\/div>\n\n\t\t\t\n\n\n\n\n<p><\/p>\n\n\n\n<p>Vi inviterte til et viktig og aktuelt \u00e5pent m\u00f8te om beredskap, hvor vi fikk b\u00e5de praktiske r\u00e5d og innsikt i hvordan vi sammen kan st\u00e5 bedre rustet i m\u00f8te med uforutsette hendelser.<\/p>\n\n\n\n<figure class=\"wp-block-image size-large\"><img loading=\"lazy\" decoding=\"async\" width=\"1024\" height=\"768\" src=\"https:\/\/hoyre.no\/content\/uploads\/sites\/259\/2026\/04\/615f76f7-05ba-4c94-a674-0a71eba6803e-1024x768.jpg\" alt=\"\" class=\"wp-image-578\" srcset=\"https:\/\/hoyre.no\/content\/uploads\/sites\/259\/2026\/04\/615f76f7-05ba-4c94-a674-0a71eba6803e-1024x768.jpg 1024w, https:\/\/hoyre.no\/content\/uploads\/sites\/259\/2026\/04\/615f76f7-05ba-4c94-a674-0a71eba6803e-300x225.jpg 300w, https:\/\/hoyre.no\/content\/uploads\/sites\/259\/2026\/04\/615f76f7-05ba-4c94-a674-0a71eba6803e-768x576.jpg 768w, https:\/\/hoyre.no\/content\/uploads\/sites\/259\/2026\/04\/615f76f7-05ba-4c94-a674-0a71eba6803e-1536x1152.jpg 1536w, https:\/\/hoyre.no\/content\/uploads\/sites\/259\/2026\/04\/615f76f7-05ba-4c94-a674-0a71eba6803e.jpg 2048w\" sizes=\"auto, (max-width: 1024px) 100vw, 1024px\" \/><\/figure>\n\n\n\n<p><img loading=\"lazy\" decoding=\"async\" height=\"16\" width=\"16\" src=\"https:\/\/static.xx.fbcdn.net\/images\/emoji.php\/v9\/tf3\/1\/16\/1f539.png\" alt=\"\ud83d\udd39\">&nbsp;Jan Inge Hansen fra Harstad H\u00f8yre holdt et engasjerende og nyttig foredrag om egenberedskap. Her fikk vi konkrete tips til hva du b\u00f8r ha hjemme, hvordan vi kan forberede oss i praksis, og hva myndighetenes anbefalinger faktisk betyr i hverdagen. Han hadde med egne beredskapskasser og deler ut nyttige sjekklister til alle fremm\u00f8tte.<\/p>\n\n\n\n<div class=\"wp-block-teft-file icon-link-block\"><a href=\"https:\/\/hoyre.no\/content\/uploads\/sites\/259\/2026\/04\/Egenberedskap-Harstad-Hoyre-002.pdf\" download><span class=\"file-title\">Egenberedskap Harstad H\u00f8yre (002)<\/span><span class=\"file-name\"><\/span><\/a><\/div>\n\n\n\n<div class=\"wp-block-teft-accentuated-link undefined\"><div class=\"kf-link__wrapper\"><div class=\"kf-link__tagline\"><\/div><a class=\"kf-link__link\">Her er hele presentasjonen til Jan Inge<\/a><\/div><\/div>\n\n\n\n<div class=\"wp-block-hoyre-contacts alignwide\"><div class=\"hoyre-contacts__inner\"><\/div><\/div>\n\n\n\n<p><\/p>\n\n\n\n<p><\/p>\n\n\n\n<figure class=\"wp-block-image size-large\"><img loading=\"lazy\" decoding=\"async\" width=\"768\" height=\"1024\" src=\"https:\/\/hoyre.no\/content\/uploads\/sites\/259\/2026\/04\/2bb4c251-90c6-4646-9fa9-c3afe2632f1e-768x1024.jpg\" alt=\"\" class=\"wp-image-576\" srcset=\"https:\/\/hoyre.no\/content\/uploads\/sites\/259\/2026\/04\/2bb4c251-90c6-4646-9fa9-c3afe2632f1e-768x1024.jpg 768w, https:\/\/hoyre.no\/content\/uploads\/sites\/259\/2026\/04\/2bb4c251-90c6-4646-9fa9-c3afe2632f1e-225x300.jpg 225w, https:\/\/hoyre.no\/content\/uploads\/sites\/259\/2026\/04\/2bb4c251-90c6-4646-9fa9-c3afe2632f1e-1152x1536.jpg 1152w, https:\/\/hoyre.no\/content\/uploads\/sites\/259\/2026\/04\/2bb4c251-90c6-4646-9fa9-c3afe2632f1e.jpg 1536w\" sizes=\"auto, (max-width: 768px) 100vw, 768px\" \/><\/figure>\n\n\n\n<p><img loading=\"lazy\" decoding=\"async\" height=\"16\" width=\"16\" src=\"https:\/\/static.xx.fbcdn.net\/images\/emoji.php\/v9\/tf3\/1\/16\/1f539.png\" alt=\"\ud83d\udd39\">&nbsp;Jan Martin Skoglund, sikkerhets- og beredskapsleder i Harstad kommune, ga oss god innsikt i hvordan kommunen jobber med sikkerhet og beredskap. Vi fikk ogs\u00e5 vite hva kommunen har ansvar for \u2013 og ikke minst hva vi selv som innbygger b\u00f8r v\u00e6re forberedt p\u00e5 \u00e5 h\u00e5ndtere.<br><\/p>\n\n\n\n<figure class=\"wp-block-image size-large\"><img loading=\"lazy\" decoding=\"async\" width=\"768\" height=\"1024\" src=\"https:\/\/hoyre.no\/content\/uploads\/sites\/259\/2026\/04\/cdbe1324-8995-455f-9b15-a190a47fb52d-768x1024.jpg\" alt=\"\" class=\"wp-image-577\" srcset=\"https:\/\/hoyre.no\/content\/uploads\/sites\/259\/2026\/04\/cdbe1324-8995-455f-9b15-a190a47fb52d-768x1024.jpg 768w, https:\/\/hoyre.no\/content\/uploads\/sites\/259\/2026\/04\/cdbe1324-8995-455f-9b15-a190a47fb52d-225x300.jpg 225w, https:\/\/hoyre.no\/content\/uploads\/sites\/259\/2026\/04\/cdbe1324-8995-455f-9b15-a190a47fb52d-1152x1536.jpg 1152w, https:\/\/hoyre.no\/content\/uploads\/sites\/259\/2026\/04\/cdbe1324-8995-455f-9b15-a190a47fb52d.jpg 1536w\" sizes=\"auto, (max-width: 768px) 100vw, 768px\" \/><\/figure>\n\n\n<div class=\"tags\">\n\t<\/div>\n<div class=\"post-footer alignfull has-background block-editor-block-list__block\" data-align=full>\n\t<div class=\"post-footer-inner\">\n\t\t<h3>Relaterte artikler<\/h3>\n\t\t<div class=\"related-content\"><div class=\"is-card-hoyre\">\n\t<div class=\"teft-card hoyre-teft-card post-teft-card\">\n\t\t<a href=\"https:\/\/hoyre.no\/harstad\/aktuelt\/disse-onsker-a-stille-igjen-for-harstad-hoyre\/\" class=\"teft-card__primary-action\">\n\n\t\t\t<div class=\"teft-card__media teft-card__media--16-9 no-image\"><\/div>\n\t\t\t<div class=\"teft-card__content-wrapper\">\n\t\t\t\t<div class=\"teft-card__secondary\">\n\t\t\t\t\t\n\t\t\t\t\t\t\t\t<div class=\"teft-card__meta\">\n\t\t\t\t\t\t\t\t\t<span class=\"post-date\">24. apr 2026<\/span>\n\n\t\t\t\t\t\t\t\t\t\t\t\t\t\t\t\t\t<\/div>\n\t\t\t\t\t\t\t\t\t\t\t<\/div>\n\n\t\t\t\t<div class=\"teft-card__primary\">\n\t\t\t\t\t<h2 class=\"teft-card__title\">Disse \u00f8nsker \u00e5 stille igjen for Harstad H\u00f8yre&nbsp;<span class=\"teft-card__primary-title-append\"><\/span><\/h2>\t\t\t\t<\/div>\n\t\t\t<\/div>\n\t\t<\/a>\n\t<\/div>\n\n\t<\/div><div class=\"is-card-hoyre\">\n\t<div class=\"teft-card hoyre-teft-card post-teft-card\">\n\t\t<a href=\"https:\/\/hoyre.no\/harstad\/aktuelt\/kom-med-forslag\/\" class=\"teft-card__primary-action\">\n\n\t\t\t\t\t<div class=\"teft-card__media teft-card__media--16-9\">\n\t\t\t\t\t\t<img loading=\"lazy\" decoding=\"async\" width=\"768\" height=\"614\" src=\"https:\/\/hoyre.no\/content\/uploads\/sites\/259\/2026\/04\/nominasjonskomite-harstad-hoyre-768x614.png\" class=\"attachment-medium_large size-medium_large\" alt=\"Nominasjonskomite Harstad H\u00f8yre\" srcset=\"https:\/\/hoyre.no\/content\/uploads\/sites\/259\/2026\/04\/nominasjonskomite-harstad-hoyre-768x614.png 768w, https:\/\/hoyre.no\/content\/uploads\/sites\/259\/2026\/04\/nominasjonskomite-harstad-hoyre-300x240.png 300w, https:\/\/hoyre.no\/content\/uploads\/sites\/259\/2026\/04\/nominasjonskomite-harstad-hoyre-1024x819.png 1024w, https:\/\/hoyre.no\/content\/uploads\/sites\/259\/2026\/04\/nominasjonskomite-harstad-hoyre.png 1350w\" sizes=\"auto, (max-width: 768px) 100vw, 768px\" \/>\t\t<\/div>\n\t\t\n\t\t\t<div class=\"teft-card__content-wrapper\">\n\t\t\t\t<div class=\"teft-card__secondary\">\n\t\t\t\t\t\n\t\t\t\t\t\t\t\t<div class=\"teft-card__meta\">\n\t\t\t\t\t\t\t\t\t<span class=\"post-date\">24. apr 2026<\/span>\n\n\t\t\t\t\t\t\t\t\t\t\t\t\t\t\t\t\t<\/div>\n\t\t\t\t\t\t\t\t\t\t\t<\/div>\n\n\t\t\t\t<div class=\"teft-card__primary\">\n\t\t\t\t\t<h2 class=\"teft-card__title\">&#8211; Kom med forslag!&nbsp;<span class=\"teft-card__primary-title-append\"><\/span><\/h2>\t\t\t\t<\/div>\n\t\t\t<\/div>\n\t\t<\/a>\n\t<\/div>\n\n\t<\/div><div class=\"is-card-hoyre\">\n\t<div class=\"teft-card hoyre-teft-card post-teft-card\">\n\t\t<a href=\"https:\/\/hoyre.no\/harstad\/aktuelt\/nominasjons-prosess-kommunevalget\/\" class=\"teft-card__primary-action\">\n\n\t\t\t\t\t<div class=\"teft-card__media teft-card__media--16-9\">\n\t\t\t\t\t\t<img loading=\"lazy\" decoding=\"async\" width=\"768\" height=\"614\" src=\"https:\/\/hoyre.no\/content\/uploads\/sites\/259\/2026\/04\/nominasjonskomite-harstad-hoyre-768x614.png\" class=\"attachment-medium_large size-medium_large\" alt=\"Nominasjonskomite Harstad H\u00f8yre\" srcset=\"https:\/\/hoyre.no\/content\/uploads\/sites\/259\/2026\/04\/nominasjonskomite-harstad-hoyre-768x614.png 768w, https:\/\/hoyre.no\/content\/uploads\/sites\/259\/2026\/04\/nominasjonskomite-harstad-hoyre-300x240.png 300w, https:\/\/hoyre.no\/content\/uploads\/sites\/259\/2026\/04\/nominasjonskomite-harstad-hoyre-1024x819.png 1024w, https:\/\/hoyre.no\/content\/uploads\/sites\/259\/2026\/04\/nominasjonskomite-harstad-hoyre.png 1350w\" sizes=\"auto, (max-width: 768px) 100vw, 768px\" \/>\t\t<\/div>\n\t\t\n\t\t\t<div class=\"teft-card__content-wrapper\">\n\t\t\t\t<div class=\"teft-card__secondary\">\n\t\t\t\t\t\n\t\t\t\t\t\t\t\t<div class=\"teft-card__meta\">\n\t\t\t\t\t\t\t\t\t<span class=\"post-date\">9. apr 2026<\/span>\n\n\t\t\t\t\t\t\t\t\t<span class=\"post-category\">Ukategorisert<\/span>\t\t\t\t\t\t\t\t<\/div>\n\t\t\t\t\t\t\t\t\t\t\t<\/div>\n\n\t\t\t\t<div class=\"teft-card__primary\">\n\t\t\t\t\t<h2 class=\"teft-card__title\">Nominasjonsprosess kommunevalget&nbsp;<span class=\"teft-card__primary-title-append\"><\/span><\/h2>\t\t\t\t<\/div>\n\t\t\t<\/div>\n\t\t<\/a>\n\t<\/div>\n\n\t<\/div><\/div>\t<\/div>\n<\/div>\n","protected":false},"excerpt":{"rendered":"","protected":false},"author":13241,"featured_media":0,"comment_status":"closed","ping_status":"closed","sticky":false,"template":"","format":"standard","meta":{"teft_cards_image_url":"","teft_cards_custom_pretitle":"","teft_cards_image_id":578,"teft_cards_image_focal_point_x":0.5,"teft_cards_image_focal_point_y":0.5,"teft_cards_title":"","teft_cards_excerpt":"","teft_show_chapters":false,"author_display_name":"","footnotes":""},"category":[1],"post_tag":[],"hoyre-visibility":[],"article-type":[],"politician":[],"class_list":["post-575","post","type-post","status-publish","format-standard","hentry","category-ukategorisert"],"yoast_head":"<!-- This site is optimized with the Yoast SEO plugin v26.6 - https:\/\/yoast.com\/wordpress\/plugins\/seo\/ -->\n<title>Vellykket medlemsm\u00f8te - Harstad H\u00f8yre<\/title>\n<meta name=\"robots\" content=\"index, follow, max-snippet:-1, max-image-preview:large, max-video-preview:-1\" \/>\n<link rel=\"canonical\" href=\"https:\/\/hoyre.no\/harstad\/aktuelt\/medlemsmote\/\" \/>\n<meta property=\"og:locale\" content=\"nb_NO\" \/>\n<meta property=\"og:type\" content=\"article\" \/>\n<meta property=\"og:title\" content=\"Vellykket medlemsm\u00f8te - Harstad H\u00f8yre\" \/>\n<meta property=\"og:url\" content=\"https:\/\/hoyre.no\/harstad\/aktuelt\/medlemsmote\/\" \/>\n<meta property=\"og:site_name\" content=\"Harstad H\u00f8yre\" \/>\n<meta property=\"article:published_time\" content=\"2026-04-18T19:09:06+00:00\" \/>\n<meta property=\"article:modified_time\" content=\"2026-04-18T19:14:40+00:00\" \/>\n<meta property=\"og:image\" content=\"https:\/\/hoyre.no\/content\/uploads\/sites\/259\/2026\/04\/nominasjonskomite-harstad-hoyre-1024x819.png\" \/>\n<meta name=\"author\" content=\"H\u00e5kon R\u00f8nning Vahl\" \/>\n<meta name=\"twitter:card\" content=\"summary_large_image\" \/>\n<meta name=\"twitter:label1\" content=\"Skrevet av\" \/>\n\t<meta name=\"twitter:data1\" content=\"H\u00e5kon R\u00f8nning Vahl\" \/>\n\t<meta name=\"twitter:label2\" content=\"Ansl. lesetid\" \/>\n\t<meta name=\"twitter:data2\" content=\"2 minutter\" \/>\n<script type=\"application\/ld+json\" class=\"yoast-schema-graph\">{\"@context\":\"https:\/\/schema.org\",\"@graph\":[{\"@type\":\"NewsArticle\",\"@id\":\"https:\/\/hoyre.no\/harstad\/aktuelt\/medlemsmote\/\",\"url\":\"https:\/\/hoyre.no\/harstad\/aktuelt\/medlemsmote\/\",\"name\":\"Vellykket medlemsm\u00f8te - Harstad H\u00f8yre\",\"isPartOf\":{\"@id\":\"https:\/\/hoyre.no\/harstad\/#website\"},\"image\":{\"@id\":\"https:\/\/hoyre.no\/harstad\/aktuelt\/medlemsmote\/#primaryimage\"},\"thumbnailUrl\":\"https:\/\/hoyre.no\/content\/uploads\/sites\/259\/2026\/04\/615f76f7-05ba-4c94-a674-0a71eba6803e-1024x768.jpg\",\"datePublished\":\"2026-04-18T19:09:06+00:00\",\"dateModified\":\"2026-04-18T19:14:40+00:00\",\"author\":{\"@id\":\"https:\/\/hoyre.no\/harstad\/#\/schema\/person\/a5607801aa0d0e821821f278a0591355\"},\"breadcrumb\":{\"@id\":\"https:\/\/hoyre.no\/harstad\/aktuelt\/medlemsmote\/#breadcrumb\"},\"inLanguage\":\"nb-NO\",\"potentialAction\":[{\"@type\":\"ReadAction\",\"target\":[\"https:\/\/hoyre.no\/harstad\/aktuelt\/medlemsmote\/\"]}]},{\"@type\":\"ImageObject\",\"inLanguage\":\"nb-NO\",\"@id\":\"https:\/\/hoyre.no\/harstad\/aktuelt\/medlemsmote\/#primaryimage\",\"url\":\"https:\/\/hoyre.no\/content\/uploads\/sites\/259\/2026\/04\/615f76f7-05ba-4c94-a674-0a71eba6803e-1024x768.jpg\",\"contentUrl\":\"https:\/\/hoyre.no\/content\/uploads\/sites\/259\/2026\/04\/615f76f7-05ba-4c94-a674-0a71eba6803e-1024x768.jpg\"},{\"@type\":\"BreadcrumbList\",\"@id\":\"https:\/\/hoyre.no\/harstad\/aktuelt\/medlemsmote\/#breadcrumb\",\"itemListElement\":[{\"@type\":\"ListItem\",\"position\":1,\"name\":\"Til hoyre.no\",\"item\":\"https:\/\/hoyre.no\"},{\"@type\":\"ListItem\",\"position\":2,\"name\":\"Hjem\",\"item\":\"https:\/\/hoyre.no\/harstad\/\"},{\"@type\":\"ListItem\",\"position\":3,\"name\":\"Vellykket medlemsm\u00f8te\"}]},{\"@type\":\"WebSite\",\"@id\":\"https:\/\/hoyre.no\/harstad\/#website\",\"url\":\"https:\/\/hoyre.no\/harstad\/\",\"name\":\"Harstad H\u00f8yre\",\"description\":\"Bare enda et H\u00f8yres nettsteder-nettsted\",\"inLanguage\":\"nb-NO\"},{\"@type\":\"Person\",\"@id\":\"https:\/\/hoyre.no\/harstad\/#\/schema\/person\/a5607801aa0d0e821821f278a0591355\",\"name\":\"H\u00e5kon R\u00f8nning Vahl\",\"image\":{\"@type\":\"ImageObject\",\"inLanguage\":\"nb-NO\",\"@id\":\"https:\/\/hoyre.no\/harstad\/#\/schema\/person\/image\/\",\"url\":\"https:\/\/secure.gravatar.com\/avatar\/4107bf455d3e404b174f400a38b63e985c38d3d5f5eb32cf1afb074d8516e7a4?s=96&d=mm&r=g\",\"contentUrl\":\"https:\/\/secure.gravatar.com\/avatar\/4107bf455d3e404b174f400a38b63e985c38d3d5f5eb32cf1afb074d8516e7a4?s=96&d=mm&r=g\",\"caption\":\"H\u00e5kon R\u00f8nning Vahl\"},\"url\":\"https:\/\/hoyre.no\/harstad\/aktuelt\/author\/m51859882\/\"}]}<\/script>\n<!-- \/ Yoast SEO plugin. -->","yoast_head_json":{"title":"Vellykket medlemsm\u00f8te - Harstad H\u00f8yre","robots":{"index":"index","follow":"follow","max-snippet":"max-snippet:-1","max-image-preview":"max-image-preview:large","max-video-preview":"max-video-preview:-1"},"canonical":"https:\/\/hoyre.no\/harstad\/aktuelt\/medlemsmote\/","og_locale":"nb_NO","og_type":"article","og_title":"Vellykket medlemsm\u00f8te - Harstad H\u00f8yre","og_url":"https:\/\/hoyre.no\/harstad\/aktuelt\/medlemsmote\/","og_site_name":"Harstad H\u00f8yre","article_published_time":"2026-04-18T19:09:06+00:00","article_modified_time":"2026-04-18T19:14:40+00:00","og_image":[{"url":"https:\/\/hoyre.no\/content\/uploads\/sites\/259\/2026\/04\/nominasjonskomite-harstad-hoyre-1024x819.png","width":"","height":"","type":""}],"author":"H\u00e5kon R\u00f8nning Vahl","twitter_card":"summary_large_image","twitter_misc":{"Skrevet av":"H\u00e5kon R\u00f8nning Vahl","Ansl. lesetid":"2 minutter"},"schema":{"@context":"https:\/\/schema.org","@graph":[{"@type":"NewsArticle","@id":"https:\/\/hoyre.no\/harstad\/aktuelt\/medlemsmote\/","url":"https:\/\/hoyre.no\/harstad\/aktuelt\/medlemsmote\/","name":"Vellykket medlemsm\u00f8te - Harstad H\u00f8yre","isPartOf":{"@id":"https:\/\/hoyre.no\/harstad\/#website"},"image":{"@id":"https:\/\/hoyre.no\/harstad\/aktuelt\/medlemsmote\/#primaryimage"},"thumbnailUrl":"https:\/\/hoyre.no\/content\/uploads\/sites\/259\/2026\/04\/615f76f7-05ba-4c94-a674-0a71eba6803e-1024x768.jpg","datePublished":"2026-04-18T19:09:06+00:00","dateModified":"2026-04-18T19:14:40+00:00","author":{"@id":"https:\/\/hoyre.no\/harstad\/#\/schema\/person\/a5607801aa0d0e821821f278a0591355"},"breadcrumb":{"@id":"https:\/\/hoyre.no\/harstad\/aktuelt\/medlemsmote\/#breadcrumb"},"inLanguage":"nb-NO","potentialAction":[{"@type":"ReadAction","target":["https:\/\/hoyre.no\/harstad\/aktuelt\/medlemsmote\/"]}]},{"@type":"ImageObject","inLanguage":"nb-NO","@id":"https:\/\/hoyre.no\/harstad\/aktuelt\/medlemsmote\/#primaryimage","url":"https:\/\/hoyre.no\/content\/uploads\/sites\/259\/2026\/04\/615f76f7-05ba-4c94-a674-0a71eba6803e-1024x768.jpg","contentUrl":"https:\/\/hoyre.no\/content\/uploads\/sites\/259\/2026\/04\/615f76f7-05ba-4c94-a674-0a71eba6803e-1024x768.jpg"},{"@type":"BreadcrumbList","@id":"https:\/\/hoyre.no\/harstad\/aktuelt\/medlemsmote\/#breadcrumb","itemListElement":[{"@type":"ListItem","position":1,"name":"Til hoyre.no","item":"https:\/\/hoyre.no"},{"@type":"ListItem","position":2,"name":"Hjem","item":"https:\/\/hoyre.no\/harstad\/"},{"@type":"ListItem","position":3,"name":"Vellykket medlemsm\u00f8te"}]},{"@type":"WebSite","@id":"https:\/\/hoyre.no\/harstad\/#website","url":"https:\/\/hoyre.no\/harstad\/","name":"Harstad H\u00f8yre","description":"Bare enda et H\u00f8yres nettsteder-nettsted","inLanguage":"nb-NO"},{"@type":"Person","@id":"https:\/\/hoyre.no\/harstad\/#\/schema\/person\/a5607801aa0d0e821821f278a0591355","name":"H\u00e5kon R\u00f8nning Vahl","image":{"@type":"ImageObject","inLanguage":"nb-NO","@id":"https:\/\/hoyre.no\/harstad\/#\/schema\/person\/image\/","url":"https:\/\/secure.gravatar.com\/avatar\/4107bf455d3e404b174f400a38b63e985c38d3d5f5eb32cf1afb074d8516e7a4?s=96&d=mm&r=g","contentUrl":"https:\/\/secure.gravatar.com\/avatar\/4107bf455d3e404b174f400a38b63e985c38d3d5f5eb32cf1afb074d8516e7a4?s=96&d=mm&r=g","caption":"H\u00e5kon R\u00f8nning Vahl"},"url":"https:\/\/hoyre.no\/harstad\/aktuelt\/author\/m51859882\/"}]}},"distributor_meta":false,"distributor_terms":false,"distributor_media":false,"distributor_original_site_name":"Harstad H\u00f8yre","distributor_original_site_url":"https:\/\/hoyre.no\/harstad","push-errors":false,"_links":{"self":[{"href":"https:\/\/hoyre.no\/harstad\/wp-json\/wp\/v2\/posts\/575","targetHints":{"allow":["GET"]}}],"collection":[{"href":"https:\/\/hoyre.no\/harstad\/wp-json\/wp\/v2\/posts"}],"about":[{"href":"https:\/\/hoyre.no\/harstad\/wp-json\/wp\/v2\/types\/post"}],"author":[{"embeddable":true,"href":"https:\/\/hoyre.no\/harstad\/wp-json\/wp\/v2\/users\/13241"}],"replies":[{"embeddable":true,"href":"https:\/\/hoyre.no\/harstad\/wp-json\/wp\/v2\/comments?post=575"}],"version-history":[{"count":4,"href":"https:\/\/hoyre.no\/harstad\/wp-json\/wp\/v2\/posts\/575\/revisions"}],"predecessor-version":[{"id":584,"href":"https:\/\/hoyre.no\/harstad\/wp-json\/wp\/v2\/posts\/575\/revisions\/584"}],"wp:attachment":[{"href":"https:\/\/hoyre.no\/harstad\/wp-json\/wp\/v2\/media?parent=575"}],"wp:term":[{"taxonomy":"category","embeddable":true,"href":"https:\/\/hoyre.no\/harstad\/wp-json\/wp\/v2\/category?post=575"},{"taxonomy":"post_tag","embeddable":true,"href":"https:\/\/hoyre.no\/harstad\/wp-json\/wp\/v2\/post_tag?post=575"},{"taxonomy":"hoyre-visibility","embeddable":true,"href":"https:\/\/hoyre.no\/harstad\/wp-json\/wp\/v2\/hoyre-visibility?post=575"},{"taxonomy":"article-type","embeddable":true,"href":"https:\/\/hoyre.no\/harstad\/wp-json\/wp\/v2\/article-type?post=575"},{"taxonomy":"politician","embeddable":true,"href":"https:\/\/hoyre.no\/harstad\/wp-json\/wp\/v2\/politician?post=575"}],"curies":[{"name":"wp","href":"https:\/\/api.w.org\/{rel}","templated":true}]}}