{"id":589,"date":"2026-04-24T16:25:37","date_gmt":"2026-04-24T14:25:37","guid":{"rendered":"https:\/\/hoyre.no\/harstad\/?p=589"},"modified":"2026-04-24T16:26:32","modified_gmt":"2026-04-24T14:26:32","slug":"disse-onsker-a-stille-igjen-for-harstad-hoyre","status":"publish","type":"post","link":"https:\/\/hoyre.no\/harstad\/aktuelt\/disse-onsker-a-stille-igjen-for-harstad-hoyre\/","title":{"rendered":"Disse \u00f8nsker \u00e5 stille igjen for Harstad H\u00f8yre"},"content":{"rendered":"\n<p class=\"preamble\">I forbindelse med nominasjonsprosessen fram mot kommunevalget 2027 har Harstad H\u00f8yre kartlagt hvem av dagens kandidater som \u00f8nsker \u00e5 stille til valg for en ny periode i kommunestyret 2027\u20132031.<\/p>\t\t\t<div class=\"post-meta wp-block teft-byline-wrapper\">\n\t\t\t\t<div class=\"top\">\n\t\t\t\t\t<div class=\"signature\">\n\t\t\t\t\t\t<div class=\"teft-byline\">\n\t\t\t\t\t\t\t\t\t\t\t\t\t\t<div>\n\t\t\t\t\t\t\t\t<h3>H\u00f8yres redaksjon<\/h3>\t\t\t\t\t\t\t\t\n\t\t\t\t\t\t\t\t\t\t\t\t\t\t\t\t\t<span class=\"date\">Sist oppdatert: 24. april 2026<\/span>\n\t\t\t\t\t\t\t\t\t\t\t\t\t\t\t\t\t\t\t\t\t\t\t\t\t<span class=\"reading-time\" itemprop=\"timeRequired\" content=\"PT1M\"><em>Ca. 1 minutter lesetid<\/em><\/span>\n\t\t\t\t\t\t\t\t\t\t\t\t\t\t\t<\/div>\n\t\t\t\t\t\t<\/div>\n\t\t\t\t\t<\/div>\n\t\t\t\t\t\t<div class=\"sharing\">\n\t\t<a class=\"share-button share-link copy-link\" data-copy=\"https:\/\/hoyre.no\/harstad\/aktuelt\/disse-onsker-a-stille-igjen-for-harstad-hoyre\/\" target=\"_blank\"><span class=\"screen-reader-text\">Del link<\/span><\/a>\n\t\t<a class=\"share-button share-twitter\" href=\"http:\/\/twitter.com\/share?text=Disse \u00f8nsker \u00e5 stille igjen for Harstad H\u00f8yre&#038;url=https:\/\/hoyre.no\/harstad\/aktuelt\/disse-onsker-a-stille-igjen-for-harstad-hoyre\/&#038;hashtags=Hoyre\" target=\"_blank\"><span class=\"screen-reader-text\">Del p\u00e5 twitter<\/span><\/a>\n\t\t<a class=\"share-button share-facebook\" href=\"https:\/\/www.facebook.com\/sharer\/sharer.php?u=https:\/\/hoyre.no\/harstad\/aktuelt\/disse-onsker-a-stille-igjen-for-harstad-hoyre\/\" target=\"_blank\"><span class=\"screen-reader-text\">Del p\u00e5 facebook<\/span><\/a>\n\t<\/div>\n\t\t\t\t\t<\/div>\n\t\t\t<\/div>\n\n\t\t\t<figure class=\"hoyre-image-wrapper\"><div class=\"hoyre-image\"><img loading=\"lazy\" decoding=\"async\" width=\"1000\" height=\"1000\" src=\"https:\/\/hoyre.no\/content\/uploads\/sites\/259\/2022\/11\/Hoyres-logo.png\" class=\"attachment-scaled size-scaled\" alt=\"\" style=\"object-position: 50% 50%\" srcset=\"https:\/\/hoyre.no\/content\/uploads\/sites\/259\/2022\/11\/Hoyres-logo.png 1000w, https:\/\/hoyre.no\/content\/uploads\/sites\/259\/2022\/11\/Hoyres-logo-300x300.png 300w, https:\/\/hoyre.no\/content\/uploads\/sites\/259\/2022\/11\/Hoyres-logo-150x150.png 150w, https:\/\/hoyre.no\/content\/uploads\/sites\/259\/2022\/11\/Hoyres-logo-768x768.png 768w\" sizes=\"auto, (max-width: 1000px) 100vw, 1000px\" \/><\/div><\/figure>\n\n\n\n\n<p><\/p>\n\n\n\n<p>Oversikten publiseres som ledd i en \u00e5pen og ryddig nominasjonsprosess. Den inneb\u00e6rer ingen forh\u00e5ndsrangering eller garanti for plass p\u00e5 valglisten. Den endelige nominasjonen gjennomf\u00f8res av Harstad H\u00f8yres nominasjonskomit\u00e9 og vedtas i tr\u00e5d med partiets vedtekter.<\/p>\n\n\n\n<h3 class=\"wp-block-heading\">Kandidater som har meldt at de \u00f8nsker \u00e5 stille igjen<\/h3>\n\n\n\n<figure class=\"wp-block-table\"><table class=\"has-fixed-layout\"><tbody><tr><th>Navn<\/th><\/tr><tr><td>Julie Solfjell<\/td><\/tr><tr><td>Rune Stenstr\u00f8m<\/td><\/tr><tr><td>Nina Dons\u2011Hansen<\/td><\/tr><tr><td>Harald Alstad<\/td><\/tr><tr><td>Marie Modal<\/td><\/tr><tr><td>Monica Mathiassen<\/td><\/tr><tr><td>Roger Rasmussen<\/td><\/tr><tr><td>Jan Inge Hansen<\/td><\/tr><tr><td>J\u00f8rn Norvald Johansen<\/td><\/tr><tr><td>Janne Cecilie Johansen Igeland<\/td><\/tr><\/tbody><\/table><\/figure>\n\n\n\n<h3 class=\"wp-block-heading\">Kandidater som har gitt beskjed om at de ikke \u00f8nsker \u00e5 bli nominert<\/h3>\n\n\n\n<figure class=\"wp-block-table\"><table class=\"has-fixed-layout\"><tbody><tr><th>Navn<\/th><\/tr><tr><td>Elisabeth Vollstad Moe<\/td><\/tr><tr><td>Ben Maurangsnes Furhovden<\/td><\/tr><tr><td>Linn\u2011Elise Marjala Pedersen<\/td><\/tr><tr><td>Mohammad Mahmoud Talaa<\/td><\/tr><tr><td>Edvard Amundsen Mustaparta<\/td><\/tr><tr><td>Ninni Birgitta Torbl\u00e5 Korsmo<\/td><\/tr><tr><td>Britt Skinstad Nordlund<\/td><\/tr><\/tbody><\/table><\/figure>\n\n\n\n<p>Harstad H\u00f8yre minner samtidig om at nominasjonsprosessen er \u00e5pen, og oppfordrer medlemmer og sympatis\u00f8rer til \u00e5 komme med forslag til&nbsp;<strong>nye kandidater<\/strong>&nbsp;til valglisten for perioden 2027\u20132031.<\/p>\n\n\n\n<p>\ud83d\udc49\u00a0<em>Les mer om hvordan du kan spille inn forslag til kandidater her:<\/em>\u00a0<a href=\"https:\/\/hoyre.no\/harstad\/wp-admin\/post.php?post=586&amp;action=edit\">Kom med forslag!<\/a><\/p>\n\n\n<div class=\"tags\">\n\t<\/div>\n<div class=\"post-footer alignfull has-background block-editor-block-list__block\" data-align=full>\n\t<div class=\"post-footer-inner\">\n\t\t<h3>Relaterte artikler<\/h3>\n\t\t<div class=\"related-content\"><div class=\"is-card-hoyre\">\n\t<div class=\"teft-card hoyre-teft-card post-teft-card\">\n\t\t<a href=\"https:\/\/hoyre.no\/harstad\/aktuelt\/kom-med-forslag\/\" class=\"teft-card__primary-action\">\n\n\t\t\t\t\t<div class=\"teft-card__media teft-card__media--16-9\">\n\t\t\t\t\t\t<img loading=\"lazy\" decoding=\"async\" width=\"768\" height=\"614\" src=\"https:\/\/hoyre.no\/content\/uploads\/sites\/259\/2026\/04\/nominasjonskomite-harstad-hoyre-768x614.png\" class=\"attachment-medium_large size-medium_large\" alt=\"Nominasjonskomite Harstad H\u00f8yre\" srcset=\"https:\/\/hoyre.no\/content\/uploads\/sites\/259\/2026\/04\/nominasjonskomite-harstad-hoyre-768x614.png 768w, https:\/\/hoyre.no\/content\/uploads\/sites\/259\/2026\/04\/nominasjonskomite-harstad-hoyre-300x240.png 300w, https:\/\/hoyre.no\/content\/uploads\/sites\/259\/2026\/04\/nominasjonskomite-harstad-hoyre-1024x819.png 1024w, https:\/\/hoyre.no\/content\/uploads\/sites\/259\/2026\/04\/nominasjonskomite-harstad-hoyre.png 1350w\" sizes=\"auto, (max-width: 768px) 100vw, 768px\" \/>\t\t<\/div>\n\t\t\n\t\t\t<div class=\"teft-card__content-wrapper\">\n\t\t\t\t<div class=\"teft-card__secondary\">\n\t\t\t\t\t\n\t\t\t\t\t\t\t\t<div class=\"teft-card__meta\">\n\t\t\t\t\t\t\t\t\t<span class=\"post-date\">24. apr 2026<\/span>\n\n\t\t\t\t\t\t\t\t\t\t\t\t\t\t\t\t\t<\/div>\n\t\t\t\t\t\t\t\t\t\t\t<\/div>\n\n\t\t\t\t<div class=\"teft-card__primary\">\n\t\t\t\t\t<h2 class=\"teft-card__title\">&#8211; Kom med forslag!&nbsp;<span class=\"teft-card__primary-title-append\"><\/span><\/h2>\t\t\t\t<\/div>\n\t\t\t<\/div>\n\t\t<\/a>\n\t<\/div>\n\n\t<\/div><div class=\"is-card-hoyre\">\n\t<div class=\"teft-card hoyre-teft-card post-teft-card\">\n\t\t<a href=\"https:\/\/hoyre.no\/harstad\/aktuelt\/medlemsmote\/\" class=\"teft-card__primary-action\">\n\n\t\t\t\t\t<div class=\"teft-card__media teft-card__media--16-9\">\n\t\t\t\t\t\t<img loading=\"lazy\" decoding=\"async\" width=\"768\" height=\"576\" src=\"https:\/\/hoyre.no\/content\/uploads\/sites\/259\/2026\/04\/615f76f7-05ba-4c94-a674-0a71eba6803e-768x576.jpg\" class=\"attachment-medium_large size-medium_large\" alt=\"\" srcset=\"https:\/\/hoyre.no\/content\/uploads\/sites\/259\/2026\/04\/615f76f7-05ba-4c94-a674-0a71eba6803e-768x576.jpg 768w, https:\/\/hoyre.no\/content\/uploads\/sites\/259\/2026\/04\/615f76f7-05ba-4c94-a674-0a71eba6803e-300x225.jpg 300w, https:\/\/hoyre.no\/content\/uploads\/sites\/259\/2026\/04\/615f76f7-05ba-4c94-a674-0a71eba6803e-1024x768.jpg 1024w, https:\/\/hoyre.no\/content\/uploads\/sites\/259\/2026\/04\/615f76f7-05ba-4c94-a674-0a71eba6803e-1536x1152.jpg 1536w, https:\/\/hoyre.no\/content\/uploads\/sites\/259\/2026\/04\/615f76f7-05ba-4c94-a674-0a71eba6803e.jpg 2048w\" sizes=\"auto, (max-width: 768px) 100vw, 768px\" \/>\t\t<\/div>\n\t\t\n\t\t\t<div class=\"teft-card__content-wrapper\">\n\t\t\t\t<div class=\"teft-card__secondary\">\n\t\t\t\t\t\n\t\t\t\t\t\t\t\t<div class=\"teft-card__meta\">\n\t\t\t\t\t\t\t\t\t<span class=\"post-date\">18. apr 2026<\/span>\n\n\t\t\t\t\t\t\t\t\t\t\t\t\t\t\t\t\t<\/div>\n\t\t\t\t\t\t\t\t\t\t\t<\/div>\n\n\t\t\t\t<div class=\"teft-card__primary\">\n\t\t\t\t\t<h2 class=\"teft-card__title\">Vellykket medlemsm\u00f8te&nbsp;<span class=\"teft-card__primary-title-append\"><\/span><\/h2>\t\t\t\t<\/div>\n\t\t\t<\/div>\n\t\t<\/a>\n\t<\/div>\n\n\t<\/div><div class=\"is-card-hoyre\">\n\t<div class=\"teft-card hoyre-teft-card post-teft-card\">\n\t\t<a href=\"https:\/\/hoyre.no\/harstad\/aktuelt\/nominasjons-prosess-kommunevalget\/\" class=\"teft-card__primary-action\">\n\n\t\t\t\t\t<div class=\"teft-card__media teft-card__media--16-9\">\n\t\t\t\t\t\t<img loading=\"lazy\" decoding=\"async\" width=\"768\" height=\"614\" src=\"https:\/\/hoyre.no\/content\/uploads\/sites\/259\/2026\/04\/nominasjonskomite-harstad-hoyre-768x614.png\" class=\"attachment-medium_large size-medium_large\" alt=\"Nominasjonskomite Harstad H\u00f8yre\" srcset=\"https:\/\/hoyre.no\/content\/uploads\/sites\/259\/2026\/04\/nominasjonskomite-harstad-hoyre-768x614.png 768w, https:\/\/hoyre.no\/content\/uploads\/sites\/259\/2026\/04\/nominasjonskomite-harstad-hoyre-300x240.png 300w, https:\/\/hoyre.no\/content\/uploads\/sites\/259\/2026\/04\/nominasjonskomite-harstad-hoyre-1024x819.png 1024w, https:\/\/hoyre.no\/content\/uploads\/sites\/259\/2026\/04\/nominasjonskomite-harstad-hoyre.png 1350w\" sizes=\"auto, (max-width: 768px) 100vw, 768px\" \/>\t\t<\/div>\n\t\t\n\t\t\t<div class=\"teft-card__content-wrapper\">\n\t\t\t\t<div class=\"teft-card__secondary\">\n\t\t\t\t\t\n\t\t\t\t\t\t\t\t<div class=\"teft-card__meta\">\n\t\t\t\t\t\t\t\t\t<span class=\"post-date\">9. apr 2026<\/span>\n\n\t\t\t\t\t\t\t\t\t<span class=\"post-category\">Ukategorisert<\/span>\t\t\t\t\t\t\t\t<\/div>\n\t\t\t\t\t\t\t\t\t\t\t<\/div>\n\n\t\t\t\t<div class=\"teft-card__primary\">\n\t\t\t\t\t<h2 class=\"teft-card__title\">Nominasjonsprosess kommunevalget&nbsp;<span class=\"teft-card__primary-title-append\"><\/span><\/h2>\t\t\t\t<\/div>\n\t\t\t<\/div>\n\t\t<\/a>\n\t<\/div>\n\n\t<\/div><\/div>\t<\/div>\n<\/div>\n","protected":false},"excerpt":{"rendered":"","protected":false},"author":36686,"featured_media":0,"comment_status":"closed","ping_status":"closed","sticky":false,"template":"","format":"standard","meta":{"teft_cards_image_url":"","teft_cards_custom_pretitle":"","teft_cards_image_id":0,"teft_cards_image_focal_point_x":0,"teft_cards_image_focal_point_y":0,"teft_cards_title":"","teft_cards_excerpt":"","teft_show_chapters":false,"author_display_name":"","footnotes":""},"category":[1],"post_tag":[],"hoyre-visibility":[],"article-type":[],"politician":[],"class_list":["post-589","post","type-post","status-publish","format-standard","hentry","category-ukategorisert"],"yoast_head":"<!-- This site is optimized with the Yoast SEO plugin v26.6 - https:\/\/yoast.com\/wordpress\/plugins\/seo\/ -->\n<title>Disse \u00f8nsker \u00e5 stille igjen for Harstad H\u00f8yre - Harstad H\u00f8yre<\/title>\n<meta name=\"robots\" content=\"index, follow, max-snippet:-1, max-image-preview:large, max-video-preview:-1\" \/>\n<link rel=\"canonical\" href=\"https:\/\/hoyre.no\/harstad\/aktuelt\/disse-onsker-a-stille-igjen-for-harstad-hoyre\/\" \/>\n<meta property=\"og:locale\" content=\"nb_NO\" \/>\n<meta property=\"og:type\" content=\"article\" \/>\n<meta property=\"og:title\" content=\"Disse \u00f8nsker \u00e5 stille igjen for Harstad H\u00f8yre - Harstad H\u00f8yre\" \/>\n<meta property=\"og:url\" content=\"https:\/\/hoyre.no\/harstad\/aktuelt\/disse-onsker-a-stille-igjen-for-harstad-hoyre\/\" \/>\n<meta property=\"og:site_name\" content=\"Harstad H\u00f8yre\" \/>\n<meta property=\"article:published_time\" content=\"2026-04-24T14:25:37+00:00\" \/>\n<meta property=\"article:modified_time\" content=\"2026-04-24T14:26:32+00:00\" \/>\n<meta property=\"og:image\" content=\"https:\/\/hoyre.no\/content\/uploads\/sites\/259\/2026\/04\/nominasjonskomite-harstad-hoyre-1024x819.png\" \/>\n<meta name=\"author\" content=\"Victoria Bakken\" \/>\n<meta name=\"twitter:card\" content=\"summary_large_image\" \/>\n<meta name=\"twitter:label1\" content=\"Skrevet av\" \/>\n\t<meta name=\"twitter:data1\" content=\"Victoria Bakken\" \/>\n\t<meta name=\"twitter:label2\" content=\"Ansl. lesetid\" \/>\n\t<meta name=\"twitter:data2\" content=\"2 minutter\" \/>\n<script type=\"application\/ld+json\" class=\"yoast-schema-graph\">{\"@context\":\"https:\/\/schema.org\",\"@graph\":[{\"@type\":\"NewsArticle\",\"@id\":\"https:\/\/hoyre.no\/harstad\/aktuelt\/disse-onsker-a-stille-igjen-for-harstad-hoyre\/\",\"url\":\"https:\/\/hoyre.no\/harstad\/aktuelt\/disse-onsker-a-stille-igjen-for-harstad-hoyre\/\",\"name\":\"Disse \u00f8nsker \u00e5 stille igjen for Harstad H\u00f8yre - Harstad H\u00f8yre\",\"isPartOf\":{\"@id\":\"https:\/\/hoyre.no\/harstad\/#website\"},\"datePublished\":\"2026-04-24T14:25:37+00:00\",\"dateModified\":\"2026-04-24T14:26:32+00:00\",\"author\":{\"@id\":\"https:\/\/hoyre.no\/harstad\/#\/schema\/person\/62461c8b5df1f97d8aaaccbf1bdac980\"},\"breadcrumb\":{\"@id\":\"https:\/\/hoyre.no\/harstad\/aktuelt\/disse-onsker-a-stille-igjen-for-harstad-hoyre\/#breadcrumb\"},\"inLanguage\":\"nb-NO\",\"potentialAction\":[{\"@type\":\"ReadAction\",\"target\":[\"https:\/\/hoyre.no\/harstad\/aktuelt\/disse-onsker-a-stille-igjen-for-harstad-hoyre\/\"]}]},{\"@type\":\"BreadcrumbList\",\"@id\":\"https:\/\/hoyre.no\/harstad\/aktuelt\/disse-onsker-a-stille-igjen-for-harstad-hoyre\/#breadcrumb\",\"itemListElement\":[{\"@type\":\"ListItem\",\"position\":1,\"name\":\"Til hoyre.no\",\"item\":\"https:\/\/hoyre.no\"},{\"@type\":\"ListItem\",\"position\":2,\"name\":\"Hjem\",\"item\":\"https:\/\/hoyre.no\/harstad\/\"},{\"@type\":\"ListItem\",\"position\":3,\"name\":\"Disse \u00f8nsker \u00e5 stille igjen for Harstad H\u00f8yre\"}]},{\"@type\":\"WebSite\",\"@id\":\"https:\/\/hoyre.no\/harstad\/#website\",\"url\":\"https:\/\/hoyre.no\/harstad\/\",\"name\":\"Harstad H\u00f8yre\",\"description\":\"Bare enda et H\u00f8yres nettsteder-nettsted\",\"inLanguage\":\"nb-NO\"},{\"@type\":\"Person\",\"@id\":\"https:\/\/hoyre.no\/harstad\/#\/schema\/person\/62461c8b5df1f97d8aaaccbf1bdac980\",\"name\":\"Victoria Bakken\",\"image\":{\"@type\":\"ImageObject\",\"inLanguage\":\"nb-NO\",\"@id\":\"https:\/\/hoyre.no\/harstad\/#\/schema\/person\/image\/\",\"url\":\"https:\/\/secure.gravatar.com\/avatar\/3ddd1fbd350997d2d3aa87a817792add4dff2331af7b8c46ce765f13cabf9605?s=96&d=mm&r=g\",\"contentUrl\":\"https:\/\/secure.gravatar.com\/avatar\/3ddd1fbd350997d2d3aa87a817792add4dff2331af7b8c46ce765f13cabf9605?s=96&d=mm&r=g\",\"caption\":\"Victoria Bakken\"},\"url\":\"https:\/\/hoyre.no\/harstad\/aktuelt\/author\/m52166634\/\"}]}<\/script>\n<!-- \/ Yoast SEO plugin. -->","yoast_head_json":{"title":"Disse \u00f8nsker \u00e5 stille igjen for Harstad H\u00f8yre - Harstad H\u00f8yre","robots":{"index":"index","follow":"follow","max-snippet":"max-snippet:-1","max-image-preview":"max-image-preview:large","max-video-preview":"max-video-preview:-1"},"canonical":"https:\/\/hoyre.no\/harstad\/aktuelt\/disse-onsker-a-stille-igjen-for-harstad-hoyre\/","og_locale":"nb_NO","og_type":"article","og_title":"Disse \u00f8nsker \u00e5 stille igjen for Harstad H\u00f8yre - Harstad H\u00f8yre","og_url":"https:\/\/hoyre.no\/harstad\/aktuelt\/disse-onsker-a-stille-igjen-for-harstad-hoyre\/","og_site_name":"Harstad H\u00f8yre","article_published_time":"2026-04-24T14:25:37+00:00","article_modified_time":"2026-04-24T14:26:32+00:00","og_image":[{"url":"https:\/\/hoyre.no\/content\/uploads\/sites\/259\/2026\/04\/nominasjonskomite-harstad-hoyre-1024x819.png","width":"","height":"","type":""}],"author":"Victoria Bakken","twitter_card":"summary_large_image","twitter_misc":{"Skrevet av":"Victoria Bakken","Ansl. lesetid":"2 minutter"},"schema":{"@context":"https:\/\/schema.org","@graph":[{"@type":"NewsArticle","@id":"https:\/\/hoyre.no\/harstad\/aktuelt\/disse-onsker-a-stille-igjen-for-harstad-hoyre\/","url":"https:\/\/hoyre.no\/harstad\/aktuelt\/disse-onsker-a-stille-igjen-for-harstad-hoyre\/","name":"Disse \u00f8nsker \u00e5 stille igjen for Harstad H\u00f8yre - Harstad H\u00f8yre","isPartOf":{"@id":"https:\/\/hoyre.no\/harstad\/#website"},"datePublished":"2026-04-24T14:25:37+00:00","dateModified":"2026-04-24T14:26:32+00:00","author":{"@id":"https:\/\/hoyre.no\/harstad\/#\/schema\/person\/62461c8b5df1f97d8aaaccbf1bdac980"},"breadcrumb":{"@id":"https:\/\/hoyre.no\/harstad\/aktuelt\/disse-onsker-a-stille-igjen-for-harstad-hoyre\/#breadcrumb"},"inLanguage":"nb-NO","potentialAction":[{"@type":"ReadAction","target":["https:\/\/hoyre.no\/harstad\/aktuelt\/disse-onsker-a-stille-igjen-for-harstad-hoyre\/"]}]},{"@type":"BreadcrumbList","@id":"https:\/\/hoyre.no\/harstad\/aktuelt\/disse-onsker-a-stille-igjen-for-harstad-hoyre\/#breadcrumb","itemListElement":[{"@type":"ListItem","position":1,"name":"Til hoyre.no","item":"https:\/\/hoyre.no"},{"@type":"ListItem","position":2,"name":"Hjem","item":"https:\/\/hoyre.no\/harstad\/"},{"@type":"ListItem","position":3,"name":"Disse \u00f8nsker \u00e5 stille igjen for Harstad H\u00f8yre"}]},{"@type":"WebSite","@id":"https:\/\/hoyre.no\/harstad\/#website","url":"https:\/\/hoyre.no\/harstad\/","name":"Harstad H\u00f8yre","description":"Bare enda et H\u00f8yres nettsteder-nettsted","inLanguage":"nb-NO"},{"@type":"Person","@id":"https:\/\/hoyre.no\/harstad\/#\/schema\/person\/62461c8b5df1f97d8aaaccbf1bdac980","name":"Victoria Bakken","image":{"@type":"ImageObject","inLanguage":"nb-NO","@id":"https:\/\/hoyre.no\/harstad\/#\/schema\/person\/image\/","url":"https:\/\/secure.gravatar.com\/avatar\/3ddd1fbd350997d2d3aa87a817792add4dff2331af7b8c46ce765f13cabf9605?s=96&d=mm&r=g","contentUrl":"https:\/\/secure.gravatar.com\/avatar\/3ddd1fbd350997d2d3aa87a817792add4dff2331af7b8c46ce765f13cabf9605?s=96&d=mm&r=g","caption":"Victoria Bakken"},"url":"https:\/\/hoyre.no\/harstad\/aktuelt\/author\/m52166634\/"}]}},"distributor_meta":false,"distributor_terms":false,"distributor_media":false,"distributor_original_site_name":"Harstad H\u00f8yre","distributor_original_site_url":"https:\/\/hoyre.no\/harstad","push-errors":false,"_links":{"self":[{"href":"https:\/\/hoyre.no\/harstad\/wp-json\/wp\/v2\/posts\/589","targetHints":{"allow":["GET"]}}],"collection":[{"href":"https:\/\/hoyre.no\/harstad\/wp-json\/wp\/v2\/posts"}],"about":[{"href":"https:\/\/hoyre.no\/harstad\/wp-json\/wp\/v2\/types\/post"}],"author":[{"embeddable":true,"href":"https:\/\/hoyre.no\/harstad\/wp-json\/wp\/v2\/users\/36686"}],"replies":[{"embeddable":true,"href":"https:\/\/hoyre.no\/harstad\/wp-json\/wp\/v2\/comments?post=589"}],"version-history":[{"count":3,"href":"https:\/\/hoyre.no\/harstad\/wp-json\/wp\/v2\/posts\/589\/revisions"}],"predecessor-version":[{"id":595,"href":"https:\/\/hoyre.no\/harstad\/wp-json\/wp\/v2\/posts\/589\/revisions\/595"}],"wp:attachment":[{"href":"https:\/\/hoyre.no\/harstad\/wp-json\/wp\/v2\/media?parent=589"}],"wp:term":[{"taxonomy":"category","embeddable":true,"href":"https:\/\/hoyre.no\/harstad\/wp-json\/wp\/v2\/category?post=589"},{"taxonomy":"post_tag","embeddable":true,"href":"https:\/\/hoyre.no\/harstad\/wp-json\/wp\/v2\/post_tag?post=589"},{"taxonomy":"hoyre-visibility","embeddable":true,"href":"https:\/\/hoyre.no\/harstad\/wp-json\/wp\/v2\/hoyre-visibility?post=589"},{"taxonomy":"article-type","embeddable":true,"href":"https:\/\/hoyre.no\/harstad\/wp-json\/wp\/v2\/article-type?post=589"},{"taxonomy":"politician","embeddable":true,"href":"https:\/\/hoyre.no\/harstad\/wp-json\/wp\/v2\/politician?post=589"}],"curies":[{"name":"wp","href":"https:\/\/api.w.org\/{rel}","templated":true}]}}