{"id":616,"date":"2026-09-02T10:00:00","date_gmt":"2026-09-02T08:00:00","guid":{"rendered":"https:\/\/hoyre.no\/harstad\/?p=616"},"modified":"2026-09-02T07:51:23","modified_gmt":"2026-09-02T05:51:23","slug":"to-sterke-kandidater-til-ordforervervet","status":"publish","type":"post","link":"https:\/\/hoyre.no\/harstad\/aktuelt\/to-sterke-kandidater-til-ordforervervet\/","title":{"rendered":"To sterke kandidater til ordf\u00f8rervervet"},"content":{"rendered":"\n<p class=\"wp-block-paragraph\"><\/p>\n\n\n\n<p class=\"preamble\"><strong>Nominasjonskomiteen i Harstad H\u00f8yre innstiller Nina Dons-Hansen og H\u00e5kon R\u00f8nning Vahl som kandidater til ordf\u00f8rervervet i Harstad.<\/strong><\/p>\t\t\t<div class=\"post-meta wp-block teft-byline-wrapper\">\n\t\t\t\t<div class=\"top\">\n\t\t\t\t\t<div class=\"signature\">\n\t\t\t\t\t\t<div class=\"teft-byline\">\n\t\t\t\t\t\t\t\t\t\t\t\t\t\t<div>\n\t\t\t\t\t\t\t\t<h3>H\u00f8yres redaksjon<\/h3>\t\t\t\t\t\t\t\t\n\t\t\t\t\t\t\t\t\t\t\t\t\t\t\t\t\t<span class=\"date\">Sist oppdatert: 2. september 2026<\/span>\n\t\t\t\t\t\t\t\t\t\t\t\t\t\t\t\t\t\t\t\t\t\t\t\t\t<span class=\"reading-time\" itemprop=\"timeRequired\" content=\"PT2M\"><em>Ca. 2 minutter lesetid<\/em><\/span>\n\t\t\t\t\t\t\t\t\t\t\t\t\t\t\t<\/div>\n\t\t\t\t\t\t<\/div>\n\t\t\t\t\t<\/div>\n\t\t\t\t\t\t<div class=\"sharing\">\n\t\t<a class=\"share-button share-link copy-link\" data-copy=\"https:\/\/hoyre.no\/harstad\/aktuelt\/to-sterke-kandidater-til-ordforervervet\/\" target=\"_blank\"><span class=\"screen-reader-text\">Del link<\/span><\/a>\n\t\t<a class=\"share-button share-twitter\" href=\"http:\/\/twitter.com\/share?text=To sterke kandidater til ordf\u00f8rervervet&#038;url=https:\/\/hoyre.no\/harstad\/aktuelt\/to-sterke-kandidater-til-ordforervervet\/&#038;hashtags=Hoyre\" target=\"_blank\"><span class=\"screen-reader-text\">Del p\u00e5 twitter<\/span><\/a>\n\t\t<a class=\"share-button share-facebook\" href=\"https:\/\/www.facebook.com\/sharer\/sharer.php?u=https:\/\/hoyre.no\/harstad\/aktuelt\/to-sterke-kandidater-til-ordforervervet\/\" target=\"_blank\"><span class=\"screen-reader-text\">Del p\u00e5 facebook<\/span><\/a>\n\t<\/div>\n\t\t\t\t\t<\/div>\n\t\t\t<\/div>\n\n\t\t\t<figure class=\"hoyre-image-wrapper\"><div class=\"hoyre-image\"><img loading=\"lazy\" decoding=\"async\" width=\"1170\" height=\"878\" src=\"https:\/\/hoyre.no\/content\/uploads\/sites\/259\/2026\/09\/Haakon_Nina.jpeg\" class=\"attachment-scaled size-scaled\" alt=\"\" style=\"object-position: 50% 50%\" srcset=\"https:\/\/hoyre.no\/content\/uploads\/sites\/259\/2026\/09\/Haakon_Nina.jpeg 1170w, https:\/\/hoyre.no\/content\/uploads\/sites\/259\/2026\/09\/Haakon_Nina-300x225.jpeg 300w, https:\/\/hoyre.no\/content\/uploads\/sites\/259\/2026\/09\/Haakon_Nina-1024x768.jpeg 1024w, https:\/\/hoyre.no\/content\/uploads\/sites\/259\/2026\/09\/Haakon_Nina-768x576.jpeg 768w\" sizes=\"auto, (max-width: 1170px) 100vw, 1170px\" \/><\/div><figcaption class=\"caption\">H\u00e5kon R\u00f8nning Vahl og Nina Dons-Hansen er ordf\u00f8rerkandidater i Harstad H\u00f8yre.<\/figcaption><\/figure>\n\n\n\n\n<p class=\"wp-block-paragraph\">Nominasjonskomiteen innstiller Nina Dons-Hansen og H\u00e5kon R\u00f8nning Vahl som to likestilte kandidater til ordf\u00f8rervervet for Harstad H\u00f8yre. Det betyr at det blir opp til nominasjonsm\u00f8tet \u00e5 avgj\u00f8re hvem som skal v\u00e6re p\u00e5 topp for Harstad H\u00f8yre.<br><br><em>&#8211; Vi har to sterke kandidater som begge \u00f8nsker \u00e5 lede Harstad H\u00f8yre inn mot valget i 2027, det betyr at medlemmene f\u00e5r to alternativer \u00e5 velge mellom p\u00e5 nominasjonsm\u00f8tet for ordf\u00f8rerkandidat. Kandidatene vil v\u00e6re til stede og presentere seg selv, sier leder av nominasjonskomiteen Victoria Bakken.&nbsp;<\/em><\/p>\n\n\n\n<h2 class=\"wp-block-heading\">To kandidater \u2013 \u00e9n felles ambisjon<\/h2>\n\n\n\n<p class=\"wp-block-paragraph\">Nominasjonskomiteen mener de to kandidatene representerer ulike erfaringer og perspektiver, samtidig som de deler ambisjonen om \u00e5 styrke H\u00f8yres posisjon i Harstad.<\/p>\n\n\n\n<p class=\"wp-block-paragraph\"><em>\u2013 Nina og H\u00e5kon har begge v\u00e6rt tydelige p\u00e5 at dette skal v\u00e6re en positiv, vennskapelig og konstruktiv konkurranse. Det gir et godt utgangspunkt for \u00e5 samle hele laget og rette blikket mot kommunevalget, sier Bakken.<\/em><\/p>\n\n\n\n<h2 class=\"wp-block-heading\">Medlemmene avgj\u00f8r<\/h2>\n\n\n\n<p class=\"wp-block-paragraph\">Den delte innstillingen inneb\u00e6rer at det p\u00e5 Harstad H\u00f8yres nominasjonsm\u00f8te 17. september blir presentert to kandidater som medlemmene kan velge mellom.<\/p>\n\n\n\n<p class=\"wp-block-paragraph\"><em>\u2013 Vi ser fram til et spennende nominasjonsm\u00f8te med stort engasjement fra medlemmene. N\u00e5r ordf\u00f8rerkandidaten er valgt, fortsetter arbeidet med den \u00f8vrige nominasjonslisten fram mot \u00e5rs- og nominasjonsm\u00f8tet i november, sier Bakken.<\/em><\/p>\n\n\n\n<h2 class=\"wp-block-heading\">Nominasjonskomiteens innstilling<\/h2>\n\n\n\n<p class=\"wp-block-paragraph\"><strong>Nina Dons-Hansen og H\u00e5kon R\u00f8nning Vahl innstilles likt som kandidater til ordf\u00f8rervervet for Harstad H\u00f8yre.<\/strong><\/p>\n\n\n\n<p class=\"wp-block-paragraph\"><strong>Nominasjonskomiteen har best\u00e5tt av Stian Jakobsen, Gitte \u00d8g\u00e5rd M\u00e5num, John Inge Hyllestad, Szymon Chrusciel, Svanhild Klausen Arild og Victoria Bakken (leder).<\/strong><\/p>\n\n\n\n<div class=\"wp-block-teft-factbox\"><div class=\"factbox-inner\"><div class=\"entry-content\"><h4 class=\"toggle\">Nominasjonskomiteens innstilling<\/h4>\n<p class=\"wp-block-paragraph\"><strong>Nina Dons-Hansen og H\u00e5kon R\u00f8nning Vahl innstilles som kandidater til ordf\u00f8rervervet for Harstad H\u00f8yre.<\/strong><\/p>\n\n\n\n<p class=\"wp-block-paragraph\"><strong>Nominasjonskomiteen har best\u00e5tt av Stian Jakobsen, Gitte \u00d8g\u00e5rd M\u00e5num, John Inge Hyllestad, Szymon Chrusciel, Svanhild Klausen Arild og Victoria Bakken (leder).<\/strong><\/p>\n<\/div><\/div><\/div>\n\n\n<div class=\"tags\">\n\t<\/div>\n<div class=\"post-footer alignfull has-background block-editor-block-list__block\" data-align=full>\n\t<div class=\"post-footer-inner\">\n\t\t<h3>Relaterte artikler<\/h3>\n\t\t<div class=\"related-content\"><div class=\"is-card-hoyre\">\n\t<div class=\"teft-card hoyre-teft-card post-teft-card\">\n\t\t<a href=\"https:\/\/hoyre.no\/harstad\/aktuelt\/medlemsmote-med-tema-dokkhall-i-sentrum\/\" class=\"teft-card__primary-action\">\n\n\t\t\t\t\t<div class=\"teft-card__media teft-card__media--16-9\">\n\t\t\t\t\t\t<img loading=\"lazy\" decoding=\"async\" width=\"768\" height=\"402\" src=\"https:\/\/hoyre.no\/content\/uploads\/sites\/259\/2026\/07\/Medlemsmote-dokkhall-1.sept-2026-1-768x402.png\" class=\"attachment-medium_large size-medium_large\" alt=\"\" srcset=\"https:\/\/hoyre.no\/content\/uploads\/sites\/259\/2026\/07\/Medlemsmote-dokkhall-1.sept-2026-1-768x402.png 768w, https:\/\/hoyre.no\/content\/uploads\/sites\/259\/2026\/07\/Medlemsmote-dokkhall-1.sept-2026-1-300x157.png 300w, https:\/\/hoyre.no\/content\/uploads\/sites\/259\/2026\/07\/Medlemsmote-dokkhall-1.sept-2026-1-1024x536.png 1024w, https:\/\/hoyre.no\/content\/uploads\/sites\/259\/2026\/07\/Medlemsmote-dokkhall-1.sept-2026-1.png 1734w\" sizes=\"auto, (max-width: 768px) 100vw, 768px\" \/>\t\t<\/div>\n\t\t\n\t\t\t<div class=\"teft-card__content-wrapper\">\n\t\t\t\t<div class=\"teft-card__secondary\">\n\t\t\t\t\t\n\t\t\t\t\t\t\t\t<div class=\"teft-card__meta\">\n\t\t\t\t\t\t\t\t\t<span class=\"post-date\">27. jul 2026<\/span>\n\n\t\t\t\t\t\t\t\t\t\t\t\t\t\t\t\t\t<\/div>\n\t\t\t\t\t\t\t\t\t\t\t<\/div>\n\n\t\t\t\t<div class=\"teft-card__primary\">\n\t\t\t\t\t<h2 class=\"teft-card__title\">Medlemsm\u00f8te med tema dokkhall i sentrum&nbsp;<span class=\"teft-card__primary-title-append\"><\/span><\/h2>\t\t\t\t<\/div>\n\t\t\t<\/div>\n\t\t<\/a>\n\t<\/div>\n\n\t<\/div><div class=\"is-card-hoyre\">\n\t<div class=\"teft-card hoyre-teft-card post-teft-card\">\n\t\t<a href=\"https:\/\/hoyre.no\/harstad\/aktuelt\/sommeravslutning-med-godt-humor-og-gode-samtaler\/\" class=\"teft-card__primary-action\">\n\n\t\t\t\t\t<div class=\"teft-card__media teft-card__media--16-9\">\n\t\t\t\t\t\t<img loading=\"lazy\" decoding=\"async\" width=\"768\" height=\"572\" src=\"https:\/\/hoyre.no\/content\/uploads\/sites\/259\/2026\/06\/Harstad-Hoyre-sommeravslutning-768x572.jpg\" class=\"attachment-medium_large size-medium_large\" alt=\"\" srcset=\"https:\/\/hoyre.no\/content\/uploads\/sites\/259\/2026\/06\/Harstad-Hoyre-sommeravslutning-768x572.jpg 768w, https:\/\/hoyre.no\/content\/uploads\/sites\/259\/2026\/06\/Harstad-Hoyre-sommeravslutning-300x223.jpg 300w, https:\/\/hoyre.no\/content\/uploads\/sites\/259\/2026\/06\/Harstad-Hoyre-sommeravslutning-1024x763.jpg 1024w, https:\/\/hoyre.no\/content\/uploads\/sites\/259\/2026\/06\/Harstad-Hoyre-sommeravslutning-1536x1144.jpg 1536w, https:\/\/hoyre.no\/content\/uploads\/sites\/259\/2026\/06\/Harstad-Hoyre-sommeravslutning.jpg 1890w\" sizes=\"auto, (max-width: 768px) 100vw, 768px\" \/>\t\t<\/div>\n\t\t\n\t\t\t<div class=\"teft-card__content-wrapper\">\n\t\t\t\t<div class=\"teft-card__secondary\">\n\t\t\t\t\t\n\t\t\t\t\t\t\t\t<div class=\"teft-card__meta\">\n\t\t\t\t\t\t\t\t\t<span class=\"post-date\">26. jun 2026<\/span>\n\n\t\t\t\t\t\t\t\t\t\t\t\t\t\t\t\t\t<\/div>\n\t\t\t\t\t\t\t\t\t\t\t<\/div>\n\n\t\t\t\t<div class=\"teft-card__primary\">\n\t\t\t\t\t<h2 class=\"teft-card__title\">Sommeravslutning med godt hum\u00f8r og gode samtaler&nbsp;<span class=\"teft-card__primary-title-append\"><\/span><\/h2>\t\t\t\t<\/div>\n\t\t\t<\/div>\n\t\t<\/a>\n\t<\/div>\n\n\t<\/div><div class=\"is-card-hoyre\">\n\t<div class=\"teft-card hoyre-teft-card post-teft-card\">\n\t\t<a href=\"https:\/\/hoyre.no\/harstad\/aktuelt\/disse-onsker-a-stille-igjen-for-harstad-hoyre\/\" class=\"teft-card__primary-action\">\n\n\t\t\t<div class=\"teft-card__media teft-card__media--16-9 no-image\"><\/div>\n\t\t\t<div class=\"teft-card__content-wrapper\">\n\t\t\t\t<div class=\"teft-card__secondary\">\n\t\t\t\t\t\n\t\t\t\t\t\t\t\t<div class=\"teft-card__meta\">\n\t\t\t\t\t\t\t\t\t<span class=\"post-date\">24. apr 2026<\/span>\n\n\t\t\t\t\t\t\t\t\t\t\t\t\t\t\t\t\t<\/div>\n\t\t\t\t\t\t\t\t\t\t\t<\/div>\n\n\t\t\t\t<div class=\"teft-card__primary\">\n\t\t\t\t\t<h2 class=\"teft-card__title\">Disse \u00f8nsker \u00e5 stille igjen for Harstad H\u00f8yre&nbsp;<span class=\"teft-card__primary-title-append\"><\/span><\/h2>\t\t\t\t<\/div>\n\t\t\t<\/div>\n\t\t<\/a>\n\t<\/div>\n\n\t<\/div><\/div>\t<\/div>\n<\/div>\n","protected":false},"excerpt":{"rendered":"","protected":false},"author":36686,"featured_media":0,"comment_status":"closed","ping_status":"closed","sticky":false,"template":"","format":"standard","meta":{"teft_cards_image_url":"","teft_cards_custom_pretitle":"","teft_cards_image_id":617,"teft_cards_image_focal_point_x":0.51,"teft_cards_image_focal_point_y":0.26,"teft_cards_title":"","teft_cards_excerpt":"","teft_show_chapters":false,"author_display_name":"","footnotes":""},"category":[1],"post_tag":[],"hoyre-visibility":[],"article-type":[],"politician":[],"class_list":["post-616","post","type-post","status-publish","format-standard","hentry","category-ukategorisert"],"yoast_head":"<!-- This site is optimized with the Yoast SEO plugin v28.2 - https:\/\/yoast.com\/product\/yoast-seo-wordpress\/ -->\n<title>To sterke kandidater til ordf\u00f8rervervet - Harstad H\u00f8yre<\/title>\n<meta name=\"robots\" content=\"index, follow, max-snippet:-1, max-image-preview:large, max-video-preview:-1\" \/>\n<link rel=\"canonical\" href=\"https:\/\/hoyre.no\/harstad\/aktuelt\/to-sterke-kandidater-til-ordforervervet\/\" \/>\n<meta property=\"og:locale\" content=\"nb_NO\" \/>\n<meta property=\"og:type\" content=\"article\" \/>\n<meta property=\"og:title\" content=\"To sterke kandidater til ordf\u00f8rervervet - Harstad H\u00f8yre\" \/>\n<meta property=\"og:url\" content=\"https:\/\/hoyre.no\/harstad\/aktuelt\/to-sterke-kandidater-til-ordforervervet\/\" \/>\n<meta property=\"og:site_name\" content=\"Harstad H\u00f8yre\" \/>\n<meta property=\"article:published_time\" content=\"2026-09-02T08:00:00+00:00\" \/>\n<meta property=\"og:image\" content=\"https:\/\/hoyre.no\/content\/uploads\/sites\/259\/2022\/11\/Hoyres-logo.png\" \/>\n\t<meta property=\"og:image:width\" content=\"1000\" \/>\n\t<meta property=\"og:image:height\" content=\"1000\" \/>\n\t<meta property=\"og:image:type\" content=\"image\/png\" \/>\n<meta name=\"author\" content=\"Victoria Bakken\" \/>\n<meta name=\"twitter:card\" content=\"summary_large_image\" \/>\n<meta name=\"twitter:label1\" content=\"Skrevet av\" \/>\n\t<meta name=\"twitter:data1\" content=\"Victoria Bakken\" \/>\n\t<meta name=\"twitter:label2\" content=\"Ansl. lesetid\" \/>\n\t<meta name=\"twitter:data2\" content=\"2 minutter\" \/>\n<script type=\"application\/ld+json\" class=\"yoast-schema-graph\">{\"@context\":\"https:\\\/\\\/schema.org\",\"@graph\":[{\"@type\":\"Article\",\"@id\":\"https:\\\/\\\/hoyre.no\\\/harstad\\\/aktuelt\\\/to-sterke-kandidater-til-ordforervervet\\\/#article\",\"isPartOf\":{\"@id\":\"https:\\\/\\\/hoyre.no\\\/harstad\\\/aktuelt\\\/to-sterke-kandidater-til-ordforervervet\\\/\"},\"author\":{\"name\":\"Victoria Bakken\",\"@id\":\"https:\\\/\\\/hoyre.no\\\/harstad\\\/#\\\/schema\\\/person\\\/62461c8b5df1f97d8aaaccbf1bdac980\"},\"headline\":\"To sterke kandidater til ordf\u00f8rervervet\",\"datePublished\":\"2026-09-02T08:00:00+00:00\",\"mainEntityOfPage\":{\"@id\":\"https:\\\/\\\/hoyre.no\\\/harstad\\\/aktuelt\\\/to-sterke-kandidater-til-ordforervervet\\\/\"},\"wordCount\":364,\"inLanguage\":\"nb-NO\"},{\"@type\":\"NewsArticle\",\"@id\":\"https:\\\/\\\/hoyre.no\\\/harstad\\\/aktuelt\\\/to-sterke-kandidater-til-ordforervervet\\\/\",\"url\":\"https:\\\/\\\/hoyre.no\\\/harstad\\\/aktuelt\\\/to-sterke-kandidater-til-ordforervervet\\\/\",\"name\":\"To sterke kandidater til ordf\u00f8rervervet - Harstad H\u00f8yre\",\"isPartOf\":{\"@id\":\"https:\\\/\\\/hoyre.no\\\/harstad\\\/#website\"},\"datePublished\":\"2026-09-02T08:00:00+00:00\",\"author\":{\"@id\":\"https:\\\/\\\/hoyre.no\\\/harstad\\\/#\\\/schema\\\/person\\\/62461c8b5df1f97d8aaaccbf1bdac980\"},\"breadcrumb\":{\"@id\":\"https:\\\/\\\/hoyre.no\\\/harstad\\\/aktuelt\\\/to-sterke-kandidater-til-ordforervervet\\\/#breadcrumb\"},\"inLanguage\":\"nb-NO\",\"potentialAction\":[{\"@type\":\"ReadAction\",\"target\":[\"https:\\\/\\\/hoyre.no\\\/harstad\\\/aktuelt\\\/to-sterke-kandidater-til-ordforervervet\\\/\"]}]},{\"@type\":\"BreadcrumbList\",\"@id\":\"https:\\\/\\\/hoyre.no\\\/harstad\\\/aktuelt\\\/to-sterke-kandidater-til-ordforervervet\\\/#breadcrumb\",\"itemListElement\":[{\"@type\":\"ListItem\",\"position\":1,\"name\":\"Til hoyre.no\",\"item\":\"https:\\\/\\\/hoyre.no\"},{\"@type\":\"ListItem\",\"position\":2,\"name\":\"Hjem\",\"item\":\"https:\\\/\\\/hoyre.no\\\/harstad\\\/\"},{\"@type\":\"ListItem\",\"position\":3,\"name\":\"To sterke kandidater til ordf\u00f8rervervet\"}]},{\"@type\":\"WebSite\",\"@id\":\"https:\\\/\\\/hoyre.no\\\/harstad\\\/#website\",\"url\":\"https:\\\/\\\/hoyre.no\\\/harstad\\\/\",\"name\":\"Harstad H\u00f8yre\",\"description\":\"Bare enda et H\u00f8yres nettsteder-nettsted\",\"inLanguage\":\"nb-NO\"},{\"@type\":\"Person\",\"@id\":\"https:\\\/\\\/hoyre.no\\\/harstad\\\/#\\\/schema\\\/person\\\/62461c8b5df1f97d8aaaccbf1bdac980\",\"name\":\"Victoria Bakken\",\"image\":{\"@type\":\"ImageObject\",\"inLanguage\":\"nb-NO\",\"@id\":\"https:\\\/\\\/secure.gravatar.com\\\/avatar\\\/3ddd1fbd350997d2d3aa87a817792add4dff2331af7b8c46ce765f13cabf9605?s=96&d=mm&r=g\",\"url\":\"https:\\\/\\\/secure.gravatar.com\\\/avatar\\\/3ddd1fbd350997d2d3aa87a817792add4dff2331af7b8c46ce765f13cabf9605?s=96&d=mm&r=g\",\"contentUrl\":\"https:\\\/\\\/secure.gravatar.com\\\/avatar\\\/3ddd1fbd350997d2d3aa87a817792add4dff2331af7b8c46ce765f13cabf9605?s=96&d=mm&r=g\",\"caption\":\"Victoria Bakken\"},\"url\":\"https:\\\/\\\/hoyre.no\\\/harstad\\\/aktuelt\\\/author\\\/m52166634\\\/\"}]}<\/script>\n<!-- \/ Yoast SEO plugin. -->","yoast_head_json":{"title":"To sterke kandidater til ordf\u00f8rervervet - Harstad H\u00f8yre","robots":{"index":"index","follow":"follow","max-snippet":"max-snippet:-1","max-image-preview":"max-image-preview:large","max-video-preview":"max-video-preview:-1"},"canonical":"https:\/\/hoyre.no\/harstad\/aktuelt\/to-sterke-kandidater-til-ordforervervet\/","og_locale":"nb_NO","og_type":"article","og_title":"To sterke kandidater til ordf\u00f8rervervet - Harstad H\u00f8yre","og_url":"https:\/\/hoyre.no\/harstad\/aktuelt\/to-sterke-kandidater-til-ordforervervet\/","og_site_name":"Harstad H\u00f8yre","article_published_time":"2026-09-02T08:00:00+00:00","og_image":[{"width":1000,"height":1000,"url":"https:\/\/hoyre.no\/content\/uploads\/sites\/259\/2022\/11\/Hoyres-logo.png","type":"image\/png"}],"author":"Victoria Bakken","twitter_card":"summary_large_image","twitter_misc":{"Skrevet av":"Victoria Bakken","Ansl. lesetid":"2 minutter"},"schema":{"@context":"https:\/\/schema.org","@graph":[{"@type":"Article","@id":"https:\/\/hoyre.no\/harstad\/aktuelt\/to-sterke-kandidater-til-ordforervervet\/#article","isPartOf":{"@id":"https:\/\/hoyre.no\/harstad\/aktuelt\/to-sterke-kandidater-til-ordforervervet\/"},"author":{"name":"Victoria Bakken","@id":"https:\/\/hoyre.no\/harstad\/#\/schema\/person\/62461c8b5df1f97d8aaaccbf1bdac980"},"headline":"To sterke kandidater til ordf\u00f8rervervet","datePublished":"2026-09-02T08:00:00+00:00","mainEntityOfPage":{"@id":"https:\/\/hoyre.no\/harstad\/aktuelt\/to-sterke-kandidater-til-ordforervervet\/"},"wordCount":364,"inLanguage":"nb-NO"},{"@type":"NewsArticle","@id":"https:\/\/hoyre.no\/harstad\/aktuelt\/to-sterke-kandidater-til-ordforervervet\/","url":"https:\/\/hoyre.no\/harstad\/aktuelt\/to-sterke-kandidater-til-ordforervervet\/","name":"To sterke kandidater til ordf\u00f8rervervet - Harstad H\u00f8yre","isPartOf":{"@id":"https:\/\/hoyre.no\/harstad\/#website"},"datePublished":"2026-09-02T08:00:00+00:00","author":{"@id":"https:\/\/hoyre.no\/harstad\/#\/schema\/person\/62461c8b5df1f97d8aaaccbf1bdac980"},"breadcrumb":{"@id":"https:\/\/hoyre.no\/harstad\/aktuelt\/to-sterke-kandidater-til-ordforervervet\/#breadcrumb"},"inLanguage":"nb-NO","potentialAction":[{"@type":"ReadAction","target":["https:\/\/hoyre.no\/harstad\/aktuelt\/to-sterke-kandidater-til-ordforervervet\/"]}]},{"@type":"BreadcrumbList","@id":"https:\/\/hoyre.no\/harstad\/aktuelt\/to-sterke-kandidater-til-ordforervervet\/#breadcrumb","itemListElement":[{"@type":"ListItem","position":1,"name":"Til hoyre.no","item":"https:\/\/hoyre.no"},{"@type":"ListItem","position":2,"name":"Hjem","item":"https:\/\/hoyre.no\/harstad\/"},{"@type":"ListItem","position":3,"name":"To sterke kandidater til ordf\u00f8rervervet"}]},{"@type":"WebSite","@id":"https:\/\/hoyre.no\/harstad\/#website","url":"https:\/\/hoyre.no\/harstad\/","name":"Harstad H\u00f8yre","description":"Bare enda et H\u00f8yres nettsteder-nettsted","inLanguage":"nb-NO"},{"@type":"Person","@id":"https:\/\/hoyre.no\/harstad\/#\/schema\/person\/62461c8b5df1f97d8aaaccbf1bdac980","name":"Victoria Bakken","image":{"@type":"ImageObject","inLanguage":"nb-NO","@id":"https:\/\/secure.gravatar.com\/avatar\/3ddd1fbd350997d2d3aa87a817792add4dff2331af7b8c46ce765f13cabf9605?s=96&d=mm&r=g","url":"https:\/\/secure.gravatar.com\/avatar\/3ddd1fbd350997d2d3aa87a817792add4dff2331af7b8c46ce765f13cabf9605?s=96&d=mm&r=g","contentUrl":"https:\/\/secure.gravatar.com\/avatar\/3ddd1fbd350997d2d3aa87a817792add4dff2331af7b8c46ce765f13cabf9605?s=96&d=mm&r=g","caption":"Victoria Bakken"},"url":"https:\/\/hoyre.no\/harstad\/aktuelt\/author\/m52166634\/"}]}},"distributor_meta":false,"distributor_terms":false,"distributor_media":false,"distributor_original_site_name":"Harstad H\u00f8yre","distributor_original_site_url":"https:\/\/hoyre.no\/harstad","push-errors":false,"_links":{"self":[{"href":"https:\/\/hoyre.no\/harstad\/wp-json\/wp\/v2\/posts\/616","targetHints":{"allow":["GET"]}}],"collection":[{"href":"https:\/\/hoyre.no\/harstad\/wp-json\/wp\/v2\/posts"}],"about":[{"href":"https:\/\/hoyre.no\/harstad\/wp-json\/wp\/v2\/types\/post"}],"author":[{"embeddable":true,"href":"https:\/\/hoyre.no\/harstad\/wp-json\/wp\/v2\/users\/36686"}],"replies":[{"embeddable":true,"href":"https:\/\/hoyre.no\/harstad\/wp-json\/wp\/v2\/comments?post=616"}],"version-history":[{"count":2,"href":"https:\/\/hoyre.no\/harstad\/wp-json\/wp\/v2\/posts\/616\/revisions"}],"predecessor-version":[{"id":619,"href":"https:\/\/hoyre.no\/harstad\/wp-json\/wp\/v2\/posts\/616\/revisions\/619"}],"wp:attachment":[{"href":"https:\/\/hoyre.no\/harstad\/wp-json\/wp\/v2\/media?parent=616"}],"wp:term":[{"taxonomy":"category","embeddable":true,"href":"https:\/\/hoyre.no\/harstad\/wp-json\/wp\/v2\/category?post=616"},{"taxonomy":"post_tag","embeddable":true,"href":"https:\/\/hoyre.no\/harstad\/wp-json\/wp\/v2\/post_tag?post=616"},{"taxonomy":"hoyre-visibility","embeddable":true,"href":"https:\/\/hoyre.no\/harstad\/wp-json\/wp\/v2\/hoyre-visibility?post=616"},{"taxonomy":"article-type","embeddable":true,"href":"https:\/\/hoyre.no\/harstad\/wp-json\/wp\/v2\/article-type?post=616"},{"taxonomy":"politician","embeddable":true,"href":"https:\/\/hoyre.no\/harstad\/wp-json\/wp\/v2\/politician?post=616"}],"curies":[{"name":"wp","href":"https:\/\/api.w.org\/{rel}","templated":true}]}}