{"id":15,"date":"2017-12-12T23:00:00","date_gmt":"2017-12-12T22:00:00","guid":{"rendered":"https:\/\/hoyre.no\/hurdal\/aktuelt\/budsjettalen-til-hoy\/"},"modified":"2017-12-12T23:00:00","modified_gmt":"2017-12-12T22:00:00","slug":"budsjettalen-til-hoy","status":"publish","type":"post","link":"https:\/\/hoyre.no\/hurdal\/aktuelt\/budsjettalen-til-hoy\/","title":{"rendered":"Budsjettalen til H\u00f8yre for Hurdal kommune for 2018"},"content":{"rendered":"<div id=\"hoyre-old-article-content-wrapper\"><p> Ordf\u00f8rer.<\/p><p>I budsjettprosessen for 2018 har vi hatt en formidabel prosess. Alle ledere og folkevalgte har blitt inkludert i prosessen for hvordan Hurdal skal v\u00e6re fremover. En prosess som gj\u00f8r at det er mye enklere n\u00e5 enn for noen m\u00e5neder siden \u00e5 ha grunnlag for hvordan v\u00e5r kommune driftes. Jeg oppfatter at alle er forn\u00f8yde med denne prosessen, og vil derfor oppfordre til at en slik prosess ogs\u00e5 vil bli gjennomf\u00f8rt i \u00e5rene fremover. Vi trenger \u00e5 se utviklingen, og vi trenger \u00e5 se effektene av vedtakene som blir fattet i denne sal. Vi m\u00e5 bli enda flinkere til \u00e5 m\u00e5le. Det som ikke er mulig \u00e5 m\u00e5le, er heller ikke mulig \u00e5 forbedre. Der har vi et stort forbedringspotensial mener jeg.<\/p><p><\/p><p>Vi i H\u00f8yre har sammen med Glad i Hurdal og FRP laget et forslag til driftsbudsjett for 2018 sammen, der vi har lagt r\u00e5dmannens forslag til grunn og gjort endringer ut ifra det. Vi hadde et utgangspunkt der vi ikke \u00f8nsker eiendomsskatt, samt at vi \u00f8nsker \u00e5 gj\u00f8re grep der vi tradisjonelt har hatt store overskridelser. Omstrukturering p\u00e5 omstrukturering i sykehjemssektoren de siste \u00e5rene har f\u00f8rt til slitne og frustrerte medarbeidere. Sykefrav\u00e6ret har v\u00e6rt stort, men hvordan vi har l\u00f8st problemet har v\u00e6rt utl\u00f8sende faktor for overskridelsene som har kommet.<\/p><p>Forslaget v\u00e5rt ble sendt ut til alle politikere, samt presentert i formannskapet.<\/p><p>Vi har tatt bort effekten av eiendomsskatt. Det gjorde at vi m\u00e5tte finne rom for innsparinger for 4 millioner som eiendomsskatten antas \u00e5 ha som effekt. De 4 millionene m\u00e5 hentes inn andre steder. Det budsjetteres med 5,5 millioner i inntekt, men da alts\u00e5 1,5 millioner i innf\u00f8ringskostnad slik at effekten blir 4 millioner.<\/p><p><\/p><p>P\u00e5 ha1 s\u00e5 gj\u00f8r vi en del tiltak. Vi mener ordf\u00f8rer og varaordf\u00f8rer m\u00e5 ta sin del av kutt i den prosessen vi er i n\u00e5. Det er tross alt de som er ansvarlige for hvordan kommunen har blitt drevet de siste \u00e5rene, og n\u00e5r det skal kuttes i politikerens godtgj\u00f8relse med 33 prosent, s\u00e5 mener vi det er b\u00e5de rimelig og solidarisk \u00e5 kreve at ordf\u00f8rer og varaordf\u00f8rer g\u00e5r ned tilsvarende, dog til sammen. Vi foresl\u00e5r kutt p\u00e5 35 prosent totalt, fordelt p\u00e5 20 prosent kutt p\u00e5 ordf\u00f8rers godtgj\u00f8relse og 15 prosent kutt p\u00e5 varaordf\u00f8rers godtgj\u00f8relse.<\/p><p>Vi ser heller ikke at med \u00f8konomien v\u00e5r kan vi som eneste kommune p\u00e5 \u00d8vre Romerike ta oss r\u00e5d til \u00e5 ha en utviklingskoordinator, noe vi har foresl\u00e5tt kutt p\u00e5 ogs\u00e5 tidligere \u00e5r.  <\/p><p>Ved siden av det har vi foresl\u00e5tt et generelt kutt p\u00e5 1 million. <\/p><p><\/p><p>P\u00e5 HA 2 s\u00e5 tar vi ned ramma med 950 tusen kroner. Ha 2 er et stort hovedansvar, som best\u00e5r av alt som har med oppvekst \u00e5 gj\u00f8re. Tidligere \u00e5r er det de som har hatt den mest romslige rammen, de har og vist at de er flinke til \u00e5 holde budsjett, samt at de leverer gode tjenester. Dog har barnevernet de siste \u00e5rene hatt store budsjettoverskridelser til tross for stadig \u00f8kende rammer. Vi \u00f8nsker oss en bedre budsjettdisiplin innenfor barnevernet, samt at de ogs\u00e5 gjennomf\u00f8rer effektiviseringstiltak for \u00e5 ta sin del av rammekuttet.<\/p><p><\/p><p>P\u00e5 HA \u00be s\u00e5 har vi i mange \u00e5r hatt store overskridelser. Det er der vi tradisjonelt f\u00e5r de st\u00f8rste utslagene i negativ retning. Derfor har vi satt inn grep her i forhold til r\u00e5dmannens forslag. B\u00e5de for \u00e5 unng\u00e5 overskridelser, men ogs\u00e5 for \u00e5 styrke den omleggingen av tjenester som vi n\u00e5 st\u00e5r ovenfor. Vi har valgt \u00e5 redusere 1 \u00e5rsverk for rus og psykiatri. Dette fordi det ligger inne som r\u00e5dmannens forslag fra 2019, og vi tror ikke vi f\u00e5r spesielt motiverte ansatte her n\u00e5r man vet at tiltaket kommer om 1 \u00e5r.  Derfor gj\u00f8r vi det grepet n\u00e5. Den store utgiftsposten de siste \u00e5rene har v\u00e6rt bruk av vikarer og overtid b\u00e5de p\u00e5 sykehjemmet og i hjemmesykepleien. Slik bemanningen har v\u00e6rt lagt opp de siste \u00e5rene har man m\u00e5ttet leie inn vikar eller bruke overtid hver gang noen er syke eller skal ha ferie. For \u00e5 b\u00e5de f\u00e5 ned sykefrav\u00e6ret, heve kvaliteten p\u00e5 tjenestene vi leverer samt minske bruken av vikarer og overtid foresl\u00e5r vi \u00e5 styrke bemanningen p\u00e5 sykehjemmet\/hjemmesykepleien med 3 \u00e5rsverk. Tanken er at man skal ha et s\u00f8ml\u00f8st samarbeid om personalressurser mellom disse tjenestestedene slik at man f\u00e5r rett bemanning p\u00e5 rett sted til rett tid. Ved \u00e5 redusere risikoen for merforbruk der det tradisjonelt har v\u00e6rt mest overskridelser, mener vi det er forsvarlig \u00e5 redusere p\u00e5 oppsparing av fond som en buffer.<\/p><p><\/p><p>P\u00e5 HA 6 tar vi ned den generelle ramma med 900 tusen kroner. Grunnen til at det i tabellen st\u00e5r 430 tusen, er fordi vi har beholdt st\u00f8tten til frivilligheten i Hurdal, samt vedlikehold at friluftsomr\u00e5dene v\u00e5re. Dette til sammen utgj\u00f8r 470 tusen som er differansen p\u00e5 900- og 430 tusen. Vi fikk opplyst i formannskapet at 150 tusen av disse allerede var blitt f\u00f8rt inn i budsjettet slik at vi derfor har 150 tusen vi kan fordele der administrasjonen \u00f8nsker. <\/p><p>P\u00e5 HA7 tar vi ned rammen med 900 tusen. Opposisjonen gjorde store grep innenfor HA7 i fjor, noe som ga oss et innblikk i at det er stor effektiviseringsmulighet der. <\/p><p><\/p><p>P\u00e5 ha9 tar vi bort midlene som g\u00e5r til innf\u00f8ring av eiendomsskatten, da v\u00e5rt forslag ikke inneb\u00e6rer \u00e5 ha denne usosiale skatten.<\/p><p>De tiltakene jeg n\u00e5 har presentert gir en innsparing p\u00e5 4,38 millioner. I tillegg reduserer vi avsetninger til fond med 1,12 millioner. Til sammen gir dette en total besparelse p\u00e5 5,5 millioner som tilsvarer eiendomsskatten. VI mener at vi ikke m\u00e5 bygge opp igjen fondene s\u00e5 fort som det er lagt opp til, nettopp fordi vi mener at denne skatten har en uheldig p\u00e5virkning for tilflytting til v\u00e5r kommune. <\/p><p><\/p><p>Vi kommer helt sikkert til \u00e5 f\u00e5 h\u00f8re i kveld hvor uansvarlige opposisjonen i \u00e5r er. Uansvarlige fordi vi har foresl\u00e5tt rammekutt. Til det vil jeg gjerne si, at bestillingen fra r\u00e5dmannen var nettopp \u00e5 ha tiltakene p\u00e5 rammeniv\u00e5. Nettopp for \u00e5 gi administrasjonen den tiltro til \u00e5 gj\u00f8re de riktige og n\u00f8dvendige grepene der de mener det kan gj\u00f8res.<\/p><p>P\u00e5 infom\u00f8tet forrige uke kom Sp representant Iver Solsrud med en slik p\u00e5stand. At det var uansvarlig \u00e5 kutte p\u00e5 rammeniv\u00e5, og at posisjonen i \u00e5r ikke hadde gjort det. Da vil jeg minne om at posisjonen der innr\u00f8mmet at det ikke har v\u00e6rt ansvarlige de siste \u00e5rene. Det er derfor vi er der vi er n\u00e5. Med store innsparinger, fordi de som sitter med makta ikke har hatt evne til \u00e5 gj\u00f8re de grepene som skulle til for \u00e5 sikre en god drift for fremtiden tidlig nok. <\/p><p>I fjor sto v\u00e5r varaordf\u00f8rer i denne sal og predikerte at \u00abIngen i Hurdal skal miste jobben\u00bb, da hadde vi en mulighet vi ikke har n\u00e5, men posisjonen grep den ikke. Det er en av grunnene til at vi er der vi er i dag.<\/p><p>Og grunnene er etter mitt syn mange. Manglende evne til \u00e5 gj\u00f8re n\u00f8dvendige grep, en dyr sentrumsplan, manglende kontroll p\u00e5 investeringer som oppussing av bygninger vi er i besittelse av. Kanskje hadde noe av dette v\u00e6rt unng\u00e5tt hvis det hadde blitt gjort grep p\u00e5 r\u00e5dmannsiden tidligere, men det f\u00e5r vi aldri svar p\u00e5.<\/p><p>I ordf\u00f8rers hj\u00f8rne i gule sider kunne vi lese at han \u00f8nsket et godt samarbeid mellom partiene for \u00e5 komme frem til et godt forslag. Da kunne han ha skrevet et godt samarbeid mellom posisjonen, for vi i H\u00f8yre har ikke sett noe til en slik invitasjon. <\/p><p>Jeg kunne brukt mye tid i dag p\u00e5 \u00e5 fordele skyld for hvorfor vi er her som vi er i dag. Noe har jeg nevnt, mens andre faktorer har jeg nevnt f\u00f8r. N\u00e5 er tiden inne for \u00e5 se fremover. Vi har et felles \u00f8nske om at Hurdal skal utvikles fremover. Noen med eiendomsskatt, andre uten. Uenighet gj\u00f8r at vi kan komme frem til gode l\u00f8sninger, men da m\u00e5 posisjonen snart \u00f8nske \u00e5 h\u00f8re p\u00e5 hva opposisjonen sier. Hvis ikke s\u00e5 blir det knallharde fronter ogs\u00e5 i fremtiden, og det er ingen tjent med. La oss arbeide sammen, la oss vedta et budsjett uten eiendomsskatt, for innbyggerne i Hurdal som ikke trenger \u00e5 f\u00e5 regningen for lite kontroll p\u00e5 pengene i Hurdal de siste \u00e5rene. <\/p><p><br \/><\/p><\/div>\n<div class=\"tags\">\n\t<\/div>\n<div class=\"post-footer alignfull has-background block-editor-block-list__block\" data-align=full>\n\t<div class=\"post-footer-inner\">\n\t\t<h3>Relaterte artikler<\/h3>\n\t\t<div class=\"related-content\"><div class=\"is-card-hoyre\">\n\t<div class=\"teft-card hoyre-teft-card post-teft-card\">\n\t\t<a href=\"https:\/\/hoyre.no\/hurdal\/aktuelt\/grip-energi\/\" class=\"teft-card__primary-action\">\n\n\t\t\t<div class=\"teft-card__media teft-card__media--16-9 no-image\"><\/div>\n\t\t\t<div class=\"teft-card__content-wrapper\">\n\t\t\t\t<div class=\"teft-card__secondary\">\n\t\t\t\t\t\n\t\t\t\t\t\t\t\t<div class=\"teft-card__meta\">\n\t\t\t\t\t\t\t\t\t<span class=\"post-date\">23. okt 2025<\/span>\n\n\t\t\t\t\t\t\t\t\t\t\t\t\t\t\t\t\t<\/div>\n\t\t\t\t\t\t\t\t\t\t\t<\/div>\n\n\t\t\t\t<div class=\"teft-card__primary\">\n\t\t\t\t\t<h2 class=\"teft-card__title\">Grip Energi&nbsp;<span class=\"teft-card__primary-title-append\"><\/span><\/h2>\t\t\t\t<\/div>\n\t\t\t<\/div>\n\t\t<\/a>\n\t<\/div>\n\n\t<\/div><div class=\"is-card-hoyre\">\n\t<div class=\"teft-card hoyre-teft-card post-teft-card\">\n\t\t<a href=\"https:\/\/hoyre.no\/hurdal\/aktuelt\/50\/\" class=\"teft-card__primary-action\">\n\n\t\t\t<div class=\"teft-card__media teft-card__media--16-9 no-image\"><\/div>\n\t\t\t<div class=\"teft-card__content-wrapper\">\n\t\t\t\t<div class=\"teft-card__secondary\">\n\t\t\t\t\t\n\t\t\t\t\t\t\t\t<div class=\"teft-card__meta\">\n\t\t\t\t\t\t\t\t\t<span class=\"post-date\">8. aug 2023<\/span>\n\n\t\t\t\t\t\t\t\t\t\t\t\t\t\t\t\t\t<\/div>\n\t\t\t\t\t\t\t\t\t\t\t<\/div>\n\n\t\t\t\t<div class=\"teft-card__primary\">\n\t\t\t\t\t<h2 class=\"teft-card__title\">Program kommunevalg 2023&nbsp;<span class=\"teft-card__primary-title-append\"><\/span><\/h2>\t\t\t\t<\/div>\n\t\t\t<\/div>\n\t\t<\/a>\n\t<\/div>\n\n\t<\/div><div class=\"is-card-hoyre\">\n\t<div class=\"teft-card hoyre-teft-card post-teft-card\">\n\t\t<a href=\"https:\/\/hoyre.no\/hurdal\/aktuelt\/budsjettforslag-2022\/\" class=\"teft-card__primary-action\">\n\n\t\t\t<div class=\"teft-card__media teft-card__media--16-9 no-image\"><\/div>\n\t\t\t<div class=\"teft-card__content-wrapper\">\n\t\t\t\t<div class=\"teft-card__secondary\">\n\t\t\t\t\t\n\t\t\t\t\t\t\t\t<div class=\"teft-card__meta\">\n\t\t\t\t\t\t\t\t\t<span class=\"post-date\">2. des 2021<\/span>\n\n\t\t\t\t\t\t\t\t\t\t\t\t\t\t\t\t\t<\/div>\n\t\t\t\t\t\t\t\t\t\t\t<\/div>\n\n\t\t\t\t<div class=\"teft-card__primary\">\n\t\t\t\t\t<h2 class=\"teft-card__title\">Budsjettforslag 2022&nbsp;<span class=\"teft-card__primary-title-append\"><\/span><\/h2>\t\t\t\t<\/div>\n\t\t\t<\/div>\n\t\t<\/a>\n\t<\/div>\n\n\t<\/div><\/div>\t<\/div>\n<\/div>\n","protected":false},"excerpt":{"rendered":"","protected":false},"author":0,"featured_media":0,"comment_status":"closed","ping_status":"closed","sticky":false,"template":"","format":"standard","meta":{"teft_cards_image_url":"","teft_cards_custom_pretitle":"","teft_cards_image_id":0,"teft_cards_image_focal_point_x":0,"teft_cards_image_focal_point_y":0,"teft_cards_title":"","teft_cards_excerpt":"","teft_show_chapters":false,"author_display_name":"Bj\u00f8rn Brekke","footnotes":""},"category":[1],"post_tag":[],"hoyre-visibility":[],"article-type":[],"politician":[],"class_list":["post-15","post","type-post","status-publish","format-standard","hentry","category-ukategorisert"],"yoast_head":"<!-- This site is optimized with the Yoast SEO plugin v26.6 - https:\/\/yoast.com\/wordpress\/plugins\/seo\/ -->\n<title>Budsjettalen til H\u00f8yre for Hurdal kommune for 2018 - Hurdal H\u00f8yre<\/title>\n<meta name=\"robots\" content=\"index, follow, max-snippet:-1, max-image-preview:large, max-video-preview:-1\" \/>\n<link rel=\"canonical\" href=\"https:\/\/hoyre.no\/hurdal\/aktuelt\/budsjettalen-til-hoy\/\" \/>\n<meta property=\"og:locale\" content=\"nb_NO\" \/>\n<meta property=\"og:type\" content=\"article\" \/>\n<meta property=\"og:title\" content=\"Budsjettalen til H\u00f8yre for Hurdal kommune for 2018 - Hurdal H\u00f8yre\" \/>\n<meta property=\"og:url\" content=\"https:\/\/hoyre.no\/hurdal\/aktuelt\/budsjettalen-til-hoy\/\" \/>\n<meta property=\"og:site_name\" content=\"Hurdal H\u00f8yre\" \/>\n<meta property=\"article:published_time\" content=\"2017-12-12T22:00:00+00:00\" \/>\n<meta property=\"og:image\" content=\"https:\/\/hoyre.no\/content\/uploads\/sites\/187\/2022\/11\/Hoyres-logo.png\" \/>\n\t<meta property=\"og:image:width\" content=\"1000\" \/>\n\t<meta property=\"og:image:height\" content=\"1000\" \/>\n\t<meta property=\"og:image:type\" content=\"image\/png\" \/>\n<meta name=\"twitter:card\" content=\"summary_large_image\" \/>\n<meta name=\"twitter:label1\" content=\"Ansl. lesetid\" \/>\n\t<meta name=\"twitter:data1\" content=\"7 minutter\" \/>\n<script type=\"application\/ld+json\" class=\"yoast-schema-graph\">{\"@context\":\"https:\/\/schema.org\",\"@graph\":[{\"@type\":\"NewsArticle\",\"@id\":\"https:\/\/hoyre.no\/hurdal\/aktuelt\/budsjettalen-til-hoy\/\",\"url\":\"https:\/\/hoyre.no\/hurdal\/aktuelt\/budsjettalen-til-hoy\/\",\"name\":\"Budsjettalen til H\u00f8yre for Hurdal kommune for 2018 - Hurdal H\u00f8yre\",\"isPartOf\":{\"@id\":\"https:\/\/hoyre.no\/hurdal\/#website\"},\"datePublished\":\"2017-12-12T22:00:00+00:00\",\"author\":{\"@id\":\"\"},\"breadcrumb\":{\"@id\":\"https:\/\/hoyre.no\/hurdal\/aktuelt\/budsjettalen-til-hoy\/#breadcrumb\"},\"inLanguage\":\"nb-NO\",\"potentialAction\":[{\"@type\":\"ReadAction\",\"target\":[\"https:\/\/hoyre.no\/hurdal\/aktuelt\/budsjettalen-til-hoy\/\"]}]},{\"@type\":\"BreadcrumbList\",\"@id\":\"https:\/\/hoyre.no\/hurdal\/aktuelt\/budsjettalen-til-hoy\/#breadcrumb\",\"itemListElement\":[{\"@type\":\"ListItem\",\"position\":1,\"name\":\"Til hoyre.no\",\"item\":\"https:\/\/hoyre.no\"},{\"@type\":\"ListItem\",\"position\":2,\"name\":\"Hjem\",\"item\":\"https:\/\/hoyre.no\/hurdal\/\"},{\"@type\":\"ListItem\",\"position\":3,\"name\":\"Budsjettalen til H\u00f8yre for Hurdal kommune for 2018\"}]},{\"@type\":\"WebSite\",\"@id\":\"https:\/\/hoyre.no\/hurdal\/#website\",\"url\":\"https:\/\/hoyre.no\/hurdal\/\",\"name\":\"Hurdal H\u00f8yre\",\"description\":\"Bare enda et H\u00f8yres nettsteder-nettsted\",\"inLanguage\":\"nb-NO\"}]}<\/script>\n<!-- \/ Yoast SEO plugin. -->","yoast_head_json":{"title":"Budsjettalen til H\u00f8yre for Hurdal kommune for 2018 - Hurdal H\u00f8yre","robots":{"index":"index","follow":"follow","max-snippet":"max-snippet:-1","max-image-preview":"max-image-preview:large","max-video-preview":"max-video-preview:-1"},"canonical":"https:\/\/hoyre.no\/hurdal\/aktuelt\/budsjettalen-til-hoy\/","og_locale":"nb_NO","og_type":"article","og_title":"Budsjettalen til H\u00f8yre for Hurdal kommune for 2018 - Hurdal H\u00f8yre","og_url":"https:\/\/hoyre.no\/hurdal\/aktuelt\/budsjettalen-til-hoy\/","og_site_name":"Hurdal H\u00f8yre","article_published_time":"2017-12-12T22:00:00+00:00","og_image":[{"width":1000,"height":1000,"url":"https:\/\/hoyre.no\/content\/uploads\/sites\/187\/2022\/11\/Hoyres-logo.png","type":"image\/png"}],"twitter_card":"summary_large_image","twitter_misc":{"Ansl. lesetid":"7 minutter"},"schema":{"@context":"https:\/\/schema.org","@graph":[{"@type":"NewsArticle","@id":"https:\/\/hoyre.no\/hurdal\/aktuelt\/budsjettalen-til-hoy\/","url":"https:\/\/hoyre.no\/hurdal\/aktuelt\/budsjettalen-til-hoy\/","name":"Budsjettalen til H\u00f8yre for Hurdal kommune for 2018 - Hurdal H\u00f8yre","isPartOf":{"@id":"https:\/\/hoyre.no\/hurdal\/#website"},"datePublished":"2017-12-12T22:00:00+00:00","author":{"@id":""},"breadcrumb":{"@id":"https:\/\/hoyre.no\/hurdal\/aktuelt\/budsjettalen-til-hoy\/#breadcrumb"},"inLanguage":"nb-NO","potentialAction":[{"@type":"ReadAction","target":["https:\/\/hoyre.no\/hurdal\/aktuelt\/budsjettalen-til-hoy\/"]}]},{"@type":"BreadcrumbList","@id":"https:\/\/hoyre.no\/hurdal\/aktuelt\/budsjettalen-til-hoy\/#breadcrumb","itemListElement":[{"@type":"ListItem","position":1,"name":"Til hoyre.no","item":"https:\/\/hoyre.no"},{"@type":"ListItem","position":2,"name":"Hjem","item":"https:\/\/hoyre.no\/hurdal\/"},{"@type":"ListItem","position":3,"name":"Budsjettalen til H\u00f8yre for Hurdal kommune for 2018"}]},{"@type":"WebSite","@id":"https:\/\/hoyre.no\/hurdal\/#website","url":"https:\/\/hoyre.no\/hurdal\/","name":"Hurdal H\u00f8yre","description":"Bare enda et H\u00f8yres nettsteder-nettsted","inLanguage":"nb-NO"}]}},"distributor_meta":false,"distributor_terms":false,"distributor_media":false,"distributor_original_site_name":"Hurdal H\u00f8yre","distributor_original_site_url":"https:\/\/hoyre.no\/hurdal","push-errors":false,"_links":{"self":[{"href":"https:\/\/hoyre.no\/hurdal\/wp-json\/wp\/v2\/posts\/15","targetHints":{"allow":["GET"]}}],"collection":[{"href":"https:\/\/hoyre.no\/hurdal\/wp-json\/wp\/v2\/posts"}],"about":[{"href":"https:\/\/hoyre.no\/hurdal\/wp-json\/wp\/v2\/types\/post"}],"replies":[{"embeddable":true,"href":"https:\/\/hoyre.no\/hurdal\/wp-json\/wp\/v2\/comments?post=15"}],"version-history":[{"count":0,"href":"https:\/\/hoyre.no\/hurdal\/wp-json\/wp\/v2\/posts\/15\/revisions"}],"wp:attachment":[{"href":"https:\/\/hoyre.no\/hurdal\/wp-json\/wp\/v2\/media?parent=15"}],"wp:term":[{"taxonomy":"category","embeddable":true,"href":"https:\/\/hoyre.no\/hurdal\/wp-json\/wp\/v2\/category?post=15"},{"taxonomy":"post_tag","embeddable":true,"href":"https:\/\/hoyre.no\/hurdal\/wp-json\/wp\/v2\/post_tag?post=15"},{"taxonomy":"hoyre-visibility","embeddable":true,"href":"https:\/\/hoyre.no\/hurdal\/wp-json\/wp\/v2\/hoyre-visibility?post=15"},{"taxonomy":"article-type","embeddable":true,"href":"https:\/\/hoyre.no\/hurdal\/wp-json\/wp\/v2\/article-type?post=15"},{"taxonomy":"politician","embeddable":true,"href":"https:\/\/hoyre.no\/hurdal\/wp-json\/wp\/v2\/politician?post=15"}],"curies":[{"name":"wp","href":"https:\/\/api.w.org\/{rel}","templated":true}]}}