{"id":18,"date":"2018-05-10T22:00:00","date_gmt":"2018-05-10T20:00:00","guid":{"rendered":"https:\/\/hoyre.no\/hurdal\/aktuelt\/ny_leder_i_hurdal_hoyre\/"},"modified":"2018-05-10T22:00:00","modified_gmt":"2018-05-10T20:00:00","slug":"ny_leder_i_hurdal_hoyre","status":"publish","type":"post","link":"https:\/\/hoyre.no\/hurdal\/aktuelt\/ny_leder_i_hurdal_hoyre\/","title":{"rendered":"Ny leder i Hurdal H\u00f8yre"},"content":{"rendered":"<p class=\"preamble\">P\u00e5det ekstraordin\u00e6re \u00e5rsm\u00f8tet 9\/5-18 ble Andreas Rafdal enstemmig valgt til nyleder av Hurdal H\u00f8yre. Grethe Schj\u00f8ll g\u00e5r av som leder, men fortsetterheldigvis i styret.<\/p>\t\t\t<div class=\"post-meta wp-block teft-byline-wrapper\">\n\t\t\t\t<div class=\"top\">\n\t\t\t\t\t<div class=\"signature\">\n\t\t\t\t\t\t<div class=\"teft-byline\">\n\t\t\t\t\t\t\t\t\t\t\t\t\t\t<div>\n\t\t\t\t\t\t\t\t<h3>H\u00f8yres redaksjon<\/h3>\t\t\t\t\t\t\t\t\n\t\t\t\t\t\t\t\t\t\t\t\t\t\t\t\t\t<span class=\"date\">Sist oppdatert: 10. mai 2018<\/span>\n\t\t\t\t\t\t\t\t\t\t\t\t\t\t\t\t\t\t\t\t\t\t\t\t\t<span class=\"reading-time\" itemprop=\"timeRequired\" content=\"PT1M\"><em>Ca. 1 minutter lesetid<\/em><\/span>\n\t\t\t\t\t\t\t\t\t\t\t\t\t\t\t<\/div>\n\t\t\t\t\t\t<\/div>\n\t\t\t\t\t<\/div>\n\t\t\t\t\t\t<div class=\"sharing\">\n\t\t<a class=\"share-button share-link copy-link\" data-copy=\"https:\/\/hoyre.no\/hurdal\/aktuelt\/ny_leder_i_hurdal_hoyre\/\" target=\"_blank\"><span class=\"screen-reader-text\">Del link<\/span><\/a>\n\t\t<a class=\"share-button share-twitter\" href=\"http:\/\/twitter.com\/share?text=Ny leder i Hurdal H\u00f8yre&#038;url=https:\/\/hoyre.no\/hurdal\/aktuelt\/ny_leder_i_hurdal_hoyre\/&#038;hashtags=Hoyre\" target=\"_blank\"><span class=\"screen-reader-text\">Del p\u00e5 twitter<\/span><\/a>\n\t\t<a class=\"share-button share-facebook\" href=\"https:\/\/www.facebook.com\/sharer\/sharer.php?u=https:\/\/hoyre.no\/hurdal\/aktuelt\/ny_leder_i_hurdal_hoyre\/\" target=\"_blank\"><span class=\"screen-reader-text\">Del p\u00e5 facebook<\/span><\/a>\n\t<\/div>\n\t\t\t\t\t<\/div>\n\t\t\t<\/div>\n\n\t\t\t<figure class=\"hoyre-image-wrapper\"><div class=\"hoyre-image\"><img loading=\"lazy\" decoding=\"async\" width=\"1920\" height=\"1080\" src=\"https:\/\/hoyre.no\/content\/uploads\/sites\/187\/2020\/11\/2750948_fallback.jpg\" class=\"attachment-scaled size-scaled\" alt=\"\" style=\"object-position: 50% 50%\" srcset=\"https:\/\/hoyre.no\/content\/uploads\/sites\/187\/2020\/11\/2750948_fallback.jpg 1920w, https:\/\/hoyre.no\/content\/uploads\/sites\/187\/2020\/11\/2750948_fallback-300x169.jpg 300w, https:\/\/hoyre.no\/content\/uploads\/sites\/187\/2020\/11\/2750948_fallback-1024x576.jpg 1024w, https:\/\/hoyre.no\/content\/uploads\/sites\/187\/2020\/11\/2750948_fallback-768x432.jpg 768w, https:\/\/hoyre.no\/content\/uploads\/sites\/187\/2020\/11\/2750948_fallback-1536x864.jpg 1536w\" sizes=\"auto, (max-width: 1920px) 100vw, 1920px\" \/><\/div><\/figure><div id=\"hoyre-old-article-content-wrapper\"><p>  Andreas ble valgt inn i styret v\u00e5rt i November 2017 og sitter ogs\u00e5 i kommunestyret. Han ble valgt inn i kommunestyret i 2015, men har v\u00e6rt politisk aktiv siden 2011. Tidligere har han v\u00e6rt nestleder i Hurdal H\u00f8yre. -Jeg synes det er veldig spennende \u00e5 skulle lede Hurdal H\u00f8yre fremover. Det er en oppgave og utfordring jeg gleder meg til \u00e5 ta fatt p\u00e5. N\u00e5 skal vi jobbe godt og systematisk frem mot neste valg, der vi har en klar formening og forh\u00e5pning om \u00e5 f\u00e5 til et politisk skifte her i bygda, sier han. Det skal jobbes godt og grundig i alle ledd for \u00e5 f\u00e5 til dette.<\/p>Andreas \u00f8nsker som leder ogs\u00e5 \u00e5 legge vekt p\u00e5 atHurdal H\u00f8yre skal v\u00e6re oppdatert i alle kanaler og fortsatt v\u00e6re partiet ibygda som er mest synlig og best p\u00e5 sosiale medier. -Skal vi vinne valget m\u00e5 vif\u00e5 frem politikken v\u00e5r til s\u00e5 mange som mulig, og da m\u00e5 vi v\u00e6re p\u00e5 hugget ialle relevante kanaler, sier han. Vi skal snakke om v\u00e5r politikk, og om hvorforden er best for Hurdal.<p><br \/><\/p><\/div>\n<div class=\"tags\">\n\t<\/div>\n<div class=\"post-footer alignfull has-background block-editor-block-list__block\" data-align=full>\n\t<div class=\"post-footer-inner\">\n\t\t<h3>Relaterte artikler<\/h3>\n\t\t<div class=\"related-content\"><div class=\"is-card-hoyre\">\n\t<div class=\"teft-card hoyre-teft-card post-teft-card\">\n\t\t<a href=\"https:\/\/hoyre.no\/hurdal\/aktuelt\/grip-energi\/\" class=\"teft-card__primary-action\">\n\n\t\t\t<div class=\"teft-card__media teft-card__media--16-9 no-image\"><\/div>\n\t\t\t<div class=\"teft-card__content-wrapper\">\n\t\t\t\t<div class=\"teft-card__secondary\">\n\t\t\t\t\t\n\t\t\t\t\t\t\t\t<div class=\"teft-card__meta\">\n\t\t\t\t\t\t\t\t\t<span class=\"post-date\">23. okt 2025<\/span>\n\n\t\t\t\t\t\t\t\t\t\t\t\t\t\t\t\t\t<\/div>\n\t\t\t\t\t\t\t\t\t\t\t<\/div>\n\n\t\t\t\t<div class=\"teft-card__primary\">\n\t\t\t\t\t<h2 class=\"teft-card__title\">Grip Energi&nbsp;<span class=\"teft-card__primary-title-append\"><\/span><\/h2>\t\t\t\t<\/div>\n\t\t\t<\/div>\n\t\t<\/a>\n\t<\/div>\n\n\t<\/div><div class=\"is-card-hoyre\">\n\t<div class=\"teft-card hoyre-teft-card post-teft-card\">\n\t\t<a href=\"https:\/\/hoyre.no\/hurdal\/aktuelt\/50\/\" class=\"teft-card__primary-action\">\n\n\t\t\t<div class=\"teft-card__media teft-card__media--16-9 no-image\"><\/div>\n\t\t\t<div class=\"teft-card__content-wrapper\">\n\t\t\t\t<div class=\"teft-card__secondary\">\n\t\t\t\t\t\n\t\t\t\t\t\t\t\t<div class=\"teft-card__meta\">\n\t\t\t\t\t\t\t\t\t<span class=\"post-date\">8. aug 2023<\/span>\n\n\t\t\t\t\t\t\t\t\t\t\t\t\t\t\t\t\t<\/div>\n\t\t\t\t\t\t\t\t\t\t\t<\/div>\n\n\t\t\t\t<div class=\"teft-card__primary\">\n\t\t\t\t\t<h2 class=\"teft-card__title\">Program kommunevalg 2023&nbsp;<span class=\"teft-card__primary-title-append\"><\/span><\/h2>\t\t\t\t<\/div>\n\t\t\t<\/div>\n\t\t<\/a>\n\t<\/div>\n\n\t<\/div><div class=\"is-card-hoyre\">\n\t<div class=\"teft-card hoyre-teft-card post-teft-card\">\n\t\t<a href=\"https:\/\/hoyre.no\/hurdal\/aktuelt\/budsjettforslag-2022\/\" class=\"teft-card__primary-action\">\n\n\t\t\t<div class=\"teft-card__media teft-card__media--16-9 no-image\"><\/div>\n\t\t\t<div class=\"teft-card__content-wrapper\">\n\t\t\t\t<div class=\"teft-card__secondary\">\n\t\t\t\t\t\n\t\t\t\t\t\t\t\t<div class=\"teft-card__meta\">\n\t\t\t\t\t\t\t\t\t<span class=\"post-date\">2. des 2021<\/span>\n\n\t\t\t\t\t\t\t\t\t\t\t\t\t\t\t\t\t<\/div>\n\t\t\t\t\t\t\t\t\t\t\t<\/div>\n\n\t\t\t\t<div class=\"teft-card__primary\">\n\t\t\t\t\t<h2 class=\"teft-card__title\">Budsjettforslag 2022&nbsp;<span class=\"teft-card__primary-title-append\"><\/span><\/h2>\t\t\t\t<\/div>\n\t\t\t<\/div>\n\t\t<\/a>\n\t<\/div>\n\n\t<\/div><\/div>\t<\/div>\n<\/div>\n","protected":false},"excerpt":{"rendered":"","protected":false},"author":0,"featured_media":0,"comment_status":"closed","ping_status":"closed","sticky":false,"template":"","format":"standard","meta":{"teft_cards_image_url":"https:\/\/hoyre.no\/content\/uploads\/sites\/187\/2020\/11\/2750948_fallback.jpg","teft_cards_custom_pretitle":"","teft_cards_image_id":17,"teft_cards_image_focal_point_x":0,"teft_cards_image_focal_point_y":0,"teft_cards_title":"","teft_cards_excerpt":"","teft_show_chapters":false,"author_display_name":"Andreas Rafdal","footnotes":""},"category":[1],"post_tag":[],"hoyre-visibility":[],"article-type":[],"politician":[],"class_list":["post-18","post","type-post","status-publish","format-standard","hentry","category-ukategorisert"],"yoast_head":"<!-- This site is optimized with the Yoast SEO plugin v26.6 - https:\/\/yoast.com\/wordpress\/plugins\/seo\/ -->\n<title>Ny leder i Hurdal H\u00f8yre - Hurdal H\u00f8yre<\/title>\n<meta name=\"robots\" content=\"index, follow, max-snippet:-1, max-image-preview:large, max-video-preview:-1\" \/>\n<link rel=\"canonical\" href=\"https:\/\/hoyre.no\/hurdal\/aktuelt\/ny_leder_i_hurdal_hoyre\/\" \/>\n<meta property=\"og:locale\" content=\"nb_NO\" \/>\n<meta property=\"og:type\" content=\"article\" \/>\n<meta property=\"og:title\" content=\"Ny leder i Hurdal H\u00f8yre - Hurdal H\u00f8yre\" \/>\n<meta property=\"og:url\" content=\"https:\/\/hoyre.no\/hurdal\/aktuelt\/ny_leder_i_hurdal_hoyre\/\" \/>\n<meta property=\"og:site_name\" content=\"Hurdal H\u00f8yre\" \/>\n<meta property=\"article:published_time\" content=\"2018-05-10T20:00:00+00:00\" \/>\n<meta property=\"og:image\" content=\"https:\/\/hoyre.no\/content\/uploads\/sites\/187\/2022\/11\/Hoyres-logo.png\" \/>\n\t<meta property=\"og:image:width\" content=\"1000\" \/>\n\t<meta property=\"og:image:height\" content=\"1000\" \/>\n\t<meta property=\"og:image:type\" content=\"image\/png\" \/>\n<meta name=\"twitter:card\" content=\"summary_large_image\" \/>\n<meta name=\"twitter:label1\" content=\"Ansl. lesetid\" \/>\n\t<meta name=\"twitter:data1\" content=\"1 minutt\" \/>\n<script type=\"application\/ld+json\" class=\"yoast-schema-graph\">{\"@context\":\"https:\/\/schema.org\",\"@graph\":[{\"@type\":\"NewsArticle\",\"@id\":\"https:\/\/hoyre.no\/hurdal\/aktuelt\/ny_leder_i_hurdal_hoyre\/\",\"url\":\"https:\/\/hoyre.no\/hurdal\/aktuelt\/ny_leder_i_hurdal_hoyre\/\",\"name\":\"Ny leder i Hurdal H\u00f8yre - Hurdal H\u00f8yre\",\"isPartOf\":{\"@id\":\"https:\/\/hoyre.no\/hurdal\/#website\"},\"datePublished\":\"2018-05-10T20:00:00+00:00\",\"author\":{\"@id\":\"\"},\"breadcrumb\":{\"@id\":\"https:\/\/hoyre.no\/hurdal\/aktuelt\/ny_leder_i_hurdal_hoyre\/#breadcrumb\"},\"inLanguage\":\"nb-NO\",\"potentialAction\":[{\"@type\":\"ReadAction\",\"target\":[\"https:\/\/hoyre.no\/hurdal\/aktuelt\/ny_leder_i_hurdal_hoyre\/\"]}]},{\"@type\":\"BreadcrumbList\",\"@id\":\"https:\/\/hoyre.no\/hurdal\/aktuelt\/ny_leder_i_hurdal_hoyre\/#breadcrumb\",\"itemListElement\":[{\"@type\":\"ListItem\",\"position\":1,\"name\":\"Til hoyre.no\",\"item\":\"https:\/\/hoyre.no\"},{\"@type\":\"ListItem\",\"position\":2,\"name\":\"Hjem\",\"item\":\"https:\/\/hoyre.no\/hurdal\/\"},{\"@type\":\"ListItem\",\"position\":3,\"name\":\"Ny leder i Hurdal H\u00f8yre\"}]},{\"@type\":\"WebSite\",\"@id\":\"https:\/\/hoyre.no\/hurdal\/#website\",\"url\":\"https:\/\/hoyre.no\/hurdal\/\",\"name\":\"Hurdal H\u00f8yre\",\"description\":\"Bare enda et H\u00f8yres nettsteder-nettsted\",\"inLanguage\":\"nb-NO\"}]}<\/script>\n<!-- \/ Yoast SEO plugin. -->","yoast_head_json":{"title":"Ny leder i Hurdal H\u00f8yre - Hurdal H\u00f8yre","robots":{"index":"index","follow":"follow","max-snippet":"max-snippet:-1","max-image-preview":"max-image-preview:large","max-video-preview":"max-video-preview:-1"},"canonical":"https:\/\/hoyre.no\/hurdal\/aktuelt\/ny_leder_i_hurdal_hoyre\/","og_locale":"nb_NO","og_type":"article","og_title":"Ny leder i Hurdal H\u00f8yre - Hurdal H\u00f8yre","og_url":"https:\/\/hoyre.no\/hurdal\/aktuelt\/ny_leder_i_hurdal_hoyre\/","og_site_name":"Hurdal H\u00f8yre","article_published_time":"2018-05-10T20:00:00+00:00","og_image":[{"width":1000,"height":1000,"url":"https:\/\/hoyre.no\/content\/uploads\/sites\/187\/2022\/11\/Hoyres-logo.png","type":"image\/png"}],"twitter_card":"summary_large_image","twitter_misc":{"Ansl. lesetid":"1 minutt"},"schema":{"@context":"https:\/\/schema.org","@graph":[{"@type":"NewsArticle","@id":"https:\/\/hoyre.no\/hurdal\/aktuelt\/ny_leder_i_hurdal_hoyre\/","url":"https:\/\/hoyre.no\/hurdal\/aktuelt\/ny_leder_i_hurdal_hoyre\/","name":"Ny leder i Hurdal H\u00f8yre - Hurdal H\u00f8yre","isPartOf":{"@id":"https:\/\/hoyre.no\/hurdal\/#website"},"datePublished":"2018-05-10T20:00:00+00:00","author":{"@id":""},"breadcrumb":{"@id":"https:\/\/hoyre.no\/hurdal\/aktuelt\/ny_leder_i_hurdal_hoyre\/#breadcrumb"},"inLanguage":"nb-NO","potentialAction":[{"@type":"ReadAction","target":["https:\/\/hoyre.no\/hurdal\/aktuelt\/ny_leder_i_hurdal_hoyre\/"]}]},{"@type":"BreadcrumbList","@id":"https:\/\/hoyre.no\/hurdal\/aktuelt\/ny_leder_i_hurdal_hoyre\/#breadcrumb","itemListElement":[{"@type":"ListItem","position":1,"name":"Til hoyre.no","item":"https:\/\/hoyre.no"},{"@type":"ListItem","position":2,"name":"Hjem","item":"https:\/\/hoyre.no\/hurdal\/"},{"@type":"ListItem","position":3,"name":"Ny leder i Hurdal H\u00f8yre"}]},{"@type":"WebSite","@id":"https:\/\/hoyre.no\/hurdal\/#website","url":"https:\/\/hoyre.no\/hurdal\/","name":"Hurdal H\u00f8yre","description":"Bare enda et H\u00f8yres nettsteder-nettsted","inLanguage":"nb-NO"}]}},"distributor_meta":false,"distributor_terms":false,"distributor_media":false,"distributor_original_site_name":"Hurdal H\u00f8yre","distributor_original_site_url":"https:\/\/hoyre.no\/hurdal","push-errors":false,"_links":{"self":[{"href":"https:\/\/hoyre.no\/hurdal\/wp-json\/wp\/v2\/posts\/18","targetHints":{"allow":["GET"]}}],"collection":[{"href":"https:\/\/hoyre.no\/hurdal\/wp-json\/wp\/v2\/posts"}],"about":[{"href":"https:\/\/hoyre.no\/hurdal\/wp-json\/wp\/v2\/types\/post"}],"replies":[{"embeddable":true,"href":"https:\/\/hoyre.no\/hurdal\/wp-json\/wp\/v2\/comments?post=18"}],"version-history":[{"count":0,"href":"https:\/\/hoyre.no\/hurdal\/wp-json\/wp\/v2\/posts\/18\/revisions"}],"wp:attachment":[{"href":"https:\/\/hoyre.no\/hurdal\/wp-json\/wp\/v2\/media?parent=18"}],"wp:term":[{"taxonomy":"category","embeddable":true,"href":"https:\/\/hoyre.no\/hurdal\/wp-json\/wp\/v2\/category?post=18"},{"taxonomy":"post_tag","embeddable":true,"href":"https:\/\/hoyre.no\/hurdal\/wp-json\/wp\/v2\/post_tag?post=18"},{"taxonomy":"hoyre-visibility","embeddable":true,"href":"https:\/\/hoyre.no\/hurdal\/wp-json\/wp\/v2\/hoyre-visibility?post=18"},{"taxonomy":"article-type","embeddable":true,"href":"https:\/\/hoyre.no\/hurdal\/wp-json\/wp\/v2\/article-type?post=18"},{"taxonomy":"politician","embeddable":true,"href":"https:\/\/hoyre.no\/hurdal\/wp-json\/wp\/v2\/politician?post=18"}],"curies":[{"name":"wp","href":"https:\/\/api.w.org\/{rel}","templated":true}]}}