{"id":25,"date":"2021-09-17T18:57:13","date_gmt":"2021-09-17T16:57:13","guid":{"rendered":"https:\/\/hoyre.no\/hurdal\/?p=25"},"modified":"2021-09-17T18:57:13","modified_gmt":"2021-09-17T16:57:13","slug":"vi-onsker-a-bevare-et-godt-og-lokalt-brannvesen-i-hurdal","status":"publish","type":"post","link":"https:\/\/hoyre.no\/hurdal\/aktuelt\/vi-onsker-a-bevare-et-godt-og-lokalt-brannvesen-i-hurdal\/","title":{"rendered":"Vi \u00f8nsker \u00e5 bevare et godt og lokalt brannvesen i Hurdal!"},"content":{"rendered":"\n<p class=\"preamble\">Hurdal er medlem av \u00d8vre Romerike brann og redning, kalt \u00d8RBR, sammen med de andre kommunene p\u00e5 \u00d8vre Romerike.<\/p>\n\n\n\n\n<p>For tiden p\u00e5g\u00e5r det et arbeid med \u00e5 revidere selskapets selskapsavtale, som blant annet omfatter selskapets mandat, myndighet og finansieringsmodell. Som regel foreg\u00e5r slike revideringer uten s\u00e6rlig dramatikk, og det er som regel enighet blant eierkommunene om veien videre.&nbsp;<\/p>\n\n\n\n<p>I dag er det kommunene som bestemmer plassering av brannstasjonene. Derfor ble vi i H\u00f8yre sv\u00e6rt overrasket da vi oppdager at det foresl\u00e5s at denne myndigheten overf\u00f8res til \u00d8RBR. I ytterste konsekvens betyr det at \u00d8RBR kan vedta \u00e5 legge ned brannstasjonen i Hurdal uten at kommunestyret i Hurdal kan gj\u00f8re noe med det.&nbsp;<\/p>\n\n\n\n<p>I Hurdal har vi et sv\u00e6rt kompetent og velfungerende brannvesen som best\u00e5r av en gjeng lokale helter med deltidsstilling i brannvesenet. Disse gutta har en helt unik lokalkunnskap og en sv\u00e6rt kort responstid. Enten det er snakk om brann, bilulykke eller hjertestans, g\u00e5r det aldri lang tid f\u00f8r de er p\u00e5 plass med f\u00f8rsteklasses bistand. I slike tilfeller teller b\u00e5de minutter og sekunder.&nbsp;<\/p>\n\n\n\n<p>La meg gj\u00f8re det helt klart: For oss i H\u00f8yre vil det v\u00e6re helt uaktuelt \u00e5 stille oss i den posisjonen at vi kan miste brannstasjonen v\u00e5r. Derfor er jeg veldig glad for at et enstemmig kommunestyre onsdag 15. september spilte inn dette i et tydelig h\u00f8ringssvar til \u00d8RBR, og jeg tar det for gitt at de andre eierkommunene forst\u00e5r og respekterer dette.&nbsp;<\/p>\n\n\n\n<p>\u00d8RBR har lagt inn store kostnads\u00f8kninger i tiden fremover. Derfor har vi ogs\u00e5 spilt inn at ambisjonene m\u00e5 jekkes ned i tr\u00e5d med kommune\u00f8konomien. Vi m\u00e5 snu trenden med&nbsp; stadige kutt i blant annet helse og skole fordi kostnadene til interkommunale selskaper \u00f8ker.&nbsp;<\/p>\n\n\n\n<p>Andreas Rafdal<\/p>\n\n\n\n<p>Gruppeleder Hurdal H\u00f8yre<\/p>\n\n\n<div class=\"tags\">\n\t<\/div>\n<div class=\"post-footer alignfull has-background block-editor-block-list__block\" data-align=full>\n\t<div class=\"post-footer-inner\">\n\t\t<h3>Relaterte artikler<\/h3>\n\t\t<div class=\"related-content\"><div class=\"is-card-hoyre\">\n\t<div class=\"teft-card hoyre-teft-card post-teft-card\">\n\t\t<a href=\"https:\/\/hoyre.no\/hurdal\/aktuelt\/grip-energi\/\" class=\"teft-card__primary-action\">\n\n\t\t\t<div class=\"teft-card__media teft-card__media--16-9 no-image\"><\/div>\n\t\t\t<div class=\"teft-card__content-wrapper\">\n\t\t\t\t<div class=\"teft-card__secondary\">\n\t\t\t\t\t\n\t\t\t\t\t\t\t\t<div class=\"teft-card__meta\">\n\t\t\t\t\t\t\t\t\t<span class=\"post-date\">23. okt 2025<\/span>\n\n\t\t\t\t\t\t\t\t\t\t\t\t\t\t\t\t\t<\/div>\n\t\t\t\t\t\t\t\t\t\t\t<\/div>\n\n\t\t\t\t<div class=\"teft-card__primary\">\n\t\t\t\t\t<h2 class=\"teft-card__title\">Grip Energi&nbsp;<span class=\"teft-card__primary-title-append\"><\/span><\/h2>\t\t\t\t<\/div>\n\t\t\t<\/div>\n\t\t<\/a>\n\t<\/div>\n\n\t<\/div><div class=\"is-card-hoyre\">\n\t<div class=\"teft-card hoyre-teft-card post-teft-card\">\n\t\t<a href=\"https:\/\/hoyre.no\/hurdal\/aktuelt\/50\/\" class=\"teft-card__primary-action\">\n\n\t\t\t<div class=\"teft-card__media teft-card__media--16-9 no-image\"><\/div>\n\t\t\t<div class=\"teft-card__content-wrapper\">\n\t\t\t\t<div class=\"teft-card__secondary\">\n\t\t\t\t\t\n\t\t\t\t\t\t\t\t<div class=\"teft-card__meta\">\n\t\t\t\t\t\t\t\t\t<span class=\"post-date\">8. aug 2023<\/span>\n\n\t\t\t\t\t\t\t\t\t\t\t\t\t\t\t\t\t<\/div>\n\t\t\t\t\t\t\t\t\t\t\t<\/div>\n\n\t\t\t\t<div class=\"teft-card__primary\">\n\t\t\t\t\t<h2 class=\"teft-card__title\">Program kommunevalg 2023&nbsp;<span class=\"teft-card__primary-title-append\"><\/span><\/h2>\t\t\t\t<\/div>\n\t\t\t<\/div>\n\t\t<\/a>\n\t<\/div>\n\n\t<\/div><div class=\"is-card-hoyre\">\n\t<div class=\"teft-card hoyre-teft-card post-teft-card\">\n\t\t<a href=\"https:\/\/hoyre.no\/hurdal\/aktuelt\/budsjettforslag-2022\/\" class=\"teft-card__primary-action\">\n\n\t\t\t<div class=\"teft-card__media teft-card__media--16-9 no-image\"><\/div>\n\t\t\t<div class=\"teft-card__content-wrapper\">\n\t\t\t\t<div class=\"teft-card__secondary\">\n\t\t\t\t\t\n\t\t\t\t\t\t\t\t<div class=\"teft-card__meta\">\n\t\t\t\t\t\t\t\t\t<span class=\"post-date\">2. des 2021<\/span>\n\n\t\t\t\t\t\t\t\t\t\t\t\t\t\t\t\t\t<\/div>\n\t\t\t\t\t\t\t\t\t\t\t<\/div>\n\n\t\t\t\t<div class=\"teft-card__primary\">\n\t\t\t\t\t<h2 class=\"teft-card__title\">Budsjettforslag 2022&nbsp;<span class=\"teft-card__primary-title-append\"><\/span><\/h2>\t\t\t\t<\/div>\n\t\t\t<\/div>\n\t\t<\/a>\n\t<\/div>\n\n\t<\/div><\/div>\t<\/div>\n<\/div>\n","protected":false},"excerpt":{"rendered":"","protected":false},"author":13824,"featured_media":0,"comment_status":"closed","ping_status":"closed","sticky":false,"template":"","format":"standard","meta":{"teft_cards_image_url":"","teft_cards_custom_pretitle":"","teft_cards_image_id":0,"teft_cards_image_focal_point_x":0,"teft_cards_image_focal_point_y":0,"teft_cards_title":"","teft_cards_excerpt":"","teft_show_chapters":false,"author_display_name":"","footnotes":""},"category":[1],"post_tag":[],"hoyre-visibility":[],"article-type":[],"politician":[],"class_list":["post-25","post","type-post","status-publish","format-standard","hentry","category-ukategorisert"],"yoast_head":"<!-- This site is optimized with the Yoast SEO plugin v26.6 - https:\/\/yoast.com\/wordpress\/plugins\/seo\/ -->\n<title>Vi \u00f8nsker \u00e5 bevare et godt og lokalt brannvesen i Hurdal! - Hurdal H\u00f8yre<\/title>\n<meta name=\"robots\" content=\"index, follow, max-snippet:-1, max-image-preview:large, max-video-preview:-1\" \/>\n<link rel=\"canonical\" href=\"https:\/\/hoyre.no\/hurdal\/aktuelt\/vi-onsker-a-bevare-et-godt-og-lokalt-brannvesen-i-hurdal\/\" \/>\n<meta property=\"og:locale\" content=\"nb_NO\" \/>\n<meta property=\"og:type\" content=\"article\" \/>\n<meta property=\"og:title\" content=\"Vi \u00f8nsker \u00e5 bevare et godt og lokalt brannvesen i Hurdal! - Hurdal H\u00f8yre\" \/>\n<meta property=\"og:url\" content=\"https:\/\/hoyre.no\/hurdal\/aktuelt\/vi-onsker-a-bevare-et-godt-og-lokalt-brannvesen-i-hurdal\/\" \/>\n<meta property=\"og:site_name\" content=\"Hurdal H\u00f8yre\" \/>\n<meta property=\"article:published_time\" content=\"2021-09-17T16:57:13+00:00\" \/>\n<meta property=\"og:image\" content=\"https:\/\/hoyre.no\/content\/uploads\/sites\/187\/2022\/11\/Hoyres-logo.png\" \/>\n\t<meta property=\"og:image:width\" content=\"1000\" \/>\n\t<meta property=\"og:image:height\" content=\"1000\" \/>\n\t<meta property=\"og:image:type\" content=\"image\/png\" \/>\n<meta name=\"author\" content=\"Andreas Rafdal\" \/>\n<meta name=\"twitter:card\" content=\"summary_large_image\" \/>\n<meta name=\"twitter:label1\" content=\"Skrevet av\" \/>\n\t<meta name=\"twitter:data1\" content=\"Andreas Rafdal\" \/>\n\t<meta name=\"twitter:label2\" content=\"Ansl. lesetid\" \/>\n\t<meta name=\"twitter:data2\" content=\"2 minutter\" \/>\n<script type=\"application\/ld+json\" class=\"yoast-schema-graph\">{\"@context\":\"https:\/\/schema.org\",\"@graph\":[{\"@type\":\"NewsArticle\",\"@id\":\"https:\/\/hoyre.no\/hurdal\/aktuelt\/vi-onsker-a-bevare-et-godt-og-lokalt-brannvesen-i-hurdal\/\",\"url\":\"https:\/\/hoyre.no\/hurdal\/aktuelt\/vi-onsker-a-bevare-et-godt-og-lokalt-brannvesen-i-hurdal\/\",\"name\":\"Vi \u00f8nsker \u00e5 bevare et godt og lokalt brannvesen i Hurdal! - Hurdal H\u00f8yre\",\"isPartOf\":{\"@id\":\"https:\/\/hoyre.no\/hurdal\/#website\"},\"datePublished\":\"2021-09-17T16:57:13+00:00\",\"author\":{\"@id\":\"https:\/\/hoyre.no\/hurdal\/#\/schema\/person\/21774b3a6400208942c687b01e8db135\"},\"breadcrumb\":{\"@id\":\"https:\/\/hoyre.no\/hurdal\/aktuelt\/vi-onsker-a-bevare-et-godt-og-lokalt-brannvesen-i-hurdal\/#breadcrumb\"},\"inLanguage\":\"nb-NO\",\"potentialAction\":[{\"@type\":\"ReadAction\",\"target\":[\"https:\/\/hoyre.no\/hurdal\/aktuelt\/vi-onsker-a-bevare-et-godt-og-lokalt-brannvesen-i-hurdal\/\"]}]},{\"@type\":\"BreadcrumbList\",\"@id\":\"https:\/\/hoyre.no\/hurdal\/aktuelt\/vi-onsker-a-bevare-et-godt-og-lokalt-brannvesen-i-hurdal\/#breadcrumb\",\"itemListElement\":[{\"@type\":\"ListItem\",\"position\":1,\"name\":\"Til hoyre.no\",\"item\":\"https:\/\/hoyre.no\"},{\"@type\":\"ListItem\",\"position\":2,\"name\":\"Hjem\",\"item\":\"https:\/\/hoyre.no\/hurdal\/\"},{\"@type\":\"ListItem\",\"position\":3,\"name\":\"Vi \u00f8nsker \u00e5 bevare et godt og lokalt brannvesen i Hurdal!\"}]},{\"@type\":\"WebSite\",\"@id\":\"https:\/\/hoyre.no\/hurdal\/#website\",\"url\":\"https:\/\/hoyre.no\/hurdal\/\",\"name\":\"Hurdal H\u00f8yre\",\"description\":\"Bare enda et H\u00f8yres nettsteder-nettsted\",\"inLanguage\":\"nb-NO\"},{\"@type\":\"Person\",\"@id\":\"https:\/\/hoyre.no\/hurdal\/#\/schema\/person\/21774b3a6400208942c687b01e8db135\",\"name\":\"Andreas Rafdal\",\"image\":{\"@type\":\"ImageObject\",\"inLanguage\":\"nb-NO\",\"@id\":\"https:\/\/hoyre.no\/hurdal\/#\/schema\/person\/image\/\",\"url\":\"https:\/\/secure.gravatar.com\/avatar\/161e5ea55a9ba55a2f0d6a820d96fe531dd52a1cd1004df1d6c74174809859bb?s=96&d=mm&r=g\",\"contentUrl\":\"https:\/\/secure.gravatar.com\/avatar\/161e5ea55a9ba55a2f0d6a820d96fe531dd52a1cd1004df1d6c74174809859bb?s=96&d=mm&r=g\",\"caption\":\"Andreas Rafdal\"},\"url\":\"https:\/\/hoyre.no\/hurdal\/aktuelt\/author\/m50669902\/\"}]}<\/script>\n<!-- \/ Yoast SEO plugin. -->","yoast_head_json":{"title":"Vi \u00f8nsker \u00e5 bevare et godt og lokalt brannvesen i Hurdal! - Hurdal H\u00f8yre","robots":{"index":"index","follow":"follow","max-snippet":"max-snippet:-1","max-image-preview":"max-image-preview:large","max-video-preview":"max-video-preview:-1"},"canonical":"https:\/\/hoyre.no\/hurdal\/aktuelt\/vi-onsker-a-bevare-et-godt-og-lokalt-brannvesen-i-hurdal\/","og_locale":"nb_NO","og_type":"article","og_title":"Vi \u00f8nsker \u00e5 bevare et godt og lokalt brannvesen i Hurdal! - Hurdal H\u00f8yre","og_url":"https:\/\/hoyre.no\/hurdal\/aktuelt\/vi-onsker-a-bevare-et-godt-og-lokalt-brannvesen-i-hurdal\/","og_site_name":"Hurdal H\u00f8yre","article_published_time":"2021-09-17T16:57:13+00:00","og_image":[{"width":1000,"height":1000,"url":"https:\/\/hoyre.no\/content\/uploads\/sites\/187\/2022\/11\/Hoyres-logo.png","type":"image\/png"}],"author":"Andreas Rafdal","twitter_card":"summary_large_image","twitter_misc":{"Skrevet av":"Andreas Rafdal","Ansl. lesetid":"2 minutter"},"schema":{"@context":"https:\/\/schema.org","@graph":[{"@type":"NewsArticle","@id":"https:\/\/hoyre.no\/hurdal\/aktuelt\/vi-onsker-a-bevare-et-godt-og-lokalt-brannvesen-i-hurdal\/","url":"https:\/\/hoyre.no\/hurdal\/aktuelt\/vi-onsker-a-bevare-et-godt-og-lokalt-brannvesen-i-hurdal\/","name":"Vi \u00f8nsker \u00e5 bevare et godt og lokalt brannvesen i Hurdal! - Hurdal H\u00f8yre","isPartOf":{"@id":"https:\/\/hoyre.no\/hurdal\/#website"},"datePublished":"2021-09-17T16:57:13+00:00","author":{"@id":"https:\/\/hoyre.no\/hurdal\/#\/schema\/person\/21774b3a6400208942c687b01e8db135"},"breadcrumb":{"@id":"https:\/\/hoyre.no\/hurdal\/aktuelt\/vi-onsker-a-bevare-et-godt-og-lokalt-brannvesen-i-hurdal\/#breadcrumb"},"inLanguage":"nb-NO","potentialAction":[{"@type":"ReadAction","target":["https:\/\/hoyre.no\/hurdal\/aktuelt\/vi-onsker-a-bevare-et-godt-og-lokalt-brannvesen-i-hurdal\/"]}]},{"@type":"BreadcrumbList","@id":"https:\/\/hoyre.no\/hurdal\/aktuelt\/vi-onsker-a-bevare-et-godt-og-lokalt-brannvesen-i-hurdal\/#breadcrumb","itemListElement":[{"@type":"ListItem","position":1,"name":"Til hoyre.no","item":"https:\/\/hoyre.no"},{"@type":"ListItem","position":2,"name":"Hjem","item":"https:\/\/hoyre.no\/hurdal\/"},{"@type":"ListItem","position":3,"name":"Vi \u00f8nsker \u00e5 bevare et godt og lokalt brannvesen i Hurdal!"}]},{"@type":"WebSite","@id":"https:\/\/hoyre.no\/hurdal\/#website","url":"https:\/\/hoyre.no\/hurdal\/","name":"Hurdal H\u00f8yre","description":"Bare enda et H\u00f8yres nettsteder-nettsted","inLanguage":"nb-NO"},{"@type":"Person","@id":"https:\/\/hoyre.no\/hurdal\/#\/schema\/person\/21774b3a6400208942c687b01e8db135","name":"Andreas Rafdal","image":{"@type":"ImageObject","inLanguage":"nb-NO","@id":"https:\/\/hoyre.no\/hurdal\/#\/schema\/person\/image\/","url":"https:\/\/secure.gravatar.com\/avatar\/161e5ea55a9ba55a2f0d6a820d96fe531dd52a1cd1004df1d6c74174809859bb?s=96&d=mm&r=g","contentUrl":"https:\/\/secure.gravatar.com\/avatar\/161e5ea55a9ba55a2f0d6a820d96fe531dd52a1cd1004df1d6c74174809859bb?s=96&d=mm&r=g","caption":"Andreas Rafdal"},"url":"https:\/\/hoyre.no\/hurdal\/aktuelt\/author\/m50669902\/"}]}},"distributor_meta":false,"distributor_terms":false,"distributor_media":false,"distributor_original_site_name":"Hurdal H\u00f8yre","distributor_original_site_url":"https:\/\/hoyre.no\/hurdal","push-errors":false,"_links":{"self":[{"href":"https:\/\/hoyre.no\/hurdal\/wp-json\/wp\/v2\/posts\/25","targetHints":{"allow":["GET"]}}],"collection":[{"href":"https:\/\/hoyre.no\/hurdal\/wp-json\/wp\/v2\/posts"}],"about":[{"href":"https:\/\/hoyre.no\/hurdal\/wp-json\/wp\/v2\/types\/post"}],"author":[{"embeddable":true,"href":"https:\/\/hoyre.no\/hurdal\/wp-json\/wp\/v2\/users\/13824"}],"replies":[{"embeddable":true,"href":"https:\/\/hoyre.no\/hurdal\/wp-json\/wp\/v2\/comments?post=25"}],"version-history":[{"count":2,"href":"https:\/\/hoyre.no\/hurdal\/wp-json\/wp\/v2\/posts\/25\/revisions"}],"predecessor-version":[{"id":27,"href":"https:\/\/hoyre.no\/hurdal\/wp-json\/wp\/v2\/posts\/25\/revisions\/27"}],"wp:attachment":[{"href":"https:\/\/hoyre.no\/hurdal\/wp-json\/wp\/v2\/media?parent=25"}],"wp:term":[{"taxonomy":"category","embeddable":true,"href":"https:\/\/hoyre.no\/hurdal\/wp-json\/wp\/v2\/category?post=25"},{"taxonomy":"post_tag","embeddable":true,"href":"https:\/\/hoyre.no\/hurdal\/wp-json\/wp\/v2\/post_tag?post=25"},{"taxonomy":"hoyre-visibility","embeddable":true,"href":"https:\/\/hoyre.no\/hurdal\/wp-json\/wp\/v2\/hoyre-visibility?post=25"},{"taxonomy":"article-type","embeddable":true,"href":"https:\/\/hoyre.no\/hurdal\/wp-json\/wp\/v2\/article-type?post=25"},{"taxonomy":"politician","embeddable":true,"href":"https:\/\/hoyre.no\/hurdal\/wp-json\/wp\/v2\/politician?post=25"}],"curies":[{"name":"wp","href":"https:\/\/api.w.org\/{rel}","templated":true}]}}