{"id":28,"date":"2021-12-02T20:29:56","date_gmt":"2021-12-02T19:29:56","guid":{"rendered":"https:\/\/hoyre.no\/hurdal\/?p=28"},"modified":"2021-12-02T20:29:57","modified_gmt":"2021-12-02T19:29:57","slug":"budsjettforslag-2022","status":"publish","type":"post","link":"https:\/\/hoyre.no\/hurdal\/aktuelt\/budsjettforslag-2022\/","title":{"rendered":"Budsjettforslag 2022"},"content":{"rendered":"\n<p class=\"preamble\"><strong>Driftsbudsjett:<\/strong> Som r\u00e5dmannens forslag<br><br><strong>Endringsforslag til \u00f8konomiplanen i forhold til r\u00e5dmannens forslag:<\/strong><br>1.Midler til asfaltering av parkeringsplass skrukkelia kapell tas ut av \u00f8konomiplanen, kr 500000,-<br><br><br><strong>Endringsforslag til investeringsbudsjettet i forhold til r\u00e5dmannens forslag:<\/strong><br>Det legges inn 500000 til bygging av pumptrack\/aktivitetspark i tilknytning til<br>idrettshallen\/skolen. Prosjektet skal samordnes med Hurdal IL. Kommunen g\u00e5r i dialog med Hurdal IL om prosjektet og det utarbeides sak om etablering av<br>pumptrack\/aktivitetspark som fremmes for kommunestyret f\u00f8rste halv\u00e5r i 2022.<br><br><strong>Verbalforslag fra H\u00f8yre:<\/strong><br>1.Det utarbeides en plan, med m\u00e5l om \u00e5 trappe ned eiendomsskatten og f\u00e5 den<br>fjernet ved utl\u00f8pet av \u00f8konomiplanperioden.<br><br>2.Arbeidet med \u00e5 selge de kommunale eiendommene som er vedtatt solgt intensiveres.<br><br>3.Det utarbeides en sak for \u00e5 se p\u00e5 mulighetene om videre bruk av dagens NAV-lokaler herunder muligheten for utleie\/salg av lokalene.<br><br>4.Det utarbeides en sak om ensomhet og psykisk helse blant de eldre for \u00e5 se p\u00e5 mulige tiltak vi kan iverksette for \u00e5 forebygge ensomhet og bedre den psykiske<br>helsen.<br><br>5.Det utredes muligheten for \u00e5 etablere en \u00abmekkegarasje\u00bb tilknyttet fritidsklubben for \u00e5 kunne gi et tilbud til motorinteressert ungdom. Det unders\u00f8kes om kommunen eller andre akt\u00f8rer har eksisterende lokaler som kunne v\u00e6rt benyttet til et slikt form\u00e5l.<br><br>6.Sentrumsomr\u00e5det i Hurdal er preget av en del forfalne bygg som fremst\u00e5r som estetisk lite pene. Det unders\u00f8kes om kommunen har muligheter til \u00e5 stille krav til estetikk og visuelt utseende p\u00e5 eksisterende private bygg og omr\u00e5der innenfor omr\u00e5det omfattet av sentrumsplanen.<br><br>7.Det er i dag ikke tillatt \u00e5 fiske i flere tjern i Hurdal, blant annet R\u00f8tjenn og Holtjennet, med bakgrunn i at det er drikkevannskilder. Med dagens teknologi for rensing av vann fremst\u00e5r dette forbudet som utdatert. Det utredes muligheten for \u00e5 fjerne dette forbudet. Saken fremmes for kommunestyret i l\u00f8pet av 2022.<\/p>\n\n\n\n\n<p>Andreas Rafdal<\/p>\n\n\n\n<p>Gruppeleder Hurdal H\u00f8yre<\/p>\n\n\n<div class=\"tags\">\n\t<\/div>\n<div class=\"post-footer alignfull has-background block-editor-block-list__block\" data-align=full>\n\t<div class=\"post-footer-inner\">\n\t\t<h3>Relaterte artikler<\/h3>\n\t\t<div class=\"related-content\"><div class=\"is-card-hoyre\">\n\t<div class=\"teft-card hoyre-teft-card post-teft-card\">\n\t\t<a href=\"https:\/\/hoyre.no\/hurdal\/aktuelt\/grip-energi\/\" class=\"teft-card__primary-action\">\n\n\t\t\t<div class=\"teft-card__media teft-card__media--16-9 no-image\"><\/div>\n\t\t\t<div class=\"teft-card__content-wrapper\">\n\t\t\t\t<div class=\"teft-card__secondary\">\n\t\t\t\t\t\n\t\t\t\t\t\t\t\t<div class=\"teft-card__meta\">\n\t\t\t\t\t\t\t\t\t<span class=\"post-date\">23. okt 2025<\/span>\n\n\t\t\t\t\t\t\t\t\t\t\t\t\t\t\t\t\t<\/div>\n\t\t\t\t\t\t\t\t\t\t\t<\/div>\n\n\t\t\t\t<div class=\"teft-card__primary\">\n\t\t\t\t\t<h2 class=\"teft-card__title\">Grip Energi&nbsp;<span class=\"teft-card__primary-title-append\"><\/span><\/h2>\t\t\t\t<\/div>\n\t\t\t<\/div>\n\t\t<\/a>\n\t<\/div>\n\n\t<\/div><div class=\"is-card-hoyre\">\n\t<div class=\"teft-card hoyre-teft-card post-teft-card\">\n\t\t<a href=\"https:\/\/hoyre.no\/hurdal\/aktuelt\/50\/\" class=\"teft-card__primary-action\">\n\n\t\t\t<div class=\"teft-card__media teft-card__media--16-9 no-image\"><\/div>\n\t\t\t<div class=\"teft-card__content-wrapper\">\n\t\t\t\t<div class=\"teft-card__secondary\">\n\t\t\t\t\t\n\t\t\t\t\t\t\t\t<div class=\"teft-card__meta\">\n\t\t\t\t\t\t\t\t\t<span class=\"post-date\">8. aug 2023<\/span>\n\n\t\t\t\t\t\t\t\t\t\t\t\t\t\t\t\t\t<\/div>\n\t\t\t\t\t\t\t\t\t\t\t<\/div>\n\n\t\t\t\t<div class=\"teft-card__primary\">\n\t\t\t\t\t<h2 class=\"teft-card__title\">Program kommunevalg 2023&nbsp;<span class=\"teft-card__primary-title-append\"><\/span><\/h2>\t\t\t\t<\/div>\n\t\t\t<\/div>\n\t\t<\/a>\n\t<\/div>\n\n\t<\/div><div class=\"is-card-hoyre\">\n\t<div class=\"teft-card hoyre-teft-card post-teft-card\">\n\t\t<a href=\"https:\/\/hoyre.no\/hurdal\/aktuelt\/vi-onsker-a-bevare-et-godt-og-lokalt-brannvesen-i-hurdal\/\" class=\"teft-card__primary-action\">\n\n\t\t\t<div class=\"teft-card__media teft-card__media--16-9 no-image\"><\/div>\n\t\t\t<div class=\"teft-card__content-wrapper\">\n\t\t\t\t<div class=\"teft-card__secondary\">\n\t\t\t\t\t\n\t\t\t\t\t\t\t\t<div class=\"teft-card__meta\">\n\t\t\t\t\t\t\t\t\t<span class=\"post-date\">17. sep 2021<\/span>\n\n\t\t\t\t\t\t\t\t\t\t\t\t\t\t\t\t\t<\/div>\n\t\t\t\t\t\t\t\t\t\t\t<\/div>\n\n\t\t\t\t<div class=\"teft-card__primary\">\n\t\t\t\t\t<h2 class=\"teft-card__title\">Vi \u00f8nsker \u00e5 bevare et godt og lokalt brannvesen i Hurdal!&nbsp;<span class=\"teft-card__primary-title-append\"><\/span><\/h2>\t\t\t\t<\/div>\n\t\t\t<\/div>\n\t\t<\/a>\n\t<\/div>\n\n\t<\/div><\/div>\t<\/div>\n<\/div>\n","protected":false},"excerpt":{"rendered":"","protected":false},"author":13824,"featured_media":0,"comment_status":"closed","ping_status":"closed","sticky":false,"template":"","format":"standard","meta":{"teft_cards_image_url":"","teft_cards_custom_pretitle":"","teft_cards_image_id":0,"teft_cards_image_focal_point_x":0,"teft_cards_image_focal_point_y":0,"teft_cards_title":"","teft_cards_excerpt":"","teft_show_chapters":false,"author_display_name":"","footnotes":""},"category":[1],"post_tag":[],"hoyre-visibility":[],"article-type":[],"politician":[],"class_list":["post-28","post","type-post","status-publish","format-standard","hentry","category-ukategorisert"],"yoast_head":"<!-- This site is optimized with the Yoast SEO plugin v26.6 - https:\/\/yoast.com\/wordpress\/plugins\/seo\/ -->\n<title>Budsjettforslag 2022 - Hurdal H\u00f8yre<\/title>\n<meta name=\"robots\" content=\"index, follow, max-snippet:-1, max-image-preview:large, max-video-preview:-1\" \/>\n<link rel=\"canonical\" href=\"https:\/\/hoyre.no\/hurdal\/aktuelt\/budsjettforslag-2022\/\" \/>\n<meta property=\"og:locale\" content=\"nb_NO\" \/>\n<meta property=\"og:type\" content=\"article\" \/>\n<meta property=\"og:title\" content=\"Budsjettforslag 2022 - Hurdal H\u00f8yre\" \/>\n<meta property=\"og:url\" content=\"https:\/\/hoyre.no\/hurdal\/aktuelt\/budsjettforslag-2022\/\" \/>\n<meta property=\"og:site_name\" content=\"Hurdal H\u00f8yre\" \/>\n<meta property=\"article:published_time\" content=\"2021-12-02T19:29:56+00:00\" \/>\n<meta property=\"article:modified_time\" content=\"2021-12-02T19:29:57+00:00\" \/>\n<meta property=\"og:image\" content=\"https:\/\/hoyre.no\/content\/uploads\/sites\/187\/2022\/11\/Hoyres-logo.png\" \/>\n\t<meta property=\"og:image:width\" content=\"1000\" \/>\n\t<meta property=\"og:image:height\" content=\"1000\" \/>\n\t<meta property=\"og:image:type\" content=\"image\/png\" \/>\n<meta name=\"author\" content=\"Andreas Rafdal\" \/>\n<meta name=\"twitter:card\" content=\"summary_large_image\" \/>\n<meta name=\"twitter:label1\" content=\"Skrevet av\" \/>\n\t<meta name=\"twitter:data1\" content=\"Andreas Rafdal\" \/>\n\t<meta name=\"twitter:label2\" content=\"Ansl. lesetid\" \/>\n\t<meta name=\"twitter:data2\" content=\"2 minutter\" \/>\n<script type=\"application\/ld+json\" class=\"yoast-schema-graph\">{\"@context\":\"https:\/\/schema.org\",\"@graph\":[{\"@type\":\"NewsArticle\",\"@id\":\"https:\/\/hoyre.no\/hurdal\/aktuelt\/budsjettforslag-2022\/\",\"url\":\"https:\/\/hoyre.no\/hurdal\/aktuelt\/budsjettforslag-2022\/\",\"name\":\"Budsjettforslag 2022 - Hurdal H\u00f8yre\",\"isPartOf\":{\"@id\":\"https:\/\/hoyre.no\/hurdal\/#website\"},\"datePublished\":\"2021-12-02T19:29:56+00:00\",\"dateModified\":\"2021-12-02T19:29:57+00:00\",\"author\":{\"@id\":\"https:\/\/hoyre.no\/hurdal\/#\/schema\/person\/21774b3a6400208942c687b01e8db135\"},\"breadcrumb\":{\"@id\":\"https:\/\/hoyre.no\/hurdal\/aktuelt\/budsjettforslag-2022\/#breadcrumb\"},\"inLanguage\":\"nb-NO\",\"potentialAction\":[{\"@type\":\"ReadAction\",\"target\":[\"https:\/\/hoyre.no\/hurdal\/aktuelt\/budsjettforslag-2022\/\"]}]},{\"@type\":\"BreadcrumbList\",\"@id\":\"https:\/\/hoyre.no\/hurdal\/aktuelt\/budsjettforslag-2022\/#breadcrumb\",\"itemListElement\":[{\"@type\":\"ListItem\",\"position\":1,\"name\":\"Til hoyre.no\",\"item\":\"https:\/\/hoyre.no\"},{\"@type\":\"ListItem\",\"position\":2,\"name\":\"Hjem\",\"item\":\"https:\/\/hoyre.no\/hurdal\/\"},{\"@type\":\"ListItem\",\"position\":3,\"name\":\"Budsjettforslag 2022\"}]},{\"@type\":\"WebSite\",\"@id\":\"https:\/\/hoyre.no\/hurdal\/#website\",\"url\":\"https:\/\/hoyre.no\/hurdal\/\",\"name\":\"Hurdal H\u00f8yre\",\"description\":\"Bare enda et H\u00f8yres nettsteder-nettsted\",\"inLanguage\":\"nb-NO\"},{\"@type\":\"Person\",\"@id\":\"https:\/\/hoyre.no\/hurdal\/#\/schema\/person\/21774b3a6400208942c687b01e8db135\",\"name\":\"Andreas Rafdal\",\"image\":{\"@type\":\"ImageObject\",\"inLanguage\":\"nb-NO\",\"@id\":\"https:\/\/hoyre.no\/hurdal\/#\/schema\/person\/image\/\",\"url\":\"https:\/\/secure.gravatar.com\/avatar\/161e5ea55a9ba55a2f0d6a820d96fe531dd52a1cd1004df1d6c74174809859bb?s=96&d=mm&r=g\",\"contentUrl\":\"https:\/\/secure.gravatar.com\/avatar\/161e5ea55a9ba55a2f0d6a820d96fe531dd52a1cd1004df1d6c74174809859bb?s=96&d=mm&r=g\",\"caption\":\"Andreas Rafdal\"},\"url\":\"https:\/\/hoyre.no\/hurdal\/aktuelt\/author\/m50669902\/\"}]}<\/script>\n<!-- \/ Yoast SEO plugin. -->","yoast_head_json":{"title":"Budsjettforslag 2022 - Hurdal H\u00f8yre","robots":{"index":"index","follow":"follow","max-snippet":"max-snippet:-1","max-image-preview":"max-image-preview:large","max-video-preview":"max-video-preview:-1"},"canonical":"https:\/\/hoyre.no\/hurdal\/aktuelt\/budsjettforslag-2022\/","og_locale":"nb_NO","og_type":"article","og_title":"Budsjettforslag 2022 - Hurdal H\u00f8yre","og_url":"https:\/\/hoyre.no\/hurdal\/aktuelt\/budsjettforslag-2022\/","og_site_name":"Hurdal H\u00f8yre","article_published_time":"2021-12-02T19:29:56+00:00","article_modified_time":"2021-12-02T19:29:57+00:00","og_image":[{"width":1000,"height":1000,"url":"https:\/\/hoyre.no\/content\/uploads\/sites\/187\/2022\/11\/Hoyres-logo.png","type":"image\/png"}],"author":"Andreas Rafdal","twitter_card":"summary_large_image","twitter_misc":{"Skrevet av":"Andreas Rafdal","Ansl. lesetid":"2 minutter"},"schema":{"@context":"https:\/\/schema.org","@graph":[{"@type":"NewsArticle","@id":"https:\/\/hoyre.no\/hurdal\/aktuelt\/budsjettforslag-2022\/","url":"https:\/\/hoyre.no\/hurdal\/aktuelt\/budsjettforslag-2022\/","name":"Budsjettforslag 2022 - Hurdal H\u00f8yre","isPartOf":{"@id":"https:\/\/hoyre.no\/hurdal\/#website"},"datePublished":"2021-12-02T19:29:56+00:00","dateModified":"2021-12-02T19:29:57+00:00","author":{"@id":"https:\/\/hoyre.no\/hurdal\/#\/schema\/person\/21774b3a6400208942c687b01e8db135"},"breadcrumb":{"@id":"https:\/\/hoyre.no\/hurdal\/aktuelt\/budsjettforslag-2022\/#breadcrumb"},"inLanguage":"nb-NO","potentialAction":[{"@type":"ReadAction","target":["https:\/\/hoyre.no\/hurdal\/aktuelt\/budsjettforslag-2022\/"]}]},{"@type":"BreadcrumbList","@id":"https:\/\/hoyre.no\/hurdal\/aktuelt\/budsjettforslag-2022\/#breadcrumb","itemListElement":[{"@type":"ListItem","position":1,"name":"Til hoyre.no","item":"https:\/\/hoyre.no"},{"@type":"ListItem","position":2,"name":"Hjem","item":"https:\/\/hoyre.no\/hurdal\/"},{"@type":"ListItem","position":3,"name":"Budsjettforslag 2022"}]},{"@type":"WebSite","@id":"https:\/\/hoyre.no\/hurdal\/#website","url":"https:\/\/hoyre.no\/hurdal\/","name":"Hurdal H\u00f8yre","description":"Bare enda et H\u00f8yres nettsteder-nettsted","inLanguage":"nb-NO"},{"@type":"Person","@id":"https:\/\/hoyre.no\/hurdal\/#\/schema\/person\/21774b3a6400208942c687b01e8db135","name":"Andreas Rafdal","image":{"@type":"ImageObject","inLanguage":"nb-NO","@id":"https:\/\/hoyre.no\/hurdal\/#\/schema\/person\/image\/","url":"https:\/\/secure.gravatar.com\/avatar\/161e5ea55a9ba55a2f0d6a820d96fe531dd52a1cd1004df1d6c74174809859bb?s=96&d=mm&r=g","contentUrl":"https:\/\/secure.gravatar.com\/avatar\/161e5ea55a9ba55a2f0d6a820d96fe531dd52a1cd1004df1d6c74174809859bb?s=96&d=mm&r=g","caption":"Andreas Rafdal"},"url":"https:\/\/hoyre.no\/hurdal\/aktuelt\/author\/m50669902\/"}]}},"distributor_meta":false,"distributor_terms":false,"distributor_media":false,"distributor_original_site_name":"Hurdal H\u00f8yre","distributor_original_site_url":"https:\/\/hoyre.no\/hurdal","push-errors":false,"_links":{"self":[{"href":"https:\/\/hoyre.no\/hurdal\/wp-json\/wp\/v2\/posts\/28","targetHints":{"allow":["GET"]}}],"collection":[{"href":"https:\/\/hoyre.no\/hurdal\/wp-json\/wp\/v2\/posts"}],"about":[{"href":"https:\/\/hoyre.no\/hurdal\/wp-json\/wp\/v2\/types\/post"}],"author":[{"embeddable":true,"href":"https:\/\/hoyre.no\/hurdal\/wp-json\/wp\/v2\/users\/13824"}],"replies":[{"embeddable":true,"href":"https:\/\/hoyre.no\/hurdal\/wp-json\/wp\/v2\/comments?post=28"}],"version-history":[{"count":3,"href":"https:\/\/hoyre.no\/hurdal\/wp-json\/wp\/v2\/posts\/28\/revisions"}],"predecessor-version":[{"id":31,"href":"https:\/\/hoyre.no\/hurdal\/wp-json\/wp\/v2\/posts\/28\/revisions\/31"}],"wp:attachment":[{"href":"https:\/\/hoyre.no\/hurdal\/wp-json\/wp\/v2\/media?parent=28"}],"wp:term":[{"taxonomy":"category","embeddable":true,"href":"https:\/\/hoyre.no\/hurdal\/wp-json\/wp\/v2\/category?post=28"},{"taxonomy":"post_tag","embeddable":true,"href":"https:\/\/hoyre.no\/hurdal\/wp-json\/wp\/v2\/post_tag?post=28"},{"taxonomy":"hoyre-visibility","embeddable":true,"href":"https:\/\/hoyre.no\/hurdal\/wp-json\/wp\/v2\/hoyre-visibility?post=28"},{"taxonomy":"article-type","embeddable":true,"href":"https:\/\/hoyre.no\/hurdal\/wp-json\/wp\/v2\/article-type?post=28"},{"taxonomy":"politician","embeddable":true,"href":"https:\/\/hoyre.no\/hurdal\/wp-json\/wp\/v2\/politician?post=28"}],"curies":[{"name":"wp","href":"https:\/\/api.w.org\/{rel}","templated":true}]}}