{"id":106,"date":"2023-02-24T13:50:01","date_gmt":"2023-02-24T12:50:01","guid":{"rendered":"https:\/\/hoyre.no\/hvaler\/?p=106"},"modified":"2023-04-12T14:12:40","modified_gmt":"2023-04-12T12:12:40","slug":"bli-kjent-bedre-med-anne-may-olsen","status":"publish","type":"post","link":"https:\/\/hoyre.no\/hvaler\/aktuelt\/bli-kjent-bedre-med-anne-may-olsen\/","title":{"rendered":"Bli kjent bedre med Anne May Olsen"},"content":{"rendered":"\n<p class=\"preamble\">Hvaler H\u00f8yres ordf\u00f8rerkandidat.<\/p>\t\t\t<div class=\"post-meta wp-block teft-byline-wrapper\">\n\t\t\t\t<div class=\"top\">\n\t\t\t\t\t<div class=\"signature\">\n\t\t\t\t\t\t<div class=\"teft-byline\">\n\t\t\t\t\t\t\t\t\t\t\t\t\t\t<div>\n\t\t\t\t\t\t\t\t<h3>H\u00f8yres redaksjon<\/h3>\t\t\t\t\t\t\t\t\n\t\t\t\t\t\t\t\t\t\t\t\t\t\t\t\t\t<span class=\"date\">Sist oppdatert: 12. april 2023<\/span>\n\t\t\t\t\t\t\t\t\t\t\t\t\t\t\t\t\t\t\t\t\t\t\t\t\t<span class=\"reading-time\" itemprop=\"timeRequired\" content=\"PT2M\"><em>Ca. 2 minutter lesetid<\/em><\/span>\n\t\t\t\t\t\t\t\t\t\t\t\t\t\t\t<\/div>\n\t\t\t\t\t\t<\/div>\n\t\t\t\t\t<\/div>\n\t\t\t\t\t\t<div class=\"sharing\">\n\t\t<a class=\"share-button share-link copy-link\" data-copy=\"https:\/\/hoyre.no\/hvaler\/aktuelt\/bli-kjent-bedre-med-anne-may-olsen\/\" target=\"_blank\"><span class=\"screen-reader-text\">Del link<\/span><\/a>\n\t\t<a class=\"share-button share-twitter\" href=\"http:\/\/twitter.com\/share?text=Bli kjent bedre med Anne May Olsen&#038;url=https:\/\/hoyre.no\/hvaler\/aktuelt\/bli-kjent-bedre-med-anne-may-olsen\/&#038;hashtags=Hoyre\" target=\"_blank\"><span class=\"screen-reader-text\">Del p\u00e5 twitter<\/span><\/a>\n\t\t<a class=\"share-button share-facebook\" href=\"https:\/\/www.facebook.com\/sharer\/sharer.php?u=https:\/\/hoyre.no\/hvaler\/aktuelt\/bli-kjent-bedre-med-anne-may-olsen\/\" target=\"_blank\"><span class=\"screen-reader-text\">Del p\u00e5 facebook<\/span><\/a>\n\t<\/div>\n\t\t\t\t\t<\/div>\n\t\t\t<\/div>\n\n\t\t\t<figure class=\"hoyre-image-wrapper\"><div class=\"hoyre-image\"><img loading=\"lazy\" decoding=\"async\" width=\"890\" height=\"532\" src=\"https:\/\/hoyre.no\/content\/uploads\/sites\/186\/2023\/04\/Anne-May.jpg\" class=\"attachment-scaled size-scaled\" alt=\"\" style=\"object-position: 52% 8%\" srcset=\"https:\/\/hoyre.no\/content\/uploads\/sites\/186\/2023\/04\/Anne-May.jpg 890w, https:\/\/hoyre.no\/content\/uploads\/sites\/186\/2023\/04\/Anne-May-300x179.jpg 300w, https:\/\/hoyre.no\/content\/uploads\/sites\/186\/2023\/04\/Anne-May-768x459.jpg 768w\" sizes=\"auto, (max-width: 890px) 100vw, 890px\" \/><\/div><\/figure>\n\n\n\n\n<h2 class=\"wp-block-heading\"><\/h2>\n\n\n\t\t\t<div class=\"post-meta wp-block teft-byline-wrapper\">\n\t\t\t\t<div class=\"top\">\n\t\t\t\t\t<div class=\"signature\">\n\t\t\t\t\t\t<div class=\"teft-byline\">\n\t\t\t\t\t\t\t\t\t\t\t\t\t\t<div>\n\t\t\t\t\t\t\t\t<h3>H\u00f8yres redaksjon<\/h3>\t\t\t\t\t\t\t\t\n\t\t\t\t\t\t\t\t\t\t\t\t\t\t\t\t\t<span class=\"date\">Sist oppdatert: 12. april 2023<\/span>\n\t\t\t\t\t\t\t\t\t\t\t\t\t\t\t\t\t\t\t\t\t\t\t\t\t<span class=\"reading-time\" itemprop=\"timeRequired\" content=\"PT2M\"><em>Ca. 2 minutter lesetid<\/em><\/span>\n\t\t\t\t\t\t\t\t\t\t\t\t\t\t\t<\/div>\n\t\t\t\t\t\t<\/div>\n\t\t\t\t\t<\/div>\n\t\t\t\t\t\t<div class=\"sharing\">\n\t\t<a class=\"share-button share-link copy-link\" data-copy=\"https:\/\/hoyre.no\/hvaler\/aktuelt\/bli-kjent-bedre-med-anne-may-olsen\/\" target=\"_blank\"><span class=\"screen-reader-text\">Del link<\/span><\/a>\n\t\t<a class=\"share-button share-twitter\" href=\"http:\/\/twitter.com\/share?text=Bli kjent bedre med Anne May Olsen&#038;url=https:\/\/hoyre.no\/hvaler\/aktuelt\/bli-kjent-bedre-med-anne-may-olsen\/&#038;hashtags=Hoyre\" target=\"_blank\"><span class=\"screen-reader-text\">Del p\u00e5 twitter<\/span><\/a>\n\t\t<a class=\"share-button share-facebook\" href=\"https:\/\/www.facebook.com\/sharer\/sharer.php?u=https:\/\/hoyre.no\/hvaler\/aktuelt\/bli-kjent-bedre-med-anne-may-olsen\/\" target=\"_blank\"><span class=\"screen-reader-text\">Del p\u00e5 facebook<\/span><\/a>\n\t<\/div>\n\t\t\t\t\t<\/div>\n\t\t\t<\/div>\n\n\t\t\t\n\n\n<p style=\"font-style:normal;font-weight:500\"><strong>Alder<\/strong>:&nbsp;<\/p>\n\n\n\n<p>57 \u00e5r<\/p>\n\n\n\n<p><strong>Bosted<\/strong>:<\/p>\n\n\n\n<p>&nbsp;Skj\u00e6rhalden<\/p>\n\n\n\n<p><strong>Sivilstatus<\/strong>:&nbsp;<\/p>\n\n\n\n<p>Gift med Ole Albert, to voksne barn. Elise og Kathe<\/p>\n\n\n\n<p><strong>Jobb<\/strong>:&nbsp;<\/p>\n\n\n\n<p>R\u00e5dgiver i Viken fylkeskommune kompetanse skolebygg. Har arbeidserfaring fra b\u00e5de offentlig og privat virksomhet.<\/p>\n\n\n\n<p><strong>Bakgrunn<\/strong>:&nbsp;<\/p>\n\n\n\n<p>Oppvokst i Sarpsborg. Reiste ut som reiseleder for Star Tour da hun var 19.&nbsp; Studier p\u00e5 HIB, avdeling H\u00f8nefoss og BI. Har hatt tilknytning til Hvaler siden 1980, da faren hennes ble bestyrer p\u00e5 gamlehjemmet p\u00e5 Kirke\u00f8y.<\/p>\n\n\n\n<p><strong>Politisk erfaring<\/strong>:&nbsp;<\/p>\n\n\n\n<p>Anne May har bred politisk erfaring fra kommunestyre, formannskap og fra ulike r\u00e5d og utvalg.<\/p>\n\n\n\n<p><strong>Hvorfor er H\u00f8yre rett parti for deg?&nbsp;<\/strong><\/p>\n\n\n\n<p>Jeg valgte H\u00f8yre var fordi jeg som leder i skolen erfarte at H\u00f8yre hadde den beste skolepolitikken, b\u00e5de for elevene i skolen, men ogs\u00e5 for \u00e5 beholde og utvikle kompetansen til l\u00e6rere og skoleledere. En god skole er et av v\u00e5re viktigste virkemidler for \u00e5 utjevne sosiale forskjeller. I tillegg er H\u00f8yre et ansvarlig styringsparti med frihet for enkeltindividet samtidig som H\u00f8yre har en samfunnskontrakt som legger grunnlag for like muligheter for alle.<\/p>\n\n\n\n<p><strong>Hva spiser du n\u00e5r du skal kose deg skikkelig?<\/strong><\/p>\n\n\n\n<p>N\u00e5r jeg skal kose meg skikkelig er det som regel min ektemann som har laget maten. Han disker ofte opp med noe skikkelig godt.<\/p>\n\n\n\n<p><strong>Konsert eller idrettsarrangement?&nbsp;<\/strong><\/p>\n\n\n\n<p>Helst konsert eller et kulturarrangement som teater eller kino.<\/p>\n\n\n\n<p><strong>Hvis du skulle valgt en, hva er din favorittartist?&nbsp;<\/strong><\/p>\n\n\n\n<p>Det m\u00e5 bli artistene Bette Midler og Eva Dalhgren<\/p>\n\n\n\n<p><strong>Funfact<\/strong>?<\/p>\n\n\n\n<p>&nbsp;Anne May har campingvogn p\u00e5 Myrvold, Spj\u00e6r\u00f8y.<\/p>\n\n\n\n<p><strong>Hva er din favorittplass p\u00e5 Hvaler og utenfor Hvaler?<\/strong>&nbsp;<\/p>\n\n\n\n<p>P\u00e5 Hvaler er favorittplassen turstiene rundt Storesand og Dalseter h\u00f8yfjellshotell i Espedalen<\/p>\n\n\n\n<p> <\/p>\n\n\n<div class=\"tags\">\n\t\t<div class=\"wp-block-tag-cloud\">\n\t\t\t\t\t<a href=\"https:\/\/hoyre.no\/hvaler\/aktuelt\/tag\/valgkamp\/\" class=\"tag-cloud-link\">Valgkamp<\/a>\n\t\t\t<\/div>\n\t<\/div>\n<div class=\"post-footer alignfull has-background block-editor-block-list__block\" data-align=full>\n\t<div class=\"post-footer-inner\">\n\t\t<h3>Relaterte artikler<\/h3>\n\t\t<div class=\"related-content\"><div class=\"is-card-hoyre\">\n\t<div class=\"teft-card hoyre-teft-card post-teft-card\">\n\t\t<a href=\"https:\/\/hoyre.no\/hvaler\/aktuelt\/hvaler-hoyres-program-2023-2027\/\" class=\"teft-card__primary-action\">\n\n\t\t\t\t\t<div class=\"teft-card__media teft-card__media--16-9\">\n\t\t\t\t\t\t<img loading=\"lazy\" decoding=\"async\" width=\"768\" height=\"576\" src=\"https:\/\/hoyre.no\/content\/uploads\/sites\/186\/2023\/05\/20230515_200644-768x576.jpg\" class=\"attachment-medium_large size-medium_large\" alt=\"\" srcset=\"https:\/\/hoyre.no\/content\/uploads\/sites\/186\/2023\/05\/20230515_200644-768x576.jpg 768w, https:\/\/hoyre.no\/content\/uploads\/sites\/186\/2023\/05\/20230515_200644-300x225.jpg 300w, https:\/\/hoyre.no\/content\/uploads\/sites\/186\/2023\/05\/20230515_200644-1024x768.jpg 1024w, https:\/\/hoyre.no\/content\/uploads\/sites\/186\/2023\/05\/20230515_200644-1536x1152.jpg 1536w, https:\/\/hoyre.no\/content\/uploads\/sites\/186\/2023\/05\/20230515_200644-2048x1536.jpg 2048w\" sizes=\"auto, (max-width: 768px) 100vw, 768px\" \/>\t\t<\/div>\n\t\t\n\t\t\t<div class=\"teft-card__content-wrapper\">\n\t\t\t\t<div class=\"teft-card__secondary\">\n\t\t\t\t\t\n\t\t\t\t\t\t\t\t<div class=\"teft-card__meta\">\n\t\t\t\t\t\t\t\t\t<span class=\"post-date\">30. mai 2023<\/span>\n\n\t\t\t\t\t\t\t\t\t<span class=\"post-category\">Nyheter<\/span>\t\t\t\t\t\t\t\t<\/div>\n\t\t\t\t\t\t\t\t\t\t\t<\/div>\n\n\t\t\t\t<div class=\"teft-card__primary\">\n\t\t\t\t\t<h2 class=\"teft-card__title\">Valgkampen er i gang! Her er v\u00e5rt program!&nbsp;<span class=\"teft-card__primary-title-append\"><\/span><\/h2>\t\t\t\t<\/div>\n\t\t\t<\/div>\n\t\t<\/a>\n\t<\/div>\n\n\t<\/div><div class=\"is-card-hoyre\">\n\t<div class=\"teft-card hoyre-teft-card post-teft-card\">\n\t\t<a href=\"https:\/\/hoyre.no\/hvaler\/aktuelt\/kommunestyrevalglisten-2023-2027\/\" class=\"teft-card__primary-action\">\n\n\t\t\t\t\t<div class=\"teft-card__media teft-card__media--16-9\">\n\t\t\t\t\t\t<img loading=\"lazy\" decoding=\"async\" width=\"768\" height=\"296\" src=\"https:\/\/hoyre.no\/content\/uploads\/sites\/186\/2022\/11\/2023-03-20-20.47.43-e1681287333926-768x296.jpg\" class=\"attachment-medium_large size-medium_large\" alt=\"V\u00e5re kandidater 2023-2027\" srcset=\"https:\/\/hoyre.no\/content\/uploads\/sites\/186\/2022\/11\/2023-03-20-20.47.43-e1681287333926-768x296.jpg 768w, https:\/\/hoyre.no\/content\/uploads\/sites\/186\/2022\/11\/2023-03-20-20.47.43-e1681287333926-300x116.jpg 300w, https:\/\/hoyre.no\/content\/uploads\/sites\/186\/2022\/11\/2023-03-20-20.47.43-e1681287333926-1024x395.jpg 1024w, https:\/\/hoyre.no\/content\/uploads\/sites\/186\/2022\/11\/2023-03-20-20.47.43-e1681287333926-1536x593.jpg 1536w, https:\/\/hoyre.no\/content\/uploads\/sites\/186\/2022\/11\/2023-03-20-20.47.43-e1681287333926.jpg 1710w\" sizes=\"auto, (max-width: 768px) 100vw, 768px\" \/>\t\t<\/div>\n\t\t\n\t\t\t<div class=\"teft-card__content-wrapper\">\n\t\t\t\t<div class=\"teft-card__secondary\">\n\t\t\t\t\t\n\t\t\t\t\t\t\t\t<div class=\"teft-card__meta\">\n\t\t\t\t\t\t\t\t\t<span class=\"post-date\">15. nov 2022<\/span>\n\n\t\t\t\t\t\t\t\t\t<span class=\"post-category\">Nyheter<\/span>\t\t\t\t\t\t\t\t<\/div>\n\t\t\t\t\t\t\t\t\t\t\t<\/div>\n\n\t\t\t\t<div class=\"teft-card__primary\">\n\t\t\t\t\t<h2 class=\"teft-card__title\">Kandidater 2023-2027&nbsp;<span class=\"teft-card__primary-title-append\"><\/span><\/h2>\t\t\t\t<\/div>\n\t\t\t<\/div>\n\t\t<\/a>\n\t<\/div>\n\n\t<\/div><div class=\"is-card-hoyre\">\n\t<div class=\"teft-card hoyre-teft-card post-teft-card\">\n\t\t<a href=\"https:\/\/hoyre.no\/hvaler\/aktuelt\/horing-om-fiskeritiltak-i-oslofjorden\/\" class=\"teft-card__primary-action\">\n\n\t\t\t<div class=\"teft-card__media teft-card__media--16-9 no-image\"><\/div>\n\t\t\t<div class=\"teft-card__content-wrapper\">\n\t\t\t\t<div class=\"teft-card__secondary\">\n\t\t\t\t\t\n\t\t\t\t\t\t\t\t<div class=\"teft-card__meta\">\n\t\t\t\t\t\t\t\t\t<span class=\"post-date\">25. mar 2025<\/span>\n\n\t\t\t\t\t\t\t\t\t\t\t\t\t\t\t\t\t<\/div>\n\t\t\t\t\t\t\t\t\t\t\t<\/div>\n\n\t\t\t\t<div class=\"teft-card__primary\">\n\t\t\t\t\t<h2 class=\"teft-card__title\">H\u00f8ring- om fiskeritiltak i Oslofjorden&nbsp;<span class=\"teft-card__primary-title-append\"><\/span><\/h2>\t\t\t\t<\/div>\n\t\t\t<\/div>\n\t\t<\/a>\n\t<\/div>\n\n\t<\/div><\/div>\t<\/div>\n<\/div>\n","protected":false},"excerpt":{"rendered":"","protected":false},"author":36444,"featured_media":0,"comment_status":"closed","ping_status":"closed","sticky":false,"template":"","format":"standard","meta":{"teft_cards_image_url":"","teft_cards_custom_pretitle":"","teft_cards_image_id":244,"teft_cards_image_focal_point_x":0.5,"teft_cards_image_focal_point_y":0.5,"teft_cards_title":"","teft_cards_excerpt":"","teft_show_chapters":false,"author_display_name":"","footnotes":""},"category":[1],"post_tag":[5],"hoyre-visibility":[],"article-type":[],"politician":[],"class_list":["post-106","post","type-post","status-publish","format-standard","hentry","category-nyheter","tag-valgkamp"],"yoast_head":"<!-- This site is optimized with the Yoast SEO plugin v26.6 - https:\/\/yoast.com\/wordpress\/plugins\/seo\/ -->\n<title>Bli kjent bedre med Anne May Olsen - Hvaler H\u00f8yre<\/title>\n<meta name=\"robots\" content=\"index, follow, max-snippet:-1, max-image-preview:large, max-video-preview:-1\" \/>\n<link rel=\"canonical\" href=\"https:\/\/hoyre.no\/hvaler\/aktuelt\/bli-kjent-bedre-med-anne-may-olsen\/\" \/>\n<meta property=\"og:locale\" content=\"nb_NO\" \/>\n<meta property=\"og:type\" content=\"article\" \/>\n<meta property=\"og:title\" content=\"Bli kjent bedre med Anne May Olsen - Hvaler H\u00f8yre\" \/>\n<meta property=\"og:url\" content=\"https:\/\/hoyre.no\/hvaler\/aktuelt\/bli-kjent-bedre-med-anne-may-olsen\/\" \/>\n<meta property=\"og:site_name\" content=\"Hvaler H\u00f8yre\" \/>\n<meta property=\"article:published_time\" content=\"2023-02-24T12:50:01+00:00\" \/>\n<meta property=\"article:modified_time\" content=\"2023-04-12T12:12:40+00:00\" \/>\n<meta property=\"og:image\" content=\"https:\/\/hoyre.no\/content\/uploads\/sites\/186\/2024\/05\/Gruppemote-1024x768.jpeg\" \/>\n<meta name=\"author\" content=\"Knut Martinussen\" \/>\n<meta name=\"twitter:card\" content=\"summary_large_image\" \/>\n<meta name=\"twitter:label1\" content=\"Skrevet av\" \/>\n\t<meta name=\"twitter:data1\" content=\"Knut Martinussen\" \/>\n\t<meta name=\"twitter:label2\" content=\"Ansl. lesetid\" \/>\n\t<meta name=\"twitter:data2\" content=\"2 minutter\" \/>\n<script type=\"application\/ld+json\" class=\"yoast-schema-graph\">{\"@context\":\"https:\/\/schema.org\",\"@graph\":[{\"@type\":\"NewsArticle\",\"@id\":\"https:\/\/hoyre.no\/hvaler\/aktuelt\/bli-kjent-bedre-med-anne-may-olsen\/\",\"url\":\"https:\/\/hoyre.no\/hvaler\/aktuelt\/bli-kjent-bedre-med-anne-may-olsen\/\",\"name\":\"Bli kjent bedre med Anne May Olsen - Hvaler H\u00f8yre\",\"isPartOf\":{\"@id\":\"https:\/\/hoyre.no\/hvaler\/#website\"},\"datePublished\":\"2023-02-24T12:50:01+00:00\",\"dateModified\":\"2023-04-12T12:12:40+00:00\",\"author\":{\"@id\":\"https:\/\/hoyre.no\/hvaler\/#\/schema\/person\/98a1ec7d0581ade78cb8c21cd2421c97\"},\"breadcrumb\":{\"@id\":\"https:\/\/hoyre.no\/hvaler\/aktuelt\/bli-kjent-bedre-med-anne-may-olsen\/#breadcrumb\"},\"inLanguage\":\"nb-NO\",\"potentialAction\":[{\"@type\":\"ReadAction\",\"target\":[\"https:\/\/hoyre.no\/hvaler\/aktuelt\/bli-kjent-bedre-med-anne-may-olsen\/\"]}]},{\"@type\":\"BreadcrumbList\",\"@id\":\"https:\/\/hoyre.no\/hvaler\/aktuelt\/bli-kjent-bedre-med-anne-may-olsen\/#breadcrumb\",\"itemListElement\":[{\"@type\":\"ListItem\",\"position\":1,\"name\":\"Til hoyre.no\",\"item\":\"https:\/\/hoyre.no\"},{\"@type\":\"ListItem\",\"position\":2,\"name\":\"Hjem\",\"item\":\"https:\/\/hoyre.no\/hvaler\/\"},{\"@type\":\"ListItem\",\"position\":3,\"name\":\"Bli kjent bedre med Anne May Olsen\"}]},{\"@type\":\"WebSite\",\"@id\":\"https:\/\/hoyre.no\/hvaler\/#website\",\"url\":\"https:\/\/hoyre.no\/hvaler\/\",\"name\":\"Hvaler H\u00f8yre\",\"description\":\"Bare enda et H\u00f8yres nettsteder-nettsted\",\"inLanguage\":\"nb-NO\"},{\"@type\":\"Person\",\"@id\":\"https:\/\/hoyre.no\/hvaler\/#\/schema\/person\/98a1ec7d0581ade78cb8c21cd2421c97\",\"name\":\"Knut Martinussen\",\"image\":{\"@type\":\"ImageObject\",\"inLanguage\":\"nb-NO\",\"@id\":\"https:\/\/hoyre.no\/hvaler\/#\/schema\/person\/image\/\",\"url\":\"https:\/\/secure.gravatar.com\/avatar\/7afe091aa991ed2edcdd0b0dd73c6813af89417272f8c64cc3b6e6689a0b43b6?s=96&d=mm&r=g\",\"contentUrl\":\"https:\/\/secure.gravatar.com\/avatar\/7afe091aa991ed2edcdd0b0dd73c6813af89417272f8c64cc3b6e6689a0b43b6?s=96&d=mm&r=g\",\"caption\":\"Knut Martinussen\"},\"url\":\"https:\/\/hoyre.no\/hvaler\/aktuelt\/author\/m52164423\/\"}]}<\/script>\n<!-- \/ Yoast SEO plugin. -->","yoast_head_json":{"title":"Bli kjent bedre med Anne May Olsen - Hvaler H\u00f8yre","robots":{"index":"index","follow":"follow","max-snippet":"max-snippet:-1","max-image-preview":"max-image-preview:large","max-video-preview":"max-video-preview:-1"},"canonical":"https:\/\/hoyre.no\/hvaler\/aktuelt\/bli-kjent-bedre-med-anne-may-olsen\/","og_locale":"nb_NO","og_type":"article","og_title":"Bli kjent bedre med Anne May Olsen - Hvaler H\u00f8yre","og_url":"https:\/\/hoyre.no\/hvaler\/aktuelt\/bli-kjent-bedre-med-anne-may-olsen\/","og_site_name":"Hvaler H\u00f8yre","article_published_time":"2023-02-24T12:50:01+00:00","article_modified_time":"2023-04-12T12:12:40+00:00","og_image":[{"url":"https:\/\/hoyre.no\/content\/uploads\/sites\/186\/2024\/05\/Gruppemote-1024x768.jpeg","width":"","height":"","type":""}],"author":"Knut Martinussen","twitter_card":"summary_large_image","twitter_misc":{"Skrevet av":"Knut Martinussen","Ansl. lesetid":"2 minutter"},"schema":{"@context":"https:\/\/schema.org","@graph":[{"@type":"NewsArticle","@id":"https:\/\/hoyre.no\/hvaler\/aktuelt\/bli-kjent-bedre-med-anne-may-olsen\/","url":"https:\/\/hoyre.no\/hvaler\/aktuelt\/bli-kjent-bedre-med-anne-may-olsen\/","name":"Bli kjent bedre med Anne May Olsen - Hvaler H\u00f8yre","isPartOf":{"@id":"https:\/\/hoyre.no\/hvaler\/#website"},"datePublished":"2023-02-24T12:50:01+00:00","dateModified":"2023-04-12T12:12:40+00:00","author":{"@id":"https:\/\/hoyre.no\/hvaler\/#\/schema\/person\/98a1ec7d0581ade78cb8c21cd2421c97"},"breadcrumb":{"@id":"https:\/\/hoyre.no\/hvaler\/aktuelt\/bli-kjent-bedre-med-anne-may-olsen\/#breadcrumb"},"inLanguage":"nb-NO","potentialAction":[{"@type":"ReadAction","target":["https:\/\/hoyre.no\/hvaler\/aktuelt\/bli-kjent-bedre-med-anne-may-olsen\/"]}]},{"@type":"BreadcrumbList","@id":"https:\/\/hoyre.no\/hvaler\/aktuelt\/bli-kjent-bedre-med-anne-may-olsen\/#breadcrumb","itemListElement":[{"@type":"ListItem","position":1,"name":"Til hoyre.no","item":"https:\/\/hoyre.no"},{"@type":"ListItem","position":2,"name":"Hjem","item":"https:\/\/hoyre.no\/hvaler\/"},{"@type":"ListItem","position":3,"name":"Bli kjent bedre med Anne May Olsen"}]},{"@type":"WebSite","@id":"https:\/\/hoyre.no\/hvaler\/#website","url":"https:\/\/hoyre.no\/hvaler\/","name":"Hvaler H\u00f8yre","description":"Bare enda et H\u00f8yres nettsteder-nettsted","inLanguage":"nb-NO"},{"@type":"Person","@id":"https:\/\/hoyre.no\/hvaler\/#\/schema\/person\/98a1ec7d0581ade78cb8c21cd2421c97","name":"Knut Martinussen","image":{"@type":"ImageObject","inLanguage":"nb-NO","@id":"https:\/\/hoyre.no\/hvaler\/#\/schema\/person\/image\/","url":"https:\/\/secure.gravatar.com\/avatar\/7afe091aa991ed2edcdd0b0dd73c6813af89417272f8c64cc3b6e6689a0b43b6?s=96&d=mm&r=g","contentUrl":"https:\/\/secure.gravatar.com\/avatar\/7afe091aa991ed2edcdd0b0dd73c6813af89417272f8c64cc3b6e6689a0b43b6?s=96&d=mm&r=g","caption":"Knut Martinussen"},"url":"https:\/\/hoyre.no\/hvaler\/aktuelt\/author\/m52164423\/"}]}},"distributor_meta":false,"distributor_terms":false,"distributor_media":false,"distributor_original_site_name":"Hvaler H\u00f8yre","distributor_original_site_url":"https:\/\/hoyre.no\/hvaler","push-errors":false,"_links":{"self":[{"href":"https:\/\/hoyre.no\/hvaler\/wp-json\/wp\/v2\/posts\/106","targetHints":{"allow":["GET"]}}],"collection":[{"href":"https:\/\/hoyre.no\/hvaler\/wp-json\/wp\/v2\/posts"}],"about":[{"href":"https:\/\/hoyre.no\/hvaler\/wp-json\/wp\/v2\/types\/post"}],"author":[{"embeddable":true,"href":"https:\/\/hoyre.no\/hvaler\/wp-json\/wp\/v2\/users\/36444"}],"replies":[{"embeddable":true,"href":"https:\/\/hoyre.no\/hvaler\/wp-json\/wp\/v2\/comments?post=106"}],"version-history":[{"count":28,"href":"https:\/\/hoyre.no\/hvaler\/wp-json\/wp\/v2\/posts\/106\/revisions"}],"predecessor-version":[{"id":245,"href":"https:\/\/hoyre.no\/hvaler\/wp-json\/wp\/v2\/posts\/106\/revisions\/245"}],"wp:attachment":[{"href":"https:\/\/hoyre.no\/hvaler\/wp-json\/wp\/v2\/media?parent=106"}],"wp:term":[{"taxonomy":"category","embeddable":true,"href":"https:\/\/hoyre.no\/hvaler\/wp-json\/wp\/v2\/category?post=106"},{"taxonomy":"post_tag","embeddable":true,"href":"https:\/\/hoyre.no\/hvaler\/wp-json\/wp\/v2\/post_tag?post=106"},{"taxonomy":"hoyre-visibility","embeddable":true,"href":"https:\/\/hoyre.no\/hvaler\/wp-json\/wp\/v2\/hoyre-visibility?post=106"},{"taxonomy":"article-type","embeddable":true,"href":"https:\/\/hoyre.no\/hvaler\/wp-json\/wp\/v2\/article-type?post=106"},{"taxonomy":"politician","embeddable":true,"href":"https:\/\/hoyre.no\/hvaler\/wp-json\/wp\/v2\/politician?post=106"}],"curies":[{"name":"wp","href":"https:\/\/api.w.org\/{rel}","templated":true}]}}