{"id":376,"date":"2024-05-16T09:02:57","date_gmt":"2024-05-16T07:02:57","guid":{"rendered":"https:\/\/hoyre.no\/hvaler\/?p=376"},"modified":"2024-05-16T09:02:58","modified_gmt":"2024-05-16T07:02:58","slug":"utsett-arbeidet-med-boring-til-sommersesongen-er-over","status":"publish","type":"post","link":"https:\/\/hoyre.no\/hvaler\/aktuelt\/utsett-arbeidet-med-boring-til-sommersesongen-er-over\/","title":{"rendered":"Utsett arbeidet med boring til sommersesongen er over!"},"content":{"rendered":"\n<p class=\"preamble\">Hvaler H\u00f8yre forutsetter at kommunen utsetter igangsettingstillatelse for anleggsarbeidene med ladeinfrastruktur til ferja.<\/p>\t\t\t<div class=\"post-meta wp-block teft-byline-wrapper\">\n\t\t\t\t<div class=\"top\">\n\t\t\t\t\t<div class=\"signature\">\n\t\t\t\t\t\t<div class=\"teft-byline\">\n\t\t\t\t\t\t\t\t\t\t\t\t\t\t<div>\n\t\t\t\t\t\t\t\t<h3>H\u00f8yres redaksjon<\/h3>\t\t\t\t\t\t\t\t\n\t\t\t\t\t\t\t\t\t\t\t\t\t\t\t\t\t<span class=\"date\">Sist oppdatert: 16. mai 2024<\/span>\n\t\t\t\t\t\t\t\t\t\t\t\t\t\t\t\t\t\t\t\t\t\t\t\t\t<span class=\"reading-time\" itemprop=\"timeRequired\" content=\"PT1M\"><em>Ca. 1 minutter lesetid<\/em><\/span>\n\t\t\t\t\t\t\t\t\t\t\t\t\t\t\t<\/div>\n\t\t\t\t\t\t<\/div>\n\t\t\t\t\t<\/div>\n\t\t\t\t\t\t<div class=\"sharing\">\n\t\t<a class=\"share-button share-link copy-link\" data-copy=\"https:\/\/hoyre.no\/hvaler\/aktuelt\/utsett-arbeidet-med-boring-til-sommersesongen-er-over\/\" target=\"_blank\"><span class=\"screen-reader-text\">Del link<\/span><\/a>\n\t\t<a class=\"share-button share-twitter\" href=\"http:\/\/twitter.com\/share?text=Utsett arbeidet med boring til sommersesongen er over!&#038;url=https:\/\/hoyre.no\/hvaler\/aktuelt\/utsett-arbeidet-med-boring-til-sommersesongen-er-over\/&#038;hashtags=Hoyre\" target=\"_blank\"><span class=\"screen-reader-text\">Del p\u00e5 twitter<\/span><\/a>\n\t\t<a class=\"share-button share-facebook\" href=\"https:\/\/www.facebook.com\/sharer\/sharer.php?u=https:\/\/hoyre.no\/hvaler\/aktuelt\/utsett-arbeidet-med-boring-til-sommersesongen-er-over\/\" target=\"_blank\"><span class=\"screen-reader-text\">Del p\u00e5 facebook<\/span><\/a>\n\t<\/div>\n\t\t\t\t\t<\/div>\n\t\t\t<\/div>\n\n\t\t\t<figure class=\"hoyre-image-wrapper\"><div class=\"hoyre-image\"><img loading=\"lazy\" decoding=\"async\" width=\"2048\" height=\"1536\" src=\"https:\/\/hoyre.no\/content\/uploads\/sites\/186\/2024\/05\/Boring-1.jpeg\" class=\"attachment-scaled size-scaled\" alt=\"\" style=\"object-position: 50% 50%\" srcset=\"https:\/\/hoyre.no\/content\/uploads\/sites\/186\/2024\/05\/Boring-1.jpeg 2048w, https:\/\/hoyre.no\/content\/uploads\/sites\/186\/2024\/05\/Boring-1-300x225.jpeg 300w, https:\/\/hoyre.no\/content\/uploads\/sites\/186\/2024\/05\/Boring-1-1024x768.jpeg 1024w, https:\/\/hoyre.no\/content\/uploads\/sites\/186\/2024\/05\/Boring-1-768x576.jpeg 768w, https:\/\/hoyre.no\/content\/uploads\/sites\/186\/2024\/05\/Boring-1-1536x1152.jpeg 1536w\" sizes=\"auto, (max-width: 2048px) 100vw, 2048px\" \/><\/div><figcaption class=\"caption\">Anleggsarbeidet p\u00e5 Skj\u00e6rhalden<\/figcaption><\/figure>\n\n\n\n\n<p><strong>Hvaler H\u00f8yre forutsetter at kommunen utsetter igangsettingstillatelse for anleggsarbeidene med ladeinfrastruktur til ferja.&nbsp;<\/strong><\/p>\n\n\n\n<p>Hvaler H\u00f8yre ber kommunen om \u00e5 utsette igangsettingstillatelsen for anleggsarbeidene med ladeinfrastruktur til ferja MS Torine.&nbsp;<\/p>\n\n\n\n<p>Ferja g\u00e5r n\u00e5 p\u00e5 diesel, men for \u00e5 kunne g\u00e5 p\u00e5 str\u00f8m, m\u00e5 det etableres lademuligheter p\u00e5 Skj\u00e6rhalden. Dette inneb\u00e6rer blant annet \u00e5 legge str\u00f8mf\u00f8rende kabler i r\u00f8r gjennom Kollen.&nbsp;<\/p>\n\n\n\n<p>Kommunen har allerede gitt tillatelse til at arbeidene kan starte opp i uke 19, og det forventes at arbeidet vil p\u00e5g\u00e5 i hele mai og juni. Det er ogs\u00e5 forventet at det vil bli en del st\u00f8y i forbindelse med arbeidet, som skal foreg\u00e5 p\u00e5 hverdager mellom klokken 07 og 17.<\/p>\n\n\n\n<p>Hvaler H\u00f8yre tar hensyn til de n\u00e6ringsdrivende og sommertrafikken i Skj\u00e6rhalden. Vi ber derfor kommunen om \u00e5 omgj\u00f8re sitt vedtak og utsette arbeidet til etter at sommertrafikken er over. Sommerm\u00e5nedene er h\u00f8ysesong for n\u00e6ringsvirksomhet i omr\u00e5det, og det vil kunne medf\u00f8re store inntektstap hvis omr\u00e5det blir et anleggsomr\u00e5de i denne perioden. Derfor b\u00f8r kommunen trekke igangsettingstillatelsen tilbake, og anleggsarbeidene med str\u00f8mtilf\u00f8rsel til ferja b\u00f8r utsettes til etter sommeren.&nbsp;<\/p>\n\n\n<div class=\"tags\">\n\t<\/div>\n<div class=\"post-footer alignfull has-background block-editor-block-list__block\" data-align=full>\n\t<div class=\"post-footer-inner\">\n\t\t<h3>Relaterte artikler<\/h3>\n\t\t<div class=\"related-content\"><div class=\"is-card-hoyre\">\n\t<div class=\"teft-card hoyre-teft-card post-teft-card\">\n\t\t<a href=\"https:\/\/hoyre.no\/hvaler\/aktuelt\/hvaler-hoyres-program-2023-2027\/\" class=\"teft-card__primary-action\">\n\n\t\t\t\t\t<div class=\"teft-card__media teft-card__media--16-9\">\n\t\t\t\t\t\t<img loading=\"lazy\" decoding=\"async\" width=\"768\" height=\"576\" src=\"https:\/\/hoyre.no\/content\/uploads\/sites\/186\/2023\/05\/20230515_200644-768x576.jpg\" class=\"attachment-medium_large size-medium_large\" alt=\"\" srcset=\"https:\/\/hoyre.no\/content\/uploads\/sites\/186\/2023\/05\/20230515_200644-768x576.jpg 768w, https:\/\/hoyre.no\/content\/uploads\/sites\/186\/2023\/05\/20230515_200644-300x225.jpg 300w, https:\/\/hoyre.no\/content\/uploads\/sites\/186\/2023\/05\/20230515_200644-1024x768.jpg 1024w, https:\/\/hoyre.no\/content\/uploads\/sites\/186\/2023\/05\/20230515_200644-1536x1152.jpg 1536w, https:\/\/hoyre.no\/content\/uploads\/sites\/186\/2023\/05\/20230515_200644-2048x1536.jpg 2048w\" sizes=\"auto, (max-width: 768px) 100vw, 768px\" \/>\t\t<\/div>\n\t\t\n\t\t\t<div class=\"teft-card__content-wrapper\">\n\t\t\t\t<div class=\"teft-card__secondary\">\n\t\t\t\t\t\n\t\t\t\t\t\t\t\t<div class=\"teft-card__meta\">\n\t\t\t\t\t\t\t\t\t<span class=\"post-date\">30. mai 2023<\/span>\n\n\t\t\t\t\t\t\t\t\t<span class=\"post-category\">Nyheter<\/span>\t\t\t\t\t\t\t\t<\/div>\n\t\t\t\t\t\t\t\t\t\t\t<\/div>\n\n\t\t\t\t<div class=\"teft-card__primary\">\n\t\t\t\t\t<h2 class=\"teft-card__title\">Valgkampen er i gang! Her er v\u00e5rt program!&nbsp;<span class=\"teft-card__primary-title-append\"><\/span><\/h2>\t\t\t\t<\/div>\n\t\t\t<\/div>\n\t\t<\/a>\n\t<\/div>\n\n\t<\/div><div class=\"is-card-hoyre\">\n\t<div class=\"teft-card hoyre-teft-card post-teft-card\">\n\t\t<a href=\"https:\/\/hoyre.no\/hvaler\/aktuelt\/kommunestyrevalglisten-2023-2027\/\" class=\"teft-card__primary-action\">\n\n\t\t\t\t\t<div class=\"teft-card__media teft-card__media--16-9\">\n\t\t\t\t\t\t<img loading=\"lazy\" decoding=\"async\" width=\"768\" height=\"296\" src=\"https:\/\/hoyre.no\/content\/uploads\/sites\/186\/2022\/11\/2023-03-20-20.47.43-e1681287333926-768x296.jpg\" class=\"attachment-medium_large size-medium_large\" alt=\"V\u00e5re kandidater 2023-2027\" srcset=\"https:\/\/hoyre.no\/content\/uploads\/sites\/186\/2022\/11\/2023-03-20-20.47.43-e1681287333926-768x296.jpg 768w, https:\/\/hoyre.no\/content\/uploads\/sites\/186\/2022\/11\/2023-03-20-20.47.43-e1681287333926-300x116.jpg 300w, https:\/\/hoyre.no\/content\/uploads\/sites\/186\/2022\/11\/2023-03-20-20.47.43-e1681287333926-1024x395.jpg 1024w, https:\/\/hoyre.no\/content\/uploads\/sites\/186\/2022\/11\/2023-03-20-20.47.43-e1681287333926-1536x593.jpg 1536w, https:\/\/hoyre.no\/content\/uploads\/sites\/186\/2022\/11\/2023-03-20-20.47.43-e1681287333926.jpg 1710w\" sizes=\"auto, (max-width: 768px) 100vw, 768px\" \/>\t\t<\/div>\n\t\t\n\t\t\t<div class=\"teft-card__content-wrapper\">\n\t\t\t\t<div class=\"teft-card__secondary\">\n\t\t\t\t\t\n\t\t\t\t\t\t\t\t<div class=\"teft-card__meta\">\n\t\t\t\t\t\t\t\t\t<span class=\"post-date\">15. nov 2022<\/span>\n\n\t\t\t\t\t\t\t\t\t<span class=\"post-category\">Nyheter<\/span>\t\t\t\t\t\t\t\t<\/div>\n\t\t\t\t\t\t\t\t\t\t\t<\/div>\n\n\t\t\t\t<div class=\"teft-card__primary\">\n\t\t\t\t\t<h2 class=\"teft-card__title\">Kandidater 2023-2027&nbsp;<span class=\"teft-card__primary-title-append\"><\/span><\/h2>\t\t\t\t<\/div>\n\t\t\t<\/div>\n\t\t<\/a>\n\t<\/div>\n\n\t<\/div><div class=\"is-card-hoyre\">\n\t<div class=\"teft-card hoyre-teft-card post-teft-card\">\n\t\t<a href=\"https:\/\/hoyre.no\/hvaler\/aktuelt\/horing-om-fiskeritiltak-i-oslofjorden\/\" class=\"teft-card__primary-action\">\n\n\t\t\t<div class=\"teft-card__media teft-card__media--16-9 no-image\"><\/div>\n\t\t\t<div class=\"teft-card__content-wrapper\">\n\t\t\t\t<div class=\"teft-card__secondary\">\n\t\t\t\t\t\n\t\t\t\t\t\t\t\t<div class=\"teft-card__meta\">\n\t\t\t\t\t\t\t\t\t<span class=\"post-date\">25. mar 2025<\/span>\n\n\t\t\t\t\t\t\t\t\t\t\t\t\t\t\t\t\t<\/div>\n\t\t\t\t\t\t\t\t\t\t\t<\/div>\n\n\t\t\t\t<div class=\"teft-card__primary\">\n\t\t\t\t\t<h2 class=\"teft-card__title\">H\u00f8ring- om fiskeritiltak i Oslofjorden&nbsp;<span class=\"teft-card__primary-title-append\"><\/span><\/h2>\t\t\t\t<\/div>\n\t\t\t<\/div>\n\t\t<\/a>\n\t<\/div>\n\n\t<\/div><\/div>\t<\/div>\n<\/div>\n","protected":false},"excerpt":{"rendered":"","protected":false},"author":36444,"featured_media":0,"comment_status":"closed","ping_status":"closed","sticky":false,"template":"","format":"standard","meta":{"teft_cards_image_url":"","teft_cards_custom_pretitle":"","teft_cards_image_id":377,"teft_cards_image_focal_point_x":0.5,"teft_cards_image_focal_point_y":0.5,"teft_cards_title":"","teft_cards_excerpt":"","teft_show_chapters":false,"author_display_name":"","footnotes":""},"category":[1],"post_tag":[],"hoyre-visibility":[],"article-type":[],"politician":[],"class_list":["post-376","post","type-post","status-publish","format-standard","hentry","category-nyheter"],"yoast_head":"<!-- This site is optimized with the Yoast SEO plugin v26.6 - https:\/\/yoast.com\/wordpress\/plugins\/seo\/ -->\n<title>Utsett arbeidet med boring til sommersesongen er over! - Hvaler H\u00f8yre<\/title>\n<meta name=\"robots\" content=\"index, follow, max-snippet:-1, max-image-preview:large, max-video-preview:-1\" \/>\n<link rel=\"canonical\" href=\"https:\/\/hoyre.no\/hvaler\/aktuelt\/utsett-arbeidet-med-boring-til-sommersesongen-er-over\/\" \/>\n<meta property=\"og:locale\" content=\"nb_NO\" \/>\n<meta property=\"og:type\" content=\"article\" \/>\n<meta property=\"og:title\" content=\"Utsett arbeidet med boring til sommersesongen er over! - Hvaler H\u00f8yre\" \/>\n<meta property=\"og:url\" content=\"https:\/\/hoyre.no\/hvaler\/aktuelt\/utsett-arbeidet-med-boring-til-sommersesongen-er-over\/\" \/>\n<meta property=\"og:site_name\" content=\"Hvaler H\u00f8yre\" \/>\n<meta property=\"article:published_time\" content=\"2024-05-16T07:02:57+00:00\" \/>\n<meta property=\"article:modified_time\" content=\"2024-05-16T07:02:58+00:00\" \/>\n<meta property=\"og:image\" content=\"https:\/\/hoyre.no\/content\/uploads\/sites\/186\/2024\/05\/Gruppemote-1024x768.jpeg\" \/>\n<meta name=\"author\" content=\"Knut Martinussen\" \/>\n<meta name=\"twitter:card\" content=\"summary_large_image\" \/>\n<meta name=\"twitter:label1\" content=\"Skrevet av\" \/>\n\t<meta name=\"twitter:data1\" content=\"Knut Martinussen\" \/>\n\t<meta name=\"twitter:label2\" content=\"Ansl. lesetid\" \/>\n\t<meta name=\"twitter:data2\" content=\"2 minutter\" \/>\n<script type=\"application\/ld+json\" class=\"yoast-schema-graph\">{\"@context\":\"https:\/\/schema.org\",\"@graph\":[{\"@type\":\"NewsArticle\",\"@id\":\"https:\/\/hoyre.no\/hvaler\/aktuelt\/utsett-arbeidet-med-boring-til-sommersesongen-er-over\/\",\"url\":\"https:\/\/hoyre.no\/hvaler\/aktuelt\/utsett-arbeidet-med-boring-til-sommersesongen-er-over\/\",\"name\":\"Utsett arbeidet med boring til sommersesongen er over! - Hvaler H\u00f8yre\",\"isPartOf\":{\"@id\":\"https:\/\/hoyre.no\/hvaler\/#website\"},\"datePublished\":\"2024-05-16T07:02:57+00:00\",\"dateModified\":\"2024-05-16T07:02:58+00:00\",\"author\":{\"@id\":\"https:\/\/hoyre.no\/hvaler\/#\/schema\/person\/98a1ec7d0581ade78cb8c21cd2421c97\"},\"breadcrumb\":{\"@id\":\"https:\/\/hoyre.no\/hvaler\/aktuelt\/utsett-arbeidet-med-boring-til-sommersesongen-er-over\/#breadcrumb\"},\"inLanguage\":\"nb-NO\",\"potentialAction\":[{\"@type\":\"ReadAction\",\"target\":[\"https:\/\/hoyre.no\/hvaler\/aktuelt\/utsett-arbeidet-med-boring-til-sommersesongen-er-over\/\"]}]},{\"@type\":\"BreadcrumbList\",\"@id\":\"https:\/\/hoyre.no\/hvaler\/aktuelt\/utsett-arbeidet-med-boring-til-sommersesongen-er-over\/#breadcrumb\",\"itemListElement\":[{\"@type\":\"ListItem\",\"position\":1,\"name\":\"Til hoyre.no\",\"item\":\"https:\/\/hoyre.no\"},{\"@type\":\"ListItem\",\"position\":2,\"name\":\"Hjem\",\"item\":\"https:\/\/hoyre.no\/hvaler\/\"},{\"@type\":\"ListItem\",\"position\":3,\"name\":\"Utsett arbeidet med boring til sommersesongen er over!\"}]},{\"@type\":\"WebSite\",\"@id\":\"https:\/\/hoyre.no\/hvaler\/#website\",\"url\":\"https:\/\/hoyre.no\/hvaler\/\",\"name\":\"Hvaler H\u00f8yre\",\"description\":\"Bare enda et H\u00f8yres nettsteder-nettsted\",\"inLanguage\":\"nb-NO\"},{\"@type\":\"Person\",\"@id\":\"https:\/\/hoyre.no\/hvaler\/#\/schema\/person\/98a1ec7d0581ade78cb8c21cd2421c97\",\"name\":\"Knut Martinussen\",\"image\":{\"@type\":\"ImageObject\",\"inLanguage\":\"nb-NO\",\"@id\":\"https:\/\/hoyre.no\/hvaler\/#\/schema\/person\/image\/\",\"url\":\"https:\/\/secure.gravatar.com\/avatar\/7afe091aa991ed2edcdd0b0dd73c6813af89417272f8c64cc3b6e6689a0b43b6?s=96&d=mm&r=g\",\"contentUrl\":\"https:\/\/secure.gravatar.com\/avatar\/7afe091aa991ed2edcdd0b0dd73c6813af89417272f8c64cc3b6e6689a0b43b6?s=96&d=mm&r=g\",\"caption\":\"Knut Martinussen\"},\"url\":\"https:\/\/hoyre.no\/hvaler\/aktuelt\/author\/m52164423\/\"}]}<\/script>\n<!-- \/ Yoast SEO plugin. -->","yoast_head_json":{"title":"Utsett arbeidet med boring til sommersesongen er over! - Hvaler H\u00f8yre","robots":{"index":"index","follow":"follow","max-snippet":"max-snippet:-1","max-image-preview":"max-image-preview:large","max-video-preview":"max-video-preview:-1"},"canonical":"https:\/\/hoyre.no\/hvaler\/aktuelt\/utsett-arbeidet-med-boring-til-sommersesongen-er-over\/","og_locale":"nb_NO","og_type":"article","og_title":"Utsett arbeidet med boring til sommersesongen er over! - Hvaler H\u00f8yre","og_url":"https:\/\/hoyre.no\/hvaler\/aktuelt\/utsett-arbeidet-med-boring-til-sommersesongen-er-over\/","og_site_name":"Hvaler H\u00f8yre","article_published_time":"2024-05-16T07:02:57+00:00","article_modified_time":"2024-05-16T07:02:58+00:00","og_image":[{"url":"https:\/\/hoyre.no\/content\/uploads\/sites\/186\/2024\/05\/Gruppemote-1024x768.jpeg","width":"","height":"","type":""}],"author":"Knut Martinussen","twitter_card":"summary_large_image","twitter_misc":{"Skrevet av":"Knut Martinussen","Ansl. lesetid":"2 minutter"},"schema":{"@context":"https:\/\/schema.org","@graph":[{"@type":"NewsArticle","@id":"https:\/\/hoyre.no\/hvaler\/aktuelt\/utsett-arbeidet-med-boring-til-sommersesongen-er-over\/","url":"https:\/\/hoyre.no\/hvaler\/aktuelt\/utsett-arbeidet-med-boring-til-sommersesongen-er-over\/","name":"Utsett arbeidet med boring til sommersesongen er over! - Hvaler H\u00f8yre","isPartOf":{"@id":"https:\/\/hoyre.no\/hvaler\/#website"},"datePublished":"2024-05-16T07:02:57+00:00","dateModified":"2024-05-16T07:02:58+00:00","author":{"@id":"https:\/\/hoyre.no\/hvaler\/#\/schema\/person\/98a1ec7d0581ade78cb8c21cd2421c97"},"breadcrumb":{"@id":"https:\/\/hoyre.no\/hvaler\/aktuelt\/utsett-arbeidet-med-boring-til-sommersesongen-er-over\/#breadcrumb"},"inLanguage":"nb-NO","potentialAction":[{"@type":"ReadAction","target":["https:\/\/hoyre.no\/hvaler\/aktuelt\/utsett-arbeidet-med-boring-til-sommersesongen-er-over\/"]}]},{"@type":"BreadcrumbList","@id":"https:\/\/hoyre.no\/hvaler\/aktuelt\/utsett-arbeidet-med-boring-til-sommersesongen-er-over\/#breadcrumb","itemListElement":[{"@type":"ListItem","position":1,"name":"Til hoyre.no","item":"https:\/\/hoyre.no"},{"@type":"ListItem","position":2,"name":"Hjem","item":"https:\/\/hoyre.no\/hvaler\/"},{"@type":"ListItem","position":3,"name":"Utsett arbeidet med boring til sommersesongen er over!"}]},{"@type":"WebSite","@id":"https:\/\/hoyre.no\/hvaler\/#website","url":"https:\/\/hoyre.no\/hvaler\/","name":"Hvaler H\u00f8yre","description":"Bare enda et H\u00f8yres nettsteder-nettsted","inLanguage":"nb-NO"},{"@type":"Person","@id":"https:\/\/hoyre.no\/hvaler\/#\/schema\/person\/98a1ec7d0581ade78cb8c21cd2421c97","name":"Knut Martinussen","image":{"@type":"ImageObject","inLanguage":"nb-NO","@id":"https:\/\/hoyre.no\/hvaler\/#\/schema\/person\/image\/","url":"https:\/\/secure.gravatar.com\/avatar\/7afe091aa991ed2edcdd0b0dd73c6813af89417272f8c64cc3b6e6689a0b43b6?s=96&d=mm&r=g","contentUrl":"https:\/\/secure.gravatar.com\/avatar\/7afe091aa991ed2edcdd0b0dd73c6813af89417272f8c64cc3b6e6689a0b43b6?s=96&d=mm&r=g","caption":"Knut Martinussen"},"url":"https:\/\/hoyre.no\/hvaler\/aktuelt\/author\/m52164423\/"}]}},"distributor_meta":false,"distributor_terms":false,"distributor_media":false,"distributor_original_site_name":"Hvaler H\u00f8yre","distributor_original_site_url":"https:\/\/hoyre.no\/hvaler","push-errors":false,"_links":{"self":[{"href":"https:\/\/hoyre.no\/hvaler\/wp-json\/wp\/v2\/posts\/376","targetHints":{"allow":["GET"]}}],"collection":[{"href":"https:\/\/hoyre.no\/hvaler\/wp-json\/wp\/v2\/posts"}],"about":[{"href":"https:\/\/hoyre.no\/hvaler\/wp-json\/wp\/v2\/types\/post"}],"author":[{"embeddable":true,"href":"https:\/\/hoyre.no\/hvaler\/wp-json\/wp\/v2\/users\/36444"}],"replies":[{"embeddable":true,"href":"https:\/\/hoyre.no\/hvaler\/wp-json\/wp\/v2\/comments?post=376"}],"version-history":[{"count":1,"href":"https:\/\/hoyre.no\/hvaler\/wp-json\/wp\/v2\/posts\/376\/revisions"}],"predecessor-version":[{"id":379,"href":"https:\/\/hoyre.no\/hvaler\/wp-json\/wp\/v2\/posts\/376\/revisions\/379"}],"wp:attachment":[{"href":"https:\/\/hoyre.no\/hvaler\/wp-json\/wp\/v2\/media?parent=376"}],"wp:term":[{"taxonomy":"category","embeddable":true,"href":"https:\/\/hoyre.no\/hvaler\/wp-json\/wp\/v2\/category?post=376"},{"taxonomy":"post_tag","embeddable":true,"href":"https:\/\/hoyre.no\/hvaler\/wp-json\/wp\/v2\/post_tag?post=376"},{"taxonomy":"hoyre-visibility","embeddable":true,"href":"https:\/\/hoyre.no\/hvaler\/wp-json\/wp\/v2\/hoyre-visibility?post=376"},{"taxonomy":"article-type","embeddable":true,"href":"https:\/\/hoyre.no\/hvaler\/wp-json\/wp\/v2\/article-type?post=376"},{"taxonomy":"politician","embeddable":true,"href":"https:\/\/hoyre.no\/hvaler\/wp-json\/wp\/v2\/politician?post=376"}],"curies":[{"name":"wp","href":"https:\/\/api.w.org\/{rel}","templated":true}]}}