{"id":77,"date":"2022-11-15T21:24:28","date_gmt":"2022-11-15T20:24:28","guid":{"rendered":"https:\/\/hoyre.no\/hvaler\/?p=77"},"modified":"2023-04-12T10:18:21","modified_gmt":"2023-04-12T08:18:21","slug":"kommunestyrevalglisten-2023-2027","status":"publish","type":"post","link":"https:\/\/hoyre.no\/hvaler\/aktuelt\/kommunestyrevalglisten-2023-2027\/","title":{"rendered":"Kommunestyrevalglisten 2023-2027"},"content":{"rendered":"\n<p class=\"preamble\">Hvaler H\u00f8yre har i dag 15.11.2022 gjennomf\u00f8rt Nominasjonsm\u00f8tet. Se vedtatt kandidatlisten nedenfor.<\/p>\n\n\n<p><strong>Hvaler H\u00f8yre kommunestyrevalget 2023<\/strong><\/p>\n<p>\u00a0<\/p>\n<table width=\"495\">\n<tbody>\n<tr>\n<td width=\"65\">\u00a0<\/td>\n<td width=\"147\">\n<p><strong>Fornavn<\/strong><\/p>\n<\/td>\n<td width=\"109\">\n<p><strong>Etternavn<\/strong><\/p>\n<\/td>\n<td width=\"100\">\n<p><strong>Bosted<\/strong><\/p>\n<\/td>\n<td width=\"73\">\n<p><strong>Alder<\/strong><\/p>\n<\/td>\n<\/tr>\n<tr>\n<td width=\"65\">\n<p><strong>1.\u00a0\u00a0\u00a0\u00a0 <\/strong><strong>\u00a0<\/strong><\/p>\n<\/td>\n<td width=\"147\">\n<p><strong>Anne May Sandvik<\/strong><\/p>\n<\/td>\n<td width=\"109\">\n<p><strong>Olsen<\/strong><\/p>\n<\/td>\n<td width=\"100\">\n<p><strong>Kirk\u00f8y<\/strong><\/p>\n<\/td>\n<td width=\"73\">\n<p><strong>58<\/strong><\/p>\n<\/td>\n<\/tr>\n<tr>\n<td width=\"65\">\n<p><strong>2.\u00a0\u00a0\u00a0\u00a0 <\/strong><strong>\u00a0<\/strong><\/p>\n<\/td>\n<td width=\"147\">\n<p><strong>Lars Egil<\/strong><\/p>\n<\/td>\n<td width=\"109\">\n<p><strong>Lande<\/strong><\/p>\n<\/td>\n<td width=\"100\">\n<p><strong>Vester\u00f8y<\/strong><\/p>\n<\/td>\n<td width=\"73\">\n<p><strong>49<\/strong><\/p>\n<\/td>\n<\/tr>\n<tr>\n<td width=\"65\">\n<p><strong>3.\u00a0\u00a0\u00a0\u00a0 <\/strong><strong>\u00a0<\/strong><\/p>\n<\/td>\n<td width=\"147\">\n<p><strong>Nina<\/strong><\/p>\n<\/td>\n<td width=\"109\">\n<p><strong>Jacobsen<\/strong><\/p>\n<\/td>\n<td width=\"100\">\n<p><strong>Vester\u00f8y<\/strong><\/p>\n<\/td>\n<td width=\"73\">\n<p><strong>63<\/strong><\/p>\n<\/td>\n<\/tr>\n<tr>\n<td width=\"65\">\n<p>4.\u00a0\u00a0\u00a0\u00a0 \u00a0<\/p>\n<\/td>\n<td width=\"147\">\n<p>Harald Kristoffer<\/p>\n<\/td>\n<td width=\"109\">\n<p>Horne<\/p>\n<\/td>\n<td width=\"100\">\n<p>Asmal\u00f8y<\/p>\n<\/td>\n<td width=\"73\">\n<p>73<\/p>\n<\/td>\n<\/tr>\n<tr>\n<td width=\"65\">\n<p>5.\u00a0\u00a0\u00a0\u00a0 \u00a0<\/p>\n<\/td>\n<td width=\"147\">\n<p>Per Christian<\/p>\n<\/td>\n<td width=\"109\">\n<p>Sperlin<\/p>\n<\/td>\n<td width=\"100\">\n<p>Kirk\u00f8y<\/p>\n<\/td>\n<td width=\"73\">\n<p>55<\/p>\n<\/td>\n<\/tr>\n<tr>\n<td width=\"65\">\n<p>6.\u00a0\u00a0\u00a0\u00a0 \u00a0<\/p>\n<\/td>\n<td width=\"147\">\n<p>Tore Henrik<\/p>\n<\/td>\n<td width=\"109\">\n<p>Meberg-Hansen<\/p>\n<\/td>\n<td width=\"100\">\n<p>Vester\u00f8y<\/p>\n<\/td>\n<td width=\"73\">\n<p>53<\/p>\n<\/td>\n<\/tr>\n<tr>\n<td width=\"65\">\n<p>7.\u00a0\u00a0\u00a0\u00a0 \u00a0<\/p>\n<\/td>\n<td width=\"147\">\n<p>Hilde Gunn<\/p>\n<\/td>\n<td width=\"109\">\n<p>Avl\u00f8yp<\/p>\n<\/td>\n<td width=\"100\">\n<p>Kirk\u00f8y<\/p>\n<\/td>\n<td width=\"73\">\n<p>60<\/p>\n<\/td>\n<\/tr>\n<tr>\n<td width=\"65\">\n<p>8.\u00a0\u00a0\u00a0\u00a0 \u00a0<\/p>\n<\/td>\n<td width=\"147\">\n<p>Kim-Erik<\/p>\n<\/td>\n<td width=\"109\">\n<p>Ballovarre<\/p>\n<\/td>\n<td width=\"100\">\n<p>Asmal\u00f8y<\/p>\n<\/td>\n<td width=\"73\">\n<p>46<\/p>\n<\/td>\n<\/tr>\n<tr>\n<td width=\"65\">\n<p>9.\u00a0\u00a0\u00a0\u00a0 \u00a0<\/p>\n<\/td>\n<td width=\"147\">\n<p>Knut<\/p>\n<\/td>\n<td width=\"109\">\n<p>Martinussen<\/p>\n<\/td>\n<td width=\"100\">\n<p>Asmal\u00f8y<\/p>\n<\/td>\n<td width=\"73\">\n<p>63<\/p>\n<\/td>\n<\/tr>\n<tr>\n<td width=\"65\">\n<p>10.\u00a0 \u00a0<\/p>\n<\/td>\n<td width=\"147\">\n<p>Tore<\/p>\n<\/td>\n<td width=\"109\">\n<p>Adolfsen<\/p>\n<\/td>\n<td width=\"100\">\n<p>S\u00f8ndre Sand\u00f8y<\/p>\n<\/td>\n<td width=\"73\">\n<p>72<\/p>\n<\/td>\n<\/tr>\n<tr>\n<td width=\"65\">\n<p>11.\u00a0 \u00a0<\/p>\n<\/td>\n<td width=\"147\">\n<p>Kristin<\/p>\n<\/td>\n<td width=\"109\">\n<p>Male<\/p>\n<\/td>\n<td width=\"100\">\n<p>Kirk\u00f8y<\/p>\n<\/td>\n<td width=\"73\">\n<p>57<\/p>\n<\/td>\n<\/tr>\n<tr>\n<td width=\"65\">\n<p>12.\u00a0 \u00a0<\/p>\n<\/td>\n<td width=\"147\">\n<p>Karl J\u00f8rgen<\/p>\n<\/td>\n<td width=\"109\">\n<p>S\u00e6ten<\/p>\n<\/td>\n<td width=\"100\">\n<p>Kirk\u00f8y<\/p>\n<\/td>\n<td width=\"73\">\n<p>46<\/p>\n<\/td>\n<\/tr>\n<tr>\n<td width=\"65\">\n<p>13.\u00a0 \u00a0<\/p>\n<\/td>\n<td width=\"147\">\n<p>Thomas<\/p>\n<\/td>\n<td width=\"109\">\n<p>Gr\u00f8tvedt<\/p>\n<\/td>\n<td width=\"100\">\n<p>Asmal\u00f8y<\/p>\n<\/td>\n<td width=\"73\">\n<p>46<\/p>\n<\/td>\n<\/tr>\n<tr>\n<td width=\"65\">\n<p>14.\u00a0 \u00a0<\/p>\n<\/td>\n<td width=\"147\">\n<p>Leif Oddvar<\/p>\n<\/td>\n<td width=\"109\">\n<p>L\u00f8kkeberg<\/p>\n<\/td>\n<td width=\"100\">\n<p>S\u00f8ndre Sand\u00f8y<\/p>\n<\/td>\n<td width=\"73\">\n<p>63<\/p>\n<\/td>\n<\/tr>\n<tr>\n<td width=\"65\">\n<p>15.\u00a0 \u00a0<\/p>\n<\/td>\n<td width=\"147\">\n<p>Vigdis<\/p>\n<\/td>\n<td width=\"109\">\n<p>Tingelstad<\/p>\n<\/td>\n<td width=\"100\">\n<p>Spj\u00e6r\u00f8y<\/p>\n<\/td>\n<td width=\"73\">\n<p>65<\/p>\n<\/td>\n<\/tr>\n<tr>\n<td width=\"65\">\n<p>16.\u00a0 \u00a0<\/p>\n<\/td>\n<td width=\"147\">\n<p>Lillian<\/p>\n<\/td>\n<td width=\"109\">\n<p>Nordal<\/p>\n<\/td>\n<td width=\"100\">\n<p>S\u00f8ndre Sand\u00f8y<\/p>\n<\/td>\n<td width=\"73\">\n<p>79<\/p>\n<\/td>\n<\/tr>\n<tr>\n<td width=\"65\">\n<p>17.\u00a0 \u00a0<\/p>\n<\/td>\n<td width=\"147\">\n<p>Lena Maria<\/p>\n<\/td>\n<td width=\"109\">\n<p>Ortega-Sperlin<\/p>\n<\/td>\n<td width=\"100\">\n<p>Asmal\u00f8y<\/p>\n<\/td>\n<td width=\"73\">\n<p>33<\/p>\n<\/td>\n<\/tr>\n<tr>\n<td width=\"65\">\n<p>18.\u00a0 \u00a0<\/p>\n<\/td>\n<td width=\"147\">\n<p>Dag Evert<\/p>\n<\/td>\n<td width=\"109\">\n<p>Eriksen<\/p>\n<\/td>\n<td width=\"100\">\n<p>Asmal\u00f8y<\/p>\n<\/td>\n<td width=\"73\">\n<p>66<\/p>\n<\/td>\n<\/tr>\n<tr>\n<td width=\"65\">\n<p>19.\u00a0 \u00a0<\/p>\n<\/td>\n<td width=\"147\">\n<p>Wenche<\/p>\n<\/td>\n<td width=\"109\">\n<p>Kavli Adolfsen<\/p>\n<\/td>\n<td width=\"100\">\n<p>S\u00f8ndre Sand\u00f8y<\/p>\n<\/td>\n<td width=\"73\">\n<p>58<\/p>\n<\/td>\n<\/tr>\n<tr>\n<td width=\"65\">\n<p>20.\u00a0 \u00a0<\/p>\n<\/td>\n<td width=\"147\">\n<p>Roy<\/p>\n<\/td>\n<td width=\"109\">\n<p>Andersen<\/p>\n<\/td>\n<td width=\"100\">\n<p>Asmal\u00f8y<\/p>\n<\/td>\n<td width=\"73\">\n<p>66<\/p>\n<\/td>\n<\/tr>\n<tr>\n<td width=\"65\">\n<p>21.\u00a0 \u00a0<\/p>\n<\/td>\n<td width=\"147\">\n<p>Inger-Lise<\/p>\n<\/td>\n<td width=\"109\">\n<p>Baardsen<\/p>\n<\/td>\n<td width=\"100\">\n<p>S\u00f8ndre Sand\u00f8y<\/p>\n<\/td>\n<td width=\"73\">\n<p>67<\/p>\n<\/td>\n<\/tr>\n<tr>\n<td width=\"65\">\n<p>22.\u00a0 \u00a0<\/p>\n<\/td>\n<td width=\"147\">\n<p>Dag B\u00f8rge<\/p>\n<\/td>\n<td width=\"109\">\n<p>Hustad<\/p>\n<\/td>\n<td width=\"100\">\n<p>Vester\u00f8y<\/p>\n<\/td>\n<td width=\"73\">\n<p>60<\/p>\n<\/td>\n<\/tr>\n<\/tbody>\n<\/table>\n<p>\u00a0<\/p>\n\n\n<div class=\"tags\">\n\t\t<div class=\"wp-block-tag-cloud\">\n\t\t\t\t\t<a href=\"https:\/\/hoyre.no\/hvaler\/aktuelt\/tag\/valgkamp\/\" class=\"tag-cloud-link\">Valgkamp<\/a>\n\t\t\t<\/div>\n\t<\/div>\n<div class=\"post-footer alignfull has-background block-editor-block-list__block\" data-align=full>\n\t<div class=\"post-footer-inner\">\n\t\t<h3>Relaterte artikler<\/h3>\n\t\t<div class=\"related-content\"><div class=\"is-card-hoyre\">\n\t<div class=\"teft-card hoyre-teft-card post-teft-card\">\n\t\t<a href=\"https:\/\/hoyre.no\/hvaler\/aktuelt\/hvaler-hoyres-program-2023-2027\/\" class=\"teft-card__primary-action\">\n\n\t\t\t\t\t<div class=\"teft-card__media teft-card__media--16-9\">\n\t\t\t\t\t\t<img loading=\"lazy\" decoding=\"async\" width=\"768\" height=\"576\" src=\"https:\/\/hoyre.no\/content\/uploads\/sites\/186\/2023\/05\/20230515_200644-768x576.jpg\" class=\"attachment-medium_large size-medium_large\" alt=\"\" srcset=\"https:\/\/hoyre.no\/content\/uploads\/sites\/186\/2023\/05\/20230515_200644-768x576.jpg 768w, https:\/\/hoyre.no\/content\/uploads\/sites\/186\/2023\/05\/20230515_200644-300x225.jpg 300w, https:\/\/hoyre.no\/content\/uploads\/sites\/186\/2023\/05\/20230515_200644-1024x768.jpg 1024w, https:\/\/hoyre.no\/content\/uploads\/sites\/186\/2023\/05\/20230515_200644-1536x1152.jpg 1536w, https:\/\/hoyre.no\/content\/uploads\/sites\/186\/2023\/05\/20230515_200644-2048x1536.jpg 2048w\" sizes=\"auto, (max-width: 768px) 100vw, 768px\" \/>\t\t<\/div>\n\t\t\n\t\t\t<div class=\"teft-card__content-wrapper\">\n\t\t\t\t<div class=\"teft-card__secondary\">\n\t\t\t\t\t\n\t\t\t\t\t\t\t\t<div class=\"teft-card__meta\">\n\t\t\t\t\t\t\t\t\t<span class=\"post-date\">30. mai 2023<\/span>\n\n\t\t\t\t\t\t\t\t\t<span class=\"post-category\">Nyheter<\/span>\t\t\t\t\t\t\t\t<\/div>\n\t\t\t\t\t\t\t\t\t\t\t<\/div>\n\n\t\t\t\t<div class=\"teft-card__primary\">\n\t\t\t\t\t<h2 class=\"teft-card__title\">Valgkampen er i gang! Her er v\u00e5rt program!&nbsp;<span class=\"teft-card__primary-title-append\"><\/span><\/h2>\t\t\t\t<\/div>\n\t\t\t<\/div>\n\t\t<\/a>\n\t<\/div>\n\n\t<\/div><div class=\"is-card-hoyre\">\n\t<div class=\"teft-card hoyre-teft-card post-teft-card\">\n\t\t<a href=\"https:\/\/hoyre.no\/hvaler\/aktuelt\/horing-om-fiskeritiltak-i-oslofjorden\/\" class=\"teft-card__primary-action\">\n\n\t\t\t<div class=\"teft-card__media teft-card__media--16-9 no-image\"><\/div>\n\t\t\t<div class=\"teft-card__content-wrapper\">\n\t\t\t\t<div class=\"teft-card__secondary\">\n\t\t\t\t\t\n\t\t\t\t\t\t\t\t<div class=\"teft-card__meta\">\n\t\t\t\t\t\t\t\t\t<span class=\"post-date\">25. mar 2025<\/span>\n\n\t\t\t\t\t\t\t\t\t\t\t\t\t\t\t\t\t<\/div>\n\t\t\t\t\t\t\t\t\t\t\t<\/div>\n\n\t\t\t\t<div class=\"teft-card__primary\">\n\t\t\t\t\t<h2 class=\"teft-card__title\">H\u00f8ring- om fiskeritiltak i Oslofjorden&nbsp;<span class=\"teft-card__primary-title-append\"><\/span><\/h2>\t\t\t\t<\/div>\n\t\t\t<\/div>\n\t\t<\/a>\n\t<\/div>\n\n\t<\/div><div class=\"is-card-hoyre\">\n\t<div class=\"teft-card hoyre-teft-card post-teft-card\">\n\t\t<a href=\"https:\/\/hoyre.no\/hvaler\/aktuelt\/bli-med-pa-gruppemotene\/\" class=\"teft-card__primary-action\">\n\n\t\t\t\t\t<div class=\"teft-card__media teft-card__media--16-9\">\n\t\t\t\t\t\t<img loading=\"lazy\" decoding=\"async\" width=\"768\" height=\"576\" src=\"https:\/\/hoyre.no\/content\/uploads\/sites\/186\/2024\/05\/Gruppemote-768x576.jpeg\" class=\"attachment-medium_large size-medium_large\" alt=\"\" srcset=\"https:\/\/hoyre.no\/content\/uploads\/sites\/186\/2024\/05\/Gruppemote-768x576.jpeg 768w, https:\/\/hoyre.no\/content\/uploads\/sites\/186\/2024\/05\/Gruppemote-300x225.jpeg 300w, https:\/\/hoyre.no\/content\/uploads\/sites\/186\/2024\/05\/Gruppemote-1024x768.jpeg 1024w, https:\/\/hoyre.no\/content\/uploads\/sites\/186\/2024\/05\/Gruppemote-1536x1152.jpeg 1536w, https:\/\/hoyre.no\/content\/uploads\/sites\/186\/2024\/05\/Gruppemote.jpeg 2048w\" sizes=\"auto, (max-width: 768px) 100vw, 768px\" \/>\t\t<\/div>\n\t\t\n\t\t\t<div class=\"teft-card__content-wrapper\">\n\t\t\t\t<div class=\"teft-card__secondary\">\n\t\t\t\t\t\n\t\t\t\t\t\t\t\t<div class=\"teft-card__meta\">\n\t\t\t\t\t\t\t\t\t<span class=\"post-date\">16. mai 2024<\/span>\n\n\t\t\t\t\t\t\t\t\t<span class=\"post-category\">Nyheter<\/span>\t\t\t\t\t\t\t\t<\/div>\n\t\t\t\t\t\t\t\t\t\t\t<\/div>\n\n\t\t\t\t<div class=\"teft-card__primary\">\n\t\t\t\t\t<h2 class=\"teft-card__title\">Bli med p\u00e5 gruppem\u00f8tene!&nbsp;<span class=\"teft-card__primary-title-append\"><\/span><\/h2>\t\t\t\t<\/div>\n\t\t\t<\/div>\n\t\t<\/a>\n\t<\/div>\n\n\t<\/div><\/div>\t<\/div>\n<\/div>\n\n\n\n\n\n\n\n\n\n\n\n\n\n\n\n\n","protected":false},"excerpt":{"rendered":"<p>Hvaler H\u00f8yre kommunestyrevalget 2023 \u00a0 \u00a0 Fornavn Etternavn Bosted Alder 1.\u00a0\u00a0\u00a0\u00a0 \u00a0 Anne May Sandvik Olsen Kirk\u00f8y 58 2.\u00a0\u00a0\u00a0\u00a0 \u00a0 Lars Egil Lande Vester\u00f8y 49 3.\u00a0\u00a0\u00a0\u00a0 \u00a0 Nina Jacobsen Vester\u00f8y 63 4.\u00a0\u00a0\u00a0\u00a0 \u00a0 Harald Kristoffer Horne Asmal\u00f8y 73 5.\u00a0\u00a0\u00a0\u00a0 \u00a0 Per Christian Sperlin Kirk\u00f8y 55 6.\u00a0\u00a0\u00a0\u00a0 \u00a0 Tore Henrik Meberg-Hansen Vester\u00f8y 53 7.\u00a0\u00a0\u00a0\u00a0 \u00a0 Hilde [&hellip;]<\/p>\n","protected":false},"author":12744,"featured_media":0,"comment_status":"closed","ping_status":"closed","sticky":true,"template":"","format":"standard","meta":{"teft_cards_image_url":"","teft_cards_custom_pretitle":"","teft_cards_image_id":204,"teft_cards_image_focal_point_x":0.5,"teft_cards_image_focal_point_y":0.5,"teft_cards_title":"Kandidater 2023-2027","teft_cards_excerpt":"","teft_show_chapters":false,"author_display_name":"","footnotes":""},"category":[1],"post_tag":[5],"hoyre-visibility":[],"article-type":[],"politician":[],"class_list":["post-77","post","type-post","status-publish","format-standard","hentry","category-nyheter","tag-valgkamp"],"yoast_head":"<!-- This site is optimized with the Yoast SEO plugin v26.6 - https:\/\/yoast.com\/wordpress\/plugins\/seo\/ -->\n<title>Kommunestyrevalglisten 2023-2027 - Hvaler H\u00f8yre<\/title>\n<meta name=\"robots\" content=\"index, follow, max-snippet:-1, max-image-preview:large, max-video-preview:-1\" \/>\n<link rel=\"canonical\" href=\"https:\/\/hoyre.no\/hvaler\/aktuelt\/kommunestyrevalglisten-2023-2027\/\" \/>\n<meta property=\"og:locale\" content=\"nb_NO\" \/>\n<meta property=\"og:type\" content=\"article\" \/>\n<meta property=\"og:title\" content=\"Kommunestyrevalglisten 2023-2027 - Hvaler H\u00f8yre\" \/>\n<meta property=\"og:description\" content=\"Hvaler H\u00f8yre kommunestyrevalget 2023 \u00a0 \u00a0 Fornavn Etternavn Bosted Alder 1.\u00a0\u00a0\u00a0\u00a0 \u00a0 Anne May Sandvik Olsen Kirk\u00f8y 58 2.\u00a0\u00a0\u00a0\u00a0 \u00a0 Lars Egil Lande Vester\u00f8y 49 3.\u00a0\u00a0\u00a0\u00a0 \u00a0 Nina Jacobsen Vester\u00f8y 63 4.\u00a0\u00a0\u00a0\u00a0 \u00a0 Harald Kristoffer Horne Asmal\u00f8y 73 5.\u00a0\u00a0\u00a0\u00a0 \u00a0 Per Christian Sperlin Kirk\u00f8y 55 6.\u00a0\u00a0\u00a0\u00a0 \u00a0 Tore Henrik Meberg-Hansen Vester\u00f8y 53 7.\u00a0\u00a0\u00a0\u00a0 \u00a0 Hilde [&hellip;]\" \/>\n<meta property=\"og:url\" content=\"https:\/\/hoyre.no\/hvaler\/aktuelt\/kommunestyrevalglisten-2023-2027\/\" \/>\n<meta property=\"og:site_name\" content=\"Hvaler H\u00f8yre\" \/>\n<meta property=\"article:published_time\" content=\"2022-11-15T20:24:28+00:00\" \/>\n<meta property=\"article:modified_time\" content=\"2023-04-12T08:18:21+00:00\" \/>\n<meta property=\"og:image\" content=\"https:\/\/hoyre.no\/content\/uploads\/sites\/186\/2024\/05\/Boring-2-1024x768.jpeg\" \/>\n<meta name=\"author\" content=\"Dag Evert Eriksen\" \/>\n<meta name=\"twitter:card\" content=\"summary_large_image\" \/>\n<meta name=\"twitter:label1\" content=\"Skrevet av\" \/>\n\t<meta name=\"twitter:data1\" content=\"Dag Evert Eriksen\" \/>\n\t<meta name=\"twitter:label2\" content=\"Ansl. lesetid\" \/>\n\t<meta name=\"twitter:data2\" content=\"1 minutt\" \/>\n<script type=\"application\/ld+json\" class=\"yoast-schema-graph\">{\"@context\":\"https:\/\/schema.org\",\"@graph\":[{\"@type\":\"NewsArticle\",\"@id\":\"https:\/\/hoyre.no\/hvaler\/aktuelt\/kommunestyrevalglisten-2023-2027\/\",\"url\":\"https:\/\/hoyre.no\/hvaler\/aktuelt\/kommunestyrevalglisten-2023-2027\/\",\"name\":\"Kommunestyrevalglisten 2023-2027 - Hvaler H\u00f8yre\",\"isPartOf\":{\"@id\":\"https:\/\/hoyre.no\/hvaler\/#website\"},\"datePublished\":\"2022-11-15T20:24:28+00:00\",\"dateModified\":\"2023-04-12T08:18:21+00:00\",\"author\":{\"@id\":\"https:\/\/hoyre.no\/hvaler\/#\/schema\/person\/f9d5d9a6fdf037c1921f9ad693b3f7e6\"},\"breadcrumb\":{\"@id\":\"https:\/\/hoyre.no\/hvaler\/aktuelt\/kommunestyrevalglisten-2023-2027\/#breadcrumb\"},\"inLanguage\":\"nb-NO\",\"potentialAction\":[{\"@type\":\"ReadAction\",\"target\":[\"https:\/\/hoyre.no\/hvaler\/aktuelt\/kommunestyrevalglisten-2023-2027\/\"]}]},{\"@type\":\"BreadcrumbList\",\"@id\":\"https:\/\/hoyre.no\/hvaler\/aktuelt\/kommunestyrevalglisten-2023-2027\/#breadcrumb\",\"itemListElement\":[{\"@type\":\"ListItem\",\"position\":1,\"name\":\"Til hoyre.no\",\"item\":\"https:\/\/hoyre.no\"},{\"@type\":\"ListItem\",\"position\":2,\"name\":\"Hjem\",\"item\":\"https:\/\/hoyre.no\/hvaler\/\"},{\"@type\":\"ListItem\",\"position\":3,\"name\":\"Kommunestyrevalglisten 2023-2027\"}]},{\"@type\":\"WebSite\",\"@id\":\"https:\/\/hoyre.no\/hvaler\/#website\",\"url\":\"https:\/\/hoyre.no\/hvaler\/\",\"name\":\"Hvaler H\u00f8yre\",\"description\":\"Bare enda et H\u00f8yres nettsteder-nettsted\",\"inLanguage\":\"nb-NO\"},{\"@type\":\"Person\",\"@id\":\"https:\/\/hoyre.no\/hvaler\/#\/schema\/person\/f9d5d9a6fdf037c1921f9ad693b3f7e6\",\"name\":\"Dag Evert Eriksen\",\"image\":{\"@type\":\"ImageObject\",\"inLanguage\":\"nb-NO\",\"@id\":\"https:\/\/hoyre.no\/hvaler\/#\/schema\/person\/image\/\",\"url\":\"https:\/\/secure.gravatar.com\/avatar\/233e43ac189d453c0cea40d927ce34b16c7b2f80f7ee7c52534f08903259078e?s=96&d=mm&r=g\",\"contentUrl\":\"https:\/\/secure.gravatar.com\/avatar\/233e43ac189d453c0cea40d927ce34b16c7b2f80f7ee7c52534f08903259078e?s=96&d=mm&r=g\",\"caption\":\"Dag Evert Eriksen\"},\"url\":\"https:\/\/hoyre.no\/hvaler\/aktuelt\/author\/m50281682\/\"}]}<\/script>\n<!-- \/ Yoast SEO plugin. -->","yoast_head_json":{"title":"Kommunestyrevalglisten 2023-2027 - Hvaler H\u00f8yre","robots":{"index":"index","follow":"follow","max-snippet":"max-snippet:-1","max-image-preview":"max-image-preview:large","max-video-preview":"max-video-preview:-1"},"canonical":"https:\/\/hoyre.no\/hvaler\/aktuelt\/kommunestyrevalglisten-2023-2027\/","og_locale":"nb_NO","og_type":"article","og_title":"Kommunestyrevalglisten 2023-2027 - Hvaler H\u00f8yre","og_description":"Hvaler H\u00f8yre kommunestyrevalget 2023 \u00a0 \u00a0 Fornavn Etternavn Bosted Alder 1.\u00a0\u00a0\u00a0\u00a0 \u00a0 Anne May Sandvik Olsen Kirk\u00f8y 58 2.\u00a0\u00a0\u00a0\u00a0 \u00a0 Lars Egil Lande Vester\u00f8y 49 3.\u00a0\u00a0\u00a0\u00a0 \u00a0 Nina Jacobsen Vester\u00f8y 63 4.\u00a0\u00a0\u00a0\u00a0 \u00a0 Harald Kristoffer Horne Asmal\u00f8y 73 5.\u00a0\u00a0\u00a0\u00a0 \u00a0 Per Christian Sperlin Kirk\u00f8y 55 6.\u00a0\u00a0\u00a0\u00a0 \u00a0 Tore Henrik Meberg-Hansen Vester\u00f8y 53 7.\u00a0\u00a0\u00a0\u00a0 \u00a0 Hilde [&hellip;]","og_url":"https:\/\/hoyre.no\/hvaler\/aktuelt\/kommunestyrevalglisten-2023-2027\/","og_site_name":"Hvaler H\u00f8yre","article_published_time":"2022-11-15T20:24:28+00:00","article_modified_time":"2023-04-12T08:18:21+00:00","og_image":[{"url":"https:\/\/hoyre.no\/content\/uploads\/sites\/186\/2024\/05\/Boring-2-1024x768.jpeg","width":"","height":"","type":""}],"author":"Dag Evert Eriksen","twitter_card":"summary_large_image","twitter_misc":{"Skrevet av":"Dag Evert Eriksen","Ansl. lesetid":"1 minutt"},"schema":{"@context":"https:\/\/schema.org","@graph":[{"@type":"NewsArticle","@id":"https:\/\/hoyre.no\/hvaler\/aktuelt\/kommunestyrevalglisten-2023-2027\/","url":"https:\/\/hoyre.no\/hvaler\/aktuelt\/kommunestyrevalglisten-2023-2027\/","name":"Kommunestyrevalglisten 2023-2027 - Hvaler H\u00f8yre","isPartOf":{"@id":"https:\/\/hoyre.no\/hvaler\/#website"},"datePublished":"2022-11-15T20:24:28+00:00","dateModified":"2023-04-12T08:18:21+00:00","author":{"@id":"https:\/\/hoyre.no\/hvaler\/#\/schema\/person\/f9d5d9a6fdf037c1921f9ad693b3f7e6"},"breadcrumb":{"@id":"https:\/\/hoyre.no\/hvaler\/aktuelt\/kommunestyrevalglisten-2023-2027\/#breadcrumb"},"inLanguage":"nb-NO","potentialAction":[{"@type":"ReadAction","target":["https:\/\/hoyre.no\/hvaler\/aktuelt\/kommunestyrevalglisten-2023-2027\/"]}]},{"@type":"BreadcrumbList","@id":"https:\/\/hoyre.no\/hvaler\/aktuelt\/kommunestyrevalglisten-2023-2027\/#breadcrumb","itemListElement":[{"@type":"ListItem","position":1,"name":"Til hoyre.no","item":"https:\/\/hoyre.no"},{"@type":"ListItem","position":2,"name":"Hjem","item":"https:\/\/hoyre.no\/hvaler\/"},{"@type":"ListItem","position":3,"name":"Kommunestyrevalglisten 2023-2027"}]},{"@type":"WebSite","@id":"https:\/\/hoyre.no\/hvaler\/#website","url":"https:\/\/hoyre.no\/hvaler\/","name":"Hvaler H\u00f8yre","description":"Bare enda et H\u00f8yres nettsteder-nettsted","inLanguage":"nb-NO"},{"@type":"Person","@id":"https:\/\/hoyre.no\/hvaler\/#\/schema\/person\/f9d5d9a6fdf037c1921f9ad693b3f7e6","name":"Dag Evert Eriksen","image":{"@type":"ImageObject","inLanguage":"nb-NO","@id":"https:\/\/hoyre.no\/hvaler\/#\/schema\/person\/image\/","url":"https:\/\/secure.gravatar.com\/avatar\/233e43ac189d453c0cea40d927ce34b16c7b2f80f7ee7c52534f08903259078e?s=96&d=mm&r=g","contentUrl":"https:\/\/secure.gravatar.com\/avatar\/233e43ac189d453c0cea40d927ce34b16c7b2f80f7ee7c52534f08903259078e?s=96&d=mm&r=g","caption":"Dag Evert Eriksen"},"url":"https:\/\/hoyre.no\/hvaler\/aktuelt\/author\/m50281682\/"}]}},"distributor_meta":false,"distributor_terms":false,"distributor_media":false,"distributor_original_site_name":"Hvaler H\u00f8yre","distributor_original_site_url":"https:\/\/hoyre.no\/hvaler","push-errors":false,"_links":{"self":[{"href":"https:\/\/hoyre.no\/hvaler\/wp-json\/wp\/v2\/posts\/77","targetHints":{"allow":["GET"]}}],"collection":[{"href":"https:\/\/hoyre.no\/hvaler\/wp-json\/wp\/v2\/posts"}],"about":[{"href":"https:\/\/hoyre.no\/hvaler\/wp-json\/wp\/v2\/types\/post"}],"author":[{"embeddable":true,"href":"https:\/\/hoyre.no\/hvaler\/wp-json\/wp\/v2\/users\/12744"}],"replies":[{"embeddable":true,"href":"https:\/\/hoyre.no\/hvaler\/wp-json\/wp\/v2\/comments?post=77"}],"version-history":[{"count":10,"href":"https:\/\/hoyre.no\/hvaler\/wp-json\/wp\/v2\/posts\/77\/revisions"}],"predecessor-version":[{"id":209,"href":"https:\/\/hoyre.no\/hvaler\/wp-json\/wp\/v2\/posts\/77\/revisions\/209"}],"wp:attachment":[{"href":"https:\/\/hoyre.no\/hvaler\/wp-json\/wp\/v2\/media?parent=77"}],"wp:term":[{"taxonomy":"category","embeddable":true,"href":"https:\/\/hoyre.no\/hvaler\/wp-json\/wp\/v2\/category?post=77"},{"taxonomy":"post_tag","embeddable":true,"href":"https:\/\/hoyre.no\/hvaler\/wp-json\/wp\/v2\/post_tag?post=77"},{"taxonomy":"hoyre-visibility","embeddable":true,"href":"https:\/\/hoyre.no\/hvaler\/wp-json\/wp\/v2\/hoyre-visibility?post=77"},{"taxonomy":"article-type","embeddable":true,"href":"https:\/\/hoyre.no\/hvaler\/wp-json\/wp\/v2\/article-type?post=77"},{"taxonomy":"politician","embeddable":true,"href":"https:\/\/hoyre.no\/hvaler\/wp-json\/wp\/v2\/politician?post=77"}],"curies":[{"name":"wp","href":"https:\/\/api.w.org\/{rel}","templated":true}]}}