{"id":17,"date":"2019-03-13T23:00:00","date_gmt":"2019-03-13T22:00:00","guid":{"rendered":"https:\/\/hoyre.no\/inderoy\/aktuelt\/gi_settepotetene_gode_vekstvilkar\/"},"modified":"2019-03-13T23:00:00","modified_gmt":"2019-03-13T22:00:00","slug":"gi_settepotetene_gode_vekstvilkar","status":"publish","type":"post","link":"https:\/\/hoyre.no\/inderoy\/aktuelt\/gi_settepotetene_gode_vekstvilkar\/","title":{"rendered":"Gi settepotetene gode vekstvilk\u00e5r"},"content":{"rendered":"<p class=\"preamble\">N\u00e5 til helga har H\u00f8yre landsm\u00f8te, og et av temaene som st\u00e5r p\u00e5 dagsorden er skatt og verdiskaping. Norge er et rikt land der naturressurser spiller en viktig rolle og gir oss et konkurransefortrinn. Behovet for gr\u00f8nn omstilling og \u00f8kt verdiskaping gj\u00f8r at det \u00e5 utnytte potensialet i disse ressursene vil v\u00e6re avgj\u00f8rende for \u00e5 lykkes, om m\u00e5let er \u00e5 opprettholde velferd og bosetting rundt om i hele landet.<\/p>\t\t\t<div class=\"post-meta wp-block teft-byline-wrapper\">\n\t\t\t\t<div class=\"top\">\n\t\t\t\t\t<div class=\"signature\">\n\t\t\t\t\t\t<div class=\"teft-byline\">\n\t\t\t\t\t\t\t\t\t\t\t\t\t\t<div>\n\t\t\t\t\t\t\t\t<h3>H\u00f8yres redaksjon<\/h3>\t\t\t\t\t\t\t\t\n\t\t\t\t\t\t\t\t\t\t\t\t\t\t\t\t\t<span class=\"date\">Sist oppdatert: 13. mars 2019<\/span>\n\t\t\t\t\t\t\t\t\t\t\t\t\t\t\t\t\t\t\t\t\t\t\t\t\t<span class=\"reading-time\" itemprop=\"timeRequired\" content=\"PT4M\"><em>Ca. 4 minutter lesetid<\/em><\/span>\n\t\t\t\t\t\t\t\t\t\t\t\t\t\t\t<\/div>\n\t\t\t\t\t\t<\/div>\n\t\t\t\t\t<\/div>\n\t\t\t\t\t\t<div class=\"sharing\">\n\t\t<a class=\"share-button share-link copy-link\" data-copy=\"https:\/\/hoyre.no\/inderoy\/aktuelt\/gi_settepotetene_gode_vekstvilkar\/\" target=\"_blank\"><span class=\"screen-reader-text\">Del link<\/span><\/a>\n\t\t<a class=\"share-button share-twitter\" href=\"http:\/\/twitter.com\/share?text=Gi settepotetene gode vekstvilk\u00e5r&#038;url=https:\/\/hoyre.no\/inderoy\/aktuelt\/gi_settepotetene_gode_vekstvilkar\/&#038;hashtags=Hoyre\" target=\"_blank\"><span class=\"screen-reader-text\">Del p\u00e5 twitter<\/span><\/a>\n\t\t<a class=\"share-button share-facebook\" href=\"https:\/\/www.facebook.com\/sharer\/sharer.php?u=https:\/\/hoyre.no\/inderoy\/aktuelt\/gi_settepotetene_gode_vekstvilkar\/\" target=\"_blank\"><span class=\"screen-reader-text\">Del p\u00e5 facebook<\/span><\/a>\n\t<\/div>\n\t\t\t\t\t<\/div>\n\t\t\t<\/div>\n\n\t\t\t<figure class=\"hoyre-image-wrapper\"><div class=\"hoyre-image\"><img loading=\"lazy\" decoding=\"async\" width=\"1605\" height=\"1070\" src=\"https:\/\/hoyre.no\/content\/uploads\/sites\/298\/2020\/11\/mal_nettsak_fb_geir.jpg\" class=\"attachment-scaled size-scaled\" alt=\"\" style=\"object-position: 50% 50%\" srcset=\"https:\/\/hoyre.no\/content\/uploads\/sites\/298\/2020\/11\/mal_nettsak_fb_geir.jpg 1605w, https:\/\/hoyre.no\/content\/uploads\/sites\/298\/2020\/11\/mal_nettsak_fb_geir-300x200.jpg 300w, https:\/\/hoyre.no\/content\/uploads\/sites\/298\/2020\/11\/mal_nettsak_fb_geir-1024x683.jpg 1024w, https:\/\/hoyre.no\/content\/uploads\/sites\/298\/2020\/11\/mal_nettsak_fb_geir-768x512.jpg 768w, https:\/\/hoyre.no\/content\/uploads\/sites\/298\/2020\/11\/mal_nettsak_fb_geir-1536x1024.jpg 1536w\" sizes=\"auto, (max-width: 1605px) 100vw, 1605px\" \/><\/div><\/figure><div id=\"hoyre-old-article-content-wrapper\"><p>  Eiendomskatt og grunnrente p\u00e5 havbruk og fiskeri kommer naturlig opp n\u00e5r skatt og verdiskaping skal debateres. Jeg kan ha en viss forst\u00e5else for fristelsen og \u00f8nsket, b\u00e5de hos kommunene og finansdepartementet, og andre som mener de som tjener mye penger har r\u00e5d til \u00e5 betale mer for \u00e5 pynte p\u00e5 offentlige budsjetter. Men jeg er grunnleggende uenig i en ekstra skattlegging som kommer p\u00e5 toppen av det bedriftene eller jobbskaperne allerede yter. Felles for b\u00e5de eiendomskatten og en eventuell grunnrente p\u00e5 havbruk og fiskeri, er at de svekker konkurransen og virker sentraliserende. Selvf\u00f8lgelig skal de som tjener mye betale skatt, noe de ogs\u00e5 gj\u00f8r, i godt monn, noe som kommer lokalsamfunnene til gode. Bare havbruksn\u00e6ringa betaler rundt 20 mrd i skatt i dag, og langt mer om du regner med ringvirkningene.<\/p><p>I Norge er det slik at gr\u00fcndenre f\u00f8rst har betalt for utvikling av ideer og bygd opp en virksomhet ut fra ettersp\u00f8rsel og behov. Noen har kj\u00f8pt og betalt mye for rettigheten til \u00e5 f\u00e5 drive n\u00e6ring fra staten, oppdrettskonsesjoner er et eksempel. Det vil si at verdien er betalt ut, og dersom selger, i dette tilfellet statens salg av konsesjoner, vil en produksjonsavgift eller grunnrente komme i tillegg, det blir som \u00e5 ta betalt to ganger. Blir skattetrykket for h\u00f8yt ligger utflagging av virksomheten der som et sp\u00f8kelse. Tar man bort de naturgitte fordelene som vanntemperatur, kan investeringene i denne type virksomhet skje hvor som helst i verden. Ser man p\u00e5 aqvakultur\/oppdrett globalt utgj\u00f8r det vi har her i landet kun noen f\u00e5 prosenter.<\/p><p>Mitt utgangspunkt inn til landsm\u00f8te vil v\u00e6re at grunnrenteskatt p\u00e5 havbruk og fiskeri ikke innf\u00f8res. Jeg mener og vil hevde at det ikke er noen grunnrente \u00e5 hente i havbruk. Utgiftene til alle innsatsfaktorene som merder, smolt, fisk og f\u00f4r ligger til oppdretter, de leier kun et sv\u00e6rt begrenset areal i sj\u00f8 som er flyttbart. \u00c5pnes det for grunnrente p\u00e5 havbruk og fiskeri \u00e5pnes det samtidig for dette i mange andre n\u00e6ringer, som turisme og deler av skogbruket for \u00e5 nevne noen. Jeg mener det er veldig viktig at signalet som er sendt til n\u00e6ringen og lokalsamfunnene langs kysten blir videref\u00f8rt. At havbruk er en fremtidsn\u00e6ring, og som vi skal satse p\u00e5. Det ligger mye d\u00e5rlig politikk i det at kystbefolkningen som bor der verdiene skapes, og som st\u00e5r i b\u00e5de oppturene og nedturene, skal betale mer fordi noen har et \u00f8nske om \u00e5 flytte kapital fra der verdiene skapes til sentrale finansomr\u00e5der i storbyene. <\/p><p>Det er et m\u00e5l om et bl\u00e5tt taktskifte og en mangedobling av sj\u00f8matn\u00e6ringen p\u00e5 en b\u00e6rekraftig m\u00e5te. Dette vil gi stat og kommune vesentlig st\u00f8rre skatteinntekter fremover, mer enn det noen s\u00e6rskatt vil gi. Havbruksfondet som er opprettet for \u00e5 gi et betydelig bidrag til kommunene som legger til rette for havbruk er en god ting, men fondet kan forbedres. Ikke minst kan det gj\u00f8res mer forutsigbart gjennom at havbruksfondet forvaltes som et hvilket som helst annet fond, der utbetaling gis gjennom tradisjonelt utbytte etter avkastning. Dette b\u00f8r regjering heller gj\u00f8re noe med enn \u00e5 svekke en konkurranseutsatt n\u00e6ring gjennom \u00f8kt skattetrykk. P\u00e5 samme m\u00e5te som andre n\u00e6ringer trenger havbruksn\u00e6ringa rammevilk\u00e5r for vekst og utvikling, spesielt i et land som Norge med h\u00f8ye kostnader i forhold til v\u00e5re konkurrenter.<\/p><p>Skatteinngangen de siste \u00e5ra har v\u00e6rt god, noe som blant annet har gitt utslag i bedre kommune\u00f8konomi rundt om. Dette viser f\u00f8rst og fremst hvor viktig det er med verdiskaping, f\u00e5 flere i jobb, og hvor viktig det er \u00e5 gi \u201dsettepotetene\u201d gode vekstvilk\u00e5r. V\u00e5re jobbskapere i n\u00e6ringslivet er som settepoteten, det er de som gir grunnlag for skatt.<\/p><p>Geir Jostein \u00d8rsj\u00f8dal, Leder Havbruksutvalget i Tr\u00f8ndelag H\u00f8yre og delegat til H\u00f8yres landsm\u00f8te<\/p><p><br \/><\/p><\/div>\n<div class=\"tags\">\n\t<\/div>\n<div class=\"post-footer alignfull has-background block-editor-block-list__block\" data-align=full>\n\t<div class=\"post-footer-inner\">\n\t\t<h3>Relaterte artikler<\/h3>\n\t\t<div class=\"related-content\"><div class=\"is-card-hoyre\">\n\t<div class=\"teft-card hoyre-teft-card post-teft-card\">\n\t\t<a href=\"https:\/\/hoyre.no\/inderoy\/aktuelt\/ingen_skatt_uten_verdiskaping\/\" class=\"teft-card__primary-action\">\n\n\t\t\t\t\t<div class=\"teft-card__media teft-card__media--16-9\">\n\t\t\t\t\t\t<img loading=\"lazy\" decoding=\"async\" width=\"768\" height=\"432\" src=\"https:\/\/hoyre.no\/content\/uploads\/sites\/298\/2020\/11\/42570864512_c634dfc7-768x432.jpg\" class=\"attachment-medium_large size-medium_large\" alt=\"\" srcset=\"https:\/\/hoyre.no\/content\/uploads\/sites\/298\/2020\/11\/42570864512_c634dfc7-768x432.jpg 768w, https:\/\/hoyre.no\/content\/uploads\/sites\/298\/2020\/11\/42570864512_c634dfc7-300x169.jpg 300w, https:\/\/hoyre.no\/content\/uploads\/sites\/298\/2020\/11\/42570864512_c634dfc7-1024x576.jpg 1024w, https:\/\/hoyre.no\/content\/uploads\/sites\/298\/2020\/11\/42570864512_c634dfc7-1536x864.jpg 1536w, https:\/\/hoyre.no\/content\/uploads\/sites\/298\/2020\/11\/42570864512_c634dfc7.jpg 2048w\" sizes=\"auto, (max-width: 768px) 100vw, 768px\" \/>\t\t<\/div>\n\t\t\n\t\t\t<div class=\"teft-card__content-wrapper\">\n\t\t\t\t<div class=\"teft-card__secondary\">\n\t\t\t\t\t\n\t\t\t\t\t\t\t\t<div class=\"teft-card__meta\">\n\t\t\t\t\t\t\t\t\t<span class=\"post-date\">6. mar 2019<\/span>\n\n\t\t\t\t\t\t\t\t\t\t\t\t\t\t\t\t\t<\/div>\n\t\t\t\t\t\t\t\t\t\t\t<\/div>\n\n\t\t\t\t<div class=\"teft-card__primary\">\n\t\t\t\t\t<h2 class=\"teft-card__title\">Ingen skatt uten verdiskaping&nbsp;<span class=\"teft-card__primary-title-append\"><\/span><\/h2>\t\t\t\t<\/div>\n\t\t\t<\/div>\n\t\t<\/a>\n\t<\/div>\n\n\t<\/div><div class=\"is-card-hoyre\">\n\t<div class=\"teft-card hoyre-teft-card post-teft-card\">\n\t\t<a href=\"https:\/\/hoyre.no\/inderoy\/aktuelt\/politisk-program\/\" class=\"teft-card__primary-action\">\n\n\t\t\t\t\t<div class=\"teft-card__media teft-card__media--16-9\">\n\t\t\t\t\t\t<img loading=\"lazy\" decoding=\"async\" width=\"400\" height=\"300\" src=\"https:\/\/hoyre.no\/content\/uploads\/sites\/298\/2020\/11\/inderoy_kandidate_400x300.jpg\" class=\"attachment-medium_large size-medium_large\" alt=\"\" srcset=\"https:\/\/hoyre.no\/content\/uploads\/sites\/298\/2020\/11\/inderoy_kandidate_400x300.jpg 400w, https:\/\/hoyre.no\/content\/uploads\/sites\/298\/2020\/11\/inderoy_kandidate_400x300-300x225.jpg 300w\" sizes=\"auto, (max-width: 400px) 100vw, 400px\" \/>\t\t<\/div>\n\t\t\n\t\t\t<div class=\"teft-card__content-wrapper\">\n\t\t\t\t<div class=\"teft-card__secondary\">\n\t\t\t\t\t\n\t\t\t\t\t\t\t\t<div class=\"teft-card__meta\">\n\t\t\t\t\t\t\t\t\t<span class=\"post-date\">20. mar 2015<\/span>\n\n\t\t\t\t\t\t\t\t\t\t\t\t\t\t\t\t\t<\/div>\n\t\t\t\t\t\t\t\t\t\t\t<\/div>\n\n\t\t\t\t<div class=\"teft-card__primary\">\n\t\t\t\t\t<h2 class=\"teft-card__title\">Hva mener Inder\u00f8y H\u00f8yre&nbsp;<span class=\"teft-card__primary-title-append\"><\/span><\/h2>\t\t\t\t<\/div>\n\t\t\t<\/div>\n\t\t<\/a>\n\t<\/div>\n\n\t<\/div><\/div>\t<\/div>\n<\/div>\n","protected":false},"excerpt":{"rendered":"","protected":false},"author":0,"featured_media":0,"comment_status":"open","ping_status":"open","sticky":false,"template":"","format":"standard","meta":{"teft_cards_image_url":"https:\/\/hoyre.no\/content\/uploads\/sites\/298\/2020\/11\/mal_nettsak_fb_geir.jpg","teft_cards_custom_pretitle":"","teft_cards_image_id":16,"teft_cards_image_focal_point_x":0,"teft_cards_image_focal_point_y":0,"teft_cards_title":"","teft_cards_excerpt":"","teft_show_chapters":false,"author_display_name":"Geir Jostein \u00d8rsj\u00f8dal (H) - Ordf\u00f8rerkandidat","footnotes":""},"category":[1],"post_tag":[],"hoyre-visibility":[],"article-type":[],"politician":[],"class_list":["post-17","post","type-post","status-publish","format-standard","hentry","category-ukategorisert"],"yoast_head":"<!-- This site is optimized with the Yoast SEO plugin v26.6 - https:\/\/yoast.com\/wordpress\/plugins\/seo\/ -->\n<title>Gi settepotetene gode vekstvilk\u00e5r - Inder\u00f8y H\u00f8yre<\/title>\n<meta name=\"robots\" content=\"index, follow, max-snippet:-1, max-image-preview:large, max-video-preview:-1\" \/>\n<link rel=\"canonical\" href=\"https:\/\/hoyre.no\/inderoy\/aktuelt\/gi_settepotetene_gode_vekstvilkar\/\" \/>\n<meta property=\"og:locale\" content=\"nb_NO\" \/>\n<meta property=\"og:type\" content=\"article\" \/>\n<meta property=\"og:title\" content=\"Gi settepotetene gode vekstvilk\u00e5r - Inder\u00f8y H\u00f8yre\" \/>\n<meta property=\"og:url\" content=\"https:\/\/hoyre.no\/inderoy\/aktuelt\/gi_settepotetene_gode_vekstvilkar\/\" \/>\n<meta property=\"og:site_name\" content=\"Inder\u00f8y H\u00f8yre\" \/>\n<meta property=\"article:published_time\" content=\"2019-03-13T22:00:00+00:00\" \/>\n<meta property=\"og:image\" content=\"https:\/\/hoyre.no\/content\/uploads\/sites\/298\/2020\/11\/inderoy_kandidate_400x300.jpg\" \/>\n<meta name=\"twitter:card\" content=\"summary_large_image\" \/>\n<meta name=\"twitter:label1\" content=\"Ansl. lesetid\" \/>\n\t<meta name=\"twitter:data1\" content=\"4 minutter\" \/>\n<script type=\"application\/ld+json\" class=\"yoast-schema-graph\">{\"@context\":\"https:\/\/schema.org\",\"@graph\":[{\"@type\":\"NewsArticle\",\"@id\":\"https:\/\/hoyre.no\/inderoy\/aktuelt\/gi_settepotetene_gode_vekstvilkar\/\",\"url\":\"https:\/\/hoyre.no\/inderoy\/aktuelt\/gi_settepotetene_gode_vekstvilkar\/\",\"name\":\"Gi settepotetene gode vekstvilk\u00e5r - Inder\u00f8y H\u00f8yre\",\"isPartOf\":{\"@id\":\"https:\/\/hoyre.no\/inderoy\/#website\"},\"datePublished\":\"2019-03-13T22:00:00+00:00\",\"author\":{\"@id\":\"\"},\"breadcrumb\":{\"@id\":\"https:\/\/hoyre.no\/inderoy\/aktuelt\/gi_settepotetene_gode_vekstvilkar\/#breadcrumb\"},\"inLanguage\":\"nb-NO\",\"potentialAction\":[{\"@type\":\"ReadAction\",\"target\":[\"https:\/\/hoyre.no\/inderoy\/aktuelt\/gi_settepotetene_gode_vekstvilkar\/\"]}]},{\"@type\":\"BreadcrumbList\",\"@id\":\"https:\/\/hoyre.no\/inderoy\/aktuelt\/gi_settepotetene_gode_vekstvilkar\/#breadcrumb\",\"itemListElement\":[{\"@type\":\"ListItem\",\"position\":1,\"name\":\"Til hoyre.no\",\"item\":\"https:\/\/hoyre.no\"},{\"@type\":\"ListItem\",\"position\":2,\"name\":\"Hjem\",\"item\":\"https:\/\/hoyre.no\/inderoy\/\"},{\"@type\":\"ListItem\",\"position\":3,\"name\":\"Gi settepotetene gode vekstvilk\u00e5r\"}]},{\"@type\":\"WebSite\",\"@id\":\"https:\/\/hoyre.no\/inderoy\/#website\",\"url\":\"https:\/\/hoyre.no\/inderoy\/\",\"name\":\"Inder\u00f8y H\u00f8yre\",\"description\":\"Bare enda et H\u00f8yres nettsteder-nettsted\",\"inLanguage\":\"nb-NO\"}]}<\/script>\n<!-- \/ Yoast SEO plugin. -->","yoast_head_json":{"title":"Gi settepotetene gode vekstvilk\u00e5r - Inder\u00f8y H\u00f8yre","robots":{"index":"index","follow":"follow","max-snippet":"max-snippet:-1","max-image-preview":"max-image-preview:large","max-video-preview":"max-video-preview:-1"},"canonical":"https:\/\/hoyre.no\/inderoy\/aktuelt\/gi_settepotetene_gode_vekstvilkar\/","og_locale":"nb_NO","og_type":"article","og_title":"Gi settepotetene gode vekstvilk\u00e5r - Inder\u00f8y H\u00f8yre","og_url":"https:\/\/hoyre.no\/inderoy\/aktuelt\/gi_settepotetene_gode_vekstvilkar\/","og_site_name":"Inder\u00f8y H\u00f8yre","article_published_time":"2019-03-13T22:00:00+00:00","og_image":[{"url":"https:\/\/hoyre.no\/content\/uploads\/sites\/298\/2020\/11\/inderoy_kandidate_400x300.jpg","width":"","height":"","type":""}],"twitter_card":"summary_large_image","twitter_misc":{"Ansl. lesetid":"4 minutter"},"schema":{"@context":"https:\/\/schema.org","@graph":[{"@type":"NewsArticle","@id":"https:\/\/hoyre.no\/inderoy\/aktuelt\/gi_settepotetene_gode_vekstvilkar\/","url":"https:\/\/hoyre.no\/inderoy\/aktuelt\/gi_settepotetene_gode_vekstvilkar\/","name":"Gi settepotetene gode vekstvilk\u00e5r - Inder\u00f8y H\u00f8yre","isPartOf":{"@id":"https:\/\/hoyre.no\/inderoy\/#website"},"datePublished":"2019-03-13T22:00:00+00:00","author":{"@id":""},"breadcrumb":{"@id":"https:\/\/hoyre.no\/inderoy\/aktuelt\/gi_settepotetene_gode_vekstvilkar\/#breadcrumb"},"inLanguage":"nb-NO","potentialAction":[{"@type":"ReadAction","target":["https:\/\/hoyre.no\/inderoy\/aktuelt\/gi_settepotetene_gode_vekstvilkar\/"]}]},{"@type":"BreadcrumbList","@id":"https:\/\/hoyre.no\/inderoy\/aktuelt\/gi_settepotetene_gode_vekstvilkar\/#breadcrumb","itemListElement":[{"@type":"ListItem","position":1,"name":"Til hoyre.no","item":"https:\/\/hoyre.no"},{"@type":"ListItem","position":2,"name":"Hjem","item":"https:\/\/hoyre.no\/inderoy\/"},{"@type":"ListItem","position":3,"name":"Gi settepotetene gode vekstvilk\u00e5r"}]},{"@type":"WebSite","@id":"https:\/\/hoyre.no\/inderoy\/#website","url":"https:\/\/hoyre.no\/inderoy\/","name":"Inder\u00f8y H\u00f8yre","description":"Bare enda et H\u00f8yres nettsteder-nettsted","inLanguage":"nb-NO"}]}},"distributor_meta":false,"distributor_terms":false,"distributor_media":false,"distributor_original_site_name":"Inder\u00f8y H\u00f8yre","distributor_original_site_url":"https:\/\/hoyre.no\/inderoy","push-errors":false,"_links":{"self":[{"href":"https:\/\/hoyre.no\/inderoy\/wp-json\/wp\/v2\/posts\/17","targetHints":{"allow":["GET"]}}],"collection":[{"href":"https:\/\/hoyre.no\/inderoy\/wp-json\/wp\/v2\/posts"}],"about":[{"href":"https:\/\/hoyre.no\/inderoy\/wp-json\/wp\/v2\/types\/post"}],"replies":[{"embeddable":true,"href":"https:\/\/hoyre.no\/inderoy\/wp-json\/wp\/v2\/comments?post=17"}],"version-history":[{"count":0,"href":"https:\/\/hoyre.no\/inderoy\/wp-json\/wp\/v2\/posts\/17\/revisions"}],"wp:attachment":[{"href":"https:\/\/hoyre.no\/inderoy\/wp-json\/wp\/v2\/media?parent=17"}],"wp:term":[{"taxonomy":"category","embeddable":true,"href":"https:\/\/hoyre.no\/inderoy\/wp-json\/wp\/v2\/category?post=17"},{"taxonomy":"post_tag","embeddable":true,"href":"https:\/\/hoyre.no\/inderoy\/wp-json\/wp\/v2\/post_tag?post=17"},{"taxonomy":"hoyre-visibility","embeddable":true,"href":"https:\/\/hoyre.no\/inderoy\/wp-json\/wp\/v2\/hoyre-visibility?post=17"},{"taxonomy":"article-type","embeddable":true,"href":"https:\/\/hoyre.no\/inderoy\/wp-json\/wp\/v2\/article-type?post=17"},{"taxonomy":"politician","embeddable":true,"href":"https:\/\/hoyre.no\/inderoy\/wp-json\/wp\/v2\/politician?post=17"}],"curies":[{"name":"wp","href":"https:\/\/api.w.org\/{rel}","templated":true}]}}