{"id":19,"date":"2019-03-06T23:00:00","date_gmt":"2019-03-06T22:00:00","guid":{"rendered":"https:\/\/hoyre.no\/inderoy\/aktuelt\/ingen_skatt_uten_verdiskaping\/"},"modified":"2019-03-06T23:00:00","modified_gmt":"2019-03-06T22:00:00","slug":"ingen_skatt_uten_verdiskaping","status":"publish","type":"post","link":"https:\/\/hoyre.no\/inderoy\/aktuelt\/ingen_skatt_uten_verdiskaping\/","title":{"rendered":"Ingen skatt uten verdiskaping"},"content":{"rendered":"<p class=\"preamble\">I forrige uke gikk N\u00e6ringsminister Torbj\u00f8rn R\u00f8e Isaksen ut i et innlegg med et ganske s\u00e5 betimelig sp\u00f8rsm\u00e5l, Hva skal vi leve av?<\/p>\t\t\t<div class=\"post-meta wp-block teft-byline-wrapper\">\n\t\t\t\t<div class=\"top\">\n\t\t\t\t\t<div class=\"signature\">\n\t\t\t\t\t\t<div class=\"teft-byline\">\n\t\t\t\t\t\t\t\t\t\t\t\t\t\t<div>\n\t\t\t\t\t\t\t\t<h3>H\u00f8yres redaksjon<\/h3>\t\t\t\t\t\t\t\t\n\t\t\t\t\t\t\t\t\t\t\t\t\t\t\t\t\t<span class=\"date\">Sist oppdatert: 6. mars 2019<\/span>\n\t\t\t\t\t\t\t\t\t\t\t\t\t\t\t\t\t\t\t\t\t\t\t\t\t<span class=\"reading-time\" itemprop=\"timeRequired\" content=\"PT3M\"><em>Ca. 3 minutter lesetid<\/em><\/span>\n\t\t\t\t\t\t\t\t\t\t\t\t\t\t\t<\/div>\n\t\t\t\t\t\t<\/div>\n\t\t\t\t\t<\/div>\n\t\t\t\t\t\t<div class=\"sharing\">\n\t\t<a class=\"share-button share-link copy-link\" data-copy=\"https:\/\/hoyre.no\/inderoy\/aktuelt\/ingen_skatt_uten_verdiskaping\/\" target=\"_blank\"><span class=\"screen-reader-text\">Del link<\/span><\/a>\n\t\t<a class=\"share-button share-twitter\" href=\"http:\/\/twitter.com\/share?text=Ingen skatt uten verdiskaping&#038;url=https:\/\/hoyre.no\/inderoy\/aktuelt\/ingen_skatt_uten_verdiskaping\/&#038;hashtags=Hoyre\" target=\"_blank\"><span class=\"screen-reader-text\">Del p\u00e5 twitter<\/span><\/a>\n\t\t<a class=\"share-button share-facebook\" href=\"https:\/\/www.facebook.com\/sharer\/sharer.php?u=https:\/\/hoyre.no\/inderoy\/aktuelt\/ingen_skatt_uten_verdiskaping\/\" target=\"_blank\"><span class=\"screen-reader-text\">Del p\u00e5 facebook<\/span><\/a>\n\t<\/div>\n\t\t\t\t\t<\/div>\n\t\t\t<\/div>\n\n\t\t\t<figure class=\"hoyre-image-wrapper\"><div class=\"hoyre-image\"><img loading=\"lazy\" decoding=\"async\" width=\"2048\" height=\"1152\" src=\"https:\/\/hoyre.no\/content\/uploads\/sites\/298\/2020\/11\/42570864512_c634dfc7.jpg\" class=\"attachment-scaled size-scaled\" alt=\"\" style=\"object-position: 50% 50%\" srcset=\"https:\/\/hoyre.no\/content\/uploads\/sites\/298\/2020\/11\/42570864512_c634dfc7.jpg 2048w, https:\/\/hoyre.no\/content\/uploads\/sites\/298\/2020\/11\/42570864512_c634dfc7-300x169.jpg 300w, https:\/\/hoyre.no\/content\/uploads\/sites\/298\/2020\/11\/42570864512_c634dfc7-1024x576.jpg 1024w, https:\/\/hoyre.no\/content\/uploads\/sites\/298\/2020\/11\/42570864512_c634dfc7-768x432.jpg 768w, https:\/\/hoyre.no\/content\/uploads\/sites\/298\/2020\/11\/42570864512_c634dfc7-1536x864.jpg 1536w\" sizes=\"auto, (max-width: 2048px) 100vw, 2048px\" \/><\/div><\/figure><div id=\"hoyre-old-article-content-wrapper\"><p>  Han p\u00e5pekte angrepene p\u00e5 n\u00e6ring etter n\u00e6ring fra forskjellige hold, vi skal ikke ha industri, det er s\u00e5 skittent og gammeldags, ikke skog og trevirke, den m\u00e5 fredes, ikke olje og gass p\u00e5 grunn av klimaet, selv om norsk gass er en del av l\u00f8sningen for Europa, ikke fornybar kraft, for vindm\u00f8ller er stygge og \u00f8delegger naturen, ikke vannkraft, elvene blir skadet, ikke gruvedrift, selv om verden skriker etter kobber til el-biler og kablene som skal elektrifisere, ikke havbruk, selv om det er v\u00e5r mest klimavennlige kj\u00f8ttproduksjon s\u00e5 f\u00f8les det ikke rett, de tjener for mye penger, og de er ikke p\u00e5 land,<br \/> ikke bygge veier for \u00e5 frakte varene p\u00e5, da kunne det jo hende de kom frem til markedet, og til sist ikke landbruk, det er umoralsk \u00e5 drepe dyr.<\/p><p>Hva skal vi leve av er et sv\u00e6rt godt sp\u00f8rsm\u00e5l, eller kanskje kan en sp\u00f8rre hva kan vi leve med? Menneskelig aktivitet setter avtrykk, og skal vi kunne leve av noe m\u00e5 vi faktisk akseptere det faktum at det meste setter avtrykk, og ikke alt kan v\u00e6re slik det alltid har v\u00e6rt. Jeg er heller ikke tilhenger av at alle fjellene skal bygges ned, eller alle fossene skal legges i r\u00f8r, men forst\u00e5r og st\u00f8tter samtidig at det er n\u00f8dvendig \u00e5 bruke noe i et perspektiv der det handler om \u00e5 sikre en omstilling og kraft fremover. Jeg forst\u00e5r ogs\u00e5 det kan v\u00e6re fristende \u00e5 ilegge skatt eller avgift p\u00e5 n\u00e6ringer som tjener sv\u00e6rt gode penger, men mener det er viktigere \u00e5 sikre at n\u00e6ringer sikres konkurransekraft og at verdiene gror best der de skapes, litt som poteten. Uten aktivitet og arbeidsplasser vil det ikke bli noe \u00e5 trygge velferden p\u00e5, det vil ikke bli noe.<\/p><p>En interessant unders\u00f8kelse gjort av Bedriftsforbundet av sm\u00e5bedriftene er nylig blitt kjent. Etter \u00e5 ha studert litt av svarene er jeg helt overbevist om at altfor mange nordmenn har en helt feil oppfatning av eiere i norsk n\u00e6ringsliv. Altfor mange tenker p\u00e5 at bedriftseiere er million\u00e6rer med feit bil og hyttepalass i fjellet, og glemmer totalt hvor viktig disse er for lokalsamfunnene de lever i. Jeg har m\u00f8tt ganske mange av disse bedriftseierne gjennom \u00e5ra, og slettes ikke alle ville gjort det de har gjort om igjen dersom de visste at det var s\u00e5 mye jobb, ofte langt over 50 timers uke med lav timel\u00f8nn, lite ferie, et stort ansvar for ansatte og lokalsamfunnet osv.<\/p><p>Hva vi skal leve av? Jo, lokalt er det \u00e5 ivareta disse som vil bli gr\u00fcndere, bedriftseiere eller en benevnelse som jeg er blitt glad i, jobbskaperne sv\u00e6rt viktig. Enten du driver privat barnehage, er entrepren\u00f8r, laksegr\u00fcnder, g\u00e5rdbruker betyr ditt virke s\u00e5 enormt mye for samfunnet, ikke minst i distriktene er jobbskaperne de virkelige heltene. Vi kan ikke leve av skatt, men av verdiskapingen i n\u00e6ringene, og ute i distriktene er mer enn noen prisgitt verdiskaping og arbeidsplasser. Heldigvis ligger mange av disse sm\u00e5bedriftene ute i distriktene, noe ikke minst vi politikere virkelig m\u00e5 ta innover oss. <\/p><p>Perspektivmeldingen fra 2017 viser at forutsetningen for \u00e5 bevare et h\u00f8yt velferdsniv\u00e5 er produktivitetsvekst. Vi er n\u00f8dt til \u00e5 ta innover oss de utfordringene demografien (alderssammensetningen i befolkningen) gir oss fremover. Realiteten er at vi ikke engang kan opprettholde dagens velferdsniv\u00e5 uten \u00e5 bli flinkere til \u00e5 skape flere verdier som kan finansiere den. Da m\u00e5 flere i jobb og vi m\u00e5 s\u00f8rge for gode vilk\u00e5r til l\u00f8nnsomme n\u00e6ringer. <\/p><p><\/p><p>Geir Jostein \u00d8rsj\u00f8dal, Ordf\u00f8rerkandidat H<\/p><\/div>\n<div class=\"tags\">\n\t<\/div>\n<div class=\"post-footer alignfull has-background block-editor-block-list__block\" data-align=full>\n\t<div class=\"post-footer-inner\">\n\t\t<h3>Relaterte artikler<\/h3>\n\t\t<div class=\"related-content\"><div class=\"is-card-hoyre\">\n\t<div class=\"teft-card hoyre-teft-card post-teft-card\">\n\t\t<a href=\"https:\/\/hoyre.no\/inderoy\/aktuelt\/gi_settepotetene_gode_vekstvilkar\/\" class=\"teft-card__primary-action\">\n\n\t\t\t\t\t<div class=\"teft-card__media teft-card__media--16-9\">\n\t\t\t\t\t\t<img loading=\"lazy\" decoding=\"async\" width=\"768\" height=\"512\" src=\"https:\/\/hoyre.no\/content\/uploads\/sites\/298\/2020\/11\/mal_nettsak_fb_geir-768x512.jpg\" class=\"attachment-medium_large size-medium_large\" alt=\"\" srcset=\"https:\/\/hoyre.no\/content\/uploads\/sites\/298\/2020\/11\/mal_nettsak_fb_geir-768x512.jpg 768w, https:\/\/hoyre.no\/content\/uploads\/sites\/298\/2020\/11\/mal_nettsak_fb_geir-300x200.jpg 300w, https:\/\/hoyre.no\/content\/uploads\/sites\/298\/2020\/11\/mal_nettsak_fb_geir-1024x683.jpg 1024w, https:\/\/hoyre.no\/content\/uploads\/sites\/298\/2020\/11\/mal_nettsak_fb_geir-1536x1024.jpg 1536w, https:\/\/hoyre.no\/content\/uploads\/sites\/298\/2020\/11\/mal_nettsak_fb_geir.jpg 1605w\" sizes=\"auto, (max-width: 768px) 100vw, 768px\" \/>\t\t<\/div>\n\t\t\n\t\t\t<div class=\"teft-card__content-wrapper\">\n\t\t\t\t<div class=\"teft-card__secondary\">\n\t\t\t\t\t\n\t\t\t\t\t\t\t\t<div class=\"teft-card__meta\">\n\t\t\t\t\t\t\t\t\t<span class=\"post-date\">13. mar 2019<\/span>\n\n\t\t\t\t\t\t\t\t\t\t\t\t\t\t\t\t\t<\/div>\n\t\t\t\t\t\t\t\t\t\t\t<\/div>\n\n\t\t\t\t<div class=\"teft-card__primary\">\n\t\t\t\t\t<h2 class=\"teft-card__title\">Gi settepotetene gode vekstvilk\u00e5r&nbsp;<span class=\"teft-card__primary-title-append\"><\/span><\/h2>\t\t\t\t<\/div>\n\t\t\t<\/div>\n\t\t<\/a>\n\t<\/div>\n\n\t<\/div><div class=\"is-card-hoyre\">\n\t<div class=\"teft-card hoyre-teft-card post-teft-card\">\n\t\t<a href=\"https:\/\/hoyre.no\/inderoy\/aktuelt\/politisk-program\/\" class=\"teft-card__primary-action\">\n\n\t\t\t\t\t<div class=\"teft-card__media teft-card__media--16-9\">\n\t\t\t\t\t\t<img loading=\"lazy\" decoding=\"async\" width=\"400\" height=\"300\" src=\"https:\/\/hoyre.no\/content\/uploads\/sites\/298\/2020\/11\/inderoy_kandidate_400x300.jpg\" class=\"attachment-medium_large size-medium_large\" alt=\"\" srcset=\"https:\/\/hoyre.no\/content\/uploads\/sites\/298\/2020\/11\/inderoy_kandidate_400x300.jpg 400w, https:\/\/hoyre.no\/content\/uploads\/sites\/298\/2020\/11\/inderoy_kandidate_400x300-300x225.jpg 300w\" sizes=\"auto, (max-width: 400px) 100vw, 400px\" \/>\t\t<\/div>\n\t\t\n\t\t\t<div class=\"teft-card__content-wrapper\">\n\t\t\t\t<div class=\"teft-card__secondary\">\n\t\t\t\t\t\n\t\t\t\t\t\t\t\t<div class=\"teft-card__meta\">\n\t\t\t\t\t\t\t\t\t<span class=\"post-date\">20. mar 2015<\/span>\n\n\t\t\t\t\t\t\t\t\t\t\t\t\t\t\t\t\t<\/div>\n\t\t\t\t\t\t\t\t\t\t\t<\/div>\n\n\t\t\t\t<div class=\"teft-card__primary\">\n\t\t\t\t\t<h2 class=\"teft-card__title\">Hva mener Inder\u00f8y H\u00f8yre&nbsp;<span class=\"teft-card__primary-title-append\"><\/span><\/h2>\t\t\t\t<\/div>\n\t\t\t<\/div>\n\t\t<\/a>\n\t<\/div>\n\n\t<\/div><\/div>\t<\/div>\n<\/div>\n","protected":false},"excerpt":{"rendered":"","protected":false},"author":0,"featured_media":0,"comment_status":"open","ping_status":"open","sticky":false,"template":"","format":"standard","meta":{"teft_cards_image_url":"https:\/\/hoyre.no\/content\/uploads\/sites\/298\/2020\/11\/42570864512_c634dfc7.jpg","teft_cards_custom_pretitle":"","teft_cards_image_id":18,"teft_cards_image_focal_point_x":0,"teft_cards_image_focal_point_y":0,"teft_cards_title":"","teft_cards_excerpt":"","teft_show_chapters":false,"author_display_name":"","footnotes":""},"category":[1],"post_tag":[],"hoyre-visibility":[],"article-type":[],"politician":[],"class_list":["post-19","post","type-post","status-publish","format-standard","hentry","category-ukategorisert"],"yoast_head":"<!-- This site is optimized with the Yoast SEO plugin v26.6 - https:\/\/yoast.com\/wordpress\/plugins\/seo\/ -->\n<title>Ingen skatt uten verdiskaping - Inder\u00f8y H\u00f8yre<\/title>\n<meta name=\"robots\" content=\"index, follow, max-snippet:-1, max-image-preview:large, max-video-preview:-1\" \/>\n<link rel=\"canonical\" href=\"https:\/\/hoyre.no\/inderoy\/aktuelt\/ingen_skatt_uten_verdiskaping\/\" \/>\n<meta property=\"og:locale\" content=\"nb_NO\" \/>\n<meta property=\"og:type\" content=\"article\" \/>\n<meta property=\"og:title\" content=\"Ingen skatt uten verdiskaping - Inder\u00f8y H\u00f8yre\" \/>\n<meta property=\"og:url\" content=\"https:\/\/hoyre.no\/inderoy\/aktuelt\/ingen_skatt_uten_verdiskaping\/\" \/>\n<meta property=\"og:site_name\" content=\"Inder\u00f8y H\u00f8yre\" \/>\n<meta property=\"article:published_time\" content=\"2019-03-06T22:00:00+00:00\" \/>\n<meta property=\"og:image\" content=\"https:\/\/hoyre.no\/content\/uploads\/sites\/298\/2020\/11\/inderoy_kandidate_400x300.jpg\" \/>\n<meta name=\"twitter:card\" content=\"summary_large_image\" \/>\n<meta name=\"twitter:label1\" content=\"Ansl. lesetid\" \/>\n\t<meta name=\"twitter:data1\" content=\"3 minutter\" \/>\n<script type=\"application\/ld+json\" class=\"yoast-schema-graph\">{\"@context\":\"https:\/\/schema.org\",\"@graph\":[{\"@type\":\"NewsArticle\",\"@id\":\"https:\/\/hoyre.no\/inderoy\/aktuelt\/ingen_skatt_uten_verdiskaping\/\",\"url\":\"https:\/\/hoyre.no\/inderoy\/aktuelt\/ingen_skatt_uten_verdiskaping\/\",\"name\":\"Ingen skatt uten verdiskaping - Inder\u00f8y H\u00f8yre\",\"isPartOf\":{\"@id\":\"https:\/\/hoyre.no\/inderoy\/#website\"},\"datePublished\":\"2019-03-06T22:00:00+00:00\",\"author\":{\"@id\":\"\"},\"breadcrumb\":{\"@id\":\"https:\/\/hoyre.no\/inderoy\/aktuelt\/ingen_skatt_uten_verdiskaping\/#breadcrumb\"},\"inLanguage\":\"nb-NO\",\"potentialAction\":[{\"@type\":\"ReadAction\",\"target\":[\"https:\/\/hoyre.no\/inderoy\/aktuelt\/ingen_skatt_uten_verdiskaping\/\"]}]},{\"@type\":\"BreadcrumbList\",\"@id\":\"https:\/\/hoyre.no\/inderoy\/aktuelt\/ingen_skatt_uten_verdiskaping\/#breadcrumb\",\"itemListElement\":[{\"@type\":\"ListItem\",\"position\":1,\"name\":\"Til hoyre.no\",\"item\":\"https:\/\/hoyre.no\"},{\"@type\":\"ListItem\",\"position\":2,\"name\":\"Hjem\",\"item\":\"https:\/\/hoyre.no\/inderoy\/\"},{\"@type\":\"ListItem\",\"position\":3,\"name\":\"Ingen skatt uten verdiskaping\"}]},{\"@type\":\"WebSite\",\"@id\":\"https:\/\/hoyre.no\/inderoy\/#website\",\"url\":\"https:\/\/hoyre.no\/inderoy\/\",\"name\":\"Inder\u00f8y H\u00f8yre\",\"description\":\"Bare enda et H\u00f8yres nettsteder-nettsted\",\"inLanguage\":\"nb-NO\"}]}<\/script>\n<!-- \/ Yoast SEO plugin. -->","yoast_head_json":{"title":"Ingen skatt uten verdiskaping - Inder\u00f8y H\u00f8yre","robots":{"index":"index","follow":"follow","max-snippet":"max-snippet:-1","max-image-preview":"max-image-preview:large","max-video-preview":"max-video-preview:-1"},"canonical":"https:\/\/hoyre.no\/inderoy\/aktuelt\/ingen_skatt_uten_verdiskaping\/","og_locale":"nb_NO","og_type":"article","og_title":"Ingen skatt uten verdiskaping - Inder\u00f8y H\u00f8yre","og_url":"https:\/\/hoyre.no\/inderoy\/aktuelt\/ingen_skatt_uten_verdiskaping\/","og_site_name":"Inder\u00f8y H\u00f8yre","article_published_time":"2019-03-06T22:00:00+00:00","og_image":[{"url":"https:\/\/hoyre.no\/content\/uploads\/sites\/298\/2020\/11\/inderoy_kandidate_400x300.jpg","width":"","height":"","type":""}],"twitter_card":"summary_large_image","twitter_misc":{"Ansl. lesetid":"3 minutter"},"schema":{"@context":"https:\/\/schema.org","@graph":[{"@type":"NewsArticle","@id":"https:\/\/hoyre.no\/inderoy\/aktuelt\/ingen_skatt_uten_verdiskaping\/","url":"https:\/\/hoyre.no\/inderoy\/aktuelt\/ingen_skatt_uten_verdiskaping\/","name":"Ingen skatt uten verdiskaping - Inder\u00f8y H\u00f8yre","isPartOf":{"@id":"https:\/\/hoyre.no\/inderoy\/#website"},"datePublished":"2019-03-06T22:00:00+00:00","author":{"@id":""},"breadcrumb":{"@id":"https:\/\/hoyre.no\/inderoy\/aktuelt\/ingen_skatt_uten_verdiskaping\/#breadcrumb"},"inLanguage":"nb-NO","potentialAction":[{"@type":"ReadAction","target":["https:\/\/hoyre.no\/inderoy\/aktuelt\/ingen_skatt_uten_verdiskaping\/"]}]},{"@type":"BreadcrumbList","@id":"https:\/\/hoyre.no\/inderoy\/aktuelt\/ingen_skatt_uten_verdiskaping\/#breadcrumb","itemListElement":[{"@type":"ListItem","position":1,"name":"Til hoyre.no","item":"https:\/\/hoyre.no"},{"@type":"ListItem","position":2,"name":"Hjem","item":"https:\/\/hoyre.no\/inderoy\/"},{"@type":"ListItem","position":3,"name":"Ingen skatt uten verdiskaping"}]},{"@type":"WebSite","@id":"https:\/\/hoyre.no\/inderoy\/#website","url":"https:\/\/hoyre.no\/inderoy\/","name":"Inder\u00f8y H\u00f8yre","description":"Bare enda et H\u00f8yres nettsteder-nettsted","inLanguage":"nb-NO"}]}},"distributor_meta":false,"distributor_terms":false,"distributor_media":false,"distributor_original_site_name":"Inder\u00f8y H\u00f8yre","distributor_original_site_url":"https:\/\/hoyre.no\/inderoy","push-errors":false,"_links":{"self":[{"href":"https:\/\/hoyre.no\/inderoy\/wp-json\/wp\/v2\/posts\/19","targetHints":{"allow":["GET"]}}],"collection":[{"href":"https:\/\/hoyre.no\/inderoy\/wp-json\/wp\/v2\/posts"}],"about":[{"href":"https:\/\/hoyre.no\/inderoy\/wp-json\/wp\/v2\/types\/post"}],"replies":[{"embeddable":true,"href":"https:\/\/hoyre.no\/inderoy\/wp-json\/wp\/v2\/comments?post=19"}],"version-history":[{"count":0,"href":"https:\/\/hoyre.no\/inderoy\/wp-json\/wp\/v2\/posts\/19\/revisions"}],"wp:attachment":[{"href":"https:\/\/hoyre.no\/inderoy\/wp-json\/wp\/v2\/media?parent=19"}],"wp:term":[{"taxonomy":"category","embeddable":true,"href":"https:\/\/hoyre.no\/inderoy\/wp-json\/wp\/v2\/category?post=19"},{"taxonomy":"post_tag","embeddable":true,"href":"https:\/\/hoyre.no\/inderoy\/wp-json\/wp\/v2\/post_tag?post=19"},{"taxonomy":"hoyre-visibility","embeddable":true,"href":"https:\/\/hoyre.no\/inderoy\/wp-json\/wp\/v2\/hoyre-visibility?post=19"},{"taxonomy":"article-type","embeddable":true,"href":"https:\/\/hoyre.no\/inderoy\/wp-json\/wp\/v2\/article-type?post=19"},{"taxonomy":"politician","embeddable":true,"href":"https:\/\/hoyre.no\/inderoy\/wp-json\/wp\/v2\/politician?post=19"}],"curies":[{"name":"wp","href":"https:\/\/api.w.org\/{rel}","templated":true}]}}