{"id":21,"date":"2015-03-20T11:26:00","date_gmt":"2015-03-20T10:26:00","guid":{"rendered":"https:\/\/hoyre.no\/inderoy\/aktuelt\/politisk-program\/"},"modified":"2015-03-20T11:26:00","modified_gmt":"2015-03-20T10:26:00","slug":"politisk-program","status":"publish","type":"post","link":"https:\/\/hoyre.no\/inderoy\/aktuelt\/politisk-program\/","title":{"rendered":"Hva mener Inder\u00f8y H\u00f8yre"},"content":{"rendered":"<p class=\"preamble\">Lurer du litt p\u00e5 hva vi i Inder\u00f8y H\u00f8yre st\u00e5r for? Hvorfor er det viktig \u00e5 bruke stemmeretten til h\u00f8sten, og kanskje stemme p\u00e5 H\u00f8yre?<\/p>\t\t\t<div class=\"post-meta wp-block teft-byline-wrapper\">\n\t\t\t\t<div class=\"top\">\n\t\t\t\t\t<div class=\"signature\">\n\t\t\t\t\t\t<div class=\"teft-byline\">\n\t\t\t\t\t\t\t\t\t\t\t\t\t\t<div>\n\t\t\t\t\t\t\t\t<h3>H\u00f8yres redaksjon<\/h3>\t\t\t\t\t\t\t\t\n\t\t\t\t\t\t\t\t\t\t\t\t\t\t\t\t\t<span class=\"date\">Sist oppdatert: 20. mars 2015<\/span>\n\t\t\t\t\t\t\t\t\t\t\t\t\t\t\t\t\t\t\t\t\t\t\t\t\t<span class=\"reading-time\" itemprop=\"timeRequired\" content=\"PT3M\"><em>Ca. 3 minutter lesetid<\/em><\/span>\n\t\t\t\t\t\t\t\t\t\t\t\t\t\t\t<\/div>\n\t\t\t\t\t\t<\/div>\n\t\t\t\t\t<\/div>\n\t\t\t\t\t\t<div class=\"sharing\">\n\t\t<a class=\"share-button share-link copy-link\" data-copy=\"https:\/\/hoyre.no\/inderoy\/aktuelt\/politisk-program\/\" target=\"_blank\"><span class=\"screen-reader-text\">Del link<\/span><\/a>\n\t\t<a class=\"share-button share-twitter\" href=\"http:\/\/twitter.com\/share?text=Hva mener Inder\u00f8y H\u00f8yre&#038;url=https:\/\/hoyre.no\/inderoy\/aktuelt\/politisk-program\/&#038;hashtags=Hoyre\" target=\"_blank\"><span class=\"screen-reader-text\">Del p\u00e5 twitter<\/span><\/a>\n\t\t<a class=\"share-button share-facebook\" href=\"https:\/\/www.facebook.com\/sharer\/sharer.php?u=https:\/\/hoyre.no\/inderoy\/aktuelt\/politisk-program\/\" target=\"_blank\"><span class=\"screen-reader-text\">Del p\u00e5 facebook<\/span><\/a>\n\t<\/div>\n\t\t\t\t\t<\/div>\n\t\t\t<\/div>\n\n\t\t\t<figure class=\"hoyre-image-wrapper\"><div class=\"hoyre-image\"><img loading=\"lazy\" decoding=\"async\" width=\"400\" height=\"300\" src=\"https:\/\/hoyre.no\/content\/uploads\/sites\/298\/2020\/11\/inderoy_kandidate_400x300.jpg\" class=\"attachment-scaled size-scaled\" alt=\"\" style=\"object-position: 50% 50%\" srcset=\"https:\/\/hoyre.no\/content\/uploads\/sites\/298\/2020\/11\/inderoy_kandidate_400x300.jpg 400w, https:\/\/hoyre.no\/content\/uploads\/sites\/298\/2020\/11\/inderoy_kandidate_400x300-300x225.jpg 300w\" sizes=\"auto, (max-width: 400px) 100vw, 400px\" \/><\/div><\/figure><div id=\"hoyre-old-article-content-wrapper\"><div><p id=\"docs-internal-guid-5c56a35a-a793-fa2d-8ebb-65c95b0f6b31\" dir=\"ltr\">H\u00f8YRES FORM\u00e5LSPARAGRAF:<\/p><p dir=\"ltr\">&laquo;H\u00f8yre vil f\u00f8re en verdikonservativ fremtidsrettet politikk, bygget p\u00e5 det kristne kulturgrunnlaget, rettsstaten og folkestyret. Samfunnet er i stadig forandring og utvikling. Derfor m\u00e5 politikkens m\u00e5l v\u00e6re \u00e5 ta vare p\u00e5 enkeltmennesker og ikke systemer. H\u00f8yre vil bygge samfunnet p\u00e5 frihet, ansvar og mangfold.&raquo;<\/p><ul><li dir=\"ltr\"><p dir=\"ltr\">H\u00f8yre mener at et godt, sterkt og levende lokalsamfunn bygges nedenfra av mennesker som er glade i lokalsamfunnet sitt, ikke gjennom statlig overstyring og detaljregulering.<\/p><\/li><li dir=\"ltr\"><p dir=\"ltr\">H\u00f8yres politikk i Inder\u00f8y skal v\u00e6re helhetlig, ansvarlig og langsiktig, og den skal v\u00e6re bygget p\u00e5 tillit til det enkelte mennesket.<\/p><\/li><li dir=\"ltr\"><p dir=\"ltr\">Inder\u00f8y skal v\u00e6re en kommune med muligheter for alle, gjennom positivitet, optimisme, p\u00e5gangsmot, drivkraft og universell utforming.<\/p><\/li><\/ul><br><p dir=\"ltr\">VIKTIGE STANDSPUNKTER FOR INDER\u00f8Y H\u00f8YRE:<\/p><ul><li dir=\"ltr\"><p dir=\"ltr\">Inder\u00f8y skal v\u00e6re den beste kommune \u00e5 bo i. <\/p><\/li><\/ul><ul><li dir=\"ltr\"><p dir=\"ltr\">H\u00f8yre \u00f8nsker et sterkere fokus p\u00e5 n\u00e6ringsutvikling og vil legge til rette for gode planer gjennom dialog. <\/p><\/li><li dir=\"ltr\"><p dir=\"ltr\">Det er viktig \u00e5 ha gode kommunale tjenester; ha tro p\u00e5 innbyggerne og lokaldemokratiet. H\u00f8yre vil sammen med innbyggere v\u00e6re aktive i prosesser med kommunestruktur-utredninger. <\/p><\/li><li dir=\"ltr\"><p dir=\"ltr\">Inder\u00f8y H\u00f8yre sier nei til innf\u00f8ring av eiendomsskatt.<\/p><\/li><li dir=\"ltr\"><p dir=\"ltr\">Eventuelle skolestrukturendringer skal v\u00e6re relatert til kvalitet og kunnskap.<\/p><\/li><li dir=\"ltr\"><p dir=\"ltr\">Ha et aktivt skogbruk med fokus p\u00e5 tiltak som gir \u00f8kt karbonfangst i skogen i Inder\u00f8y.<\/p><\/li><\/ul><br><br><p dir=\"ltr\">INDER\u00f8Y H\u00f8YRE VIL SETTE FOKUS P\u00e5 ARBEIDE FOR:<\/p><p dir=\"ltr\"><\/p><p dir=\"ltr\">GODE OPPVEKSTVILK\u00e5R:<\/p><ul><li dir=\"ltr\"><p dir=\"ltr\">Kvalitet i b\u00e5de skole og barnehage. Med fokus p\u00e5 individuell tilpasning og mestring, og l\u00e6rere som har gode muligheter for videreutdanning.<\/p><\/li><li dir=\"ltr\"><p dir=\"ltr\">Videreutvikle samordningen i hele oppvekstl\u00f8pet. <\/p><\/li><li dir=\"ltr\"><p dir=\"ltr\">V\u00e6re aktiv i utviklingen av Inder\u00f8y Oppvekst- og Kultursenter.<\/p><\/li><li dir=\"ltr\"><p dir=\"ltr\">Fortsatt styrke yrkes- og utdanningsveiledningen.<\/p><\/li><\/ul><ul><li dir=\"ltr\"><p dir=\"ltr\">Videreutvikle samarbeidet mellom skoleledelse, ansatte, foreldre\/- foresatte og skoleeier.<\/p><\/li><li dir=\"ltr\"><p dir=\"ltr\">H\u00f8yre vil innf\u00f8re mer fleksible \u00e5pningstider i barnehagen.<\/p><\/li><\/ul><ul><li dir=\"ltr\"><p dir=\"ltr\">Legge til rette for samordning mellom kulturskolen og grunnskolen.<\/p><\/li><li dir=\"ltr\"><p dir=\"ltr\">Arbeide for \u00e5 legge kulturskolen inn i SFO. <\/p><\/li><li dir=\"ltr\"><p dir=\"ltr\">Gi mulighet for fritt skolevalg innenfor kommunen.<\/p><\/li><li dir=\"ltr\"><p dir=\"ltr\">Realfagl\u00f8ft i ungdomsskolen.<\/p><\/li><\/ul><br><br><br><p dir=\"ltr\">GOD KVALITET I HELSE OG OMSORG<\/p><ul><li dir=\"ltr\"><p dir=\"ltr\">Skape det gode liv i et folkehelseperspektiv; Noe \u00e5 leve AV, noe \u00e5 leve I og noe \u00e5 leve FOR.<\/p><\/li><li dir=\"ltr\"><p dir=\"ltr\">Skape gode vilk\u00e5r for mestring; bli sett, bli h\u00f8rt, bli verdsatt.<\/p><\/li><li dir=\"ltr\"><p dir=\"ltr\">En omsorg som vektlegger det enkelte menneskes valg, behov og likeverd.<\/p><\/li><li dir=\"ltr\"><p dir=\"ltr\">Vektlegge frivillige organisasjoners betydning for forebyggende helsearbeid.<\/p><\/li><li dir=\"ltr\"><p dir=\"ltr\">Et rehabiliteringstilbud til alle som har behov for det.<\/p><\/li><li dir=\"ltr\"><p dir=\"ltr\">Satsing p\u00e5 velferdsteknologi.<\/p><\/li><li dir=\"ltr\"><p dir=\"ltr\">Opprettholde et godt barnevern.<\/p><\/li><\/ul><br><p dir=\"ltr\">GODE LOKALSAMFUNN<\/p><ul><li dir=\"ltr\"><p dir=\"ltr\">H\u00f8yre vil v\u00e6re aktiv i arbeidet med stedsutvikling i alle grendene.<\/p><\/li><li dir=\"ltr\"><p dir=\"ltr\">St\u00f8tte arbeidet med en flerbrukshall p\u00e5 R\u00f8ra.<\/p><\/li><li dir=\"ltr\"><p dir=\"ltr\">Vedlikeholde og utvikle kulturtilbudet gjennom et samarbeid mellom private, offentlige og ideelle akt\u00f8rer.<\/p><\/li><li dir=\"ltr\"><p dir=\"ltr\">Sikre god og rask oppf\u00f8lging av vedtatte planer.<\/p><\/li><li dir=\"ltr\"><p dir=\"ltr\">Arbeide for prioritering av gang og sykkel-vei p\u00e5 755 fra Gruva til Ut\u00f8y.<\/p><\/li><li dir=\"ltr\"><p dir=\"ltr\">H\u00f8yre vil styrke integreringsarbeidet.<\/p><\/li><li dir=\"ltr\"><p dir=\"ltr\">Fortsatt null-toleranse for mobbing!<\/p><\/li><\/ul><br><p dir=\"ltr\">ET STERKT OG MANGFOLDIG N\u00e6RINGSLIV:<\/p><ul><li dir=\"ltr\"><p dir=\"ltr\">H\u00f8yre vil s\u00f8rge for at det er tilstrekkelig med n\u00e6ringsarealer tilgjengelig i kommunen.<\/p><\/li><li dir=\"ltr\"><p dir=\"ltr\">Videreutvikle Lensmyra som n\u00e6ringspark.<\/p><\/li><li dir=\"ltr\"><p dir=\"ltr\">Sikre og gjennomf\u00f8re en god plan for bredb\u00e5ndsutbygging i hele kommunen.<\/p><\/li><li dir=\"ltr\"><p dir=\"ltr\">H\u00f8yre vil ha en god og tett dialog med n\u00e6ringslivet.<\/p><\/li><li dir=\"ltr\"><p dir=\"ltr\">H\u00f8yre vil samarbeid med andre offentlige instanser for bedre samhandling.<\/p><\/li><li dir=\"ltr\"><p dir=\"ltr\">H\u00f8yre vil v\u00e6re en p\u00e5driver for styrking av lokaldemokratiet og eiendomsretten i milj\u00f8 og arealforvaltning.<\/p><\/li><li dir=\"ltr\"><p dir=\"ltr\">Legge til rette for, og v\u00e6re en p\u00e5driver til utvikling av landbruket og etableringer av tilleggsn\u00e6ringer. <\/p><\/li><li dir=\"ltr\"><p dir=\"ltr\">Bidra til \u00f8kt satsing p\u00e5 skogbruket gjennom tilrettelegging av \u00f8kt avvirkning og stimulere til vegbygging.<\/p><\/li><li dir=\"ltr\"><p dir=\"ltr\">Satse offensivt p\u00e5 opprustning av kommunale veier.<\/p><\/li><li dir=\"ltr\"><p dir=\"ltr\">Styrke l\u00e6rlinge-ordningen i kommunal regi.<\/p><\/li><li dir=\"ltr\"><p dir=\"ltr\">Stimulere til prosjekter innen fornybar energi.<\/p><\/li><\/ul><br><\/div><\/div>\n<div class=\"tags\">\n\t<\/div>\n<div class=\"post-footer alignfull has-background block-editor-block-list__block\" data-align=full>\n\t<div class=\"post-footer-inner\">\n\t\t<h3>Relaterte artikler<\/h3>\n\t\t<div class=\"related-content\"><div class=\"is-card-hoyre\">\n\t<div class=\"teft-card hoyre-teft-card post-teft-card\">\n\t\t<a href=\"https:\/\/hoyre.no\/inderoy\/aktuelt\/gi_settepotetene_gode_vekstvilkar\/\" class=\"teft-card__primary-action\">\n\n\t\t\t\t\t<div class=\"teft-card__media teft-card__media--16-9\">\n\t\t\t\t\t\t<img loading=\"lazy\" decoding=\"async\" width=\"768\" height=\"512\" src=\"https:\/\/hoyre.no\/content\/uploads\/sites\/298\/2020\/11\/mal_nettsak_fb_geir-768x512.jpg\" class=\"attachment-medium_large size-medium_large\" alt=\"\" srcset=\"https:\/\/hoyre.no\/content\/uploads\/sites\/298\/2020\/11\/mal_nettsak_fb_geir-768x512.jpg 768w, https:\/\/hoyre.no\/content\/uploads\/sites\/298\/2020\/11\/mal_nettsak_fb_geir-300x200.jpg 300w, https:\/\/hoyre.no\/content\/uploads\/sites\/298\/2020\/11\/mal_nettsak_fb_geir-1024x683.jpg 1024w, https:\/\/hoyre.no\/content\/uploads\/sites\/298\/2020\/11\/mal_nettsak_fb_geir-1536x1024.jpg 1536w, https:\/\/hoyre.no\/content\/uploads\/sites\/298\/2020\/11\/mal_nettsak_fb_geir.jpg 1605w\" sizes=\"auto, (max-width: 768px) 100vw, 768px\" \/>\t\t<\/div>\n\t\t\n\t\t\t<div class=\"teft-card__content-wrapper\">\n\t\t\t\t<div class=\"teft-card__secondary\">\n\t\t\t\t\t\n\t\t\t\t\t\t\t\t<div class=\"teft-card__meta\">\n\t\t\t\t\t\t\t\t\t<span class=\"post-date\">13. mar 2019<\/span>\n\n\t\t\t\t\t\t\t\t\t\t\t\t\t\t\t\t\t<\/div>\n\t\t\t\t\t\t\t\t\t\t\t<\/div>\n\n\t\t\t\t<div class=\"teft-card__primary\">\n\t\t\t\t\t<h2 class=\"teft-card__title\">Gi settepotetene gode vekstvilk\u00e5r&nbsp;<span class=\"teft-card__primary-title-append\"><\/span><\/h2>\t\t\t\t<\/div>\n\t\t\t<\/div>\n\t\t<\/a>\n\t<\/div>\n\n\t<\/div><div class=\"is-card-hoyre\">\n\t<div class=\"teft-card hoyre-teft-card post-teft-card\">\n\t\t<a href=\"https:\/\/hoyre.no\/inderoy\/aktuelt\/ingen_skatt_uten_verdiskaping\/\" class=\"teft-card__primary-action\">\n\n\t\t\t\t\t<div class=\"teft-card__media teft-card__media--16-9\">\n\t\t\t\t\t\t<img loading=\"lazy\" decoding=\"async\" width=\"768\" height=\"432\" src=\"https:\/\/hoyre.no\/content\/uploads\/sites\/298\/2020\/11\/42570864512_c634dfc7-768x432.jpg\" class=\"attachment-medium_large size-medium_large\" alt=\"\" srcset=\"https:\/\/hoyre.no\/content\/uploads\/sites\/298\/2020\/11\/42570864512_c634dfc7-768x432.jpg 768w, https:\/\/hoyre.no\/content\/uploads\/sites\/298\/2020\/11\/42570864512_c634dfc7-300x169.jpg 300w, https:\/\/hoyre.no\/content\/uploads\/sites\/298\/2020\/11\/42570864512_c634dfc7-1024x576.jpg 1024w, https:\/\/hoyre.no\/content\/uploads\/sites\/298\/2020\/11\/42570864512_c634dfc7-1536x864.jpg 1536w, https:\/\/hoyre.no\/content\/uploads\/sites\/298\/2020\/11\/42570864512_c634dfc7.jpg 2048w\" sizes=\"auto, (max-width: 768px) 100vw, 768px\" \/>\t\t<\/div>\n\t\t\n\t\t\t<div class=\"teft-card__content-wrapper\">\n\t\t\t\t<div class=\"teft-card__secondary\">\n\t\t\t\t\t\n\t\t\t\t\t\t\t\t<div class=\"teft-card__meta\">\n\t\t\t\t\t\t\t\t\t<span class=\"post-date\">6. mar 2019<\/span>\n\n\t\t\t\t\t\t\t\t\t\t\t\t\t\t\t\t\t<\/div>\n\t\t\t\t\t\t\t\t\t\t\t<\/div>\n\n\t\t\t\t<div class=\"teft-card__primary\">\n\t\t\t\t\t<h2 class=\"teft-card__title\">Ingen skatt uten verdiskaping&nbsp;<span class=\"teft-card__primary-title-append\"><\/span><\/h2>\t\t\t\t<\/div>\n\t\t\t<\/div>\n\t\t<\/a>\n\t<\/div>\n\n\t<\/div><\/div>\t<\/div>\n<\/div>\n","protected":false},"excerpt":{"rendered":"","protected":false},"author":0,"featured_media":0,"comment_status":"open","ping_status":"open","sticky":false,"template":"","format":"standard","meta":{"teft_cards_image_url":"https:\/\/hoyre.no\/content\/uploads\/sites\/298\/2020\/11\/inderoy_kandidate_400x300.jpg","teft_cards_custom_pretitle":"","teft_cards_image_id":20,"teft_cards_image_focal_point_x":0,"teft_cards_image_focal_point_y":0,"teft_cards_title":"","teft_cards_excerpt":"","teft_show_chapters":false,"author_display_name":"","footnotes":""},"category":[1],"post_tag":[],"hoyre-visibility":[],"article-type":[],"politician":[],"class_list":["post-21","post","type-post","status-publish","format-standard","hentry","category-ukategorisert"],"yoast_head":"<!-- This site is optimized with the Yoast SEO plugin v26.6 - https:\/\/yoast.com\/wordpress\/plugins\/seo\/ -->\n<title>Hva mener Inder\u00f8y H\u00f8yre - Inder\u00f8y H\u00f8yre<\/title>\n<meta name=\"robots\" content=\"index, follow, max-snippet:-1, max-image-preview:large, max-video-preview:-1\" \/>\n<link rel=\"canonical\" href=\"https:\/\/hoyre.no\/inderoy\/aktuelt\/politisk-program\/\" \/>\n<meta property=\"og:locale\" content=\"nb_NO\" \/>\n<meta property=\"og:type\" content=\"article\" \/>\n<meta property=\"og:title\" content=\"Hva mener Inder\u00f8y H\u00f8yre - Inder\u00f8y H\u00f8yre\" \/>\n<meta property=\"og:url\" content=\"https:\/\/hoyre.no\/inderoy\/aktuelt\/politisk-program\/\" \/>\n<meta property=\"og:site_name\" content=\"Inder\u00f8y H\u00f8yre\" \/>\n<meta property=\"article:published_time\" content=\"2015-03-20T10:26:00+00:00\" \/>\n<meta property=\"og:image\" content=\"https:\/\/hoyre.no\/content\/uploads\/sites\/298\/2020\/11\/42570864512_c634dfc7-1024x576.jpg\" \/>\n<meta name=\"twitter:card\" content=\"summary_large_image\" \/>\n<meta name=\"twitter:label1\" content=\"Ansl. lesetid\" \/>\n\t<meta name=\"twitter:data1\" content=\"3 minutter\" \/>\n<script type=\"application\/ld+json\" class=\"yoast-schema-graph\">{\"@context\":\"https:\/\/schema.org\",\"@graph\":[{\"@type\":\"NewsArticle\",\"@id\":\"https:\/\/hoyre.no\/inderoy\/aktuelt\/politisk-program\/\",\"url\":\"https:\/\/hoyre.no\/inderoy\/aktuelt\/politisk-program\/\",\"name\":\"Hva mener Inder\u00f8y H\u00f8yre - Inder\u00f8y H\u00f8yre\",\"isPartOf\":{\"@id\":\"https:\/\/hoyre.no\/inderoy\/#website\"},\"datePublished\":\"2015-03-20T10:26:00+00:00\",\"author\":{\"@id\":\"\"},\"breadcrumb\":{\"@id\":\"https:\/\/hoyre.no\/inderoy\/aktuelt\/politisk-program\/#breadcrumb\"},\"inLanguage\":\"nb-NO\",\"potentialAction\":[{\"@type\":\"ReadAction\",\"target\":[\"https:\/\/hoyre.no\/inderoy\/aktuelt\/politisk-program\/\"]}]},{\"@type\":\"BreadcrumbList\",\"@id\":\"https:\/\/hoyre.no\/inderoy\/aktuelt\/politisk-program\/#breadcrumb\",\"itemListElement\":[{\"@type\":\"ListItem\",\"position\":1,\"name\":\"Til hoyre.no\",\"item\":\"https:\/\/hoyre.no\"},{\"@type\":\"ListItem\",\"position\":2,\"name\":\"Hjem\",\"item\":\"https:\/\/hoyre.no\/inderoy\/\"},{\"@type\":\"ListItem\",\"position\":3,\"name\":\"Hva mener Inder\u00f8y H\u00f8yre\"}]},{\"@type\":\"WebSite\",\"@id\":\"https:\/\/hoyre.no\/inderoy\/#website\",\"url\":\"https:\/\/hoyre.no\/inderoy\/\",\"name\":\"Inder\u00f8y H\u00f8yre\",\"description\":\"Bare enda et H\u00f8yres nettsteder-nettsted\",\"inLanguage\":\"nb-NO\"}]}<\/script>\n<!-- \/ Yoast SEO plugin. -->","yoast_head_json":{"title":"Hva mener Inder\u00f8y H\u00f8yre - Inder\u00f8y H\u00f8yre","robots":{"index":"index","follow":"follow","max-snippet":"max-snippet:-1","max-image-preview":"max-image-preview:large","max-video-preview":"max-video-preview:-1"},"canonical":"https:\/\/hoyre.no\/inderoy\/aktuelt\/politisk-program\/","og_locale":"nb_NO","og_type":"article","og_title":"Hva mener Inder\u00f8y H\u00f8yre - Inder\u00f8y H\u00f8yre","og_url":"https:\/\/hoyre.no\/inderoy\/aktuelt\/politisk-program\/","og_site_name":"Inder\u00f8y H\u00f8yre","article_published_time":"2015-03-20T10:26:00+00:00","og_image":[{"url":"https:\/\/hoyre.no\/content\/uploads\/sites\/298\/2020\/11\/42570864512_c634dfc7-1024x576.jpg","width":"","height":"","type":""}],"twitter_card":"summary_large_image","twitter_misc":{"Ansl. lesetid":"3 minutter"},"schema":{"@context":"https:\/\/schema.org","@graph":[{"@type":"NewsArticle","@id":"https:\/\/hoyre.no\/inderoy\/aktuelt\/politisk-program\/","url":"https:\/\/hoyre.no\/inderoy\/aktuelt\/politisk-program\/","name":"Hva mener Inder\u00f8y H\u00f8yre - Inder\u00f8y H\u00f8yre","isPartOf":{"@id":"https:\/\/hoyre.no\/inderoy\/#website"},"datePublished":"2015-03-20T10:26:00+00:00","author":{"@id":""},"breadcrumb":{"@id":"https:\/\/hoyre.no\/inderoy\/aktuelt\/politisk-program\/#breadcrumb"},"inLanguage":"nb-NO","potentialAction":[{"@type":"ReadAction","target":["https:\/\/hoyre.no\/inderoy\/aktuelt\/politisk-program\/"]}]},{"@type":"BreadcrumbList","@id":"https:\/\/hoyre.no\/inderoy\/aktuelt\/politisk-program\/#breadcrumb","itemListElement":[{"@type":"ListItem","position":1,"name":"Til hoyre.no","item":"https:\/\/hoyre.no"},{"@type":"ListItem","position":2,"name":"Hjem","item":"https:\/\/hoyre.no\/inderoy\/"},{"@type":"ListItem","position":3,"name":"Hva mener Inder\u00f8y H\u00f8yre"}]},{"@type":"WebSite","@id":"https:\/\/hoyre.no\/inderoy\/#website","url":"https:\/\/hoyre.no\/inderoy\/","name":"Inder\u00f8y H\u00f8yre","description":"Bare enda et H\u00f8yres nettsteder-nettsted","inLanguage":"nb-NO"}]}},"distributor_meta":false,"distributor_terms":false,"distributor_media":false,"distributor_original_site_name":"Inder\u00f8y H\u00f8yre","distributor_original_site_url":"https:\/\/hoyre.no\/inderoy","push-errors":false,"_links":{"self":[{"href":"https:\/\/hoyre.no\/inderoy\/wp-json\/wp\/v2\/posts\/21","targetHints":{"allow":["GET"]}}],"collection":[{"href":"https:\/\/hoyre.no\/inderoy\/wp-json\/wp\/v2\/posts"}],"about":[{"href":"https:\/\/hoyre.no\/inderoy\/wp-json\/wp\/v2\/types\/post"}],"replies":[{"embeddable":true,"href":"https:\/\/hoyre.no\/inderoy\/wp-json\/wp\/v2\/comments?post=21"}],"version-history":[{"count":0,"href":"https:\/\/hoyre.no\/inderoy\/wp-json\/wp\/v2\/posts\/21\/revisions"}],"wp:attachment":[{"href":"https:\/\/hoyre.no\/inderoy\/wp-json\/wp\/v2\/media?parent=21"}],"wp:term":[{"taxonomy":"category","embeddable":true,"href":"https:\/\/hoyre.no\/inderoy\/wp-json\/wp\/v2\/category?post=21"},{"taxonomy":"post_tag","embeddable":true,"href":"https:\/\/hoyre.no\/inderoy\/wp-json\/wp\/v2\/post_tag?post=21"},{"taxonomy":"hoyre-visibility","embeddable":true,"href":"https:\/\/hoyre.no\/inderoy\/wp-json\/wp\/v2\/hoyre-visibility?post=21"},{"taxonomy":"article-type","embeddable":true,"href":"https:\/\/hoyre.no\/inderoy\/wp-json\/wp\/v2\/article-type?post=21"},{"taxonomy":"politician","embeddable":true,"href":"https:\/\/hoyre.no\/inderoy\/wp-json\/wp\/v2\/politician?post=21"}],"curies":[{"name":"wp","href":"https:\/\/api.w.org\/{rel}","templated":true}]}}