{"id":1133,"date":"2024-06-30T12:08:10","date_gmt":"2024-06-30T10:08:10","guid":{"rendered":"https:\/\/hoyre.no\/innlandet\/?p=1133"},"modified":"2024-06-30T12:08:10","modified_gmt":"2024-06-30T10:08:10","slug":"vil-opprette-droneoperatorlinje-i-innlandet","status":"publish","type":"post","link":"https:\/\/hoyre.no\/innlandet\/aktuelt\/vil-opprette-droneoperatorlinje-i-innlandet\/","title":{"rendered":"Vil opprette droneoperat\u00f8rlinje i Innlandet\u00a0"},"content":{"rendered":"\n<p class=\"preamble\">En betydelig andel av de jobbene vi skal leve av i fremtiden er ikke funnet opp enda. Utdanningssystemet m\u00e5 derfor v\u00e6re rigget for \u00e5 tilpasse seg fremtiden og tilby nye utdanningsretninger og linjer n\u00e5r nye behov oppst\u00e5r.<\/p>\t\t\t<div class=\"post-meta wp-block teft-byline-wrapper\">\n\t\t\t\t<div class=\"top\">\n\t\t\t\t\t<div class=\"signature\">\n\t\t\t\t\t\t<div class=\"teft-byline\">\n\t\t\t\t\t\t\t\t\t\t\t\t\t\t<div>\n\t\t\t\t\t\t\t\t<h3>H\u00f8yres redaksjon<\/h3>\t\t\t\t\t\t\t\t\n\t\t\t\t\t\t\t\t\t\t\t\t\t\t\t\t\t<span class=\"date\">Sist oppdatert: 30. juni 2024<\/span>\n\t\t\t\t\t\t\t\t\t\t\t\t\t\t\t\t\t\t\t\t\t\t\t\t\t<span class=\"reading-time\" itemprop=\"timeRequired\" content=\"PT3M\"><em>Ca. 3 minutter lesetid<\/em><\/span>\n\t\t\t\t\t\t\t\t\t\t\t\t\t\t\t<\/div>\n\t\t\t\t\t\t<\/div>\n\t\t\t\t\t<\/div>\n\t\t\t\t\t\t<div class=\"sharing\">\n\t\t<a class=\"share-button share-link copy-link\" data-copy=\"https:\/\/hoyre.no\/innlandet\/aktuelt\/vil-opprette-droneoperatorlinje-i-innlandet\/\" target=\"_blank\"><span class=\"screen-reader-text\">Del link<\/span><\/a>\n\t\t<a class=\"share-button share-twitter\" href=\"http:\/\/twitter.com\/share?text=Vil opprette droneoperat\u00f8rlinje i Innlandet\u00a0&#038;url=https:\/\/hoyre.no\/innlandet\/aktuelt\/vil-opprette-droneoperatorlinje-i-innlandet\/&#038;hashtags=Hoyre\" target=\"_blank\"><span class=\"screen-reader-text\">Del p\u00e5 twitter<\/span><\/a>\n\t\t<a class=\"share-button share-facebook\" href=\"https:\/\/www.facebook.com\/sharer\/sharer.php?u=https:\/\/hoyre.no\/innlandet\/aktuelt\/vil-opprette-droneoperatorlinje-i-innlandet\/\" target=\"_blank\"><span class=\"screen-reader-text\">Del p\u00e5 facebook<\/span><\/a>\n\t<\/div>\n\t\t\t\t\t<\/div>\n\t\t\t<\/div>\n\n\t\t\t<figure class=\"hoyre-image-wrapper\"><div class=\"hoyre-image\"><img loading=\"lazy\" decoding=\"async\" width=\"1200\" height=\"800\" src=\"https:\/\/hoyre.no\/content\/uploads\/sites\/7\/2024\/06\/Joakim-drone.png\" class=\"attachment-scaled size-scaled\" alt=\"Joakim Ekseth vil ha dronelinje i Innlandet\" style=\"object-position: 57.99999999999999% 6%\" srcset=\"https:\/\/hoyre.no\/content\/uploads\/sites\/7\/2024\/06\/Joakim-drone.png 1200w, https:\/\/hoyre.no\/content\/uploads\/sites\/7\/2024\/06\/Joakim-drone-300x200.png 300w, https:\/\/hoyre.no\/content\/uploads\/sites\/7\/2024\/06\/Joakim-drone-1024x683.png 1024w, https:\/\/hoyre.no\/content\/uploads\/sites\/7\/2024\/06\/Joakim-drone-768x512.png 768w\" sizes=\"auto, (max-width: 1200px) 100vw, 1200px\" \/><\/div><figcaption class=\"caption\">Joakim Ekseth er leder i hovedutvalg for utdanning i Innlandet fylke.<br>(Foto: Jan Tore \u00d8verstad \/ Locomotiv AS, Diana M\u0103ce\u015fanu \/ <a href=\"http:\/\/Unsplash.com\">Unsplash.com)<\/a><\/figcaption><\/figure>\n\n\n\n\n<p>Droner er ubemannede farkoster som kan operere til lands, til vanns eller i luften, og kan utrustes med sensorer og\/eller nyttelast.&nbsp;<\/p>\n\n\n\n<p>I de senere \u00e5rene har droner f\u00e5tt stadig st\u00f8rre utbredelse og benyttes n\u00e5 til en lang rekke form\u00e5l, b\u00e5de sivilt og milit\u00e6rt.&nbsp;<\/p>\n\n\n\n<p>Dronebransjen er i rivende utvikling og behovet for droneoperat\u00f8rer er stort.&nbsp;<\/p>\n\n\n\n<p>Vi ser n\u00e5 at droner brukes p\u00e5 stadig nye omr\u00e5der. De brukes til \u00e5 levere pizza hjem til folk, eller til \u00e5 frakte blodpr\u00f8ver fra legekontoret til laboratoriet for analyse. Droner brukes til inspeksjon av tak, bruer og str\u00f8mledninger, innenfor produksjon av film og tv-programmer, til \u00e5 oppdage r\u00e5dyr i \u00e5keren slik at de ikke blir tatt av skurtreskeren og til \u00e5 finne fiskestimer i havet eller til \u00e5 spr\u00f8yte fruktreer og hente frukt.&nbsp;&nbsp;<\/p>\n\n\n\n<p>Forsvaret har ogs\u00e5 tatt i bruk drone i aktiv tjeneste. Droner kan brukes til \u00e5 se hva som skjuler seg \u00abbak neste sving\u00bb, men kan ogs\u00e5 brukes til m\u00e5lrettede angrep langt inne p\u00e5 fiendtlig omr\u00e5de for \u00e5 nevne noe.<\/p>\n\n\n\n<p>I juni i \u00e5r vedtok et enstemmig Storting Forsvarets Langtidsplan. En av de nye satsingene som Stortinget vedtok var vedtak 744 som lyder:&nbsp;<\/p>\n\n\n\n<p><em>Stortinget ber regjeringen utarbeide og iverksette en overordnet dronestrategi for forsvarssektoren, med konkrete forslag til hvordan forsvarssektoren og de ulike forsvarsgrenene kan ta i bruk droneteknologi i takt med den teknologiske utviklingen p\u00e5 feltet. Strategien skal ogs\u00e5 omhandle hvordan b\u00e5de sivilsamfunnet og Forsvarets avdelinger bedre kan beskyttes mot den samme teknologien.<\/em><\/p>\n\n\n\n<p>I takt med nye og st\u00f8rre oppgaver, for ett stadig st\u00f8rre antall er det behov for \u00e5 systematisk utdanne droneoperat\u00f8rer. En droneoperat\u00f8r er den som flyr og vedlikeholder en ubemannede farkoster med sensorer og nyttelast. Droneoperat\u00f8ren skal planlegge, loggf\u00f8re, lese dokumentasjon og tolke datamateriale og m\u00e5 holde seg oppdatert p\u00e5 lover og regler knyttet til droneflygning og gjennomf\u00f8re operasjoner p\u00e5 en sikker m\u00e5te.<\/p>\n\n\n\n<p>H\u00f8sten 2022 startet to videreg\u00e5ende skoler i Norge opp tilbudet VG2 Dronefag, som skal lede frem til fagbrev som droneoperat\u00f8r innenfor offentlig videreg\u00e5ende skolen, dette var Bj\u00f8rnholt VGS i Oslo og And\u00f8y VGS i Nordland. I 2024 er det ytterligere fire skoler som tilbyr denne, slik at det n\u00e5 totalt er seks videreg\u00e5ende skoler i Norge som tilbyr utdanningen.&nbsp;<\/p>\n\n\n\n<p>Her i Innlandet har Forsvaret allerede ett betydelig dronemilj\u00f8 og de \u00f8nsker seg et utdanningsl\u00f8p som kan utdanne flere av deres fremtidige droneoperat\u00f8rer.&nbsp;<\/p>\n\n\n\n<p>H\u00f8yre vil derfor i takt med arbeidslivets- og Forsvarets behov opprette VG2 Dronefag som linjetilbud p\u00e5 Elverum videreg\u00e5ende skole med h\u00e5p om skolestart h\u00f8sten 2025.&nbsp;<\/p>\n\n\n\n<p>Etter Vg2 Dronefag fortsetter oppl\u00e6ringen i Vg3 Droneoperat\u00f8r. Denne oppl\u00e6ringen g\u00e5r over 2 \u00e5r i bedrift og avsluttes med fagpr\u00f8ve og Luftfartsverkets sertifisering som droneoperat\u00f8r.<\/p>\n\n\n<div class=\"tags\">\n\t<\/div>\n<div class=\"post-footer alignfull has-background block-editor-block-list__block\" data-align=full>\n\t<div class=\"post-footer-inner\">\n\t\t<h3>Relaterte artikler<\/h3>\n\t\t<div class=\"related-content\"><div class=\"is-card-hoyre\">\n\t<div class=\"teft-card hoyre-teft-card post-teft-card\">\n\t\t<a href=\"https:\/\/hoyre.no\/innlandet\/aktuelt\/nar-lokaldemokratiet-nekter-og-staten-ikke-tar-ansvar\/\" class=\"teft-card__primary-action\">\n\n\t\t\t\t\t<div class=\"teft-card__media teft-card__media--16-9\">\n\t\t\t\t\t\t<img loading=\"lazy\" decoding=\"async\" width=\"768\" height=\"569\" src=\"https:\/\/hoyre.no\/content\/uploads\/sites\/7\/2026\/04\/Aasland-Velure-Helgesen_Arendal-2025-768x569.jpeg\" class=\"attachment-medium_large size-medium_large\" alt=\"Energiminister Terje Aasland (Ap), Hanne Alstrup Velure og KS-leder Gunn Marit Helgesen.\" srcset=\"https:\/\/hoyre.no\/content\/uploads\/sites\/7\/2026\/04\/Aasland-Velure-Helgesen_Arendal-2025-768x569.jpeg 768w, https:\/\/hoyre.no\/content\/uploads\/sites\/7\/2026\/04\/Aasland-Velure-Helgesen_Arendal-2025-300x222.jpeg 300w, https:\/\/hoyre.no\/content\/uploads\/sites\/7\/2026\/04\/Aasland-Velure-Helgesen_Arendal-2025-1024x758.jpeg 1024w, https:\/\/hoyre.no\/content\/uploads\/sites\/7\/2026\/04\/Aasland-Velure-Helgesen_Arendal-2025-1536x1137.jpeg 1536w, https:\/\/hoyre.no\/content\/uploads\/sites\/7\/2026\/04\/Aasland-Velure-Helgesen_Arendal-2025-2048x1516.jpeg 2048w\" sizes=\"auto, (max-width: 768px) 100vw, 768px\" \/>\t\t<\/div>\n\t\t\n\t\t\t<div class=\"teft-card__content-wrapper\">\n\t\t\t\t<div class=\"teft-card__secondary\">\n\t\t\t\t\t\n\t\t\t\t\t\t\t\t<div class=\"teft-card__meta\">\n\t\t\t\t\t\t\t\t\t<span class=\"post-date\">27. apr 2026<\/span>\n\n\t\t\t\t\t\t\t\t\t<span class=\"post-category\">Debatt<\/span>\t\t\t\t\t\t\t\t<\/div>\n\t\t\t\t\t\t\t\t\t\t\t<\/div>\n\n\t\t\t\t<div class=\"teft-card__primary\">\n\t\t\t\t\t<h2 class=\"teft-card__title\">N\u00e5r lokaldemokratiet nekter \u2013 og staten ikke tar ansvar&nbsp;<span class=\"teft-card__primary-title-append\"><\/span><\/h2>\t\t\t\t<\/div>\n\t\t\t<\/div>\n\t\t<\/a>\n\t<\/div>\n\n\t<\/div><div class=\"is-card-hoyre\">\n\t<div class=\"teft-card hoyre-teft-card post-teft-card\">\n\t\t<a href=\"https:\/\/hoyre.no\/innlandet\/aktuelt\/bedre-bruk-av-laererne-til-elevenes-beste\/\" class=\"teft-card__primary-action\">\n\n\t\t\t\t\t<div class=\"teft-card__media teft-card__media--16-9\">\n\t\t\t\t\t\t<img loading=\"lazy\" decoding=\"async\" width=\"768\" height=\"512\" src=\"https:\/\/hoyre.no\/content\/uploads\/sites\/7\/2024\/11\/Hanne-Alstrup-Velure-04-LOCOMOTIV-768x512.jpg\" class=\"attachment-medium_large size-medium_large\" alt=\"Hanne Alstrup Velure. Foto: Jan Tore \u00d8verstad \/ Locomotiv AS\" srcset=\"https:\/\/hoyre.no\/content\/uploads\/sites\/7\/2024\/11\/Hanne-Alstrup-Velure-04-LOCOMOTIV-768x512.jpg 768w, https:\/\/hoyre.no\/content\/uploads\/sites\/7\/2024\/11\/Hanne-Alstrup-Velure-04-LOCOMOTIV-300x200.jpg 300w, https:\/\/hoyre.no\/content\/uploads\/sites\/7\/2024\/11\/Hanne-Alstrup-Velure-04-LOCOMOTIV-1024x683.jpg 1024w, https:\/\/hoyre.no\/content\/uploads\/sites\/7\/2024\/11\/Hanne-Alstrup-Velure-04-LOCOMOTIV-1536x1024.jpg 1536w, https:\/\/hoyre.no\/content\/uploads\/sites\/7\/2024\/11\/Hanne-Alstrup-Velure-04-LOCOMOTIV-2048x1365.jpg 2048w\" sizes=\"auto, (max-width: 768px) 100vw, 768px\" \/>\t\t<\/div>\n\t\t\n\t\t\t<div class=\"teft-card__content-wrapper\">\n\t\t\t\t<div class=\"teft-card__secondary\">\n\t\t\t\t\t\n\t\t\t\t\t\t\t\t<div class=\"teft-card__meta\">\n\t\t\t\t\t\t\t\t\t<span class=\"post-date\">13. apr 2026<\/span>\n\n\t\t\t\t\t\t\t\t\t<span class=\"post-category\">Debatt<\/span>\t\t\t\t\t\t\t\t<\/div>\n\t\t\t\t\t\t\t\t\t\t\t<\/div>\n\n\t\t\t\t<div class=\"teft-card__primary\">\n\t\t\t\t\t<h2 class=\"teft-card__title\">Bedre bruk av l\u00e6rerne \u2013 til elevenes beste&nbsp;<span class=\"teft-card__primary-title-append\"><\/span><\/h2>\t\t\t\t<\/div>\n\t\t\t<\/div>\n\t\t<\/a>\n\t<\/div>\n\n\t<\/div><div class=\"is-card-hoyre\">\n\t<div class=\"teft-card hoyre-teft-card post-teft-card\">\n\t\t<a href=\"https:\/\/hoyre.no\/innlandet\/aktuelt\/viltet-er-en-ressurs-na-og-i-fremtiden\/\" class=\"teft-card__primary-action\">\n\n\t\t\t\t\t<div class=\"teft-card__media teft-card__media--16-9\">\n\t\t\t\t\t\t<img loading=\"lazy\" decoding=\"async\" width=\"768\" height=\"768\" src=\"https:\/\/hoyre.no\/content\/uploads\/sites\/7\/2026\/03\/Joakim-Ekseth-jakt-kvadrat-768x768.jpg\" class=\"attachment-medium_large size-medium_large\" alt=\"\" srcset=\"https:\/\/hoyre.no\/content\/uploads\/sites\/7\/2026\/03\/Joakim-Ekseth-jakt-kvadrat-768x768.jpg 768w, https:\/\/hoyre.no\/content\/uploads\/sites\/7\/2026\/03\/Joakim-Ekseth-jakt-kvadrat-300x300.jpg 300w, https:\/\/hoyre.no\/content\/uploads\/sites\/7\/2026\/03\/Joakim-Ekseth-jakt-kvadrat-1024x1024.jpg 1024w, https:\/\/hoyre.no\/content\/uploads\/sites\/7\/2026\/03\/Joakim-Ekseth-jakt-kvadrat-150x150.jpg 150w, https:\/\/hoyre.no\/content\/uploads\/sites\/7\/2026\/03\/Joakim-Ekseth-jakt-kvadrat.jpg 1080w\" sizes=\"auto, (max-width: 768px) 100vw, 768px\" \/>\t\t<\/div>\n\t\t\n\t\t\t<div class=\"teft-card__content-wrapper\">\n\t\t\t\t<div class=\"teft-card__secondary\">\n\t\t\t\t\t\n\t\t\t\t\t\t\t\t<div class=\"teft-card__meta\">\n\t\t\t\t\t\t\t\t\t<span class=\"post-date\">20. mar 2026<\/span>\n\n\t\t\t\t\t\t\t\t\t<span class=\"post-category\">Debatt<\/span>\t\t\t\t\t\t\t\t<\/div>\n\t\t\t\t\t\t\t\t\t\t\t<\/div>\n\n\t\t\t\t<div class=\"teft-card__primary\">\n\t\t\t\t\t<h2 class=\"teft-card__title\">Viltet er en ressurs, n\u00e5 og i fremtiden&nbsp;<span class=\"teft-card__primary-title-append\"><\/span><\/h2>\t\t\t\t<\/div>\n\t\t\t<\/div>\n\t\t<\/a>\n\t<\/div>\n\n\t<\/div><\/div>\t<\/div>\n<\/div>\n","protected":false},"excerpt":{"rendered":"","protected":false},"author":25164,"featured_media":0,"comment_status":"closed","ping_status":"closed","sticky":false,"template":"","format":"standard","meta":{"teft_cards_image_url":"","teft_cards_custom_pretitle":"","teft_cards_image_id":1135,"teft_cards_image_focal_point_x":0.5,"teft_cards_image_focal_point_y":0.5,"teft_cards_title":"Vil ha dronefag i Innlandet","teft_cards_excerpt":"","teft_show_chapters":false,"author_display_name":"","footnotes":""},"category":[1],"post_tag":[],"hoyre-visibility":[],"article-type":[],"politician":[],"class_list":["post-1133","post","type-post","status-publish","format-standard","hentry","category-ukategorisert"],"yoast_head":"<!-- This site is optimized with the Yoast SEO plugin v26.6 - https:\/\/yoast.com\/wordpress\/plugins\/seo\/ -->\n<title>Vil opprette droneoperat\u00f8rlinje i Innlandet\u00a0 - Innlandet H\u00f8yre<\/title>\n<meta name=\"robots\" content=\"index, follow, max-snippet:-1, max-image-preview:large, max-video-preview:-1\" \/>\n<link rel=\"canonical\" href=\"https:\/\/hoyre.no\/innlandet\/aktuelt\/vil-opprette-droneoperatorlinje-i-innlandet\/\" \/>\n<meta property=\"og:locale\" content=\"nb_NO\" \/>\n<meta property=\"og:type\" content=\"article\" \/>\n<meta property=\"og:title\" content=\"Vil opprette droneoperat\u00f8rlinje i Innlandet\u00a0 - Innlandet H\u00f8yre\" \/>\n<meta property=\"og:url\" content=\"https:\/\/hoyre.no\/innlandet\/aktuelt\/vil-opprette-droneoperatorlinje-i-innlandet\/\" \/>\n<meta property=\"og:site_name\" content=\"Innlandet H\u00f8yre\" \/>\n<meta property=\"article:published_time\" content=\"2024-06-30T10:08:10+00:00\" \/>\n<meta property=\"og:image\" content=\"https:\/\/hoyre.no\/content\/uploads\/sites\/7\/2026\/03\/Joakim-Ekseth-jakt-kvadrat-1024x1024.jpg\" \/>\n<meta name=\"author\" content=\"Vegard Riseng\" \/>\n<meta name=\"twitter:card\" content=\"summary_large_image\" \/>\n<meta name=\"twitter:label1\" content=\"Skrevet av\" \/>\n\t<meta name=\"twitter:data1\" content=\"Vegard Riseng\" \/>\n\t<meta name=\"twitter:label2\" content=\"Ansl. lesetid\" \/>\n\t<meta name=\"twitter:data2\" content=\"3 minutter\" \/>\n<script type=\"application\/ld+json\" class=\"yoast-schema-graph\">{\"@context\":\"https:\/\/schema.org\",\"@graph\":[{\"@type\":\"NewsArticle\",\"@id\":\"https:\/\/hoyre.no\/innlandet\/aktuelt\/vil-opprette-droneoperatorlinje-i-innlandet\/\",\"url\":\"https:\/\/hoyre.no\/innlandet\/aktuelt\/vil-opprette-droneoperatorlinje-i-innlandet\/\",\"name\":\"Vil opprette droneoperat\u00f8rlinje i Innlandet\u00a0 - Innlandet H\u00f8yre\",\"isPartOf\":{\"@id\":\"https:\/\/hoyre.no\/innlandet\/#website\"},\"datePublished\":\"2024-06-30T10:08:10+00:00\",\"author\":{\"@id\":\"https:\/\/hoyre.no\/innlandet\/#\/schema\/person\/455b182c4d7214158cd989739834d549\"},\"breadcrumb\":{\"@id\":\"https:\/\/hoyre.no\/innlandet\/aktuelt\/vil-opprette-droneoperatorlinje-i-innlandet\/#breadcrumb\"},\"inLanguage\":\"nb-NO\",\"potentialAction\":[{\"@type\":\"ReadAction\",\"target\":[\"https:\/\/hoyre.no\/innlandet\/aktuelt\/vil-opprette-droneoperatorlinje-i-innlandet\/\"]}]},{\"@type\":\"BreadcrumbList\",\"@id\":\"https:\/\/hoyre.no\/innlandet\/aktuelt\/vil-opprette-droneoperatorlinje-i-innlandet\/#breadcrumb\",\"itemListElement\":[{\"@type\":\"ListItem\",\"position\":1,\"name\":\"Til hoyre.no\",\"item\":\"https:\/\/hoyre.no\"},{\"@type\":\"ListItem\",\"position\":2,\"name\":\"Hjem\",\"item\":\"https:\/\/hoyre.no\/innlandet\/\"},{\"@type\":\"ListItem\",\"position\":3,\"name\":\"Vil opprette droneoperat\u00f8rlinje i Innlandet\u00a0\"}]},{\"@type\":\"WebSite\",\"@id\":\"https:\/\/hoyre.no\/innlandet\/#website\",\"url\":\"https:\/\/hoyre.no\/innlandet\/\",\"name\":\"Innlandet H\u00f8yre\",\"description\":\"Bare enda et H\u00f8yres nettsteder-nettsted\",\"inLanguage\":\"nb-NO\"},{\"@type\":\"Person\",\"@id\":\"https:\/\/hoyre.no\/innlandet\/#\/schema\/person\/455b182c4d7214158cd989739834d549\",\"name\":\"Vegard Riseng\",\"image\":{\"@type\":\"ImageObject\",\"inLanguage\":\"nb-NO\",\"@id\":\"https:\/\/hoyre.no\/innlandet\/#\/schema\/person\/image\/\",\"url\":\"https:\/\/secure.gravatar.com\/avatar\/db3376974143ec6c6b09856578b29a97405372cdd3ebe0b3c24855a97e2720df?s=96&d=mm&r=g\",\"contentUrl\":\"https:\/\/secure.gravatar.com\/avatar\/db3376974143ec6c6b09856578b29a97405372cdd3ebe0b3c24855a97e2720df?s=96&d=mm&r=g\",\"caption\":\"Vegard Riseng\"},\"url\":\"https:\/\/hoyre.no\/innlandet\/aktuelt\/author\/m50422435\/\"}]}<\/script>\n<!-- \/ Yoast SEO plugin. -->","yoast_head_json":{"title":"Vil opprette droneoperat\u00f8rlinje i Innlandet\u00a0 - Innlandet H\u00f8yre","robots":{"index":"index","follow":"follow","max-snippet":"max-snippet:-1","max-image-preview":"max-image-preview:large","max-video-preview":"max-video-preview:-1"},"canonical":"https:\/\/hoyre.no\/innlandet\/aktuelt\/vil-opprette-droneoperatorlinje-i-innlandet\/","og_locale":"nb_NO","og_type":"article","og_title":"Vil opprette droneoperat\u00f8rlinje i Innlandet\u00a0 - Innlandet H\u00f8yre","og_url":"https:\/\/hoyre.no\/innlandet\/aktuelt\/vil-opprette-droneoperatorlinje-i-innlandet\/","og_site_name":"Innlandet H\u00f8yre","article_published_time":"2024-06-30T10:08:10+00:00","og_image":[{"url":"https:\/\/hoyre.no\/content\/uploads\/sites\/7\/2026\/03\/Joakim-Ekseth-jakt-kvadrat-1024x1024.jpg","width":"","height":"","type":""}],"author":"Vegard Riseng","twitter_card":"summary_large_image","twitter_misc":{"Skrevet av":"Vegard Riseng","Ansl. lesetid":"3 minutter"},"schema":{"@context":"https:\/\/schema.org","@graph":[{"@type":"NewsArticle","@id":"https:\/\/hoyre.no\/innlandet\/aktuelt\/vil-opprette-droneoperatorlinje-i-innlandet\/","url":"https:\/\/hoyre.no\/innlandet\/aktuelt\/vil-opprette-droneoperatorlinje-i-innlandet\/","name":"Vil opprette droneoperat\u00f8rlinje i Innlandet\u00a0 - Innlandet H\u00f8yre","isPartOf":{"@id":"https:\/\/hoyre.no\/innlandet\/#website"},"datePublished":"2024-06-30T10:08:10+00:00","author":{"@id":"https:\/\/hoyre.no\/innlandet\/#\/schema\/person\/455b182c4d7214158cd989739834d549"},"breadcrumb":{"@id":"https:\/\/hoyre.no\/innlandet\/aktuelt\/vil-opprette-droneoperatorlinje-i-innlandet\/#breadcrumb"},"inLanguage":"nb-NO","potentialAction":[{"@type":"ReadAction","target":["https:\/\/hoyre.no\/innlandet\/aktuelt\/vil-opprette-droneoperatorlinje-i-innlandet\/"]}]},{"@type":"BreadcrumbList","@id":"https:\/\/hoyre.no\/innlandet\/aktuelt\/vil-opprette-droneoperatorlinje-i-innlandet\/#breadcrumb","itemListElement":[{"@type":"ListItem","position":1,"name":"Til hoyre.no","item":"https:\/\/hoyre.no"},{"@type":"ListItem","position":2,"name":"Hjem","item":"https:\/\/hoyre.no\/innlandet\/"},{"@type":"ListItem","position":3,"name":"Vil opprette droneoperat\u00f8rlinje i Innlandet\u00a0"}]},{"@type":"WebSite","@id":"https:\/\/hoyre.no\/innlandet\/#website","url":"https:\/\/hoyre.no\/innlandet\/","name":"Innlandet H\u00f8yre","description":"Bare enda et H\u00f8yres nettsteder-nettsted","inLanguage":"nb-NO"},{"@type":"Person","@id":"https:\/\/hoyre.no\/innlandet\/#\/schema\/person\/455b182c4d7214158cd989739834d549","name":"Vegard Riseng","image":{"@type":"ImageObject","inLanguage":"nb-NO","@id":"https:\/\/hoyre.no\/innlandet\/#\/schema\/person\/image\/","url":"https:\/\/secure.gravatar.com\/avatar\/db3376974143ec6c6b09856578b29a97405372cdd3ebe0b3c24855a97e2720df?s=96&d=mm&r=g","contentUrl":"https:\/\/secure.gravatar.com\/avatar\/db3376974143ec6c6b09856578b29a97405372cdd3ebe0b3c24855a97e2720df?s=96&d=mm&r=g","caption":"Vegard Riseng"},"url":"https:\/\/hoyre.no\/innlandet\/aktuelt\/author\/m50422435\/"}]}},"distributor_meta":false,"distributor_terms":false,"distributor_media":false,"distributor_original_site_name":"Innlandet H\u00f8yre","distributor_original_site_url":"https:\/\/hoyre.no\/innlandet","push-errors":false,"_links":{"self":[{"href":"https:\/\/hoyre.no\/innlandet\/wp-json\/wp\/v2\/posts\/1133","targetHints":{"allow":["GET"]}}],"collection":[{"href":"https:\/\/hoyre.no\/innlandet\/wp-json\/wp\/v2\/posts"}],"about":[{"href":"https:\/\/hoyre.no\/innlandet\/wp-json\/wp\/v2\/types\/post"}],"author":[{"embeddable":true,"href":"https:\/\/hoyre.no\/innlandet\/wp-json\/wp\/v2\/users\/25164"}],"replies":[{"embeddable":true,"href":"https:\/\/hoyre.no\/innlandet\/wp-json\/wp\/v2\/comments?post=1133"}],"version-history":[{"count":2,"href":"https:\/\/hoyre.no\/innlandet\/wp-json\/wp\/v2\/posts\/1133\/revisions"}],"predecessor-version":[{"id":1137,"href":"https:\/\/hoyre.no\/innlandet\/wp-json\/wp\/v2\/posts\/1133\/revisions\/1137"}],"wp:attachment":[{"href":"https:\/\/hoyre.no\/innlandet\/wp-json\/wp\/v2\/media?parent=1133"}],"wp:term":[{"taxonomy":"category","embeddable":true,"href":"https:\/\/hoyre.no\/innlandet\/wp-json\/wp\/v2\/category?post=1133"},{"taxonomy":"post_tag","embeddable":true,"href":"https:\/\/hoyre.no\/innlandet\/wp-json\/wp\/v2\/post_tag?post=1133"},{"taxonomy":"hoyre-visibility","embeddable":true,"href":"https:\/\/hoyre.no\/innlandet\/wp-json\/wp\/v2\/hoyre-visibility?post=1133"},{"taxonomy":"article-type","embeddable":true,"href":"https:\/\/hoyre.no\/innlandet\/wp-json\/wp\/v2\/article-type?post=1133"},{"taxonomy":"politician","embeddable":true,"href":"https:\/\/hoyre.no\/innlandet\/wp-json\/wp\/v2\/politician?post=1133"}],"curies":[{"name":"wp","href":"https:\/\/api.w.org\/{rel}","templated":true}]}}