{"id":1388,"date":"2024-09-27T14:28:34","date_gmt":"2024-09-27T12:28:34","guid":{"rendered":"https:\/\/hoyre.no\/innlandet\/?p=1388"},"modified":"2024-09-27T14:28:34","modified_gmt":"2024-09-27T12:28:34","slug":"jeg-haater-politikere","status":"publish","type":"post","link":"https:\/\/hoyre.no\/innlandet\/aktuelt\/jeg-haater-politikere\/","title":{"rendered":"\u00abJeg haater politikere\u00bb"},"content":{"rendered":"\n<p class=\"preamble\">I H\u00f8yre har alltid kvalitet i skolen v\u00e6rt viktigst. Vi vil gi ungdommen i Innlandet det beste utdanningstilbudet som er mulig, ogs\u00e5 i en framtid med f\u00e6rre elever. Vi vil at flest mulig skal f\u00e5 en utdanning de er motivert for, og en utdanning som arbeidslivet har behov for.<\/p>\t\t\t<div class=\"post-meta wp-block teft-byline-wrapper\">\n\t\t\t\t<div class=\"top\">\n\t\t\t\t\t<div class=\"signature\">\n\t\t\t\t\t\t<div class=\"teft-byline\">\n\t\t\t\t\t\t\t\t\t\t\t\t\t\t<div>\n\t\t\t\t\t\t\t\t<h3>H\u00f8yres redaksjon<\/h3>\t\t\t\t\t\t\t\t\n\t\t\t\t\t\t\t\t\t\t\t\t\t\t\t\t\t<span class=\"date\">Sist oppdatert: 27. september 2024<\/span>\n\t\t\t\t\t\t\t\t\t\t\t\t\t\t\t\t\t\t\t\t\t\t\t\t\t<span class=\"reading-time\" itemprop=\"timeRequired\" content=\"PT4M\"><em>Ca. 4 minutter lesetid<\/em><\/span>\n\t\t\t\t\t\t\t\t\t\t\t\t\t\t\t<\/div>\n\t\t\t\t\t\t<\/div>\n\t\t\t\t\t<\/div>\n\t\t\t\t\t\t<div class=\"sharing\">\n\t\t<a class=\"share-button share-link copy-link\" data-copy=\"https:\/\/hoyre.no\/innlandet\/aktuelt\/jeg-haater-politikere\/\" target=\"_blank\"><span class=\"screen-reader-text\">Del link<\/span><\/a>\n\t\t<a class=\"share-button share-twitter\" href=\"http:\/\/twitter.com\/share?text=\u00abJeg haater politikere\u00bb&#038;url=https:\/\/hoyre.no\/innlandet\/aktuelt\/jeg-haater-politikere\/&#038;hashtags=Hoyre\" target=\"_blank\"><span class=\"screen-reader-text\">Del p\u00e5 twitter<\/span><\/a>\n\t\t<a class=\"share-button share-facebook\" href=\"https:\/\/www.facebook.com\/sharer\/sharer.php?u=https:\/\/hoyre.no\/innlandet\/aktuelt\/jeg-haater-politikere\/\" target=\"_blank\"><span class=\"screen-reader-text\">Del p\u00e5 facebook<\/span><\/a>\n\t<\/div>\n\t\t\t\t\t<\/div>\n\t\t\t<\/div>\n\n\t\t\t<figure class=\"hoyre-image-wrapper\"><div class=\"hoyre-image\"><img loading=\"lazy\" decoding=\"async\" width=\"2500\" height=\"1666\" src=\"https:\/\/hoyre.no\/content\/uploads\/sites\/7\/2024\/09\/318A0273-scaled.jpg\" class=\"attachment-scaled size-scaled\" alt=\"\" style=\"object-position: 59% 28.000000000000004%\" srcset=\"https:\/\/hoyre.no\/content\/uploads\/sites\/7\/2024\/09\/318A0273-scaled.jpg 2500w, https:\/\/hoyre.no\/content\/uploads\/sites\/7\/2024\/09\/318A0273-300x200.jpg 300w, https:\/\/hoyre.no\/content\/uploads\/sites\/7\/2024\/09\/318A0273-1024x683.jpg 1024w, https:\/\/hoyre.no\/content\/uploads\/sites\/7\/2024\/09\/318A0273-768x512.jpg 768w, https:\/\/hoyre.no\/content\/uploads\/sites\/7\/2024\/09\/318A0273-1536x1024.jpg 1536w, https:\/\/hoyre.no\/content\/uploads\/sites\/7\/2024\/09\/318A0273-2048x1365.jpg 2048w\" sizes=\"auto, (max-width: 2500px) 100vw, 2500px\" \/><\/div><\/figure>\n\n\n\n\n<p>Det sa en kollega av meg her om dagen. Ikke fordi hun hater meg spesielt \u2013 det ligger bare i jobbeskrivelsen. Politikeryrket er ingen popularitetskonkurranse og politikeryrket er \u00abkjedelig\u00bb sett utenfra.<\/p>\n\n\n\n<p>Likevel m\u00e5 vi ha politikere for \u00e5 opprettholde det norske demokratiet \u2013 folkestyret \u2013 som per definisjon er valgte representanter av folket som utformer lover og tar viktig politiske beslutninger.<\/p>\n\n\n\n<p>Du kan ikke stole p\u00e5 politikere, skal vi tro \u00d8yvind Rust i innlegget \u00abIkke tro p\u00e5 st\u00f8rrelsen\u00bb i Avisa Valdres. Der skriver han at hele saken bunner i \u00f8konomi, ikke kvalitet.<\/p>\n\n\n\n<blockquote class=\"wp-block-quote is-layout-flow wp-block-quote-is-layout-flow\">\n<blockquote class=\"wp-block-quote is-layout-flow wp-block-quote-is-layout-flow\">\n<p class=\"has-text-align-center is-style-large\"><strong>&laquo;Bakgrunn for ny skole- og tilbudsstruktur i Innlandet handler om at det er f\u00e6rre elever i den videreg\u00e5ende oppl\u00e6ringen. Vi ser en demografiutvikling med en sterk reduksjon av elevkull \u2013 en reduksjon p\u00e5 over 3000 elever i alderen 16 til 18 \u00e5r fram mot 2038 i Innlandet fylke.&raquo;<\/strong><\/p>\n\n\n\n<p>De siste fire \u00e5rene har det v\u00e6rt en nedgang i elevtallet i innlandet p\u00e5 ca. 850 elever, og elevnedgangen har p\u00e5g\u00e5tt i 16 \u00e5r uten at vi har r\u00f8rt skolestrukturen i noen grad. Til gjengjeld har vi f\u00e5tt en st\u00f8rre tilbudsstruktur \u00e5 forholde oss til, og skoleresultatene har hatt en fantastisk utvikling fordi vi ikke har saldert p\u00e5 kvalitet.<\/p>\n\n\n\n<p>De siste fire \u00e5rene har inntekten fra staten g\u00e5tt ned med om lag 128 millioner, og vi har kommet til et punkt der det blir vanskelig \u00e5 opprettholde kvaliteten framover. Derfor skal jeg gi \u00d8yvind Rust rett i at \u00f8konomi er en viktig faktor.<\/p>\n\n\n\n<blockquote class=\"wp-block-quote is-layout-flow wp-block-quote-is-layout-flow\">\n<p class=\"has-text-align-center is-style-large\"><strong>F\u00e6rre elever betyr mindre penger, og dermed blir det en strammere \u00f8konomi.<\/strong><\/p>\n\n\n\n<p>Til tross for at Norge er et av verdens rikeste land, the Economist rangerer Norge p\u00e5 topp i verdiskapning per innbygger i verden (DN, 4. januar 2024) og markedsverdien av oljefondet er over 18 billiarder. Hvis vi deler oljefondet ut p\u00e5 befolkningen, utgj\u00f8r fondet i underkant av 3,4 millioner per innbygger. Til sammenligning koster en gjennomsnittlig mann 3,1 millioner kroner i l\u00f8pet av livet, og en kvinne 15,6 millioner (SSB) for \u00e5 sette oljefondet i perspektiv. Pengesekken er ikke ut\u00f8mmelig.<\/p>\n\n\n\n<p>I H\u00f8yre har alltid kvalitet i skolen v\u00e6rt viktigst. Vi vil gi ungdommen i Innlandet det beste utdanningstilbudet som er mulig, ogs\u00e5 i en framtid med f\u00e6rre elever. Vi vil at flest mulig skal f\u00e5 en utdanning de er motivert for, og en utdanning som arbeidslivet har behov for.<\/p>\n\n\n\n<p>Ved \u00e5 redusere antall skolesteder \u00f8ker valgmuligheten p\u00e5 de skolene som blir igjen. For H\u00f8yre er det viktig \u00e5 ha en skole som m\u00f8ter arbeids- og n\u00e6ringslivets behov for kompetanse. Det er det aller viktigste. Ja, det vil generere lengre reisevei for noen, og hybelboing for andre.<\/p>\n\n\n\n<p>Hvis du leter i forskningen, er hybelboing helt klart tosidig. I studien \u00abHelses\u00f8steren, en n\u00f8kkelperson for hybelboere\u00bb (2017), er det individuelle forskjeller blant ungdom p\u00e5 hvordan de takler hybeltilv\u00e6relsen. Mange opplever \u00f8kt grad av mestring og dermed bedre selvtillit. Andre opplever at frav\u00e6r av voksenpersoner kan gi en t\u00f8ff start p\u00e5 hybellivet. L\u00f8sningen if\u00f8lge studien er \u00e5 bo sosialt<\/p>\n\n\n\n<p>Jeg har rett og slett spurt en ung voksen som har bodd p\u00e5 internat ved en naturbrukskole n\u00e6r deg i Innlandet.<\/p>\n\n\n\n<p>\u00abSavnet du foreldrene dine n\u00e5r du flyttet p\u00e5 internat?\u00bb NEI var svaret.<\/p>\n\n\n\n<p>Kanskje er ikke \u00e9n respondent representativt for alle elever i videreg\u00e5ende sektor. Men det som var interessant, er at respondenten svarte at det var sosialt, gjorde \u00abmeg\u00bb selvstendig og det gav et varig samhold. Det var en trygg overgang fra ungdomsskolen og over i h\u00f8yere studier og yrkesliv.<\/p>\n\n\n\n<p>Vi kan lese i Utdanningsnytt (2024) at Tomb videreg\u00e5ende i \u00d8stfold mener at internatlivet, samt mye jobbing med landbruk og naturbruk, er blant suksessfaktorene. Der har de et stort fokus p\u00e5 internatelevene, og p\u00e5 \u00e5 trygge dem med kompetente voksne.<\/p>\n\n\n\n<p>Det vil alltid v\u00e6re flere sider i en skolestrukturdebatt \u2013 b\u00e5de positive og negative sider ved \u00e5 legge ned en skole i distriktet. Det skj\u00f8nner ogs\u00e5 vi som har tatt p\u00e5 oss politikerhatten. Samtidig kan vi ikke p\u00e5virke befolkningsframskriving for framtida. Det vi derimot kan p\u00e5virke, er at vi kan gi den beste utdanninga for framtidas arbeidsliv.<\/p>\n<\/blockquote>\n<\/blockquote>\n<\/blockquote>\n\n\n<div class=\"tags\">\n\t\t<div class=\"wp-block-tag-cloud\">\n\t\t\t\t\t<a href=\"https:\/\/hoyre.no\/innlandet\/aktuelt\/tag\/kunnskap\/\" class=\"tag-cloud-link\">Kunnskap<\/a>\n\t\t\t\t\t<a href=\"https:\/\/hoyre.no\/innlandet\/aktuelt\/tag\/skole\/\" class=\"tag-cloud-link\">Skole<\/a>\n\t\t\t\t\t<a href=\"https:\/\/hoyre.no\/innlandet\/aktuelt\/tag\/utdanning\/\" class=\"tag-cloud-link\">Utdanning<\/a>\n\t\t\t<\/div>\n\t<\/div>\n<div class=\"post-footer alignfull has-background block-editor-block-list__block\" data-align=full>\n\t<div class=\"post-footer-inner\">\n\t\t<h3>Relaterte artikler<\/h3>\n\t\t<div class=\"related-content\"><div class=\"is-card-hoyre\">\n\t<div class=\"teft-card hoyre-teft-card post-teft-card\">\n\t\t<a href=\"https:\/\/hoyre.no\/innlandet\/aktuelt\/nar-lokaldemokratiet-nekter-og-staten-ikke-tar-ansvar\/\" class=\"teft-card__primary-action\">\n\n\t\t\t\t\t<div class=\"teft-card__media teft-card__media--16-9\">\n\t\t\t\t\t\t<img loading=\"lazy\" decoding=\"async\" width=\"768\" height=\"569\" src=\"https:\/\/hoyre.no\/content\/uploads\/sites\/7\/2026\/04\/Aasland-Velure-Helgesen_Arendal-2025-768x569.jpeg\" class=\"attachment-medium_large size-medium_large\" alt=\"Energiminister Terje Aasland (Ap), Hanne Alstrup Velure og KS-leder Gunn Marit Helgesen.\" srcset=\"https:\/\/hoyre.no\/content\/uploads\/sites\/7\/2026\/04\/Aasland-Velure-Helgesen_Arendal-2025-768x569.jpeg 768w, https:\/\/hoyre.no\/content\/uploads\/sites\/7\/2026\/04\/Aasland-Velure-Helgesen_Arendal-2025-300x222.jpeg 300w, https:\/\/hoyre.no\/content\/uploads\/sites\/7\/2026\/04\/Aasland-Velure-Helgesen_Arendal-2025-1024x758.jpeg 1024w, https:\/\/hoyre.no\/content\/uploads\/sites\/7\/2026\/04\/Aasland-Velure-Helgesen_Arendal-2025-1536x1137.jpeg 1536w, https:\/\/hoyre.no\/content\/uploads\/sites\/7\/2026\/04\/Aasland-Velure-Helgesen_Arendal-2025-2048x1516.jpeg 2048w\" sizes=\"auto, (max-width: 768px) 100vw, 768px\" \/>\t\t<\/div>\n\t\t\n\t\t\t<div class=\"teft-card__content-wrapper\">\n\t\t\t\t<div class=\"teft-card__secondary\">\n\t\t\t\t\t\n\t\t\t\t\t\t\t\t<div class=\"teft-card__meta\">\n\t\t\t\t\t\t\t\t\t<span class=\"post-date\">27. apr 2026<\/span>\n\n\t\t\t\t\t\t\t\t\t<span class=\"post-category\">Debatt<\/span>\t\t\t\t\t\t\t\t<\/div>\n\t\t\t\t\t\t\t\t\t\t\t<\/div>\n\n\t\t\t\t<div class=\"teft-card__primary\">\n\t\t\t\t\t<h2 class=\"teft-card__title\">N\u00e5r lokaldemokratiet nekter \u2013 og staten ikke tar ansvar&nbsp;<span class=\"teft-card__primary-title-append\"><\/span><\/h2>\t\t\t\t<\/div>\n\t\t\t<\/div>\n\t\t<\/a>\n\t<\/div>\n\n\t<\/div><div class=\"is-card-hoyre\">\n\t<div class=\"teft-card hoyre-teft-card post-teft-card\">\n\t\t<a href=\"https:\/\/hoyre.no\/innlandet\/aktuelt\/bedre-bruk-av-laererne-til-elevenes-beste\/\" class=\"teft-card__primary-action\">\n\n\t\t\t\t\t<div class=\"teft-card__media teft-card__media--16-9\">\n\t\t\t\t\t\t<img loading=\"lazy\" decoding=\"async\" width=\"768\" height=\"512\" src=\"https:\/\/hoyre.no\/content\/uploads\/sites\/7\/2024\/11\/Hanne-Alstrup-Velure-04-LOCOMOTIV-768x512.jpg\" class=\"attachment-medium_large size-medium_large\" alt=\"Hanne Alstrup Velure. Foto: Jan Tore \u00d8verstad \/ Locomotiv AS\" srcset=\"https:\/\/hoyre.no\/content\/uploads\/sites\/7\/2024\/11\/Hanne-Alstrup-Velure-04-LOCOMOTIV-768x512.jpg 768w, https:\/\/hoyre.no\/content\/uploads\/sites\/7\/2024\/11\/Hanne-Alstrup-Velure-04-LOCOMOTIV-300x200.jpg 300w, https:\/\/hoyre.no\/content\/uploads\/sites\/7\/2024\/11\/Hanne-Alstrup-Velure-04-LOCOMOTIV-1024x683.jpg 1024w, https:\/\/hoyre.no\/content\/uploads\/sites\/7\/2024\/11\/Hanne-Alstrup-Velure-04-LOCOMOTIV-1536x1024.jpg 1536w, https:\/\/hoyre.no\/content\/uploads\/sites\/7\/2024\/11\/Hanne-Alstrup-Velure-04-LOCOMOTIV-2048x1365.jpg 2048w\" sizes=\"auto, (max-width: 768px) 100vw, 768px\" \/>\t\t<\/div>\n\t\t\n\t\t\t<div class=\"teft-card__content-wrapper\">\n\t\t\t\t<div class=\"teft-card__secondary\">\n\t\t\t\t\t\n\t\t\t\t\t\t\t\t<div class=\"teft-card__meta\">\n\t\t\t\t\t\t\t\t\t<span class=\"post-date\">13. apr 2026<\/span>\n\n\t\t\t\t\t\t\t\t\t<span class=\"post-category\">Debatt<\/span>\t\t\t\t\t\t\t\t<\/div>\n\t\t\t\t\t\t\t\t\t\t\t<\/div>\n\n\t\t\t\t<div class=\"teft-card__primary\">\n\t\t\t\t\t<h2 class=\"teft-card__title\">Bedre bruk av l\u00e6rerne \u2013 til elevenes beste&nbsp;<span class=\"teft-card__primary-title-append\"><\/span><\/h2>\t\t\t\t<\/div>\n\t\t\t<\/div>\n\t\t<\/a>\n\t<\/div>\n\n\t<\/div><div class=\"is-card-hoyre\">\n\t<div class=\"teft-card hoyre-teft-card post-teft-card\">\n\t\t<a href=\"https:\/\/hoyre.no\/innlandet\/aktuelt\/viltet-er-en-ressurs-na-og-i-fremtiden\/\" class=\"teft-card__primary-action\">\n\n\t\t\t\t\t<div class=\"teft-card__media teft-card__media--16-9\">\n\t\t\t\t\t\t<img loading=\"lazy\" decoding=\"async\" width=\"768\" height=\"768\" src=\"https:\/\/hoyre.no\/content\/uploads\/sites\/7\/2026\/03\/Joakim-Ekseth-jakt-kvadrat-768x768.jpg\" class=\"attachment-medium_large size-medium_large\" alt=\"\" srcset=\"https:\/\/hoyre.no\/content\/uploads\/sites\/7\/2026\/03\/Joakim-Ekseth-jakt-kvadrat-768x768.jpg 768w, https:\/\/hoyre.no\/content\/uploads\/sites\/7\/2026\/03\/Joakim-Ekseth-jakt-kvadrat-300x300.jpg 300w, https:\/\/hoyre.no\/content\/uploads\/sites\/7\/2026\/03\/Joakim-Ekseth-jakt-kvadrat-1024x1024.jpg 1024w, https:\/\/hoyre.no\/content\/uploads\/sites\/7\/2026\/03\/Joakim-Ekseth-jakt-kvadrat-150x150.jpg 150w, https:\/\/hoyre.no\/content\/uploads\/sites\/7\/2026\/03\/Joakim-Ekseth-jakt-kvadrat.jpg 1080w\" sizes=\"auto, (max-width: 768px) 100vw, 768px\" \/>\t\t<\/div>\n\t\t\n\t\t\t<div class=\"teft-card__content-wrapper\">\n\t\t\t\t<div class=\"teft-card__secondary\">\n\t\t\t\t\t\n\t\t\t\t\t\t\t\t<div class=\"teft-card__meta\">\n\t\t\t\t\t\t\t\t\t<span class=\"post-date\">20. mar 2026<\/span>\n\n\t\t\t\t\t\t\t\t\t<span class=\"post-category\">Debatt<\/span>\t\t\t\t\t\t\t\t<\/div>\n\t\t\t\t\t\t\t\t\t\t\t<\/div>\n\n\t\t\t\t<div class=\"teft-card__primary\">\n\t\t\t\t\t<h2 class=\"teft-card__title\">Viltet er en ressurs, n\u00e5 og i fremtiden&nbsp;<span class=\"teft-card__primary-title-append\"><\/span><\/h2>\t\t\t\t<\/div>\n\t\t\t<\/div>\n\t\t<\/a>\n\t<\/div>\n\n\t<\/div><\/div>\t<\/div>\n<\/div>\n","protected":false},"excerpt":{"rendered":"","protected":false},"author":26288,"featured_media":0,"comment_status":"closed","ping_status":"closed","sticky":false,"template":"","format":"standard","meta":{"teft_cards_image_url":"","teft_cards_custom_pretitle":"","teft_cards_image_id":1389,"teft_cards_image_focal_point_x":0.55,"teft_cards_image_focal_point_y":0.32,"teft_cards_title":"","teft_cards_excerpt":"I H\u00f8yre har alltid kvalitet i skolen v\u00e6rt viktigst. Vi vil gi ungdommen i Innlandet det beste utdanningstilbudet som er mulig, ogs\u00e5 i en framtid med f\u00e6rre elever.","teft_show_chapters":false,"author_display_name":"","footnotes":""},"category":[5,30,32,34,31,38],"post_tag":[25,21,22],"hoyre-visibility":[],"article-type":[],"politician":[37],"class_list":["post-1388","post","type-post","status-publish","format-standard","hentry","category-debatt","category-fylkestinget","category-politikk","category-utdanning","category-vare-politikere","category-videregaende-skole","tag-kunnskap","tag-skole","tag-utdanning","politician-inger-lise-sveum-aasbekken"],"yoast_head":"<!-- This site is optimized with the Yoast SEO plugin v26.6 - https:\/\/yoast.com\/wordpress\/plugins\/seo\/ -->\n<title>\u00abJeg haater politikere\u00bb - Innlandet H\u00f8yre<\/title>\n<meta name=\"robots\" content=\"index, follow, max-snippet:-1, max-image-preview:large, max-video-preview:-1\" \/>\n<link rel=\"canonical\" href=\"https:\/\/hoyre.no\/innlandet\/aktuelt\/jeg-haater-politikere\/\" \/>\n<meta property=\"og:locale\" content=\"nb_NO\" \/>\n<meta property=\"og:type\" content=\"article\" \/>\n<meta property=\"og:title\" content=\"\u00abJeg haater politikere\u00bb - Innlandet H\u00f8yre\" \/>\n<meta property=\"og:url\" content=\"https:\/\/hoyre.no\/innlandet\/aktuelt\/jeg-haater-politikere\/\" \/>\n<meta property=\"og:site_name\" content=\"Innlandet H\u00f8yre\" \/>\n<meta property=\"article:published_time\" content=\"2024-09-27T12:28:34+00:00\" \/>\n<meta property=\"og:image\" content=\"https:\/\/hoyre.no\/content\/uploads\/sites\/7\/2026\/03\/Joakim-Ekseth-jakt-kvadrat-1024x1024.jpg\" \/>\n<meta name=\"author\" content=\"Erlend Gj\u00f8lme\" \/>\n<meta name=\"twitter:card\" content=\"summary_large_image\" \/>\n<meta name=\"twitter:label1\" content=\"Skrevet av\" \/>\n\t<meta name=\"twitter:data1\" content=\"Erlend Gj\u00f8lme\" \/>\n\t<meta name=\"twitter:label2\" content=\"Ansl. lesetid\" \/>\n\t<meta name=\"twitter:data2\" content=\"1 minutt\" \/>\n<script type=\"application\/ld+json\" class=\"yoast-schema-graph\">{\"@context\":\"https:\/\/schema.org\",\"@graph\":[{\"@type\":\"NewsArticle\",\"@id\":\"https:\/\/hoyre.no\/innlandet\/aktuelt\/jeg-haater-politikere\/\",\"url\":\"https:\/\/hoyre.no\/innlandet\/aktuelt\/jeg-haater-politikere\/\",\"name\":\"\u00abJeg haater politikere\u00bb - Innlandet H\u00f8yre\",\"isPartOf\":{\"@id\":\"https:\/\/hoyre.no\/innlandet\/#website\"},\"datePublished\":\"2024-09-27T12:28:34+00:00\",\"author\":{\"@id\":\"https:\/\/hoyre.no\/innlandet\/#\/schema\/person\/8f41eef411c647642cf257592f9fce1c\"},\"breadcrumb\":{\"@id\":\"https:\/\/hoyre.no\/innlandet\/aktuelt\/jeg-haater-politikere\/#breadcrumb\"},\"inLanguage\":\"nb-NO\",\"potentialAction\":[{\"@type\":\"ReadAction\",\"target\":[\"https:\/\/hoyre.no\/innlandet\/aktuelt\/jeg-haater-politikere\/\"]}]},{\"@type\":\"BreadcrumbList\",\"@id\":\"https:\/\/hoyre.no\/innlandet\/aktuelt\/jeg-haater-politikere\/#breadcrumb\",\"itemListElement\":[{\"@type\":\"ListItem\",\"position\":1,\"name\":\"Til hoyre.no\",\"item\":\"https:\/\/hoyre.no\"},{\"@type\":\"ListItem\",\"position\":2,\"name\":\"Hjem\",\"item\":\"https:\/\/hoyre.no\/innlandet\/\"},{\"@type\":\"ListItem\",\"position\":3,\"name\":\"\u00abJeg haater politikere\u00bb\"}]},{\"@type\":\"WebSite\",\"@id\":\"https:\/\/hoyre.no\/innlandet\/#website\",\"url\":\"https:\/\/hoyre.no\/innlandet\/\",\"name\":\"Innlandet H\u00f8yre\",\"description\":\"Bare enda et H\u00f8yres nettsteder-nettsted\",\"inLanguage\":\"nb-NO\"},{\"@type\":\"Person\",\"@id\":\"https:\/\/hoyre.no\/innlandet\/#\/schema\/person\/8f41eef411c647642cf257592f9fce1c\",\"name\":\"Erlend Gj\u00f8lme\",\"image\":{\"@type\":\"ImageObject\",\"inLanguage\":\"nb-NO\",\"@id\":\"https:\/\/hoyre.no\/innlandet\/#\/schema\/person\/image\/\",\"url\":\"https:\/\/secure.gravatar.com\/avatar\/19308e99cc26c2c18ba01243f850e887a482eed229c88c0905de487505a4d093?s=96&d=mm&r=g\",\"contentUrl\":\"https:\/\/secure.gravatar.com\/avatar\/19308e99cc26c2c18ba01243f850e887a482eed229c88c0905de487505a4d093?s=96&d=mm&r=g\",\"caption\":\"Erlend Gj\u00f8lme\"},\"url\":\"https:\/\/hoyre.no\/innlandet\/aktuelt\/author\/m50054840\/\"}]}<\/script>\n<!-- \/ Yoast SEO plugin. -->","yoast_head_json":{"title":"\u00abJeg haater politikere\u00bb - Innlandet H\u00f8yre","robots":{"index":"index","follow":"follow","max-snippet":"max-snippet:-1","max-image-preview":"max-image-preview:large","max-video-preview":"max-video-preview:-1"},"canonical":"https:\/\/hoyre.no\/innlandet\/aktuelt\/jeg-haater-politikere\/","og_locale":"nb_NO","og_type":"article","og_title":"\u00abJeg haater politikere\u00bb - Innlandet H\u00f8yre","og_url":"https:\/\/hoyre.no\/innlandet\/aktuelt\/jeg-haater-politikere\/","og_site_name":"Innlandet H\u00f8yre","article_published_time":"2024-09-27T12:28:34+00:00","og_image":[{"url":"https:\/\/hoyre.no\/content\/uploads\/sites\/7\/2026\/03\/Joakim-Ekseth-jakt-kvadrat-1024x1024.jpg","width":"","height":"","type":""}],"author":"Erlend Gj\u00f8lme","twitter_card":"summary_large_image","twitter_misc":{"Skrevet av":"Erlend Gj\u00f8lme","Ansl. lesetid":"1 minutt"},"schema":{"@context":"https:\/\/schema.org","@graph":[{"@type":"NewsArticle","@id":"https:\/\/hoyre.no\/innlandet\/aktuelt\/jeg-haater-politikere\/","url":"https:\/\/hoyre.no\/innlandet\/aktuelt\/jeg-haater-politikere\/","name":"\u00abJeg haater politikere\u00bb - Innlandet H\u00f8yre","isPartOf":{"@id":"https:\/\/hoyre.no\/innlandet\/#website"},"datePublished":"2024-09-27T12:28:34+00:00","author":{"@id":"https:\/\/hoyre.no\/innlandet\/#\/schema\/person\/8f41eef411c647642cf257592f9fce1c"},"breadcrumb":{"@id":"https:\/\/hoyre.no\/innlandet\/aktuelt\/jeg-haater-politikere\/#breadcrumb"},"inLanguage":"nb-NO","potentialAction":[{"@type":"ReadAction","target":["https:\/\/hoyre.no\/innlandet\/aktuelt\/jeg-haater-politikere\/"]}]},{"@type":"BreadcrumbList","@id":"https:\/\/hoyre.no\/innlandet\/aktuelt\/jeg-haater-politikere\/#breadcrumb","itemListElement":[{"@type":"ListItem","position":1,"name":"Til hoyre.no","item":"https:\/\/hoyre.no"},{"@type":"ListItem","position":2,"name":"Hjem","item":"https:\/\/hoyre.no\/innlandet\/"},{"@type":"ListItem","position":3,"name":"\u00abJeg haater politikere\u00bb"}]},{"@type":"WebSite","@id":"https:\/\/hoyre.no\/innlandet\/#website","url":"https:\/\/hoyre.no\/innlandet\/","name":"Innlandet H\u00f8yre","description":"Bare enda et H\u00f8yres nettsteder-nettsted","inLanguage":"nb-NO"},{"@type":"Person","@id":"https:\/\/hoyre.no\/innlandet\/#\/schema\/person\/8f41eef411c647642cf257592f9fce1c","name":"Erlend Gj\u00f8lme","image":{"@type":"ImageObject","inLanguage":"nb-NO","@id":"https:\/\/hoyre.no\/innlandet\/#\/schema\/person\/image\/","url":"https:\/\/secure.gravatar.com\/avatar\/19308e99cc26c2c18ba01243f850e887a482eed229c88c0905de487505a4d093?s=96&d=mm&r=g","contentUrl":"https:\/\/secure.gravatar.com\/avatar\/19308e99cc26c2c18ba01243f850e887a482eed229c88c0905de487505a4d093?s=96&d=mm&r=g","caption":"Erlend Gj\u00f8lme"},"url":"https:\/\/hoyre.no\/innlandet\/aktuelt\/author\/m50054840\/"}]}},"distributor_meta":false,"distributor_terms":false,"distributor_media":false,"distributor_original_site_name":"Innlandet H\u00f8yre","distributor_original_site_url":"https:\/\/hoyre.no\/innlandet","push-errors":false,"_links":{"self":[{"href":"https:\/\/hoyre.no\/innlandet\/wp-json\/wp\/v2\/posts\/1388","targetHints":{"allow":["GET"]}}],"collection":[{"href":"https:\/\/hoyre.no\/innlandet\/wp-json\/wp\/v2\/posts"}],"about":[{"href":"https:\/\/hoyre.no\/innlandet\/wp-json\/wp\/v2\/types\/post"}],"author":[{"embeddable":true,"href":"https:\/\/hoyre.no\/innlandet\/wp-json\/wp\/v2\/users\/26288"}],"replies":[{"embeddable":true,"href":"https:\/\/hoyre.no\/innlandet\/wp-json\/wp\/v2\/comments?post=1388"}],"version-history":[{"count":6,"href":"https:\/\/hoyre.no\/innlandet\/wp-json\/wp\/v2\/posts\/1388\/revisions"}],"predecessor-version":[{"id":1395,"href":"https:\/\/hoyre.no\/innlandet\/wp-json\/wp\/v2\/posts\/1388\/revisions\/1395"}],"wp:attachment":[{"href":"https:\/\/hoyre.no\/innlandet\/wp-json\/wp\/v2\/media?parent=1388"}],"wp:term":[{"taxonomy":"category","embeddable":true,"href":"https:\/\/hoyre.no\/innlandet\/wp-json\/wp\/v2\/category?post=1388"},{"taxonomy":"post_tag","embeddable":true,"href":"https:\/\/hoyre.no\/innlandet\/wp-json\/wp\/v2\/post_tag?post=1388"},{"taxonomy":"hoyre-visibility","embeddable":true,"href":"https:\/\/hoyre.no\/innlandet\/wp-json\/wp\/v2\/hoyre-visibility?post=1388"},{"taxonomy":"article-type","embeddable":true,"href":"https:\/\/hoyre.no\/innlandet\/wp-json\/wp\/v2\/article-type?post=1388"},{"taxonomy":"politician","embeddable":true,"href":"https:\/\/hoyre.no\/innlandet\/wp-json\/wp\/v2\/politician?post=1388"}],"curies":[{"name":"wp","href":"https:\/\/api.w.org\/{rel}","templated":true}]}}