{"id":1547,"date":"2024-10-23T10:13:22","date_gmt":"2024-10-23T08:13:22","guid":{"rendered":"https:\/\/hoyre.no\/innlandet\/?p=1547"},"modified":"2024-10-23T15:57:24","modified_gmt":"2024-10-23T13:57:24","slug":"hanne-a-velures-innlegg-i-skolesaken","status":"publish","type":"post","link":"https:\/\/hoyre.no\/innlandet\/aktuelt\/hanne-a-velures-innlegg-i-skolesaken\/","title":{"rendered":"Hanne A. Velures innlegg i skolesaken"},"content":{"rendered":"\n<p class=\"preamble\">Hanne Alstrup Velure gikk p\u00e5 talerstolen i fylkestinget onsdag 23. oktober. Her er hva hun sa.<\/p>\t\t\t<div class=\"post-meta wp-block teft-byline-wrapper\">\n\t\t\t\t<div class=\"top\">\n\t\t\t\t\t<div class=\"signature\">\n\t\t\t\t\t\t<div class=\"teft-byline\">\n\t\t\t\t\t\t\t\t\t\t\t\t\t\t<div>\n\t\t\t\t\t\t\t\t<h3>H\u00f8yres redaksjon<\/h3>\t\t\t\t\t\t\t\t\n\t\t\t\t\t\t\t\t\t\t\t\t\t\t\t\t\t<span class=\"date\">Sist oppdatert: 23. oktober 2024<\/span>\n\t\t\t\t\t\t\t\t\t\t\t\t\t\t\t\t\t\t\t\t\t\t\t\t\t<span class=\"reading-time\" itemprop=\"timeRequired\" content=\"PT4M\"><em>Ca. 4 minutter lesetid<\/em><\/span>\n\t\t\t\t\t\t\t\t\t\t\t\t\t\t\t<\/div>\n\t\t\t\t\t\t<\/div>\n\t\t\t\t\t<\/div>\n\t\t\t\t\t\t<div class=\"sharing\">\n\t\t<a class=\"share-button share-link copy-link\" data-copy=\"https:\/\/hoyre.no\/innlandet\/aktuelt\/hanne-a-velures-innlegg-i-skolesaken\/\" target=\"_blank\"><span class=\"screen-reader-text\">Del link<\/span><\/a>\n\t\t<a class=\"share-button share-twitter\" href=\"http:\/\/twitter.com\/share?text=Hanne A. Velures innlegg i skolesaken&#038;url=https:\/\/hoyre.no\/innlandet\/aktuelt\/hanne-a-velures-innlegg-i-skolesaken\/&#038;hashtags=Hoyre\" target=\"_blank\"><span class=\"screen-reader-text\">Del p\u00e5 twitter<\/span><\/a>\n\t\t<a class=\"share-button share-facebook\" href=\"https:\/\/www.facebook.com\/sharer\/sharer.php?u=https:\/\/hoyre.no\/innlandet\/aktuelt\/hanne-a-velures-innlegg-i-skolesaken\/\" target=\"_blank\"><span class=\"screen-reader-text\">Del p\u00e5 facebook<\/span><\/a>\n\t<\/div>\n\t\t\t\t\t<\/div>\n\t\t\t<\/div>\n\n\t\t\t<figure class=\"hoyre-image-wrapper\"><div class=\"hoyre-image\"><img loading=\"lazy\" decoding=\"async\" width=\"2500\" height=\"2000\" src=\"https:\/\/hoyre.no\/content\/uploads\/sites\/7\/2024\/10\/Hanne_Alstrup_Velure_fylkesvaraordforer_OF_15305-scaled.jpg\" class=\"attachment-scaled size-scaled\" alt=\"\" style=\"object-position: 48% 28.999999999999996%\" srcset=\"https:\/\/hoyre.no\/content\/uploads\/sites\/7\/2024\/10\/Hanne_Alstrup_Velure_fylkesvaraordforer_OF_15305-scaled.jpg 2500w, https:\/\/hoyre.no\/content\/uploads\/sites\/7\/2024\/10\/Hanne_Alstrup_Velure_fylkesvaraordforer_OF_15305-300x240.jpg 300w, https:\/\/hoyre.no\/content\/uploads\/sites\/7\/2024\/10\/Hanne_Alstrup_Velure_fylkesvaraordforer_OF_15305-1024x819.jpg 1024w, https:\/\/hoyre.no\/content\/uploads\/sites\/7\/2024\/10\/Hanne_Alstrup_Velure_fylkesvaraordforer_OF_15305-768x614.jpg 768w, https:\/\/hoyre.no\/content\/uploads\/sites\/7\/2024\/10\/Hanne_Alstrup_Velure_fylkesvaraordforer_OF_15305-1536x1229.jpg 1536w, https:\/\/hoyre.no\/content\/uploads\/sites\/7\/2024\/10\/Hanne_Alstrup_Velure_fylkesvaraordforer_OF_15305-2048x1638.jpg 2048w\" sizes=\"auto, (max-width: 2500px) 100vw, 2500px\" \/><\/div><figcaption class=\"caption\">Fylkesvaraordf\u00f8rer Hanne Alstrup Velure Foto: Kine Kruge Foto \/ Innlandet fylkeskommune<\/figcaption><\/figure>\n\n\n\n<blockquote class=\"wp-block-quote is-layout-flow wp-block-quote-is-layout-flow\">\n<p>Fylkesordf\u00f8rer \u2013 gode politikerkolleger!<\/p>\n\n\n\n<p>Fylkeskommunen har ansvar for <strong>regional utvikling<\/strong>. <strong>\u00c5 utvikle<\/strong> handler <strong><em>ikke <\/em><\/strong>om \u00e5 la ting v\u00e6re som de er i ti\u00e5r etter ti\u00e5r n\u00e5r rammebetingelsene endres drastisk i samme periode. Tvert imot handler det om \u00e5 ta grep og <strong>omstille<\/strong>, tenke nytt og ikke stillesittende la en negativ utvikling fortsette.<\/p>\n<\/blockquote>\n\n\n\n<blockquote class=\"wp-block-quote is-layout-flow wp-block-quote-is-layout-flow\">\n<p><strong>Omstilling<\/strong> er vanskelig, det kan v\u00e6re forferdelig vondt. Men vi <strong>vet<\/strong>, at er det noe Norge og Vesten <strong>fort<\/strong> m\u00e5 bli gode p\u00e5, s\u00e5 er det omstilling. Noen sa til meg forleden at\u2013 de tiltak dere gj\u00f8r n\u00e5 er bare en <strong>liten bris<\/strong> i forhold til det som kommer, men det avstedkommer en <strong>storm <\/strong>allikevel.<\/p>\n<\/blockquote>\n\n\n\n<div class=\"wp-block-media-text is-stacked-on-mobile is-image-fill\"><figure class=\"wp-block-media-text__media\" style=\"background-image:url('https:\/\/hoyre.no\/content\/uploads\/sites\/7\/2024\/10\/Hanne-og-demo-1-1024x768.jpg');background-position:50% 50%\"><img loading=\"lazy\" decoding=\"async\" width=\"1024\" height=\"768\" src=\"https:\/\/hoyre.no\/content\/uploads\/sites\/7\/2024\/10\/Hanne-og-demo-1-1024x768.jpg\" alt=\"\" class=\"wp-image-1550 size-full\" srcset=\"https:\/\/hoyre.no\/content\/uploads\/sites\/7\/2024\/10\/Hanne-og-demo-1-1024x768.jpg 1024w, https:\/\/hoyre.no\/content\/uploads\/sites\/7\/2024\/10\/Hanne-og-demo-1-300x225.jpg 300w, https:\/\/hoyre.no\/content\/uploads\/sites\/7\/2024\/10\/Hanne-og-demo-1-768x576.jpg 768w, https:\/\/hoyre.no\/content\/uploads\/sites\/7\/2024\/10\/Hanne-og-demo-1-1536x1152.jpg 1536w, https:\/\/hoyre.no\/content\/uploads\/sites\/7\/2024\/10\/Hanne-og-demo-1-2048x1536.jpg 2048w\" sizes=\"auto, (max-width: 1024px) 100vw, 1024px\" \/><\/figure><div class=\"wp-block-media-text__content\">\n<blockquote class=\"wp-block-quote is-layout-flow wp-block-quote-is-layout-flow\">\n<p>Vi f\u00e5r st\u00f8tteerkl\u00e6ringer fra <strong>lokale som \u00f8nsker endring<\/strong> &#8211; de fleste vil dessverre ikke st\u00e5 frem. Og fra <strong>politikere <\/strong>som vet at vi skal gj\u00f8re <strong>mange flere og st\u00f8rre \u00f8velser som dette fremover i politikken<\/strong>. Da m\u00e5 vi passe oss for at vi gir <strong>politikere og deres fagfolk et arbeidsklima<\/strong> som gj\u00f8r at de og flere \u00f8nsker \u00e5 v\u00e6re i sine verv og arbeidsforhold.<\/p>\n<\/blockquote>\n<\/div><\/div>\n\n\n\n<blockquote class=\"wp-block-quote is-layout-flow wp-block-quote-is-layout-flow\">\n<p>Det ettersp\u00f8rres et regnestykke for samfunns\u00f8konomi i debatten. Samfunns\u00f8konomi er et regnestykke med sv\u00e6rt mange variabler og handler i bunn og grunn om hvilken politikk man tror virker.<\/p>\n<\/blockquote>\n\n\n\n<blockquote class=\"wp-block-quote is-layout-flow wp-block-quote-is-layout-flow\">\n<p>\u00c5 sitte stille og la ting skurre og g\u00e5 med samme eskalerende utvikling i folke- og elevtall, kombinert med raskt \u00f8kende mangel p\u00e5 arbeidsfolk vil <strong>ikke<\/strong> f\u00f8re til god samfunns\u00f8konomi. Mangelen p\u00e5 arbeidskraft vil gj\u00f8re det <strong>enda <\/strong>mer attraktivt \u00e5 reise til byene hvor l\u00f8nningene stiger raskere for nettopp \u00e5 tiltrekke seg arbeidskraft.<\/p>\n<\/blockquote>\n\n\n\n<blockquote class=\"wp-block-quote is-layout-flow wp-block-quote-is-layout-flow\">\n<div class=\"wp-block-media-text has-media-on-the-right is-stacked-on-mobile is-image-fill\"><div class=\"wp-block-media-text__content\">\n<p>Vi m\u00e5 gj\u00f8re hva vi kan for \u00e5 beholde ungdommene v\u00e5re ute i regionene, ute i lokalsamfunnene. Vi tar de grepene vi tar fordi vi mener en videreg\u00e5ende skole i relativ n\u00e6rhet med nok elever til \u00e5 sikre bredde i fagtilbudet, er <strong><em>avgj\u00f8rende <\/em><\/strong>viktig for \u00e5 sikre at det utdannes folk til det som b\u00e5de privat og offentlig n\u00e6ring i <strong><em>hver<\/em><\/strong> region trenger folk til.<\/p>\n<\/div><figure class=\"wp-block-media-text__media\" style=\"background-image:url('https:\/\/hoyre.no\/content\/uploads\/sites\/7\/2024\/10\/Hanne-og-demo-2-1024x768.jpg');background-position:50% 50%\"><img loading=\"lazy\" decoding=\"async\" width=\"1024\" height=\"768\" src=\"https:\/\/hoyre.no\/content\/uploads\/sites\/7\/2024\/10\/Hanne-og-demo-2-1024x768.jpg\" alt=\"\" class=\"wp-image-1551 size-full\" srcset=\"https:\/\/hoyre.no\/content\/uploads\/sites\/7\/2024\/10\/Hanne-og-demo-2-1024x768.jpg 1024w, https:\/\/hoyre.no\/content\/uploads\/sites\/7\/2024\/10\/Hanne-og-demo-2-300x225.jpg 300w, https:\/\/hoyre.no\/content\/uploads\/sites\/7\/2024\/10\/Hanne-og-demo-2-768x576.jpg 768w, https:\/\/hoyre.no\/content\/uploads\/sites\/7\/2024\/10\/Hanne-og-demo-2-1536x1152.jpg 1536w, https:\/\/hoyre.no\/content\/uploads\/sites\/7\/2024\/10\/Hanne-og-demo-2-2048x1536.jpg 2048w\" sizes=\"auto, (max-width: 1024px) 100vw, 1024px\" \/><\/figure><\/div>\n<\/blockquote>\n\n\n\n<blockquote class=\"wp-block-quote is-layout-flow wp-block-quote-is-layout-flow\">\n<p><strong><em>Alternativet<\/em><\/strong>er en smal og ensartet utdanning av folk som ikke gir regionens n\u00e6ringsliv hva de trenger. Et b\u00e6rekraftig samfunn best\u00e5r av et mangfoldig privat og offentlig n\u00e6ringsliv og tjenester som server v\u00e5re innbyggere fra vugge til grav.<\/p>\n<\/blockquote>\n\n\n\n<blockquote class=\"wp-block-quote is-layout-flow wp-block-quote-is-layout-flow\">\n<p>Finnes ikke det yrkesvalget man \u00f8nsker seg p\u00e5 en skole i relativ n\u00e6rhet, s\u00e5 vil i stor grad elevene forsvinne ut av fylket, enten for \u00e5 ta videreg\u00e5ende eller etter videreg\u00e5ende. Mange vil aldri komme tilbake. Privat og offentlig n\u00e6ring i regionen vil ikke f\u00e5 folk med den kompetanse som trengs.<\/p>\n<\/blockquote>\n\n\n\n<blockquote class=\"wp-block-quote is-layout-flow wp-block-quote-is-layout-flow\">\n<div class=\"wp-block-media-text is-stacked-on-mobile is-image-fill\"><figure class=\"wp-block-media-text__media\" style=\"background-image:url('https:\/\/hoyre.no\/content\/uploads\/sites\/7\/2024\/10\/GettyImages-1572761721-1024x683.jpg');background-position:50% 50%\"><img loading=\"lazy\" decoding=\"async\" width=\"1024\" height=\"683\" src=\"https:\/\/hoyre.no\/content\/uploads\/sites\/7\/2024\/10\/GettyImages-1572761721-1024x683.jpg\" alt=\"\" class=\"wp-image-1552 size-full\" srcset=\"https:\/\/hoyre.no\/content\/uploads\/sites\/7\/2024\/10\/GettyImages-1572761721-1024x683.jpg 1024w, https:\/\/hoyre.no\/content\/uploads\/sites\/7\/2024\/10\/GettyImages-1572761721-300x200.jpg 300w, https:\/\/hoyre.no\/content\/uploads\/sites\/7\/2024\/10\/GettyImages-1572761721-768x512.jpg 768w, https:\/\/hoyre.no\/content\/uploads\/sites\/7\/2024\/10\/GettyImages-1572761721-1536x1024.jpg 1536w, https:\/\/hoyre.no\/content\/uploads\/sites\/7\/2024\/10\/GettyImages-1572761721-2048x1365.jpg 2048w\" sizes=\"auto, (max-width: 1024px) 100vw, 1024px\" \/><\/figure><div class=\"wp-block-media-text__content\">\n<blockquote class=\"wp-block-quote is-layout-flow wp-block-quote-is-layout-flow\">\n<p>Vi driver med skoleutvikling. Det er alvorlig at sv\u00e6rt f\u00e5 f\u00e5r med seg hva flertallspartiene faktisk foresl\u00e5r. Ogs\u00e5 mediene har fokusert sv\u00e6rt lite p\u00e5 helheten i v\u00e5rt forslag.<\/p>\n<\/blockquote>\n<\/div><\/div>\n<\/blockquote>\n\n\n\n<blockquote class=\"wp-block-quote is-layout-flow wp-block-quote-is-layout-flow\">\n<p>Vi foresl\u00e5r en <strong>l\u00f8sningspakke<\/strong> p\u00e5 Innlandets st\u00f8rste problem \u2013 folketallsnedgang og s\u00e6rlig nedgang i antall barn og unge. Denne pakken er s\u00e5 <strong>mye, mye<\/strong> mer enn skoleavvikling.&nbsp;<\/p>\n<\/blockquote>\n\n\n\n<blockquote class=\"wp-block-quote is-layout-flow wp-block-quote-is-layout-flow\">\n<p>Alternative oppl\u00e6ringsmodeller med bedriftsintern oppl\u00e6ring tilpasset regionene, nettskole, etablering av hybelbygg og internater p\u00e5 Otta, Vinstra og V\u00e5ler, tett og kontinuerlig oppf\u00f8lging av borteboere, bedre rutetilbud for \u00e5 redusere reisetid, \u00f8konomisk st\u00f8tte til borteboere.<\/p>\n<\/blockquote>\n\n\n\n<div class=\"wp-block-media-text is-stacked-on-mobile is-image-fill\"><figure class=\"wp-block-media-text__media\" style=\"background-image:url('https:\/\/hoyre.no\/content\/uploads\/sites\/7\/2024\/10\/GettyImages-550537349-1024x683.jpg');background-position:50% 50%\"><img loading=\"lazy\" decoding=\"async\" width=\"1024\" height=\"683\" src=\"https:\/\/hoyre.no\/content\/uploads\/sites\/7\/2024\/10\/GettyImages-550537349-1024x683.jpg\" alt=\"\" class=\"wp-image-1553 size-full\" srcset=\"https:\/\/hoyre.no\/content\/uploads\/sites\/7\/2024\/10\/GettyImages-550537349-1024x683.jpg 1024w, https:\/\/hoyre.no\/content\/uploads\/sites\/7\/2024\/10\/GettyImages-550537349-300x200.jpg 300w, https:\/\/hoyre.no\/content\/uploads\/sites\/7\/2024\/10\/GettyImages-550537349-768x513.jpg 768w, https:\/\/hoyre.no\/content\/uploads\/sites\/7\/2024\/10\/GettyImages-550537349-1536x1025.jpg 1536w, https:\/\/hoyre.no\/content\/uploads\/sites\/7\/2024\/10\/GettyImages-550537349-2048x1367.jpg 2048w\" sizes=\"auto, (max-width: 1024px) 100vw, 1024px\" \/><\/figure><div class=\"wp-block-media-text__content\">\n<p>Vi mener den totale pakken vi n\u00e5 vedtar er en klar <strong><em>styrking av totaltilbudet<\/em><\/strong> \u2013 b\u00e5de for elever, l\u00e6rere, foresatte og n\u00e6ringslivet i regionene.<\/p>\n<\/div><\/div>\n\n\n\n<blockquote class=\"wp-block-quote is-layout-flow wp-block-quote-is-layout-flow\">\n<p>Det er et grunnleggende prinsipp, en politisk strategi som ligger i bunn \u2013 og som flere regjeringer og partier har bekjent seg til<strong>:<\/strong> <strong>Regional kraftsamling<\/strong> og den lille sentralisering m\u00e5 til for \u00e5 motvirke den store sentralisering og slik sikre spredt bosetning.<\/p>\n<\/blockquote>\n\n\n\n<blockquote class=\"wp-block-quote is-layout-flow wp-block-quote-is-layout-flow\">\n<p>Med andre ord, s\u00f8rger vi ikke for \u00e5 ha <strong>regionale sentre<\/strong> med visse private og offentlige tjenester og tilbud \u2013 ikke minst skoletilbud &#8211; innen en viss avstand, s\u00e5 <strong>forsvinner ungdommene<\/strong> v\u00e5re enda lengre unna &#8211; til storbyene.For distriktene og Norge er det <strong>d\u00e5rlig samfunns\u00f8konomi<\/strong>!<\/p>\n<\/blockquote>\n\n\n\t\t\t<div class=\"wp-block-hoyre-list alignfull is-style-panel\">\n\t\t\t\t<div class=\"block-inner\">\n\t\t\t\t\t\t<div class=\"post-wrap links-wrapper-outer grey-panel\">\n\t\t<h2 class=\"title anchor-title\">Innleggene til skolestruktursaken i Fylkestinget<\/h2>\t\t<div class=\"links-wrapper\">\n\t\t\t\t\t\t\t<div class=\"column\">\n\t\t\t\t\t\t\t\t\t\t\t<div class=\"single-link\" data-link=\"0\">\n\t\t\t\t\t\t\t<a href=\"https:\/\/hoyre.no\/innlandet\/aktuelt\/vegard-risengs-innlegg-i-skolestruktursaken\/\" class=\"link\">\n\t\t\t\t\t\t<span>\n\t\t\t\tVegard Risengs innlegg i skolestruktursaken\t\t\t\t<span class=\"link-append\"><\/span>\n\t\t\t<\/span>\n\t\t<\/a>\t\t\t\t\t\t<\/div>\n\t\t\t\t\t\t\t\t\t\t\t<div class=\"single-link\" data-link=\"1\">\n\t\t\t\t\t\t\t<a href=\"https:\/\/hoyre.no\/innlandet\/aktuelt\/anne-bjertnaes-sitt-innlegg-i-skolestrukturdebatten\/\" class=\"link\">\n\t\t\t\t\t\t<span>\n\t\t\t\tAnne Bjertn\u00e6s sitt innlegg i skolestrukturdebatten\t\t\t\t<span class=\"link-append\"><\/span>\n\t\t\t<\/span>\n\t\t<\/a>\t\t\t\t\t\t<\/div>\n\t\t\t\t\t\t\t\t\t<\/div>\n\t\t\t\t\t\t\t<div class=\"column\">\n\t\t\t\t\t\t\t\t\t\t\t<div class=\"single-link\" data-link=\"0\">\n\t\t\t\t\t\t\t<a href=\"https:\/\/hoyre.no\/innlandet\/aktuelt\/joakim-ekseths-innlegg-i-skolesaken\/\" class=\"link\">\n\t\t\t\t\t\t<span>\n\t\t\t\tJoakim Ekseths innlegg i skolesaken\t\t\t\t<span class=\"link-append\"><\/span>\n\t\t\t<\/span>\n\t\t<\/a>\t\t\t\t\t\t<\/div>\n\t\t\t\t\t\t\t\t\t<\/div>\n\t\t\t\t\t<\/div>\n\t<\/div>\n\t\t\t\t\t<\/div>\n\t\t\t<\/div>\n\t\t\t\n\n\n\n<p><\/p>\n\n\n<div class=\"tags\">\n\t\t<div class=\"wp-block-tag-cloud\">\n\t\t\t\t\t<a href=\"https:\/\/hoyre.no\/innlandet\/aktuelt\/tag\/skole\/\" class=\"tag-cloud-link\">Skole<\/a>\n\t\t\t\t\t<a href=\"https:\/\/hoyre.no\/innlandet\/aktuelt\/tag\/videregaende-skole\/\" class=\"tag-cloud-link\">Videreg\u00e5ende skole<\/a>\n\t\t\t<\/div>\n\t<\/div>\n<div class=\"post-footer alignfull has-background block-editor-block-list__block\" data-align=full>\n\t<div class=\"post-footer-inner\">\n\t\t<h3>Relaterte artikler<\/h3>\n\t\t<div class=\"related-content\"><div class=\"is-card-hoyre\">\n\t<div class=\"teft-card hoyre-teft-card post-teft-card\">\n\t\t<a href=\"https:\/\/hoyre.no\/innlandet\/aktuelt\/nar-lokaldemokratiet-nekter-og-staten-ikke-tar-ansvar\/\" class=\"teft-card__primary-action\">\n\n\t\t\t\t\t<div class=\"teft-card__media teft-card__media--16-9\">\n\t\t\t\t\t\t<img loading=\"lazy\" decoding=\"async\" width=\"768\" height=\"569\" src=\"https:\/\/hoyre.no\/content\/uploads\/sites\/7\/2026\/04\/Aasland-Velure-Helgesen_Arendal-2025-768x569.jpeg\" class=\"attachment-medium_large size-medium_large\" alt=\"Energiminister Terje Aasland (Ap), Hanne Alstrup Velure og KS-leder Gunn Marit Helgesen.\" srcset=\"https:\/\/hoyre.no\/content\/uploads\/sites\/7\/2026\/04\/Aasland-Velure-Helgesen_Arendal-2025-768x569.jpeg 768w, https:\/\/hoyre.no\/content\/uploads\/sites\/7\/2026\/04\/Aasland-Velure-Helgesen_Arendal-2025-300x222.jpeg 300w, https:\/\/hoyre.no\/content\/uploads\/sites\/7\/2026\/04\/Aasland-Velure-Helgesen_Arendal-2025-1024x758.jpeg 1024w, https:\/\/hoyre.no\/content\/uploads\/sites\/7\/2026\/04\/Aasland-Velure-Helgesen_Arendal-2025-1536x1137.jpeg 1536w, https:\/\/hoyre.no\/content\/uploads\/sites\/7\/2026\/04\/Aasland-Velure-Helgesen_Arendal-2025-2048x1516.jpeg 2048w\" sizes=\"auto, (max-width: 768px) 100vw, 768px\" \/>\t\t<\/div>\n\t\t\n\t\t\t<div class=\"teft-card__content-wrapper\">\n\t\t\t\t<div class=\"teft-card__secondary\">\n\t\t\t\t\t\n\t\t\t\t\t\t\t\t<div class=\"teft-card__meta\">\n\t\t\t\t\t\t\t\t\t<span class=\"post-date\">27. apr 2026<\/span>\n\n\t\t\t\t\t\t\t\t\t<span class=\"post-category\">Debatt<\/span>\t\t\t\t\t\t\t\t<\/div>\n\t\t\t\t\t\t\t\t\t\t\t<\/div>\n\n\t\t\t\t<div class=\"teft-card__primary\">\n\t\t\t\t\t<h2 class=\"teft-card__title\">N\u00e5r lokaldemokratiet nekter \u2013 og staten ikke tar ansvar&nbsp;<span class=\"teft-card__primary-title-append\"><\/span><\/h2>\t\t\t\t<\/div>\n\t\t\t<\/div>\n\t\t<\/a>\n\t<\/div>\n\n\t<\/div><div class=\"is-card-hoyre\">\n\t<div class=\"teft-card hoyre-teft-card post-teft-card\">\n\t\t<a href=\"https:\/\/hoyre.no\/innlandet\/aktuelt\/bedre-bruk-av-laererne-til-elevenes-beste\/\" class=\"teft-card__primary-action\">\n\n\t\t\t\t\t<div class=\"teft-card__media teft-card__media--16-9\">\n\t\t\t\t\t\t<img loading=\"lazy\" decoding=\"async\" width=\"768\" height=\"512\" src=\"https:\/\/hoyre.no\/content\/uploads\/sites\/7\/2024\/11\/Hanne-Alstrup-Velure-04-LOCOMOTIV-768x512.jpg\" class=\"attachment-medium_large size-medium_large\" alt=\"Hanne Alstrup Velure. Foto: Jan Tore \u00d8verstad \/ Locomotiv AS\" srcset=\"https:\/\/hoyre.no\/content\/uploads\/sites\/7\/2024\/11\/Hanne-Alstrup-Velure-04-LOCOMOTIV-768x512.jpg 768w, https:\/\/hoyre.no\/content\/uploads\/sites\/7\/2024\/11\/Hanne-Alstrup-Velure-04-LOCOMOTIV-300x200.jpg 300w, https:\/\/hoyre.no\/content\/uploads\/sites\/7\/2024\/11\/Hanne-Alstrup-Velure-04-LOCOMOTIV-1024x683.jpg 1024w, https:\/\/hoyre.no\/content\/uploads\/sites\/7\/2024\/11\/Hanne-Alstrup-Velure-04-LOCOMOTIV-1536x1024.jpg 1536w, https:\/\/hoyre.no\/content\/uploads\/sites\/7\/2024\/11\/Hanne-Alstrup-Velure-04-LOCOMOTIV-2048x1365.jpg 2048w\" sizes=\"auto, (max-width: 768px) 100vw, 768px\" \/>\t\t<\/div>\n\t\t\n\t\t\t<div class=\"teft-card__content-wrapper\">\n\t\t\t\t<div class=\"teft-card__secondary\">\n\t\t\t\t\t\n\t\t\t\t\t\t\t\t<div class=\"teft-card__meta\">\n\t\t\t\t\t\t\t\t\t<span class=\"post-date\">13. apr 2026<\/span>\n\n\t\t\t\t\t\t\t\t\t<span class=\"post-category\">Debatt<\/span>\t\t\t\t\t\t\t\t<\/div>\n\t\t\t\t\t\t\t\t\t\t\t<\/div>\n\n\t\t\t\t<div class=\"teft-card__primary\">\n\t\t\t\t\t<h2 class=\"teft-card__title\">Bedre bruk av l\u00e6rerne \u2013 til elevenes beste&nbsp;<span class=\"teft-card__primary-title-append\"><\/span><\/h2>\t\t\t\t<\/div>\n\t\t\t<\/div>\n\t\t<\/a>\n\t<\/div>\n\n\t<\/div><div class=\"is-card-hoyre\">\n\t<div class=\"teft-card hoyre-teft-card post-teft-card\">\n\t\t<a href=\"https:\/\/hoyre.no\/innlandet\/aktuelt\/viltet-er-en-ressurs-na-og-i-fremtiden\/\" class=\"teft-card__primary-action\">\n\n\t\t\t\t\t<div class=\"teft-card__media teft-card__media--16-9\">\n\t\t\t\t\t\t<img loading=\"lazy\" decoding=\"async\" width=\"768\" height=\"768\" src=\"https:\/\/hoyre.no\/content\/uploads\/sites\/7\/2026\/03\/Joakim-Ekseth-jakt-kvadrat-768x768.jpg\" class=\"attachment-medium_large size-medium_large\" alt=\"\" srcset=\"https:\/\/hoyre.no\/content\/uploads\/sites\/7\/2026\/03\/Joakim-Ekseth-jakt-kvadrat-768x768.jpg 768w, https:\/\/hoyre.no\/content\/uploads\/sites\/7\/2026\/03\/Joakim-Ekseth-jakt-kvadrat-300x300.jpg 300w, https:\/\/hoyre.no\/content\/uploads\/sites\/7\/2026\/03\/Joakim-Ekseth-jakt-kvadrat-1024x1024.jpg 1024w, https:\/\/hoyre.no\/content\/uploads\/sites\/7\/2026\/03\/Joakim-Ekseth-jakt-kvadrat-150x150.jpg 150w, https:\/\/hoyre.no\/content\/uploads\/sites\/7\/2026\/03\/Joakim-Ekseth-jakt-kvadrat.jpg 1080w\" sizes=\"auto, (max-width: 768px) 100vw, 768px\" \/>\t\t<\/div>\n\t\t\n\t\t\t<div class=\"teft-card__content-wrapper\">\n\t\t\t\t<div class=\"teft-card__secondary\">\n\t\t\t\t\t\n\t\t\t\t\t\t\t\t<div class=\"teft-card__meta\">\n\t\t\t\t\t\t\t\t\t<span class=\"post-date\">20. mar 2026<\/span>\n\n\t\t\t\t\t\t\t\t\t<span class=\"post-category\">Debatt<\/span>\t\t\t\t\t\t\t\t<\/div>\n\t\t\t\t\t\t\t\t\t\t\t<\/div>\n\n\t\t\t\t<div class=\"teft-card__primary\">\n\t\t\t\t\t<h2 class=\"teft-card__title\">Viltet er en ressurs, n\u00e5 og i fremtiden&nbsp;<span class=\"teft-card__primary-title-append\"><\/span><\/h2>\t\t\t\t<\/div>\n\t\t\t<\/div>\n\t\t<\/a>\n\t<\/div>\n\n\t<\/div><\/div>\t<\/div>\n<\/div>\n","protected":false},"excerpt":{"rendered":"<p>Fylkesordf\u00f8rer \u2013 gode politikerkolleger! Fylkeskommunen har ansvar for regional utvikling. \u00c5 utvikle handler ikke om \u00e5 la ting v\u00e6re som de er i ti\u00e5r etter ti\u00e5r n\u00e5r rammebetingelsene endres drastisk i samme periode. Tvert imot handler det om \u00e5 ta grep og omstille, tenke nytt og ikke stillesittende la en negativ utvikling fortsette. Omstilling er [&hellip;]<\/p>\n","protected":false},"author":26288,"featured_media":0,"comment_status":"closed","ping_status":"closed","sticky":false,"template":"","format":"standard","meta":{"teft_cards_image_url":"","teft_cards_custom_pretitle":"","teft_cards_image_id":1548,"teft_cards_image_focal_point_x":0.47,"teft_cards_image_focal_point_y":0.24,"teft_cards_title":"","teft_cards_excerpt":"Hanne Alstrup Velure gikk p\u00e5 talerstolen i fylkestinget onsdag 23. oktober. Her er hva hun sa.","teft_show_chapters":false,"author_display_name":"","footnotes":""},"category":[30,32,34,31,38],"post_tag":[21,62],"hoyre-visibility":[],"article-type":[],"politician":[49],"class_list":["post-1547","post","type-post","status-publish","format-standard","hentry","category-fylkestinget","category-politikk","category-utdanning","category-vare-politikere","category-videregaende-skole","tag-skole","tag-videregaende-skole","politician-hanne-alstrup-velure"],"yoast_head":"<!-- This site is optimized with the Yoast SEO plugin v26.6 - https:\/\/yoast.com\/wordpress\/plugins\/seo\/ -->\n<title>Hanne A. Velures innlegg i skolesaken - Innlandet H\u00f8yre<\/title>\n<meta name=\"robots\" content=\"index, follow, max-snippet:-1, max-image-preview:large, max-video-preview:-1\" \/>\n<link rel=\"canonical\" href=\"https:\/\/hoyre.no\/innlandet\/aktuelt\/hanne-a-velures-innlegg-i-skolesaken\/\" \/>\n<meta property=\"og:locale\" content=\"nb_NO\" \/>\n<meta property=\"og:type\" content=\"article\" \/>\n<meta property=\"og:title\" content=\"Hanne A. Velures innlegg i skolesaken - Innlandet H\u00f8yre\" \/>\n<meta property=\"og:description\" content=\"Fylkesordf\u00f8rer \u2013 gode politikerkolleger! Fylkeskommunen har ansvar for regional utvikling. \u00c5 utvikle handler ikke om \u00e5 la ting v\u00e6re som de er i ti\u00e5r etter ti\u00e5r n\u00e5r rammebetingelsene endres drastisk i samme periode. Tvert imot handler det om \u00e5 ta grep og omstille, tenke nytt og ikke stillesittende la en negativ utvikling fortsette. Omstilling er [&hellip;]\" \/>\n<meta property=\"og:url\" content=\"https:\/\/hoyre.no\/innlandet\/aktuelt\/hanne-a-velures-innlegg-i-skolesaken\/\" \/>\n<meta property=\"og:site_name\" content=\"Innlandet H\u00f8yre\" \/>\n<meta property=\"article:published_time\" content=\"2024-10-23T08:13:22+00:00\" \/>\n<meta property=\"article:modified_time\" content=\"2024-10-23T13:57:24+00:00\" \/>\n<meta property=\"og:image\" content=\"https:\/\/hoyre.no\/content\/uploads\/sites\/7\/2026\/03\/Joakim-Ekseth-jakt-kvadrat-1024x1024.jpg\" \/>\n<meta name=\"author\" content=\"Erlend Gj\u00f8lme\" \/>\n<meta name=\"twitter:card\" content=\"summary_large_image\" \/>\n<meta name=\"twitter:label1\" content=\"Skrevet av\" \/>\n\t<meta name=\"twitter:data1\" content=\"Erlend Gj\u00f8lme\" \/>\n\t<meta name=\"twitter:label2\" content=\"Ansl. lesetid\" \/>\n\t<meta name=\"twitter:data2\" content=\"1 minutt\" \/>\n<script type=\"application\/ld+json\" class=\"yoast-schema-graph\">{\"@context\":\"https:\/\/schema.org\",\"@graph\":[{\"@type\":\"NewsArticle\",\"@id\":\"https:\/\/hoyre.no\/innlandet\/aktuelt\/hanne-a-velures-innlegg-i-skolesaken\/\",\"url\":\"https:\/\/hoyre.no\/innlandet\/aktuelt\/hanne-a-velures-innlegg-i-skolesaken\/\",\"name\":\"Hanne A. Velures innlegg i skolesaken - Innlandet H\u00f8yre\",\"isPartOf\":{\"@id\":\"https:\/\/hoyre.no\/innlandet\/#website\"},\"image\":{\"@id\":\"https:\/\/hoyre.no\/innlandet\/aktuelt\/hanne-a-velures-innlegg-i-skolesaken\/#primaryimage\"},\"thumbnailUrl\":\"https:\/\/hoyre.no\/content\/uploads\/sites\/7\/2024\/10\/Hanne-og-demo-1-1024x768.jpg\",\"datePublished\":\"2024-10-23T08:13:22+00:00\",\"dateModified\":\"2024-10-23T13:57:24+00:00\",\"author\":{\"@id\":\"https:\/\/hoyre.no\/innlandet\/#\/schema\/person\/8f41eef411c647642cf257592f9fce1c\"},\"breadcrumb\":{\"@id\":\"https:\/\/hoyre.no\/innlandet\/aktuelt\/hanne-a-velures-innlegg-i-skolesaken\/#breadcrumb\"},\"inLanguage\":\"nb-NO\",\"potentialAction\":[{\"@type\":\"ReadAction\",\"target\":[\"https:\/\/hoyre.no\/innlandet\/aktuelt\/hanne-a-velures-innlegg-i-skolesaken\/\"]}]},{\"@type\":\"ImageObject\",\"inLanguage\":\"nb-NO\",\"@id\":\"https:\/\/hoyre.no\/innlandet\/aktuelt\/hanne-a-velures-innlegg-i-skolesaken\/#primaryimage\",\"url\":\"https:\/\/hoyre.no\/content\/uploads\/sites\/7\/2024\/10\/Hanne-og-demo-1-1024x768.jpg\",\"contentUrl\":\"https:\/\/hoyre.no\/content\/uploads\/sites\/7\/2024\/10\/Hanne-og-demo-1-1024x768.jpg\"},{\"@type\":\"BreadcrumbList\",\"@id\":\"https:\/\/hoyre.no\/innlandet\/aktuelt\/hanne-a-velures-innlegg-i-skolesaken\/#breadcrumb\",\"itemListElement\":[{\"@type\":\"ListItem\",\"position\":1,\"name\":\"Til hoyre.no\",\"item\":\"https:\/\/hoyre.no\"},{\"@type\":\"ListItem\",\"position\":2,\"name\":\"Hjem\",\"item\":\"https:\/\/hoyre.no\/innlandet\/\"},{\"@type\":\"ListItem\",\"position\":3,\"name\":\"Hanne A. Velures innlegg i skolesaken\"}]},{\"@type\":\"WebSite\",\"@id\":\"https:\/\/hoyre.no\/innlandet\/#website\",\"url\":\"https:\/\/hoyre.no\/innlandet\/\",\"name\":\"Innlandet H\u00f8yre\",\"description\":\"Bare enda et H\u00f8yres nettsteder-nettsted\",\"inLanguage\":\"nb-NO\"},{\"@type\":\"Person\",\"@id\":\"https:\/\/hoyre.no\/innlandet\/#\/schema\/person\/8f41eef411c647642cf257592f9fce1c\",\"name\":\"Erlend Gj\u00f8lme\",\"image\":{\"@type\":\"ImageObject\",\"inLanguage\":\"nb-NO\",\"@id\":\"https:\/\/hoyre.no\/innlandet\/#\/schema\/person\/image\/\",\"url\":\"https:\/\/secure.gravatar.com\/avatar\/19308e99cc26c2c18ba01243f850e887a482eed229c88c0905de487505a4d093?s=96&d=mm&r=g\",\"contentUrl\":\"https:\/\/secure.gravatar.com\/avatar\/19308e99cc26c2c18ba01243f850e887a482eed229c88c0905de487505a4d093?s=96&d=mm&r=g\",\"caption\":\"Erlend Gj\u00f8lme\"},\"url\":\"https:\/\/hoyre.no\/innlandet\/aktuelt\/author\/m50054840\/\"}]}<\/script>\n<!-- \/ Yoast SEO plugin. -->","yoast_head_json":{"title":"Hanne A. Velures innlegg i skolesaken - Innlandet H\u00f8yre","robots":{"index":"index","follow":"follow","max-snippet":"max-snippet:-1","max-image-preview":"max-image-preview:large","max-video-preview":"max-video-preview:-1"},"canonical":"https:\/\/hoyre.no\/innlandet\/aktuelt\/hanne-a-velures-innlegg-i-skolesaken\/","og_locale":"nb_NO","og_type":"article","og_title":"Hanne A. Velures innlegg i skolesaken - Innlandet H\u00f8yre","og_description":"Fylkesordf\u00f8rer \u2013 gode politikerkolleger! Fylkeskommunen har ansvar for regional utvikling. \u00c5 utvikle handler ikke om \u00e5 la ting v\u00e6re som de er i ti\u00e5r etter ti\u00e5r n\u00e5r rammebetingelsene endres drastisk i samme periode. Tvert imot handler det om \u00e5 ta grep og omstille, tenke nytt og ikke stillesittende la en negativ utvikling fortsette. Omstilling er [&hellip;]","og_url":"https:\/\/hoyre.no\/innlandet\/aktuelt\/hanne-a-velures-innlegg-i-skolesaken\/","og_site_name":"Innlandet H\u00f8yre","article_published_time":"2024-10-23T08:13:22+00:00","article_modified_time":"2024-10-23T13:57:24+00:00","og_image":[{"url":"https:\/\/hoyre.no\/content\/uploads\/sites\/7\/2026\/03\/Joakim-Ekseth-jakt-kvadrat-1024x1024.jpg","width":"","height":"","type":""}],"author":"Erlend Gj\u00f8lme","twitter_card":"summary_large_image","twitter_misc":{"Skrevet av":"Erlend Gj\u00f8lme","Ansl. lesetid":"1 minutt"},"schema":{"@context":"https:\/\/schema.org","@graph":[{"@type":"NewsArticle","@id":"https:\/\/hoyre.no\/innlandet\/aktuelt\/hanne-a-velures-innlegg-i-skolesaken\/","url":"https:\/\/hoyre.no\/innlandet\/aktuelt\/hanne-a-velures-innlegg-i-skolesaken\/","name":"Hanne A. Velures innlegg i skolesaken - Innlandet H\u00f8yre","isPartOf":{"@id":"https:\/\/hoyre.no\/innlandet\/#website"},"image":{"@id":"https:\/\/hoyre.no\/innlandet\/aktuelt\/hanne-a-velures-innlegg-i-skolesaken\/#primaryimage"},"thumbnailUrl":"https:\/\/hoyre.no\/content\/uploads\/sites\/7\/2024\/10\/Hanne-og-demo-1-1024x768.jpg","datePublished":"2024-10-23T08:13:22+00:00","dateModified":"2024-10-23T13:57:24+00:00","author":{"@id":"https:\/\/hoyre.no\/innlandet\/#\/schema\/person\/8f41eef411c647642cf257592f9fce1c"},"breadcrumb":{"@id":"https:\/\/hoyre.no\/innlandet\/aktuelt\/hanne-a-velures-innlegg-i-skolesaken\/#breadcrumb"},"inLanguage":"nb-NO","potentialAction":[{"@type":"ReadAction","target":["https:\/\/hoyre.no\/innlandet\/aktuelt\/hanne-a-velures-innlegg-i-skolesaken\/"]}]},{"@type":"ImageObject","inLanguage":"nb-NO","@id":"https:\/\/hoyre.no\/innlandet\/aktuelt\/hanne-a-velures-innlegg-i-skolesaken\/#primaryimage","url":"https:\/\/hoyre.no\/content\/uploads\/sites\/7\/2024\/10\/Hanne-og-demo-1-1024x768.jpg","contentUrl":"https:\/\/hoyre.no\/content\/uploads\/sites\/7\/2024\/10\/Hanne-og-demo-1-1024x768.jpg"},{"@type":"BreadcrumbList","@id":"https:\/\/hoyre.no\/innlandet\/aktuelt\/hanne-a-velures-innlegg-i-skolesaken\/#breadcrumb","itemListElement":[{"@type":"ListItem","position":1,"name":"Til hoyre.no","item":"https:\/\/hoyre.no"},{"@type":"ListItem","position":2,"name":"Hjem","item":"https:\/\/hoyre.no\/innlandet\/"},{"@type":"ListItem","position":3,"name":"Hanne A. Velures innlegg i skolesaken"}]},{"@type":"WebSite","@id":"https:\/\/hoyre.no\/innlandet\/#website","url":"https:\/\/hoyre.no\/innlandet\/","name":"Innlandet H\u00f8yre","description":"Bare enda et H\u00f8yres nettsteder-nettsted","inLanguage":"nb-NO"},{"@type":"Person","@id":"https:\/\/hoyre.no\/innlandet\/#\/schema\/person\/8f41eef411c647642cf257592f9fce1c","name":"Erlend Gj\u00f8lme","image":{"@type":"ImageObject","inLanguage":"nb-NO","@id":"https:\/\/hoyre.no\/innlandet\/#\/schema\/person\/image\/","url":"https:\/\/secure.gravatar.com\/avatar\/19308e99cc26c2c18ba01243f850e887a482eed229c88c0905de487505a4d093?s=96&d=mm&r=g","contentUrl":"https:\/\/secure.gravatar.com\/avatar\/19308e99cc26c2c18ba01243f850e887a482eed229c88c0905de487505a4d093?s=96&d=mm&r=g","caption":"Erlend Gj\u00f8lme"},"url":"https:\/\/hoyre.no\/innlandet\/aktuelt\/author\/m50054840\/"}]}},"distributor_meta":false,"distributor_terms":false,"distributor_media":false,"distributor_original_site_name":"Innlandet H\u00f8yre","distributor_original_site_url":"https:\/\/hoyre.no\/innlandet","push-errors":false,"_links":{"self":[{"href":"https:\/\/hoyre.no\/innlandet\/wp-json\/wp\/v2\/posts\/1547","targetHints":{"allow":["GET"]}}],"collection":[{"href":"https:\/\/hoyre.no\/innlandet\/wp-json\/wp\/v2\/posts"}],"about":[{"href":"https:\/\/hoyre.no\/innlandet\/wp-json\/wp\/v2\/types\/post"}],"author":[{"embeddable":true,"href":"https:\/\/hoyre.no\/innlandet\/wp-json\/wp\/v2\/users\/26288"}],"replies":[{"embeddable":true,"href":"https:\/\/hoyre.no\/innlandet\/wp-json\/wp\/v2\/comments?post=1547"}],"version-history":[{"count":3,"href":"https:\/\/hoyre.no\/innlandet\/wp-json\/wp\/v2\/posts\/1547\/revisions"}],"predecessor-version":[{"id":1570,"href":"https:\/\/hoyre.no\/innlandet\/wp-json\/wp\/v2\/posts\/1547\/revisions\/1570"}],"wp:attachment":[{"href":"https:\/\/hoyre.no\/innlandet\/wp-json\/wp\/v2\/media?parent=1547"}],"wp:term":[{"taxonomy":"category","embeddable":true,"href":"https:\/\/hoyre.no\/innlandet\/wp-json\/wp\/v2\/category?post=1547"},{"taxonomy":"post_tag","embeddable":true,"href":"https:\/\/hoyre.no\/innlandet\/wp-json\/wp\/v2\/post_tag?post=1547"},{"taxonomy":"hoyre-visibility","embeddable":true,"href":"https:\/\/hoyre.no\/innlandet\/wp-json\/wp\/v2\/hoyre-visibility?post=1547"},{"taxonomy":"article-type","embeddable":true,"href":"https:\/\/hoyre.no\/innlandet\/wp-json\/wp\/v2\/article-type?post=1547"},{"taxonomy":"politician","embeddable":true,"href":"https:\/\/hoyre.no\/innlandet\/wp-json\/wp\/v2\/politician?post=1547"}],"curies":[{"name":"wp","href":"https:\/\/api.w.org\/{rel}","templated":true}]}}