{"id":1556,"date":"2024-10-23T09:57:17","date_gmt":"2024-10-23T07:57:17","guid":{"rendered":"https:\/\/hoyre.no\/innlandet\/?p=1556"},"modified":"2024-10-23T15:57:59","modified_gmt":"2024-10-23T13:57:59","slug":"anne-bjertnaes-sitt-innlegg-i-skolestrukturdebatten","status":"publish","type":"post","link":"https:\/\/hoyre.no\/innlandet\/aktuelt\/anne-bjertnaes-sitt-innlegg-i-skolestrukturdebatten\/","title":{"rendered":"Anne Bjertn\u00e6s sitt innlegg i skolestrukturdebatten"},"content":{"rendered":"\n<p class=\"preamble\">Anne Bjertn\u00e6s holdt innlegg om hvordan kan vi bygge et b\u00e6rekraftig utdanningstilbud for alle elevene i fylket v\u00e5rt i fylkestinget i oktober<\/p>\t\t\t<div class=\"post-meta wp-block teft-byline-wrapper\">\n\t\t\t\t<div class=\"top\">\n\t\t\t\t\t<div class=\"signature\">\n\t\t\t\t\t\t<div class=\"teft-byline\">\n\t\t\t\t\t\t\t\t\t\t\t\t\t\t<div>\n\t\t\t\t\t\t\t\t<h3>H\u00f8yres redaksjon<\/h3>\t\t\t\t\t\t\t\t\n\t\t\t\t\t\t\t\t\t\t\t\t\t\t\t\t\t<span class=\"date\">Sist oppdatert: 23. oktober 2024<\/span>\n\t\t\t\t\t\t\t\t\t\t\t\t\t\t\t\t\t\t\t\t\t\t\t\t\t<span class=\"reading-time\" itemprop=\"timeRequired\" content=\"PT4M\"><em>Ca. 4 minutter lesetid<\/em><\/span>\n\t\t\t\t\t\t\t\t\t\t\t\t\t\t\t<\/div>\n\t\t\t\t\t\t<\/div>\n\t\t\t\t\t<\/div>\n\t\t\t\t\t\t<div class=\"sharing\">\n\t\t<a class=\"share-button share-link copy-link\" data-copy=\"https:\/\/hoyre.no\/innlandet\/aktuelt\/anne-bjertnaes-sitt-innlegg-i-skolestrukturdebatten\/\" target=\"_blank\"><span class=\"screen-reader-text\">Del link<\/span><\/a>\n\t\t<a class=\"share-button share-twitter\" href=\"http:\/\/twitter.com\/share?text=Anne Bjertn\u00e6s sitt innlegg i skolestrukturdebatten&#038;url=https:\/\/hoyre.no\/innlandet\/aktuelt\/anne-bjertnaes-sitt-innlegg-i-skolestrukturdebatten\/&#038;hashtags=Hoyre\" target=\"_blank\"><span class=\"screen-reader-text\">Del p\u00e5 twitter<\/span><\/a>\n\t\t<a class=\"share-button share-facebook\" href=\"https:\/\/www.facebook.com\/sharer\/sharer.php?u=https:\/\/hoyre.no\/innlandet\/aktuelt\/anne-bjertnaes-sitt-innlegg-i-skolestrukturdebatten\/\" target=\"_blank\"><span class=\"screen-reader-text\">Del p\u00e5 facebook<\/span><\/a>\n\t<\/div>\n\t\t\t\t\t<\/div>\n\t\t\t<\/div>\n\n\t\t\t<figure class=\"hoyre-image-wrapper\"><div class=\"hoyre-image\"><img loading=\"lazy\" decoding=\"async\" width=\"1500\" height=\"1500\" src=\"https:\/\/hoyre.no\/content\/uploads\/sites\/7\/2024\/10\/Anne.jpeg\" class=\"attachment-scaled size-scaled\" alt=\"\" style=\"object-position: 53% 37%\" srcset=\"https:\/\/hoyre.no\/content\/uploads\/sites\/7\/2024\/10\/Anne.jpeg 1500w, https:\/\/hoyre.no\/content\/uploads\/sites\/7\/2024\/10\/Anne-300x300.jpeg 300w, https:\/\/hoyre.no\/content\/uploads\/sites\/7\/2024\/10\/Anne-1024x1024.jpeg 1024w, https:\/\/hoyre.no\/content\/uploads\/sites\/7\/2024\/10\/Anne-150x150.jpeg 150w, https:\/\/hoyre.no\/content\/uploads\/sites\/7\/2024\/10\/Anne-768x768.jpeg 768w\" sizes=\"auto, (max-width: 1500px) 100vw, 1500px\" \/><\/div><figcaption class=\"caption\">Fylkestingsrepresentant Anne Bjertn\u00e6s<\/figcaption><\/figure>\n\n\n\n<h3 class=\"wp-block-heading\">Les Anne Bjertn\u00e6s sitt innlegg her:<\/h3>\n\n\n\n<blockquote class=\"wp-block-quote is-layout-flow wp-block-quote-is-layout-flow\">\n<p>Fylkesordf\u00f8rer. <br>Det er fristende \u00e5 ta ordet i denne saken \u00e5 g\u00e5 til debatten om form og debattklimaet, for ordf\u00f8rer dette er det mest surrealistiske jeg har opplevd i et langt liv i politikken, aktivt deltakende i alt fra EU-debatt, kommunesammensl\u00e5ing og utallige strukturdebatter &#8211; men dette er langt over og p\u00e5 siden av alt annet jeg har opplevd. Men samtalen om hvordan vi skal forvalte et inkluderende demokrati vil jeg ikke ta &#8211; ikke n\u00e5.<\/p>\n<\/blockquote>\n\n\n\n<div class=\"wp-block-media-text is-stacked-on-mobile is-image-fill\"><figure class=\"wp-block-media-text__media\" style=\"background-image:url('https:\/\/hoyre.no\/content\/uploads\/sites\/7\/2024\/10\/3527424396-Innlandet_fylkeskommune_kart-973x1024.jpg');background-position:50% 50%\"><img loading=\"lazy\" decoding=\"async\" width=\"973\" height=\"1024\" src=\"https:\/\/hoyre.no\/content\/uploads\/sites\/7\/2024\/10\/3527424396-Innlandet_fylkeskommune_kart-973x1024.jpg\" alt=\"Kart - Innlandet\" class=\"wp-image-1491 size-full\" srcset=\"https:\/\/hoyre.no\/content\/uploads\/sites\/7\/2024\/10\/3527424396-Innlandet_fylkeskommune_kart-973x1024.jpg 973w, https:\/\/hoyre.no\/content\/uploads\/sites\/7\/2024\/10\/3527424396-Innlandet_fylkeskommune_kart-285x300.jpg 285w, https:\/\/hoyre.no\/content\/uploads\/sites\/7\/2024\/10\/3527424396-Innlandet_fylkeskommune_kart-768x808.jpg 768w, https:\/\/hoyre.no\/content\/uploads\/sites\/7\/2024\/10\/3527424396-Innlandet_fylkeskommune_kart-1459x1536.jpg 1459w, https:\/\/hoyre.no\/content\/uploads\/sites\/7\/2024\/10\/3527424396-Innlandet_fylkeskommune_kart-1946x2048.jpg 1946w\" sizes=\"auto, (max-width: 973px) 100vw, 973px\" \/><\/figure><div class=\"wp-block-media-text__content\">\n<blockquote class=\"wp-block-quote is-layout-flow wp-block-quote-is-layout-flow\">\n<p>N\u00e5 handler det om innholdet i denne viktige saken, hvordan kan vi bygge et b\u00e6rekraftig utdanningstilbud for alle elevene i fylket v\u00e5rt i en situasjon hvor elevtallet har g\u00e5tt betydelig ned og kommer til \u00e5 fortsette g\u00e5 ned. Sikre at alle elever har mulighet til \u00e5 velge utdanning i tr\u00e5d med egne \u00f8nsker og talenter samtidig som vi skal levere kompetanse som arbeidslivet og samfunnet v\u00e5rt trenger.<\/p>\n<\/blockquote>\n<\/div><\/div>\n\n\n\n<blockquote class=\"wp-block-quote is-layout-flow wp-block-quote-is-layout-flow\">\n<p>At dette er en vanskelig sak er det ingen tvil om. Som fylkestingspolitikere er vi alle innbyggere i v\u00e5re lokalsamfunn, mange av oss er ogs\u00e5 folkevalgte og tillitsvalgte lokalt. Mange av oss kommer fra kommuner og regioner som er direkte ber\u00f8rt av endringene. Mange av oss har barn eller barnebarn som ogs\u00e5 blir ber\u00f8rt, vi deltar p\u00e5 foreldrem\u00f8ter, p\u00e5 dugnader har kollegaer og bruker lokalt n\u00e6ringsliv. Men vi er ogs\u00e5 fylkestingspolitikere som st\u00e5r i en situasjon hvor elevtallet over tid har falt og uavhengig av hvilke tall du tror p\u00e5 ellers har f\u00f8dselsraten de siste femti \u00e5rene halvert seg fra 2,3 til 1,4 &#8211; det sier noe om hva vi kan vente oss i fremtiden.<\/p>\n<\/blockquote>\n\n\n\n<blockquote class=\"wp-block-quote is-layout-flow wp-block-quote-is-layout-flow\">\n<div class=\"wp-block-media-text has-media-on-the-right is-stacked-on-mobile is-image-fill\"><div class=\"wp-block-media-text__content\">\n<p>Jeg har alltid som utgangspunkt at alle folkevalgte har til form\u00e5l \u00e5 legge til rette for bedre tjenester og rammebetingelser rundt folk, n\u00e6ringsliv, frivillighet, natur og klima. Vegen til m\u00e5lene, hvordan vi skal klare levere p\u00e5 samfunnets utfordringer fremover er vi ikke enige om, men kj\u00e6re kollegaer ikke trekk motivene til dine motstandere i tvil. Det kommer det ikke noe fruktbart ut av.<\/p>\n<\/div><figure class=\"wp-block-media-text__media\" style=\"background-image:url('https:\/\/hoyre.no\/content\/uploads\/sites\/7\/2024\/10\/GettyImages-550537349-1024x683.jpg');background-position:50% 50%\"><img loading=\"lazy\" decoding=\"async\" width=\"1024\" height=\"683\" src=\"https:\/\/hoyre.no\/content\/uploads\/sites\/7\/2024\/10\/GettyImages-550537349-1024x683.jpg\" alt=\"\" class=\"wp-image-1553 size-full\" srcset=\"https:\/\/hoyre.no\/content\/uploads\/sites\/7\/2024\/10\/GettyImages-550537349-1024x683.jpg 1024w, https:\/\/hoyre.no\/content\/uploads\/sites\/7\/2024\/10\/GettyImages-550537349-300x200.jpg 300w, https:\/\/hoyre.no\/content\/uploads\/sites\/7\/2024\/10\/GettyImages-550537349-768x513.jpg 768w, https:\/\/hoyre.no\/content\/uploads\/sites\/7\/2024\/10\/GettyImages-550537349-1536x1025.jpg 1536w, https:\/\/hoyre.no\/content\/uploads\/sites\/7\/2024\/10\/GettyImages-550537349-2048x1367.jpg 2048w\" sizes=\"auto, (max-width: 1024px) 100vw, 1024px\" \/><\/figure><\/div>\n<\/blockquote>\n\n\n\n<blockquote class=\"wp-block-quote is-layout-flow wp-block-quote-is-layout-flow\">\n<p>Flertallspartienes innstilling inneholder langt mer enn \u00e5 peke p\u00e5 hvilken skoler, skolesteder og linjer som skal avvikles. Vedtakets mange punkter inneholder s\u00e5 mye, mye mer. Med dette vedtaket vil Innlandet g\u00e5 i front p\u00e5 \u00e5 organisere og utvikle god utdanning i den demografiske utviklingen hele den vestlige verden m\u00f8ter. Vi er f\u00f8rst ute p\u00e5 \u00e5 f\u00e5 utfordringene med stadig f\u00e6rre elever, f\u00e6rre innbygger i arbeidsf\u00f8r alder og flere eldre. I stede for \u00e5 la oss overmanne av utfordringene griper vi mulighetene vi p\u00e5 n\u00e5v\u00e6rende tidspunkt har til faktisk \u00e5 bygge opp modeller og utdanningstilbud som kan b\u00e6re seg inn i fremtiden. I tett samarbeid med n\u00e6ringsliv og lokalmilj\u00f8ene skal vi fylle de alternative oppl\u00e6ringsmodellene med innhold, det arbeidet ser jeg frem til sammen med kollegiet i b\u00e5de utdanningskomiteen og fylkestinget.<\/p>\n<\/blockquote>\n\n\n\n<div class=\"wp-block-media-text is-stacked-on-mobile is-image-fill\"><figure class=\"wp-block-media-text__media\" style=\"background-image:url('https:\/\/hoyre.no\/content\/uploads\/sites\/7\/2024\/09\/anne-b.jpg');background-position:50% 50%\"><img loading=\"lazy\" decoding=\"async\" width=\"800\" height=\"1000\" src=\"https:\/\/hoyre.no\/content\/uploads\/sites\/7\/2024\/09\/anne-b.jpg\" alt=\"\" class=\"wp-image-1213 size-full\" srcset=\"https:\/\/hoyre.no\/content\/uploads\/sites\/7\/2024\/09\/anne-b.jpg 800w, https:\/\/hoyre.no\/content\/uploads\/sites\/7\/2024\/09\/anne-b-240x300.jpg 240w, https:\/\/hoyre.no\/content\/uploads\/sites\/7\/2024\/09\/anne-b-768x960.jpg 768w\" sizes=\"auto, (max-width: 800px) 100vw, 800px\" \/><\/figure><div class=\"wp-block-media-text__content\">\n<blockquote class=\"wp-block-quote is-layout-flow wp-block-quote-is-layout-flow\">\n<p>Vi skal gjennom dette vedtaket bruke mer ressurser p\u00e5 gode botilbud og en elevtjeneste som skal se og m\u00f8te alle elevene v\u00e5re tettere enn vi vil ha mulighet til ved en videref\u00f8ring av dagens struktur. Vi skal gi fremtidige generasjoner, n\u00e6ringsliv og lokalsamfunn mulighet til en utvikling som gir grunnlag for gode liv. V\u00e5rt svar p\u00e5 hvordan denne vegen skal bygges ligger i vedtaket her, jeg ser frem til \u00e5 sikre denne vegen i det videre arbeidet v\u00e5rt. Sammen er vi mer enn alene &#8211; sammen som kollegaer &#8211; sammen med n\u00e6ringsliv, elever, ansatte i skolene og fylkesadministrasjonen skal vi fortsette bygge verdens beste skole.<\/p>\n<\/blockquote>\n<\/div><\/div>\n\n\n\t\t\t<div class=\"wp-block-hoyre-list alignfull is-style-panel\">\n\t\t\t\t<div class=\"block-inner\">\n\t\t\t\t\t\t<div class=\"post-wrap links-wrapper-outer grey-panel\">\n\t\t<h2 class=\"title anchor-title\">Innleggene til skolestruktursaken i Fylkestinget<\/h2>\t\t<div class=\"links-wrapper\">\n\t\t\t\t\t\t\t<div class=\"column\">\n\t\t\t\t\t\t\t\t\t\t\t<div class=\"single-link\" data-link=\"0\">\n\t\t\t\t\t\t\t<a href=\"https:\/\/hoyre.no\/innlandet\/aktuelt\/vegard-risengs-innlegg-i-skolestruktursaken\/\" class=\"link\">\n\t\t\t\t\t\t<span>\n\t\t\t\tVegard Risengs innlegg i skolestruktursaken\t\t\t\t<span class=\"link-append\"><\/span>\n\t\t\t<\/span>\n\t\t<\/a>\t\t\t\t\t\t<\/div>\n\t\t\t\t\t\t\t\t\t\t\t<div class=\"single-link\" data-link=\"1\">\n\t\t\t\t\t\t\t<a href=\"https:\/\/hoyre.no\/innlandet\/aktuelt\/hanne-a-velures-innlegg-i-skolesaken\/\" class=\"link\">\n\t\t\t\t\t\t<span>\n\t\t\t\tHanne A. Velures innlegg i skolesaken\t\t\t\t<span class=\"link-append\"><\/span>\n\t\t\t<\/span>\n\t\t<\/a>\t\t\t\t\t\t<\/div>\n\t\t\t\t\t\t\t\t\t<\/div>\n\t\t\t\t\t\t\t<div class=\"column\">\n\t\t\t\t\t\t\t\t\t\t\t<div class=\"single-link\" data-link=\"0\">\n\t\t\t\t\t\t\t<a href=\"https:\/\/hoyre.no\/innlandet\/aktuelt\/joakim-ekseths-innlegg-i-skolesaken\/\" class=\"link\">\n\t\t\t\t\t\t<span>\n\t\t\t\tJoakim Ekseths innlegg i skolesaken\t\t\t\t<span class=\"link-append\"><\/span>\n\t\t\t<\/span>\n\t\t<\/a>\t\t\t\t\t\t<\/div>\n\t\t\t\t\t\t\t\t\t<\/div>\n\t\t\t\t\t<\/div>\n\t<\/div>\n\t\t\t\t\t<\/div>\n\t\t\t<\/div>\n\t\t\t\n\n\n\n<p><\/p>\n\n\n<div class=\"tags\">\n\t\t<div class=\"wp-block-tag-cloud\">\n\t\t\t\t\t<a href=\"https:\/\/hoyre.no\/innlandet\/aktuelt\/tag\/skole\/\" class=\"tag-cloud-link\">Skole<\/a>\n\t\t\t\t\t<a href=\"https:\/\/hoyre.no\/innlandet\/aktuelt\/tag\/utdanning\/\" class=\"tag-cloud-link\">Utdanning<\/a>\n\t\t\t\t\t<a href=\"https:\/\/hoyre.no\/innlandet\/aktuelt\/tag\/videregaende-skole\/\" class=\"tag-cloud-link\">Videreg\u00e5ende skole<\/a>\n\t\t\t<\/div>\n\t<\/div>\n<div class=\"post-footer alignfull has-background block-editor-block-list__block\" data-align=full>\n\t<div class=\"post-footer-inner\">\n\t\t<h3>Relaterte artikler<\/h3>\n\t\t<div class=\"related-content\"><div class=\"is-card-hoyre\">\n\t<div class=\"teft-card hoyre-teft-card post-teft-card\">\n\t\t<a href=\"https:\/\/hoyre.no\/innlandet\/aktuelt\/nar-lokaldemokratiet-nekter-og-staten-ikke-tar-ansvar\/\" class=\"teft-card__primary-action\">\n\n\t\t\t\t\t<div class=\"teft-card__media teft-card__media--16-9\">\n\t\t\t\t\t\t<img loading=\"lazy\" decoding=\"async\" width=\"768\" height=\"569\" src=\"https:\/\/hoyre.no\/content\/uploads\/sites\/7\/2026\/04\/Aasland-Velure-Helgesen_Arendal-2025-768x569.jpeg\" class=\"attachment-medium_large size-medium_large\" alt=\"Energiminister Terje Aasland (Ap), Hanne Alstrup Velure og KS-leder Gunn Marit Helgesen.\" srcset=\"https:\/\/hoyre.no\/content\/uploads\/sites\/7\/2026\/04\/Aasland-Velure-Helgesen_Arendal-2025-768x569.jpeg 768w, https:\/\/hoyre.no\/content\/uploads\/sites\/7\/2026\/04\/Aasland-Velure-Helgesen_Arendal-2025-300x222.jpeg 300w, https:\/\/hoyre.no\/content\/uploads\/sites\/7\/2026\/04\/Aasland-Velure-Helgesen_Arendal-2025-1024x758.jpeg 1024w, https:\/\/hoyre.no\/content\/uploads\/sites\/7\/2026\/04\/Aasland-Velure-Helgesen_Arendal-2025-1536x1137.jpeg 1536w, https:\/\/hoyre.no\/content\/uploads\/sites\/7\/2026\/04\/Aasland-Velure-Helgesen_Arendal-2025-2048x1516.jpeg 2048w\" sizes=\"auto, (max-width: 768px) 100vw, 768px\" \/>\t\t<\/div>\n\t\t\n\t\t\t<div class=\"teft-card__content-wrapper\">\n\t\t\t\t<div class=\"teft-card__secondary\">\n\t\t\t\t\t\n\t\t\t\t\t\t\t\t<div class=\"teft-card__meta\">\n\t\t\t\t\t\t\t\t\t<span class=\"post-date\">27. apr 2026<\/span>\n\n\t\t\t\t\t\t\t\t\t<span class=\"post-category\">Debatt<\/span>\t\t\t\t\t\t\t\t<\/div>\n\t\t\t\t\t\t\t\t\t\t\t<\/div>\n\n\t\t\t\t<div class=\"teft-card__primary\">\n\t\t\t\t\t<h2 class=\"teft-card__title\">N\u00e5r lokaldemokratiet nekter \u2013 og staten ikke tar ansvar&nbsp;<span class=\"teft-card__primary-title-append\"><\/span><\/h2>\t\t\t\t<\/div>\n\t\t\t<\/div>\n\t\t<\/a>\n\t<\/div>\n\n\t<\/div><div class=\"is-card-hoyre\">\n\t<div class=\"teft-card hoyre-teft-card post-teft-card\">\n\t\t<a href=\"https:\/\/hoyre.no\/innlandet\/aktuelt\/bedre-bruk-av-laererne-til-elevenes-beste\/\" class=\"teft-card__primary-action\">\n\n\t\t\t\t\t<div class=\"teft-card__media teft-card__media--16-9\">\n\t\t\t\t\t\t<img loading=\"lazy\" decoding=\"async\" width=\"768\" height=\"512\" src=\"https:\/\/hoyre.no\/content\/uploads\/sites\/7\/2024\/11\/Hanne-Alstrup-Velure-04-LOCOMOTIV-768x512.jpg\" class=\"attachment-medium_large size-medium_large\" alt=\"Hanne Alstrup Velure. Foto: Jan Tore \u00d8verstad \/ Locomotiv AS\" srcset=\"https:\/\/hoyre.no\/content\/uploads\/sites\/7\/2024\/11\/Hanne-Alstrup-Velure-04-LOCOMOTIV-768x512.jpg 768w, https:\/\/hoyre.no\/content\/uploads\/sites\/7\/2024\/11\/Hanne-Alstrup-Velure-04-LOCOMOTIV-300x200.jpg 300w, https:\/\/hoyre.no\/content\/uploads\/sites\/7\/2024\/11\/Hanne-Alstrup-Velure-04-LOCOMOTIV-1024x683.jpg 1024w, https:\/\/hoyre.no\/content\/uploads\/sites\/7\/2024\/11\/Hanne-Alstrup-Velure-04-LOCOMOTIV-1536x1024.jpg 1536w, https:\/\/hoyre.no\/content\/uploads\/sites\/7\/2024\/11\/Hanne-Alstrup-Velure-04-LOCOMOTIV-2048x1365.jpg 2048w\" sizes=\"auto, (max-width: 768px) 100vw, 768px\" \/>\t\t<\/div>\n\t\t\n\t\t\t<div class=\"teft-card__content-wrapper\">\n\t\t\t\t<div class=\"teft-card__secondary\">\n\t\t\t\t\t\n\t\t\t\t\t\t\t\t<div class=\"teft-card__meta\">\n\t\t\t\t\t\t\t\t\t<span class=\"post-date\">13. apr 2026<\/span>\n\n\t\t\t\t\t\t\t\t\t<span class=\"post-category\">Debatt<\/span>\t\t\t\t\t\t\t\t<\/div>\n\t\t\t\t\t\t\t\t\t\t\t<\/div>\n\n\t\t\t\t<div class=\"teft-card__primary\">\n\t\t\t\t\t<h2 class=\"teft-card__title\">Bedre bruk av l\u00e6rerne \u2013 til elevenes beste&nbsp;<span class=\"teft-card__primary-title-append\"><\/span><\/h2>\t\t\t\t<\/div>\n\t\t\t<\/div>\n\t\t<\/a>\n\t<\/div>\n\n\t<\/div><div class=\"is-card-hoyre\">\n\t<div class=\"teft-card hoyre-teft-card post-teft-card\">\n\t\t<a href=\"https:\/\/hoyre.no\/innlandet\/aktuelt\/viltet-er-en-ressurs-na-og-i-fremtiden\/\" class=\"teft-card__primary-action\">\n\n\t\t\t\t\t<div class=\"teft-card__media teft-card__media--16-9\">\n\t\t\t\t\t\t<img loading=\"lazy\" decoding=\"async\" width=\"768\" height=\"768\" src=\"https:\/\/hoyre.no\/content\/uploads\/sites\/7\/2026\/03\/Joakim-Ekseth-jakt-kvadrat-768x768.jpg\" class=\"attachment-medium_large size-medium_large\" alt=\"\" srcset=\"https:\/\/hoyre.no\/content\/uploads\/sites\/7\/2026\/03\/Joakim-Ekseth-jakt-kvadrat-768x768.jpg 768w, https:\/\/hoyre.no\/content\/uploads\/sites\/7\/2026\/03\/Joakim-Ekseth-jakt-kvadrat-300x300.jpg 300w, https:\/\/hoyre.no\/content\/uploads\/sites\/7\/2026\/03\/Joakim-Ekseth-jakt-kvadrat-1024x1024.jpg 1024w, https:\/\/hoyre.no\/content\/uploads\/sites\/7\/2026\/03\/Joakim-Ekseth-jakt-kvadrat-150x150.jpg 150w, https:\/\/hoyre.no\/content\/uploads\/sites\/7\/2026\/03\/Joakim-Ekseth-jakt-kvadrat.jpg 1080w\" sizes=\"auto, (max-width: 768px) 100vw, 768px\" \/>\t\t<\/div>\n\t\t\n\t\t\t<div class=\"teft-card__content-wrapper\">\n\t\t\t\t<div class=\"teft-card__secondary\">\n\t\t\t\t\t\n\t\t\t\t\t\t\t\t<div class=\"teft-card__meta\">\n\t\t\t\t\t\t\t\t\t<span class=\"post-date\">20. mar 2026<\/span>\n\n\t\t\t\t\t\t\t\t\t<span class=\"post-category\">Debatt<\/span>\t\t\t\t\t\t\t\t<\/div>\n\t\t\t\t\t\t\t\t\t\t\t<\/div>\n\n\t\t\t\t<div class=\"teft-card__primary\">\n\t\t\t\t\t<h2 class=\"teft-card__title\">Viltet er en ressurs, n\u00e5 og i fremtiden&nbsp;<span class=\"teft-card__primary-title-append\"><\/span><\/h2>\t\t\t\t<\/div>\n\t\t\t<\/div>\n\t\t<\/a>\n\t<\/div>\n\n\t<\/div><\/div>\t<\/div>\n<\/div>\n","protected":false},"excerpt":{"rendered":"<p>Les Anne Bjertn\u00e6s sitt innlegg her: Fylkesordf\u00f8rer. Det er fristende \u00e5 ta ordet i denne saken \u00e5 g\u00e5 til debatten om form og debattklimaet, for ordf\u00f8rer dette er det mest surrealistiske jeg har opplevd i et langt liv i politikken, aktivt deltakende i alt fra EU-debatt, kommunesammensl\u00e5ing og utallige strukturdebatter &#8211; men dette er langt [&hellip;]<\/p>\n","protected":false},"author":26288,"featured_media":0,"comment_status":"closed","ping_status":"closed","sticky":false,"template":"","format":"standard","meta":{"teft_cards_image_url":"","teft_cards_custom_pretitle":"","teft_cards_image_id":1489,"teft_cards_image_focal_point_x":0.53,"teft_cards_image_focal_point_y":0.44,"teft_cards_title":"","teft_cards_excerpt":"Anne Bjertn\u00e6s snakket om hvordan vi kan bygge et b\u00e6rekraftig utdanningstilbud i Innlandet","teft_show_chapters":false,"author_display_name":"","footnotes":""},"category":[30,32,34,31,38],"post_tag":[21,22,62],"hoyre-visibility":[],"article-type":[],"politician":[58],"class_list":["post-1556","post","type-post","status-publish","format-standard","hentry","category-fylkestinget","category-politikk","category-utdanning","category-vare-politikere","category-videregaende-skole","tag-skole","tag-utdanning","tag-videregaende-skole","politician-anne-bjertnaes"],"yoast_head":"<!-- This site is optimized with the Yoast SEO plugin v26.6 - https:\/\/yoast.com\/wordpress\/plugins\/seo\/ -->\n<title>Anne Bjertn\u00e6s sitt innlegg i skolestrukturdebatten - Innlandet H\u00f8yre<\/title>\n<meta name=\"robots\" content=\"index, follow, max-snippet:-1, max-image-preview:large, max-video-preview:-1\" \/>\n<link rel=\"canonical\" href=\"https:\/\/hoyre.no\/innlandet\/aktuelt\/anne-bjertnaes-sitt-innlegg-i-skolestrukturdebatten\/\" \/>\n<meta property=\"og:locale\" content=\"nb_NO\" \/>\n<meta property=\"og:type\" content=\"article\" \/>\n<meta property=\"og:title\" content=\"Anne Bjertn\u00e6s sitt innlegg i skolestrukturdebatten - Innlandet H\u00f8yre\" \/>\n<meta property=\"og:description\" content=\"Les Anne Bjertn\u00e6s sitt innlegg her: Fylkesordf\u00f8rer. Det er fristende \u00e5 ta ordet i denne saken \u00e5 g\u00e5 til debatten om form og debattklimaet, for ordf\u00f8rer dette er det mest surrealistiske jeg har opplevd i et langt liv i politikken, aktivt deltakende i alt fra EU-debatt, kommunesammensl\u00e5ing og utallige strukturdebatter &#8211; men dette er langt [&hellip;]\" \/>\n<meta property=\"og:url\" content=\"https:\/\/hoyre.no\/innlandet\/aktuelt\/anne-bjertnaes-sitt-innlegg-i-skolestrukturdebatten\/\" \/>\n<meta property=\"og:site_name\" content=\"Innlandet H\u00f8yre\" \/>\n<meta property=\"article:published_time\" content=\"2024-10-23T07:57:17+00:00\" \/>\n<meta property=\"article:modified_time\" content=\"2024-10-23T13:57:59+00:00\" \/>\n<meta property=\"og:image\" content=\"https:\/\/hoyre.no\/content\/uploads\/sites\/7\/2026\/03\/Joakim-Ekseth-jakt-kvadrat-1024x1024.jpg\" \/>\n<meta name=\"author\" content=\"Erlend Gj\u00f8lme\" \/>\n<meta name=\"twitter:card\" content=\"summary_large_image\" \/>\n<meta name=\"twitter:label1\" content=\"Skrevet av\" \/>\n\t<meta name=\"twitter:data1\" content=\"Erlend Gj\u00f8lme\" \/>\n\t<meta name=\"twitter:label2\" content=\"Ansl. lesetid\" \/>\n\t<meta name=\"twitter:data2\" content=\"1 minutt\" \/>\n<script type=\"application\/ld+json\" class=\"yoast-schema-graph\">{\"@context\":\"https:\/\/schema.org\",\"@graph\":[{\"@type\":\"NewsArticle\",\"@id\":\"https:\/\/hoyre.no\/innlandet\/aktuelt\/anne-bjertnaes-sitt-innlegg-i-skolestrukturdebatten\/\",\"url\":\"https:\/\/hoyre.no\/innlandet\/aktuelt\/anne-bjertnaes-sitt-innlegg-i-skolestrukturdebatten\/\",\"name\":\"Anne Bjertn\u00e6s sitt innlegg i skolestrukturdebatten - Innlandet H\u00f8yre\",\"isPartOf\":{\"@id\":\"https:\/\/hoyre.no\/innlandet\/#website\"},\"image\":{\"@id\":\"https:\/\/hoyre.no\/innlandet\/aktuelt\/anne-bjertnaes-sitt-innlegg-i-skolestrukturdebatten\/#primaryimage\"},\"thumbnailUrl\":\"https:\/\/hoyre.no\/content\/uploads\/sites\/7\/2024\/10\/3527424396-Innlandet_fylkeskommune_kart-973x1024.jpg\",\"datePublished\":\"2024-10-23T07:57:17+00:00\",\"dateModified\":\"2024-10-23T13:57:59+00:00\",\"author\":{\"@id\":\"https:\/\/hoyre.no\/innlandet\/#\/schema\/person\/8f41eef411c647642cf257592f9fce1c\"},\"breadcrumb\":{\"@id\":\"https:\/\/hoyre.no\/innlandet\/aktuelt\/anne-bjertnaes-sitt-innlegg-i-skolestrukturdebatten\/#breadcrumb\"},\"inLanguage\":\"nb-NO\",\"potentialAction\":[{\"@type\":\"ReadAction\",\"target\":[\"https:\/\/hoyre.no\/innlandet\/aktuelt\/anne-bjertnaes-sitt-innlegg-i-skolestrukturdebatten\/\"]}]},{\"@type\":\"ImageObject\",\"inLanguage\":\"nb-NO\",\"@id\":\"https:\/\/hoyre.no\/innlandet\/aktuelt\/anne-bjertnaes-sitt-innlegg-i-skolestrukturdebatten\/#primaryimage\",\"url\":\"https:\/\/hoyre.no\/content\/uploads\/sites\/7\/2024\/10\/3527424396-Innlandet_fylkeskommune_kart-973x1024.jpg\",\"contentUrl\":\"https:\/\/hoyre.no\/content\/uploads\/sites\/7\/2024\/10\/3527424396-Innlandet_fylkeskommune_kart-973x1024.jpg\"},{\"@type\":\"BreadcrumbList\",\"@id\":\"https:\/\/hoyre.no\/innlandet\/aktuelt\/anne-bjertnaes-sitt-innlegg-i-skolestrukturdebatten\/#breadcrumb\",\"itemListElement\":[{\"@type\":\"ListItem\",\"position\":1,\"name\":\"Til hoyre.no\",\"item\":\"https:\/\/hoyre.no\"},{\"@type\":\"ListItem\",\"position\":2,\"name\":\"Hjem\",\"item\":\"https:\/\/hoyre.no\/innlandet\/\"},{\"@type\":\"ListItem\",\"position\":3,\"name\":\"Anne Bjertn\u00e6s sitt innlegg i skolestrukturdebatten\"}]},{\"@type\":\"WebSite\",\"@id\":\"https:\/\/hoyre.no\/innlandet\/#website\",\"url\":\"https:\/\/hoyre.no\/innlandet\/\",\"name\":\"Innlandet H\u00f8yre\",\"description\":\"Bare enda et H\u00f8yres nettsteder-nettsted\",\"inLanguage\":\"nb-NO\"},{\"@type\":\"Person\",\"@id\":\"https:\/\/hoyre.no\/innlandet\/#\/schema\/person\/8f41eef411c647642cf257592f9fce1c\",\"name\":\"Erlend Gj\u00f8lme\",\"image\":{\"@type\":\"ImageObject\",\"inLanguage\":\"nb-NO\",\"@id\":\"https:\/\/hoyre.no\/innlandet\/#\/schema\/person\/image\/\",\"url\":\"https:\/\/secure.gravatar.com\/avatar\/19308e99cc26c2c18ba01243f850e887a482eed229c88c0905de487505a4d093?s=96&d=mm&r=g\",\"contentUrl\":\"https:\/\/secure.gravatar.com\/avatar\/19308e99cc26c2c18ba01243f850e887a482eed229c88c0905de487505a4d093?s=96&d=mm&r=g\",\"caption\":\"Erlend Gj\u00f8lme\"},\"url\":\"https:\/\/hoyre.no\/innlandet\/aktuelt\/author\/m50054840\/\"}]}<\/script>\n<!-- \/ Yoast SEO plugin. -->","yoast_head_json":{"title":"Anne Bjertn\u00e6s sitt innlegg i skolestrukturdebatten - Innlandet H\u00f8yre","robots":{"index":"index","follow":"follow","max-snippet":"max-snippet:-1","max-image-preview":"max-image-preview:large","max-video-preview":"max-video-preview:-1"},"canonical":"https:\/\/hoyre.no\/innlandet\/aktuelt\/anne-bjertnaes-sitt-innlegg-i-skolestrukturdebatten\/","og_locale":"nb_NO","og_type":"article","og_title":"Anne Bjertn\u00e6s sitt innlegg i skolestrukturdebatten - Innlandet H\u00f8yre","og_description":"Les Anne Bjertn\u00e6s sitt innlegg her: Fylkesordf\u00f8rer. Det er fristende \u00e5 ta ordet i denne saken \u00e5 g\u00e5 til debatten om form og debattklimaet, for ordf\u00f8rer dette er det mest surrealistiske jeg har opplevd i et langt liv i politikken, aktivt deltakende i alt fra EU-debatt, kommunesammensl\u00e5ing og utallige strukturdebatter &#8211; men dette er langt [&hellip;]","og_url":"https:\/\/hoyre.no\/innlandet\/aktuelt\/anne-bjertnaes-sitt-innlegg-i-skolestrukturdebatten\/","og_site_name":"Innlandet H\u00f8yre","article_published_time":"2024-10-23T07:57:17+00:00","article_modified_time":"2024-10-23T13:57:59+00:00","og_image":[{"url":"https:\/\/hoyre.no\/content\/uploads\/sites\/7\/2026\/03\/Joakim-Ekseth-jakt-kvadrat-1024x1024.jpg","width":"","height":"","type":""}],"author":"Erlend Gj\u00f8lme","twitter_card":"summary_large_image","twitter_misc":{"Skrevet av":"Erlend Gj\u00f8lme","Ansl. lesetid":"1 minutt"},"schema":{"@context":"https:\/\/schema.org","@graph":[{"@type":"NewsArticle","@id":"https:\/\/hoyre.no\/innlandet\/aktuelt\/anne-bjertnaes-sitt-innlegg-i-skolestrukturdebatten\/","url":"https:\/\/hoyre.no\/innlandet\/aktuelt\/anne-bjertnaes-sitt-innlegg-i-skolestrukturdebatten\/","name":"Anne Bjertn\u00e6s sitt innlegg i skolestrukturdebatten - Innlandet H\u00f8yre","isPartOf":{"@id":"https:\/\/hoyre.no\/innlandet\/#website"},"image":{"@id":"https:\/\/hoyre.no\/innlandet\/aktuelt\/anne-bjertnaes-sitt-innlegg-i-skolestrukturdebatten\/#primaryimage"},"thumbnailUrl":"https:\/\/hoyre.no\/content\/uploads\/sites\/7\/2024\/10\/3527424396-Innlandet_fylkeskommune_kart-973x1024.jpg","datePublished":"2024-10-23T07:57:17+00:00","dateModified":"2024-10-23T13:57:59+00:00","author":{"@id":"https:\/\/hoyre.no\/innlandet\/#\/schema\/person\/8f41eef411c647642cf257592f9fce1c"},"breadcrumb":{"@id":"https:\/\/hoyre.no\/innlandet\/aktuelt\/anne-bjertnaes-sitt-innlegg-i-skolestrukturdebatten\/#breadcrumb"},"inLanguage":"nb-NO","potentialAction":[{"@type":"ReadAction","target":["https:\/\/hoyre.no\/innlandet\/aktuelt\/anne-bjertnaes-sitt-innlegg-i-skolestrukturdebatten\/"]}]},{"@type":"ImageObject","inLanguage":"nb-NO","@id":"https:\/\/hoyre.no\/innlandet\/aktuelt\/anne-bjertnaes-sitt-innlegg-i-skolestrukturdebatten\/#primaryimage","url":"https:\/\/hoyre.no\/content\/uploads\/sites\/7\/2024\/10\/3527424396-Innlandet_fylkeskommune_kart-973x1024.jpg","contentUrl":"https:\/\/hoyre.no\/content\/uploads\/sites\/7\/2024\/10\/3527424396-Innlandet_fylkeskommune_kart-973x1024.jpg"},{"@type":"BreadcrumbList","@id":"https:\/\/hoyre.no\/innlandet\/aktuelt\/anne-bjertnaes-sitt-innlegg-i-skolestrukturdebatten\/#breadcrumb","itemListElement":[{"@type":"ListItem","position":1,"name":"Til hoyre.no","item":"https:\/\/hoyre.no"},{"@type":"ListItem","position":2,"name":"Hjem","item":"https:\/\/hoyre.no\/innlandet\/"},{"@type":"ListItem","position":3,"name":"Anne Bjertn\u00e6s sitt innlegg i skolestrukturdebatten"}]},{"@type":"WebSite","@id":"https:\/\/hoyre.no\/innlandet\/#website","url":"https:\/\/hoyre.no\/innlandet\/","name":"Innlandet H\u00f8yre","description":"Bare enda et H\u00f8yres nettsteder-nettsted","inLanguage":"nb-NO"},{"@type":"Person","@id":"https:\/\/hoyre.no\/innlandet\/#\/schema\/person\/8f41eef411c647642cf257592f9fce1c","name":"Erlend Gj\u00f8lme","image":{"@type":"ImageObject","inLanguage":"nb-NO","@id":"https:\/\/hoyre.no\/innlandet\/#\/schema\/person\/image\/","url":"https:\/\/secure.gravatar.com\/avatar\/19308e99cc26c2c18ba01243f850e887a482eed229c88c0905de487505a4d093?s=96&d=mm&r=g","contentUrl":"https:\/\/secure.gravatar.com\/avatar\/19308e99cc26c2c18ba01243f850e887a482eed229c88c0905de487505a4d093?s=96&d=mm&r=g","caption":"Erlend Gj\u00f8lme"},"url":"https:\/\/hoyre.no\/innlandet\/aktuelt\/author\/m50054840\/"}]}},"distributor_meta":false,"distributor_terms":false,"distributor_media":false,"distributor_original_site_name":"Innlandet H\u00f8yre","distributor_original_site_url":"https:\/\/hoyre.no\/innlandet","push-errors":false,"_links":{"self":[{"href":"https:\/\/hoyre.no\/innlandet\/wp-json\/wp\/v2\/posts\/1556","targetHints":{"allow":["GET"]}}],"collection":[{"href":"https:\/\/hoyre.no\/innlandet\/wp-json\/wp\/v2\/posts"}],"about":[{"href":"https:\/\/hoyre.no\/innlandet\/wp-json\/wp\/v2\/types\/post"}],"author":[{"embeddable":true,"href":"https:\/\/hoyre.no\/innlandet\/wp-json\/wp\/v2\/users\/26288"}],"replies":[{"embeddable":true,"href":"https:\/\/hoyre.no\/innlandet\/wp-json\/wp\/v2\/comments?post=1556"}],"version-history":[{"count":2,"href":"https:\/\/hoyre.no\/innlandet\/wp-json\/wp\/v2\/posts\/1556\/revisions"}],"predecessor-version":[{"id":1571,"href":"https:\/\/hoyre.no\/innlandet\/wp-json\/wp\/v2\/posts\/1556\/revisions\/1571"}],"wp:attachment":[{"href":"https:\/\/hoyre.no\/innlandet\/wp-json\/wp\/v2\/media?parent=1556"}],"wp:term":[{"taxonomy":"category","embeddable":true,"href":"https:\/\/hoyre.no\/innlandet\/wp-json\/wp\/v2\/category?post=1556"},{"taxonomy":"post_tag","embeddable":true,"href":"https:\/\/hoyre.no\/innlandet\/wp-json\/wp\/v2\/post_tag?post=1556"},{"taxonomy":"hoyre-visibility","embeddable":true,"href":"https:\/\/hoyre.no\/innlandet\/wp-json\/wp\/v2\/hoyre-visibility?post=1556"},{"taxonomy":"article-type","embeddable":true,"href":"https:\/\/hoyre.no\/innlandet\/wp-json\/wp\/v2\/article-type?post=1556"},{"taxonomy":"politician","embeddable":true,"href":"https:\/\/hoyre.no\/innlandet\/wp-json\/wp\/v2\/politician?post=1556"}],"curies":[{"name":"wp","href":"https:\/\/api.w.org\/{rel}","templated":true}]}}