{"id":1564,"date":"2024-10-23T15:52:45","date_gmt":"2024-10-23T13:52:45","guid":{"rendered":"https:\/\/hoyre.no\/innlandet\/?p=1564"},"modified":"2024-10-24T10:43:30","modified_gmt":"2024-10-24T08:43:30","slug":"vegard-risengs-innlegg-i-skolestruktursaken","status":"publish","type":"post","link":"https:\/\/hoyre.no\/innlandet\/aktuelt\/vegard-risengs-innlegg-i-skolestruktursaken\/","title":{"rendered":"Vegard Risengs innlegg i skolestruktursaken"},"content":{"rendered":"\n<p class=\"preamble\">Vegard Riseng snakket om reisevei og transport for de som n\u00e5 kommer til \u00e5 oppleve at de m\u00e5 reise lengre for \u00e5 f\u00e5 videreg\u00e5ende oppl\u00e6ring.<\/p>\t\t\t<div class=\"post-meta wp-block teft-byline-wrapper\">\n\t\t\t\t<div class=\"top\">\n\t\t\t\t\t<div class=\"signature\">\n\t\t\t\t\t\t<div class=\"teft-byline\">\n\t\t\t\t\t\t\t\t\t\t\t\t\t\t<div>\n\t\t\t\t\t\t\t\t<h3>H\u00f8yres redaksjon<\/h3>\t\t\t\t\t\t\t\t\n\t\t\t\t\t\t\t\t\t\t\t\t\t\t\t\t\t<span class=\"date\">Sist oppdatert: 24. oktober 2024<\/span>\n\t\t\t\t\t\t\t\t\t\t\t\t\t\t\t\t\t\t\t\t\t\t\t\t\t<span class=\"reading-time\" itemprop=\"timeRequired\" content=\"PT3M\"><em>Ca. 3 minutter lesetid<\/em><\/span>\n\t\t\t\t\t\t\t\t\t\t\t\t\t\t\t<\/div>\n\t\t\t\t\t\t<\/div>\n\t\t\t\t\t<\/div>\n\t\t\t\t\t\t<div class=\"sharing\">\n\t\t<a class=\"share-button share-link copy-link\" data-copy=\"https:\/\/hoyre.no\/innlandet\/aktuelt\/vegard-risengs-innlegg-i-skolestruktursaken\/\" target=\"_blank\"><span class=\"screen-reader-text\">Del link<\/span><\/a>\n\t\t<a class=\"share-button share-twitter\" href=\"http:\/\/twitter.com\/share?text=Vegard Risengs innlegg i skolestruktursaken&#038;url=https:\/\/hoyre.no\/innlandet\/aktuelt\/vegard-risengs-innlegg-i-skolestruktursaken\/&#038;hashtags=Hoyre\" target=\"_blank\"><span class=\"screen-reader-text\">Del p\u00e5 twitter<\/span><\/a>\n\t\t<a class=\"share-button share-facebook\" href=\"https:\/\/www.facebook.com\/sharer\/sharer.php?u=https:\/\/hoyre.no\/innlandet\/aktuelt\/vegard-risengs-innlegg-i-skolestruktursaken\/\" target=\"_blank\"><span class=\"screen-reader-text\">Del p\u00e5 facebook<\/span><\/a>\n\t<\/div>\n\t\t\t\t\t<\/div>\n\t\t\t<\/div>\n\n\t\t\t<figure class=\"hoyre-image-wrapper\"><div class=\"hoyre-image\"><img loading=\"lazy\" decoding=\"async\" width=\"911\" height=\"855\" src=\"https:\/\/hoyre.no\/content\/uploads\/sites\/7\/2024\/09\/vegard-1.jpeg\" class=\"attachment-scaled size-scaled\" alt=\"\" style=\"object-position: 51% 17%\" srcset=\"https:\/\/hoyre.no\/content\/uploads\/sites\/7\/2024\/09\/vegard-1.jpeg 911w, https:\/\/hoyre.no\/content\/uploads\/sites\/7\/2024\/09\/vegard-1-300x282.jpeg 300w, https:\/\/hoyre.no\/content\/uploads\/sites\/7\/2024\/09\/vegard-1-768x721.jpeg 768w\" sizes=\"auto, (max-width: 911px) 100vw, 911px\" \/><\/div><figcaption class=\"caption\">Fylkestingsrepresentant Vegard Riseng Foto: Jan Tore \u00d8verstad &#8211; Locomotiv AS<\/figcaption><\/figure>\n\n\n\n<h2 class=\"wp-block-heading\">Les hva Vegard Riseng sa i Fylkestinget:<\/h2>\n\n\n\n<blockquote class=\"wp-block-quote is-layout-flow wp-block-quote-is-layout-flow\">\n<p>Fylkesordf\u00f8rer Denne saken har jeg jobbet med siden jeg ble fylkestingsrepresentant for ni \u00e5r siden. I dag skal vi etter alle solemerker vedta en b\u00e6rekraftig skolestruktur for fremtiden i Innlandet. Likevel f\u00f8ler jeg absolutt ingen glede ved \u00e5 n\u00e5 denne milep\u00e6len, men jeg er veldig motivert for \u00e5 ta fatt p\u00e5 oppgaven som kommer. For det er n\u00e5 jobben starter, og vi kan ikke feire f\u00f8r vi lykkes<\/p>\n<\/blockquote>\n\n\n\n<blockquote class=\"wp-block-quote is-layout-flow wp-block-quote-is-layout-flow\">\n<p>Vi kommer til \u00e5 lykkes med \u00e5 skape fremtidens skole i Innlandet. Det vet jeg.<\/p>\n\n\n\n<p>Det vet jeg fordi dette fylkestinget vil aldri tillate noe annet. Jeg og H\u00f8yre har vi advart mot konsekvensene av en for stor skolestruktur i m\u00f8te med elevtallsnedgangen i \u00e5revis, men vi har aldri latt oss friste til \u00e5 kompromisse p\u00e5 kvalitet for \u00e5 bevise noe.<\/p>\n<\/blockquote>\n\n\n\n<div class=\"wp-block-media-text is-stacked-on-mobile is-image-fill\"><figure class=\"wp-block-media-text__media\" style=\"background-image:url('https:\/\/hoyre.no\/content\/uploads\/sites\/7\/2024\/10\/3527424396-Innlandet_fylkeskommune_kart-973x1024.jpg');background-position:50% 50%\"><img loading=\"lazy\" decoding=\"async\" width=\"973\" height=\"1024\" src=\"https:\/\/hoyre.no\/content\/uploads\/sites\/7\/2024\/10\/3527424396-Innlandet_fylkeskommune_kart-973x1024.jpg\" alt=\"Kart - Innlandet\" class=\"wp-image-1491 size-full\" srcset=\"https:\/\/hoyre.no\/content\/uploads\/sites\/7\/2024\/10\/3527424396-Innlandet_fylkeskommune_kart-973x1024.jpg 973w, https:\/\/hoyre.no\/content\/uploads\/sites\/7\/2024\/10\/3527424396-Innlandet_fylkeskommune_kart-285x300.jpg 285w, https:\/\/hoyre.no\/content\/uploads\/sites\/7\/2024\/10\/3527424396-Innlandet_fylkeskommune_kart-768x808.jpg 768w, https:\/\/hoyre.no\/content\/uploads\/sites\/7\/2024\/10\/3527424396-Innlandet_fylkeskommune_kart-1459x1536.jpg 1459w, https:\/\/hoyre.no\/content\/uploads\/sites\/7\/2024\/10\/3527424396-Innlandet_fylkeskommune_kart-1946x2048.jpg 1946w\" sizes=\"auto, (max-width: 973px) 100vw, 973px\" \/><\/figure><div class=\"wp-block-media-text__content\">\n<blockquote class=\"wp-block-quote is-layout-flow wp-block-quote-is-layout-flow\">\n<p>P\u00e5 akkurat samme m\u00e5te som vi aldri har tillatt at tilbudet skulle bli d\u00e5rlig fordi skolene ble sm\u00e5, skal vi aldri tillate at tilbudet blir d\u00e5rlig fordi reiseveien blir lang. Det er jeg trygg p\u00e5 at ogs\u00e5 de som er uenig i politikken vil stille seg bak.<\/p>\n<\/blockquote>\n<\/div><\/div>\n\n\n\n<blockquote class=\"wp-block-quote is-layout-flow wp-block-quote-is-layout-flow\">\n<p>La oss v\u00e6re tydelig: Vi gj\u00f8r disse endringen fordi vi tror det \u00e5 samle seg rundt kraftsentre i regionene er den beste m\u00e5ten \u00e5 m\u00f8te elevtallsnedgangen p\u00e5. Det sikrer at vi fortsatt kan tilby mest mulig av den bredden arbeidslivet har behov for &#8211; i hver enkelt region. Det sikrer at vi fortsatt kan tilby den h\u00f8ye kvaliteten som forventes av oss, i hele Innlandet<\/p>\n<\/blockquote>\n\n\n\n<blockquote class=\"wp-block-quote is-layout-flow wp-block-quote-is-layout-flow\">\n<p>Dette er det viktigste for oss.<\/p>\n\n\n\n<p>Det \u00e5 prioritere tilbudsstrukturen h\u00f8yere, medf\u00f8rer \u00e5penbart ulemper i Norges mest spredtbygde fylke. Noen vil f\u00e5 lengre reisevei. Akkurat som med elevtall, er avstander noe vi m\u00e5 forholde oss til. Vi kan ikke vedta dem eller endre dem, men vi kan &#8211; og vil&nbsp; &#8211; gj\u00f8re mye for \u00e5 redusere reisetiden til et minimum.<\/p>\n<\/blockquote>\n\n\n\n<div class=\"wp-block-media-text is-stacked-on-mobile is-image-fill\"><figure class=\"wp-block-media-text__media\" style=\"background-image:url('https:\/\/hoyre.no\/content\/uploads\/sites\/7\/2024\/10\/GettyImages-648669234-1024x720.jpg');background-position:50% 50%\"><img loading=\"lazy\" decoding=\"async\" width=\"1024\" height=\"720\" src=\"https:\/\/hoyre.no\/content\/uploads\/sites\/7\/2024\/10\/GettyImages-648669234-1024x720.jpg\" alt=\"Buss\" class=\"wp-image-1497 size-full\" srcset=\"https:\/\/hoyre.no\/content\/uploads\/sites\/7\/2024\/10\/GettyImages-648669234-1024x720.jpg 1024w, https:\/\/hoyre.no\/content\/uploads\/sites\/7\/2024\/10\/GettyImages-648669234-300x211.jpg 300w, https:\/\/hoyre.no\/content\/uploads\/sites\/7\/2024\/10\/GettyImages-648669234-768x540.jpg 768w, https:\/\/hoyre.no\/content\/uploads\/sites\/7\/2024\/10\/GettyImages-648669234-1536x1079.jpg 1536w, https:\/\/hoyre.no\/content\/uploads\/sites\/7\/2024\/10\/GettyImages-648669234-2048x1439.jpg 2048w\" sizes=\"auto, (max-width: 1024px) 100vw, 1024px\" \/><\/figure><div class=\"wp-block-media-text__content\">\n<blockquote class=\"wp-block-quote is-layout-flow wp-block-quote-is-layout-flow\">\n<p>Det har v\u00e6rt hevdet at enkeltelever f\u00e5r fire timer reisetid hver dag. P\u00e5standen kan synes \u00e5 v\u00e6re sterkt overdrevet. Forutsetningene er de lengste reiseavstandene og dagens rutetilbud.<\/p>\n<\/blockquote>\n<\/div><\/div>\n\n\n\n<blockquote class=\"wp-block-quote is-layout-flow wp-block-quote-is-layout-flow\">\n<p>Regnestykket tar ikke inn over seg at ny skolestruktur skaper nye behov og trafikkm\u00f8nstre &#8211; som igjen skaper nye muligheter for \u00e5 optimalisere ruter. Det tar heller ikke inn over seg at det skaper rom for \u00e5 prioritere effektiv skoleskyss h\u00f8yere. Og i rettferdighetens navn, det tar heller ikke inn over seg at noen elever faktisk vil f\u00e5 kortere skolevei.<\/p>\n\n\n\n<p>En ny skolestruktur vil kreve nye bussruter, og disse rutene m\u00e5 og vil bli tilpasset elevenes faktiske behov. Et eksempel p\u00e5 det, er elevene fra Lesja, som fra og med denne uken f\u00e5r 13 minutter kortere reisetid hver vei p\u00e5 grunn av tilpassede ruter.<\/p>\n\n\n\n<p>Vi har alltid hatt viljen. N\u00e5 f\u00e5r vi ogs\u00e5 muligheten, og den skal vi gripe.<\/p>\n<\/blockquote>\n\n\n\t\t\t<div class=\"wp-block-hoyre-list alignfull is-style-panel\">\n\t\t\t\t<div class=\"block-inner\">\n\t\t\t\t\t\t<div class=\"post-wrap links-wrapper-outer grey-panel\">\n\t\t<h2 class=\"title anchor-title\">Innleggene til skolestruktursaken i Fylkestinget<\/h2>\t\t<div class=\"links-wrapper\">\n\t\t\t\t\t\t\t<div class=\"column\">\n\t\t\t\t\t\t\t\t\t\t\t<div class=\"single-link\" data-link=\"0\">\n\t\t\t\t\t\t\t<a href=\"https:\/\/hoyre.no\/innlandet\/aktuelt\/joakim-ekseths-innlegg-i-skolesaken\/\" class=\"link\">\n\t\t\t\t\t\t<span>\n\t\t\t\tJoakim Ekseths innlegg i skolesaken\t\t\t\t<span class=\"link-append\"><\/span>\n\t\t\t<\/span>\n\t\t<\/a>\t\t\t\t\t\t<\/div>\n\t\t\t\t\t\t\t\t\t\t\t<div class=\"single-link\" data-link=\"1\">\n\t\t\t\t\t\t\t<a href=\"https:\/\/hoyre.no\/innlandet\/aktuelt\/anne-bjertnaes-sitt-innlegg-i-skolestrukturdebatten\/\" class=\"link\">\n\t\t\t\t\t\t<span>\n\t\t\t\tAnne Bjertn\u00e6s sitt innlegg i skolestrukturdebatten\t\t\t\t<span class=\"link-append\"><\/span>\n\t\t\t<\/span>\n\t\t<\/a>\t\t\t\t\t\t<\/div>\n\t\t\t\t\t\t\t\t\t<\/div>\n\t\t\t\t\t\t\t<div class=\"column\">\n\t\t\t\t\t\t\t\t\t\t\t<div class=\"single-link\" data-link=\"0\">\n\t\t\t\t\t\t\t<a href=\"https:\/\/hoyre.no\/innlandet\/aktuelt\/hanne-a-velures-innlegg-i-skolesaken\/\" class=\"link\">\n\t\t\t\t\t\t<span>\n\t\t\t\tHanne A. Velures innlegg i skolesaken\t\t\t\t<span class=\"link-append\"><\/span>\n\t\t\t<\/span>\n\t\t<\/a>\t\t\t\t\t\t<\/div>\n\t\t\t\t\t\t\t\t\t<\/div>\n\t\t\t\t\t<\/div>\n\t<\/div>\n\t\t\t\t\t<\/div>\n\t\t\t<\/div>\n\t\t\t\n\n\n\n<p><\/p>\n\n\n<div class=\"tags\">\n\t\t<div class=\"wp-block-tag-cloud\">\n\t\t\t\t\t<a href=\"https:\/\/hoyre.no\/innlandet\/aktuelt\/tag\/kollektiv-transport\/\" class=\"tag-cloud-link\">Kollektiv transport<\/a>\n\t\t\t\t\t<a href=\"https:\/\/hoyre.no\/innlandet\/aktuelt\/tag\/samferdsel\/\" class=\"tag-cloud-link\">Samferdsel<\/a>\n\t\t\t\t\t<a href=\"https:\/\/hoyre.no\/innlandet\/aktuelt\/tag\/skole\/\" class=\"tag-cloud-link\">Skole<\/a>\n\t\t\t\t\t<a href=\"https:\/\/hoyre.no\/innlandet\/aktuelt\/tag\/videregaende-skole\/\" class=\"tag-cloud-link\">Videreg\u00e5ende skole<\/a>\n\t\t\t<\/div>\n\t<\/div>\n<div class=\"post-footer alignfull has-background block-editor-block-list__block\" data-align=full>\n\t<div class=\"post-footer-inner\">\n\t\t<h3>Relaterte artikler<\/h3>\n\t\t<div class=\"related-content\"><div class=\"is-card-hoyre\">\n\t<div class=\"teft-card hoyre-teft-card post-teft-card\">\n\t\t<a href=\"https:\/\/hoyre.no\/innlandet\/aktuelt\/bedre-bruk-av-laererne-til-elevenes-beste\/\" class=\"teft-card__primary-action\">\n\n\t\t\t\t\t<div class=\"teft-card__media teft-card__media--16-9\">\n\t\t\t\t\t\t<img loading=\"lazy\" decoding=\"async\" width=\"768\" height=\"512\" src=\"https:\/\/hoyre.no\/content\/uploads\/sites\/7\/2024\/11\/Hanne-Alstrup-Velure-04-LOCOMOTIV-768x512.jpg\" class=\"attachment-medium_large size-medium_large\" alt=\"Hanne Alstrup Velure. Foto: Jan Tore \u00d8verstad \/ Locomotiv AS\" srcset=\"https:\/\/hoyre.no\/content\/uploads\/sites\/7\/2024\/11\/Hanne-Alstrup-Velure-04-LOCOMOTIV-768x512.jpg 768w, https:\/\/hoyre.no\/content\/uploads\/sites\/7\/2024\/11\/Hanne-Alstrup-Velure-04-LOCOMOTIV-300x200.jpg 300w, https:\/\/hoyre.no\/content\/uploads\/sites\/7\/2024\/11\/Hanne-Alstrup-Velure-04-LOCOMOTIV-1024x683.jpg 1024w, https:\/\/hoyre.no\/content\/uploads\/sites\/7\/2024\/11\/Hanne-Alstrup-Velure-04-LOCOMOTIV-1536x1024.jpg 1536w, https:\/\/hoyre.no\/content\/uploads\/sites\/7\/2024\/11\/Hanne-Alstrup-Velure-04-LOCOMOTIV-2048x1365.jpg 2048w\" sizes=\"auto, (max-width: 768px) 100vw, 768px\" \/>\t\t<\/div>\n\t\t\n\t\t\t<div class=\"teft-card__content-wrapper\">\n\t\t\t\t<div class=\"teft-card__secondary\">\n\t\t\t\t\t\n\t\t\t\t\t\t\t\t<div class=\"teft-card__meta\">\n\t\t\t\t\t\t\t\t\t<span class=\"post-date\">13. apr 2026<\/span>\n\n\t\t\t\t\t\t\t\t\t<span class=\"post-category\">Debatt<\/span>\t\t\t\t\t\t\t\t<\/div>\n\t\t\t\t\t\t\t\t\t\t\t<\/div>\n\n\t\t\t\t<div class=\"teft-card__primary\">\n\t\t\t\t\t<h2 class=\"teft-card__title\">Bedre bruk av l\u00e6rerne \u2013 til elevenes beste&nbsp;<span class=\"teft-card__primary-title-append\"><\/span><\/h2>\t\t\t\t<\/div>\n\t\t\t<\/div>\n\t\t<\/a>\n\t<\/div>\n\n\t<\/div><div class=\"is-card-hoyre\">\n\t<div class=\"teft-card hoyre-teft-card post-teft-card\">\n\t\t<a href=\"https:\/\/hoyre.no\/innlandet\/aktuelt\/viltet-er-en-ressurs-na-og-i-fremtiden\/\" class=\"teft-card__primary-action\">\n\n\t\t\t\t\t<div class=\"teft-card__media teft-card__media--16-9\">\n\t\t\t\t\t\t<img loading=\"lazy\" decoding=\"async\" width=\"768\" height=\"768\" src=\"https:\/\/hoyre.no\/content\/uploads\/sites\/7\/2026\/03\/Joakim-Ekseth-jakt-kvadrat-768x768.jpg\" class=\"attachment-medium_large size-medium_large\" alt=\"\" srcset=\"https:\/\/hoyre.no\/content\/uploads\/sites\/7\/2026\/03\/Joakim-Ekseth-jakt-kvadrat-768x768.jpg 768w, https:\/\/hoyre.no\/content\/uploads\/sites\/7\/2026\/03\/Joakim-Ekseth-jakt-kvadrat-300x300.jpg 300w, https:\/\/hoyre.no\/content\/uploads\/sites\/7\/2026\/03\/Joakim-Ekseth-jakt-kvadrat-1024x1024.jpg 1024w, https:\/\/hoyre.no\/content\/uploads\/sites\/7\/2026\/03\/Joakim-Ekseth-jakt-kvadrat-150x150.jpg 150w, https:\/\/hoyre.no\/content\/uploads\/sites\/7\/2026\/03\/Joakim-Ekseth-jakt-kvadrat.jpg 1080w\" sizes=\"auto, (max-width: 768px) 100vw, 768px\" \/>\t\t<\/div>\n\t\t\n\t\t\t<div class=\"teft-card__content-wrapper\">\n\t\t\t\t<div class=\"teft-card__secondary\">\n\t\t\t\t\t\n\t\t\t\t\t\t\t\t<div class=\"teft-card__meta\">\n\t\t\t\t\t\t\t\t\t<span class=\"post-date\">20. mar 2026<\/span>\n\n\t\t\t\t\t\t\t\t\t<span class=\"post-category\">Debatt<\/span>\t\t\t\t\t\t\t\t<\/div>\n\t\t\t\t\t\t\t\t\t\t\t<\/div>\n\n\t\t\t\t<div class=\"teft-card__primary\">\n\t\t\t\t\t<h2 class=\"teft-card__title\">Viltet er en ressurs, n\u00e5 og i fremtiden&nbsp;<span class=\"teft-card__primary-title-append\"><\/span><\/h2>\t\t\t\t<\/div>\n\t\t\t<\/div>\n\t\t<\/a>\n\t<\/div>\n\n\t<\/div><div class=\"is-card-hoyre\">\n\t<div class=\"teft-card hoyre-teft-card post-teft-card\">\n\t\t<a href=\"https:\/\/hoyre.no\/innlandet\/aktuelt\/bekind\/\" class=\"teft-card__primary-action\">\n\n\t\t\t\t\t<div class=\"teft-card__media teft-card__media--16-9\">\n\t\t\t\t\t\t<img loading=\"lazy\" decoding=\"async\" width=\"768\" height=\"768\" src=\"https:\/\/hoyre.no\/content\/uploads\/sites\/7\/2026\/03\/Joanna-Randmaer-Warpe-fotball-kvadrat-768x768.jpg\" class=\"attachment-medium_large size-medium_large\" alt=\"\" srcset=\"https:\/\/hoyre.no\/content\/uploads\/sites\/7\/2026\/03\/Joanna-Randmaer-Warpe-fotball-kvadrat-768x768.jpg 768w, https:\/\/hoyre.no\/content\/uploads\/sites\/7\/2026\/03\/Joanna-Randmaer-Warpe-fotball-kvadrat-300x300.jpg 300w, https:\/\/hoyre.no\/content\/uploads\/sites\/7\/2026\/03\/Joanna-Randmaer-Warpe-fotball-kvadrat-1024x1024.jpg 1024w, https:\/\/hoyre.no\/content\/uploads\/sites\/7\/2026\/03\/Joanna-Randmaer-Warpe-fotball-kvadrat-150x150.jpg 150w, https:\/\/hoyre.no\/content\/uploads\/sites\/7\/2026\/03\/Joanna-Randmaer-Warpe-fotball-kvadrat.jpg 1080w\" sizes=\"auto, (max-width: 768px) 100vw, 768px\" \/>\t\t<\/div>\n\t\t\n\t\t\t<div class=\"teft-card__content-wrapper\">\n\t\t\t\t<div class=\"teft-card__secondary\">\n\t\t\t\t\t\n\t\t\t\t\t\t\t\t<div class=\"teft-card__meta\">\n\t\t\t\t\t\t\t\t\t<span class=\"post-date\">19. mar 2026<\/span>\n\n\t\t\t\t\t\t\t\t\t<span class=\"post-category\">Debatt<\/span>\t\t\t\t\t\t\t\t<\/div>\n\t\t\t\t\t\t\t\t\t\t\t<\/div>\n\n\t\t\t\t<div class=\"teft-card__primary\">\n\t\t\t\t\t<h2 class=\"teft-card__title\">#BeKind\u00a0&nbsp;<span class=\"teft-card__primary-title-append\"><\/span><\/h2>\t\t\t\t<\/div>\n\t\t\t<\/div>\n\t\t<\/a>\n\t<\/div>\n\n\t<\/div><\/div>\t<\/div>\n<\/div>\n","protected":false},"excerpt":{"rendered":"<p>Les hva Vegard Riseng sa i Fylkestinget: Fylkesordf\u00f8rer Denne saken har jeg jobbet med siden jeg ble fylkestingsrepresentant for ni \u00e5r siden. I dag skal vi etter alle solemerker vedta en b\u00e6rekraftig skolestruktur for fremtiden i Innlandet. Likevel f\u00f8ler jeg absolutt ingen glede ved \u00e5 n\u00e5 denne milep\u00e6len, men jeg er veldig motivert for \u00e5 [&hellip;]<\/p>\n","protected":false},"author":26288,"featured_media":0,"comment_status":"closed","ping_status":"closed","sticky":false,"template":"","format":"standard","meta":{"teft_cards_image_url":"","teft_cards_custom_pretitle":"","teft_cards_image_id":1335,"teft_cards_image_focal_point_x":0.5,"teft_cards_image_focal_point_y":0.3,"teft_cards_title":"","teft_cards_excerpt":"Vegard Riseng snakket om reisevei og transport for de som n\u00e5 kommer til \u00e5 oppleve at de m\u00e5 reise lengre for \u00e5 f\u00e5 videreg\u00e5ende oppl\u00e6ring","teft_show_chapters":false,"author_display_name":"","footnotes":""},"category":[30,60,32,34,31,38],"post_tag":[63,61,21,62],"hoyre-visibility":[],"article-type":[],"politician":[10],"class_list":["post-1564","post","type-post","status-publish","format-standard","hentry","category-fylkestinget","category-kollektivtransport","category-politikk","category-utdanning","category-vare-politikere","category-videregaende-skole","tag-kollektiv-transport","tag-samferdsel","tag-skole","tag-videregaende-skole","politician-vegard_riseng"],"yoast_head":"<!-- This site is optimized with the Yoast SEO plugin v26.6 - https:\/\/yoast.com\/wordpress\/plugins\/seo\/ -->\n<title>Vegard Risengs innlegg i skolestruktursaken - Innlandet H\u00f8yre<\/title>\n<meta name=\"robots\" content=\"index, follow, max-snippet:-1, max-image-preview:large, max-video-preview:-1\" \/>\n<link rel=\"canonical\" href=\"https:\/\/hoyre.no\/innlandet\/aktuelt\/vegard-risengs-innlegg-i-skolestruktursaken\/\" \/>\n<meta property=\"og:locale\" content=\"nb_NO\" \/>\n<meta property=\"og:type\" content=\"article\" \/>\n<meta property=\"og:title\" content=\"Vegard Risengs innlegg i skolestruktursaken - Innlandet H\u00f8yre\" \/>\n<meta property=\"og:description\" content=\"Les hva Vegard Riseng sa i Fylkestinget: Fylkesordf\u00f8rer Denne saken har jeg jobbet med siden jeg ble fylkestingsrepresentant for ni \u00e5r siden. I dag skal vi etter alle solemerker vedta en b\u00e6rekraftig skolestruktur for fremtiden i Innlandet. Likevel f\u00f8ler jeg absolutt ingen glede ved \u00e5 n\u00e5 denne milep\u00e6len, men jeg er veldig motivert for \u00e5 [&hellip;]\" \/>\n<meta property=\"og:url\" content=\"https:\/\/hoyre.no\/innlandet\/aktuelt\/vegard-risengs-innlegg-i-skolestruktursaken\/\" \/>\n<meta property=\"og:site_name\" content=\"Innlandet H\u00f8yre\" \/>\n<meta property=\"article:published_time\" content=\"2024-10-23T13:52:45+00:00\" \/>\n<meta property=\"article:modified_time\" content=\"2024-10-24T08:43:30+00:00\" \/>\n<meta property=\"og:image\" content=\"https:\/\/hoyre.no\/content\/uploads\/sites\/7\/2026\/03\/Joanna-Randmaer-Warpe-fotball-kvadrat-1024x1024.jpg\" \/>\n<meta name=\"author\" content=\"Erlend Gj\u00f8lme\" \/>\n<meta name=\"twitter:card\" content=\"summary_large_image\" \/>\n<meta name=\"twitter:label1\" content=\"Skrevet av\" \/>\n\t<meta name=\"twitter:data1\" content=\"Erlend Gj\u00f8lme\" \/>\n\t<meta name=\"twitter:label2\" content=\"Ansl. lesetid\" \/>\n\t<meta name=\"twitter:data2\" content=\"1 minutt\" \/>\n<script type=\"application\/ld+json\" class=\"yoast-schema-graph\">{\"@context\":\"https:\/\/schema.org\",\"@graph\":[{\"@type\":\"NewsArticle\",\"@id\":\"https:\/\/hoyre.no\/innlandet\/aktuelt\/vegard-risengs-innlegg-i-skolestruktursaken\/\",\"url\":\"https:\/\/hoyre.no\/innlandet\/aktuelt\/vegard-risengs-innlegg-i-skolestruktursaken\/\",\"name\":\"Vegard Risengs innlegg i skolestruktursaken - Innlandet H\u00f8yre\",\"isPartOf\":{\"@id\":\"https:\/\/hoyre.no\/innlandet\/#website\"},\"image\":{\"@id\":\"https:\/\/hoyre.no\/innlandet\/aktuelt\/vegard-risengs-innlegg-i-skolestruktursaken\/#primaryimage\"},\"thumbnailUrl\":\"https:\/\/hoyre.no\/content\/uploads\/sites\/7\/2024\/10\/3527424396-Innlandet_fylkeskommune_kart-973x1024.jpg\",\"datePublished\":\"2024-10-23T13:52:45+00:00\",\"dateModified\":\"2024-10-24T08:43:30+00:00\",\"author\":{\"@id\":\"https:\/\/hoyre.no\/innlandet\/#\/schema\/person\/8f41eef411c647642cf257592f9fce1c\"},\"breadcrumb\":{\"@id\":\"https:\/\/hoyre.no\/innlandet\/aktuelt\/vegard-risengs-innlegg-i-skolestruktursaken\/#breadcrumb\"},\"inLanguage\":\"nb-NO\",\"potentialAction\":[{\"@type\":\"ReadAction\",\"target\":[\"https:\/\/hoyre.no\/innlandet\/aktuelt\/vegard-risengs-innlegg-i-skolestruktursaken\/\"]}]},{\"@type\":\"ImageObject\",\"inLanguage\":\"nb-NO\",\"@id\":\"https:\/\/hoyre.no\/innlandet\/aktuelt\/vegard-risengs-innlegg-i-skolestruktursaken\/#primaryimage\",\"url\":\"https:\/\/hoyre.no\/content\/uploads\/sites\/7\/2024\/10\/3527424396-Innlandet_fylkeskommune_kart-973x1024.jpg\",\"contentUrl\":\"https:\/\/hoyre.no\/content\/uploads\/sites\/7\/2024\/10\/3527424396-Innlandet_fylkeskommune_kart-973x1024.jpg\"},{\"@type\":\"BreadcrumbList\",\"@id\":\"https:\/\/hoyre.no\/innlandet\/aktuelt\/vegard-risengs-innlegg-i-skolestruktursaken\/#breadcrumb\",\"itemListElement\":[{\"@type\":\"ListItem\",\"position\":1,\"name\":\"Til hoyre.no\",\"item\":\"https:\/\/hoyre.no\"},{\"@type\":\"ListItem\",\"position\":2,\"name\":\"Hjem\",\"item\":\"https:\/\/hoyre.no\/innlandet\/\"},{\"@type\":\"ListItem\",\"position\":3,\"name\":\"Vegard Risengs innlegg i skolestruktursaken\"}]},{\"@type\":\"WebSite\",\"@id\":\"https:\/\/hoyre.no\/innlandet\/#website\",\"url\":\"https:\/\/hoyre.no\/innlandet\/\",\"name\":\"Innlandet H\u00f8yre\",\"description\":\"Bare enda et H\u00f8yres nettsteder-nettsted\",\"inLanguage\":\"nb-NO\"},{\"@type\":\"Person\",\"@id\":\"https:\/\/hoyre.no\/innlandet\/#\/schema\/person\/8f41eef411c647642cf257592f9fce1c\",\"name\":\"Erlend Gj\u00f8lme\",\"image\":{\"@type\":\"ImageObject\",\"inLanguage\":\"nb-NO\",\"@id\":\"https:\/\/hoyre.no\/innlandet\/#\/schema\/person\/image\/\",\"url\":\"https:\/\/secure.gravatar.com\/avatar\/19308e99cc26c2c18ba01243f850e887a482eed229c88c0905de487505a4d093?s=96&d=mm&r=g\",\"contentUrl\":\"https:\/\/secure.gravatar.com\/avatar\/19308e99cc26c2c18ba01243f850e887a482eed229c88c0905de487505a4d093?s=96&d=mm&r=g\",\"caption\":\"Erlend Gj\u00f8lme\"},\"url\":\"https:\/\/hoyre.no\/innlandet\/aktuelt\/author\/m50054840\/\"}]}<\/script>\n<!-- \/ Yoast SEO plugin. -->","yoast_head_json":{"title":"Vegard Risengs innlegg i skolestruktursaken - Innlandet H\u00f8yre","robots":{"index":"index","follow":"follow","max-snippet":"max-snippet:-1","max-image-preview":"max-image-preview:large","max-video-preview":"max-video-preview:-1"},"canonical":"https:\/\/hoyre.no\/innlandet\/aktuelt\/vegard-risengs-innlegg-i-skolestruktursaken\/","og_locale":"nb_NO","og_type":"article","og_title":"Vegard Risengs innlegg i skolestruktursaken - Innlandet H\u00f8yre","og_description":"Les hva Vegard Riseng sa i Fylkestinget: Fylkesordf\u00f8rer Denne saken har jeg jobbet med siden jeg ble fylkestingsrepresentant for ni \u00e5r siden. I dag skal vi etter alle solemerker vedta en b\u00e6rekraftig skolestruktur for fremtiden i Innlandet. Likevel f\u00f8ler jeg absolutt ingen glede ved \u00e5 n\u00e5 denne milep\u00e6len, men jeg er veldig motivert for \u00e5 [&hellip;]","og_url":"https:\/\/hoyre.no\/innlandet\/aktuelt\/vegard-risengs-innlegg-i-skolestruktursaken\/","og_site_name":"Innlandet H\u00f8yre","article_published_time":"2024-10-23T13:52:45+00:00","article_modified_time":"2024-10-24T08:43:30+00:00","og_image":[{"url":"https:\/\/hoyre.no\/content\/uploads\/sites\/7\/2026\/03\/Joanna-Randmaer-Warpe-fotball-kvadrat-1024x1024.jpg","width":"","height":"","type":""}],"author":"Erlend Gj\u00f8lme","twitter_card":"summary_large_image","twitter_misc":{"Skrevet av":"Erlend Gj\u00f8lme","Ansl. lesetid":"1 minutt"},"schema":{"@context":"https:\/\/schema.org","@graph":[{"@type":"NewsArticle","@id":"https:\/\/hoyre.no\/innlandet\/aktuelt\/vegard-risengs-innlegg-i-skolestruktursaken\/","url":"https:\/\/hoyre.no\/innlandet\/aktuelt\/vegard-risengs-innlegg-i-skolestruktursaken\/","name":"Vegard Risengs innlegg i skolestruktursaken - Innlandet H\u00f8yre","isPartOf":{"@id":"https:\/\/hoyre.no\/innlandet\/#website"},"image":{"@id":"https:\/\/hoyre.no\/innlandet\/aktuelt\/vegard-risengs-innlegg-i-skolestruktursaken\/#primaryimage"},"thumbnailUrl":"https:\/\/hoyre.no\/content\/uploads\/sites\/7\/2024\/10\/3527424396-Innlandet_fylkeskommune_kart-973x1024.jpg","datePublished":"2024-10-23T13:52:45+00:00","dateModified":"2024-10-24T08:43:30+00:00","author":{"@id":"https:\/\/hoyre.no\/innlandet\/#\/schema\/person\/8f41eef411c647642cf257592f9fce1c"},"breadcrumb":{"@id":"https:\/\/hoyre.no\/innlandet\/aktuelt\/vegard-risengs-innlegg-i-skolestruktursaken\/#breadcrumb"},"inLanguage":"nb-NO","potentialAction":[{"@type":"ReadAction","target":["https:\/\/hoyre.no\/innlandet\/aktuelt\/vegard-risengs-innlegg-i-skolestruktursaken\/"]}]},{"@type":"ImageObject","inLanguage":"nb-NO","@id":"https:\/\/hoyre.no\/innlandet\/aktuelt\/vegard-risengs-innlegg-i-skolestruktursaken\/#primaryimage","url":"https:\/\/hoyre.no\/content\/uploads\/sites\/7\/2024\/10\/3527424396-Innlandet_fylkeskommune_kart-973x1024.jpg","contentUrl":"https:\/\/hoyre.no\/content\/uploads\/sites\/7\/2024\/10\/3527424396-Innlandet_fylkeskommune_kart-973x1024.jpg"},{"@type":"BreadcrumbList","@id":"https:\/\/hoyre.no\/innlandet\/aktuelt\/vegard-risengs-innlegg-i-skolestruktursaken\/#breadcrumb","itemListElement":[{"@type":"ListItem","position":1,"name":"Til hoyre.no","item":"https:\/\/hoyre.no"},{"@type":"ListItem","position":2,"name":"Hjem","item":"https:\/\/hoyre.no\/innlandet\/"},{"@type":"ListItem","position":3,"name":"Vegard Risengs innlegg i skolestruktursaken"}]},{"@type":"WebSite","@id":"https:\/\/hoyre.no\/innlandet\/#website","url":"https:\/\/hoyre.no\/innlandet\/","name":"Innlandet H\u00f8yre","description":"Bare enda et H\u00f8yres nettsteder-nettsted","inLanguage":"nb-NO"},{"@type":"Person","@id":"https:\/\/hoyre.no\/innlandet\/#\/schema\/person\/8f41eef411c647642cf257592f9fce1c","name":"Erlend Gj\u00f8lme","image":{"@type":"ImageObject","inLanguage":"nb-NO","@id":"https:\/\/hoyre.no\/innlandet\/#\/schema\/person\/image\/","url":"https:\/\/secure.gravatar.com\/avatar\/19308e99cc26c2c18ba01243f850e887a482eed229c88c0905de487505a4d093?s=96&d=mm&r=g","contentUrl":"https:\/\/secure.gravatar.com\/avatar\/19308e99cc26c2c18ba01243f850e887a482eed229c88c0905de487505a4d093?s=96&d=mm&r=g","caption":"Erlend Gj\u00f8lme"},"url":"https:\/\/hoyre.no\/innlandet\/aktuelt\/author\/m50054840\/"}]}},"distributor_meta":false,"distributor_terms":false,"distributor_media":false,"distributor_original_site_name":"Innlandet H\u00f8yre","distributor_original_site_url":"https:\/\/hoyre.no\/innlandet","push-errors":false,"_links":{"self":[{"href":"https:\/\/hoyre.no\/innlandet\/wp-json\/wp\/v2\/posts\/1564","targetHints":{"allow":["GET"]}}],"collection":[{"href":"https:\/\/hoyre.no\/innlandet\/wp-json\/wp\/v2\/posts"}],"about":[{"href":"https:\/\/hoyre.no\/innlandet\/wp-json\/wp\/v2\/types\/post"}],"author":[{"embeddable":true,"href":"https:\/\/hoyre.no\/innlandet\/wp-json\/wp\/v2\/users\/26288"}],"replies":[{"embeddable":true,"href":"https:\/\/hoyre.no\/innlandet\/wp-json\/wp\/v2\/comments?post=1564"}],"version-history":[{"count":4,"href":"https:\/\/hoyre.no\/innlandet\/wp-json\/wp\/v2\/posts\/1564\/revisions"}],"predecessor-version":[{"id":1572,"href":"https:\/\/hoyre.no\/innlandet\/wp-json\/wp\/v2\/posts\/1564\/revisions\/1572"}],"wp:attachment":[{"href":"https:\/\/hoyre.no\/innlandet\/wp-json\/wp\/v2\/media?parent=1564"}],"wp:term":[{"taxonomy":"category","embeddable":true,"href":"https:\/\/hoyre.no\/innlandet\/wp-json\/wp\/v2\/category?post=1564"},{"taxonomy":"post_tag","embeddable":true,"href":"https:\/\/hoyre.no\/innlandet\/wp-json\/wp\/v2\/post_tag?post=1564"},{"taxonomy":"hoyre-visibility","embeddable":true,"href":"https:\/\/hoyre.no\/innlandet\/wp-json\/wp\/v2\/hoyre-visibility?post=1564"},{"taxonomy":"article-type","embeddable":true,"href":"https:\/\/hoyre.no\/innlandet\/wp-json\/wp\/v2\/article-type?post=1564"},{"taxonomy":"politician","embeddable":true,"href":"https:\/\/hoyre.no\/innlandet\/wp-json\/wp\/v2\/politician?post=1564"}],"curies":[{"name":"wp","href":"https:\/\/api.w.org\/{rel}","templated":true}]}}