{"id":1635,"date":"2024-12-18T14:04:51","date_gmt":"2024-12-18T13:04:51","guid":{"rendered":"https:\/\/hoyre.no\/innlandet\/?p=1635"},"modified":"2024-12-19T15:25:44","modified_gmt":"2024-12-19T14:25:44","slug":"ny-trygg-og-inkluderende-avgangsmarkering-for-russen","status":"publish","type":"post","link":"https:\/\/hoyre.no\/innlandet\/aktuelt\/ny-trygg-og-inkluderende-avgangsmarkering-for-russen\/","title":{"rendered":"Ny, trygg og inkluderende avgangsmarkering for russen"},"content":{"rendered":"\n<p class=\"preamble\">Fylkestinget skal ha en prosess med b\u00e5de h\u00f8ring og involvering av alle ber\u00f8rte parter med m\u00e5l om \u00e5 etablere en ny, trygg og inkluderende avgangsmarkering for elevene p\u00e5 videreg\u00e5ende skole.<\/p>\t\t\t<div class=\"post-meta wp-block teft-byline-wrapper\">\n\t\t\t\t<div class=\"top\">\n\t\t\t\t\t<div class=\"signature\">\n\t\t\t\t\t\t<div class=\"teft-byline\">\n\t\t\t\t\t\t\t\t\t\t\t\t\t\t<div>\n\t\t\t\t\t\t\t\t<h3>H\u00f8yres redaksjon<\/h3>\t\t\t\t\t\t\t\t\n\t\t\t\t\t\t\t\t\t\t\t\t\t\t\t\t\t<span class=\"date\">Sist oppdatert: 19. desember 2024<\/span>\n\t\t\t\t\t\t\t\t\t\t\t\t\t\t\t\t\t\t\t\t\t\t\t\t\t<span class=\"reading-time\" itemprop=\"timeRequired\" content=\"PT3M\"><em>Ca. 3 minutter lesetid<\/em><\/span>\n\t\t\t\t\t\t\t\t\t\t\t\t\t\t\t<\/div>\n\t\t\t\t\t\t<\/div>\n\t\t\t\t\t<\/div>\n\t\t\t\t\t\t<div class=\"sharing\">\n\t\t<a class=\"share-button share-link copy-link\" data-copy=\"https:\/\/hoyre.no\/innlandet\/aktuelt\/ny-trygg-og-inkluderende-avgangsmarkering-for-russen\/\" target=\"_blank\"><span class=\"screen-reader-text\">Del link<\/span><\/a>\n\t\t<a class=\"share-button share-twitter\" href=\"http:\/\/twitter.com\/share?text=Ny, trygg og inkluderende avgangsmarkering for russen&#038;url=https:\/\/hoyre.no\/innlandet\/aktuelt\/ny-trygg-og-inkluderende-avgangsmarkering-for-russen\/&#038;hashtags=Hoyre\" target=\"_blank\"><span class=\"screen-reader-text\">Del p\u00e5 twitter<\/span><\/a>\n\t\t<a class=\"share-button share-facebook\" href=\"https:\/\/www.facebook.com\/sharer\/sharer.php?u=https:\/\/hoyre.no\/innlandet\/aktuelt\/ny-trygg-og-inkluderende-avgangsmarkering-for-russen\/\" target=\"_blank\"><span class=\"screen-reader-text\">Del p\u00e5 facebook<\/span><\/a>\n\t<\/div>\n\t\t\t\t\t<\/div>\n\t\t\t<\/div>\n\n\t\t\t<figure class=\"hoyre-image-wrapper\"><div class=\"hoyre-image\"><img loading=\"lazy\" decoding=\"async\" width=\"2500\" height=\"1666\" src=\"https:\/\/hoyre.no\/content\/uploads\/sites\/7\/2024\/12\/Hanne-Alstrup-Velure-og-Joakim-Ekseth-01-LOCOMOTIV-scaled.jpg\" class=\"attachment-scaled size-scaled\" alt=\"Hanne Alstrup Velure og Joakim Ekseth, Foto: Jan Tore \u00d8verstad \/ Locomotiv AS\" style=\"object-position: 50% 50%\" srcset=\"https:\/\/hoyre.no\/content\/uploads\/sites\/7\/2024\/12\/Hanne-Alstrup-Velure-og-Joakim-Ekseth-01-LOCOMOTIV-scaled.jpg 2500w, https:\/\/hoyre.no\/content\/uploads\/sites\/7\/2024\/12\/Hanne-Alstrup-Velure-og-Joakim-Ekseth-01-LOCOMOTIV-300x200.jpg 300w, https:\/\/hoyre.no\/content\/uploads\/sites\/7\/2024\/12\/Hanne-Alstrup-Velure-og-Joakim-Ekseth-01-LOCOMOTIV-1024x683.jpg 1024w, https:\/\/hoyre.no\/content\/uploads\/sites\/7\/2024\/12\/Hanne-Alstrup-Velure-og-Joakim-Ekseth-01-LOCOMOTIV-768x512.jpg 768w, https:\/\/hoyre.no\/content\/uploads\/sites\/7\/2024\/12\/Hanne-Alstrup-Velure-og-Joakim-Ekseth-01-LOCOMOTIV-1536x1024.jpg 1536w, https:\/\/hoyre.no\/content\/uploads\/sites\/7\/2024\/12\/Hanne-Alstrup-Velure-og-Joakim-Ekseth-01-LOCOMOTIV-2048x1365.jpg 2048w\" sizes=\"auto, (max-width: 2500px) 100vw, 2500px\" \/><\/div><figcaption class=\"caption\">Fylkesvaraordf\u00f8rer Hanne Alstrup Velure og hovedutvalgsleder for utdanning, Joakim Ekseth. Foto: Jan Tore \u00d8verstad \/ Locomotiv AS<\/figcaption><\/figure>\n\n\n\n<p>Flertallspartiene vedtok p\u00e5 fylkestinget et vedtak om en ny avgangsmarkering til erstatning av dagens russetid.<\/p>\n\n\n\n<p><em>\u00abDet har v\u00e6rt flere tydelige signaler som vi m\u00e5 ta p\u00e5 alvor\u00bb<\/em>, sier Hanne Alstrup Velure (H), fylkesvaraordf\u00f8rer i Innlandet fylkeskommune. Hun viser til b\u00e5de ungdataunders\u00f8kelsen, rapporten Ung i Innlandet, avisoppslag og samtaler med ungdom og bekymrede foreldre.<\/p>\n\n\n\n<blockquote class=\"wp-block-quote is-layout-flow wp-block-quote-is-layout-flow\">\n<p class=\"is-style-default\">\u00abDet er garantert verken kult eller popul\u00e6rt \u00e5 h\u00f8re p\u00e5 ei godt voksen dame som aldri har hatt den norske russekulturen inne under huden. So be it. Men som med s\u00e5 mye annet \u2013 jeg har b\u00e5de \u00f8yne og \u00f8rer og begge fungerer fortsatt utmerket &#8211; de fanger opp at det er sv\u00e6rt mange som slett ikke synes \u00e5relang russefeiring med audition, russegrupperinger og utagerende festing i dyrekj\u00f8pte biler med kostbare russeeffekter, er \u00e5lreit. Det er alle dem jeg vil fokusere p\u00e5. Alle dem som gruer seg til russetiden i frykt for \u00e5 ikke bli \u00abvalgt\u00bb eller \u00abtatt med\u00bb. Alle de som sympatiserer med dem. Alle foreldrene som er fortvilte over \u00e5 ikke ha r\u00e5d til dette racet. Det er nok n\u00e5 \u2013 det er nok.\u00bb<\/p>\n<\/blockquote>\n\n\n\n<div class=\"wp-block-media-text is-stacked-on-mobile is-image-fill\"><figure class=\"wp-block-media-text__media\" style=\"background-image:url('https:\/\/hoyre.no\/content\/uploads\/sites\/7\/2024\/11\/Hanne-Alstrup-Velure-04-LOCOMOTIV-1024x683.jpg');background-position:50% 50%\"><img loading=\"lazy\" decoding=\"async\" width=\"1024\" height=\"683\" src=\"https:\/\/hoyre.no\/content\/uploads\/sites\/7\/2024\/11\/Hanne-Alstrup-Velure-04-LOCOMOTIV-1024x683.jpg\" alt=\"Hanne Alstrup Velure. Foto: Jan Tore \u00d8verstad \/ Locomotiv AS\" class=\"wp-image-1590 size-full\" srcset=\"https:\/\/hoyre.no\/content\/uploads\/sites\/7\/2024\/11\/Hanne-Alstrup-Velure-04-LOCOMOTIV-1024x683.jpg 1024w, https:\/\/hoyre.no\/content\/uploads\/sites\/7\/2024\/11\/Hanne-Alstrup-Velure-04-LOCOMOTIV-300x200.jpg 300w, https:\/\/hoyre.no\/content\/uploads\/sites\/7\/2024\/11\/Hanne-Alstrup-Velure-04-LOCOMOTIV-768x512.jpg 768w, https:\/\/hoyre.no\/content\/uploads\/sites\/7\/2024\/11\/Hanne-Alstrup-Velure-04-LOCOMOTIV-1536x1024.jpg 1536w, https:\/\/hoyre.no\/content\/uploads\/sites\/7\/2024\/11\/Hanne-Alstrup-Velure-04-LOCOMOTIV-2048x1365.jpg 2048w\" sizes=\"auto, (max-width: 1024px) 100vw, 1024px\" \/><\/figure><div class=\"wp-block-media-text__content\">\n<p>Hanne Alstrup Velure viser til at avgangsfeiringen i Norge har utviklet seg til en kommersiell fest der store firma st\u00e5r bak og tjener store penger p\u00e5 at ungdom setter seg i gjeld.<\/p>\n<\/div><\/div>\n\n\n\n<blockquote class=\"wp-block-quote is-layout-flow wp-block-quote-is-layout-flow\">\n<p class=\"is-style-large\">Voksne m\u00e5 t\u00f8rre \u00e5 sette grenser. Voksne med ansvar for et godt l\u00e6rings- og mestringsmilj\u00f8 m\u00e5 t\u00f8rre \u00e5 ta grep n\u00e5r vi vet at mange er merket av en ukultur.<\/p>\n<\/blockquote>\n\n\n\n<h3 class=\"wp-block-heading\"><strong>Flere ytret enighet<\/strong><\/h3>\n\n\n\n<p>Joakim Ekseth, leder av hovedutvalg for utdanning, som har ansvaret for de videreg\u00e5ende skolene i Innlandet markerte enighet med fylkesvaraordf\u00f8reren og med forslagsstiller Hans Kristian Enge (AP).<\/p>\n\n\n\n<blockquote class=\"wp-block-quote is-layout-flow wp-block-quote-is-layout-flow\">\n<p>\u00abDet handler ikke bare om de 2-3 \u00e5rene elevene g\u00e5r p\u00e5 videreg\u00e5ende skole. Dette starter for mange langt ned i ungdomsskolen. Det dreier seg om hvem du er og skal v\u00e6re venn med eller hvem du skal spise mat sammen med i lunsjen. Det dreier seg om hvilken \u00f8konomi foreldrene dine har. Om du og familien din har r\u00e5d til \u00e5 v\u00e6re med i den ene eller andre gjengen \u2013 p\u00e5 ungdomsskolen. Hadde dette skjedd p\u00e5 en ordin\u00e6r arbeidsplass hadde ingen akseptert det.\u00bb<\/p>\n<\/blockquote>\n\n\n\n<h4 class=\"wp-block-heading\"><strong>Utenforskapet starter allerede under planleggingen av russetiden helt ned i ungdomsskolen.<\/strong><\/h4>\n\n\n\n<div class=\"wp-block-media-text is-stacked-on-mobile is-image-fill\"><figure class=\"wp-block-media-text__media\" style=\"background-image:url('https:\/\/hoyre.no\/content\/uploads\/sites\/7\/2024\/12\/Joakim-Ekseth-01-LOCOMOTIV-1-1024x683.jpg');background-position:50% 50%\"><img loading=\"lazy\" decoding=\"async\" width=\"1024\" height=\"683\" src=\"https:\/\/hoyre.no\/content\/uploads\/sites\/7\/2024\/12\/Joakim-Ekseth-01-LOCOMOTIV-1-1024x683.jpg\" alt=\"\" class=\"wp-image-1637 size-full\" srcset=\"https:\/\/hoyre.no\/content\/uploads\/sites\/7\/2024\/12\/Joakim-Ekseth-01-LOCOMOTIV-1-1024x683.jpg 1024w, https:\/\/hoyre.no\/content\/uploads\/sites\/7\/2024\/12\/Joakim-Ekseth-01-LOCOMOTIV-1-300x200.jpg 300w, https:\/\/hoyre.no\/content\/uploads\/sites\/7\/2024\/12\/Joakim-Ekseth-01-LOCOMOTIV-1-768x512.jpg 768w, https:\/\/hoyre.no\/content\/uploads\/sites\/7\/2024\/12\/Joakim-Ekseth-01-LOCOMOTIV-1-1536x1024.jpg 1536w, https:\/\/hoyre.no\/content\/uploads\/sites\/7\/2024\/12\/Joakim-Ekseth-01-LOCOMOTIV-1-2048x1365.jpg 2048w\" sizes=\"auto, (max-width: 1024px) 100vw, 1024px\" \/><\/figure><div class=\"wp-block-media-text__content\">\n<blockquote class=\"wp-block-quote is-layout-flow wp-block-quote-is-layout-flow\">\n<p>For noen er russetiden en feiring som starter ni m\u00e5neder f\u00f8r siste eksamen er avlagt, for andre er russetiden et \u00e5r der en ikke er invitert med p\u00e5 festen og en ikke har r\u00e5d til \u00e5 v\u00e6re med hvis de skulle v\u00e6re s\u00e5 heldige \u00e5 bli invitert.<\/p>\n<\/blockquote>\n<\/div><\/div>\n\n\n\n<p>Fylkestinget skal ha en prosess med b\u00e5de h\u00f8ring og involvering av alle ber\u00f8rte parter med m\u00e5l om \u00e5 etablere en ny, trygg og inkluderende avgangsmarkering for elevene p\u00e5 videreg\u00e5ende skole.<\/p>\n\n\n\n\n<p><\/p>\n\n\n<div class=\"tags\">\n\t\t<div class=\"wp-block-tag-cloud\">\n\t\t\t\t\t<a href=\"https:\/\/hoyre.no\/innlandet\/aktuelt\/tag\/skole\/\" class=\"tag-cloud-link\">Skole<\/a>\n\t\t\t\t\t<a href=\"https:\/\/hoyre.no\/innlandet\/aktuelt\/tag\/utdanning\/\" class=\"tag-cloud-link\">Utdanning<\/a>\n\t\t\t\t\t<a href=\"https:\/\/hoyre.no\/innlandet\/aktuelt\/tag\/videregaende-skole\/\" class=\"tag-cloud-link\">Videreg\u00e5ende skole<\/a>\n\t\t\t<\/div>\n\t<\/div>\n<div class=\"post-footer alignfull has-background block-editor-block-list__block\" data-align=full>\n\t<div class=\"post-footer-inner\">\n\t\t<h3>Relaterte artikler<\/h3>\n\t\t<div class=\"related-content\"><div class=\"is-card-hoyre\">\n\t<div class=\"teft-card hoyre-teft-card post-teft-card\">\n\t\t<a href=\"https:\/\/hoyre.no\/innlandet\/aktuelt\/nar-lokaldemokratiet-nekter-og-staten-ikke-tar-ansvar\/\" class=\"teft-card__primary-action\">\n\n\t\t\t\t\t<div class=\"teft-card__media teft-card__media--16-9\">\n\t\t\t\t\t\t<img loading=\"lazy\" decoding=\"async\" width=\"768\" height=\"569\" src=\"https:\/\/hoyre.no\/content\/uploads\/sites\/7\/2026\/04\/Aasland-Velure-Helgesen_Arendal-2025-768x569.jpeg\" class=\"attachment-medium_large size-medium_large\" alt=\"Energiminister Terje Aasland (Ap), Hanne Alstrup Velure og KS-leder Gunn Marit Helgesen.\" srcset=\"https:\/\/hoyre.no\/content\/uploads\/sites\/7\/2026\/04\/Aasland-Velure-Helgesen_Arendal-2025-768x569.jpeg 768w, https:\/\/hoyre.no\/content\/uploads\/sites\/7\/2026\/04\/Aasland-Velure-Helgesen_Arendal-2025-300x222.jpeg 300w, https:\/\/hoyre.no\/content\/uploads\/sites\/7\/2026\/04\/Aasland-Velure-Helgesen_Arendal-2025-1024x758.jpeg 1024w, https:\/\/hoyre.no\/content\/uploads\/sites\/7\/2026\/04\/Aasland-Velure-Helgesen_Arendal-2025-1536x1137.jpeg 1536w, https:\/\/hoyre.no\/content\/uploads\/sites\/7\/2026\/04\/Aasland-Velure-Helgesen_Arendal-2025-2048x1516.jpeg 2048w\" sizes=\"auto, (max-width: 768px) 100vw, 768px\" \/>\t\t<\/div>\n\t\t\n\t\t\t<div class=\"teft-card__content-wrapper\">\n\t\t\t\t<div class=\"teft-card__secondary\">\n\t\t\t\t\t\n\t\t\t\t\t\t\t\t<div class=\"teft-card__meta\">\n\t\t\t\t\t\t\t\t\t<span class=\"post-date\">27. apr 2026<\/span>\n\n\t\t\t\t\t\t\t\t\t<span class=\"post-category\">Debatt<\/span>\t\t\t\t\t\t\t\t<\/div>\n\t\t\t\t\t\t\t\t\t\t\t<\/div>\n\n\t\t\t\t<div class=\"teft-card__primary\">\n\t\t\t\t\t<h2 class=\"teft-card__title\">N\u00e5r lokaldemokratiet nekter \u2013 og staten ikke tar ansvar&nbsp;<span class=\"teft-card__primary-title-append\"><\/span><\/h2>\t\t\t\t<\/div>\n\t\t\t<\/div>\n\t\t<\/a>\n\t<\/div>\n\n\t<\/div><div class=\"is-card-hoyre\">\n\t<div class=\"teft-card hoyre-teft-card post-teft-card\">\n\t\t<a href=\"https:\/\/hoyre.no\/innlandet\/aktuelt\/bedre-bruk-av-laererne-til-elevenes-beste\/\" class=\"teft-card__primary-action\">\n\n\t\t\t\t\t<div class=\"teft-card__media teft-card__media--16-9\">\n\t\t\t\t\t\t<img loading=\"lazy\" decoding=\"async\" width=\"768\" height=\"512\" src=\"https:\/\/hoyre.no\/content\/uploads\/sites\/7\/2024\/11\/Hanne-Alstrup-Velure-04-LOCOMOTIV-768x512.jpg\" class=\"attachment-medium_large size-medium_large\" alt=\"Hanne Alstrup Velure. Foto: Jan Tore \u00d8verstad \/ Locomotiv AS\" srcset=\"https:\/\/hoyre.no\/content\/uploads\/sites\/7\/2024\/11\/Hanne-Alstrup-Velure-04-LOCOMOTIV-768x512.jpg 768w, https:\/\/hoyre.no\/content\/uploads\/sites\/7\/2024\/11\/Hanne-Alstrup-Velure-04-LOCOMOTIV-300x200.jpg 300w, https:\/\/hoyre.no\/content\/uploads\/sites\/7\/2024\/11\/Hanne-Alstrup-Velure-04-LOCOMOTIV-1024x683.jpg 1024w, https:\/\/hoyre.no\/content\/uploads\/sites\/7\/2024\/11\/Hanne-Alstrup-Velure-04-LOCOMOTIV-1536x1024.jpg 1536w, https:\/\/hoyre.no\/content\/uploads\/sites\/7\/2024\/11\/Hanne-Alstrup-Velure-04-LOCOMOTIV-2048x1365.jpg 2048w\" sizes=\"auto, (max-width: 768px) 100vw, 768px\" \/>\t\t<\/div>\n\t\t\n\t\t\t<div class=\"teft-card__content-wrapper\">\n\t\t\t\t<div class=\"teft-card__secondary\">\n\t\t\t\t\t\n\t\t\t\t\t\t\t\t<div class=\"teft-card__meta\">\n\t\t\t\t\t\t\t\t\t<span class=\"post-date\">13. apr 2026<\/span>\n\n\t\t\t\t\t\t\t\t\t<span class=\"post-category\">Debatt<\/span>\t\t\t\t\t\t\t\t<\/div>\n\t\t\t\t\t\t\t\t\t\t\t<\/div>\n\n\t\t\t\t<div class=\"teft-card__primary\">\n\t\t\t\t\t<h2 class=\"teft-card__title\">Bedre bruk av l\u00e6rerne \u2013 til elevenes beste&nbsp;<span class=\"teft-card__primary-title-append\"><\/span><\/h2>\t\t\t\t<\/div>\n\t\t\t<\/div>\n\t\t<\/a>\n\t<\/div>\n\n\t<\/div><div class=\"is-card-hoyre\">\n\t<div class=\"teft-card hoyre-teft-card post-teft-card\">\n\t\t<a href=\"https:\/\/hoyre.no\/innlandet\/aktuelt\/viltet-er-en-ressurs-na-og-i-fremtiden\/\" class=\"teft-card__primary-action\">\n\n\t\t\t\t\t<div class=\"teft-card__media teft-card__media--16-9\">\n\t\t\t\t\t\t<img loading=\"lazy\" decoding=\"async\" width=\"768\" height=\"768\" src=\"https:\/\/hoyre.no\/content\/uploads\/sites\/7\/2026\/03\/Joakim-Ekseth-jakt-kvadrat-768x768.jpg\" class=\"attachment-medium_large size-medium_large\" alt=\"\" srcset=\"https:\/\/hoyre.no\/content\/uploads\/sites\/7\/2026\/03\/Joakim-Ekseth-jakt-kvadrat-768x768.jpg 768w, https:\/\/hoyre.no\/content\/uploads\/sites\/7\/2026\/03\/Joakim-Ekseth-jakt-kvadrat-300x300.jpg 300w, https:\/\/hoyre.no\/content\/uploads\/sites\/7\/2026\/03\/Joakim-Ekseth-jakt-kvadrat-1024x1024.jpg 1024w, https:\/\/hoyre.no\/content\/uploads\/sites\/7\/2026\/03\/Joakim-Ekseth-jakt-kvadrat-150x150.jpg 150w, https:\/\/hoyre.no\/content\/uploads\/sites\/7\/2026\/03\/Joakim-Ekseth-jakt-kvadrat.jpg 1080w\" sizes=\"auto, (max-width: 768px) 100vw, 768px\" \/>\t\t<\/div>\n\t\t\n\t\t\t<div class=\"teft-card__content-wrapper\">\n\t\t\t\t<div class=\"teft-card__secondary\">\n\t\t\t\t\t\n\t\t\t\t\t\t\t\t<div class=\"teft-card__meta\">\n\t\t\t\t\t\t\t\t\t<span class=\"post-date\">20. mar 2026<\/span>\n\n\t\t\t\t\t\t\t\t\t<span class=\"post-category\">Debatt<\/span>\t\t\t\t\t\t\t\t<\/div>\n\t\t\t\t\t\t\t\t\t\t\t<\/div>\n\n\t\t\t\t<div class=\"teft-card__primary\">\n\t\t\t\t\t<h2 class=\"teft-card__title\">Viltet er en ressurs, n\u00e5 og i fremtiden&nbsp;<span class=\"teft-card__primary-title-append\"><\/span><\/h2>\t\t\t\t<\/div>\n\t\t\t<\/div>\n\t\t<\/a>\n\t<\/div>\n\n\t<\/div><\/div>\t<\/div>\n<\/div>\n","protected":false},"excerpt":{"rendered":"<p>Flertallspartiene vedtok p\u00e5 fylkestinget et vedtak om en ny avgangsmarkering til erstatning av dagens russetid. \u00abDet har v\u00e6rt flere tydelige signaler som vi m\u00e5 ta p\u00e5 alvor\u00bb, sier Hanne Alstrup Velure (H), fylkesvaraordf\u00f8rer i Innlandet fylkeskommune. Hun viser til b\u00e5de ungdataunders\u00f8kelsen, rapporten Ung i Innlandet, avisoppslag og samtaler med ungdom og bekymrede foreldre. \u00abDet er [&hellip;]<\/p>\n","protected":false},"author":26288,"featured_media":0,"comment_status":"closed","ping_status":"closed","sticky":false,"template":"","format":"standard","meta":{"teft_cards_image_url":"","teft_cards_custom_pretitle":"","teft_cards_image_id":1636,"teft_cards_image_focal_point_x":0.58,"teft_cards_image_focal_point_y":0.46,"teft_cards_title":"","teft_cards_excerpt":"Flertallspartiene vedtok p\u00e5 fylkestinget et vedtak om en ny avgangsmarkering til erstatning av dagens russetid. ","teft_show_chapters":false,"author_display_name":"","footnotes":""},"category":[30,32,34,31,38],"post_tag":[21,22,62],"hoyre-visibility":[],"article-type":[],"politician":[49,46],"class_list":["post-1635","post","type-post","status-publish","format-standard","hentry","category-fylkestinget","category-politikk","category-utdanning","category-vare-politikere","category-videregaende-skole","tag-skole","tag-utdanning","tag-videregaende-skole","politician-hanne-alstrup-velure","politician-joakim-ekseth"],"yoast_head":"<!-- This site is optimized with the Yoast SEO plugin v26.6 - https:\/\/yoast.com\/wordpress\/plugins\/seo\/ -->\n<title>Ny, trygg og inkluderende avgangsmarkering for russen - Innlandet H\u00f8yre<\/title>\n<meta name=\"robots\" content=\"index, follow, max-snippet:-1, max-image-preview:large, max-video-preview:-1\" \/>\n<link rel=\"canonical\" href=\"https:\/\/hoyre.no\/innlandet\/aktuelt\/ny-trygg-og-inkluderende-avgangsmarkering-for-russen\/\" \/>\n<meta property=\"og:locale\" content=\"nb_NO\" \/>\n<meta property=\"og:type\" content=\"article\" \/>\n<meta property=\"og:title\" content=\"Ny, trygg og inkluderende avgangsmarkering for russen - Innlandet H\u00f8yre\" \/>\n<meta property=\"og:description\" content=\"Flertallspartiene vedtok p\u00e5 fylkestinget et vedtak om en ny avgangsmarkering til erstatning av dagens russetid. \u00abDet har v\u00e6rt flere tydelige signaler som vi m\u00e5 ta p\u00e5 alvor\u00bb, sier Hanne Alstrup Velure (H), fylkesvaraordf\u00f8rer i Innlandet fylkeskommune. Hun viser til b\u00e5de ungdataunders\u00f8kelsen, rapporten Ung i Innlandet, avisoppslag og samtaler med ungdom og bekymrede foreldre. \u00abDet er [&hellip;]\" \/>\n<meta property=\"og:url\" content=\"https:\/\/hoyre.no\/innlandet\/aktuelt\/ny-trygg-og-inkluderende-avgangsmarkering-for-russen\/\" \/>\n<meta property=\"og:site_name\" content=\"Innlandet H\u00f8yre\" \/>\n<meta property=\"article:published_time\" content=\"2024-12-18T13:04:51+00:00\" \/>\n<meta property=\"article:modified_time\" content=\"2024-12-19T14:25:44+00:00\" \/>\n<meta property=\"og:image\" content=\"https:\/\/hoyre.no\/content\/uploads\/sites\/7\/2026\/03\/Joakim-Ekseth-jakt-kvadrat-1024x1024.jpg\" \/>\n<meta name=\"author\" content=\"Erlend Gj\u00f8lme\" \/>\n<meta name=\"twitter:card\" content=\"summary_large_image\" \/>\n<meta name=\"twitter:label1\" content=\"Skrevet av\" \/>\n\t<meta name=\"twitter:data1\" content=\"Erlend Gj\u00f8lme\" \/>\n\t<meta name=\"twitter:label2\" content=\"Ansl. lesetid\" \/>\n\t<meta name=\"twitter:data2\" content=\"2 minutter\" \/>\n<script type=\"application\/ld+json\" class=\"yoast-schema-graph\">{\"@context\":\"https:\/\/schema.org\",\"@graph\":[{\"@type\":\"NewsArticle\",\"@id\":\"https:\/\/hoyre.no\/innlandet\/aktuelt\/ny-trygg-og-inkluderende-avgangsmarkering-for-russen\/\",\"url\":\"https:\/\/hoyre.no\/innlandet\/aktuelt\/ny-trygg-og-inkluderende-avgangsmarkering-for-russen\/\",\"name\":\"Ny, trygg og inkluderende avgangsmarkering for russen - Innlandet H\u00f8yre\",\"isPartOf\":{\"@id\":\"https:\/\/hoyre.no\/innlandet\/#website\"},\"image\":{\"@id\":\"https:\/\/hoyre.no\/innlandet\/aktuelt\/ny-trygg-og-inkluderende-avgangsmarkering-for-russen\/#primaryimage\"},\"thumbnailUrl\":\"https:\/\/hoyre.no\/content\/uploads\/sites\/7\/2024\/11\/Hanne-Alstrup-Velure-04-LOCOMOTIV-1024x683.jpg\",\"datePublished\":\"2024-12-18T13:04:51+00:00\",\"dateModified\":\"2024-12-19T14:25:44+00:00\",\"author\":{\"@id\":\"https:\/\/hoyre.no\/innlandet\/#\/schema\/person\/8f41eef411c647642cf257592f9fce1c\"},\"breadcrumb\":{\"@id\":\"https:\/\/hoyre.no\/innlandet\/aktuelt\/ny-trygg-og-inkluderende-avgangsmarkering-for-russen\/#breadcrumb\"},\"inLanguage\":\"nb-NO\",\"potentialAction\":[{\"@type\":\"ReadAction\",\"target\":[\"https:\/\/hoyre.no\/innlandet\/aktuelt\/ny-trygg-og-inkluderende-avgangsmarkering-for-russen\/\"]}]},{\"@type\":\"ImageObject\",\"inLanguage\":\"nb-NO\",\"@id\":\"https:\/\/hoyre.no\/innlandet\/aktuelt\/ny-trygg-og-inkluderende-avgangsmarkering-for-russen\/#primaryimage\",\"url\":\"https:\/\/hoyre.no\/content\/uploads\/sites\/7\/2024\/11\/Hanne-Alstrup-Velure-04-LOCOMOTIV-1024x683.jpg\",\"contentUrl\":\"https:\/\/hoyre.no\/content\/uploads\/sites\/7\/2024\/11\/Hanne-Alstrup-Velure-04-LOCOMOTIV-1024x683.jpg\"},{\"@type\":\"BreadcrumbList\",\"@id\":\"https:\/\/hoyre.no\/innlandet\/aktuelt\/ny-trygg-og-inkluderende-avgangsmarkering-for-russen\/#breadcrumb\",\"itemListElement\":[{\"@type\":\"ListItem\",\"position\":1,\"name\":\"Til hoyre.no\",\"item\":\"https:\/\/hoyre.no\"},{\"@type\":\"ListItem\",\"position\":2,\"name\":\"Hjem\",\"item\":\"https:\/\/hoyre.no\/innlandet\/\"},{\"@type\":\"ListItem\",\"position\":3,\"name\":\"Ny, trygg og inkluderende avgangsmarkering for russen\"}]},{\"@type\":\"WebSite\",\"@id\":\"https:\/\/hoyre.no\/innlandet\/#website\",\"url\":\"https:\/\/hoyre.no\/innlandet\/\",\"name\":\"Innlandet H\u00f8yre\",\"description\":\"Bare enda et H\u00f8yres nettsteder-nettsted\",\"inLanguage\":\"nb-NO\"},{\"@type\":\"Person\",\"@id\":\"https:\/\/hoyre.no\/innlandet\/#\/schema\/person\/8f41eef411c647642cf257592f9fce1c\",\"name\":\"Erlend Gj\u00f8lme\",\"image\":{\"@type\":\"ImageObject\",\"inLanguage\":\"nb-NO\",\"@id\":\"https:\/\/hoyre.no\/innlandet\/#\/schema\/person\/image\/\",\"url\":\"https:\/\/secure.gravatar.com\/avatar\/19308e99cc26c2c18ba01243f850e887a482eed229c88c0905de487505a4d093?s=96&d=mm&r=g\",\"contentUrl\":\"https:\/\/secure.gravatar.com\/avatar\/19308e99cc26c2c18ba01243f850e887a482eed229c88c0905de487505a4d093?s=96&d=mm&r=g\",\"caption\":\"Erlend Gj\u00f8lme\"},\"url\":\"https:\/\/hoyre.no\/innlandet\/aktuelt\/author\/m50054840\/\"}]}<\/script>\n<!-- \/ Yoast SEO plugin. -->","yoast_head_json":{"title":"Ny, trygg og inkluderende avgangsmarkering for russen - Innlandet H\u00f8yre","robots":{"index":"index","follow":"follow","max-snippet":"max-snippet:-1","max-image-preview":"max-image-preview:large","max-video-preview":"max-video-preview:-1"},"canonical":"https:\/\/hoyre.no\/innlandet\/aktuelt\/ny-trygg-og-inkluderende-avgangsmarkering-for-russen\/","og_locale":"nb_NO","og_type":"article","og_title":"Ny, trygg og inkluderende avgangsmarkering for russen - Innlandet H\u00f8yre","og_description":"Flertallspartiene vedtok p\u00e5 fylkestinget et vedtak om en ny avgangsmarkering til erstatning av dagens russetid. \u00abDet har v\u00e6rt flere tydelige signaler som vi m\u00e5 ta p\u00e5 alvor\u00bb, sier Hanne Alstrup Velure (H), fylkesvaraordf\u00f8rer i Innlandet fylkeskommune. Hun viser til b\u00e5de ungdataunders\u00f8kelsen, rapporten Ung i Innlandet, avisoppslag og samtaler med ungdom og bekymrede foreldre. \u00abDet er [&hellip;]","og_url":"https:\/\/hoyre.no\/innlandet\/aktuelt\/ny-trygg-og-inkluderende-avgangsmarkering-for-russen\/","og_site_name":"Innlandet H\u00f8yre","article_published_time":"2024-12-18T13:04:51+00:00","article_modified_time":"2024-12-19T14:25:44+00:00","og_image":[{"url":"https:\/\/hoyre.no\/content\/uploads\/sites\/7\/2026\/03\/Joakim-Ekseth-jakt-kvadrat-1024x1024.jpg","width":"","height":"","type":""}],"author":"Erlend Gj\u00f8lme","twitter_card":"summary_large_image","twitter_misc":{"Skrevet av":"Erlend Gj\u00f8lme","Ansl. lesetid":"2 minutter"},"schema":{"@context":"https:\/\/schema.org","@graph":[{"@type":"NewsArticle","@id":"https:\/\/hoyre.no\/innlandet\/aktuelt\/ny-trygg-og-inkluderende-avgangsmarkering-for-russen\/","url":"https:\/\/hoyre.no\/innlandet\/aktuelt\/ny-trygg-og-inkluderende-avgangsmarkering-for-russen\/","name":"Ny, trygg og inkluderende avgangsmarkering for russen - Innlandet H\u00f8yre","isPartOf":{"@id":"https:\/\/hoyre.no\/innlandet\/#website"},"image":{"@id":"https:\/\/hoyre.no\/innlandet\/aktuelt\/ny-trygg-og-inkluderende-avgangsmarkering-for-russen\/#primaryimage"},"thumbnailUrl":"https:\/\/hoyre.no\/content\/uploads\/sites\/7\/2024\/11\/Hanne-Alstrup-Velure-04-LOCOMOTIV-1024x683.jpg","datePublished":"2024-12-18T13:04:51+00:00","dateModified":"2024-12-19T14:25:44+00:00","author":{"@id":"https:\/\/hoyre.no\/innlandet\/#\/schema\/person\/8f41eef411c647642cf257592f9fce1c"},"breadcrumb":{"@id":"https:\/\/hoyre.no\/innlandet\/aktuelt\/ny-trygg-og-inkluderende-avgangsmarkering-for-russen\/#breadcrumb"},"inLanguage":"nb-NO","potentialAction":[{"@type":"ReadAction","target":["https:\/\/hoyre.no\/innlandet\/aktuelt\/ny-trygg-og-inkluderende-avgangsmarkering-for-russen\/"]}]},{"@type":"ImageObject","inLanguage":"nb-NO","@id":"https:\/\/hoyre.no\/innlandet\/aktuelt\/ny-trygg-og-inkluderende-avgangsmarkering-for-russen\/#primaryimage","url":"https:\/\/hoyre.no\/content\/uploads\/sites\/7\/2024\/11\/Hanne-Alstrup-Velure-04-LOCOMOTIV-1024x683.jpg","contentUrl":"https:\/\/hoyre.no\/content\/uploads\/sites\/7\/2024\/11\/Hanne-Alstrup-Velure-04-LOCOMOTIV-1024x683.jpg"},{"@type":"BreadcrumbList","@id":"https:\/\/hoyre.no\/innlandet\/aktuelt\/ny-trygg-og-inkluderende-avgangsmarkering-for-russen\/#breadcrumb","itemListElement":[{"@type":"ListItem","position":1,"name":"Til hoyre.no","item":"https:\/\/hoyre.no"},{"@type":"ListItem","position":2,"name":"Hjem","item":"https:\/\/hoyre.no\/innlandet\/"},{"@type":"ListItem","position":3,"name":"Ny, trygg og inkluderende avgangsmarkering for russen"}]},{"@type":"WebSite","@id":"https:\/\/hoyre.no\/innlandet\/#website","url":"https:\/\/hoyre.no\/innlandet\/","name":"Innlandet H\u00f8yre","description":"Bare enda et H\u00f8yres nettsteder-nettsted","inLanguage":"nb-NO"},{"@type":"Person","@id":"https:\/\/hoyre.no\/innlandet\/#\/schema\/person\/8f41eef411c647642cf257592f9fce1c","name":"Erlend Gj\u00f8lme","image":{"@type":"ImageObject","inLanguage":"nb-NO","@id":"https:\/\/hoyre.no\/innlandet\/#\/schema\/person\/image\/","url":"https:\/\/secure.gravatar.com\/avatar\/19308e99cc26c2c18ba01243f850e887a482eed229c88c0905de487505a4d093?s=96&d=mm&r=g","contentUrl":"https:\/\/secure.gravatar.com\/avatar\/19308e99cc26c2c18ba01243f850e887a482eed229c88c0905de487505a4d093?s=96&d=mm&r=g","caption":"Erlend Gj\u00f8lme"},"url":"https:\/\/hoyre.no\/innlandet\/aktuelt\/author\/m50054840\/"}]}},"distributor_meta":false,"distributor_terms":false,"distributor_media":false,"distributor_original_site_name":"Innlandet H\u00f8yre","distributor_original_site_url":"https:\/\/hoyre.no\/innlandet","push-errors":false,"_links":{"self":[{"href":"https:\/\/hoyre.no\/innlandet\/wp-json\/wp\/v2\/posts\/1635","targetHints":{"allow":["GET"]}}],"collection":[{"href":"https:\/\/hoyre.no\/innlandet\/wp-json\/wp\/v2\/posts"}],"about":[{"href":"https:\/\/hoyre.no\/innlandet\/wp-json\/wp\/v2\/types\/post"}],"author":[{"embeddable":true,"href":"https:\/\/hoyre.no\/innlandet\/wp-json\/wp\/v2\/users\/26288"}],"replies":[{"embeddable":true,"href":"https:\/\/hoyre.no\/innlandet\/wp-json\/wp\/v2\/comments?post=1635"}],"version-history":[{"count":3,"href":"https:\/\/hoyre.no\/innlandet\/wp-json\/wp\/v2\/posts\/1635\/revisions"}],"predecessor-version":[{"id":1665,"href":"https:\/\/hoyre.no\/innlandet\/wp-json\/wp\/v2\/posts\/1635\/revisions\/1665"}],"wp:attachment":[{"href":"https:\/\/hoyre.no\/innlandet\/wp-json\/wp\/v2\/media?parent=1635"}],"wp:term":[{"taxonomy":"category","embeddable":true,"href":"https:\/\/hoyre.no\/innlandet\/wp-json\/wp\/v2\/category?post=1635"},{"taxonomy":"post_tag","embeddable":true,"href":"https:\/\/hoyre.no\/innlandet\/wp-json\/wp\/v2\/post_tag?post=1635"},{"taxonomy":"hoyre-visibility","embeddable":true,"href":"https:\/\/hoyre.no\/innlandet\/wp-json\/wp\/v2\/hoyre-visibility?post=1635"},{"taxonomy":"article-type","embeddable":true,"href":"https:\/\/hoyre.no\/innlandet\/wp-json\/wp\/v2\/article-type?post=1635"},{"taxonomy":"politician","embeddable":true,"href":"https:\/\/hoyre.no\/innlandet\/wp-json\/wp\/v2\/politician?post=1635"}],"curies":[{"name":"wp","href":"https:\/\/api.w.org\/{rel}","templated":true}]}}