{"id":1687,"date":"2025-01-06T13:19:57","date_gmt":"2025-01-06T12:19:57","guid":{"rendered":"https:\/\/hoyre.no\/innlandet\/?p=1687"},"modified":"2025-01-13T13:41:21","modified_gmt":"2025-01-13T12:41:21","slug":"innlandet-hoyre-satser-pa-norsk-landbruk","status":"publish","type":"post","link":"https:\/\/hoyre.no\/innlandet\/aktuelt\/innlandet-hoyre-satser-pa-norsk-landbruk\/","title":{"rendered":"Innlandet H\u00f8yre satser p\u00e5 norsk landbruk"},"content":{"rendered":"\n<p class=\"preamble\">Innlandet fylkeskommune vedtok i desember sitt innspill til jordbruksforhandlingene. H\u00f8yre satte fokus p\u00e5 blant annet teknologi, melkepriser, \u00f8kt kornproduksjon og beredskap.<\/p>\t\t\t<div class=\"post-meta wp-block teft-byline-wrapper\">\n\t\t\t\t<div class=\"top\">\n\t\t\t\t\t<div class=\"signature\">\n\t\t\t\t\t\t<div class=\"teft-byline\">\n\t\t\t\t\t\t\t\t\t\t\t\t\t\t<div>\n\t\t\t\t\t\t\t\t<h3>H\u00f8yres redaksjon<\/h3>\t\t\t\t\t\t\t\t\n\t\t\t\t\t\t\t\t\t\t\t\t\t\t\t\t\t<span class=\"date\">Sist oppdatert: 13. januar 2025<\/span>\n\t\t\t\t\t\t\t\t\t\t\t\t\t\t\t\t\t\t\t\t\t\t\t\t\t<span class=\"reading-time\" itemprop=\"timeRequired\" content=\"PT4M\"><em>Ca. 4 minutter lesetid<\/em><\/span>\n\t\t\t\t\t\t\t\t\t\t\t\t\t\t\t<\/div>\n\t\t\t\t\t\t<\/div>\n\t\t\t\t\t<\/div>\n\t\t\t\t\t\t<div class=\"sharing\">\n\t\t<a class=\"share-button share-link copy-link\" data-copy=\"https:\/\/hoyre.no\/innlandet\/aktuelt\/innlandet-hoyre-satser-pa-norsk-landbruk\/\" target=\"_blank\"><span class=\"screen-reader-text\">Del link<\/span><\/a>\n\t\t<a class=\"share-button share-twitter\" href=\"http:\/\/twitter.com\/share?text=Innlandet H\u00f8yre satser p\u00e5 norsk landbruk&#038;url=https:\/\/hoyre.no\/innlandet\/aktuelt\/innlandet-hoyre-satser-pa-norsk-landbruk\/&#038;hashtags=Hoyre\" target=\"_blank\"><span class=\"screen-reader-text\">Del p\u00e5 twitter<\/span><\/a>\n\t\t<a class=\"share-button share-facebook\" href=\"https:\/\/www.facebook.com\/sharer\/sharer.php?u=https:\/\/hoyre.no\/innlandet\/aktuelt\/innlandet-hoyre-satser-pa-norsk-landbruk\/\" target=\"_blank\"><span class=\"screen-reader-text\">Del p\u00e5 facebook<\/span><\/a>\n\t<\/div>\n\t\t\t\t\t<\/div>\n\t\t\t<\/div>\n\n\t\t\t<figure class=\"hoyre-image-wrapper\"><div class=\"hoyre-image\"><img loading=\"lazy\" decoding=\"async\" width=\"2500\" height=\"1875\" src=\"https:\/\/hoyre.no\/content\/uploads\/sites\/7\/2024\/12\/Inger-Lise-Sveum-Aasbekken-FK2-scaled.jpg\" class=\"attachment-scaled size-scaled\" alt=\"Fylkestingsrepresentant Inger Lise Sveum-Aasbekken Foto: Innlandet H\u00f8yre\" style=\"object-position: 50% 50%\" srcset=\"https:\/\/hoyre.no\/content\/uploads\/sites\/7\/2024\/12\/Inger-Lise-Sveum-Aasbekken-FK2-scaled.jpg 2500w, https:\/\/hoyre.no\/content\/uploads\/sites\/7\/2024\/12\/Inger-Lise-Sveum-Aasbekken-FK2-300x225.jpg 300w, https:\/\/hoyre.no\/content\/uploads\/sites\/7\/2024\/12\/Inger-Lise-Sveum-Aasbekken-FK2-1024x768.jpg 1024w, https:\/\/hoyre.no\/content\/uploads\/sites\/7\/2024\/12\/Inger-Lise-Sveum-Aasbekken-FK2-768x576.jpg 768w, https:\/\/hoyre.no\/content\/uploads\/sites\/7\/2024\/12\/Inger-Lise-Sveum-Aasbekken-FK2-1536x1152.jpg 1536w, https:\/\/hoyre.no\/content\/uploads\/sites\/7\/2024\/12\/Inger-Lise-Sveum-Aasbekken-FK2-2048x1536.jpg 2048w\" sizes=\"auto, (max-width: 2500px) 100vw, 2500px\" \/><\/div><figcaption class=\"caption\">Fylkestingsrepresentant Inger Lise Sveum-Aasbekken Foto: Innlandet H\u00f8yre<\/figcaption><\/figure>\n\n\n\n<p>Inger Lise Sveum-Aasbekken ledet arbeidet med \u00e5 finne et s\u00e5 bredt flertall for Innlandet fylkeskommunes innspill til jordbruksforhandlingene. Innspillet kan du finne nederst i artikkelen. <\/p>\n\n\n\n<p>Sveum-Aasbekken trakk frem Innlandet H\u00f8yres innspill da hun innledet til saken.<\/p>\n\n\n\n<h3 class=\"wp-block-heading\">Les Sveum-Aasbekkens innlegg her:<\/h3>\n\n\n\n<p>Det er sikkert ingen hemmelighet at jeg er opptatt av landbruk. Jeg har og alltid v\u00e6rt opptatt av at vi m\u00e5 ha fremtidstro og optimisme i landbruket, vel klar over at det er \u00f8konomisk krevende \u00e5 v\u00e6re bonde.<\/p>\n\n\n\n<div class=\"wp-block-media-text is-stacked-on-mobile is-image-fill is-style-default\"><figure class=\"wp-block-media-text__media\" style=\"background-image:url('https:\/\/hoyre.no\/content\/uploads\/sites\/7\/2025\/01\/Sau1-768x1024.jpg');background-position:40% 28%\"><img loading=\"lazy\" decoding=\"async\" width=\"768\" height=\"1024\" src=\"https:\/\/hoyre.no\/content\/uploads\/sites\/7\/2025\/01\/Sau1-768x1024.jpg\" alt=\"\" class=\"wp-image-1689 size-full\" srcset=\"https:\/\/hoyre.no\/content\/uploads\/sites\/7\/2025\/01\/Sau1-768x1024.jpg 768w, https:\/\/hoyre.no\/content\/uploads\/sites\/7\/2025\/01\/Sau1-225x300.jpg 225w, https:\/\/hoyre.no\/content\/uploads\/sites\/7\/2025\/01\/Sau1-1152x1536.jpg 1152w, https:\/\/hoyre.no\/content\/uploads\/sites\/7\/2025\/01\/Sau1.jpg 1536w\" sizes=\"auto, (max-width: 768px) 100vw, 768px\" \/><\/figure><div class=\"wp-block-media-text__content\">\n<p>I h\u00f8yres program st\u00e5r det at vi skal bidra til \u00e5 opprettholde levende landbruk i hele Innlandet og hele landet.<\/p>\n\n\n\n<p>Dette har vi tatt innover oss.<\/p>\n<\/div><\/div>\n\n\n\n<p>For at vil skal ha et levende landbruk over hele landet, m\u00e5 vi ha \u00f8kt l\u00f8nnsomhet i n\u00e6ringa, vi m\u00e5 v\u00e6re fremtidsrettet, vi m\u00e5 satse p\u00e5 psykisk helse i landbruket og bonden m\u00e5 f\u00e5 mer av verdiskapningen. Samtidig m\u00e5 vi ta innover oss at norsk matproduksjon er en del av totalberedskapen og den matsikkerheten vi b\u00f8r ha i landet v\u00e5rt \u2013 eller som vi m\u00e5 ha.<\/p>\n\n\n\n<blockquote class=\"wp-block-quote is-layout-flow wp-block-quote-is-layout-flow\">\n<p class=\"is-style-large\">Sultne soldater vinner sjelden krig.<\/p>\n<\/blockquote>\n\n\n\n<p>I g\u00e5r vedtok vi en <a href=\"https:\/\/hoyre.no\/innlandet\/aktuelt\/fra-bas-til-losdrift\/\">innlandspott p\u00e5 40 millioner som en ekstra hjelp for ombygging til l\u00f8sdrift<\/a>. I v\u00e5re innspill til jordbruksforhandlinger forsl\u00e5r vi at potten til Innovasjon Norge skal \u00f8kes med 200 millioner.<\/p>\n\n\n\n<p>S\u00e5 f\u00e5r vi se om melkeprisen i fremtiden \u00f8ker n\u00e5 som Tine skal administrere prisen. M\u00e5let m\u00e5 v\u00e6re at bonden skal kunne finansiere investeringer i egen drift uten hjelp fra staten i fremtiden.<\/p>\n\n\n\n<div class=\"wp-block-media-text is-stacked-on-mobile is-image-fill\"><figure class=\"wp-block-media-text__media\" style=\"background-image:url('https:\/\/hoyre.no\/content\/uploads\/sites\/7\/2024\/12\/GettyImages-153060413-1024x683.jpg');background-position:50% 50%\"><img loading=\"lazy\" decoding=\"async\" width=\"1024\" height=\"683\" src=\"https:\/\/hoyre.no\/content\/uploads\/sites\/7\/2024\/12\/GettyImages-153060413-1024x683.jpg\" alt=\"\" class=\"wp-image-1660 size-full\" srcset=\"https:\/\/hoyre.no\/content\/uploads\/sites\/7\/2024\/12\/GettyImages-153060413-1024x683.jpg 1024w, https:\/\/hoyre.no\/content\/uploads\/sites\/7\/2024\/12\/GettyImages-153060413-300x200.jpg 300w, https:\/\/hoyre.no\/content\/uploads\/sites\/7\/2024\/12\/GettyImages-153060413-768x512.jpg 768w, https:\/\/hoyre.no\/content\/uploads\/sites\/7\/2024\/12\/GettyImages-153060413-1536x1024.jpg 1536w, https:\/\/hoyre.no\/content\/uploads\/sites\/7\/2024\/12\/GettyImages-153060413-2048x1365.jpg 2048w\" sizes=\"auto, (max-width: 1024px) 100vw, 1024px\" \/><\/figure><div class=\"wp-block-media-text__content\">\n<p>For H\u00f8yre sin del er det viktig \u00e5 bidra til \u00f8kt bruk av teknologi i landbruket og \u00f8nsker tilskudd for at flere skal nytte seg av presisjonslandbruk. B\u00e5de for \u00e5 effektiv bruk av innsatsfaktorer i jordbruket og for \u00e5 spare milj\u00f8et. Redusert klimautslipp er viktig for at ogs\u00e5 landbruket skal bidra i klimaregnskapet.<\/p>\n<\/div><\/div>\n\n\n\n<p>Selvforsyning henger n\u00f8ye sammen med totalberedskapen, derfor foresl\u00e5r vi at vi skal utrede teigbasert arealtilskudd fremfor tilskudd som er basert p\u00e5 geografiske soner. Landet v\u00e5rt har varierende topografi innenfor en geografisk sone. Ved \u00e5 nytte en teigbasert l\u00f8sning, vil det bidra til en bedre kanaliseringspolitikk.<\/p>\n\n\n\n<p>\u00d8kt kornproduksjon er n\u00f8kkelen for \u00f8kt selvforsyning, derfor er det viktig \u00e5 stimulere til at l\u00f8nnsomheten i norsk kornproduksjon skal \u00f8ke.<\/p>\n\n\n\n<blockquote class=\"wp-block-quote is-layout-flow wp-block-quote-is-layout-flow\">\n<p class=\"is-style-large\">For h\u00f8yre er det viktig at vi skal ha en rovviltforvaltning i henhold til vedtatte bestandsm\u00e5l.<\/p>\n<\/blockquote>\n\n\n\n<div class=\"wp-block-media-text is-stacked-on-mobile is-image-fill\"><figure class=\"wp-block-media-text__media\" style=\"background-image:url('https:\/\/hoyre.no\/content\/uploads\/sites\/7\/2025\/01\/Sau2.jpg');background-position:50% 50%\"><img loading=\"lazy\" decoding=\"async\" width=\"720\" height=\"960\" src=\"https:\/\/hoyre.no\/content\/uploads\/sites\/7\/2025\/01\/Sau2.jpg\" alt=\"\" class=\"wp-image-1690 size-full\" srcset=\"https:\/\/hoyre.no\/content\/uploads\/sites\/7\/2025\/01\/Sau2.jpg 720w, https:\/\/hoyre.no\/content\/uploads\/sites\/7\/2025\/01\/Sau2-225x300.jpg 225w\" sizes=\"auto, (max-width: 720px) 100vw, 720px\" \/><\/figure><div class=\"wp-block-media-text__content\">\n<p>Skal vi fremme \u00f8kt utmarksbeiting, m\u00e5 fellingstillatelser gis fort for at skadefelling skal gjennomf\u00f8res mens rovviltet fortsatt er i omr\u00e5det. \u00c5 ha kontroll p\u00e5 rovvilt er sv\u00e6rt viktig for \u00f8kt beitebruk. Jeg vil p\u00e5st\u00e5 at utmarksbeiting det mest klimavennlige vi driver med i jordbruket \u2013 Ikke minst effekten det har p\u00e5 karbonfangst<\/p>\n\n\n\n<p>Til slutt vil jeg poengtere at vi m\u00e5 satse p\u00e5 \u00e5 \u00f8ke norskandelen av r\u00e5varer i kraftfor.<\/p>\n<\/div><\/div>\n\n\n\n<p><\/p>\n\n\n\n<blockquote class=\"wp-block-quote is-layout-flow wp-block-quote-is-layout-flow\">\n<p class=\"is-style-large\">Skal vi f\u00e5 \u00f8kt selvforsyning i landet v\u00e5rt, m\u00e5 vi satse p\u00e5 norsk landbruk!<\/p>\n<\/blockquote>\n\n\n\n<details class=\"wp-block-details is-layout-flow wp-block-details-is-layout-flow\"><summary>Vil du lese hele h\u00f8ringsuttalenlsen?<\/summary>\n<p><a href=\"https:\/\/innlandetfylke.no\/nyheter-forsiden\/landbruket-er-viktig-for-beredskap.58072.aspx\">Pressemelding fra Innlandet fylkeskommune<\/a><\/p>\n\n\n\n<p><a href=\"https:\/\/prod01.elementscloud.no\/publikum\/Documents\/ShowDmbHandlingDocument\/1e19ac68-b074-44df-9273-d74cf116eb4e\/9452\/CasesFremlegg\">Vedtaket (nedlasting)<\/a><\/p>\n<\/details>\n\n\n\n\n<p><\/p>\n\n\n<div class=\"tags\">\n\t\t<div class=\"wp-block-tag-cloud\">\n\t\t\t\t\t<a href=\"https:\/\/hoyre.no\/innlandet\/aktuelt\/tag\/jordbruk\/\" class=\"tag-cloud-link\">Jordbruk<\/a>\n\t\t\t\t\t<a href=\"https:\/\/hoyre.no\/innlandet\/aktuelt\/tag\/naering\/\" class=\"tag-cloud-link\">N\u00e6ring<\/a>\n\t\t\t<\/div>\n\t<\/div>\n<div class=\"post-footer alignfull has-background block-editor-block-list__block\" data-align=full>\n\t<div class=\"post-footer-inner\">\n\t\t<h3>Relaterte artikler<\/h3>\n\t\t<div class=\"related-content\"><div class=\"is-card-hoyre\">\n\t<div class=\"teft-card hoyre-teft-card post-teft-card\">\n\t\t<a href=\"https:\/\/hoyre.no\/innlandet\/aktuelt\/bedre-bruk-av-laererne-til-elevenes-beste\/\" class=\"teft-card__primary-action\">\n\n\t\t\t\t\t<div class=\"teft-card__media teft-card__media--16-9\">\n\t\t\t\t\t\t<img loading=\"lazy\" decoding=\"async\" width=\"768\" height=\"512\" src=\"https:\/\/hoyre.no\/content\/uploads\/sites\/7\/2024\/11\/Hanne-Alstrup-Velure-04-LOCOMOTIV-768x512.jpg\" class=\"attachment-medium_large size-medium_large\" alt=\"Hanne Alstrup Velure. Foto: Jan Tore \u00d8verstad \/ Locomotiv AS\" srcset=\"https:\/\/hoyre.no\/content\/uploads\/sites\/7\/2024\/11\/Hanne-Alstrup-Velure-04-LOCOMOTIV-768x512.jpg 768w, https:\/\/hoyre.no\/content\/uploads\/sites\/7\/2024\/11\/Hanne-Alstrup-Velure-04-LOCOMOTIV-300x200.jpg 300w, https:\/\/hoyre.no\/content\/uploads\/sites\/7\/2024\/11\/Hanne-Alstrup-Velure-04-LOCOMOTIV-1024x683.jpg 1024w, https:\/\/hoyre.no\/content\/uploads\/sites\/7\/2024\/11\/Hanne-Alstrup-Velure-04-LOCOMOTIV-1536x1024.jpg 1536w, https:\/\/hoyre.no\/content\/uploads\/sites\/7\/2024\/11\/Hanne-Alstrup-Velure-04-LOCOMOTIV-2048x1365.jpg 2048w\" sizes=\"auto, (max-width: 768px) 100vw, 768px\" \/>\t\t<\/div>\n\t\t\n\t\t\t<div class=\"teft-card__content-wrapper\">\n\t\t\t\t<div class=\"teft-card__secondary\">\n\t\t\t\t\t\n\t\t\t\t\t\t\t\t<div class=\"teft-card__meta\">\n\t\t\t\t\t\t\t\t\t<span class=\"post-date\">13. apr 2026<\/span>\n\n\t\t\t\t\t\t\t\t\t<span class=\"post-category\">Debatt<\/span>\t\t\t\t\t\t\t\t<\/div>\n\t\t\t\t\t\t\t\t\t\t\t<\/div>\n\n\t\t\t\t<div class=\"teft-card__primary\">\n\t\t\t\t\t<h2 class=\"teft-card__title\">Bedre bruk av l\u00e6rerne \u2013 til elevenes beste&nbsp;<span class=\"teft-card__primary-title-append\"><\/span><\/h2>\t\t\t\t<\/div>\n\t\t\t<\/div>\n\t\t<\/a>\n\t<\/div>\n\n\t<\/div><div class=\"is-card-hoyre\">\n\t<div class=\"teft-card hoyre-teft-card post-teft-card\">\n\t\t<a href=\"https:\/\/hoyre.no\/innlandet\/aktuelt\/viltet-er-en-ressurs-na-og-i-fremtiden\/\" class=\"teft-card__primary-action\">\n\n\t\t\t\t\t<div class=\"teft-card__media teft-card__media--16-9\">\n\t\t\t\t\t\t<img loading=\"lazy\" decoding=\"async\" width=\"768\" height=\"768\" src=\"https:\/\/hoyre.no\/content\/uploads\/sites\/7\/2026\/03\/Joakim-Ekseth-jakt-kvadrat-768x768.jpg\" class=\"attachment-medium_large size-medium_large\" alt=\"\" srcset=\"https:\/\/hoyre.no\/content\/uploads\/sites\/7\/2026\/03\/Joakim-Ekseth-jakt-kvadrat-768x768.jpg 768w, https:\/\/hoyre.no\/content\/uploads\/sites\/7\/2026\/03\/Joakim-Ekseth-jakt-kvadrat-300x300.jpg 300w, https:\/\/hoyre.no\/content\/uploads\/sites\/7\/2026\/03\/Joakim-Ekseth-jakt-kvadrat-1024x1024.jpg 1024w, https:\/\/hoyre.no\/content\/uploads\/sites\/7\/2026\/03\/Joakim-Ekseth-jakt-kvadrat-150x150.jpg 150w, https:\/\/hoyre.no\/content\/uploads\/sites\/7\/2026\/03\/Joakim-Ekseth-jakt-kvadrat.jpg 1080w\" sizes=\"auto, (max-width: 768px) 100vw, 768px\" \/>\t\t<\/div>\n\t\t\n\t\t\t<div class=\"teft-card__content-wrapper\">\n\t\t\t\t<div class=\"teft-card__secondary\">\n\t\t\t\t\t\n\t\t\t\t\t\t\t\t<div class=\"teft-card__meta\">\n\t\t\t\t\t\t\t\t\t<span class=\"post-date\">20. mar 2026<\/span>\n\n\t\t\t\t\t\t\t\t\t<span class=\"post-category\">Debatt<\/span>\t\t\t\t\t\t\t\t<\/div>\n\t\t\t\t\t\t\t\t\t\t\t<\/div>\n\n\t\t\t\t<div class=\"teft-card__primary\">\n\t\t\t\t\t<h2 class=\"teft-card__title\">Viltet er en ressurs, n\u00e5 og i fremtiden&nbsp;<span class=\"teft-card__primary-title-append\"><\/span><\/h2>\t\t\t\t<\/div>\n\t\t\t<\/div>\n\t\t<\/a>\n\t<\/div>\n\n\t<\/div><div class=\"is-card-hoyre\">\n\t<div class=\"teft-card hoyre-teft-card post-teft-card\">\n\t\t<a href=\"https:\/\/hoyre.no\/innlandet\/aktuelt\/bekind\/\" class=\"teft-card__primary-action\">\n\n\t\t\t\t\t<div class=\"teft-card__media teft-card__media--16-9\">\n\t\t\t\t\t\t<img loading=\"lazy\" decoding=\"async\" width=\"768\" height=\"768\" src=\"https:\/\/hoyre.no\/content\/uploads\/sites\/7\/2026\/03\/Joanna-Randmaer-Warpe-fotball-kvadrat-768x768.jpg\" class=\"attachment-medium_large size-medium_large\" alt=\"\" srcset=\"https:\/\/hoyre.no\/content\/uploads\/sites\/7\/2026\/03\/Joanna-Randmaer-Warpe-fotball-kvadrat-768x768.jpg 768w, https:\/\/hoyre.no\/content\/uploads\/sites\/7\/2026\/03\/Joanna-Randmaer-Warpe-fotball-kvadrat-300x300.jpg 300w, https:\/\/hoyre.no\/content\/uploads\/sites\/7\/2026\/03\/Joanna-Randmaer-Warpe-fotball-kvadrat-1024x1024.jpg 1024w, https:\/\/hoyre.no\/content\/uploads\/sites\/7\/2026\/03\/Joanna-Randmaer-Warpe-fotball-kvadrat-150x150.jpg 150w, https:\/\/hoyre.no\/content\/uploads\/sites\/7\/2026\/03\/Joanna-Randmaer-Warpe-fotball-kvadrat.jpg 1080w\" sizes=\"auto, (max-width: 768px) 100vw, 768px\" \/>\t\t<\/div>\n\t\t\n\t\t\t<div class=\"teft-card__content-wrapper\">\n\t\t\t\t<div class=\"teft-card__secondary\">\n\t\t\t\t\t\n\t\t\t\t\t\t\t\t<div class=\"teft-card__meta\">\n\t\t\t\t\t\t\t\t\t<span class=\"post-date\">19. mar 2026<\/span>\n\n\t\t\t\t\t\t\t\t\t<span class=\"post-category\">Debatt<\/span>\t\t\t\t\t\t\t\t<\/div>\n\t\t\t\t\t\t\t\t\t\t\t<\/div>\n\n\t\t\t\t<div class=\"teft-card__primary\">\n\t\t\t\t\t<h2 class=\"teft-card__title\">#BeKind\u00a0&nbsp;<span class=\"teft-card__primary-title-append\"><\/span><\/h2>\t\t\t\t<\/div>\n\t\t\t<\/div>\n\t\t<\/a>\n\t<\/div>\n\n\t<\/div><\/div>\t<\/div>\n<\/div>\n","protected":false},"excerpt":{"rendered":"<p>Inger Lise Sveum-Aasbekken ledet arbeidet med \u00e5 finne et s\u00e5 bredt flertall for Innlandet fylkeskommunes innspill til jordbruksforhandlingene. Innspillet kan du finne nederst i artikkelen. Sveum-Aasbekken trakk frem Innlandet H\u00f8yres innspill da hun innledet til saken. Les Sveum-Aasbekkens innlegg her: Det er sikkert ingen hemmelighet at jeg er opptatt av landbruk. Jeg har og alltid [&hellip;]<\/p>\n","protected":false},"author":26288,"featured_media":0,"comment_status":"closed","ping_status":"closed","sticky":false,"template":"","format":"standard","meta":{"teft_cards_image_url":"","teft_cards_custom_pretitle":"","teft_cards_image_id":1690,"teft_cards_image_focal_point_x":0.5,"teft_cards_image_focal_point_y":0.5,"teft_cards_title":"","teft_cards_excerpt":"H\u00f8yre satte fokus p\u00e5 blant annet teknologi, melkepriser, \u00f8kt kornproduksjon og  beredskap i Innlandet fylkeskommunes innspill til jordbruksforhandlingene.","teft_show_chapters":false,"author_display_name":"","footnotes":""},"category":[55,32,31],"post_tag":[69,68],"hoyre-visibility":[],"article-type":[],"politician":[37],"class_list":["post-1687","post","type-post","status-publish","format-standard","hentry","category-jordbruk","category-politikk","category-vare-politikere","tag-jordbruk","tag-naering","politician-inger-lise-sveum-aasbekken"],"yoast_head":"<!-- This site is optimized with the Yoast SEO plugin v26.6 - https:\/\/yoast.com\/wordpress\/plugins\/seo\/ -->\n<title>Innlandet H\u00f8yre satser p\u00e5 norsk landbruk - Innlandet H\u00f8yre<\/title>\n<meta name=\"robots\" content=\"index, follow, max-snippet:-1, max-image-preview:large, max-video-preview:-1\" \/>\n<link rel=\"canonical\" href=\"https:\/\/hoyre.no\/innlandet\/aktuelt\/innlandet-hoyre-satser-pa-norsk-landbruk\/\" \/>\n<meta property=\"og:locale\" content=\"nb_NO\" \/>\n<meta property=\"og:type\" content=\"article\" \/>\n<meta property=\"og:title\" content=\"Innlandet H\u00f8yre satser p\u00e5 norsk landbruk - Innlandet H\u00f8yre\" \/>\n<meta property=\"og:description\" content=\"Inger Lise Sveum-Aasbekken ledet arbeidet med \u00e5 finne et s\u00e5 bredt flertall for Innlandet fylkeskommunes innspill til jordbruksforhandlingene. Innspillet kan du finne nederst i artikkelen. Sveum-Aasbekken trakk frem Innlandet H\u00f8yres innspill da hun innledet til saken. Les Sveum-Aasbekkens innlegg her: Det er sikkert ingen hemmelighet at jeg er opptatt av landbruk. Jeg har og alltid [&hellip;]\" \/>\n<meta property=\"og:url\" content=\"https:\/\/hoyre.no\/innlandet\/aktuelt\/innlandet-hoyre-satser-pa-norsk-landbruk\/\" \/>\n<meta property=\"og:site_name\" content=\"Innlandet H\u00f8yre\" \/>\n<meta property=\"article:published_time\" content=\"2025-01-06T12:19:57+00:00\" \/>\n<meta property=\"article:modified_time\" content=\"2025-01-13T12:41:21+00:00\" \/>\n<meta property=\"og:image\" content=\"https:\/\/hoyre.no\/content\/uploads\/sites\/7\/2026\/03\/Joanna-Randmaer-Warpe-fotball-kvadrat-1024x1024.jpg\" \/>\n<meta name=\"author\" content=\"Erlend Gj\u00f8lme\" \/>\n<meta name=\"twitter:card\" content=\"summary_large_image\" \/>\n<meta name=\"twitter:label1\" content=\"Skrevet av\" \/>\n\t<meta name=\"twitter:data1\" content=\"Erlend Gj\u00f8lme\" \/>\n\t<meta name=\"twitter:label2\" content=\"Ansl. lesetid\" \/>\n\t<meta name=\"twitter:data2\" content=\"4 minutter\" \/>\n<script type=\"application\/ld+json\" class=\"yoast-schema-graph\">{\"@context\":\"https:\/\/schema.org\",\"@graph\":[{\"@type\":\"NewsArticle\",\"@id\":\"https:\/\/hoyre.no\/innlandet\/aktuelt\/innlandet-hoyre-satser-pa-norsk-landbruk\/\",\"url\":\"https:\/\/hoyre.no\/innlandet\/aktuelt\/innlandet-hoyre-satser-pa-norsk-landbruk\/\",\"name\":\"Innlandet H\u00f8yre satser p\u00e5 norsk landbruk - Innlandet H\u00f8yre\",\"isPartOf\":{\"@id\":\"https:\/\/hoyre.no\/innlandet\/#website\"},\"image\":{\"@id\":\"https:\/\/hoyre.no\/innlandet\/aktuelt\/innlandet-hoyre-satser-pa-norsk-landbruk\/#primaryimage\"},\"thumbnailUrl\":\"https:\/\/hoyre.no\/content\/uploads\/sites\/7\/2025\/01\/Sau1-768x1024.jpg\",\"datePublished\":\"2025-01-06T12:19:57+00:00\",\"dateModified\":\"2025-01-13T12:41:21+00:00\",\"author\":{\"@id\":\"https:\/\/hoyre.no\/innlandet\/#\/schema\/person\/8f41eef411c647642cf257592f9fce1c\"},\"breadcrumb\":{\"@id\":\"https:\/\/hoyre.no\/innlandet\/aktuelt\/innlandet-hoyre-satser-pa-norsk-landbruk\/#breadcrumb\"},\"inLanguage\":\"nb-NO\",\"potentialAction\":[{\"@type\":\"ReadAction\",\"target\":[\"https:\/\/hoyre.no\/innlandet\/aktuelt\/innlandet-hoyre-satser-pa-norsk-landbruk\/\"]}]},{\"@type\":\"ImageObject\",\"inLanguage\":\"nb-NO\",\"@id\":\"https:\/\/hoyre.no\/innlandet\/aktuelt\/innlandet-hoyre-satser-pa-norsk-landbruk\/#primaryimage\",\"url\":\"https:\/\/hoyre.no\/content\/uploads\/sites\/7\/2025\/01\/Sau1-768x1024.jpg\",\"contentUrl\":\"https:\/\/hoyre.no\/content\/uploads\/sites\/7\/2025\/01\/Sau1-768x1024.jpg\"},{\"@type\":\"BreadcrumbList\",\"@id\":\"https:\/\/hoyre.no\/innlandet\/aktuelt\/innlandet-hoyre-satser-pa-norsk-landbruk\/#breadcrumb\",\"itemListElement\":[{\"@type\":\"ListItem\",\"position\":1,\"name\":\"Til hoyre.no\",\"item\":\"https:\/\/hoyre.no\"},{\"@type\":\"ListItem\",\"position\":2,\"name\":\"Hjem\",\"item\":\"https:\/\/hoyre.no\/innlandet\/\"},{\"@type\":\"ListItem\",\"position\":3,\"name\":\"Innlandet H\u00f8yre satser p\u00e5 norsk landbruk\"}]},{\"@type\":\"WebSite\",\"@id\":\"https:\/\/hoyre.no\/innlandet\/#website\",\"url\":\"https:\/\/hoyre.no\/innlandet\/\",\"name\":\"Innlandet H\u00f8yre\",\"description\":\"Bare enda et H\u00f8yres nettsteder-nettsted\",\"inLanguage\":\"nb-NO\"},{\"@type\":\"Person\",\"@id\":\"https:\/\/hoyre.no\/innlandet\/#\/schema\/person\/8f41eef411c647642cf257592f9fce1c\",\"name\":\"Erlend Gj\u00f8lme\",\"image\":{\"@type\":\"ImageObject\",\"inLanguage\":\"nb-NO\",\"@id\":\"https:\/\/hoyre.no\/innlandet\/#\/schema\/person\/image\/\",\"url\":\"https:\/\/secure.gravatar.com\/avatar\/19308e99cc26c2c18ba01243f850e887a482eed229c88c0905de487505a4d093?s=96&d=mm&r=g\",\"contentUrl\":\"https:\/\/secure.gravatar.com\/avatar\/19308e99cc26c2c18ba01243f850e887a482eed229c88c0905de487505a4d093?s=96&d=mm&r=g\",\"caption\":\"Erlend Gj\u00f8lme\"},\"url\":\"https:\/\/hoyre.no\/innlandet\/aktuelt\/author\/m50054840\/\"}]}<\/script>\n<!-- \/ Yoast SEO plugin. -->","yoast_head_json":{"title":"Innlandet H\u00f8yre satser p\u00e5 norsk landbruk - Innlandet H\u00f8yre","robots":{"index":"index","follow":"follow","max-snippet":"max-snippet:-1","max-image-preview":"max-image-preview:large","max-video-preview":"max-video-preview:-1"},"canonical":"https:\/\/hoyre.no\/innlandet\/aktuelt\/innlandet-hoyre-satser-pa-norsk-landbruk\/","og_locale":"nb_NO","og_type":"article","og_title":"Innlandet H\u00f8yre satser p\u00e5 norsk landbruk - Innlandet H\u00f8yre","og_description":"Inger Lise Sveum-Aasbekken ledet arbeidet med \u00e5 finne et s\u00e5 bredt flertall for Innlandet fylkeskommunes innspill til jordbruksforhandlingene. Innspillet kan du finne nederst i artikkelen. Sveum-Aasbekken trakk frem Innlandet H\u00f8yres innspill da hun innledet til saken. Les Sveum-Aasbekkens innlegg her: Det er sikkert ingen hemmelighet at jeg er opptatt av landbruk. Jeg har og alltid [&hellip;]","og_url":"https:\/\/hoyre.no\/innlandet\/aktuelt\/innlandet-hoyre-satser-pa-norsk-landbruk\/","og_site_name":"Innlandet H\u00f8yre","article_published_time":"2025-01-06T12:19:57+00:00","article_modified_time":"2025-01-13T12:41:21+00:00","og_image":[{"url":"https:\/\/hoyre.no\/content\/uploads\/sites\/7\/2026\/03\/Joanna-Randmaer-Warpe-fotball-kvadrat-1024x1024.jpg","width":"","height":"","type":""}],"author":"Erlend Gj\u00f8lme","twitter_card":"summary_large_image","twitter_misc":{"Skrevet av":"Erlend Gj\u00f8lme","Ansl. lesetid":"4 minutter"},"schema":{"@context":"https:\/\/schema.org","@graph":[{"@type":"NewsArticle","@id":"https:\/\/hoyre.no\/innlandet\/aktuelt\/innlandet-hoyre-satser-pa-norsk-landbruk\/","url":"https:\/\/hoyre.no\/innlandet\/aktuelt\/innlandet-hoyre-satser-pa-norsk-landbruk\/","name":"Innlandet H\u00f8yre satser p\u00e5 norsk landbruk - Innlandet H\u00f8yre","isPartOf":{"@id":"https:\/\/hoyre.no\/innlandet\/#website"},"image":{"@id":"https:\/\/hoyre.no\/innlandet\/aktuelt\/innlandet-hoyre-satser-pa-norsk-landbruk\/#primaryimage"},"thumbnailUrl":"https:\/\/hoyre.no\/content\/uploads\/sites\/7\/2025\/01\/Sau1-768x1024.jpg","datePublished":"2025-01-06T12:19:57+00:00","dateModified":"2025-01-13T12:41:21+00:00","author":{"@id":"https:\/\/hoyre.no\/innlandet\/#\/schema\/person\/8f41eef411c647642cf257592f9fce1c"},"breadcrumb":{"@id":"https:\/\/hoyre.no\/innlandet\/aktuelt\/innlandet-hoyre-satser-pa-norsk-landbruk\/#breadcrumb"},"inLanguage":"nb-NO","potentialAction":[{"@type":"ReadAction","target":["https:\/\/hoyre.no\/innlandet\/aktuelt\/innlandet-hoyre-satser-pa-norsk-landbruk\/"]}]},{"@type":"ImageObject","inLanguage":"nb-NO","@id":"https:\/\/hoyre.no\/innlandet\/aktuelt\/innlandet-hoyre-satser-pa-norsk-landbruk\/#primaryimage","url":"https:\/\/hoyre.no\/content\/uploads\/sites\/7\/2025\/01\/Sau1-768x1024.jpg","contentUrl":"https:\/\/hoyre.no\/content\/uploads\/sites\/7\/2025\/01\/Sau1-768x1024.jpg"},{"@type":"BreadcrumbList","@id":"https:\/\/hoyre.no\/innlandet\/aktuelt\/innlandet-hoyre-satser-pa-norsk-landbruk\/#breadcrumb","itemListElement":[{"@type":"ListItem","position":1,"name":"Til hoyre.no","item":"https:\/\/hoyre.no"},{"@type":"ListItem","position":2,"name":"Hjem","item":"https:\/\/hoyre.no\/innlandet\/"},{"@type":"ListItem","position":3,"name":"Innlandet H\u00f8yre satser p\u00e5 norsk landbruk"}]},{"@type":"WebSite","@id":"https:\/\/hoyre.no\/innlandet\/#website","url":"https:\/\/hoyre.no\/innlandet\/","name":"Innlandet H\u00f8yre","description":"Bare enda et H\u00f8yres nettsteder-nettsted","inLanguage":"nb-NO"},{"@type":"Person","@id":"https:\/\/hoyre.no\/innlandet\/#\/schema\/person\/8f41eef411c647642cf257592f9fce1c","name":"Erlend Gj\u00f8lme","image":{"@type":"ImageObject","inLanguage":"nb-NO","@id":"https:\/\/hoyre.no\/innlandet\/#\/schema\/person\/image\/","url":"https:\/\/secure.gravatar.com\/avatar\/19308e99cc26c2c18ba01243f850e887a482eed229c88c0905de487505a4d093?s=96&d=mm&r=g","contentUrl":"https:\/\/secure.gravatar.com\/avatar\/19308e99cc26c2c18ba01243f850e887a482eed229c88c0905de487505a4d093?s=96&d=mm&r=g","caption":"Erlend Gj\u00f8lme"},"url":"https:\/\/hoyre.no\/innlandet\/aktuelt\/author\/m50054840\/"}]}},"distributor_meta":false,"distributor_terms":false,"distributor_media":false,"distributor_original_site_name":"Innlandet H\u00f8yre","distributor_original_site_url":"https:\/\/hoyre.no\/innlandet","push-errors":false,"_links":{"self":[{"href":"https:\/\/hoyre.no\/innlandet\/wp-json\/wp\/v2\/posts\/1687","targetHints":{"allow":["GET"]}}],"collection":[{"href":"https:\/\/hoyre.no\/innlandet\/wp-json\/wp\/v2\/posts"}],"about":[{"href":"https:\/\/hoyre.no\/innlandet\/wp-json\/wp\/v2\/types\/post"}],"author":[{"embeddable":true,"href":"https:\/\/hoyre.no\/innlandet\/wp-json\/wp\/v2\/users\/26288"}],"replies":[{"embeddable":true,"href":"https:\/\/hoyre.no\/innlandet\/wp-json\/wp\/v2\/comments?post=1687"}],"version-history":[{"count":12,"href":"https:\/\/hoyre.no\/innlandet\/wp-json\/wp\/v2\/posts\/1687\/revisions"}],"predecessor-version":[{"id":1723,"href":"https:\/\/hoyre.no\/innlandet\/wp-json\/wp\/v2\/posts\/1687\/revisions\/1723"}],"wp:attachment":[{"href":"https:\/\/hoyre.no\/innlandet\/wp-json\/wp\/v2\/media?parent=1687"}],"wp:term":[{"taxonomy":"category","embeddable":true,"href":"https:\/\/hoyre.no\/innlandet\/wp-json\/wp\/v2\/category?post=1687"},{"taxonomy":"post_tag","embeddable":true,"href":"https:\/\/hoyre.no\/innlandet\/wp-json\/wp\/v2\/post_tag?post=1687"},{"taxonomy":"hoyre-visibility","embeddable":true,"href":"https:\/\/hoyre.no\/innlandet\/wp-json\/wp\/v2\/hoyre-visibility?post=1687"},{"taxonomy":"article-type","embeddable":true,"href":"https:\/\/hoyre.no\/innlandet\/wp-json\/wp\/v2\/article-type?post=1687"},{"taxonomy":"politician","embeddable":true,"href":"https:\/\/hoyre.no\/innlandet\/wp-json\/wp\/v2\/politician?post=1687"}],"curies":[{"name":"wp","href":"https:\/\/api.w.org\/{rel}","templated":true}]}}