{"id":1757,"date":"2025-02-03T13:30:01","date_gmt":"2025-02-03T12:30:01","guid":{"rendered":"https:\/\/hoyre.no\/innlandet\/?p=1757"},"modified":"2025-02-03T13:30:01","modified_gmt":"2025-02-03T12:30:01","slug":"integrering-handler-om-de-gode-menneskemoter","status":"publish","type":"post","link":"https:\/\/hoyre.no\/innlandet\/aktuelt\/integrering-handler-om-de-gode-menneskemoter\/","title":{"rendered":"Integrering handler om de gode menneskem\u00f8ter"},"content":{"rendered":"\n<p class=\"preamble\">\u00abIntegrering handler om de gode menneskem\u00f8ter. Og alle som jobber med integrering liker \u00e5 m\u00f8te mennesker,\u00bb sa Fylkesvaraordf\u00f8reren da hun \u00f8nsket velkommen til integreringskonferansen, som arrangeres av Innlandet fylkeskommune i samarbeid med Nav Innlandet, Statsforvalteren og IMDi.<\/p>\t\t\t<div class=\"post-meta wp-block teft-byline-wrapper\">\n\t\t\t\t<div class=\"top\">\n\t\t\t\t\t<div class=\"signature\">\n\t\t\t\t\t\t<div class=\"teft-byline\">\n\t\t\t\t\t\t\t\t\t\t\t\t\t\t<div>\n\t\t\t\t\t\t\t\t<h3>H\u00f8yres redaksjon<\/h3>\t\t\t\t\t\t\t\t\n\t\t\t\t\t\t\t\t\t\t\t\t\t\t\t\t\t<span class=\"date\">Sist oppdatert: 3. februar 2025<\/span>\n\t\t\t\t\t\t\t\t\t\t\t\t\t\t\t\t\t\t\t\t\t\t\t\t\t<span class=\"reading-time\" itemprop=\"timeRequired\" content=\"PT5M\"><em>Ca. 5 minutter lesetid<\/em><\/span>\n\t\t\t\t\t\t\t\t\t\t\t\t\t\t\t<\/div>\n\t\t\t\t\t\t<\/div>\n\t\t\t\t\t<\/div>\n\t\t\t\t\t\t<div class=\"sharing\">\n\t\t<a class=\"share-button share-link copy-link\" data-copy=\"https:\/\/hoyre.no\/innlandet\/aktuelt\/integrering-handler-om-de-gode-menneskemoter\/\" target=\"_blank\"><span class=\"screen-reader-text\">Del link<\/span><\/a>\n\t\t<a class=\"share-button share-twitter\" href=\"http:\/\/twitter.com\/share?text=Integrering handler om de gode menneskem\u00f8ter&#038;url=https:\/\/hoyre.no\/innlandet\/aktuelt\/integrering-handler-om-de-gode-menneskemoter\/&#038;hashtags=Hoyre\" target=\"_blank\"><span class=\"screen-reader-text\">Del p\u00e5 twitter<\/span><\/a>\n\t\t<a class=\"share-button share-facebook\" href=\"https:\/\/www.facebook.com\/sharer\/sharer.php?u=https:\/\/hoyre.no\/innlandet\/aktuelt\/integrering-handler-om-de-gode-menneskemoter\/\" target=\"_blank\"><span class=\"screen-reader-text\">Del p\u00e5 facebook<\/span><\/a>\n\t<\/div>\n\t\t\t\t\t<\/div>\n\t\t\t<\/div>\n\n\t\t\t<figure class=\"hoyre-image-wrapper\"><div class=\"hoyre-image\"><img loading=\"lazy\" decoding=\"async\" width=\"2500\" height=\"1875\" src=\"https:\/\/hoyre.no\/content\/uploads\/sites\/7\/2025\/02\/Hanne-intefrering-01-scaled.jpg\" class=\"attachment-scaled size-scaled\" alt=\"Fylkesvaraordf\u00f8rer Hanne Alstrup Velure p\u00e5 regional integreringskonferanse Foto: Innlandet H\u00f8yre\" style=\"object-position: 50% 50%\" srcset=\"https:\/\/hoyre.no\/content\/uploads\/sites\/7\/2025\/02\/Hanne-intefrering-01-scaled.jpg 2500w, https:\/\/hoyre.no\/content\/uploads\/sites\/7\/2025\/02\/Hanne-intefrering-01-300x225.jpg 300w, https:\/\/hoyre.no\/content\/uploads\/sites\/7\/2025\/02\/Hanne-intefrering-01-1024x768.jpg 1024w, https:\/\/hoyre.no\/content\/uploads\/sites\/7\/2025\/02\/Hanne-intefrering-01-768x576.jpg 768w, https:\/\/hoyre.no\/content\/uploads\/sites\/7\/2025\/02\/Hanne-intefrering-01-1536x1152.jpg 1536w, https:\/\/hoyre.no\/content\/uploads\/sites\/7\/2025\/02\/Hanne-intefrering-01-2048x1536.jpg 2048w\" sizes=\"auto, (max-width: 2500px) 100vw, 2500px\" \/><\/div><figcaption class=\"caption\">Fylkesvaraordf\u00f8rer Hanne Alstrup Velure p\u00e5 regional integreringskonferanse\nFoto: Innlandet H\u00f8yre<\/figcaption><\/figure>\n\n\n\n<h4 class=\"wp-block-heading\">Hanne Alstrup Velure \u00f8nsket velkommen til regional integreringskonferanse. Les hva hun sa til de fremm\u00f8tte.<\/h4>\n\n\n\n<p>Kj\u00e6re alle sammen.<\/p>\n\n\n\n<p>Det er med en god del \u00e6refrykt jeg st\u00e5r her og skal \u00f8nske dere alle velkommen p\u00e5 vegne av Innlandet fylkeskommune. <\/p>\n\n\n\n<p>I samarbeid med NAV Innlandet, Statsforvalteren og IMDi, inviterer fylkeskommunen til regional integreringskonferanse. Og la meg si det f\u00f8rst \u2013 at Innlandet fylkeskommune er veldig glad for \u00e5 ha f\u00e5tt dette koordineringsansvaret for integrering.<\/p>\n\n\n\n<figure class=\"wp-block-image size-large\"><img loading=\"lazy\" decoding=\"async\" width=\"1024\" height=\"768\" src=\"https:\/\/hoyre.no\/content\/uploads\/sites\/7\/2025\/02\/Sal-med-Okstad-1024x768.jpg\" alt=\"Juliana og Sergio Okstad gav \u00e5pningen en vakker start med foilin og tangenter. Foto: Innlandet H\u00f8yre\" class=\"wp-image-1760\" style=\"aspect-ratio:3\/2;object-fit:contain\" srcset=\"https:\/\/hoyre.no\/content\/uploads\/sites\/7\/2025\/02\/Sal-med-Okstad-1024x768.jpg 1024w, https:\/\/hoyre.no\/content\/uploads\/sites\/7\/2025\/02\/Sal-med-Okstad-300x225.jpg 300w, https:\/\/hoyre.no\/content\/uploads\/sites\/7\/2025\/02\/Sal-med-Okstad-768x576.jpg 768w, https:\/\/hoyre.no\/content\/uploads\/sites\/7\/2025\/02\/Sal-med-Okstad-1536x1152.jpg 1536w, https:\/\/hoyre.no\/content\/uploads\/sites\/7\/2025\/02\/Sal-med-Okstad-2048x1536.jpg 2048w\" sizes=\"auto, (max-width: 1024px) 100vw, 1024px\" \/><figcaption class=\"wp-element-caption\">Juliana og Sergio Okstad gav \u00e5pningen en vakker start med fiolin og tangenter. Foto: Innlandet H\u00f8yre<\/figcaption><\/figure>\n\n\n\n<p>N\u00e5r jeg sier jeg kjenner \u00e6refrykt s\u00e5 er det fordi jeg vet hvor viktige hver og en av dere er \u2013 for den og de dere jobber for, men aller mest for alle de enkeltmennesker som trenger \u00e5 m\u00f8te en \u00e5pen d\u00f8r, \u00e5 bli m\u00f8tt med verdighet, varme, omsorg, gjestfrihet og en genuin hjelpsomhet.<\/p>\n\n\n\n<p>Jeg har selv jobbet med integrering. I 2008 jobbet jeg p\u00e5 timebasis med tilflytterprosjekt for Lesja kommune. Vi dro til Hoevelaken p\u00e5 migrasjonsmesse hvert \u00e5r. Der var det flere tusen innom s\u00e5 man m\u00e5tte v\u00e6re selektiv med hvem man brukte tid p\u00e5.<\/p>\n\n\n\n<p>Huub og Cindy Huijs kom med sin lille familie til standen. Vanligvis spurte jeg f\u00f8rst hva folk drev med, men med Huub og Cindy s\u00e5 snakket vi om alt mulig annet og lo mye sammen. Det var &laquo;connection&raquo; med enn gang. Jeg spurte hva de drev med. Huub var saxofonist og Cindy var koreograf. Og jeg tenkte. OMG \u2013 p\u00e5 Lesja. Men tok meg inn og tenkte \u2013 der det er en vilje er det en vei. De ble invitert til Lesja og jeg hadde arrangert bes\u00f8ksrunde til skole, arbeidsplasser og klart \u00e5 finne et hus de kunne leie. De skulle videre til R\u00f8ros og Sauda, men ringte og sa at de hadde bestemt seg, de valgte Lesja.<\/p>\n\n\n\n<p>Jeg innprentet dem tidlig at de m\u00e5tte l\u00e6re seg norsk, se barne-TV etc. <br>Huub kom tilbake til meg etter noen m\u00e5neder og fremf\u00f8rte stolt \u2013 goddag Hanne, ditt gamle hestehode (noen hadde nok hatt morro med \u00e5 l\u00e6re ham det).<\/p>\n\n\n\n<p>Huub fikk jobb p\u00e5 Verma m\u00f8belfabrikk og laget senere Hubertus \u00f8lbryggeri. N\u00e5 er han da ny direkt\u00f8r p\u00e5 Domb\u00e5s hotell. Sofie, datteren er skuespiller p\u00e5 Teater Innlandet.<\/p>\n\n\n\n<div class=\"wp-block-media-text is-stacked-on-mobile is-image-fill is-style-darkest-blue\"><figure class=\"wp-block-media-text__media\" style=\"background-image:url('https:\/\/hoyre.no\/content\/uploads\/sites\/7\/2025\/02\/Hanne-integrering-03-768x1024.jpg');background-position:40% 45%\"><img loading=\"lazy\" decoding=\"async\" width=\"768\" height=\"1024\" src=\"https:\/\/hoyre.no\/content\/uploads\/sites\/7\/2025\/02\/Hanne-integrering-03-768x1024.jpg\" alt=\"\" class=\"wp-image-1762 size-full\" srcset=\"https:\/\/hoyre.no\/content\/uploads\/sites\/7\/2025\/02\/Hanne-integrering-03-768x1024.jpg 768w, https:\/\/hoyre.no\/content\/uploads\/sites\/7\/2025\/02\/Hanne-integrering-03-225x300.jpg 225w, https:\/\/hoyre.no\/content\/uploads\/sites\/7\/2025\/02\/Hanne-integrering-03-1152x1536.jpg 1152w, https:\/\/hoyre.no\/content\/uploads\/sites\/7\/2025\/02\/Hanne-integrering-03-1536x2048.jpg 1536w, https:\/\/hoyre.no\/content\/uploads\/sites\/7\/2025\/02\/Hanne-integrering-03-scaled.jpg 1875w\" sizes=\"auto, (max-width: 768px) 100vw, 768px\" \/><\/figure><div class=\"wp-block-media-text__content\">\n<blockquote class=\"wp-block-quote is-style-default is-layout-flow wp-block-quote-is-layout-flow\">\n<p>Integrering handler om de gode menneskem\u00f8ter. Og alle som jobber med integrering liker \u00e5 m\u00f8te mennesker \u2013 det ser jeg eksempler p\u00e5 hele tiden.<\/p>\n<\/blockquote>\n<\/div><\/div>\n\n\n\n<p>At ulike forvaltningsmilj\u00f8er med ulik kompetanse og roller samarbeider er sv\u00e6rt viktig for \u00e5 ivareta alle perspektiver i integreringen av hver enkelt. Og for \u00e5 sikre at alle erfaringer og kompetanser brukes p\u00e5 kryss og tvers.<\/p>\n\n\n\n<p>Det er jo s\u00e5 ofte at de sp\u00f8rsm\u00e5l man har i den ene leiren, dem finner man svar p\u00e5 i andre leirer. I tillegg er det viktig \u00e5 inspirere og motivere hverandre \u2013 for like givende som integreringsarbeid er, s\u00e5 er det ogs\u00e5 krevende \u00e5 jobbe med; alle dere bruker dere selv som menneske i m\u00f8tet med andre mennesker som er avhengig av dere.<\/p>\n\n\n\n<p>Hele 135 deltagere fra helt ulike organisasjoner er samlet her til gjennomf\u00f8ring av et sv\u00e6rt innholdsrikt program. Jeg tror jeg kan si p\u00e5 vegne av alle politikere at vi er stolte av \u00e5 ha s\u00e5 mange dyktige mennesker som kan og vil s\u00f8rge for \u00e5 sluse andre mennesker inn i en like fin tilv\u00e6relse som de fleste av oss har i v\u00e5r privilegerte del av verden.<\/p>\n\n\n\n<p>Til slutt:<\/p>\n\n\n\n<p>Jeg tror en viktig suksessfaktor er at hver enkelt som skal bli en del av oss, f\u00f8lges opp av et eller noen f\u00e5 enkeltmennesker. Dette \u00e5 ha en prim\u00e6rkontakt som man vet man alltid kan komme til og som kan st\u00f8tte og veilede i en verden som kan virke uoverskuelig og fremmed \u2013 det kan bety alt for at man kjenner seg velkommen, \u00f8nsket og beh\u00f8vd.<\/p>\n\n\n\n<blockquote class=\"wp-block-quote is-layout-flow wp-block-quote-is-layout-flow\">\n<p class=\"is-style-large\">Og det er jo i bunn og grunn det som gir mening i livet for oss alle \u2013 \u00e5 f\u00f8le seg beh\u00f8vd og \u00e5 bety noe for andre<\/p>\n<\/blockquote>\n\n\n\n<p>Min klasseforstander i 1.klasse i Danmark skrev i min poesibok:<\/p>\n\n\n\n<p>\u00abN\u00e5r man glemmer seg selv er man n\u00e6r ved at huske det egentlige\u00bb.<\/p>\n\n\n\n<p>Masse lykke til med konferansen \u2013 og tusen, tusen takk for jobben dere alle gj\u00f8r!&nbsp;&nbsp;&nbsp;<\/p>\n\n\n\n\n<p><\/p>\n\n\n<div class=\"tags\">\n\t\t<div class=\"wp-block-tag-cloud\">\n\t\t\t\t\t<a href=\"https:\/\/hoyre.no\/innlandet\/aktuelt\/tag\/integrering\/\" class=\"tag-cloud-link\">Integrering<\/a>\n\t\t\t\t\t<a href=\"https:\/\/hoyre.no\/innlandet\/aktuelt\/tag\/solidaritet\/\" class=\"tag-cloud-link\">Solidaritet<\/a>\n\t\t\t<\/div>\n\t<\/div>\n<div class=\"post-footer alignfull has-background block-editor-block-list__block\" data-align=full>\n\t<div class=\"post-footer-inner\">\n\t\t<h3>Relaterte artikler<\/h3>\n\t\t<div class=\"related-content\"><div class=\"is-card-hoyre\">\n\t<div class=\"teft-card hoyre-teft-card post-teft-card\">\n\t\t<a href=\"https:\/\/hoyre.no\/innlandet\/aktuelt\/nar-lokaldemokratiet-nekter-og-staten-ikke-tar-ansvar\/\" class=\"teft-card__primary-action\">\n\n\t\t\t\t\t<div class=\"teft-card__media teft-card__media--16-9\">\n\t\t\t\t\t\t<img loading=\"lazy\" decoding=\"async\" width=\"768\" height=\"569\" src=\"https:\/\/hoyre.no\/content\/uploads\/sites\/7\/2026\/04\/Aasland-Velure-Helgesen_Arendal-2025-768x569.jpeg\" class=\"attachment-medium_large size-medium_large\" alt=\"Energiminister Terje Aasland (Ap), Hanne Alstrup Velure og KS-leder Gunn Marit Helgesen.\" srcset=\"https:\/\/hoyre.no\/content\/uploads\/sites\/7\/2026\/04\/Aasland-Velure-Helgesen_Arendal-2025-768x569.jpeg 768w, https:\/\/hoyre.no\/content\/uploads\/sites\/7\/2026\/04\/Aasland-Velure-Helgesen_Arendal-2025-300x222.jpeg 300w, https:\/\/hoyre.no\/content\/uploads\/sites\/7\/2026\/04\/Aasland-Velure-Helgesen_Arendal-2025-1024x758.jpeg 1024w, https:\/\/hoyre.no\/content\/uploads\/sites\/7\/2026\/04\/Aasland-Velure-Helgesen_Arendal-2025-1536x1137.jpeg 1536w, https:\/\/hoyre.no\/content\/uploads\/sites\/7\/2026\/04\/Aasland-Velure-Helgesen_Arendal-2025-2048x1516.jpeg 2048w\" sizes=\"auto, (max-width: 768px) 100vw, 768px\" \/>\t\t<\/div>\n\t\t\n\t\t\t<div class=\"teft-card__content-wrapper\">\n\t\t\t\t<div class=\"teft-card__secondary\">\n\t\t\t\t\t\n\t\t\t\t\t\t\t\t<div class=\"teft-card__meta\">\n\t\t\t\t\t\t\t\t\t<span class=\"post-date\">27. apr 2026<\/span>\n\n\t\t\t\t\t\t\t\t\t<span class=\"post-category\">Debatt<\/span>\t\t\t\t\t\t\t\t<\/div>\n\t\t\t\t\t\t\t\t\t\t\t<\/div>\n\n\t\t\t\t<div class=\"teft-card__primary\">\n\t\t\t\t\t<h2 class=\"teft-card__title\">N\u00e5r lokaldemokratiet nekter \u2013 og staten ikke tar ansvar&nbsp;<span class=\"teft-card__primary-title-append\"><\/span><\/h2>\t\t\t\t<\/div>\n\t\t\t<\/div>\n\t\t<\/a>\n\t<\/div>\n\n\t<\/div><div class=\"is-card-hoyre\">\n\t<div class=\"teft-card hoyre-teft-card post-teft-card\">\n\t\t<a href=\"https:\/\/hoyre.no\/innlandet\/aktuelt\/bedre-bruk-av-laererne-til-elevenes-beste\/\" class=\"teft-card__primary-action\">\n\n\t\t\t\t\t<div class=\"teft-card__media teft-card__media--16-9\">\n\t\t\t\t\t\t<img loading=\"lazy\" decoding=\"async\" width=\"768\" height=\"512\" src=\"https:\/\/hoyre.no\/content\/uploads\/sites\/7\/2024\/11\/Hanne-Alstrup-Velure-04-LOCOMOTIV-768x512.jpg\" class=\"attachment-medium_large size-medium_large\" alt=\"Hanne Alstrup Velure. Foto: Jan Tore \u00d8verstad \/ Locomotiv AS\" srcset=\"https:\/\/hoyre.no\/content\/uploads\/sites\/7\/2024\/11\/Hanne-Alstrup-Velure-04-LOCOMOTIV-768x512.jpg 768w, https:\/\/hoyre.no\/content\/uploads\/sites\/7\/2024\/11\/Hanne-Alstrup-Velure-04-LOCOMOTIV-300x200.jpg 300w, https:\/\/hoyre.no\/content\/uploads\/sites\/7\/2024\/11\/Hanne-Alstrup-Velure-04-LOCOMOTIV-1024x683.jpg 1024w, https:\/\/hoyre.no\/content\/uploads\/sites\/7\/2024\/11\/Hanne-Alstrup-Velure-04-LOCOMOTIV-1536x1024.jpg 1536w, https:\/\/hoyre.no\/content\/uploads\/sites\/7\/2024\/11\/Hanne-Alstrup-Velure-04-LOCOMOTIV-2048x1365.jpg 2048w\" sizes=\"auto, (max-width: 768px) 100vw, 768px\" \/>\t\t<\/div>\n\t\t\n\t\t\t<div class=\"teft-card__content-wrapper\">\n\t\t\t\t<div class=\"teft-card__secondary\">\n\t\t\t\t\t\n\t\t\t\t\t\t\t\t<div class=\"teft-card__meta\">\n\t\t\t\t\t\t\t\t\t<span class=\"post-date\">13. apr 2026<\/span>\n\n\t\t\t\t\t\t\t\t\t<span class=\"post-category\">Debatt<\/span>\t\t\t\t\t\t\t\t<\/div>\n\t\t\t\t\t\t\t\t\t\t\t<\/div>\n\n\t\t\t\t<div class=\"teft-card__primary\">\n\t\t\t\t\t<h2 class=\"teft-card__title\">Bedre bruk av l\u00e6rerne \u2013 til elevenes beste&nbsp;<span class=\"teft-card__primary-title-append\"><\/span><\/h2>\t\t\t\t<\/div>\n\t\t\t<\/div>\n\t\t<\/a>\n\t<\/div>\n\n\t<\/div><div class=\"is-card-hoyre\">\n\t<div class=\"teft-card hoyre-teft-card post-teft-card\">\n\t\t<a href=\"https:\/\/hoyre.no\/innlandet\/aktuelt\/viltet-er-en-ressurs-na-og-i-fremtiden\/\" class=\"teft-card__primary-action\">\n\n\t\t\t\t\t<div class=\"teft-card__media teft-card__media--16-9\">\n\t\t\t\t\t\t<img loading=\"lazy\" decoding=\"async\" width=\"768\" height=\"768\" src=\"https:\/\/hoyre.no\/content\/uploads\/sites\/7\/2026\/03\/Joakim-Ekseth-jakt-kvadrat-768x768.jpg\" class=\"attachment-medium_large size-medium_large\" alt=\"\" srcset=\"https:\/\/hoyre.no\/content\/uploads\/sites\/7\/2026\/03\/Joakim-Ekseth-jakt-kvadrat-768x768.jpg 768w, https:\/\/hoyre.no\/content\/uploads\/sites\/7\/2026\/03\/Joakim-Ekseth-jakt-kvadrat-300x300.jpg 300w, https:\/\/hoyre.no\/content\/uploads\/sites\/7\/2026\/03\/Joakim-Ekseth-jakt-kvadrat-1024x1024.jpg 1024w, https:\/\/hoyre.no\/content\/uploads\/sites\/7\/2026\/03\/Joakim-Ekseth-jakt-kvadrat-150x150.jpg 150w, https:\/\/hoyre.no\/content\/uploads\/sites\/7\/2026\/03\/Joakim-Ekseth-jakt-kvadrat.jpg 1080w\" sizes=\"auto, (max-width: 768px) 100vw, 768px\" \/>\t\t<\/div>\n\t\t\n\t\t\t<div class=\"teft-card__content-wrapper\">\n\t\t\t\t<div class=\"teft-card__secondary\">\n\t\t\t\t\t\n\t\t\t\t\t\t\t\t<div class=\"teft-card__meta\">\n\t\t\t\t\t\t\t\t\t<span class=\"post-date\">20. mar 2026<\/span>\n\n\t\t\t\t\t\t\t\t\t<span class=\"post-category\">Debatt<\/span>\t\t\t\t\t\t\t\t<\/div>\n\t\t\t\t\t\t\t\t\t\t\t<\/div>\n\n\t\t\t\t<div class=\"teft-card__primary\">\n\t\t\t\t\t<h2 class=\"teft-card__title\">Viltet er en ressurs, n\u00e5 og i fremtiden&nbsp;<span class=\"teft-card__primary-title-append\"><\/span><\/h2>\t\t\t\t<\/div>\n\t\t\t<\/div>\n\t\t<\/a>\n\t<\/div>\n\n\t<\/div><\/div>\t<\/div>\n<\/div>\n","protected":false},"excerpt":{"rendered":"<p>Hanne Alstrup Velure \u00f8nsket velkommen til regional integreringskonferanse. Les hva hun sa til de fremm\u00f8tte. Kj\u00e6re alle sammen. Det er med en god del \u00e6refrykt jeg st\u00e5r her og skal \u00f8nske dere alle velkommen p\u00e5 vegne av Innlandet fylkeskommune. I samarbeid med NAV Innlandet, Statsforvalteren og IMDi, inviterer fylkeskommunen til regional integreringskonferanse. Og la meg [&hellip;]<\/p>\n","protected":false},"author":26288,"featured_media":0,"comment_status":"closed","ping_status":"closed","sticky":false,"template":"","format":"standard","meta":{"teft_cards_image_url":"","teft_cards_custom_pretitle":"","teft_cards_image_id":1758,"teft_cards_image_focal_point_x":0.4,"teft_cards_image_focal_point_y":0.56,"teft_cards_title":"","teft_cards_excerpt":"\u00abIntegrering handler om de gode menneskem\u00f8ter. Og alle som jobber med integrering liker \u00e5 m\u00f8te mennesker,\u00bb sa Fylkesvaraordf\u00f8reren da hun \u00f8nsket velkommen til integreringskonferansen.","teft_show_chapters":false,"author_display_name":"","footnotes":""},"category":[33,48,31],"post_tag":[35,51],"hoyre-visibility":[],"article-type":[],"politician":[49],"class_list":["post-1757","post","type-post","status-publish","format-standard","hentry","category-integrering","category-solidaritet","category-vare-politikere","tag-integrering","tag-solidaritet","politician-hanne-alstrup-velure"],"yoast_head":"<!-- This site is optimized with the Yoast SEO plugin v26.6 - https:\/\/yoast.com\/wordpress\/plugins\/seo\/ -->\n<title>Integrering handler om de gode menneskem\u00f8ter - Innlandet H\u00f8yre<\/title>\n<meta name=\"robots\" content=\"index, follow, max-snippet:-1, max-image-preview:large, max-video-preview:-1\" \/>\n<link rel=\"canonical\" href=\"https:\/\/hoyre.no\/innlandet\/aktuelt\/integrering-handler-om-de-gode-menneskemoter\/\" \/>\n<meta property=\"og:locale\" content=\"nb_NO\" \/>\n<meta property=\"og:type\" content=\"article\" \/>\n<meta property=\"og:title\" content=\"Integrering handler om de gode menneskem\u00f8ter - Innlandet H\u00f8yre\" \/>\n<meta property=\"og:description\" content=\"Hanne Alstrup Velure \u00f8nsket velkommen til regional integreringskonferanse. Les hva hun sa til de fremm\u00f8tte. Kj\u00e6re alle sammen. Det er med en god del \u00e6refrykt jeg st\u00e5r her og skal \u00f8nske dere alle velkommen p\u00e5 vegne av Innlandet fylkeskommune. I samarbeid med NAV Innlandet, Statsforvalteren og IMDi, inviterer fylkeskommunen til regional integreringskonferanse. Og la meg [&hellip;]\" \/>\n<meta property=\"og:url\" content=\"https:\/\/hoyre.no\/innlandet\/aktuelt\/integrering-handler-om-de-gode-menneskemoter\/\" \/>\n<meta property=\"og:site_name\" content=\"Innlandet H\u00f8yre\" \/>\n<meta property=\"article:published_time\" content=\"2025-02-03T12:30:01+00:00\" \/>\n<meta property=\"og:image\" content=\"https:\/\/hoyre.no\/content\/uploads\/sites\/7\/2026\/03\/Joakim-Ekseth-jakt-kvadrat-1024x1024.jpg\" \/>\n<meta name=\"author\" content=\"Erlend Gj\u00f8lme\" \/>\n<meta name=\"twitter:card\" content=\"summary_large_image\" \/>\n<meta name=\"twitter:label1\" content=\"Skrevet av\" \/>\n\t<meta name=\"twitter:data1\" content=\"Erlend Gj\u00f8lme\" \/>\n\t<meta name=\"twitter:label2\" content=\"Ansl. lesetid\" \/>\n\t<meta name=\"twitter:data2\" content=\"5 minutter\" \/>\n<script type=\"application\/ld+json\" class=\"yoast-schema-graph\">{\"@context\":\"https:\/\/schema.org\",\"@graph\":[{\"@type\":\"NewsArticle\",\"@id\":\"https:\/\/hoyre.no\/innlandet\/aktuelt\/integrering-handler-om-de-gode-menneskemoter\/\",\"url\":\"https:\/\/hoyre.no\/innlandet\/aktuelt\/integrering-handler-om-de-gode-menneskemoter\/\",\"name\":\"Integrering handler om de gode menneskem\u00f8ter - Innlandet H\u00f8yre\",\"isPartOf\":{\"@id\":\"https:\/\/hoyre.no\/innlandet\/#website\"},\"image\":{\"@id\":\"https:\/\/hoyre.no\/innlandet\/aktuelt\/integrering-handler-om-de-gode-menneskemoter\/#primaryimage\"},\"thumbnailUrl\":\"https:\/\/hoyre.no\/content\/uploads\/sites\/7\/2025\/02\/Sal-med-Okstad-1024x768.jpg\",\"datePublished\":\"2025-02-03T12:30:01+00:00\",\"author\":{\"@id\":\"https:\/\/hoyre.no\/innlandet\/#\/schema\/person\/8f41eef411c647642cf257592f9fce1c\"},\"breadcrumb\":{\"@id\":\"https:\/\/hoyre.no\/innlandet\/aktuelt\/integrering-handler-om-de-gode-menneskemoter\/#breadcrumb\"},\"inLanguage\":\"nb-NO\",\"potentialAction\":[{\"@type\":\"ReadAction\",\"target\":[\"https:\/\/hoyre.no\/innlandet\/aktuelt\/integrering-handler-om-de-gode-menneskemoter\/\"]}]},{\"@type\":\"ImageObject\",\"inLanguage\":\"nb-NO\",\"@id\":\"https:\/\/hoyre.no\/innlandet\/aktuelt\/integrering-handler-om-de-gode-menneskemoter\/#primaryimage\",\"url\":\"https:\/\/hoyre.no\/content\/uploads\/sites\/7\/2025\/02\/Sal-med-Okstad-1024x768.jpg\",\"contentUrl\":\"https:\/\/hoyre.no\/content\/uploads\/sites\/7\/2025\/02\/Sal-med-Okstad-1024x768.jpg\"},{\"@type\":\"BreadcrumbList\",\"@id\":\"https:\/\/hoyre.no\/innlandet\/aktuelt\/integrering-handler-om-de-gode-menneskemoter\/#breadcrumb\",\"itemListElement\":[{\"@type\":\"ListItem\",\"position\":1,\"name\":\"Til hoyre.no\",\"item\":\"https:\/\/hoyre.no\"},{\"@type\":\"ListItem\",\"position\":2,\"name\":\"Hjem\",\"item\":\"https:\/\/hoyre.no\/innlandet\/\"},{\"@type\":\"ListItem\",\"position\":3,\"name\":\"Integrering handler om de gode menneskem\u00f8ter\"}]},{\"@type\":\"WebSite\",\"@id\":\"https:\/\/hoyre.no\/innlandet\/#website\",\"url\":\"https:\/\/hoyre.no\/innlandet\/\",\"name\":\"Innlandet H\u00f8yre\",\"description\":\"Bare enda et H\u00f8yres nettsteder-nettsted\",\"inLanguage\":\"nb-NO\"},{\"@type\":\"Person\",\"@id\":\"https:\/\/hoyre.no\/innlandet\/#\/schema\/person\/8f41eef411c647642cf257592f9fce1c\",\"name\":\"Erlend Gj\u00f8lme\",\"image\":{\"@type\":\"ImageObject\",\"inLanguage\":\"nb-NO\",\"@id\":\"https:\/\/hoyre.no\/innlandet\/#\/schema\/person\/image\/\",\"url\":\"https:\/\/secure.gravatar.com\/avatar\/19308e99cc26c2c18ba01243f850e887a482eed229c88c0905de487505a4d093?s=96&d=mm&r=g\",\"contentUrl\":\"https:\/\/secure.gravatar.com\/avatar\/19308e99cc26c2c18ba01243f850e887a482eed229c88c0905de487505a4d093?s=96&d=mm&r=g\",\"caption\":\"Erlend Gj\u00f8lme\"},\"url\":\"https:\/\/hoyre.no\/innlandet\/aktuelt\/author\/m50054840\/\"}]}<\/script>\n<!-- \/ Yoast SEO plugin. -->","yoast_head_json":{"title":"Integrering handler om de gode menneskem\u00f8ter - Innlandet H\u00f8yre","robots":{"index":"index","follow":"follow","max-snippet":"max-snippet:-1","max-image-preview":"max-image-preview:large","max-video-preview":"max-video-preview:-1"},"canonical":"https:\/\/hoyre.no\/innlandet\/aktuelt\/integrering-handler-om-de-gode-menneskemoter\/","og_locale":"nb_NO","og_type":"article","og_title":"Integrering handler om de gode menneskem\u00f8ter - Innlandet H\u00f8yre","og_description":"Hanne Alstrup Velure \u00f8nsket velkommen til regional integreringskonferanse. Les hva hun sa til de fremm\u00f8tte. Kj\u00e6re alle sammen. Det er med en god del \u00e6refrykt jeg st\u00e5r her og skal \u00f8nske dere alle velkommen p\u00e5 vegne av Innlandet fylkeskommune. I samarbeid med NAV Innlandet, Statsforvalteren og IMDi, inviterer fylkeskommunen til regional integreringskonferanse. Og la meg [&hellip;]","og_url":"https:\/\/hoyre.no\/innlandet\/aktuelt\/integrering-handler-om-de-gode-menneskemoter\/","og_site_name":"Innlandet H\u00f8yre","article_published_time":"2025-02-03T12:30:01+00:00","og_image":[{"url":"https:\/\/hoyre.no\/content\/uploads\/sites\/7\/2026\/03\/Joakim-Ekseth-jakt-kvadrat-1024x1024.jpg","width":"","height":"","type":""}],"author":"Erlend Gj\u00f8lme","twitter_card":"summary_large_image","twitter_misc":{"Skrevet av":"Erlend Gj\u00f8lme","Ansl. lesetid":"5 minutter"},"schema":{"@context":"https:\/\/schema.org","@graph":[{"@type":"NewsArticle","@id":"https:\/\/hoyre.no\/innlandet\/aktuelt\/integrering-handler-om-de-gode-menneskemoter\/","url":"https:\/\/hoyre.no\/innlandet\/aktuelt\/integrering-handler-om-de-gode-menneskemoter\/","name":"Integrering handler om de gode menneskem\u00f8ter - Innlandet H\u00f8yre","isPartOf":{"@id":"https:\/\/hoyre.no\/innlandet\/#website"},"image":{"@id":"https:\/\/hoyre.no\/innlandet\/aktuelt\/integrering-handler-om-de-gode-menneskemoter\/#primaryimage"},"thumbnailUrl":"https:\/\/hoyre.no\/content\/uploads\/sites\/7\/2025\/02\/Sal-med-Okstad-1024x768.jpg","datePublished":"2025-02-03T12:30:01+00:00","author":{"@id":"https:\/\/hoyre.no\/innlandet\/#\/schema\/person\/8f41eef411c647642cf257592f9fce1c"},"breadcrumb":{"@id":"https:\/\/hoyre.no\/innlandet\/aktuelt\/integrering-handler-om-de-gode-menneskemoter\/#breadcrumb"},"inLanguage":"nb-NO","potentialAction":[{"@type":"ReadAction","target":["https:\/\/hoyre.no\/innlandet\/aktuelt\/integrering-handler-om-de-gode-menneskemoter\/"]}]},{"@type":"ImageObject","inLanguage":"nb-NO","@id":"https:\/\/hoyre.no\/innlandet\/aktuelt\/integrering-handler-om-de-gode-menneskemoter\/#primaryimage","url":"https:\/\/hoyre.no\/content\/uploads\/sites\/7\/2025\/02\/Sal-med-Okstad-1024x768.jpg","contentUrl":"https:\/\/hoyre.no\/content\/uploads\/sites\/7\/2025\/02\/Sal-med-Okstad-1024x768.jpg"},{"@type":"BreadcrumbList","@id":"https:\/\/hoyre.no\/innlandet\/aktuelt\/integrering-handler-om-de-gode-menneskemoter\/#breadcrumb","itemListElement":[{"@type":"ListItem","position":1,"name":"Til hoyre.no","item":"https:\/\/hoyre.no"},{"@type":"ListItem","position":2,"name":"Hjem","item":"https:\/\/hoyre.no\/innlandet\/"},{"@type":"ListItem","position":3,"name":"Integrering handler om de gode menneskem\u00f8ter"}]},{"@type":"WebSite","@id":"https:\/\/hoyre.no\/innlandet\/#website","url":"https:\/\/hoyre.no\/innlandet\/","name":"Innlandet H\u00f8yre","description":"Bare enda et H\u00f8yres nettsteder-nettsted","inLanguage":"nb-NO"},{"@type":"Person","@id":"https:\/\/hoyre.no\/innlandet\/#\/schema\/person\/8f41eef411c647642cf257592f9fce1c","name":"Erlend Gj\u00f8lme","image":{"@type":"ImageObject","inLanguage":"nb-NO","@id":"https:\/\/hoyre.no\/innlandet\/#\/schema\/person\/image\/","url":"https:\/\/secure.gravatar.com\/avatar\/19308e99cc26c2c18ba01243f850e887a482eed229c88c0905de487505a4d093?s=96&d=mm&r=g","contentUrl":"https:\/\/secure.gravatar.com\/avatar\/19308e99cc26c2c18ba01243f850e887a482eed229c88c0905de487505a4d093?s=96&d=mm&r=g","caption":"Erlend Gj\u00f8lme"},"url":"https:\/\/hoyre.no\/innlandet\/aktuelt\/author\/m50054840\/"}]}},"distributor_meta":false,"distributor_terms":false,"distributor_media":false,"distributor_original_site_name":"Innlandet H\u00f8yre","distributor_original_site_url":"https:\/\/hoyre.no\/innlandet","push-errors":false,"_links":{"self":[{"href":"https:\/\/hoyre.no\/innlandet\/wp-json\/wp\/v2\/posts\/1757","targetHints":{"allow":["GET"]}}],"collection":[{"href":"https:\/\/hoyre.no\/innlandet\/wp-json\/wp\/v2\/posts"}],"about":[{"href":"https:\/\/hoyre.no\/innlandet\/wp-json\/wp\/v2\/types\/post"}],"author":[{"embeddable":true,"href":"https:\/\/hoyre.no\/innlandet\/wp-json\/wp\/v2\/users\/26288"}],"replies":[{"embeddable":true,"href":"https:\/\/hoyre.no\/innlandet\/wp-json\/wp\/v2\/comments?post=1757"}],"version-history":[{"count":4,"href":"https:\/\/hoyre.no\/innlandet\/wp-json\/wp\/v2\/posts\/1757\/revisions"}],"predecessor-version":[{"id":1764,"href":"https:\/\/hoyre.no\/innlandet\/wp-json\/wp\/v2\/posts\/1757\/revisions\/1764"}],"wp:attachment":[{"href":"https:\/\/hoyre.no\/innlandet\/wp-json\/wp\/v2\/media?parent=1757"}],"wp:term":[{"taxonomy":"category","embeddable":true,"href":"https:\/\/hoyre.no\/innlandet\/wp-json\/wp\/v2\/category?post=1757"},{"taxonomy":"post_tag","embeddable":true,"href":"https:\/\/hoyre.no\/innlandet\/wp-json\/wp\/v2\/post_tag?post=1757"},{"taxonomy":"hoyre-visibility","embeddable":true,"href":"https:\/\/hoyre.no\/innlandet\/wp-json\/wp\/v2\/hoyre-visibility?post=1757"},{"taxonomy":"article-type","embeddable":true,"href":"https:\/\/hoyre.no\/innlandet\/wp-json\/wp\/v2\/article-type?post=1757"},{"taxonomy":"politician","embeddable":true,"href":"https:\/\/hoyre.no\/innlandet\/wp-json\/wp\/v2\/politician?post=1757"}],"curies":[{"name":"wp","href":"https:\/\/api.w.org\/{rel}","templated":true}]}}