{"id":2007,"date":"2025-03-21T11:12:59","date_gmt":"2025-03-21T10:12:59","guid":{"rendered":"https:\/\/hoyre.no\/innlandet\/?p=2007"},"modified":"2025-03-21T11:12:59","modified_gmt":"2025-03-21T10:12:59","slug":"landbruket-er-spesielt","status":"publish","type":"post","link":"https:\/\/hoyre.no\/innlandet\/aktuelt\/landbruket-er-spesielt\/","title":{"rendered":"Landbruket er spesielt"},"content":{"rendered":"\n<p class=\"preamble\">Yngve S\u00e6tre, holdt innlegg om \u00e5 \u00f8ke bondens selvr\u00e5derett og lette p\u00e5 landbrukets p\u00e5f\u00f8rte begrensninger.<\/p>\t\t\t<div class=\"post-meta wp-block teft-byline-wrapper\">\n\t\t\t\t<div class=\"top\">\n\t\t\t\t\t<div class=\"signature\">\n\t\t\t\t\t\t<div class=\"teft-byline\">\n\t\t\t\t\t\t\t\t\t\t\t\t\t\t<div>\n\t\t\t\t\t\t\t\t<h3>H\u00f8yres redaksjon<\/h3>\t\t\t\t\t\t\t\t\n\t\t\t\t\t\t\t\t\t\t\t\t\t\t\t\t\t<span class=\"date\">Sist oppdatert: 21. mars 2025<\/span>\n\t\t\t\t\t\t\t\t\t\t\t\t\t\t\t\t\t\t\t\t\t\t\t\t\t<span class=\"reading-time\" itemprop=\"timeRequired\" content=\"PT2M\"><em>Ca. 2 minutter lesetid<\/em><\/span>\n\t\t\t\t\t\t\t\t\t\t\t\t\t\t\t<\/div>\n\t\t\t\t\t\t<\/div>\n\t\t\t\t\t<\/div>\n\t\t\t\t\t\t<div class=\"sharing\">\n\t\t<a class=\"share-button share-link copy-link\" data-copy=\"https:\/\/hoyre.no\/innlandet\/aktuelt\/landbruket-er-spesielt\/\" target=\"_blank\"><span class=\"screen-reader-text\">Del link<\/span><\/a>\n\t\t<a class=\"share-button share-twitter\" href=\"http:\/\/twitter.com\/share?text=Landbruket er spesielt&#038;url=https:\/\/hoyre.no\/innlandet\/aktuelt\/landbruket-er-spesielt\/&#038;hashtags=Hoyre\" target=\"_blank\"><span class=\"screen-reader-text\">Del p\u00e5 twitter<\/span><\/a>\n\t\t<a class=\"share-button share-facebook\" href=\"https:\/\/www.facebook.com\/sharer\/sharer.php?u=https:\/\/hoyre.no\/innlandet\/aktuelt\/landbruket-er-spesielt\/\" target=\"_blank\"><span class=\"screen-reader-text\">Del p\u00e5 facebook<\/span><\/a>\n\t<\/div>\n\t\t\t\t\t<\/div>\n\t\t\t<\/div>\n\n\t\t\t<figure class=\"hoyre-image-wrapper\"><div class=\"hoyre-image\"><img loading=\"lazy\" decoding=\"async\" width=\"2500\" height=\"1875\" src=\"https:\/\/hoyre.no\/content\/uploads\/sites\/7\/2025\/03\/HLM25-Yngve-05-scaled.jpg\" class=\"attachment-scaled size-scaled\" alt=\"Ynge S\u00e6tre p\u00e5 H\u00f8yres Landsm\u00f8te 2025 Foto: Innlandet H\u00f8yre\" style=\"object-position: 50% 49%\" srcset=\"https:\/\/hoyre.no\/content\/uploads\/sites\/7\/2025\/03\/HLM25-Yngve-05-scaled.jpg 2500w, https:\/\/hoyre.no\/content\/uploads\/sites\/7\/2025\/03\/HLM25-Yngve-05-300x225.jpg 300w, https:\/\/hoyre.no\/content\/uploads\/sites\/7\/2025\/03\/HLM25-Yngve-05-1024x768.jpg 1024w, https:\/\/hoyre.no\/content\/uploads\/sites\/7\/2025\/03\/HLM25-Yngve-05-768x576.jpg 768w, https:\/\/hoyre.no\/content\/uploads\/sites\/7\/2025\/03\/HLM25-Yngve-05-1536x1152.jpg 1536w, https:\/\/hoyre.no\/content\/uploads\/sites\/7\/2025\/03\/HLM25-Yngve-05-2048x1536.jpg 2048w\" sizes=\"auto, (max-width: 2500px) 100vw, 2500px\" \/><\/div><figcaption class=\"caption\">Ynge S\u00e6tre p\u00e5 H\u00f8yres Landsm\u00f8te 2025 Foto: Innlandet H\u00f8yre<\/figcaption><\/figure>\n\n\n\n<h5 class=\"wp-block-heading\" id=\"h-les-2-kandidat-til-stortinget-yngve-saetres-innlegg-pa-hoyres-landsmote\">Les 2. kandidat til Stortinget, Yngve S\u00e6tres innlegg p\u00e5 H\u00f8yres Landsm\u00f8te:<\/h5>\n\n\n\n<p>Landbruket er spesielt. I hvilke andre n\u00e6ringer m\u00e5 du s\u00f8ke kommunen om \u00e5 f\u00e5 lov til \u00e5 kj\u00f8pe en bedrift, og i mange tilfeller ogs\u00e5 s\u00f8ke om hvor mye du kan produsere? I hvilke andre n\u00e6ringer er det begrensninger p\u00e5 hvem du kan selge bedriften til, og til hvilken pris? Og i hvilke andre n\u00e6ringer m\u00e5 du i mange tilfeller bosette deg p\u00e5 samme adresse som bedriften, hvis den if\u00f8lge kommunen er stor nok til \u00e5 leve av?<\/p>\n\n\n\n<div class=\"wp-block-media-text is-stacked-on-mobile is-image-fill-element\"><figure class=\"wp-block-media-text__media\"><img loading=\"lazy\" decoding=\"async\" width=\"768\" height=\"1024\" src=\"https:\/\/hoyre.no\/content\/uploads\/sites\/7\/2025\/03\/HLM25-Yngve-04-768x1024.jpg\" alt=\"Yngve S\u00e6tre p\u00e5 H\u00f8yres Landsm\u00f8te 2025 Foto: Innlandet H\u00f8yre\" class=\"wp-image-2009 size-full\" style=\"object-position:46% 38%\" srcset=\"https:\/\/hoyre.no\/content\/uploads\/sites\/7\/2025\/03\/HLM25-Yngve-04-768x1024.jpg 768w, https:\/\/hoyre.no\/content\/uploads\/sites\/7\/2025\/03\/HLM25-Yngve-04-225x300.jpg 225w, https:\/\/hoyre.no\/content\/uploads\/sites\/7\/2025\/03\/HLM25-Yngve-04-1152x1536.jpg 1152w, https:\/\/hoyre.no\/content\/uploads\/sites\/7\/2025\/03\/HLM25-Yngve-04-1536x2048.jpg 1536w, https:\/\/hoyre.no\/content\/uploads\/sites\/7\/2025\/03\/HLM25-Yngve-04-scaled.jpg 1875w\" sizes=\"auto, (max-width: 768px) 100vw, 768px\" \/><\/figure><div class=\"wp-block-media-text__content\">\n<p>Svaret er ganske \u00e5penbart at ingen andre n\u00e6ringer har alle disse begrensningene. Men dette er likevel realitetene i norsk landbrukspolitikk i 2025. Det store sp\u00f8rsm\u00e5l er om denne politikken skaper investeringslyst, og gj\u00f8r det attraktivt for den nye generasjon Z \u00e5 bli bonde. Jeg tror ikke det!<\/p>\n<\/div><\/div>\n\n\n\n<p>Jeg mener vi skal beholde b\u00e6rebjelkene, og et forsvarlig tilskuddsniv\u00e5 i landbruket for \u00e5 sikre l\u00f8nnsomhet. Men samtidig m\u00e5 vi gi bonden selvr\u00e5derett slik at han eller hun kan bli selvstendige n\u00e6ringsdrivende &#8211; fullt ut. De m\u00e5 f\u00e5 frihet til \u00e5 utvikle g\u00e5rden for seg og fremtidige generasjoner.<\/p>\n\n\n\n<p>Det er mye bra i programforslaget p\u00e5 dette omr\u00e5det, men vi m\u00e5 blir mer konkrete n\u00e5r det gjelder bondens selvr\u00e5derett.<\/p>\n\n\n\n<p>Det er ikke staten, men bonden selv som er best egnet til \u00e5 ta beslutninger for seg og sitt g\u00e5rdsbruk. Derfor h\u00e5per jeg landsm\u00f8tet vil st\u00f8tte Innlandet H\u00f8yres forslag som vil gi flere muligheter for bonden og skogeieren \u2013 og et l\u00f8ft for landbruket!<\/p>\n\n\n\n<figure class=\"wp-block-image size-large\"><img loading=\"lazy\" decoding=\"async\" width=\"1024\" height=\"256\" src=\"https:\/\/hoyre.no\/content\/uploads\/sites\/7\/2025\/03\/toppbilde_linkedin_privat_1584x396_1-1024x256.png\" alt=\"\" class=\"wp-image-1998\" srcset=\"https:\/\/hoyre.no\/content\/uploads\/sites\/7\/2025\/03\/toppbilde_linkedin_privat_1584x396_1-1024x256.png 1024w, https:\/\/hoyre.no\/content\/uploads\/sites\/7\/2025\/03\/toppbilde_linkedin_privat_1584x396_1-300x75.png 300w, https:\/\/hoyre.no\/content\/uploads\/sites\/7\/2025\/03\/toppbilde_linkedin_privat_1584x396_1-768x192.png 768w, https:\/\/hoyre.no\/content\/uploads\/sites\/7\/2025\/03\/toppbilde_linkedin_privat_1584x396_1-1536x384.png 1536w, https:\/\/hoyre.no\/content\/uploads\/sites\/7\/2025\/03\/toppbilde_linkedin_privat_1584x396_1.png 1584w\" sizes=\"auto, (max-width: 1024px) 100vw, 1024px\" \/><\/figure>\n\n\n\n\n<p><\/p>\n\n\n<div class=\"tags\">\n\t\t<div class=\"wp-block-tag-cloud\">\n\t\t\t\t\t<a href=\"https:\/\/hoyre.no\/innlandet\/aktuelt\/tag\/bonder\/\" class=\"tag-cloud-link\">B\u00f8nder<\/a>\n\t\t\t\t\t<a href=\"https:\/\/hoyre.no\/innlandet\/aktuelt\/tag\/hoyres-landsmote-2025\/\" class=\"tag-cloud-link\">H\u00f8yres Landsm\u00f8te 2025<\/a>\n\t\t\t\t\t<a href=\"https:\/\/hoyre.no\/innlandet\/aktuelt\/tag\/jordbruk\/\" class=\"tag-cloud-link\">Jordbruk<\/a>\n\t\t\t\t\t<a href=\"https:\/\/hoyre.no\/innlandet\/aktuelt\/tag\/naering\/\" class=\"tag-cloud-link\">N\u00e6ring<\/a>\n\t\t\t\t\t<a href=\"https:\/\/hoyre.no\/innlandet\/aktuelt\/tag\/private\/\" class=\"tag-cloud-link\">Private<\/a>\n\t\t\t<\/div>\n\t<\/div>\n<div class=\"post-footer alignfull has-background block-editor-block-list__block\" data-align=full>\n\t<div class=\"post-footer-inner\">\n\t\t<h3>Relaterte artikler<\/h3>\n\t\t<div class=\"related-content\"><div class=\"is-card-hoyre\">\n\t<div class=\"teft-card hoyre-teft-card post-teft-card\">\n\t\t<a href=\"https:\/\/hoyre.no\/innlandet\/aktuelt\/bedre-bruk-av-laererne-til-elevenes-beste\/\" class=\"teft-card__primary-action\">\n\n\t\t\t\t\t<div class=\"teft-card__media teft-card__media--16-9\">\n\t\t\t\t\t\t<img loading=\"lazy\" decoding=\"async\" width=\"768\" height=\"512\" src=\"https:\/\/hoyre.no\/content\/uploads\/sites\/7\/2024\/11\/Hanne-Alstrup-Velure-04-LOCOMOTIV-768x512.jpg\" class=\"attachment-medium_large size-medium_large\" alt=\"Hanne Alstrup Velure. Foto: Jan Tore \u00d8verstad \/ Locomotiv AS\" srcset=\"https:\/\/hoyre.no\/content\/uploads\/sites\/7\/2024\/11\/Hanne-Alstrup-Velure-04-LOCOMOTIV-768x512.jpg 768w, https:\/\/hoyre.no\/content\/uploads\/sites\/7\/2024\/11\/Hanne-Alstrup-Velure-04-LOCOMOTIV-300x200.jpg 300w, https:\/\/hoyre.no\/content\/uploads\/sites\/7\/2024\/11\/Hanne-Alstrup-Velure-04-LOCOMOTIV-1024x683.jpg 1024w, https:\/\/hoyre.no\/content\/uploads\/sites\/7\/2024\/11\/Hanne-Alstrup-Velure-04-LOCOMOTIV-1536x1024.jpg 1536w, https:\/\/hoyre.no\/content\/uploads\/sites\/7\/2024\/11\/Hanne-Alstrup-Velure-04-LOCOMOTIV-2048x1365.jpg 2048w\" sizes=\"auto, (max-width: 768px) 100vw, 768px\" \/>\t\t<\/div>\n\t\t\n\t\t\t<div class=\"teft-card__content-wrapper\">\n\t\t\t\t<div class=\"teft-card__secondary\">\n\t\t\t\t\t\n\t\t\t\t\t\t\t\t<div class=\"teft-card__meta\">\n\t\t\t\t\t\t\t\t\t<span class=\"post-date\">13. apr 2026<\/span>\n\n\t\t\t\t\t\t\t\t\t<span class=\"post-category\">Debatt<\/span>\t\t\t\t\t\t\t\t<\/div>\n\t\t\t\t\t\t\t\t\t\t\t<\/div>\n\n\t\t\t\t<div class=\"teft-card__primary\">\n\t\t\t\t\t<h2 class=\"teft-card__title\">Bedre bruk av l\u00e6rerne \u2013 til elevenes beste&nbsp;<span class=\"teft-card__primary-title-append\"><\/span><\/h2>\t\t\t\t<\/div>\n\t\t\t<\/div>\n\t\t<\/a>\n\t<\/div>\n\n\t<\/div><div class=\"is-card-hoyre\">\n\t<div class=\"teft-card hoyre-teft-card post-teft-card\">\n\t\t<a href=\"https:\/\/hoyre.no\/innlandet\/aktuelt\/viltet-er-en-ressurs-na-og-i-fremtiden\/\" class=\"teft-card__primary-action\">\n\n\t\t\t\t\t<div class=\"teft-card__media teft-card__media--16-9\">\n\t\t\t\t\t\t<img loading=\"lazy\" decoding=\"async\" width=\"768\" height=\"768\" src=\"https:\/\/hoyre.no\/content\/uploads\/sites\/7\/2026\/03\/Joakim-Ekseth-jakt-kvadrat-768x768.jpg\" class=\"attachment-medium_large size-medium_large\" alt=\"\" srcset=\"https:\/\/hoyre.no\/content\/uploads\/sites\/7\/2026\/03\/Joakim-Ekseth-jakt-kvadrat-768x768.jpg 768w, https:\/\/hoyre.no\/content\/uploads\/sites\/7\/2026\/03\/Joakim-Ekseth-jakt-kvadrat-300x300.jpg 300w, https:\/\/hoyre.no\/content\/uploads\/sites\/7\/2026\/03\/Joakim-Ekseth-jakt-kvadrat-1024x1024.jpg 1024w, https:\/\/hoyre.no\/content\/uploads\/sites\/7\/2026\/03\/Joakim-Ekseth-jakt-kvadrat-150x150.jpg 150w, https:\/\/hoyre.no\/content\/uploads\/sites\/7\/2026\/03\/Joakim-Ekseth-jakt-kvadrat.jpg 1080w\" sizes=\"auto, (max-width: 768px) 100vw, 768px\" \/>\t\t<\/div>\n\t\t\n\t\t\t<div class=\"teft-card__content-wrapper\">\n\t\t\t\t<div class=\"teft-card__secondary\">\n\t\t\t\t\t\n\t\t\t\t\t\t\t\t<div class=\"teft-card__meta\">\n\t\t\t\t\t\t\t\t\t<span class=\"post-date\">20. mar 2026<\/span>\n\n\t\t\t\t\t\t\t\t\t<span class=\"post-category\">Debatt<\/span>\t\t\t\t\t\t\t\t<\/div>\n\t\t\t\t\t\t\t\t\t\t\t<\/div>\n\n\t\t\t\t<div class=\"teft-card__primary\">\n\t\t\t\t\t<h2 class=\"teft-card__title\">Viltet er en ressurs, n\u00e5 og i fremtiden&nbsp;<span class=\"teft-card__primary-title-append\"><\/span><\/h2>\t\t\t\t<\/div>\n\t\t\t<\/div>\n\t\t<\/a>\n\t<\/div>\n\n\t<\/div><div class=\"is-card-hoyre\">\n\t<div class=\"teft-card hoyre-teft-card post-teft-card\">\n\t\t<a href=\"https:\/\/hoyre.no\/innlandet\/aktuelt\/bekind\/\" class=\"teft-card__primary-action\">\n\n\t\t\t\t\t<div class=\"teft-card__media teft-card__media--16-9\">\n\t\t\t\t\t\t<img loading=\"lazy\" decoding=\"async\" width=\"768\" height=\"768\" src=\"https:\/\/hoyre.no\/content\/uploads\/sites\/7\/2026\/03\/Joanna-Randmaer-Warpe-fotball-kvadrat-768x768.jpg\" class=\"attachment-medium_large size-medium_large\" alt=\"\" srcset=\"https:\/\/hoyre.no\/content\/uploads\/sites\/7\/2026\/03\/Joanna-Randmaer-Warpe-fotball-kvadrat-768x768.jpg 768w, https:\/\/hoyre.no\/content\/uploads\/sites\/7\/2026\/03\/Joanna-Randmaer-Warpe-fotball-kvadrat-300x300.jpg 300w, https:\/\/hoyre.no\/content\/uploads\/sites\/7\/2026\/03\/Joanna-Randmaer-Warpe-fotball-kvadrat-1024x1024.jpg 1024w, https:\/\/hoyre.no\/content\/uploads\/sites\/7\/2026\/03\/Joanna-Randmaer-Warpe-fotball-kvadrat-150x150.jpg 150w, https:\/\/hoyre.no\/content\/uploads\/sites\/7\/2026\/03\/Joanna-Randmaer-Warpe-fotball-kvadrat.jpg 1080w\" sizes=\"auto, (max-width: 768px) 100vw, 768px\" \/>\t\t<\/div>\n\t\t\n\t\t\t<div class=\"teft-card__content-wrapper\">\n\t\t\t\t<div class=\"teft-card__secondary\">\n\t\t\t\t\t\n\t\t\t\t\t\t\t\t<div class=\"teft-card__meta\">\n\t\t\t\t\t\t\t\t\t<span class=\"post-date\">19. mar 2026<\/span>\n\n\t\t\t\t\t\t\t\t\t<span class=\"post-category\">Debatt<\/span>\t\t\t\t\t\t\t\t<\/div>\n\t\t\t\t\t\t\t\t\t\t\t<\/div>\n\n\t\t\t\t<div class=\"teft-card__primary\">\n\t\t\t\t\t<h2 class=\"teft-card__title\">#BeKind\u00a0&nbsp;<span class=\"teft-card__primary-title-append\"><\/span><\/h2>\t\t\t\t<\/div>\n\t\t\t<\/div>\n\t\t<\/a>\n\t<\/div>\n\n\t<\/div><\/div>\t<\/div>\n<\/div>\n","protected":false},"excerpt":{"rendered":"<p>Les 2. kandidat til Stortinget, Yngve S\u00e6tres innlegg p\u00e5 H\u00f8yres Landsm\u00f8te: Landbruket er spesielt. I hvilke andre n\u00e6ringer m\u00e5 du s\u00f8ke kommunen om \u00e5 f\u00e5 lov til \u00e5 kj\u00f8pe en bedrift, og i mange tilfeller ogs\u00e5 s\u00f8ke om hvor mye du kan produsere? I hvilke andre n\u00e6ringer er det begrensninger p\u00e5 hvem du kan selge [&hellip;]<\/p>\n","protected":false},"author":26288,"featured_media":0,"comment_status":"closed","ping_status":"closed","sticky":false,"template":"","format":"standard","meta":{"teft_cards_image_url":"","teft_cards_custom_pretitle":"","teft_cards_image_id":2009,"teft_cards_image_focal_point_x":0.46,"teft_cards_image_focal_point_y":0.36,"teft_cards_title":"","teft_cards_excerpt":"Yngve S\u00e6tre, holdt innlegg om \u00e5 \u00f8ke bondens selvr\u00e5derett og lette p\u00e5 landbrukets p\u00e5f\u00f8rte begrensninger.","teft_show_chapters":false,"author_display_name":"","footnotes":""},"category":[95,55,93,32],"post_tag":[71,96,69,68,44],"hoyre-visibility":[],"article-type":[],"politician":[8],"class_list":["post-2007","post","type-post","status-publish","format-standard","hentry","category-hoyres-landsmote-2025","category-jordbruk","category-naering","category-politikk","tag-bonder","tag-hoyres-landsmote-2025","tag-jordbruk","tag-naering","tag-private","politician-yngve_saetre"],"yoast_head":"<!-- This site is optimized with the Yoast SEO plugin v26.6 - https:\/\/yoast.com\/wordpress\/plugins\/seo\/ -->\n<title>Landbruket er spesielt - Innlandet H\u00f8yre<\/title>\n<meta name=\"robots\" content=\"index, follow, max-snippet:-1, max-image-preview:large, max-video-preview:-1\" \/>\n<link rel=\"canonical\" href=\"https:\/\/hoyre.no\/innlandet\/aktuelt\/landbruket-er-spesielt\/\" \/>\n<meta property=\"og:locale\" content=\"nb_NO\" \/>\n<meta property=\"og:type\" content=\"article\" \/>\n<meta property=\"og:title\" content=\"Landbruket er spesielt - Innlandet H\u00f8yre\" \/>\n<meta property=\"og:description\" content=\"Les 2. kandidat til Stortinget, Yngve S\u00e6tres innlegg p\u00e5 H\u00f8yres Landsm\u00f8te: Landbruket er spesielt. I hvilke andre n\u00e6ringer m\u00e5 du s\u00f8ke kommunen om \u00e5 f\u00e5 lov til \u00e5 kj\u00f8pe en bedrift, og i mange tilfeller ogs\u00e5 s\u00f8ke om hvor mye du kan produsere? I hvilke andre n\u00e6ringer er det begrensninger p\u00e5 hvem du kan selge [&hellip;]\" \/>\n<meta property=\"og:url\" content=\"https:\/\/hoyre.no\/innlandet\/aktuelt\/landbruket-er-spesielt\/\" \/>\n<meta property=\"og:site_name\" content=\"Innlandet H\u00f8yre\" \/>\n<meta property=\"article:published_time\" content=\"2025-03-21T10:12:59+00:00\" \/>\n<meta property=\"og:image\" content=\"https:\/\/hoyre.no\/content\/uploads\/sites\/7\/2026\/03\/Joanna-Randmaer-Warpe-fotball-kvadrat-1024x1024.jpg\" \/>\n<meta name=\"author\" content=\"Erlend Gj\u00f8lme\" \/>\n<meta name=\"twitter:card\" content=\"summary_large_image\" \/>\n<meta name=\"twitter:label1\" content=\"Skrevet av\" \/>\n\t<meta name=\"twitter:data1\" content=\"Erlend Gj\u00f8lme\" \/>\n\t<meta name=\"twitter:label2\" content=\"Ansl. lesetid\" \/>\n\t<meta name=\"twitter:data2\" content=\"2 minutter\" \/>\n<script type=\"application\/ld+json\" class=\"yoast-schema-graph\">{\"@context\":\"https:\/\/schema.org\",\"@graph\":[{\"@type\":\"NewsArticle\",\"@id\":\"https:\/\/hoyre.no\/innlandet\/aktuelt\/landbruket-er-spesielt\/\",\"url\":\"https:\/\/hoyre.no\/innlandet\/aktuelt\/landbruket-er-spesielt\/\",\"name\":\"Landbruket er spesielt - Innlandet H\u00f8yre\",\"isPartOf\":{\"@id\":\"https:\/\/hoyre.no\/innlandet\/#website\"},\"image\":{\"@id\":\"https:\/\/hoyre.no\/innlandet\/aktuelt\/landbruket-er-spesielt\/#primaryimage\"},\"thumbnailUrl\":\"https:\/\/hoyre.no\/content\/uploads\/sites\/7\/2025\/03\/HLM25-Yngve-04-768x1024.jpg\",\"datePublished\":\"2025-03-21T10:12:59+00:00\",\"author\":{\"@id\":\"https:\/\/hoyre.no\/innlandet\/#\/schema\/person\/8f41eef411c647642cf257592f9fce1c\"},\"breadcrumb\":{\"@id\":\"https:\/\/hoyre.no\/innlandet\/aktuelt\/landbruket-er-spesielt\/#breadcrumb\"},\"inLanguage\":\"nb-NO\",\"potentialAction\":[{\"@type\":\"ReadAction\",\"target\":[\"https:\/\/hoyre.no\/innlandet\/aktuelt\/landbruket-er-spesielt\/\"]}]},{\"@type\":\"ImageObject\",\"inLanguage\":\"nb-NO\",\"@id\":\"https:\/\/hoyre.no\/innlandet\/aktuelt\/landbruket-er-spesielt\/#primaryimage\",\"url\":\"https:\/\/hoyre.no\/content\/uploads\/sites\/7\/2025\/03\/HLM25-Yngve-04-768x1024.jpg\",\"contentUrl\":\"https:\/\/hoyre.no\/content\/uploads\/sites\/7\/2025\/03\/HLM25-Yngve-04-768x1024.jpg\"},{\"@type\":\"BreadcrumbList\",\"@id\":\"https:\/\/hoyre.no\/innlandet\/aktuelt\/landbruket-er-spesielt\/#breadcrumb\",\"itemListElement\":[{\"@type\":\"ListItem\",\"position\":1,\"name\":\"Til hoyre.no\",\"item\":\"https:\/\/hoyre.no\"},{\"@type\":\"ListItem\",\"position\":2,\"name\":\"Hjem\",\"item\":\"https:\/\/hoyre.no\/innlandet\/\"},{\"@type\":\"ListItem\",\"position\":3,\"name\":\"Landbruket er spesielt\"}]},{\"@type\":\"WebSite\",\"@id\":\"https:\/\/hoyre.no\/innlandet\/#website\",\"url\":\"https:\/\/hoyre.no\/innlandet\/\",\"name\":\"Innlandet H\u00f8yre\",\"description\":\"Bare enda et H\u00f8yres nettsteder-nettsted\",\"inLanguage\":\"nb-NO\"},{\"@type\":\"Person\",\"@id\":\"https:\/\/hoyre.no\/innlandet\/#\/schema\/person\/8f41eef411c647642cf257592f9fce1c\",\"name\":\"Erlend Gj\u00f8lme\",\"image\":{\"@type\":\"ImageObject\",\"inLanguage\":\"nb-NO\",\"@id\":\"https:\/\/hoyre.no\/innlandet\/#\/schema\/person\/image\/\",\"url\":\"https:\/\/secure.gravatar.com\/avatar\/19308e99cc26c2c18ba01243f850e887a482eed229c88c0905de487505a4d093?s=96&d=mm&r=g\",\"contentUrl\":\"https:\/\/secure.gravatar.com\/avatar\/19308e99cc26c2c18ba01243f850e887a482eed229c88c0905de487505a4d093?s=96&d=mm&r=g\",\"caption\":\"Erlend Gj\u00f8lme\"},\"url\":\"https:\/\/hoyre.no\/innlandet\/aktuelt\/author\/m50054840\/\"}]}<\/script>\n<!-- \/ Yoast SEO plugin. -->","yoast_head_json":{"title":"Landbruket er spesielt - Innlandet H\u00f8yre","robots":{"index":"index","follow":"follow","max-snippet":"max-snippet:-1","max-image-preview":"max-image-preview:large","max-video-preview":"max-video-preview:-1"},"canonical":"https:\/\/hoyre.no\/innlandet\/aktuelt\/landbruket-er-spesielt\/","og_locale":"nb_NO","og_type":"article","og_title":"Landbruket er spesielt - Innlandet H\u00f8yre","og_description":"Les 2. kandidat til Stortinget, Yngve S\u00e6tres innlegg p\u00e5 H\u00f8yres Landsm\u00f8te: Landbruket er spesielt. I hvilke andre n\u00e6ringer m\u00e5 du s\u00f8ke kommunen om \u00e5 f\u00e5 lov til \u00e5 kj\u00f8pe en bedrift, og i mange tilfeller ogs\u00e5 s\u00f8ke om hvor mye du kan produsere? I hvilke andre n\u00e6ringer er det begrensninger p\u00e5 hvem du kan selge [&hellip;]","og_url":"https:\/\/hoyre.no\/innlandet\/aktuelt\/landbruket-er-spesielt\/","og_site_name":"Innlandet H\u00f8yre","article_published_time":"2025-03-21T10:12:59+00:00","og_image":[{"url":"https:\/\/hoyre.no\/content\/uploads\/sites\/7\/2026\/03\/Joanna-Randmaer-Warpe-fotball-kvadrat-1024x1024.jpg","width":"","height":"","type":""}],"author":"Erlend Gj\u00f8lme","twitter_card":"summary_large_image","twitter_misc":{"Skrevet av":"Erlend Gj\u00f8lme","Ansl. lesetid":"2 minutter"},"schema":{"@context":"https:\/\/schema.org","@graph":[{"@type":"NewsArticle","@id":"https:\/\/hoyre.no\/innlandet\/aktuelt\/landbruket-er-spesielt\/","url":"https:\/\/hoyre.no\/innlandet\/aktuelt\/landbruket-er-spesielt\/","name":"Landbruket er spesielt - Innlandet H\u00f8yre","isPartOf":{"@id":"https:\/\/hoyre.no\/innlandet\/#website"},"image":{"@id":"https:\/\/hoyre.no\/innlandet\/aktuelt\/landbruket-er-spesielt\/#primaryimage"},"thumbnailUrl":"https:\/\/hoyre.no\/content\/uploads\/sites\/7\/2025\/03\/HLM25-Yngve-04-768x1024.jpg","datePublished":"2025-03-21T10:12:59+00:00","author":{"@id":"https:\/\/hoyre.no\/innlandet\/#\/schema\/person\/8f41eef411c647642cf257592f9fce1c"},"breadcrumb":{"@id":"https:\/\/hoyre.no\/innlandet\/aktuelt\/landbruket-er-spesielt\/#breadcrumb"},"inLanguage":"nb-NO","potentialAction":[{"@type":"ReadAction","target":["https:\/\/hoyre.no\/innlandet\/aktuelt\/landbruket-er-spesielt\/"]}]},{"@type":"ImageObject","inLanguage":"nb-NO","@id":"https:\/\/hoyre.no\/innlandet\/aktuelt\/landbruket-er-spesielt\/#primaryimage","url":"https:\/\/hoyre.no\/content\/uploads\/sites\/7\/2025\/03\/HLM25-Yngve-04-768x1024.jpg","contentUrl":"https:\/\/hoyre.no\/content\/uploads\/sites\/7\/2025\/03\/HLM25-Yngve-04-768x1024.jpg"},{"@type":"BreadcrumbList","@id":"https:\/\/hoyre.no\/innlandet\/aktuelt\/landbruket-er-spesielt\/#breadcrumb","itemListElement":[{"@type":"ListItem","position":1,"name":"Til hoyre.no","item":"https:\/\/hoyre.no"},{"@type":"ListItem","position":2,"name":"Hjem","item":"https:\/\/hoyre.no\/innlandet\/"},{"@type":"ListItem","position":3,"name":"Landbruket er spesielt"}]},{"@type":"WebSite","@id":"https:\/\/hoyre.no\/innlandet\/#website","url":"https:\/\/hoyre.no\/innlandet\/","name":"Innlandet H\u00f8yre","description":"Bare enda et H\u00f8yres nettsteder-nettsted","inLanguage":"nb-NO"},{"@type":"Person","@id":"https:\/\/hoyre.no\/innlandet\/#\/schema\/person\/8f41eef411c647642cf257592f9fce1c","name":"Erlend Gj\u00f8lme","image":{"@type":"ImageObject","inLanguage":"nb-NO","@id":"https:\/\/hoyre.no\/innlandet\/#\/schema\/person\/image\/","url":"https:\/\/secure.gravatar.com\/avatar\/19308e99cc26c2c18ba01243f850e887a482eed229c88c0905de487505a4d093?s=96&d=mm&r=g","contentUrl":"https:\/\/secure.gravatar.com\/avatar\/19308e99cc26c2c18ba01243f850e887a482eed229c88c0905de487505a4d093?s=96&d=mm&r=g","caption":"Erlend Gj\u00f8lme"},"url":"https:\/\/hoyre.no\/innlandet\/aktuelt\/author\/m50054840\/"}]}},"distributor_meta":false,"distributor_terms":false,"distributor_media":false,"distributor_original_site_name":"Innlandet H\u00f8yre","distributor_original_site_url":"https:\/\/hoyre.no\/innlandet","push-errors":false,"_links":{"self":[{"href":"https:\/\/hoyre.no\/innlandet\/wp-json\/wp\/v2\/posts\/2007","targetHints":{"allow":["GET"]}}],"collection":[{"href":"https:\/\/hoyre.no\/innlandet\/wp-json\/wp\/v2\/posts"}],"about":[{"href":"https:\/\/hoyre.no\/innlandet\/wp-json\/wp\/v2\/types\/post"}],"author":[{"embeddable":true,"href":"https:\/\/hoyre.no\/innlandet\/wp-json\/wp\/v2\/users\/26288"}],"replies":[{"embeddable":true,"href":"https:\/\/hoyre.no\/innlandet\/wp-json\/wp\/v2\/comments?post=2007"}],"version-history":[{"count":2,"href":"https:\/\/hoyre.no\/innlandet\/wp-json\/wp\/v2\/posts\/2007\/revisions"}],"predecessor-version":[{"id":2011,"href":"https:\/\/hoyre.no\/innlandet\/wp-json\/wp\/v2\/posts\/2007\/revisions\/2011"}],"wp:attachment":[{"href":"https:\/\/hoyre.no\/innlandet\/wp-json\/wp\/v2\/media?parent=2007"}],"wp:term":[{"taxonomy":"category","embeddable":true,"href":"https:\/\/hoyre.no\/innlandet\/wp-json\/wp\/v2\/category?post=2007"},{"taxonomy":"post_tag","embeddable":true,"href":"https:\/\/hoyre.no\/innlandet\/wp-json\/wp\/v2\/post_tag?post=2007"},{"taxonomy":"hoyre-visibility","embeddable":true,"href":"https:\/\/hoyre.no\/innlandet\/wp-json\/wp\/v2\/hoyre-visibility?post=2007"},{"taxonomy":"article-type","embeddable":true,"href":"https:\/\/hoyre.no\/innlandet\/wp-json\/wp\/v2\/article-type?post=2007"},{"taxonomy":"politician","embeddable":true,"href":"https:\/\/hoyre.no\/innlandet\/wp-json\/wp\/v2\/politician?post=2007"}],"curies":[{"name":"wp","href":"https:\/\/api.w.org\/{rel}","templated":true}]}}