{"id":2078,"date":"2025-03-23T12:14:20","date_gmt":"2025-03-23T11:14:20","guid":{"rendered":"https:\/\/hoyre.no\/innlandet\/?p=2078"},"modified":"2025-03-23T12:14:21","modified_gmt":"2025-03-23T11:14:21","slug":"fortsatt-finansiering-av-tros-og-livssynssamfunn","status":"publish","type":"post","link":"https:\/\/hoyre.no\/innlandet\/aktuelt\/fortsatt-finansiering-av-tros-og-livssynssamfunn\/","title":{"rendered":"Fortsatt finansiering av tros- og livssynssamfunn"},"content":{"rendered":"\n<p class=\"preamble\">H\u00f8yre er et verdiparti, selvf\u00f8lgelig skal vi s\u00f8rge for at v\u00e5rt samfunn og dermed ogs\u00e5 v\u00e5r politikk fortsatt i framtiden skal formes og preges av v\u00e5re verdier.<\/p>\t\t\t<div class=\"post-meta wp-block teft-byline-wrapper\">\n\t\t\t\t<div class=\"top\">\n\t\t\t\t\t<div class=\"signature\">\n\t\t\t\t\t\t<div class=\"teft-byline\">\n\t\t\t\t\t\t\t\t\t\t\t\t\t\t<div>\n\t\t\t\t\t\t\t\t<h3>H\u00f8yres redaksjon<\/h3>\t\t\t\t\t\t\t\t\n\t\t\t\t\t\t\t\t\t\t\t\t\t\t\t\t\t<span class=\"date\">Sist oppdatert: 23. mars 2025<\/span>\n\t\t\t\t\t\t\t\t\t\t\t\t\t\t\t\t\t\t\t\t\t\t\t\t\t<span class=\"reading-time\" itemprop=\"timeRequired\" content=\"PT2M\"><em>Ca. 2 minutter lesetid<\/em><\/span>\n\t\t\t\t\t\t\t\t\t\t\t\t\t\t\t<\/div>\n\t\t\t\t\t\t<\/div>\n\t\t\t\t\t<\/div>\n\t\t\t\t\t\t<div class=\"sharing\">\n\t\t<a class=\"share-button share-link copy-link\" data-copy=\"https:\/\/hoyre.no\/innlandet\/aktuelt\/fortsatt-finansiering-av-tros-og-livssynssamfunn\/\" target=\"_blank\"><span class=\"screen-reader-text\">Del link<\/span><\/a>\n\t\t<a class=\"share-button share-twitter\" href=\"http:\/\/twitter.com\/share?text=Fortsatt finansiering av tros- og livssynssamfunn&#038;url=https:\/\/hoyre.no\/innlandet\/aktuelt\/fortsatt-finansiering-av-tros-og-livssynssamfunn\/&#038;hashtags=Hoyre\" target=\"_blank\"><span class=\"screen-reader-text\">Del p\u00e5 twitter<\/span><\/a>\n\t\t<a class=\"share-button share-facebook\" href=\"https:\/\/www.facebook.com\/sharer\/sharer.php?u=https:\/\/hoyre.no\/innlandet\/aktuelt\/fortsatt-finansiering-av-tros-og-livssynssamfunn\/\" target=\"_blank\"><span class=\"screen-reader-text\">Del p\u00e5 facebook<\/span><\/a>\n\t<\/div>\n\t\t\t\t\t<\/div>\n\t\t\t<\/div>\n\n\t\t\t<figure class=\"hoyre-image-wrapper\"><div class=\"hoyre-image\"><img loading=\"lazy\" decoding=\"async\" width=\"2500\" height=\"1875\" src=\"https:\/\/hoyre.no\/content\/uploads\/sites\/7\/2025\/03\/HLM25-Kai-Ove-04-scaled.jpg\" class=\"attachment-scaled size-scaled\" alt=\"Kai Ove Berg p\u00e5 H\u00f8yres landsm\u00f8te 2025 - foto: Innlandet H\u00f8yre\" style=\"object-position: 50% 50%\" srcset=\"https:\/\/hoyre.no\/content\/uploads\/sites\/7\/2025\/03\/HLM25-Kai-Ove-04-scaled.jpg 2500w, https:\/\/hoyre.no\/content\/uploads\/sites\/7\/2025\/03\/HLM25-Kai-Ove-04-300x225.jpg 300w, https:\/\/hoyre.no\/content\/uploads\/sites\/7\/2025\/03\/HLM25-Kai-Ove-04-1024x768.jpg 1024w, https:\/\/hoyre.no\/content\/uploads\/sites\/7\/2025\/03\/HLM25-Kai-Ove-04-768x576.jpg 768w, https:\/\/hoyre.no\/content\/uploads\/sites\/7\/2025\/03\/HLM25-Kai-Ove-04-1536x1152.jpg 1536w, https:\/\/hoyre.no\/content\/uploads\/sites\/7\/2025\/03\/HLM25-Kai-Ove-04-2048x1536.jpg 2048w\" sizes=\"auto, (max-width: 2500px) 100vw, 2500px\" \/><\/div><figcaption class=\"caption\">Kai Ove Berg p\u00e5 H\u00f8yres landsm\u00f8te 2025 &#8211; foto: Innlandet H\u00f8yre<\/figcaption><\/figure>\n\n\n\n<p>Kai Ove Berg oppfordret H\u00f8yres Landsm\u00f8te 2025 \u00e5 fortsette en forutsigbar finansiering av tros- og livssynssamfunn. <br><strong>Les hva han sa til Landsm\u00f8tet her:<\/strong><\/p>\n\n\n\n<p>P\u00e5 fredag programfestet vi \u00e5 fjerne formueskatten p\u00e5 arbeidende kapital.<br>I fjor feiret vi 750-\u00e5rs jubileum for Magnus Lagab\u00f8tes lov. Den la grunnlaget for viktige norske verdier som rettsikkerhet, likhet for loven, sosial ansvarlighet og fredelig konfliktl\u00f8sning.<\/p>\n\n\n\n<div class=\"wp-block-media-text is-stacked-on-mobile is-image-fill-element\"><figure class=\"wp-block-media-text__media\"><img loading=\"lazy\" decoding=\"async\" width=\"1024\" height=\"683\" src=\"https:\/\/hoyre.no\/content\/uploads\/sites\/7\/2025\/03\/GettyImages-1690138621-1024x683.jpg\" alt=\"\" class=\"wp-image-2081 size-full\" style=\"object-position:50% 50%\" srcset=\"https:\/\/hoyre.no\/content\/uploads\/sites\/7\/2025\/03\/GettyImages-1690138621-1024x683.jpg 1024w, https:\/\/hoyre.no\/content\/uploads\/sites\/7\/2025\/03\/GettyImages-1690138621-300x200.jpg 300w, https:\/\/hoyre.no\/content\/uploads\/sites\/7\/2025\/03\/GettyImages-1690138621-768x512.jpg 768w, https:\/\/hoyre.no\/content\/uploads\/sites\/7\/2025\/03\/GettyImages-1690138621-1536x1024.jpg 1536w, https:\/\/hoyre.no\/content\/uploads\/sites\/7\/2025\/03\/GettyImages-1690138621-2048x1365.jpg 2048w\" sizes=\"auto, (max-width: 1024px) 100vw, 1024px\" \/><\/figure><div class=\"wp-block-media-text__content\">\n<p>I 2030 skal vi feire Nasjonaljubileet &#8211; Norge i tusen \u00e5r. Jubileet bygger p\u00e5 forst\u00e5elsen av 1030 som et \u00e5r som symbolsk vever sammen ulike historier om Norges tilblivelse som b\u00e5de strekker seg lenger bakover og helt frem til v\u00e5r egen tid.<\/p>\n<\/div><\/div>\n\n\n\n<p>&laquo;Vi har et folk som har sunne verdier og som har v\u00e6rt ute en vinternatt f\u00f8r, vi forvalter klokt,&raquo; sa Ine Eriksen S\u00f8reide til landsm\u00f8tet, l\u00f8rdag.<\/p>\n\n\n\n<p>I en av Goethe&#8217;s romaner, skriver han om et p\u00e5funn i den engelske marinen. Tauene som var i bruk i den kongelige marine, var tvunnet p\u00e5 en slik m\u00e5te at en r\u00f8d tr\u00e5d ble synlig gjennom dem fra den ene enden til andre. Tr\u00e5den kunne ikke trekkes ut uten \u00e5 tvinne opp hele tauet. P\u00e5 denne m\u00e5ten kunne selv de minste bitene fra et tau gjenkjennes som tilh\u00f8rende den Britiske kronen.<\/p>\n\n\n\n<p>V\u00e5rt Norge som vi elsker er et resultat av verdienes arbeidende kapital som har kastet godt av seg, den l\u00f8per som en r\u00f8d tr\u00e5d gjennom hele v\u00e5r historie.<\/p>\n\n\n\n<div class=\"wp-block-media-text is-stacked-on-mobile is-image-fill-element is-style-dark-blue\"><figure class=\"wp-block-media-text__media\"><img loading=\"lazy\" decoding=\"async\" width=\"1024\" height=\"1024\" src=\"https:\/\/hoyre.no\/content\/uploads\/sites\/7\/2025\/03\/HLM25-Kai-Ove-02-1024x1024.jpg\" alt=\"Kai Ove Berg p\u00e5 H\u00f8yres landsm\u00f8te 2025 - foto: Innlandet H\u00f8yre\" class=\"wp-image-2080 size-full\" style=\"object-position:50% 50%\" srcset=\"https:\/\/hoyre.no\/content\/uploads\/sites\/7\/2025\/03\/HLM25-Kai-Ove-02-1024x1024.jpg 1024w, https:\/\/hoyre.no\/content\/uploads\/sites\/7\/2025\/03\/HLM25-Kai-Ove-02-300x300.jpg 300w, https:\/\/hoyre.no\/content\/uploads\/sites\/7\/2025\/03\/HLM25-Kai-Ove-02-150x150.jpg 150w, https:\/\/hoyre.no\/content\/uploads\/sites\/7\/2025\/03\/HLM25-Kai-Ove-02-768x768.jpg 768w, https:\/\/hoyre.no\/content\/uploads\/sites\/7\/2025\/03\/HLM25-Kai-Ove-02-1536x1536.jpg 1536w, https:\/\/hoyre.no\/content\/uploads\/sites\/7\/2025\/03\/HLM25-Kai-Ove-02-2048x2048.jpg 2048w\" sizes=\"auto, (max-width: 1024px) 100vw, 1024px\" \/><\/figure><div class=\"wp-block-media-text__content\">\n<blockquote class=\"wp-block-quote is-layout-flow wp-block-quote-is-layout-flow\">\n<p>H\u00f8yre er et verdiparti, selvf\u00f8lgelig skal vi s\u00f8rge for at v\u00e5rt samfunn og dermed ogs\u00e5 v\u00e5r politikk fortsatt i framtiden skal formes og preges av v\u00e5re verdier.<\/p>\n\n\n\n<blockquote class=\"wp-block-quote is-layout-flow wp-block-quote-is-layout-flow\">\n<p><\/p>\n<\/blockquote>\n<\/blockquote>\n<\/div><\/div>\n\n\n\n<figure class=\"wp-block-image size-large\"><img loading=\"lazy\" decoding=\"async\" width=\"1024\" height=\"256\" src=\"https:\/\/hoyre.no\/content\/uploads\/sites\/7\/2025\/03\/toppbilde_linkedin_privat_1584x396_1-1024x256.png\" alt=\"\" class=\"wp-image-1998\" srcset=\"https:\/\/hoyre.no\/content\/uploads\/sites\/7\/2025\/03\/toppbilde_linkedin_privat_1584x396_1-1024x256.png 1024w, https:\/\/hoyre.no\/content\/uploads\/sites\/7\/2025\/03\/toppbilde_linkedin_privat_1584x396_1-300x75.png 300w, https:\/\/hoyre.no\/content\/uploads\/sites\/7\/2025\/03\/toppbilde_linkedin_privat_1584x396_1-768x192.png 768w, https:\/\/hoyre.no\/content\/uploads\/sites\/7\/2025\/03\/toppbilde_linkedin_privat_1584x396_1-1536x384.png 1536w, https:\/\/hoyre.no\/content\/uploads\/sites\/7\/2025\/03\/toppbilde_linkedin_privat_1584x396_1.png 1584w\" sizes=\"auto, (max-width: 1024px) 100vw, 1024px\" \/><\/figure>\n\n\n\n\n<p><\/p>\n\n\n<div class=\"tags\">\n\t\t<div class=\"wp-block-tag-cloud\">\n\t\t\t\t\t<a href=\"https:\/\/hoyre.no\/innlandet\/aktuelt\/tag\/hoyres-landsmote-2025\/\" class=\"tag-cloud-link\">H\u00f8yres Landsm\u00f8te 2025<\/a>\n\t\t\t\t\t<a href=\"https:\/\/hoyre.no\/innlandet\/aktuelt\/tag\/konservativ\/\" class=\"tag-cloud-link\">Konservativ<\/a>\n\t\t\t\t\t<a href=\"https:\/\/hoyre.no\/innlandet\/aktuelt\/tag\/verdier\/\" class=\"tag-cloud-link\">Verdier<\/a>\n\t\t\t<\/div>\n\t<\/div>\n<div class=\"post-footer alignfull has-background block-editor-block-list__block\" data-align=full>\n\t<div class=\"post-footer-inner\">\n\t\t<h3>Relaterte artikler<\/h3>\n\t\t<div class=\"related-content\"><div class=\"is-card-hoyre\">\n\t<div class=\"teft-card hoyre-teft-card post-teft-card\">\n\t\t<a href=\"https:\/\/hoyre.no\/innlandet\/aktuelt\/bedre-bruk-av-laererne-til-elevenes-beste\/\" class=\"teft-card__primary-action\">\n\n\t\t\t\t\t<div class=\"teft-card__media teft-card__media--16-9\">\n\t\t\t\t\t\t<img loading=\"lazy\" decoding=\"async\" width=\"768\" height=\"512\" src=\"https:\/\/hoyre.no\/content\/uploads\/sites\/7\/2024\/11\/Hanne-Alstrup-Velure-04-LOCOMOTIV-768x512.jpg\" class=\"attachment-medium_large size-medium_large\" alt=\"Hanne Alstrup Velure. Foto: Jan Tore \u00d8verstad \/ Locomotiv AS\" srcset=\"https:\/\/hoyre.no\/content\/uploads\/sites\/7\/2024\/11\/Hanne-Alstrup-Velure-04-LOCOMOTIV-768x512.jpg 768w, https:\/\/hoyre.no\/content\/uploads\/sites\/7\/2024\/11\/Hanne-Alstrup-Velure-04-LOCOMOTIV-300x200.jpg 300w, https:\/\/hoyre.no\/content\/uploads\/sites\/7\/2024\/11\/Hanne-Alstrup-Velure-04-LOCOMOTIV-1024x683.jpg 1024w, https:\/\/hoyre.no\/content\/uploads\/sites\/7\/2024\/11\/Hanne-Alstrup-Velure-04-LOCOMOTIV-1536x1024.jpg 1536w, https:\/\/hoyre.no\/content\/uploads\/sites\/7\/2024\/11\/Hanne-Alstrup-Velure-04-LOCOMOTIV-2048x1365.jpg 2048w\" sizes=\"auto, (max-width: 768px) 100vw, 768px\" \/>\t\t<\/div>\n\t\t\n\t\t\t<div class=\"teft-card__content-wrapper\">\n\t\t\t\t<div class=\"teft-card__secondary\">\n\t\t\t\t\t\n\t\t\t\t\t\t\t\t<div class=\"teft-card__meta\">\n\t\t\t\t\t\t\t\t\t<span class=\"post-date\">13. apr 2026<\/span>\n\n\t\t\t\t\t\t\t\t\t<span class=\"post-category\">Debatt<\/span>\t\t\t\t\t\t\t\t<\/div>\n\t\t\t\t\t\t\t\t\t\t\t<\/div>\n\n\t\t\t\t<div class=\"teft-card__primary\">\n\t\t\t\t\t<h2 class=\"teft-card__title\">Bedre bruk av l\u00e6rerne \u2013 til elevenes beste&nbsp;<span class=\"teft-card__primary-title-append\"><\/span><\/h2>\t\t\t\t<\/div>\n\t\t\t<\/div>\n\t\t<\/a>\n\t<\/div>\n\n\t<\/div><div class=\"is-card-hoyre\">\n\t<div class=\"teft-card hoyre-teft-card post-teft-card\">\n\t\t<a href=\"https:\/\/hoyre.no\/innlandet\/aktuelt\/viltet-er-en-ressurs-na-og-i-fremtiden\/\" class=\"teft-card__primary-action\">\n\n\t\t\t\t\t<div class=\"teft-card__media teft-card__media--16-9\">\n\t\t\t\t\t\t<img loading=\"lazy\" decoding=\"async\" width=\"768\" height=\"768\" src=\"https:\/\/hoyre.no\/content\/uploads\/sites\/7\/2026\/03\/Joakim-Ekseth-jakt-kvadrat-768x768.jpg\" class=\"attachment-medium_large size-medium_large\" alt=\"\" srcset=\"https:\/\/hoyre.no\/content\/uploads\/sites\/7\/2026\/03\/Joakim-Ekseth-jakt-kvadrat-768x768.jpg 768w, https:\/\/hoyre.no\/content\/uploads\/sites\/7\/2026\/03\/Joakim-Ekseth-jakt-kvadrat-300x300.jpg 300w, https:\/\/hoyre.no\/content\/uploads\/sites\/7\/2026\/03\/Joakim-Ekseth-jakt-kvadrat-1024x1024.jpg 1024w, https:\/\/hoyre.no\/content\/uploads\/sites\/7\/2026\/03\/Joakim-Ekseth-jakt-kvadrat-150x150.jpg 150w, https:\/\/hoyre.no\/content\/uploads\/sites\/7\/2026\/03\/Joakim-Ekseth-jakt-kvadrat.jpg 1080w\" sizes=\"auto, (max-width: 768px) 100vw, 768px\" \/>\t\t<\/div>\n\t\t\n\t\t\t<div class=\"teft-card__content-wrapper\">\n\t\t\t\t<div class=\"teft-card__secondary\">\n\t\t\t\t\t\n\t\t\t\t\t\t\t\t<div class=\"teft-card__meta\">\n\t\t\t\t\t\t\t\t\t<span class=\"post-date\">20. mar 2026<\/span>\n\n\t\t\t\t\t\t\t\t\t<span class=\"post-category\">Debatt<\/span>\t\t\t\t\t\t\t\t<\/div>\n\t\t\t\t\t\t\t\t\t\t\t<\/div>\n\n\t\t\t\t<div class=\"teft-card__primary\">\n\t\t\t\t\t<h2 class=\"teft-card__title\">Viltet er en ressurs, n\u00e5 og i fremtiden&nbsp;<span class=\"teft-card__primary-title-append\"><\/span><\/h2>\t\t\t\t<\/div>\n\t\t\t<\/div>\n\t\t<\/a>\n\t<\/div>\n\n\t<\/div><div class=\"is-card-hoyre\">\n\t<div class=\"teft-card hoyre-teft-card post-teft-card\">\n\t\t<a href=\"https:\/\/hoyre.no\/innlandet\/aktuelt\/bekind\/\" class=\"teft-card__primary-action\">\n\n\t\t\t\t\t<div class=\"teft-card__media teft-card__media--16-9\">\n\t\t\t\t\t\t<img loading=\"lazy\" decoding=\"async\" width=\"768\" height=\"768\" src=\"https:\/\/hoyre.no\/content\/uploads\/sites\/7\/2026\/03\/Joanna-Randmaer-Warpe-fotball-kvadrat-768x768.jpg\" class=\"attachment-medium_large size-medium_large\" alt=\"\" srcset=\"https:\/\/hoyre.no\/content\/uploads\/sites\/7\/2026\/03\/Joanna-Randmaer-Warpe-fotball-kvadrat-768x768.jpg 768w, https:\/\/hoyre.no\/content\/uploads\/sites\/7\/2026\/03\/Joanna-Randmaer-Warpe-fotball-kvadrat-300x300.jpg 300w, https:\/\/hoyre.no\/content\/uploads\/sites\/7\/2026\/03\/Joanna-Randmaer-Warpe-fotball-kvadrat-1024x1024.jpg 1024w, https:\/\/hoyre.no\/content\/uploads\/sites\/7\/2026\/03\/Joanna-Randmaer-Warpe-fotball-kvadrat-150x150.jpg 150w, https:\/\/hoyre.no\/content\/uploads\/sites\/7\/2026\/03\/Joanna-Randmaer-Warpe-fotball-kvadrat.jpg 1080w\" sizes=\"auto, (max-width: 768px) 100vw, 768px\" \/>\t\t<\/div>\n\t\t\n\t\t\t<div class=\"teft-card__content-wrapper\">\n\t\t\t\t<div class=\"teft-card__secondary\">\n\t\t\t\t\t\n\t\t\t\t\t\t\t\t<div class=\"teft-card__meta\">\n\t\t\t\t\t\t\t\t\t<span class=\"post-date\">19. mar 2026<\/span>\n\n\t\t\t\t\t\t\t\t\t<span class=\"post-category\">Debatt<\/span>\t\t\t\t\t\t\t\t<\/div>\n\t\t\t\t\t\t\t\t\t\t\t<\/div>\n\n\t\t\t\t<div class=\"teft-card__primary\">\n\t\t\t\t\t<h2 class=\"teft-card__title\">#BeKind\u00a0&nbsp;<span class=\"teft-card__primary-title-append\"><\/span><\/h2>\t\t\t\t<\/div>\n\t\t\t<\/div>\n\t\t<\/a>\n\t<\/div>\n\n\t<\/div><\/div>\t<\/div>\n<\/div>\n","protected":false},"excerpt":{"rendered":"<p>Kai Ove Berg oppfordret H\u00f8yres Landsm\u00f8te 2025 \u00e5 fortsette en forutsigbar finansiering av tros- og livssynssamfunn. Les hva han sa til Landsm\u00f8tet her: P\u00e5 fredag programfestet vi \u00e5 fjerne formueskatten p\u00e5 arbeidende kapital.I fjor feiret vi 750-\u00e5rs jubileum for Magnus Lagab\u00f8tes lov. Den la grunnlaget for viktige norske verdier som rettsikkerhet, likhet for loven, sosial [&hellip;]<\/p>\n","protected":false},"author":26288,"featured_media":0,"comment_status":"closed","ping_status":"closed","sticky":false,"template":"","format":"standard","meta":{"teft_cards_image_url":"","teft_cards_custom_pretitle":"","teft_cards_image_id":2080,"teft_cards_image_focal_point_x":0.5,"teft_cards_image_focal_point_y":0.14,"teft_cards_title":"","teft_cards_excerpt":"H\u00f8yre er et verdiparti, selvf\u00f8lgelig skal vi s\u00f8rge for at v\u00e5rt samfunn og dermed ogs\u00e5 v\u00e5r politikk fortsatt i framtiden skal formes og preges av v\u00e5re verdier.","teft_show_chapters":false,"author_display_name":"","footnotes":""},"category":[95,112,111],"post_tag":[96,114,113],"hoyre-visibility":[],"article-type":[],"politician":[115],"class_list":["post-2078","post","type-post","status-publish","format-standard","hentry","category-hoyres-landsmote-2025","category-konservativ","category-verdier","tag-hoyres-landsmote-2025","tag-konservativ","tag-verdier","politician-kai-ove-berg"],"yoast_head":"<!-- This site is optimized with the Yoast SEO plugin v26.6 - https:\/\/yoast.com\/wordpress\/plugins\/seo\/ -->\n<title>Fortsatt finansiering av tros- og livssynssamfunn - Innlandet H\u00f8yre<\/title>\n<meta name=\"robots\" content=\"index, follow, max-snippet:-1, max-image-preview:large, max-video-preview:-1\" \/>\n<link rel=\"canonical\" href=\"https:\/\/hoyre.no\/innlandet\/aktuelt\/fortsatt-finansiering-av-tros-og-livssynssamfunn\/\" \/>\n<meta property=\"og:locale\" content=\"nb_NO\" \/>\n<meta property=\"og:type\" content=\"article\" \/>\n<meta property=\"og:title\" content=\"Fortsatt finansiering av tros- og livssynssamfunn - Innlandet H\u00f8yre\" \/>\n<meta property=\"og:description\" content=\"Kai Ove Berg oppfordret H\u00f8yres Landsm\u00f8te 2025 \u00e5 fortsette en forutsigbar finansiering av tros- og livssynssamfunn. Les hva han sa til Landsm\u00f8tet her: P\u00e5 fredag programfestet vi \u00e5 fjerne formueskatten p\u00e5 arbeidende kapital.I fjor feiret vi 750-\u00e5rs jubileum for Magnus Lagab\u00f8tes lov. Den la grunnlaget for viktige norske verdier som rettsikkerhet, likhet for loven, sosial [&hellip;]\" \/>\n<meta property=\"og:url\" content=\"https:\/\/hoyre.no\/innlandet\/aktuelt\/fortsatt-finansiering-av-tros-og-livssynssamfunn\/\" \/>\n<meta property=\"og:site_name\" content=\"Innlandet H\u00f8yre\" \/>\n<meta property=\"article:published_time\" content=\"2025-03-23T11:14:20+00:00\" \/>\n<meta property=\"article:modified_time\" content=\"2025-03-23T11:14:21+00:00\" \/>\n<meta property=\"og:image\" content=\"https:\/\/hoyre.no\/content\/uploads\/sites\/7\/2026\/03\/Joanna-Randmaer-Warpe-fotball-kvadrat-1024x1024.jpg\" \/>\n<meta name=\"author\" content=\"Erlend Gj\u00f8lme\" \/>\n<meta name=\"twitter:card\" content=\"summary_large_image\" \/>\n<meta name=\"twitter:label1\" content=\"Skrevet av\" \/>\n\t<meta name=\"twitter:data1\" content=\"Erlend Gj\u00f8lme\" \/>\n\t<meta name=\"twitter:label2\" content=\"Ansl. lesetid\" \/>\n\t<meta name=\"twitter:data2\" content=\"3 minutter\" \/>\n<script type=\"application\/ld+json\" class=\"yoast-schema-graph\">{\"@context\":\"https:\/\/schema.org\",\"@graph\":[{\"@type\":\"NewsArticle\",\"@id\":\"https:\/\/hoyre.no\/innlandet\/aktuelt\/fortsatt-finansiering-av-tros-og-livssynssamfunn\/\",\"url\":\"https:\/\/hoyre.no\/innlandet\/aktuelt\/fortsatt-finansiering-av-tros-og-livssynssamfunn\/\",\"name\":\"Fortsatt finansiering av tros- og livssynssamfunn - Innlandet H\u00f8yre\",\"isPartOf\":{\"@id\":\"https:\/\/hoyre.no\/innlandet\/#website\"},\"image\":{\"@id\":\"https:\/\/hoyre.no\/innlandet\/aktuelt\/fortsatt-finansiering-av-tros-og-livssynssamfunn\/#primaryimage\"},\"thumbnailUrl\":\"https:\/\/hoyre.no\/content\/uploads\/sites\/7\/2025\/03\/GettyImages-1690138621-1024x683.jpg\",\"datePublished\":\"2025-03-23T11:14:20+00:00\",\"dateModified\":\"2025-03-23T11:14:21+00:00\",\"author\":{\"@id\":\"https:\/\/hoyre.no\/innlandet\/#\/schema\/person\/8f41eef411c647642cf257592f9fce1c\"},\"breadcrumb\":{\"@id\":\"https:\/\/hoyre.no\/innlandet\/aktuelt\/fortsatt-finansiering-av-tros-og-livssynssamfunn\/#breadcrumb\"},\"inLanguage\":\"nb-NO\",\"potentialAction\":[{\"@type\":\"ReadAction\",\"target\":[\"https:\/\/hoyre.no\/innlandet\/aktuelt\/fortsatt-finansiering-av-tros-og-livssynssamfunn\/\"]}]},{\"@type\":\"ImageObject\",\"inLanguage\":\"nb-NO\",\"@id\":\"https:\/\/hoyre.no\/innlandet\/aktuelt\/fortsatt-finansiering-av-tros-og-livssynssamfunn\/#primaryimage\",\"url\":\"https:\/\/hoyre.no\/content\/uploads\/sites\/7\/2025\/03\/GettyImages-1690138621-1024x683.jpg\",\"contentUrl\":\"https:\/\/hoyre.no\/content\/uploads\/sites\/7\/2025\/03\/GettyImages-1690138621-1024x683.jpg\"},{\"@type\":\"BreadcrumbList\",\"@id\":\"https:\/\/hoyre.no\/innlandet\/aktuelt\/fortsatt-finansiering-av-tros-og-livssynssamfunn\/#breadcrumb\",\"itemListElement\":[{\"@type\":\"ListItem\",\"position\":1,\"name\":\"Til hoyre.no\",\"item\":\"https:\/\/hoyre.no\"},{\"@type\":\"ListItem\",\"position\":2,\"name\":\"Hjem\",\"item\":\"https:\/\/hoyre.no\/innlandet\/\"},{\"@type\":\"ListItem\",\"position\":3,\"name\":\"Fortsatt finansiering av tros- og livssynssamfunn\"}]},{\"@type\":\"WebSite\",\"@id\":\"https:\/\/hoyre.no\/innlandet\/#website\",\"url\":\"https:\/\/hoyre.no\/innlandet\/\",\"name\":\"Innlandet H\u00f8yre\",\"description\":\"Bare enda et H\u00f8yres nettsteder-nettsted\",\"inLanguage\":\"nb-NO\"},{\"@type\":\"Person\",\"@id\":\"https:\/\/hoyre.no\/innlandet\/#\/schema\/person\/8f41eef411c647642cf257592f9fce1c\",\"name\":\"Erlend Gj\u00f8lme\",\"image\":{\"@type\":\"ImageObject\",\"inLanguage\":\"nb-NO\",\"@id\":\"https:\/\/hoyre.no\/innlandet\/#\/schema\/person\/image\/\",\"url\":\"https:\/\/secure.gravatar.com\/avatar\/19308e99cc26c2c18ba01243f850e887a482eed229c88c0905de487505a4d093?s=96&d=mm&r=g\",\"contentUrl\":\"https:\/\/secure.gravatar.com\/avatar\/19308e99cc26c2c18ba01243f850e887a482eed229c88c0905de487505a4d093?s=96&d=mm&r=g\",\"caption\":\"Erlend Gj\u00f8lme\"},\"url\":\"https:\/\/hoyre.no\/innlandet\/aktuelt\/author\/m50054840\/\"}]}<\/script>\n<!-- \/ Yoast SEO plugin. -->","yoast_head_json":{"title":"Fortsatt finansiering av tros- og livssynssamfunn - Innlandet H\u00f8yre","robots":{"index":"index","follow":"follow","max-snippet":"max-snippet:-1","max-image-preview":"max-image-preview:large","max-video-preview":"max-video-preview:-1"},"canonical":"https:\/\/hoyre.no\/innlandet\/aktuelt\/fortsatt-finansiering-av-tros-og-livssynssamfunn\/","og_locale":"nb_NO","og_type":"article","og_title":"Fortsatt finansiering av tros- og livssynssamfunn - Innlandet H\u00f8yre","og_description":"Kai Ove Berg oppfordret H\u00f8yres Landsm\u00f8te 2025 \u00e5 fortsette en forutsigbar finansiering av tros- og livssynssamfunn. Les hva han sa til Landsm\u00f8tet her: P\u00e5 fredag programfestet vi \u00e5 fjerne formueskatten p\u00e5 arbeidende kapital.I fjor feiret vi 750-\u00e5rs jubileum for Magnus Lagab\u00f8tes lov. Den la grunnlaget for viktige norske verdier som rettsikkerhet, likhet for loven, sosial [&hellip;]","og_url":"https:\/\/hoyre.no\/innlandet\/aktuelt\/fortsatt-finansiering-av-tros-og-livssynssamfunn\/","og_site_name":"Innlandet H\u00f8yre","article_published_time":"2025-03-23T11:14:20+00:00","article_modified_time":"2025-03-23T11:14:21+00:00","og_image":[{"url":"https:\/\/hoyre.no\/content\/uploads\/sites\/7\/2026\/03\/Joanna-Randmaer-Warpe-fotball-kvadrat-1024x1024.jpg","width":"","height":"","type":""}],"author":"Erlend Gj\u00f8lme","twitter_card":"summary_large_image","twitter_misc":{"Skrevet av":"Erlend Gj\u00f8lme","Ansl. lesetid":"3 minutter"},"schema":{"@context":"https:\/\/schema.org","@graph":[{"@type":"NewsArticle","@id":"https:\/\/hoyre.no\/innlandet\/aktuelt\/fortsatt-finansiering-av-tros-og-livssynssamfunn\/","url":"https:\/\/hoyre.no\/innlandet\/aktuelt\/fortsatt-finansiering-av-tros-og-livssynssamfunn\/","name":"Fortsatt finansiering av tros- og livssynssamfunn - Innlandet H\u00f8yre","isPartOf":{"@id":"https:\/\/hoyre.no\/innlandet\/#website"},"image":{"@id":"https:\/\/hoyre.no\/innlandet\/aktuelt\/fortsatt-finansiering-av-tros-og-livssynssamfunn\/#primaryimage"},"thumbnailUrl":"https:\/\/hoyre.no\/content\/uploads\/sites\/7\/2025\/03\/GettyImages-1690138621-1024x683.jpg","datePublished":"2025-03-23T11:14:20+00:00","dateModified":"2025-03-23T11:14:21+00:00","author":{"@id":"https:\/\/hoyre.no\/innlandet\/#\/schema\/person\/8f41eef411c647642cf257592f9fce1c"},"breadcrumb":{"@id":"https:\/\/hoyre.no\/innlandet\/aktuelt\/fortsatt-finansiering-av-tros-og-livssynssamfunn\/#breadcrumb"},"inLanguage":"nb-NO","potentialAction":[{"@type":"ReadAction","target":["https:\/\/hoyre.no\/innlandet\/aktuelt\/fortsatt-finansiering-av-tros-og-livssynssamfunn\/"]}]},{"@type":"ImageObject","inLanguage":"nb-NO","@id":"https:\/\/hoyre.no\/innlandet\/aktuelt\/fortsatt-finansiering-av-tros-og-livssynssamfunn\/#primaryimage","url":"https:\/\/hoyre.no\/content\/uploads\/sites\/7\/2025\/03\/GettyImages-1690138621-1024x683.jpg","contentUrl":"https:\/\/hoyre.no\/content\/uploads\/sites\/7\/2025\/03\/GettyImages-1690138621-1024x683.jpg"},{"@type":"BreadcrumbList","@id":"https:\/\/hoyre.no\/innlandet\/aktuelt\/fortsatt-finansiering-av-tros-og-livssynssamfunn\/#breadcrumb","itemListElement":[{"@type":"ListItem","position":1,"name":"Til hoyre.no","item":"https:\/\/hoyre.no"},{"@type":"ListItem","position":2,"name":"Hjem","item":"https:\/\/hoyre.no\/innlandet\/"},{"@type":"ListItem","position":3,"name":"Fortsatt finansiering av tros- og livssynssamfunn"}]},{"@type":"WebSite","@id":"https:\/\/hoyre.no\/innlandet\/#website","url":"https:\/\/hoyre.no\/innlandet\/","name":"Innlandet H\u00f8yre","description":"Bare enda et H\u00f8yres nettsteder-nettsted","inLanguage":"nb-NO"},{"@type":"Person","@id":"https:\/\/hoyre.no\/innlandet\/#\/schema\/person\/8f41eef411c647642cf257592f9fce1c","name":"Erlend Gj\u00f8lme","image":{"@type":"ImageObject","inLanguage":"nb-NO","@id":"https:\/\/hoyre.no\/innlandet\/#\/schema\/person\/image\/","url":"https:\/\/secure.gravatar.com\/avatar\/19308e99cc26c2c18ba01243f850e887a482eed229c88c0905de487505a4d093?s=96&d=mm&r=g","contentUrl":"https:\/\/secure.gravatar.com\/avatar\/19308e99cc26c2c18ba01243f850e887a482eed229c88c0905de487505a4d093?s=96&d=mm&r=g","caption":"Erlend Gj\u00f8lme"},"url":"https:\/\/hoyre.no\/innlandet\/aktuelt\/author\/m50054840\/"}]}},"distributor_meta":false,"distributor_terms":false,"distributor_media":false,"distributor_original_site_name":"Innlandet H\u00f8yre","distributor_original_site_url":"https:\/\/hoyre.no\/innlandet","push-errors":false,"_links":{"self":[{"href":"https:\/\/hoyre.no\/innlandet\/wp-json\/wp\/v2\/posts\/2078","targetHints":{"allow":["GET"]}}],"collection":[{"href":"https:\/\/hoyre.no\/innlandet\/wp-json\/wp\/v2\/posts"}],"about":[{"href":"https:\/\/hoyre.no\/innlandet\/wp-json\/wp\/v2\/types\/post"}],"author":[{"embeddable":true,"href":"https:\/\/hoyre.no\/innlandet\/wp-json\/wp\/v2\/users\/26288"}],"replies":[{"embeddable":true,"href":"https:\/\/hoyre.no\/innlandet\/wp-json\/wp\/v2\/comments?post=2078"}],"version-history":[{"count":2,"href":"https:\/\/hoyre.no\/innlandet\/wp-json\/wp\/v2\/posts\/2078\/revisions"}],"predecessor-version":[{"id":2088,"href":"https:\/\/hoyre.no\/innlandet\/wp-json\/wp\/v2\/posts\/2078\/revisions\/2088"}],"wp:attachment":[{"href":"https:\/\/hoyre.no\/innlandet\/wp-json\/wp\/v2\/media?parent=2078"}],"wp:term":[{"taxonomy":"category","embeddable":true,"href":"https:\/\/hoyre.no\/innlandet\/wp-json\/wp\/v2\/category?post=2078"},{"taxonomy":"post_tag","embeddable":true,"href":"https:\/\/hoyre.no\/innlandet\/wp-json\/wp\/v2\/post_tag?post=2078"},{"taxonomy":"hoyre-visibility","embeddable":true,"href":"https:\/\/hoyre.no\/innlandet\/wp-json\/wp\/v2\/hoyre-visibility?post=2078"},{"taxonomy":"article-type","embeddable":true,"href":"https:\/\/hoyre.no\/innlandet\/wp-json\/wp\/v2\/article-type?post=2078"},{"taxonomy":"politician","embeddable":true,"href":"https:\/\/hoyre.no\/innlandet\/wp-json\/wp\/v2\/politician?post=2078"}],"curies":[{"name":"wp","href":"https:\/\/api.w.org\/{rel}","templated":true}]}}