{"id":2122,"date":"2025-04-10T11:40:10","date_gmt":"2025-04-10T09:40:10","guid":{"rendered":"https:\/\/hoyre.no\/innlandet\/?p=2122"},"modified":"2025-04-10T11:40:11","modified_gmt":"2025-04-10T09:40:11","slug":"kjernekraft-energiproduksjon-og-faglig-basert-politikk","status":"publish","type":"post","link":"https:\/\/hoyre.no\/innlandet\/aktuelt\/kjernekraft-energiproduksjon-og-faglig-basert-politikk\/","title":{"rendered":"Kjernekraft, energiproduksjon og faglig basert politikk"},"content":{"rendered":"\n<p class=\"preamble\">Inger Lise Sveum-Aasbekken snakket i fylkestinget om det hun selv elsker \u00e5 snakke om som kvinne i politikken &#8211; kjernekraft, energiproduksjon og faglig basert politikk.<\/p>\t\t\t<div class=\"post-meta wp-block teft-byline-wrapper\">\n\t\t\t\t<div class=\"top\">\n\t\t\t\t\t<div class=\"signature\">\n\t\t\t\t\t\t<div class=\"teft-byline\">\n\t\t\t\t\t\t\t\t\t\t\t\t\t\t<div>\n\t\t\t\t\t\t\t\t<h3>H\u00f8yres redaksjon<\/h3>\t\t\t\t\t\t\t\t\n\t\t\t\t\t\t\t\t\t\t\t\t\t\t\t\t\t<span class=\"date\">Sist oppdatert: 10. april 2025<\/span>\n\t\t\t\t\t\t\t\t\t\t\t\t\t\t\t\t\t\t\t\t\t\t\t\t\t<span class=\"reading-time\" itemprop=\"timeRequired\" content=\"PT5M\"><em>Ca. 5 minutter lesetid<\/em><\/span>\n\t\t\t\t\t\t\t\t\t\t\t\t\t\t\t<\/div>\n\t\t\t\t\t\t<\/div>\n\t\t\t\t\t<\/div>\n\t\t\t\t\t\t<div class=\"sharing\">\n\t\t<a class=\"share-button share-link copy-link\" data-copy=\"https:\/\/hoyre.no\/innlandet\/aktuelt\/kjernekraft-energiproduksjon-og-faglig-basert-politikk\/\" target=\"_blank\"><span class=\"screen-reader-text\">Del link<\/span><\/a>\n\t\t<a class=\"share-button share-twitter\" href=\"http:\/\/twitter.com\/share?text=Kjernekraft, energiproduksjon og faglig basert politikk&#038;url=https:\/\/hoyre.no\/innlandet\/aktuelt\/kjernekraft-energiproduksjon-og-faglig-basert-politikk\/&#038;hashtags=Hoyre\" target=\"_blank\"><span class=\"screen-reader-text\">Del p\u00e5 twitter<\/span><\/a>\n\t\t<a class=\"share-button share-facebook\" href=\"https:\/\/www.facebook.com\/sharer\/sharer.php?u=https:\/\/hoyre.no\/innlandet\/aktuelt\/kjernekraft-energiproduksjon-og-faglig-basert-politikk\/\" target=\"_blank\"><span class=\"screen-reader-text\">Del p\u00e5 facebook<\/span><\/a>\n\t<\/div>\n\t\t\t\t\t<\/div>\n\t\t\t<\/div>\n\n\t\t\t<figure class=\"hoyre-image-wrapper\"><div class=\"hoyre-image\"><img loading=\"lazy\" decoding=\"async\" width=\"1875\" height=\"2500\" src=\"https:\/\/hoyre.no\/content\/uploads\/sites\/7\/2025\/04\/25-FYT-Inger-Lise-kjernekraft-scaled.jpg\" class=\"attachment-scaled size-scaled\" alt=\"Fylkestingsrepresentant for Innlandet H\u00f8yre, Inger Lise Sveum-Aasbekken \/ Foto: Innlandet H\u00f8yre\" style=\"object-position: 50% 50%\" srcset=\"https:\/\/hoyre.no\/content\/uploads\/sites\/7\/2025\/04\/25-FYT-Inger-Lise-kjernekraft-scaled.jpg 1875w, https:\/\/hoyre.no\/content\/uploads\/sites\/7\/2025\/04\/25-FYT-Inger-Lise-kjernekraft-225x300.jpg 225w, https:\/\/hoyre.no\/content\/uploads\/sites\/7\/2025\/04\/25-FYT-Inger-Lise-kjernekraft-768x1024.jpg 768w, https:\/\/hoyre.no\/content\/uploads\/sites\/7\/2025\/04\/25-FYT-Inger-Lise-kjernekraft-1152x1536.jpg 1152w, https:\/\/hoyre.no\/content\/uploads\/sites\/7\/2025\/04\/25-FYT-Inger-Lise-kjernekraft-1536x2048.jpg 1536w\" sizes=\"auto, (max-width: 1875px) 100vw, 1875px\" \/><\/div><figcaption class=\"caption\">Fylkestingsrepresentant for Innlandet H\u00f8yre, Inger Lise Sveum-Aasbekken \/ Foto: Innlandet H\u00f8yre<\/figcaption><\/figure>\n\n\n\n<details class=\"wp-block-details is-layout-flow wp-block-details-is-layout-flow\"><summary>Hva handler saken om &#8211; kort oppsummering:<\/summary>\n<p>Sveum-Aasbekken fremhever kjernekraft som en sentral del av fremtidens energipolitikk i Innlandet. Hun kritiserer mulighetsstudien for \u00e5 overse ny og moderne kjernekraftteknologi, spesielt thoriumbaserte reaktorer. Thoriumteknologi er i utvikling globalt og tilbyr en billig, trygg og arealeffektiv energikilde. Norge m\u00e5 tenke nytt og nyskapende for \u00e5 m\u00f8te fremtidens energibehov og konkurransekraft. Det pekes p\u00e5 store muligheter for verdiskaping i regionen ved bruk av denne teknologien. Et tverrpolitisk forslag ettersp\u00f8r videre vurderinger av kjernekraftens muligheter og konsekvenser i Innlandet.<\/p>\n\n\n\n<ul class=\"wp-block-list\">\n<li>Thoriumreaktorer gir lav str\u00e5lefare, lite avfall og produksjonspris p\u00e5 niv\u00e5 med vannkraft.<\/li>\n\n\n\n<li>Etablering av kjernekraftverk kan st\u00f8tte industriens vekst og hindre nedbygging av natur.<\/li>\n\n\n\n<li>Det etterlyses mer moderne og fremtidsrettet teknologi i mulighetsstudien<\/li>\n<\/ul>\n<\/details>\n\n\n\n<h4 class=\"wp-block-heading\" id=\"h-les-hennes-innlegg-her\">Les hennes innlegg her:<\/h4>\n\n\n\n<p><strong>Fylkesordf\u00f8rer<\/strong>, n\u00e5 skal jeg f\u00e5 snakke om jeg elsker aller mest som kvinne i politikken.<\/p>\n\n\n\n<p>Kjernekraft, energiproduksjon og faglig basert politikk. Jeg gikk faktisk p\u00e5 valg p\u00e5 nettopp det \u2013 \u00e5 om landbruk. Artig nok skal jeg prate litt om landbruk i dag og.<\/p>\n\n\n\n<p>Vi fikk en NOU 2023:3 fra Energikommisjonen \u00abMer av alt \u2013 raskere\u00bb som det er viktig at vi f\u00f8lger opp for det langsiktige perspektivet for norsk energipolitikk. P\u00e5 Industrikonferansen i Bod\u00f8 i 2024 kunne Norsk industri berette at energisystemer er avgj\u00f8rende for industriens konkurransekraft, og industrien trenger mer kraft \u2013 betydelig mer kraft for at de skal n\u00e5 klimam\u00e5lene.<\/p>\n\n\n\n<div class=\"wp-block-media-text is-stacked-on-mobile is-image-fill-element is-style-dark-blue\"><figure class=\"wp-block-media-text__media\"><img loading=\"lazy\" decoding=\"async\" width=\"768\" height=\"1024\" src=\"https:\/\/hoyre.no\/content\/uploads\/sites\/7\/2025\/03\/HLM25-Inger-Lise-01-768x1024.jpg\" alt=\"Inger Lise Sveum-Aasbekken p\u00e5 H\u00f8yres Landsm\u00f8te 2025 Foto: Innlandet H\u00f8yre\" class=\"wp-image-2001 size-full\" style=\"object-position:50% 50%\" srcset=\"https:\/\/hoyre.no\/content\/uploads\/sites\/7\/2025\/03\/HLM25-Inger-Lise-01-768x1024.jpg 768w, https:\/\/hoyre.no\/content\/uploads\/sites\/7\/2025\/03\/HLM25-Inger-Lise-01-225x300.jpg 225w, https:\/\/hoyre.no\/content\/uploads\/sites\/7\/2025\/03\/HLM25-Inger-Lise-01-1152x1536.jpg 1152w, https:\/\/hoyre.no\/content\/uploads\/sites\/7\/2025\/03\/HLM25-Inger-Lise-01-1536x2048.jpg 1536w, https:\/\/hoyre.no\/content\/uploads\/sites\/7\/2025\/03\/HLM25-Inger-Lise-01-scaled.jpg 1875w\" sizes=\"auto, (max-width: 768px) 100vw, 768px\" \/><\/figure><div class=\"wp-block-media-text__content\">\n<blockquote class=\"wp-block-quote is-layout-flow wp-block-quote-is-layout-flow\">\n<p>Store mengder rimelig og ren energi blir en forutsetning for norsk \u00f8konomisk konkurransekraft i fremtiden.<\/p>\n\n\n\n<p><strong>Dette m\u00e5 vi ta p\u00e5 alvor!<\/strong><\/p>\n<cite>Inger Lise Sveum-Aasbekken<\/cite><\/blockquote>\n<\/div><\/div>\n\n\n\n<p>Bestillingen i denne saken handler om at vi \u00f8nsker kunnskap om hvilke muligheter som ligger i \u00e5 etablere kjernekraftverk i v\u00e5r region &#8211; punktum.<\/p>\n\n\n\n<p>Mulighetsstudien vi (red.: fylkestinget) har mottatt har en vinkling som snakker om g\u00e5rsdagens teknologi innen kjernekraft og er taus om den vi m\u00e5 og b\u00f8r bruke fremover.<\/p>\n\n\n\n<div class=\"wp-block-media-text has-media-on-the-right is-stacked-on-mobile is-image-fill-element\"><div class=\"wp-block-media-text__content\">\n<p>Studien hevder at teknologien for sm\u00e5, masseproduserte thoriumsreaktorer ikke er ferdigutviklet som vi ikke vil se p\u00e5 mange ti\u00e5r. Derfor har de hoppet bukk over dette \u2013 hvis jeg kan f\u00e5 lov til \u00e5 si det.<\/p>\n<\/div><figure class=\"wp-block-media-text__media\"><img loading=\"lazy\" decoding=\"async\" width=\"1024\" height=\"1024\" src=\"https:\/\/hoyre.no\/content\/uploads\/sites\/7\/2025\/04\/ChatGPT-Image-10.-apr.-2025-11_00_02.png\" alt=\"\" class=\"wp-image-2124 size-full\" style=\"object-position:53% 23%\" srcset=\"https:\/\/hoyre.no\/content\/uploads\/sites\/7\/2025\/04\/ChatGPT-Image-10.-apr.-2025-11_00_02.png 1024w, https:\/\/hoyre.no\/content\/uploads\/sites\/7\/2025\/04\/ChatGPT-Image-10.-apr.-2025-11_00_02-300x300.png 300w, https:\/\/hoyre.no\/content\/uploads\/sites\/7\/2025\/04\/ChatGPT-Image-10.-apr.-2025-11_00_02-150x150.png 150w, https:\/\/hoyre.no\/content\/uploads\/sites\/7\/2025\/04\/ChatGPT-Image-10.-apr.-2025-11_00_02-768x768.png 768w\" sizes=\"auto, (max-width: 1024px) 100vw, 1024px\" \/><\/figure><\/div>\n\n\n\n<p>Det gir meg behov for \u00e5 sitere Norsk industri fra Industrikonferansen i Bod\u00f8 i fjor:<\/p>\n\n\n\n<p><strong>\u00abG\u00e5rsdagens l\u00f8sninger vil ikke v\u00e6re tilstrekkelige for dagens og morgendagens utfordringer. Vi m\u00e5 hele tiden tenke smartere og v\u00e6re mer nyskapende\u00bb<\/strong><\/p>\n\n\n\n<p>Teknologien til thoriumsreaktorer er gammel, og inntil n\u00e5 for det meste brukt milit\u00e6rt. N\u00e5 endrer dette seg. I dag er det store thoriumsdrevne anlegg i Gobi-\u00f8rken i Kina. Inderne satser stort p\u00e5 et thoriumsbasert kraftsystem. Industrimilj\u00f8 i Danmark ligger i front i Europa. Vi kan bestille thoriumsdrevet reaktor i dag i Usa og i Danmark. Det vil snart bli mulig \u00e5 gj\u00f8re det samme hos franske, italienske og tyske produsenter &#8211; Hvis vi ikke vil handle av Russland, Kina eller India.<\/p>\n\n\n\n<p>Vi i Innlandet b\u00f8r snakke om velkjent produksjonsteknologi (p\u00e5 &laquo;samleb\u00e5nd og med storskalafordeler&raquo;) til \u00e5 produsere velpr\u00f8vd reaktorteknologi til en br\u00f8kdel av prisen p\u00e5 konvensjonelle store statlige verk &#8211; reaktorer som skal g\u00e5 p\u00e5 et drivstoff som i prinsippet ikke kan brukes i v\u00e5pen. Thoriumkraft har en produksjonspris p\u00e5 27 \u00f8re\/KW, p\u00e5 niv\u00e5 med det vannkraft kan tilby oss ( iflg Copenhagen Atomics)\u00a0<\/p>\n\n\n\n<div class=\"wp-block-media-text is-stacked-on-mobile is-image-fill-element\"><figure class=\"wp-block-media-text__media\"><img loading=\"lazy\" decoding=\"async\" width=\"768\" height=\"1024\" src=\"https:\/\/hoyre.no\/content\/uploads\/sites\/7\/2025\/04\/25-FYT-Johannes-GW-og-Inger-Lise-768x1024.jpg\" alt=\"\" class=\"wp-image-2127 size-full\" style=\"object-position:50% 50%\" srcset=\"https:\/\/hoyre.no\/content\/uploads\/sites\/7\/2025\/04\/25-FYT-Johannes-GW-og-Inger-Lise-768x1024.jpg 768w, https:\/\/hoyre.no\/content\/uploads\/sites\/7\/2025\/04\/25-FYT-Johannes-GW-og-Inger-Lise-225x300.jpg 225w, https:\/\/hoyre.no\/content\/uploads\/sites\/7\/2025\/04\/25-FYT-Johannes-GW-og-Inger-Lise-1152x1536.jpg 1152w, https:\/\/hoyre.no\/content\/uploads\/sites\/7\/2025\/04\/25-FYT-Johannes-GW-og-Inger-Lise-1536x2048.jpg 1536w, https:\/\/hoyre.no\/content\/uploads\/sites\/7\/2025\/04\/25-FYT-Johannes-GW-og-Inger-Lise-scaled.jpg 1875w\" sizes=\"auto, (max-width: 768px) 100vw, 768px\" \/><\/figure><div class=\"wp-block-media-text__content\">\n<p>Thoriumreaktorer gir lave avfallsmengder fordi vi kan resirkulere thorium-brenselet og utnytte mer av materialet, og har liten str\u00e5lefare.\u00a0Derfor er det viktig at vi ogs\u00e5 vurdere denne type anlegg, og annen kliman\u00f8ytral energiproduksjon.<\/p>\n\n\n\n<p><em><sub>Bilde: Gruppeleder for Innlandet MDG og fylkestingsrepresentant Inger Lise Sveum-Aasbekken<\/sub><\/em><\/p>\n<\/div><\/div>\n\n\n\n<p>Thoriumbaserte reaktorer vil gi enorme muligheter for Innlandet, og er lite arealkrevende. Det gir store muligheter for \u00f8kt verdiskapning i skog- og jordbruk fremfor \u00e5 bygge ned natur til fordel for vind, solcellekraft og st\u00f8rre SMR-anlegg som er omtalt i studien.<\/p>\n\n\n\n<details class=\"wp-block-details is-layout-flow wp-block-details-is-layout-flow\"><summary><strong>For \u00e5 ta industrimeldingen p\u00e5 alvor for \u00e5 jobbe med morgensdagens l\u00f8sninger fremmet H\u00f8yre og MdG sammen med AP og FrP f\u00f8lgende forslag i saken:<\/strong><\/summary>\n<p>Fylkestinget ber fylkeskommunedirekt\u00f8ren om ytterligere vurderinger av blant annet f\u00f8lgende forhold, gjennom det videre arbeidet med initiativer og arbeid p\u00e5 feltet i Innlandet fylke:&nbsp;<\/p>\n\n\n\n<p>1. Mulighetene for kjernekraft, herunder thoriumbasert og annen kliman\u00f8ytral energiproduksjon i Innlandet, for \u00e5 dekke det \u00f8kte energibehov, \u00f8kt verdiskaping og voksende industri vil avstedkomme.&nbsp;<\/p>\n\n\n\n<p>2. Sikkerhetsmessige, termiske og andre milj\u00f8messige konsekvenser som f\u00f8lge av eventuell(e) etablering(er) av kjernekraftproduksjon langs v\u00e5re vassdrag.&nbsp;<\/p>\n\n\n\n<p>3. Hvordan Innlandet fylkeskommunen kan intensivere sitt arbeid med \u00e5 f\u00f8lge opp intensjonen i tilr\u00e5dningene fra Energikommisjonen i NOU 2023:3 \u00abMer av alt \u2013 raskere\u00bb.<\/p>\n<\/details>\n\n\n\n<figure class=\"wp-block-image size-large\"><img loading=\"lazy\" decoding=\"async\" width=\"1024\" height=\"256\" src=\"https:\/\/hoyre.no\/content\/uploads\/sites\/7\/2025\/03\/toppbilde_linkedin_privat_1584x396_1-1024x256.png\" alt=\"Ingen slagord\" class=\"wp-image-1998\" srcset=\"https:\/\/hoyre.no\/content\/uploads\/sites\/7\/2025\/03\/toppbilde_linkedin_privat_1584x396_1-1024x256.png 1024w, https:\/\/hoyre.no\/content\/uploads\/sites\/7\/2025\/03\/toppbilde_linkedin_privat_1584x396_1-300x75.png 300w, https:\/\/hoyre.no\/content\/uploads\/sites\/7\/2025\/03\/toppbilde_linkedin_privat_1584x396_1-768x192.png 768w, https:\/\/hoyre.no\/content\/uploads\/sites\/7\/2025\/03\/toppbilde_linkedin_privat_1584x396_1-1536x384.png 1536w, https:\/\/hoyre.no\/content\/uploads\/sites\/7\/2025\/03\/toppbilde_linkedin_privat_1584x396_1.png 1584w\" sizes=\"auto, (max-width: 1024px) 100vw, 1024px\" \/><\/figure>\n\n\n\n\n<p><\/p>\n\n\n<div class=\"tags\">\n\t\t<div class=\"wp-block-tag-cloud\">\n\t\t\t\t\t<a href=\"https:\/\/hoyre.no\/innlandet\/aktuelt\/tag\/energi\/\" class=\"tag-cloud-link\">Energi<\/a>\n\t\t\t\t\t<a href=\"https:\/\/hoyre.no\/innlandet\/aktuelt\/tag\/klima-og-miljo\/\" class=\"tag-cloud-link\">Klima og milj\u00f8<\/a>\n\t\t\t<\/div>\n\t<\/div>\n<div class=\"post-footer alignfull has-background block-editor-block-list__block\" data-align=full>\n\t<div class=\"post-footer-inner\">\n\t\t<h3>Relaterte artikler<\/h3>\n\t\t<div class=\"related-content\"><div class=\"is-card-hoyre\">\n\t<div class=\"teft-card hoyre-teft-card post-teft-card\">\n\t\t<a href=\"https:\/\/hoyre.no\/innlandet\/aktuelt\/nar-lokaldemokratiet-nekter-og-staten-ikke-tar-ansvar\/\" class=\"teft-card__primary-action\">\n\n\t\t\t\t\t<div class=\"teft-card__media teft-card__media--16-9\">\n\t\t\t\t\t\t<img loading=\"lazy\" decoding=\"async\" width=\"768\" height=\"569\" src=\"https:\/\/hoyre.no\/content\/uploads\/sites\/7\/2026\/04\/Aasland-Velure-Helgesen_Arendal-2025-768x569.jpeg\" class=\"attachment-medium_large size-medium_large\" alt=\"Energiminister Terje Aasland (Ap), Hanne Alstrup Velure og KS-leder Gunn Marit Helgesen.\" srcset=\"https:\/\/hoyre.no\/content\/uploads\/sites\/7\/2026\/04\/Aasland-Velure-Helgesen_Arendal-2025-768x569.jpeg 768w, https:\/\/hoyre.no\/content\/uploads\/sites\/7\/2026\/04\/Aasland-Velure-Helgesen_Arendal-2025-300x222.jpeg 300w, https:\/\/hoyre.no\/content\/uploads\/sites\/7\/2026\/04\/Aasland-Velure-Helgesen_Arendal-2025-1024x758.jpeg 1024w, https:\/\/hoyre.no\/content\/uploads\/sites\/7\/2026\/04\/Aasland-Velure-Helgesen_Arendal-2025-1536x1137.jpeg 1536w, https:\/\/hoyre.no\/content\/uploads\/sites\/7\/2026\/04\/Aasland-Velure-Helgesen_Arendal-2025-2048x1516.jpeg 2048w\" sizes=\"auto, (max-width: 768px) 100vw, 768px\" \/>\t\t<\/div>\n\t\t\n\t\t\t<div class=\"teft-card__content-wrapper\">\n\t\t\t\t<div class=\"teft-card__secondary\">\n\t\t\t\t\t\n\t\t\t\t\t\t\t\t<div class=\"teft-card__meta\">\n\t\t\t\t\t\t\t\t\t<span class=\"post-date\">27. apr 2026<\/span>\n\n\t\t\t\t\t\t\t\t\t<span class=\"post-category\">Debatt<\/span>\t\t\t\t\t\t\t\t<\/div>\n\t\t\t\t\t\t\t\t\t\t\t<\/div>\n\n\t\t\t\t<div class=\"teft-card__primary\">\n\t\t\t\t\t<h2 class=\"teft-card__title\">N\u00e5r lokaldemokratiet nekter \u2013 og staten ikke tar ansvar&nbsp;<span class=\"teft-card__primary-title-append\"><\/span><\/h2>\t\t\t\t<\/div>\n\t\t\t<\/div>\n\t\t<\/a>\n\t<\/div>\n\n\t<\/div><div class=\"is-card-hoyre\">\n\t<div class=\"teft-card hoyre-teft-card post-teft-card\">\n\t\t<a href=\"https:\/\/hoyre.no\/innlandet\/aktuelt\/bedre-bruk-av-laererne-til-elevenes-beste\/\" class=\"teft-card__primary-action\">\n\n\t\t\t\t\t<div class=\"teft-card__media teft-card__media--16-9\">\n\t\t\t\t\t\t<img loading=\"lazy\" decoding=\"async\" width=\"768\" height=\"512\" src=\"https:\/\/hoyre.no\/content\/uploads\/sites\/7\/2024\/11\/Hanne-Alstrup-Velure-04-LOCOMOTIV-768x512.jpg\" class=\"attachment-medium_large size-medium_large\" alt=\"Hanne Alstrup Velure. Foto: Jan Tore \u00d8verstad \/ Locomotiv AS\" srcset=\"https:\/\/hoyre.no\/content\/uploads\/sites\/7\/2024\/11\/Hanne-Alstrup-Velure-04-LOCOMOTIV-768x512.jpg 768w, https:\/\/hoyre.no\/content\/uploads\/sites\/7\/2024\/11\/Hanne-Alstrup-Velure-04-LOCOMOTIV-300x200.jpg 300w, https:\/\/hoyre.no\/content\/uploads\/sites\/7\/2024\/11\/Hanne-Alstrup-Velure-04-LOCOMOTIV-1024x683.jpg 1024w, https:\/\/hoyre.no\/content\/uploads\/sites\/7\/2024\/11\/Hanne-Alstrup-Velure-04-LOCOMOTIV-1536x1024.jpg 1536w, https:\/\/hoyre.no\/content\/uploads\/sites\/7\/2024\/11\/Hanne-Alstrup-Velure-04-LOCOMOTIV-2048x1365.jpg 2048w\" sizes=\"auto, (max-width: 768px) 100vw, 768px\" \/>\t\t<\/div>\n\t\t\n\t\t\t<div class=\"teft-card__content-wrapper\">\n\t\t\t\t<div class=\"teft-card__secondary\">\n\t\t\t\t\t\n\t\t\t\t\t\t\t\t<div class=\"teft-card__meta\">\n\t\t\t\t\t\t\t\t\t<span class=\"post-date\">13. apr 2026<\/span>\n\n\t\t\t\t\t\t\t\t\t<span class=\"post-category\">Debatt<\/span>\t\t\t\t\t\t\t\t<\/div>\n\t\t\t\t\t\t\t\t\t\t\t<\/div>\n\n\t\t\t\t<div class=\"teft-card__primary\">\n\t\t\t\t\t<h2 class=\"teft-card__title\">Bedre bruk av l\u00e6rerne \u2013 til elevenes beste&nbsp;<span class=\"teft-card__primary-title-append\"><\/span><\/h2>\t\t\t\t<\/div>\n\t\t\t<\/div>\n\t\t<\/a>\n\t<\/div>\n\n\t<\/div><div class=\"is-card-hoyre\">\n\t<div class=\"teft-card hoyre-teft-card post-teft-card\">\n\t\t<a href=\"https:\/\/hoyre.no\/innlandet\/aktuelt\/viltet-er-en-ressurs-na-og-i-fremtiden\/\" class=\"teft-card__primary-action\">\n\n\t\t\t\t\t<div class=\"teft-card__media teft-card__media--16-9\">\n\t\t\t\t\t\t<img loading=\"lazy\" decoding=\"async\" width=\"768\" height=\"768\" src=\"https:\/\/hoyre.no\/content\/uploads\/sites\/7\/2026\/03\/Joakim-Ekseth-jakt-kvadrat-768x768.jpg\" class=\"attachment-medium_large size-medium_large\" alt=\"\" srcset=\"https:\/\/hoyre.no\/content\/uploads\/sites\/7\/2026\/03\/Joakim-Ekseth-jakt-kvadrat-768x768.jpg 768w, https:\/\/hoyre.no\/content\/uploads\/sites\/7\/2026\/03\/Joakim-Ekseth-jakt-kvadrat-300x300.jpg 300w, https:\/\/hoyre.no\/content\/uploads\/sites\/7\/2026\/03\/Joakim-Ekseth-jakt-kvadrat-1024x1024.jpg 1024w, https:\/\/hoyre.no\/content\/uploads\/sites\/7\/2026\/03\/Joakim-Ekseth-jakt-kvadrat-150x150.jpg 150w, https:\/\/hoyre.no\/content\/uploads\/sites\/7\/2026\/03\/Joakim-Ekseth-jakt-kvadrat.jpg 1080w\" sizes=\"auto, (max-width: 768px) 100vw, 768px\" \/>\t\t<\/div>\n\t\t\n\t\t\t<div class=\"teft-card__content-wrapper\">\n\t\t\t\t<div class=\"teft-card__secondary\">\n\t\t\t\t\t\n\t\t\t\t\t\t\t\t<div class=\"teft-card__meta\">\n\t\t\t\t\t\t\t\t\t<span class=\"post-date\">20. mar 2026<\/span>\n\n\t\t\t\t\t\t\t\t\t<span class=\"post-category\">Debatt<\/span>\t\t\t\t\t\t\t\t<\/div>\n\t\t\t\t\t\t\t\t\t\t\t<\/div>\n\n\t\t\t\t<div class=\"teft-card__primary\">\n\t\t\t\t\t<h2 class=\"teft-card__title\">Viltet er en ressurs, n\u00e5 og i fremtiden&nbsp;<span class=\"teft-card__primary-title-append\"><\/span><\/h2>\t\t\t\t<\/div>\n\t\t\t<\/div>\n\t\t<\/a>\n\t<\/div>\n\n\t<\/div><\/div>\t<\/div>\n<\/div>\n","protected":false},"excerpt":{"rendered":"<p>Les hennes innlegg her: Fylkesordf\u00f8rer, n\u00e5 skal jeg f\u00e5 snakke om jeg elsker aller mest som kvinne i politikken. Kjernekraft, energiproduksjon og faglig basert politikk. Jeg gikk faktisk p\u00e5 valg p\u00e5 nettopp det \u2013 \u00e5 om landbruk. Artig nok skal jeg prate litt om landbruk i dag og. Vi fikk en NOU 2023:3 fra Energikommisjonen [&hellip;]<\/p>\n","protected":false},"author":26288,"featured_media":0,"comment_status":"closed","ping_status":"closed","sticky":false,"template":"","format":"standard","meta":{"teft_cards_image_url":"","teft_cards_custom_pretitle":"","teft_cards_image_id":2123,"teft_cards_image_focal_point_x":0.46,"teft_cards_image_focal_point_y":0.34,"teft_cards_title":"","teft_cards_excerpt":"nger Lise Sveum-Aasbekken snakket i fylkestinget om det hun selv elsker \u00e5 snakke om som kvinne i politikken - kjernekraft, energiproduksjon og faglig basert politikk","teft_show_chapters":false,"author_display_name":"","footnotes":""},"category":[5,100,30,98,97,99,31],"post_tag":[104,101],"hoyre-visibility":[],"article-type":[],"politician":[37],"class_list":["post-2122","post","type-post","status-publish","format-standard","hentry","category-debatt","category-energi","category-fylkestinget","category-klima","category-klima-og-miljo","category-miljo","category-vare-politikere","tag-energi","tag-klima-og-miljo","politician-inger-lise-sveum-aasbekken"],"yoast_head":"<!-- This site is optimized with the Yoast SEO plugin v26.6 - https:\/\/yoast.com\/wordpress\/plugins\/seo\/ -->\n<title>Kjernekraft, energiproduksjon og faglig basert politikk - Innlandet H\u00f8yre<\/title>\n<meta name=\"robots\" content=\"index, follow, max-snippet:-1, max-image-preview:large, max-video-preview:-1\" \/>\n<link rel=\"canonical\" href=\"https:\/\/hoyre.no\/innlandet\/aktuelt\/kjernekraft-energiproduksjon-og-faglig-basert-politikk\/\" \/>\n<meta property=\"og:locale\" content=\"nb_NO\" \/>\n<meta property=\"og:type\" content=\"article\" \/>\n<meta property=\"og:title\" content=\"Kjernekraft, energiproduksjon og faglig basert politikk - Innlandet H\u00f8yre\" \/>\n<meta property=\"og:description\" content=\"Les hennes innlegg her: Fylkesordf\u00f8rer, n\u00e5 skal jeg f\u00e5 snakke om jeg elsker aller mest som kvinne i politikken. Kjernekraft, energiproduksjon og faglig basert politikk. Jeg gikk faktisk p\u00e5 valg p\u00e5 nettopp det \u2013 \u00e5 om landbruk. Artig nok skal jeg prate litt om landbruk i dag og. Vi fikk en NOU 2023:3 fra Energikommisjonen [&hellip;]\" \/>\n<meta property=\"og:url\" content=\"https:\/\/hoyre.no\/innlandet\/aktuelt\/kjernekraft-energiproduksjon-og-faglig-basert-politikk\/\" \/>\n<meta property=\"og:site_name\" content=\"Innlandet H\u00f8yre\" \/>\n<meta property=\"article:published_time\" content=\"2025-04-10T09:40:10+00:00\" \/>\n<meta property=\"article:modified_time\" content=\"2025-04-10T09:40:11+00:00\" \/>\n<meta property=\"og:image\" content=\"https:\/\/hoyre.no\/content\/uploads\/sites\/7\/2026\/03\/Joakim-Ekseth-jakt-kvadrat-1024x1024.jpg\" \/>\n<meta name=\"author\" content=\"Erlend Gj\u00f8lme\" \/>\n<meta name=\"twitter:card\" content=\"summary_large_image\" \/>\n<meta name=\"twitter:label1\" content=\"Skrevet av\" \/>\n\t<meta name=\"twitter:data1\" content=\"Erlend Gj\u00f8lme\" \/>\n\t<meta name=\"twitter:label2\" content=\"Ansl. lesetid\" \/>\n\t<meta name=\"twitter:data2\" content=\"5 minutter\" \/>\n<script type=\"application\/ld+json\" class=\"yoast-schema-graph\">{\"@context\":\"https:\/\/schema.org\",\"@graph\":[{\"@type\":\"NewsArticle\",\"@id\":\"https:\/\/hoyre.no\/innlandet\/aktuelt\/kjernekraft-energiproduksjon-og-faglig-basert-politikk\/\",\"url\":\"https:\/\/hoyre.no\/innlandet\/aktuelt\/kjernekraft-energiproduksjon-og-faglig-basert-politikk\/\",\"name\":\"Kjernekraft, energiproduksjon og faglig basert politikk - Innlandet H\u00f8yre\",\"isPartOf\":{\"@id\":\"https:\/\/hoyre.no\/innlandet\/#website\"},\"image\":{\"@id\":\"https:\/\/hoyre.no\/innlandet\/aktuelt\/kjernekraft-energiproduksjon-og-faglig-basert-politikk\/#primaryimage\"},\"thumbnailUrl\":\"https:\/\/hoyre.no\/content\/uploads\/sites\/7\/2025\/03\/HLM25-Inger-Lise-01-768x1024.jpg\",\"datePublished\":\"2025-04-10T09:40:10+00:00\",\"dateModified\":\"2025-04-10T09:40:11+00:00\",\"author\":{\"@id\":\"https:\/\/hoyre.no\/innlandet\/#\/schema\/person\/8f41eef411c647642cf257592f9fce1c\"},\"breadcrumb\":{\"@id\":\"https:\/\/hoyre.no\/innlandet\/aktuelt\/kjernekraft-energiproduksjon-og-faglig-basert-politikk\/#breadcrumb\"},\"inLanguage\":\"nb-NO\",\"potentialAction\":[{\"@type\":\"ReadAction\",\"target\":[\"https:\/\/hoyre.no\/innlandet\/aktuelt\/kjernekraft-energiproduksjon-og-faglig-basert-politikk\/\"]}]},{\"@type\":\"ImageObject\",\"inLanguage\":\"nb-NO\",\"@id\":\"https:\/\/hoyre.no\/innlandet\/aktuelt\/kjernekraft-energiproduksjon-og-faglig-basert-politikk\/#primaryimage\",\"url\":\"https:\/\/hoyre.no\/content\/uploads\/sites\/7\/2025\/03\/HLM25-Inger-Lise-01-768x1024.jpg\",\"contentUrl\":\"https:\/\/hoyre.no\/content\/uploads\/sites\/7\/2025\/03\/HLM25-Inger-Lise-01-768x1024.jpg\"},{\"@type\":\"BreadcrumbList\",\"@id\":\"https:\/\/hoyre.no\/innlandet\/aktuelt\/kjernekraft-energiproduksjon-og-faglig-basert-politikk\/#breadcrumb\",\"itemListElement\":[{\"@type\":\"ListItem\",\"position\":1,\"name\":\"Til hoyre.no\",\"item\":\"https:\/\/hoyre.no\"},{\"@type\":\"ListItem\",\"position\":2,\"name\":\"Hjem\",\"item\":\"https:\/\/hoyre.no\/innlandet\/\"},{\"@type\":\"ListItem\",\"position\":3,\"name\":\"Kjernekraft, energiproduksjon og faglig basert politikk\"}]},{\"@type\":\"WebSite\",\"@id\":\"https:\/\/hoyre.no\/innlandet\/#website\",\"url\":\"https:\/\/hoyre.no\/innlandet\/\",\"name\":\"Innlandet H\u00f8yre\",\"description\":\"Bare enda et H\u00f8yres nettsteder-nettsted\",\"inLanguage\":\"nb-NO\"},{\"@type\":\"Person\",\"@id\":\"https:\/\/hoyre.no\/innlandet\/#\/schema\/person\/8f41eef411c647642cf257592f9fce1c\",\"name\":\"Erlend Gj\u00f8lme\",\"image\":{\"@type\":\"ImageObject\",\"inLanguage\":\"nb-NO\",\"@id\":\"https:\/\/hoyre.no\/innlandet\/#\/schema\/person\/image\/\",\"url\":\"https:\/\/secure.gravatar.com\/avatar\/19308e99cc26c2c18ba01243f850e887a482eed229c88c0905de487505a4d093?s=96&d=mm&r=g\",\"contentUrl\":\"https:\/\/secure.gravatar.com\/avatar\/19308e99cc26c2c18ba01243f850e887a482eed229c88c0905de487505a4d093?s=96&d=mm&r=g\",\"caption\":\"Erlend Gj\u00f8lme\"},\"url\":\"https:\/\/hoyre.no\/innlandet\/aktuelt\/author\/m50054840\/\"}]}<\/script>\n<!-- \/ Yoast SEO plugin. -->","yoast_head_json":{"title":"Kjernekraft, energiproduksjon og faglig basert politikk - Innlandet H\u00f8yre","robots":{"index":"index","follow":"follow","max-snippet":"max-snippet:-1","max-image-preview":"max-image-preview:large","max-video-preview":"max-video-preview:-1"},"canonical":"https:\/\/hoyre.no\/innlandet\/aktuelt\/kjernekraft-energiproduksjon-og-faglig-basert-politikk\/","og_locale":"nb_NO","og_type":"article","og_title":"Kjernekraft, energiproduksjon og faglig basert politikk - Innlandet H\u00f8yre","og_description":"Les hennes innlegg her: Fylkesordf\u00f8rer, n\u00e5 skal jeg f\u00e5 snakke om jeg elsker aller mest som kvinne i politikken. Kjernekraft, energiproduksjon og faglig basert politikk. Jeg gikk faktisk p\u00e5 valg p\u00e5 nettopp det \u2013 \u00e5 om landbruk. Artig nok skal jeg prate litt om landbruk i dag og. Vi fikk en NOU 2023:3 fra Energikommisjonen [&hellip;]","og_url":"https:\/\/hoyre.no\/innlandet\/aktuelt\/kjernekraft-energiproduksjon-og-faglig-basert-politikk\/","og_site_name":"Innlandet H\u00f8yre","article_published_time":"2025-04-10T09:40:10+00:00","article_modified_time":"2025-04-10T09:40:11+00:00","og_image":[{"url":"https:\/\/hoyre.no\/content\/uploads\/sites\/7\/2026\/03\/Joakim-Ekseth-jakt-kvadrat-1024x1024.jpg","width":"","height":"","type":""}],"author":"Erlend Gj\u00f8lme","twitter_card":"summary_large_image","twitter_misc":{"Skrevet av":"Erlend Gj\u00f8lme","Ansl. lesetid":"5 minutter"},"schema":{"@context":"https:\/\/schema.org","@graph":[{"@type":"NewsArticle","@id":"https:\/\/hoyre.no\/innlandet\/aktuelt\/kjernekraft-energiproduksjon-og-faglig-basert-politikk\/","url":"https:\/\/hoyre.no\/innlandet\/aktuelt\/kjernekraft-energiproduksjon-og-faglig-basert-politikk\/","name":"Kjernekraft, energiproduksjon og faglig basert politikk - Innlandet H\u00f8yre","isPartOf":{"@id":"https:\/\/hoyre.no\/innlandet\/#website"},"image":{"@id":"https:\/\/hoyre.no\/innlandet\/aktuelt\/kjernekraft-energiproduksjon-og-faglig-basert-politikk\/#primaryimage"},"thumbnailUrl":"https:\/\/hoyre.no\/content\/uploads\/sites\/7\/2025\/03\/HLM25-Inger-Lise-01-768x1024.jpg","datePublished":"2025-04-10T09:40:10+00:00","dateModified":"2025-04-10T09:40:11+00:00","author":{"@id":"https:\/\/hoyre.no\/innlandet\/#\/schema\/person\/8f41eef411c647642cf257592f9fce1c"},"breadcrumb":{"@id":"https:\/\/hoyre.no\/innlandet\/aktuelt\/kjernekraft-energiproduksjon-og-faglig-basert-politikk\/#breadcrumb"},"inLanguage":"nb-NO","potentialAction":[{"@type":"ReadAction","target":["https:\/\/hoyre.no\/innlandet\/aktuelt\/kjernekraft-energiproduksjon-og-faglig-basert-politikk\/"]}]},{"@type":"ImageObject","inLanguage":"nb-NO","@id":"https:\/\/hoyre.no\/innlandet\/aktuelt\/kjernekraft-energiproduksjon-og-faglig-basert-politikk\/#primaryimage","url":"https:\/\/hoyre.no\/content\/uploads\/sites\/7\/2025\/03\/HLM25-Inger-Lise-01-768x1024.jpg","contentUrl":"https:\/\/hoyre.no\/content\/uploads\/sites\/7\/2025\/03\/HLM25-Inger-Lise-01-768x1024.jpg"},{"@type":"BreadcrumbList","@id":"https:\/\/hoyre.no\/innlandet\/aktuelt\/kjernekraft-energiproduksjon-og-faglig-basert-politikk\/#breadcrumb","itemListElement":[{"@type":"ListItem","position":1,"name":"Til hoyre.no","item":"https:\/\/hoyre.no"},{"@type":"ListItem","position":2,"name":"Hjem","item":"https:\/\/hoyre.no\/innlandet\/"},{"@type":"ListItem","position":3,"name":"Kjernekraft, energiproduksjon og faglig basert politikk"}]},{"@type":"WebSite","@id":"https:\/\/hoyre.no\/innlandet\/#website","url":"https:\/\/hoyre.no\/innlandet\/","name":"Innlandet H\u00f8yre","description":"Bare enda et H\u00f8yres nettsteder-nettsted","inLanguage":"nb-NO"},{"@type":"Person","@id":"https:\/\/hoyre.no\/innlandet\/#\/schema\/person\/8f41eef411c647642cf257592f9fce1c","name":"Erlend Gj\u00f8lme","image":{"@type":"ImageObject","inLanguage":"nb-NO","@id":"https:\/\/hoyre.no\/innlandet\/#\/schema\/person\/image\/","url":"https:\/\/secure.gravatar.com\/avatar\/19308e99cc26c2c18ba01243f850e887a482eed229c88c0905de487505a4d093?s=96&d=mm&r=g","contentUrl":"https:\/\/secure.gravatar.com\/avatar\/19308e99cc26c2c18ba01243f850e887a482eed229c88c0905de487505a4d093?s=96&d=mm&r=g","caption":"Erlend Gj\u00f8lme"},"url":"https:\/\/hoyre.no\/innlandet\/aktuelt\/author\/m50054840\/"}]}},"distributor_meta":false,"distributor_terms":false,"distributor_media":false,"distributor_original_site_name":"Innlandet H\u00f8yre","distributor_original_site_url":"https:\/\/hoyre.no\/innlandet","push-errors":false,"_links":{"self":[{"href":"https:\/\/hoyre.no\/innlandet\/wp-json\/wp\/v2\/posts\/2122","targetHints":{"allow":["GET"]}}],"collection":[{"href":"https:\/\/hoyre.no\/innlandet\/wp-json\/wp\/v2\/posts"}],"about":[{"href":"https:\/\/hoyre.no\/innlandet\/wp-json\/wp\/v2\/types\/post"}],"author":[{"embeddable":true,"href":"https:\/\/hoyre.no\/innlandet\/wp-json\/wp\/v2\/users\/26288"}],"replies":[{"embeddable":true,"href":"https:\/\/hoyre.no\/innlandet\/wp-json\/wp\/v2\/comments?post=2122"}],"version-history":[{"count":3,"href":"https:\/\/hoyre.no\/innlandet\/wp-json\/wp\/v2\/posts\/2122\/revisions"}],"predecessor-version":[{"id":2129,"href":"https:\/\/hoyre.no\/innlandet\/wp-json\/wp\/v2\/posts\/2122\/revisions\/2129"}],"wp:attachment":[{"href":"https:\/\/hoyre.no\/innlandet\/wp-json\/wp\/v2\/media?parent=2122"}],"wp:term":[{"taxonomy":"category","embeddable":true,"href":"https:\/\/hoyre.no\/innlandet\/wp-json\/wp\/v2\/category?post=2122"},{"taxonomy":"post_tag","embeddable":true,"href":"https:\/\/hoyre.no\/innlandet\/wp-json\/wp\/v2\/post_tag?post=2122"},{"taxonomy":"hoyre-visibility","embeddable":true,"href":"https:\/\/hoyre.no\/innlandet\/wp-json\/wp\/v2\/hoyre-visibility?post=2122"},{"taxonomy":"article-type","embeddable":true,"href":"https:\/\/hoyre.no\/innlandet\/wp-json\/wp\/v2\/article-type?post=2122"},{"taxonomy":"politician","embeddable":true,"href":"https:\/\/hoyre.no\/innlandet\/wp-json\/wp\/v2\/politician?post=2122"}],"curies":[{"name":"wp","href":"https:\/\/api.w.org\/{rel}","templated":true}]}}