{"id":2566,"date":"2026-04-27T19:37:37","date_gmt":"2026-04-27T17:37:37","guid":{"rendered":"https:\/\/hoyre.no\/innlandet\/?p=2566"},"modified":"2026-04-27T19:37:37","modified_gmt":"2026-04-27T17:37:37","slug":"nar-lokaldemokratiet-nekter-og-staten-ikke-tar-ansvar","status":"publish","type":"post","link":"https:\/\/hoyre.no\/innlandet\/aktuelt\/nar-lokaldemokratiet-nekter-og-staten-ikke-tar-ansvar\/","title":{"rendered":"N\u00e5r lokaldemokratiet nekter \u2013 og staten ikke tar ansvar"},"content":{"rendered":"\n<p class=\"preamble\">&laquo;Skal vi lykkes, m\u00e5 vi bygge b\u00e5de mer kraft og mye mer nett \u2013 samtidig,&raquo; skriver Hanne Alstrup Velure i dette debattinnlegget.<\/p>\t\t\t<div class=\"post-meta wp-block teft-byline-wrapper\">\n\t\t\t\t<div class=\"top\">\n\t\t\t\t\t<div class=\"signature\">\n\t\t\t\t\t\t<div class=\"teft-byline\">\n\t\t\t\t\t\t\t\t\t\t\t\t\t\t<div>\n\t\t\t\t\t\t\t\t<h3>H\u00f8yres redaksjon<\/h3>\t\t\t\t\t\t\t\t\n\t\t\t\t\t\t\t\t\t\t\t\t\t\t\t\t\t<span class=\"date\">Sist oppdatert: 27. april 2026<\/span>\n\t\t\t\t\t\t\t\t\t\t\t\t\t\t\t\t\t\t\t\t\t\t\t\t\t<span class=\"reading-time\" itemprop=\"timeRequired\" content=\"PT5M\"><em>Ca. 5 minutter lesetid<\/em><\/span>\n\t\t\t\t\t\t\t\t\t\t\t\t\t\t\t<\/div>\n\t\t\t\t\t\t<\/div>\n\t\t\t\t\t<\/div>\n\t\t\t\t\t\t<div class=\"sharing\">\n\t\t<a class=\"share-button share-link copy-link\" data-copy=\"https:\/\/hoyre.no\/innlandet\/aktuelt\/nar-lokaldemokratiet-nekter-og-staten-ikke-tar-ansvar\/\" target=\"_blank\"><span class=\"screen-reader-text\">Del link<\/span><\/a>\n\t\t<a class=\"share-button share-twitter\" href=\"http:\/\/twitter.com\/share?text=N\u00e5r lokaldemokratiet nekter \u2013 og staten ikke tar ansvar&#038;url=https:\/\/hoyre.no\/innlandet\/aktuelt\/nar-lokaldemokratiet-nekter-og-staten-ikke-tar-ansvar\/&#038;hashtags=Hoyre\" target=\"_blank\"><span class=\"screen-reader-text\">Del p\u00e5 twitter<\/span><\/a>\n\t\t<a class=\"share-button share-facebook\" href=\"https:\/\/www.facebook.com\/sharer\/sharer.php?u=https:\/\/hoyre.no\/innlandet\/aktuelt\/nar-lokaldemokratiet-nekter-og-staten-ikke-tar-ansvar\/\" target=\"_blank\"><span class=\"screen-reader-text\">Del p\u00e5 facebook<\/span><\/a>\n\t<\/div>\n\t\t\t\t\t<\/div>\n\t\t\t<\/div>\n\n\t\t\t<figure class=\"hoyre-image-wrapper\"><div class=\"hoyre-image\"><img loading=\"lazy\" decoding=\"async\" width=\"2500\" height=\"1851\" src=\"https:\/\/hoyre.no\/content\/uploads\/sites\/7\/2026\/04\/Aasland-Velure-Helgesen_Arendal-2025-scaled.jpeg\" class=\"attachment-scaled size-scaled\" alt=\"Energiminister Terje Aasland (Ap), Hanne Alstrup Velure og KS-leder Gunn Marit Helgesen.\" style=\"object-position: 50% 50%\" srcset=\"https:\/\/hoyre.no\/content\/uploads\/sites\/7\/2026\/04\/Aasland-Velure-Helgesen_Arendal-2025-scaled.jpeg 2500w, https:\/\/hoyre.no\/content\/uploads\/sites\/7\/2026\/04\/Aasland-Velure-Helgesen_Arendal-2025-300x222.jpeg 300w, https:\/\/hoyre.no\/content\/uploads\/sites\/7\/2026\/04\/Aasland-Velure-Helgesen_Arendal-2025-1024x758.jpeg 1024w, https:\/\/hoyre.no\/content\/uploads\/sites\/7\/2026\/04\/Aasland-Velure-Helgesen_Arendal-2025-768x569.jpeg 768w, https:\/\/hoyre.no\/content\/uploads\/sites\/7\/2026\/04\/Aasland-Velure-Helgesen_Arendal-2025-1536x1137.jpeg 1536w, https:\/\/hoyre.no\/content\/uploads\/sites\/7\/2026\/04\/Aasland-Velure-Helgesen_Arendal-2025-2048x1516.jpeg 2048w\" sizes=\"auto, (max-width: 2500px) 100vw, 2500px\" \/><\/div><figcaption class=\"caption\">I en paneldebatt p\u00e5 Arendalsuken 2025 var Energiminister Terje Aasland (Ap), Innlandet H\u00f8yres leder, Hanne Alstrup Velure og  KS-leder Gunn Marit Helgesen enige &#8211; vi m\u00e5 ha et betydelig l\u00f8ft i kraft- og nettutbyggingen og det m\u00e5 skje raskt<\/figcaption><\/figure>\n\n\n\n\n<p>Det er f\u00e5 saker som tydeligere viser politisk svikt enn kraftutbyggingen i Norge de siste \u00e5rene. P\u00e5 den ene siden st\u00e5r et sterkt lokaldemokrati, med rett til \u00e5 si nei. P\u00e5 den andre siden st\u00e5r et nasjonalt ansvar for forsyningssikkerhet, beredskap og verdiskaping. Jeg vil alltid forsvare lokaldemokratiet. Men det finnes en grense \u2013 og den g\u00e5r der summen av lokale nei begynner \u00e5 true fellesskapets trygghet.<\/p>\n\n\n\n<p>For situasjonen er mer sammensatt enn mange liker \u00e5 tro. Norge har fortsatt et kraftoverskudd i et normal\u00e5r. Men dette overskuddet er i ferd med \u00e5 forsvinne. Forbruket \u00f8ker langt raskere enn produksjonen, og analyser viser at kraftbalansen kan v\u00e6re n\u00e6r null allerede rundt 2030. Samtidig vet vi at det tar mange \u00e5r \u00e5 bygge ny kraft. Det vi ikke bygger n\u00e5, mangler vi senere.<\/p>\n\n\n\n<p>Det mest krevende er likevel dette: Problemet er ikke bare hvor mye kraft vi har i l\u00f8pet av et \u00e5r, men om vi har nok kraft n\u00e5r vi faktisk trenger den. I kalde vinterperioder er vi avhengige av import og et velfungerende nett. Dette er realiteten i store deler av landet \u2013 ogs\u00e5 i Innlandet.<\/p>\n\n\n\n<p>Innlandet illustrerer dette tydelig. Regionen har et kraftoverskudd p\u00e5 rundt 5 TWh i \u00e5ret, men er likevel avhengig av \u00e5 importere str\u00f8m i perioder med h\u00f8y belastning. \u00c5rsaken er enkel: mye av kraftproduksjonen er lite regulerbar, og nettet har ikke kapasitet til \u00e5 h\u00e5ndtere b\u00e5de nytt forbruk og ny produksjon. I dag f\u00e5r over 90 prosent av foresp\u00f8rsler om nettilknytning ikke plass i nettet. Nettselskapene gir et tydelig svar: nettet er fullt.<\/p>\n\n\n\n<div class=\"wp-block-media-text is-stacked-on-mobile is-image-fill-element is-style-pale-blue\"><figure class=\"wp-block-media-text__media\"><img loading=\"lazy\" decoding=\"async\" width=\"819\" height=\"1024\" src=\"https:\/\/hoyre.no\/content\/uploads\/sites\/7\/2025\/06\/BT-Stokke-Hanne-Alstrup-Velure-819x1024.jpg\" alt=\"Hanne Alstrup Velure, leder i Innlandet H\u00f8yre. Foto: Fotograf BT Stokke\" class=\"wp-image-2201 size-full\" style=\"object-position:52% 25%\" srcset=\"https:\/\/hoyre.no\/content\/uploads\/sites\/7\/2025\/06\/BT-Stokke-Hanne-Alstrup-Velure-819x1024.jpg 819w, https:\/\/hoyre.no\/content\/uploads\/sites\/7\/2025\/06\/BT-Stokke-Hanne-Alstrup-Velure-240x300.jpg 240w, https:\/\/hoyre.no\/content\/uploads\/sites\/7\/2025\/06\/BT-Stokke-Hanne-Alstrup-Velure-768x960.jpg 768w, https:\/\/hoyre.no\/content\/uploads\/sites\/7\/2025\/06\/BT-Stokke-Hanne-Alstrup-Velure-1229x1536.jpg 1229w, https:\/\/hoyre.no\/content\/uploads\/sites\/7\/2025\/06\/BT-Stokke-Hanne-Alstrup-Velure-1638x2048.jpg 1638w, https:\/\/hoyre.no\/content\/uploads\/sites\/7\/2025\/06\/BT-Stokke-Hanne-Alstrup-Velure-scaled.jpg 2000w\" sizes=\"auto, (max-width: 819px) 100vw, 819px\" \/><\/figure><div class=\"wp-block-media-text__content\">\n<p>Det betyr \u00e9n ting: Skal vi lykkes, m\u00e5 vi bygge b\u00e5de mer kraft og mye mer nett \u2013 samtidig.<\/p>\n<\/div><\/div>\n\n\n\n<p>Derfor er det ogs\u00e5 viktig at Innlandet fylkeskommune n\u00e5 har f\u00e5tt gjennomslag hos regjeringen for en nasjonal pilot for regional planlegging av str\u00f8mnett. M\u00e5let er \u00e5 f\u00e5 ned tiden det tar \u00e5 planlegge og bygge ut nett, gjennom tettere samarbeid mellom fylkeskommune, kommuner, Statnett og n\u00e6ringsliv. Dette er f\u00f8rste gang en slik modell testes i Norge \u2013 nettopp fordi utfordringene er s\u00e5 tydelige her.<\/p>\n\n\n\n<p>Det er et viktig skritt i riktig retning. For sannheten er at nettutbygging i altfor mange \u00e5r har v\u00e6rt et fors\u00f8mt politisk omr\u00e5de. N\u00e5 ser vi konsekvensene: prosjekter stopper opp, investeringer utsettes og arbeidsplasser g\u00e5r tapt fordi kapasiteten ikke er der.<\/p>\n\n\n\n<p>Likevel har det i praksis ikke blitt bygget ut ny vindkraft i Norge de siste \u00e5rene. Samtidig vet vi at vindkraft p\u00e5 land er blant de f\u00e5 teknologiene som kan gi betydelige kraftvolumer f\u00f8r 2030. Oppgradering av vannkraft kan bidra, og energieffektivisering kan frigj\u00f8re store mengder kraft raskt. Men ogs\u00e5 dette krever politiske beslutninger og gjennomf\u00f8ringsevne. Havvind vil bli viktig, men kommer i hovedsak f\u00f8rst etter 2030.<\/p>\n\n\n\n<p>Dette er ikke tilfeldig. Det er resultatet av politiske valg \u2013 eller mangel p\u00e5 politiske valg.<\/p>\n\n\n\n<p>Det mest oppsiktsvekkende er likevel ikke motstanden mot kraftutbygging. Den har alltid v\u00e6rt der. Det mest oppsiktsvekkende er at Stortinget \u2013 p\u00e5 tvers av partier \u2013 og et samlet embetsverk ikke har forst\u00e5tt hvorfor Norge faktisk lyktes med vannkraften.<\/p>\n\n\n\n<figure class=\"wp-block-image size-large\"><img loading=\"lazy\" decoding=\"async\" width=\"1024\" height=\"683\" src=\"https:\/\/hoyre.no\/content\/uploads\/sites\/7\/2024\/02\/kraft-1-1024x683.jpg\" alt=\"\" class=\"wp-image-1066\" srcset=\"https:\/\/hoyre.no\/content\/uploads\/sites\/7\/2024\/02\/kraft-1-1024x683.jpg 1024w, https:\/\/hoyre.no\/content\/uploads\/sites\/7\/2024\/02\/kraft-1-300x200.jpg 300w, https:\/\/hoyre.no\/content\/uploads\/sites\/7\/2024\/02\/kraft-1-768x512.jpg 768w, https:\/\/hoyre.no\/content\/uploads\/sites\/7\/2024\/02\/kraft-1-1536x1025.jpg 1536w, https:\/\/hoyre.no\/content\/uploads\/sites\/7\/2024\/02\/kraft-1.jpg 2000w\" sizes=\"auto, (max-width: 1024px) 100vw, 1024px\" \/><\/figure>\n\n\n\n<p>Da vannkraften ble bygget ut, m\u00f8tte den ogs\u00e5 motstand. Svaret fra staten var ikke \u00e5 gi opp. Svaret var \u00e5 lage et system som virket. Vertskommunene fikk reelle, lovfestede og varige inntekter gjennom konsesjonskraft, avgifter og eiendomsskatt. Dette var ikke pynt \u2013 det var insentiver. Og det fungerte.<\/p>\n\n\n\n<p>I dag sier de fleste partier at lokalsamfunn skal f\u00e5 sin del av verdiskapingen. Men i praksis har dette ikke blitt fulgt opp godt nok. For vindkraft tok det \u00e5revis f\u00f8r en produksjonsavgift kom p\u00e5 plass, og fortsatt er ordningene ikke sterke nok til \u00e5 skape legitimitet.<\/p>\n\n\n\n<p>Da er det heller ikke rart at kommuner sier nei. N\u00e5r staten i praksis sier: Ta belastningen \u2013 vi tar verdiene.<\/p>\n\n\n\n<p>Dette er ikke bare d\u00e5rlig politikk. Det er d\u00e5rlig systemforst\u00e5else.<\/p>\n\n\n\n<p>N\u00e5r staten ikke leverer rettferdige og forst\u00e5elige ordninger, oppst\u00e5r et vakuum. Det vakuumet fylles n\u00e5 av organiserte motkrefter. Motstanden blir sterkere, mer profesjonell og mer samlende. Det er legitimt \u00e5 v\u00e6re uenig. Men det er ogs\u00e5 legitimt \u00e5 si at staten har gjort det for lett \u00e5 si nei.<\/p>\n\n\n\n<p>H\u00f8yres \u2013 og mitt &#8211; id\u00e9grunnlag er tydelig: individets frihet st\u00e5r sterkt, men ikke ubegrenset. N\u00e5r summen av lokale nei truer kraftforsyning, beredskap og arbeidsplasser, m\u00e5 nasjonale hensyn veie tyngre. Det er ikke et angrep p\u00e5 lokaldemokratiet \u2013 det er en forutsetning for \u00e5 bevare det.<\/p>\n\n\n\n<p>L\u00f8sningen er ikke \u00e5 overkj\u00f8re kommunene, men \u00e5 f\u00e5 dem med. Det betyr reelle, lovfestede og langsiktige inntekter til vertskommuner \u2013 og en rettferdig andel av verdiskapingen fra naturressurser, enten det er vann, vind eller sol.<\/p>\n\n\n\n<p>Vi vet hva som virker. Vi har gjort det f\u00f8r.<\/p>\n\n\n\n<p>Dette er ikke f\u00f8rst og fremst en debatt om vindm\u00f8ller. Det er en debatt om ansvar. Om vi klarer \u00e5 ta beslutninger i tide \u2013 eller om vi skyver problemene foran oss.<\/p>\n\n\n\n<p>For sannheten er denne: Norge mangler ikke kraft i dag. Men vi mangler kraft n\u00e5r vi trenger den \u2013 og vi mangler nett til \u00e5 f\u00e5 den frem. Og uten det, stopper ikke bare kraftutbyggingen. Da stopper utviklingen av Norge.<\/p>\n\n\n<div class=\"tags\">\n\t\t<div class=\"wp-block-tag-cloud\">\n\t\t\t\t\t<a href=\"https:\/\/hoyre.no\/innlandet\/aktuelt\/tag\/debatt\/\" class=\"tag-cloud-link\">Debatt<\/a>\n\t\t\t\t\t<a href=\"https:\/\/hoyre.no\/innlandet\/aktuelt\/tag\/energi\/\" class=\"tag-cloud-link\">Energi<\/a>\n\t\t\t\t\t<a href=\"https:\/\/hoyre.no\/innlandet\/aktuelt\/tag\/klima-og-miljo\/\" class=\"tag-cloud-link\">Klima og milj\u00f8<\/a>\n\t\t\t<\/div>\n\t<\/div>\n<div class=\"post-footer alignfull has-background block-editor-block-list__block\" data-align=full>\n\t<div class=\"post-footer-inner\">\n\t\t<h3>Relaterte artikler<\/h3>\n\t\t<div class=\"related-content\"><div class=\"is-card-hoyre\">\n\t<div class=\"teft-card hoyre-teft-card post-teft-card\">\n\t\t<a href=\"https:\/\/hoyre.no\/innlandet\/aktuelt\/bedre-bruk-av-laererne-til-elevenes-beste\/\" class=\"teft-card__primary-action\">\n\n\t\t\t\t\t<div class=\"teft-card__media teft-card__media--16-9\">\n\t\t\t\t\t\t<img loading=\"lazy\" decoding=\"async\" width=\"768\" height=\"512\" src=\"https:\/\/hoyre.no\/content\/uploads\/sites\/7\/2024\/11\/Hanne-Alstrup-Velure-04-LOCOMOTIV-768x512.jpg\" class=\"attachment-medium_large size-medium_large\" alt=\"Hanne Alstrup Velure. Foto: Jan Tore \u00d8verstad \/ Locomotiv AS\" srcset=\"https:\/\/hoyre.no\/content\/uploads\/sites\/7\/2024\/11\/Hanne-Alstrup-Velure-04-LOCOMOTIV-768x512.jpg 768w, https:\/\/hoyre.no\/content\/uploads\/sites\/7\/2024\/11\/Hanne-Alstrup-Velure-04-LOCOMOTIV-300x200.jpg 300w, https:\/\/hoyre.no\/content\/uploads\/sites\/7\/2024\/11\/Hanne-Alstrup-Velure-04-LOCOMOTIV-1024x683.jpg 1024w, https:\/\/hoyre.no\/content\/uploads\/sites\/7\/2024\/11\/Hanne-Alstrup-Velure-04-LOCOMOTIV-1536x1024.jpg 1536w, https:\/\/hoyre.no\/content\/uploads\/sites\/7\/2024\/11\/Hanne-Alstrup-Velure-04-LOCOMOTIV-2048x1365.jpg 2048w\" sizes=\"auto, (max-width: 768px) 100vw, 768px\" \/>\t\t<\/div>\n\t\t\n\t\t\t<div class=\"teft-card__content-wrapper\">\n\t\t\t\t<div class=\"teft-card__secondary\">\n\t\t\t\t\t\n\t\t\t\t\t\t\t\t<div class=\"teft-card__meta\">\n\t\t\t\t\t\t\t\t\t<span class=\"post-date\">13. apr 2026<\/span>\n\n\t\t\t\t\t\t\t\t\t<span class=\"post-category\">Debatt<\/span>\t\t\t\t\t\t\t\t<\/div>\n\t\t\t\t\t\t\t\t\t\t\t<\/div>\n\n\t\t\t\t<div class=\"teft-card__primary\">\n\t\t\t\t\t<h2 class=\"teft-card__title\">Bedre bruk av l\u00e6rerne \u2013 til elevenes beste&nbsp;<span class=\"teft-card__primary-title-append\"><\/span><\/h2>\t\t\t\t<\/div>\n\t\t\t<\/div>\n\t\t<\/a>\n\t<\/div>\n\n\t<\/div><div class=\"is-card-hoyre\">\n\t<div class=\"teft-card hoyre-teft-card post-teft-card\">\n\t\t<a href=\"https:\/\/hoyre.no\/innlandet\/aktuelt\/viltet-er-en-ressurs-na-og-i-fremtiden\/\" class=\"teft-card__primary-action\">\n\n\t\t\t\t\t<div class=\"teft-card__media teft-card__media--16-9\">\n\t\t\t\t\t\t<img loading=\"lazy\" decoding=\"async\" width=\"768\" height=\"768\" src=\"https:\/\/hoyre.no\/content\/uploads\/sites\/7\/2026\/03\/Joakim-Ekseth-jakt-kvadrat-768x768.jpg\" class=\"attachment-medium_large size-medium_large\" alt=\"\" srcset=\"https:\/\/hoyre.no\/content\/uploads\/sites\/7\/2026\/03\/Joakim-Ekseth-jakt-kvadrat-768x768.jpg 768w, https:\/\/hoyre.no\/content\/uploads\/sites\/7\/2026\/03\/Joakim-Ekseth-jakt-kvadrat-300x300.jpg 300w, https:\/\/hoyre.no\/content\/uploads\/sites\/7\/2026\/03\/Joakim-Ekseth-jakt-kvadrat-1024x1024.jpg 1024w, https:\/\/hoyre.no\/content\/uploads\/sites\/7\/2026\/03\/Joakim-Ekseth-jakt-kvadrat-150x150.jpg 150w, https:\/\/hoyre.no\/content\/uploads\/sites\/7\/2026\/03\/Joakim-Ekseth-jakt-kvadrat.jpg 1080w\" sizes=\"auto, (max-width: 768px) 100vw, 768px\" \/>\t\t<\/div>\n\t\t\n\t\t\t<div class=\"teft-card__content-wrapper\">\n\t\t\t\t<div class=\"teft-card__secondary\">\n\t\t\t\t\t\n\t\t\t\t\t\t\t\t<div class=\"teft-card__meta\">\n\t\t\t\t\t\t\t\t\t<span class=\"post-date\">20. mar 2026<\/span>\n\n\t\t\t\t\t\t\t\t\t<span class=\"post-category\">Debatt<\/span>\t\t\t\t\t\t\t\t<\/div>\n\t\t\t\t\t\t\t\t\t\t\t<\/div>\n\n\t\t\t\t<div class=\"teft-card__primary\">\n\t\t\t\t\t<h2 class=\"teft-card__title\">Viltet er en ressurs, n\u00e5 og i fremtiden&nbsp;<span class=\"teft-card__primary-title-append\"><\/span><\/h2>\t\t\t\t<\/div>\n\t\t\t<\/div>\n\t\t<\/a>\n\t<\/div>\n\n\t<\/div><div class=\"is-card-hoyre\">\n\t<div class=\"teft-card hoyre-teft-card post-teft-card\">\n\t\t<a href=\"https:\/\/hoyre.no\/innlandet\/aktuelt\/bekind\/\" class=\"teft-card__primary-action\">\n\n\t\t\t\t\t<div class=\"teft-card__media teft-card__media--16-9\">\n\t\t\t\t\t\t<img loading=\"lazy\" decoding=\"async\" width=\"768\" height=\"768\" src=\"https:\/\/hoyre.no\/content\/uploads\/sites\/7\/2026\/03\/Joanna-Randmaer-Warpe-fotball-kvadrat-768x768.jpg\" class=\"attachment-medium_large size-medium_large\" alt=\"\" srcset=\"https:\/\/hoyre.no\/content\/uploads\/sites\/7\/2026\/03\/Joanna-Randmaer-Warpe-fotball-kvadrat-768x768.jpg 768w, https:\/\/hoyre.no\/content\/uploads\/sites\/7\/2026\/03\/Joanna-Randmaer-Warpe-fotball-kvadrat-300x300.jpg 300w, https:\/\/hoyre.no\/content\/uploads\/sites\/7\/2026\/03\/Joanna-Randmaer-Warpe-fotball-kvadrat-1024x1024.jpg 1024w, https:\/\/hoyre.no\/content\/uploads\/sites\/7\/2026\/03\/Joanna-Randmaer-Warpe-fotball-kvadrat-150x150.jpg 150w, https:\/\/hoyre.no\/content\/uploads\/sites\/7\/2026\/03\/Joanna-Randmaer-Warpe-fotball-kvadrat.jpg 1080w\" sizes=\"auto, (max-width: 768px) 100vw, 768px\" \/>\t\t<\/div>\n\t\t\n\t\t\t<div class=\"teft-card__content-wrapper\">\n\t\t\t\t<div class=\"teft-card__secondary\">\n\t\t\t\t\t\n\t\t\t\t\t\t\t\t<div class=\"teft-card__meta\">\n\t\t\t\t\t\t\t\t\t<span class=\"post-date\">19. mar 2026<\/span>\n\n\t\t\t\t\t\t\t\t\t<span class=\"post-category\">Debatt<\/span>\t\t\t\t\t\t\t\t<\/div>\n\t\t\t\t\t\t\t\t\t\t\t<\/div>\n\n\t\t\t\t<div class=\"teft-card__primary\">\n\t\t\t\t\t<h2 class=\"teft-card__title\">#BeKind\u00a0&nbsp;<span class=\"teft-card__primary-title-append\"><\/span><\/h2>\t\t\t\t<\/div>\n\t\t\t<\/div>\n\t\t<\/a>\n\t<\/div>\n\n\t<\/div><\/div>\t<\/div>\n<\/div>\n","protected":false},"excerpt":{"rendered":"","protected":false},"author":26288,"featured_media":0,"comment_status":"closed","ping_status":"closed","sticky":false,"template":"","format":"standard","meta":{"teft_cards_image_url":"","teft_cards_custom_pretitle":"","teft_cards_image_id":2567,"teft_cards_image_focal_point_x":0.51,"teft_cards_image_focal_point_y":0.28,"teft_cards_title":"","teft_cards_excerpt":"Skal vi lykkes, m\u00e5 vi bygge b\u00e5de mer kraft og mye mer nett \u2013 samtidig,\" skriver Hanne Alstrup Velure i dette debattinnlegget","teft_show_chapters":false,"author_display_name":"","footnotes":""},"category":[5,97,162,93,163],"post_tag":[147,104,101],"hoyre-visibility":[],"article-type":[],"politician":[49],"class_list":["post-2566","post","type-post","status-publish","format-standard","hentry","category-debatt","category-klima-og-miljo","category-kraft","category-naering","category-vindkraft","tag-debatt","tag-energi","tag-klima-og-miljo","politician-hanne-alstrup-velure"],"yoast_head":"<!-- This site is optimized with the Yoast SEO plugin v26.6 - https:\/\/yoast.com\/wordpress\/plugins\/seo\/ -->\n<title>N\u00e5r lokaldemokratiet nekter \u2013 og staten ikke tar ansvar - Innlandet H\u00f8yre<\/title>\n<meta name=\"description\" content=\"Kommuner sier nei, staten leverer ikke. Resultatet er mindre kraft, fullt str\u00f8mnett og \u00f8kt risiko for at Norge st\u00e5r uten kapasitet n\u00e5r vi trenger den.\" \/>\n<meta name=\"robots\" content=\"index, follow, max-snippet:-1, max-image-preview:large, max-video-preview:-1\" \/>\n<link rel=\"canonical\" href=\"https:\/\/hoyre.no\/innlandet\/aktuelt\/nar-lokaldemokratiet-nekter-og-staten-ikke-tar-ansvar\/\" \/>\n<meta property=\"og:locale\" content=\"nb_NO\" \/>\n<meta property=\"og:type\" content=\"article\" \/>\n<meta property=\"og:title\" content=\"N\u00e5r lokaldemokratiet nekter \u2013 og staten ikke tar ansvar - Innlandet H\u00f8yre\" \/>\n<meta property=\"og:description\" content=\"Kommuner sier nei, staten leverer ikke. Resultatet er mindre kraft, fullt str\u00f8mnett og \u00f8kt risiko for at Norge st\u00e5r uten kapasitet n\u00e5r vi trenger den.\" \/>\n<meta property=\"og:url\" content=\"https:\/\/hoyre.no\/innlandet\/aktuelt\/nar-lokaldemokratiet-nekter-og-staten-ikke-tar-ansvar\/\" \/>\n<meta property=\"og:site_name\" content=\"Innlandet H\u00f8yre\" \/>\n<meta property=\"article:published_time\" content=\"2026-04-27T17:37:37+00:00\" \/>\n<meta property=\"og:image\" content=\"https:\/\/hoyre.no\/content\/uploads\/sites\/7\/2026\/03\/Joanna-Randmaer-Warpe-fotball-kvadrat-1024x1024.jpg\" \/>\n<meta name=\"author\" content=\"Erlend Gj\u00f8lme\" \/>\n<meta name=\"twitter:card\" content=\"summary_large_image\" \/>\n<meta name=\"twitter:label1\" content=\"Skrevet av\" \/>\n\t<meta name=\"twitter:data1\" content=\"Erlend Gj\u00f8lme\" \/>\n\t<meta name=\"twitter:label2\" content=\"Ansl. lesetid\" \/>\n\t<meta name=\"twitter:data2\" content=\"6 minutter\" \/>\n<script type=\"application\/ld+json\" class=\"yoast-schema-graph\">{\"@context\":\"https:\/\/schema.org\",\"@graph\":[{\"@type\":\"NewsArticle\",\"@id\":\"https:\/\/hoyre.no\/innlandet\/aktuelt\/nar-lokaldemokratiet-nekter-og-staten-ikke-tar-ansvar\/\",\"url\":\"https:\/\/hoyre.no\/innlandet\/aktuelt\/nar-lokaldemokratiet-nekter-og-staten-ikke-tar-ansvar\/\",\"name\":\"N\u00e5r lokaldemokratiet nekter \u2013 og staten ikke tar ansvar - Innlandet H\u00f8yre\",\"isPartOf\":{\"@id\":\"https:\/\/hoyre.no\/innlandet\/#website\"},\"image\":{\"@id\":\"https:\/\/hoyre.no\/innlandet\/aktuelt\/nar-lokaldemokratiet-nekter-og-staten-ikke-tar-ansvar\/#primaryimage\"},\"thumbnailUrl\":\"https:\/\/hoyre.no\/content\/uploads\/sites\/7\/2025\/06\/BT-Stokke-Hanne-Alstrup-Velure-819x1024.jpg\",\"datePublished\":\"2026-04-27T17:37:37+00:00\",\"author\":{\"@id\":\"https:\/\/hoyre.no\/innlandet\/#\/schema\/person\/8f41eef411c647642cf257592f9fce1c\"},\"description\":\"Kommuner sier nei, staten leverer ikke. Resultatet er mindre kraft, fullt str\u00f8mnett og \u00f8kt risiko for at Norge st\u00e5r uten kapasitet n\u00e5r vi trenger den.\",\"breadcrumb\":{\"@id\":\"https:\/\/hoyre.no\/innlandet\/aktuelt\/nar-lokaldemokratiet-nekter-og-staten-ikke-tar-ansvar\/#breadcrumb\"},\"inLanguage\":\"nb-NO\",\"potentialAction\":[{\"@type\":\"ReadAction\",\"target\":[\"https:\/\/hoyre.no\/innlandet\/aktuelt\/nar-lokaldemokratiet-nekter-og-staten-ikke-tar-ansvar\/\"]}]},{\"@type\":\"ImageObject\",\"inLanguage\":\"nb-NO\",\"@id\":\"https:\/\/hoyre.no\/innlandet\/aktuelt\/nar-lokaldemokratiet-nekter-og-staten-ikke-tar-ansvar\/#primaryimage\",\"url\":\"https:\/\/hoyre.no\/content\/uploads\/sites\/7\/2025\/06\/BT-Stokke-Hanne-Alstrup-Velure-819x1024.jpg\",\"contentUrl\":\"https:\/\/hoyre.no\/content\/uploads\/sites\/7\/2025\/06\/BT-Stokke-Hanne-Alstrup-Velure-819x1024.jpg\"},{\"@type\":\"BreadcrumbList\",\"@id\":\"https:\/\/hoyre.no\/innlandet\/aktuelt\/nar-lokaldemokratiet-nekter-og-staten-ikke-tar-ansvar\/#breadcrumb\",\"itemListElement\":[{\"@type\":\"ListItem\",\"position\":1,\"name\":\"Til hoyre.no\",\"item\":\"https:\/\/hoyre.no\"},{\"@type\":\"ListItem\",\"position\":2,\"name\":\"Hjem\",\"item\":\"https:\/\/hoyre.no\/innlandet\/\"},{\"@type\":\"ListItem\",\"position\":3,\"name\":\"N\u00e5r lokaldemokratiet nekter \u2013 og staten ikke tar ansvar\"}]},{\"@type\":\"WebSite\",\"@id\":\"https:\/\/hoyre.no\/innlandet\/#website\",\"url\":\"https:\/\/hoyre.no\/innlandet\/\",\"name\":\"Innlandet H\u00f8yre\",\"description\":\"Bare enda et H\u00f8yres nettsteder-nettsted\",\"inLanguage\":\"nb-NO\"},{\"@type\":\"Person\",\"@id\":\"https:\/\/hoyre.no\/innlandet\/#\/schema\/person\/8f41eef411c647642cf257592f9fce1c\",\"name\":\"Erlend Gj\u00f8lme\",\"image\":{\"@type\":\"ImageObject\",\"inLanguage\":\"nb-NO\",\"@id\":\"https:\/\/hoyre.no\/innlandet\/#\/schema\/person\/image\/\",\"url\":\"https:\/\/secure.gravatar.com\/avatar\/19308e99cc26c2c18ba01243f850e887a482eed229c88c0905de487505a4d093?s=96&d=mm&r=g\",\"contentUrl\":\"https:\/\/secure.gravatar.com\/avatar\/19308e99cc26c2c18ba01243f850e887a482eed229c88c0905de487505a4d093?s=96&d=mm&r=g\",\"caption\":\"Erlend Gj\u00f8lme\"},\"url\":\"https:\/\/hoyre.no\/innlandet\/aktuelt\/author\/m50054840\/\"}]}<\/script>\n<!-- \/ Yoast SEO plugin. -->","yoast_head_json":{"title":"N\u00e5r lokaldemokratiet nekter \u2013 og staten ikke tar ansvar - Innlandet H\u00f8yre","description":"Kommuner sier nei, staten leverer ikke. Resultatet er mindre kraft, fullt str\u00f8mnett og \u00f8kt risiko for at Norge st\u00e5r uten kapasitet n\u00e5r vi trenger den.","robots":{"index":"index","follow":"follow","max-snippet":"max-snippet:-1","max-image-preview":"max-image-preview:large","max-video-preview":"max-video-preview:-1"},"canonical":"https:\/\/hoyre.no\/innlandet\/aktuelt\/nar-lokaldemokratiet-nekter-og-staten-ikke-tar-ansvar\/","og_locale":"nb_NO","og_type":"article","og_title":"N\u00e5r lokaldemokratiet nekter \u2013 og staten ikke tar ansvar - Innlandet H\u00f8yre","og_description":"Kommuner sier nei, staten leverer ikke. Resultatet er mindre kraft, fullt str\u00f8mnett og \u00f8kt risiko for at Norge st\u00e5r uten kapasitet n\u00e5r vi trenger den.","og_url":"https:\/\/hoyre.no\/innlandet\/aktuelt\/nar-lokaldemokratiet-nekter-og-staten-ikke-tar-ansvar\/","og_site_name":"Innlandet H\u00f8yre","article_published_time":"2026-04-27T17:37:37+00:00","og_image":[{"url":"https:\/\/hoyre.no\/content\/uploads\/sites\/7\/2026\/03\/Joanna-Randmaer-Warpe-fotball-kvadrat-1024x1024.jpg","width":"","height":"","type":""}],"author":"Erlend Gj\u00f8lme","twitter_card":"summary_large_image","twitter_misc":{"Skrevet av":"Erlend Gj\u00f8lme","Ansl. lesetid":"6 minutter"},"schema":{"@context":"https:\/\/schema.org","@graph":[{"@type":"NewsArticle","@id":"https:\/\/hoyre.no\/innlandet\/aktuelt\/nar-lokaldemokratiet-nekter-og-staten-ikke-tar-ansvar\/","url":"https:\/\/hoyre.no\/innlandet\/aktuelt\/nar-lokaldemokratiet-nekter-og-staten-ikke-tar-ansvar\/","name":"N\u00e5r lokaldemokratiet nekter \u2013 og staten ikke tar ansvar - Innlandet H\u00f8yre","isPartOf":{"@id":"https:\/\/hoyre.no\/innlandet\/#website"},"image":{"@id":"https:\/\/hoyre.no\/innlandet\/aktuelt\/nar-lokaldemokratiet-nekter-og-staten-ikke-tar-ansvar\/#primaryimage"},"thumbnailUrl":"https:\/\/hoyre.no\/content\/uploads\/sites\/7\/2025\/06\/BT-Stokke-Hanne-Alstrup-Velure-819x1024.jpg","datePublished":"2026-04-27T17:37:37+00:00","author":{"@id":"https:\/\/hoyre.no\/innlandet\/#\/schema\/person\/8f41eef411c647642cf257592f9fce1c"},"description":"Kommuner sier nei, staten leverer ikke. Resultatet er mindre kraft, fullt str\u00f8mnett og \u00f8kt risiko for at Norge st\u00e5r uten kapasitet n\u00e5r vi trenger den.","breadcrumb":{"@id":"https:\/\/hoyre.no\/innlandet\/aktuelt\/nar-lokaldemokratiet-nekter-og-staten-ikke-tar-ansvar\/#breadcrumb"},"inLanguage":"nb-NO","potentialAction":[{"@type":"ReadAction","target":["https:\/\/hoyre.no\/innlandet\/aktuelt\/nar-lokaldemokratiet-nekter-og-staten-ikke-tar-ansvar\/"]}]},{"@type":"ImageObject","inLanguage":"nb-NO","@id":"https:\/\/hoyre.no\/innlandet\/aktuelt\/nar-lokaldemokratiet-nekter-og-staten-ikke-tar-ansvar\/#primaryimage","url":"https:\/\/hoyre.no\/content\/uploads\/sites\/7\/2025\/06\/BT-Stokke-Hanne-Alstrup-Velure-819x1024.jpg","contentUrl":"https:\/\/hoyre.no\/content\/uploads\/sites\/7\/2025\/06\/BT-Stokke-Hanne-Alstrup-Velure-819x1024.jpg"},{"@type":"BreadcrumbList","@id":"https:\/\/hoyre.no\/innlandet\/aktuelt\/nar-lokaldemokratiet-nekter-og-staten-ikke-tar-ansvar\/#breadcrumb","itemListElement":[{"@type":"ListItem","position":1,"name":"Til hoyre.no","item":"https:\/\/hoyre.no"},{"@type":"ListItem","position":2,"name":"Hjem","item":"https:\/\/hoyre.no\/innlandet\/"},{"@type":"ListItem","position":3,"name":"N\u00e5r lokaldemokratiet nekter \u2013 og staten ikke tar ansvar"}]},{"@type":"WebSite","@id":"https:\/\/hoyre.no\/innlandet\/#website","url":"https:\/\/hoyre.no\/innlandet\/","name":"Innlandet H\u00f8yre","description":"Bare enda et H\u00f8yres nettsteder-nettsted","inLanguage":"nb-NO"},{"@type":"Person","@id":"https:\/\/hoyre.no\/innlandet\/#\/schema\/person\/8f41eef411c647642cf257592f9fce1c","name":"Erlend Gj\u00f8lme","image":{"@type":"ImageObject","inLanguage":"nb-NO","@id":"https:\/\/hoyre.no\/innlandet\/#\/schema\/person\/image\/","url":"https:\/\/secure.gravatar.com\/avatar\/19308e99cc26c2c18ba01243f850e887a482eed229c88c0905de487505a4d093?s=96&d=mm&r=g","contentUrl":"https:\/\/secure.gravatar.com\/avatar\/19308e99cc26c2c18ba01243f850e887a482eed229c88c0905de487505a4d093?s=96&d=mm&r=g","caption":"Erlend Gj\u00f8lme"},"url":"https:\/\/hoyre.no\/innlandet\/aktuelt\/author\/m50054840\/"}]}},"distributor_meta":false,"distributor_terms":false,"distributor_media":false,"distributor_original_site_name":"Innlandet H\u00f8yre","distributor_original_site_url":"https:\/\/hoyre.no\/innlandet","push-errors":false,"_links":{"self":[{"href":"https:\/\/hoyre.no\/innlandet\/wp-json\/wp\/v2\/posts\/2566","targetHints":{"allow":["GET"]}}],"collection":[{"href":"https:\/\/hoyre.no\/innlandet\/wp-json\/wp\/v2\/posts"}],"about":[{"href":"https:\/\/hoyre.no\/innlandet\/wp-json\/wp\/v2\/types\/post"}],"author":[{"embeddable":true,"href":"https:\/\/hoyre.no\/innlandet\/wp-json\/wp\/v2\/users\/26288"}],"replies":[{"embeddable":true,"href":"https:\/\/hoyre.no\/innlandet\/wp-json\/wp\/v2\/comments?post=2566"}],"version-history":[{"count":1,"href":"https:\/\/hoyre.no\/innlandet\/wp-json\/wp\/v2\/posts\/2566\/revisions"}],"predecessor-version":[{"id":2568,"href":"https:\/\/hoyre.no\/innlandet\/wp-json\/wp\/v2\/posts\/2566\/revisions\/2568"}],"wp:attachment":[{"href":"https:\/\/hoyre.no\/innlandet\/wp-json\/wp\/v2\/media?parent=2566"}],"wp:term":[{"taxonomy":"category","embeddable":true,"href":"https:\/\/hoyre.no\/innlandet\/wp-json\/wp\/v2\/category?post=2566"},{"taxonomy":"post_tag","embeddable":true,"href":"https:\/\/hoyre.no\/innlandet\/wp-json\/wp\/v2\/post_tag?post=2566"},{"taxonomy":"hoyre-visibility","embeddable":true,"href":"https:\/\/hoyre.no\/innlandet\/wp-json\/wp\/v2\/hoyre-visibility?post=2566"},{"taxonomy":"article-type","embeddable":true,"href":"https:\/\/hoyre.no\/innlandet\/wp-json\/wp\/v2\/article-type?post=2566"},{"taxonomy":"politician","embeddable":true,"href":"https:\/\/hoyre.no\/innlandet\/wp-json\/wp\/v2\/politician?post=2566"}],"curies":[{"name":"wp","href":"https:\/\/api.w.org\/{rel}","templated":true}]}}