{"id":52,"date":"2020-05-19T22:00:00","date_gmt":"2020-05-19T20:00:00","guid":{"rendered":"https:\/\/hoyre.no\/innlandet\/aktuelt\/innlandet_hoyre_vil_ha_flere_forslag_til_stortingslisten\/"},"modified":"2020-05-19T22:00:00","modified_gmt":"2020-05-19T20:00:00","slug":"innlandet_hoyre_vil_ha_flere_forslag_til_stortingslisten","status":"publish","type":"post","link":"https:\/\/hoyre.no\/innlandet\/aktuelt\/innlandet_hoyre_vil_ha_flere_forslag_til_stortingslisten\/","title":{"rendered":"Innlandet H\u00f8yre vil ha flere forslag til Stortingslisten"},"content":{"rendered":"<p class=\"preamble\">Innlandet H\u00f8yre er i f\u00f8rste fase av nominasjonen, og vi vil gjerne ha navneforslag fra medlemmer og lokalforeningene, Kvinneforum, Senior H\u00f8yre og Unge H\u00f8yre. Her er det bare \u00e5 spille inn.<\/p>\t\t\t<div class=\"post-meta wp-block teft-byline-wrapper\">\n\t\t\t\t<div class=\"top\">\n\t\t\t\t\t<div class=\"signature\">\n\t\t\t\t\t\t<div class=\"teft-byline\">\n\t\t\t\t\t\t\t\t\t\t\t\t\t\t<div>\n\t\t\t\t\t\t\t\t<h3>H\u00f8yres redaksjon<\/h3>\t\t\t\t\t\t\t\t\n\t\t\t\t\t\t\t\t\t\t\t\t\t\t\t\t\t<span class=\"date\">Sist oppdatert: 19. mai 2020<\/span>\n\t\t\t\t\t\t\t\t\t\t\t\t\t\t\t\t\t\t\t\t\t\t\t\t\t<span class=\"reading-time\" itemprop=\"timeRequired\" content=\"PT3M\"><em>Ca. 3 minutter lesetid<\/em><\/span>\n\t\t\t\t\t\t\t\t\t\t\t\t\t\t\t<\/div>\n\t\t\t\t\t\t<\/div>\n\t\t\t\t\t<\/div>\n\t\t\t\t\t\t<div class=\"sharing\">\n\t\t<a class=\"share-button share-link copy-link\" data-copy=\"https:\/\/hoyre.no\/innlandet\/aktuelt\/innlandet_hoyre_vil_ha_flere_forslag_til_stortingslisten\/\" target=\"_blank\"><span class=\"screen-reader-text\">Del link<\/span><\/a>\n\t\t<a class=\"share-button share-twitter\" href=\"http:\/\/twitter.com\/share?text=Innlandet H\u00f8yre vil ha flere forslag til Stortingslisten&#038;url=https:\/\/hoyre.no\/innlandet\/aktuelt\/innlandet_hoyre_vil_ha_flere_forslag_til_stortingslisten\/&#038;hashtags=Hoyre\" target=\"_blank\"><span class=\"screen-reader-text\">Del p\u00e5 twitter<\/span><\/a>\n\t\t<a class=\"share-button share-facebook\" href=\"https:\/\/www.facebook.com\/sharer\/sharer.php?u=https:\/\/hoyre.no\/innlandet\/aktuelt\/innlandet_hoyre_vil_ha_flere_forslag_til_stortingslisten\/\" target=\"_blank\"><span class=\"screen-reader-text\">Del p\u00e5 facebook<\/span><\/a>\n\t<\/div>\n\t\t\t\t\t<\/div>\n\t\t\t<\/div>\n\n\t\t\t<figure class=\"hoyre-image-wrapper\"><div class=\"hoyre-image\"><img loading=\"lazy\" decoding=\"async\" width=\"2048\" height=\"1334\" src=\"https:\/\/hoyre.no\/content\/uploads\/sites\/7\/2020\/11\/stortinget_stor.jpg\" class=\"attachment-scaled size-scaled\" alt=\"\" style=\"object-position: 50% 50%\" srcset=\"https:\/\/hoyre.no\/content\/uploads\/sites\/7\/2020\/11\/stortinget_stor.jpg 2048w, https:\/\/hoyre.no\/content\/uploads\/sites\/7\/2020\/11\/stortinget_stor-300x195.jpg 300w, https:\/\/hoyre.no\/content\/uploads\/sites\/7\/2020\/11\/stortinget_stor-1024x667.jpg 1024w, https:\/\/hoyre.no\/content\/uploads\/sites\/7\/2020\/11\/stortinget_stor-768x500.jpg 768w, https:\/\/hoyre.no\/content\/uploads\/sites\/7\/2020\/11\/stortinget_stor-1536x1001.jpg 1536w\" sizes=\"auto, (max-width: 2048px) 100vw, 2048px\" \/><\/div><\/figure><div id=\"hoyre-old-article-content-wrapper\"><div>Nominasjonskomiteene i Innlandet H\u00f8yre har startet arbeidet med listene for Hedmark og Oppland valgkrets. I Hedmark har Kristian Tonning Riise takket nei til \u00e5 stille p\u00e5 nytt i 2021. Vararepresentantene Eli Wathne fra Kongsvinger og Yngve S\u00e6tre fra Elverum \u00f8nsker \u00e5 stille p\u00e5 nytt neste \u00e5r, mens Jane Meyer og Terje Hylen har takket nei.  <br \/><\/div><div>Leder i nominasjonskomiteen for Hedmark, Knut Fangberget, forteller at over sommeren vil vi komme n\u00e6rmere i prosessen og til h\u00f8sten vil lokalforeningene prioritere hvilke navn de vil ha p\u00e5 listen, og sende det inn til komiteen. Vi sp\u00f8r ogs\u00e5 alle H\u00f8yres medlemmer i en r\u00e5dgivende uravstemning. Til slutt kommer det en innstilling fra oss i nominasjonskomiteen og de nye listene for 2021 blir valgt p\u00e5 nominasjonsm\u00f8tet i Brumunddal 21. november.<\/div><div>&#8211; Nominasjon til Stortinget er det viktigste arbeidet partiet gj\u00f8r. Gode og dyktige representanter gir tillit hos velgerne, og det gir politisk innflytelse i viktige saker. De som blir nominert m\u00e5 v\u00e6re forberedt p\u00e5 hardt arbeid. Vi vil gjennomf\u00f8re intervjuer av de fremste kandidatene for \u00e5 v\u00e6re sikre p\u00e5 at vi finner de beste.<\/div><div>&#8211; Men n\u00e5 ber vi medlemmene om hjelp til \u00e5 finne god navn vi kan vurdere, sier Knut Fangberget. Kontaktinformasjon: Knut Fangberget, knut@vvn.no, 91561581<\/div><div>I Oppland har tidligere stortingspresident Olemic Thommessen fra Lillehammer takket nei til \u00e5 stille p\u00e5 nytt i 2021. Vararepresentantene Kari Anne Gj\u00f8nnes fra Gran og Hanne Alstrup Velure fra Lesja \u00f8nsker \u00e5 stille p\u00e5 nytt neste \u00e5r, mens Silje Johansen og Lasse Lehre ikke lenger bor i fylket og har takket nei.  <br \/><\/div><div>Leder i nominasjonskomiteen for Oppland, Tove Beate Skjoldal Karlsen forteller at over sommeren vil vi komme n\u00e6rmere i prosessen og til h\u00f8sten vil lokalforeningene prioritere hvilke navn de vil ha p\u00e5 listen, og sende det inn til komiteen. Vi sp\u00f8r ogs\u00e5 alle H\u00f8yres medlemmer i en r\u00e5dgivende uravstemning. Tilslutt kommer det en innstilling fra oss i nominasjonskomiteen og de nye listene for 2021 blir valgt p\u00e5 nominasjonsm\u00f8tet p\u00e5 Biri 21. november.<\/div><div>&#8211; Tilslutt vil jeg gjerne takke Olemic for hans solide innsats b\u00e5de for Norge, Oppland og H\u00f8yre i snart 19 \u00e5r p\u00e5 Stortinget, sier leder Tove Beate Skjoldal Karlsen. Han har hatt stor betydning b\u00e5de som Stortingspresident, men ikke minst vil vi ogs\u00e5 takke og huske ham for sin solide innsats for kulturen og hele kulturpolitikken over s\u00e5 mange \u00e5r. Vi er ogs\u00e5 glade for de som \u00f8nsker \u00e5 stille opp p\u00e5 nytt, men vi trenger ogs\u00e5 flere navn, sier Tove Beate Skjoldal Karlsen.<\/div><div>Kontaktinformasjon: Tove Beate Skjoldal Karlsen, tlf 481 06 781 (tbskarlsen.otk@gmail.com)  <br \/><\/div><p><br \/><\/p><\/div>\n<div class=\"tags\">\n\t<\/div>\n<div class=\"post-footer alignfull has-background block-editor-block-list__block\" data-align=full>\n\t<div class=\"post-footer-inner\">\n\t\t<h3>Relaterte artikler<\/h3>\n\t\t<div class=\"related-content\"><div class=\"is-card-hoyre\">\n\t<div class=\"teft-card hoyre-teft-card post-teft-card\">\n\t\t<a href=\"https:\/\/hoyre.no\/innlandet\/aktuelt\/nar-lokaldemokratiet-nekter-og-staten-ikke-tar-ansvar\/\" class=\"teft-card__primary-action\">\n\n\t\t\t\t\t<div class=\"teft-card__media teft-card__media--16-9\">\n\t\t\t\t\t\t<img loading=\"lazy\" decoding=\"async\" width=\"768\" height=\"569\" src=\"https:\/\/hoyre.no\/content\/uploads\/sites\/7\/2026\/04\/Aasland-Velure-Helgesen_Arendal-2025-768x569.jpeg\" class=\"attachment-medium_large size-medium_large\" alt=\"Energiminister Terje Aasland (Ap), Hanne Alstrup Velure og KS-leder Gunn Marit Helgesen.\" srcset=\"https:\/\/hoyre.no\/content\/uploads\/sites\/7\/2026\/04\/Aasland-Velure-Helgesen_Arendal-2025-768x569.jpeg 768w, https:\/\/hoyre.no\/content\/uploads\/sites\/7\/2026\/04\/Aasland-Velure-Helgesen_Arendal-2025-300x222.jpeg 300w, https:\/\/hoyre.no\/content\/uploads\/sites\/7\/2026\/04\/Aasland-Velure-Helgesen_Arendal-2025-1024x758.jpeg 1024w, https:\/\/hoyre.no\/content\/uploads\/sites\/7\/2026\/04\/Aasland-Velure-Helgesen_Arendal-2025-1536x1137.jpeg 1536w, https:\/\/hoyre.no\/content\/uploads\/sites\/7\/2026\/04\/Aasland-Velure-Helgesen_Arendal-2025-2048x1516.jpeg 2048w\" sizes=\"auto, (max-width: 768px) 100vw, 768px\" \/>\t\t<\/div>\n\t\t\n\t\t\t<div class=\"teft-card__content-wrapper\">\n\t\t\t\t<div class=\"teft-card__secondary\">\n\t\t\t\t\t\n\t\t\t\t\t\t\t\t<div class=\"teft-card__meta\">\n\t\t\t\t\t\t\t\t\t<span class=\"post-date\">27. apr 2026<\/span>\n\n\t\t\t\t\t\t\t\t\t<span class=\"post-category\">Debatt<\/span>\t\t\t\t\t\t\t\t<\/div>\n\t\t\t\t\t\t\t\t\t\t\t<\/div>\n\n\t\t\t\t<div class=\"teft-card__primary\">\n\t\t\t\t\t<h2 class=\"teft-card__title\">N\u00e5r lokaldemokratiet nekter \u2013 og staten ikke tar ansvar&nbsp;<span class=\"teft-card__primary-title-append\"><\/span><\/h2>\t\t\t\t<\/div>\n\t\t\t<\/div>\n\t\t<\/a>\n\t<\/div>\n\n\t<\/div><div class=\"is-card-hoyre\">\n\t<div class=\"teft-card hoyre-teft-card post-teft-card\">\n\t\t<a href=\"https:\/\/hoyre.no\/innlandet\/aktuelt\/bedre-bruk-av-laererne-til-elevenes-beste\/\" class=\"teft-card__primary-action\">\n\n\t\t\t\t\t<div class=\"teft-card__media teft-card__media--16-9\">\n\t\t\t\t\t\t<img loading=\"lazy\" decoding=\"async\" width=\"768\" height=\"512\" src=\"https:\/\/hoyre.no\/content\/uploads\/sites\/7\/2024\/11\/Hanne-Alstrup-Velure-04-LOCOMOTIV-768x512.jpg\" class=\"attachment-medium_large size-medium_large\" alt=\"Hanne Alstrup Velure. Foto: Jan Tore \u00d8verstad \/ Locomotiv AS\" srcset=\"https:\/\/hoyre.no\/content\/uploads\/sites\/7\/2024\/11\/Hanne-Alstrup-Velure-04-LOCOMOTIV-768x512.jpg 768w, https:\/\/hoyre.no\/content\/uploads\/sites\/7\/2024\/11\/Hanne-Alstrup-Velure-04-LOCOMOTIV-300x200.jpg 300w, https:\/\/hoyre.no\/content\/uploads\/sites\/7\/2024\/11\/Hanne-Alstrup-Velure-04-LOCOMOTIV-1024x683.jpg 1024w, https:\/\/hoyre.no\/content\/uploads\/sites\/7\/2024\/11\/Hanne-Alstrup-Velure-04-LOCOMOTIV-1536x1024.jpg 1536w, https:\/\/hoyre.no\/content\/uploads\/sites\/7\/2024\/11\/Hanne-Alstrup-Velure-04-LOCOMOTIV-2048x1365.jpg 2048w\" sizes=\"auto, (max-width: 768px) 100vw, 768px\" \/>\t\t<\/div>\n\t\t\n\t\t\t<div class=\"teft-card__content-wrapper\">\n\t\t\t\t<div class=\"teft-card__secondary\">\n\t\t\t\t\t\n\t\t\t\t\t\t\t\t<div class=\"teft-card__meta\">\n\t\t\t\t\t\t\t\t\t<span class=\"post-date\">13. apr 2026<\/span>\n\n\t\t\t\t\t\t\t\t\t<span class=\"post-category\">Debatt<\/span>\t\t\t\t\t\t\t\t<\/div>\n\t\t\t\t\t\t\t\t\t\t\t<\/div>\n\n\t\t\t\t<div class=\"teft-card__primary\">\n\t\t\t\t\t<h2 class=\"teft-card__title\">Bedre bruk av l\u00e6rerne \u2013 til elevenes beste&nbsp;<span class=\"teft-card__primary-title-append\"><\/span><\/h2>\t\t\t\t<\/div>\n\t\t\t<\/div>\n\t\t<\/a>\n\t<\/div>\n\n\t<\/div><div class=\"is-card-hoyre\">\n\t<div class=\"teft-card hoyre-teft-card post-teft-card\">\n\t\t<a href=\"https:\/\/hoyre.no\/innlandet\/aktuelt\/viltet-er-en-ressurs-na-og-i-fremtiden\/\" class=\"teft-card__primary-action\">\n\n\t\t\t\t\t<div class=\"teft-card__media teft-card__media--16-9\">\n\t\t\t\t\t\t<img loading=\"lazy\" decoding=\"async\" width=\"768\" height=\"768\" src=\"https:\/\/hoyre.no\/content\/uploads\/sites\/7\/2026\/03\/Joakim-Ekseth-jakt-kvadrat-768x768.jpg\" class=\"attachment-medium_large size-medium_large\" alt=\"\" srcset=\"https:\/\/hoyre.no\/content\/uploads\/sites\/7\/2026\/03\/Joakim-Ekseth-jakt-kvadrat-768x768.jpg 768w, https:\/\/hoyre.no\/content\/uploads\/sites\/7\/2026\/03\/Joakim-Ekseth-jakt-kvadrat-300x300.jpg 300w, https:\/\/hoyre.no\/content\/uploads\/sites\/7\/2026\/03\/Joakim-Ekseth-jakt-kvadrat-1024x1024.jpg 1024w, https:\/\/hoyre.no\/content\/uploads\/sites\/7\/2026\/03\/Joakim-Ekseth-jakt-kvadrat-150x150.jpg 150w, https:\/\/hoyre.no\/content\/uploads\/sites\/7\/2026\/03\/Joakim-Ekseth-jakt-kvadrat.jpg 1080w\" sizes=\"auto, (max-width: 768px) 100vw, 768px\" \/>\t\t<\/div>\n\t\t\n\t\t\t<div class=\"teft-card__content-wrapper\">\n\t\t\t\t<div class=\"teft-card__secondary\">\n\t\t\t\t\t\n\t\t\t\t\t\t\t\t<div class=\"teft-card__meta\">\n\t\t\t\t\t\t\t\t\t<span class=\"post-date\">20. mar 2026<\/span>\n\n\t\t\t\t\t\t\t\t\t<span class=\"post-category\">Debatt<\/span>\t\t\t\t\t\t\t\t<\/div>\n\t\t\t\t\t\t\t\t\t\t\t<\/div>\n\n\t\t\t\t<div class=\"teft-card__primary\">\n\t\t\t\t\t<h2 class=\"teft-card__title\">Viltet er en ressurs, n\u00e5 og i fremtiden&nbsp;<span class=\"teft-card__primary-title-append\"><\/span><\/h2>\t\t\t\t<\/div>\n\t\t\t<\/div>\n\t\t<\/a>\n\t<\/div>\n\n\t<\/div><\/div>\t<\/div>\n<\/div>\n","protected":false},"excerpt":{"rendered":"","protected":false},"author":0,"featured_media":0,"comment_status":"closed","ping_status":"closed","sticky":false,"template":"","format":"standard","meta":{"teft_cards_image_url":"https:\/\/hoyre.no\/content\/uploads\/sites\/7\/2020\/11\/stortinget_stor.jpg","teft_cards_custom_pretitle":"","teft_cards_image_id":51,"teft_cards_image_focal_point_x":0,"teft_cards_image_focal_point_y":0,"teft_cards_title":"","teft_cards_excerpt":"","teft_show_chapters":false,"author_display_name":"","footnotes":""},"category":[1],"post_tag":[],"hoyre-visibility":[],"article-type":[],"politician":[],"class_list":["post-52","post","type-post","status-publish","format-standard","hentry","category-ukategorisert"],"yoast_head":"<!-- This site is optimized with the Yoast SEO plugin v26.6 - https:\/\/yoast.com\/wordpress\/plugins\/seo\/ -->\n<title>Innlandet H\u00f8yre vil ha flere forslag til Stortingslisten - Innlandet H\u00f8yre<\/title>\n<meta name=\"robots\" content=\"index, follow, max-snippet:-1, max-image-preview:large, max-video-preview:-1\" \/>\n<link rel=\"canonical\" href=\"https:\/\/hoyre.no\/innlandet\/aktuelt\/innlandet_hoyre_vil_ha_flere_forslag_til_stortingslisten\/\" \/>\n<meta property=\"og:locale\" content=\"nb_NO\" \/>\n<meta property=\"og:type\" content=\"article\" \/>\n<meta property=\"og:title\" content=\"Innlandet H\u00f8yre vil ha flere forslag til Stortingslisten - Innlandet H\u00f8yre\" \/>\n<meta property=\"og:url\" content=\"https:\/\/hoyre.no\/innlandet\/aktuelt\/innlandet_hoyre_vil_ha_flere_forslag_til_stortingslisten\/\" \/>\n<meta property=\"og:site_name\" content=\"Innlandet H\u00f8yre\" \/>\n<meta property=\"article:published_time\" content=\"2020-05-19T20:00:00+00:00\" \/>\n<meta property=\"og:image\" content=\"https:\/\/hoyre.no\/content\/uploads\/sites\/7\/2026\/03\/Joakim-Ekseth-jakt-kvadrat-1024x1024.jpg\" \/>\n<meta name=\"twitter:card\" content=\"summary_large_image\" \/>\n<meta name=\"twitter:label1\" content=\"Ansl. lesetid\" \/>\n\t<meta name=\"twitter:data1\" content=\"2 minutter\" \/>\n<script type=\"application\/ld+json\" class=\"yoast-schema-graph\">{\"@context\":\"https:\/\/schema.org\",\"@graph\":[{\"@type\":\"NewsArticle\",\"@id\":\"https:\/\/hoyre.no\/innlandet\/aktuelt\/innlandet_hoyre_vil_ha_flere_forslag_til_stortingslisten\/\",\"url\":\"https:\/\/hoyre.no\/innlandet\/aktuelt\/innlandet_hoyre_vil_ha_flere_forslag_til_stortingslisten\/\",\"name\":\"Innlandet H\u00f8yre vil ha flere forslag til Stortingslisten - Innlandet H\u00f8yre\",\"isPartOf\":{\"@id\":\"https:\/\/hoyre.no\/innlandet\/#website\"},\"datePublished\":\"2020-05-19T20:00:00+00:00\",\"author\":{\"@id\":\"\"},\"breadcrumb\":{\"@id\":\"https:\/\/hoyre.no\/innlandet\/aktuelt\/innlandet_hoyre_vil_ha_flere_forslag_til_stortingslisten\/#breadcrumb\"},\"inLanguage\":\"nb-NO\",\"potentialAction\":[{\"@type\":\"ReadAction\",\"target\":[\"https:\/\/hoyre.no\/innlandet\/aktuelt\/innlandet_hoyre_vil_ha_flere_forslag_til_stortingslisten\/\"]}]},{\"@type\":\"BreadcrumbList\",\"@id\":\"https:\/\/hoyre.no\/innlandet\/aktuelt\/innlandet_hoyre_vil_ha_flere_forslag_til_stortingslisten\/#breadcrumb\",\"itemListElement\":[{\"@type\":\"ListItem\",\"position\":1,\"name\":\"Til hoyre.no\",\"item\":\"https:\/\/hoyre.no\"},{\"@type\":\"ListItem\",\"position\":2,\"name\":\"Hjem\",\"item\":\"https:\/\/hoyre.no\/innlandet\/\"},{\"@type\":\"ListItem\",\"position\":3,\"name\":\"Innlandet H\u00f8yre vil ha flere forslag til Stortingslisten\"}]},{\"@type\":\"WebSite\",\"@id\":\"https:\/\/hoyre.no\/innlandet\/#website\",\"url\":\"https:\/\/hoyre.no\/innlandet\/\",\"name\":\"Innlandet H\u00f8yre\",\"description\":\"Bare enda et H\u00f8yres nettsteder-nettsted\",\"inLanguage\":\"nb-NO\"}]}<\/script>\n<!-- \/ Yoast SEO plugin. -->","yoast_head_json":{"title":"Innlandet H\u00f8yre vil ha flere forslag til Stortingslisten - Innlandet H\u00f8yre","robots":{"index":"index","follow":"follow","max-snippet":"max-snippet:-1","max-image-preview":"max-image-preview:large","max-video-preview":"max-video-preview:-1"},"canonical":"https:\/\/hoyre.no\/innlandet\/aktuelt\/innlandet_hoyre_vil_ha_flere_forslag_til_stortingslisten\/","og_locale":"nb_NO","og_type":"article","og_title":"Innlandet H\u00f8yre vil ha flere forslag til Stortingslisten - Innlandet H\u00f8yre","og_url":"https:\/\/hoyre.no\/innlandet\/aktuelt\/innlandet_hoyre_vil_ha_flere_forslag_til_stortingslisten\/","og_site_name":"Innlandet H\u00f8yre","article_published_time":"2020-05-19T20:00:00+00:00","og_image":[{"url":"https:\/\/hoyre.no\/content\/uploads\/sites\/7\/2026\/03\/Joakim-Ekseth-jakt-kvadrat-1024x1024.jpg","width":"","height":"","type":""}],"twitter_card":"summary_large_image","twitter_misc":{"Ansl. lesetid":"2 minutter"},"schema":{"@context":"https:\/\/schema.org","@graph":[{"@type":"NewsArticle","@id":"https:\/\/hoyre.no\/innlandet\/aktuelt\/innlandet_hoyre_vil_ha_flere_forslag_til_stortingslisten\/","url":"https:\/\/hoyre.no\/innlandet\/aktuelt\/innlandet_hoyre_vil_ha_flere_forslag_til_stortingslisten\/","name":"Innlandet H\u00f8yre vil ha flere forslag til Stortingslisten - Innlandet H\u00f8yre","isPartOf":{"@id":"https:\/\/hoyre.no\/innlandet\/#website"},"datePublished":"2020-05-19T20:00:00+00:00","author":{"@id":""},"breadcrumb":{"@id":"https:\/\/hoyre.no\/innlandet\/aktuelt\/innlandet_hoyre_vil_ha_flere_forslag_til_stortingslisten\/#breadcrumb"},"inLanguage":"nb-NO","potentialAction":[{"@type":"ReadAction","target":["https:\/\/hoyre.no\/innlandet\/aktuelt\/innlandet_hoyre_vil_ha_flere_forslag_til_stortingslisten\/"]}]},{"@type":"BreadcrumbList","@id":"https:\/\/hoyre.no\/innlandet\/aktuelt\/innlandet_hoyre_vil_ha_flere_forslag_til_stortingslisten\/#breadcrumb","itemListElement":[{"@type":"ListItem","position":1,"name":"Til hoyre.no","item":"https:\/\/hoyre.no"},{"@type":"ListItem","position":2,"name":"Hjem","item":"https:\/\/hoyre.no\/innlandet\/"},{"@type":"ListItem","position":3,"name":"Innlandet H\u00f8yre vil ha flere forslag til Stortingslisten"}]},{"@type":"WebSite","@id":"https:\/\/hoyre.no\/innlandet\/#website","url":"https:\/\/hoyre.no\/innlandet\/","name":"Innlandet H\u00f8yre","description":"Bare enda et H\u00f8yres nettsteder-nettsted","inLanguage":"nb-NO"}]}},"distributor_meta":false,"distributor_terms":false,"distributor_media":false,"distributor_original_site_name":"Innlandet H\u00f8yre","distributor_original_site_url":"https:\/\/hoyre.no\/innlandet","push-errors":false,"_links":{"self":[{"href":"https:\/\/hoyre.no\/innlandet\/wp-json\/wp\/v2\/posts\/52","targetHints":{"allow":["GET"]}}],"collection":[{"href":"https:\/\/hoyre.no\/innlandet\/wp-json\/wp\/v2\/posts"}],"about":[{"href":"https:\/\/hoyre.no\/innlandet\/wp-json\/wp\/v2\/types\/post"}],"replies":[{"embeddable":true,"href":"https:\/\/hoyre.no\/innlandet\/wp-json\/wp\/v2\/comments?post=52"}],"version-history":[{"count":0,"href":"https:\/\/hoyre.no\/innlandet\/wp-json\/wp\/v2\/posts\/52\/revisions"}],"wp:attachment":[{"href":"https:\/\/hoyre.no\/innlandet\/wp-json\/wp\/v2\/media?parent=52"}],"wp:term":[{"taxonomy":"category","embeddable":true,"href":"https:\/\/hoyre.no\/innlandet\/wp-json\/wp\/v2\/category?post=52"},{"taxonomy":"post_tag","embeddable":true,"href":"https:\/\/hoyre.no\/innlandet\/wp-json\/wp\/v2\/post_tag?post=52"},{"taxonomy":"hoyre-visibility","embeddable":true,"href":"https:\/\/hoyre.no\/innlandet\/wp-json\/wp\/v2\/hoyre-visibility?post=52"},{"taxonomy":"article-type","embeddable":true,"href":"https:\/\/hoyre.no\/innlandet\/wp-json\/wp\/v2\/article-type?post=52"},{"taxonomy":"politician","embeddable":true,"href":"https:\/\/hoyre.no\/innlandet\/wp-json\/wp\/v2\/politician?post=52"}],"curies":[{"name":"wp","href":"https:\/\/api.w.org\/{rel}","templated":true}]}}